{"id":6147,"date":"2025-12-18T03:29:11","date_gmt":"2025-12-18T06:29:11","guid":{"rendered":"https:\/\/impactocastex.com.ar\/?p=6147"},"modified":"2025-12-18T03:29:11","modified_gmt":"2025-12-18T06:29:11","slug":"el-interes-recaudador-y-la-opulencia-del-submundo-politico","status":"publish","type":"post","link":"https:\/\/impactocastex.com.ar\/?p=6147","title":{"rendered":"El inter\u00e9s recaudador y la opulencia del submundo pol\u00edtico"},"content":{"rendered":"<p>La primera curiosidad que despierta el debate abierto alrededor de la llegada de <b>Andr\u00e9s V\u00e1zquez<\/b> a la conducci\u00f3n de <b>ARCA<\/b>, la antigua AFIP, es la paradoja de que el \u00f3rgano de recaudaci\u00f3n del Estado inspire tanto inter\u00e9s en una fuerza anarco-libertaria como es La Libertad Avanza. Sobre todo, cuando se recuerda que para su l\u00edder, <b>Javier Milei<\/b>, \u201cel evasor es un h\u00e9roe\u201d. Es una broma. <\/p>\n<p>La designaci\u00f3n de V\u00e1zquez al frente de ese organismo cobija una infinidad de significados. El m\u00e1s evidente es que Milei blanque\u00f3 una situaci\u00f3n preexistente. V\u00e1zquez viene comandando ARCA desde que fue designado al frente de la DGI. Su superior,<b> Juan Pazo<\/b>, nunca tuvo autoridad sobre \u00e9l. Como en muchas otras \u00e1reas, Milei estableci\u00f3 all\u00ed una l\u00ednea de mando heterodoxa: V\u00e1zquez disfruta de una gran autonom\u00eda operativa, mientras recibe orientaci\u00f3n pol\u00edtica del sagaz <b>Manuel Vidal<\/b> y, un escal\u00f3n m\u00e1s arriba, de <b>Santiago Caputo<\/b>, el \u201cMago del Kremlin\u201d. Ni Vidal ni Caputo son funcionarios p\u00fablicos. Estas excentricidades en la organizaci\u00f3n del poder estuvieron entre las motivaciones principales de la salida de Pazo. Sent\u00eda que, como m\u00e1ximo responsable de ARCA, estaba \u201cpintado\u201d.<\/p>\n<p>Llama la atenci\u00f3n que el ministro, <b>Luis \u201cToto\u201d Caputo<\/b>, de quien depende esa agencia, no haya pretendido reemplazar a su amigo Pazo por otra persona de su confianza. Es verdad que Caputo est\u00e1 bastante subordinado al mando de su primo segundo Santiago. Qued\u00f3 demostrado con el desembarco de Franco Sim\u00f3n, una especie de interventor de la eficient\u00edsima <b>Mar\u00eda Ibarz\u00e1bal<\/b>, la secretaria de Legal y T\u00e9cnica del Presidente, que es uno de los principales engranajes de la maquinaria del \u201cMago\u201d. <\/p>\n<p>Con la salida del director de ARCA, Luis Caputo pierde a otro integrante de su equipo. Ya se le fue <b>Pablo Quirno<\/b>, una figura crucial de su entorno, para ocupar la Canciller\u00eda. Y el talentoso<b> Jos\u00e9 Luis Daza<\/b> podr\u00eda convertirse en Ministro de Econom\u00eda de<b> Jos\u00e9 Antonio Kast<\/b>, el presidente electo de Chile. La novedad se conoci\u00f3 mientras Daza acompa\u00f1aba a Caputo en una entrevista con <b>Daniel Parisini<\/b>, \u201cGordo Dan\u201d, quien introdujo esa informaci\u00f3n en el di\u00e1logo. Daza qued\u00f3 desconcertado, pero super\u00f3 el mal momento con su proverbial simpat\u00eda. Aprovech\u00f3 para agradecer la posibilidad de integrar el gobierno de Milei. Pero la filtraci\u00f3n del dato sobre la eventualidad de que se sume al equipo de Kast no fue el mejor gesto que recibi\u00f3 de sus compa\u00f1eros de trabajo. <\/p>\n<p>V\u00e1zquez lleg\u00f3 a la conducci\u00f3n de la DGI por recomendaci\u00f3n de <b>Leonardo Scatturice<\/b>. Es el hombre de negocios que salt\u00f3 a la fama cuando su colaboradora Laura Bel\u00e9n Arrieta desembarc\u00f3 de un avi\u00f3n suyo en Aeroparque haciendo pasar varias valijas sin control alguno de la Aduana. Antes de disfrutar de ese privilegio, Arrieta hizo que una agente de esa repartici\u00f3n se comunicara a trav\u00e9s de un celular con alguien cuya identidad el juez <b>Pablo Yadarola<\/b> todav\u00eda no pudo detectar. El eslab\u00f3n que une a Scatturice con el Gobierno es \u201cManu\u201d Vidal. A trav\u00e9s de \u00e9l lleg\u00f3 al menor de los Caputo. Radicado en Miami, este empresario ha realizado envidiables negocios tecnol\u00f3gicos en el \u00e1rea de Educaci\u00f3n. Su agencia de lobbying, Tactic Global, a la que pertenece <b>Barry Bennet<\/b>, un integrante del equipo de campa\u00f1a de <b>Donald Trump<\/b> de 2016, fue contratada por la SIDE. <\/p>\n<p>Scatturice compr\u00f3 la deficitaria l\u00ednea a\u00e9rea <b>Flybondi<\/b> y, a trav\u00e9s de su fondo COC Global Entreprise, acaba de adquirir el paquete mayoritario de la empresa de<b> correo privado OCA<\/b>. Esta \u00faltima operaci\u00f3n tal vez coloque a V\u00e1zquez frente a un dilema afectivo. Porque OCA tiene una deuda con ARCA que algunos expertos calculan en casi 200 millones de d\u00f3lares. El due\u00f1o de OCA fue hasta ahora <b>Claudio Espinosa<\/b>, titular de Flecha Log. \u00bfScatturice tambi\u00e9n compr\u00f3 o se asoci\u00f3 a esta otra compa\u00f1\u00eda? La pregunta es relevante porque el Correo Argentino ha tercerizado en Flecha Log buena parte de su operaci\u00f3n, lo que dio lugar em 2022 a una denuncia del entonces diputado nacional <b>Pedro Galimberti<\/b> (UCR). Si Scatturice termina operando Flecha Log tendr\u00e1 acceso a un negocio de enorme sensibilidad pol\u00edtica: la log\u00edstica del proceso electoral. \u201cManu\u201d y \u201cMago\u201d, de fiesta.<\/p>\n<p>La promoci\u00f3n de V\u00e1zquez a la c\u00faspide de ARCA pone de nuevo de manifiesto un criterio de Milei para el dise\u00f1o de su equipo. \u00c9l mantiene sin alteraciones el reparto de competencias entre su asesor Caputo y su hermana, la decisiva Karina. Cuando hubo que reemplazar en la SIDE a <b>Sergio Neiffert<\/b>, quien revistaba en las filas de Caputo, el sucesor fue alguien de la misma escuder\u00eda: <b>Cristian Auguadra<\/b>, contador del \u201cMago\u201d. Para sustituir al frente del Banco Naci\u00f3n a<b> Daniel Tillard<\/b>, un resabio del equipo de <b>Guillermo Francos<\/b>, elev\u00f3 al vicepresidente, <b>Dar\u00edo Wasserman<\/b>, que milita en las filas de <b>Karina Milei<\/b>, supervisora pol\u00edtica de esa casa. Wasserman es el esposo de<b> Pilar Ram\u00edrez<\/b>, ojos y o\u00eddos de la secretaria general de la Presidencia en el ajedrez porte\u00f1o.<\/p>\n<p>Estas jugadas presidenciales van en sentido contrario de lo que preve\u00edan antes de las elecciones parlamentarias observadores tan calificados como el secretario del Tesoro de los Estados Unidos, <b>Scott Bessent<\/b>, cuando dijo que \u201cMilei va a ampliar su coalici\u00f3n\u201d. No ocurri\u00f3. Al rev\u00e9s, est\u00e1 configurando un elenco m\u00e1s replegado sobre s\u00ed mismo, en el que la m\u00e1xima virtud que se exige es la lealtad. El paso adelante de V\u00e1zquez debe ser le\u00eddo a la luz de esta propensi\u00f3n. Al colocarlo al frente de ARCA, Milei est\u00e1 premiando a V\u00e1zquez por su batalla contra<b> Claudio \u201cChiqui\u201d Tapia<\/b> y <b>Pablo Toviggino<\/b> en el desaguisado de la AFA. La investigaci\u00f3n sobre la \u201ccueva\u201d de <b>Ariel Vallejo<\/b>, que avanz\u00f3 hacia la corporaci\u00f3n del f\u00fatbol, estuvo a cargo del nuevo jefe de ARCA.<\/p>\n<p>La investigaci\u00f3n judicial ha puesto contra las cuerdas a la principal dirigencia de ese deporte. La fiscal federal de Lomas de Zamora, <b>Cecilia Incardona<\/b>, supone que la AFA se sirvi\u00f3 de entidades como <b>Sur Finanzas<\/b> para avasallar a muchas instituciones deportivas y, a la vez, para que sus dirigentes reciban retornos de las transferencias por contratos de auspicios publicitarios o de los ingresos por los derechos de televisaci\u00f3n de los partidos. El m\u00e9todo que se hab\u00eda descubierto hace un par de a\u00f1os en la relaci\u00f3n entre AFA, Sur Finanzas y el club Banfield, se habr\u00eda reproducido en, por lo menos, 18 clubes. Entre ellos est\u00e1n Racing, Independiente, San Lorenzo, Argentinos Jr., Platense y, como era de esperar, Barracas Central, la organizaci\u00f3n de Tapia, y Deportivo Armenio, del abnegado secanucas <b>Luciano Nakis<\/b>. <\/p>\n<p>La investigaci\u00f3n de Incardona forma parte de una causa que est\u00e1 en manos del juez <b>Luis Armella<\/b>. El colega de Armella en Lomas de Zamora, el controvertido<b> Federico Villena<\/b>, reclama el expediente para s\u00ed con sospechosa ansiedad. Debe decidir el camarista federal platense <b>Jorge Di Lorenzo<\/b>. Tambi\u00e9n hubo una controversia con la pesquisa que dirig\u00eda el juez federal <b>Daniel Rafecas<\/b> y que pas\u00f3 al juzgado Penal Econ\u00f3mico de <b>Marcelo Aguinsky<\/b>. Rafecas tuvo que dejar el caso horas despu\u00e9s de haber dispuesto un allanamiento sobre la mansi\u00f3n del tesorero de la AFA, Pablo Toviggino. Fue por esa medida que se conoci\u00f3 la extensa flota de autom\u00f3viles de lujo de ese dirigente. Aunque algunos coleccionistas tradicionales afirman que el plantel del pretencioso Toviggino es demasiado desparejo: <b>\u201cSi se mira bien la lista, aparece mucho cascajo\u201d<\/b>, dice uno de ellos, ofensivo. Quienes iniciaron la denuncia, <b>Facundo Del Gaiso y Mat\u00edas Yofe<\/b>, de la Coalici\u00f3n C\u00edvica, siguieron aportando pruebas sobre el delirante patrimonio del tesorero de Tapia, pero reclamaron que la investigaci\u00f3n vuelve a Rafecas.<\/p>\n<p>La judicializaci\u00f3n de la administraci\u00f3n de la AFA pone en apuros a infinidad de magistrados que forman parte de esa organizaci\u00f3n, integrando<b> tribunales de \u00e9tica o de disciplina<\/b>. \u00bfNo habr\u00e1 llegado la hora de que, renunciando a algunas canonj\u00edas, se alejen de ese lodazal?<\/p>\n<p>La saludable curiosidad de la DGI y de los magistrados sobre los manejos de fondos en la AFA est\u00e1 desatando un fen\u00f3meno inquietante. Una especie de deshielo informativo sobre la opulencia de ese submundo, provocado por un factor elemental: la sensaci\u00f3n de impunidad de los dirigentes que rodean a Tapia y Toviggino, y de ellos mismos, ha sido tan acentuada, que el ambiente futbol\u00edstico y pol\u00edtico, que funcionan superpuestos, est\u00e1n plagados de pormenores muy poco edificantes. Son informaciones veros\u00edmiles, que todav\u00eda no han sido probadas. Por ejemplo, que <b>\u201cChiqui\u201d Tapia habr\u00eda invertido una fortuna en la compra de un yate<\/b>. Otro enigma: \u00bfde qui\u00e9n es el Gulfstream G400, radicado en San Marino, en el que viaja todo el tiempo? Lo opera el legendario Gustavo Carmona, alter ego de <b>Daniel Scioli<\/b>, con su empresa Flyzar. M\u00e1s especulaciones: que al final del mundial de Catar se produjo un ins\u00f3lito traslado de caudales a trav\u00e9s del Atl\u00e1ntico. Ser\u00eda el resultado de la reventa de las entradas asignadas por la FIFA a la AFA. Las versiones afirman que se trat\u00f3 de, por lo menos, 12 millones de d\u00f3lares. Ante la dificultad de sacarlos de ese emirato habr\u00edan pedido los auxilios de un argentino con <b>excelente v\u00ednculo con los Al Thani,<\/b> la familia gobernante. Pero ese gestor quiso cobrar un mill\u00f3n de d\u00f3lares por lo riesgosa que juzg\u00f3 la operaci\u00f3n. Nadie explica c\u00f3mo fue, pero el bot\u00edn habr\u00eda llegado a Miami para estacionarse por un tiempo en un departamento particular. \u00bfEra la casa de la diputada <b>Marcela Faroni<\/b>, la hermana de Javier? Habladur\u00edas. Los Faroni son militantes del Frente Renovador cercan\u00edsimos a<b> Sergio Massa<\/b>. Se especializan en venta de tickets para espect\u00e1culos deportivos desde que Tapia cedi\u00f3 ese negocio de la AFA a la empresa Deportick.<\/p>\n<p>El tr\u00e1fico de dinero en los Estados Unidos puede convertirse en un problema. Sobre todo, si son ciertas algunas hip\u00f3tesis que algunos dirigentes dan por certificadas. Todo empieza con la apertura de una sede de la AFA en 128 NW 28th Street de Miami, para servir de base a una instituci\u00f3n que no tiene actividad en ese pa\u00eds. Sol\u00edcitos, <b>Jos\u00e9 Luis Manzano y Daniel Vila<\/b> estuvieron a punto de abrir un Rold\u00e1n cerca de esas oficinas. Massa, que adora la ciudad, tendr\u00eda en ese restaurante un segundo hogar. Todo en Wynwood, el barrio vanguardista al que acuden los amantes de las artes pl\u00e1sticas. El entorno exacto para que \u201cChiqui\u201d se pasee, con ese estilo fashion crime que tanto le agrada, de saco turquesa y zapatillas blancas.<\/p>\n<p>En Washington existe inter\u00e9s por estas fechor\u00edas pecuniarias. No s\u00f3lo por Tapia. Tambi\u00e9n por Toviggino y su supuesto socio, el exgobernador y ahora senador por Santiago del Estero, <b>Gerardo Zamora<\/b>. A Zamora se lo tiene en cuenta a partir de informes sobre la expansi\u00f3n del narcotr\u00e1fico en su provincia. Ahora aparecen otras preguntas: \u00bfTapia, Toviggino, o ambos, abrieron cuentas en Delaware? En el entorno de Milei interesa esta informaci\u00f3n por si las causas radicadas en tribunales argentinos se empantanan. Ya hubo antecedentes: cuando terminaba diciembre de 2021, fecha proclive a los jubileos, Tapia fue sobrese\u00eddo en un caso por administraci\u00f3n fraudulenta y lavado de dinero en la gesti\u00f3n de contratos de la AFA con sociedades prestadoras de servicios. El fiscal que, como de costumbre, pidi\u00f3 la absoluci\u00f3n despu\u00e9s de \u201cinvestigar\u201d, fue <b>Eduardo Taiano<\/b>. Y el juez que le hizo caso,<b> Ariel Lijo<\/b>.<\/p>\n<p>En los Estados Unidos el terreno es m\u00e1s peligroso para la conducci\u00f3n de la AFA. Con un solo gesto que Trump realice por pedido de Milei, Tapia y Toviggino podr\u00edan estar en problemas. Sobre todo, porque <b>Gianni Infantino<\/b>, el l\u00edder de la FIFA, ha establecido un v\u00ednculo estrech\u00edsimo con el presidente de los Estados Unidos, a quien acaba de condecorar con un \u201cPremio de la Paz\u201d otorgado por su federaci\u00f3n.<\/p>\n<p>Para Milei el conflicto con Tapia y Toviggino es un objetivo principal. \u00bfSe debe a que el mayor esc\u00e1ndalo de corrupci\u00f3n que enfrent\u00f3 hasta ahora, la ventilaci\u00f3n de los audios de <b>Diego Spagnuolo<\/b> afirmando que su hermana Karina cobrar\u00eda coimas por contratos de compra de medicamentos para discapacitados, se produjo en la plataforma Carnaval? Ese medio se le atribuye a Zamora y a Toviggino. <\/p>\n<p>Hay un indicio de esta prioridad: la cruzada contra la AFA tiene como principal abanderada a<b> Patricia Bullrich<\/b>. La senadora no s\u00f3lo cuenta con la confianza de los Milei. Tambi\u00e9n ha demostrado a lo largo de los a\u00f1os tener un olfato hipersensible para identificar las obsesiones de sus jefes. Bullrich se enfrent\u00f3 a Toviggino, quien le contest\u00f3 aludiendo a <b>Tostado, la cadena de confiter\u00edas que, al parecer, gestiona su hijo<\/b>. Como parte de esta controversia Bullrich ya recibi\u00f3 una denuncia penal por lavado de activos y asociaci\u00f3n il\u00edcita. Se la inici\u00f3 el combativo <b>Gregorio Dalb\u00f3n<\/b>. Es el abogado de <b>Cristina Kirchner<\/b>. La senadora no podr\u00eda pedir algo m\u00e1s dise\u00f1ado a su medida.<\/p>\n<p>El protagonismo de Bullrich revela los intereses de la Casa Rosada. Y tambi\u00e9n explica por qu\u00e9 Andr\u00e9s V\u00e1zquez ha sido promovido: <b>Milei est\u00e1 en guerra<\/b>.<\/p>\n<p>\u200bEl protagonismo de Patricia Bullrich revela los intereses de la Casa Rosada; explica tambi\u00e9n por qu\u00e9 Andr\u00e9s V\u00e1zquez ha sido promovido: Milei est\u00e1 en guerra\u00a0\u00a0<\/p>","protected":false},"excerpt":{"rendered":"<p>La primera curiosidad que despierta el debate abierto alrededor de la llegada de Andr\u00e9s V\u00e1zquez&#8230;<\/p>\n","protected":false},"author":1,"featured_media":6148,"comment_status":"closed","ping_status":"closed","sticky":false,"template":"","format":"standard","meta":{"_jetpack_memberships_contains_paid_content":false,"footnotes":"","jetpack_publicize_message":"","jetpack_publicize_feature_enabled":true,"jetpack_social_post_already_shared":true,"jetpack_social_options":{"image_generator_settings":{"template":"highway","default_image_id":0,"font":"","enabled":false},"version":2}},"categories":[89],"tags":[],"class_list":["post-6147","post","type-post","status-publish","format-standard","has-post-thumbnail","hentry","category-nacionales"],"yoast_head":"<!-- This site is optimized with the Yoast SEO plugin v27.4 - https:\/\/yoast.com\/product\/yoast-seo-wordpress\/ -->\n<title>El inter\u00e9s recaudador y la opulencia del submundo pol\u00edtico -<\/title>\n<meta name=\"robots\" content=\"index, follow, max-snippet:-1, max-image-preview:large, max-video-preview:-1\" \/>\n<link rel=\"canonical\" href=\"https:\/\/impactocastex.com.ar\/?p=6147\" \/>\n<meta property=\"og:locale\" content=\"es_ES\" \/>\n<meta property=\"og:type\" content=\"article\" \/>\n<meta property=\"og:title\" content=\"El inter\u00e9s recaudador y la opulencia del submundo pol\u00edtico -\" \/>\n<meta property=\"og:description\" content=\"La primera curiosidad que despierta el debate abierto alrededor de la llegada de Andr\u00e9s V\u00e1zquez...\" \/>\n<meta property=\"og:url\" content=\"https:\/\/impactocastex.com.ar\/?p=6147\" \/>\n<meta property=\"article:publisher\" content=\"https:\/\/www.facebook.com\/impactocastexdiario\" \/>\n<meta property=\"article:published_time\" content=\"2025-12-18T06:29:11+00:00\" \/>\n<meta name=\"author\" content=\"impactocastex\" \/>\n<meta name=\"twitter:card\" content=\"summary_large_image\" \/>\n<meta name=\"twitter:label1\" content=\"Escrito por\" \/>\n\t<meta name=\"twitter:data1\" content=\"impactocastex\" \/>\n\t<meta name=\"twitter:label2\" content=\"Tiempo de lectura\" \/>\n\t<meta name=\"twitter:data2\" content=\"12 minutos\" \/>\n<script type=\"application\/ld+json\" class=\"yoast-schema-graph\">{\"@context\":\"https:\\\/\\\/schema.org\",\"@graph\":[{\"@type\":\"Article\",\"@id\":\"https:\\\/\\\/impactocastex.com.ar\\\/?p=6147#article\",\"isPartOf\":{\"@id\":\"https:\\\/\\\/impactocastex.com.ar\\\/?p=6147\"},\"author\":{\"name\":\"impactocastex\",\"@id\":\"https:\\\/\\\/impactocastex.com.ar\\\/#\\\/schema\\\/person\\\/86cb4f827fb5f87869a239b98a69c6e3\"},\"headline\":\"El inter\u00e9s recaudador y la opulencia del submundo pol\u00edtico\",\"datePublished\":\"2025-12-18T06:29:11+00:00\",\"mainEntityOfPage\":{\"@id\":\"https:\\\/\\\/impactocastex.com.ar\\\/?p=6147\"},\"wordCount\":2320,\"publisher\":{\"@id\":\"https:\\\/\\\/impactocastex.com.ar\\\/#organization\"},\"image\":{\"@id\":\"https:\\\/\\\/impactocastex.com.ar\\\/?p=6147#primaryimage\"},\"thumbnailUrl\":\"https:\\\/\\\/impactocastex.com.ar\\\/wp-content\\\/uploads\\\/2025\\\/12\\\/MX56CLIDIBEOBOOFJA64G73JWI-0oz41d.jpg\",\"articleSection\":[\"NACIONALES\"],\"inLanguage\":\"es\"},{\"@type\":\"WebPage\",\"@id\":\"https:\\\/\\\/impactocastex.com.ar\\\/?p=6147\",\"url\":\"https:\\\/\\\/impactocastex.com.ar\\\/?p=6147\",\"name\":\"El inter\u00e9s recaudador y la opulencia del submundo pol\u00edtico -\",\"isPartOf\":{\"@id\":\"https:\\\/\\\/impactocastex.com.ar\\\/#website\"},\"primaryImageOfPage\":{\"@id\":\"https:\\\/\\\/impactocastex.com.ar\\\/?p=6147#primaryimage\"},\"image\":{\"@id\":\"https:\\\/\\\/impactocastex.com.ar\\\/?p=6147#primaryimage\"},\"thumbnailUrl\":\"https:\\\/\\\/impactocastex.com.ar\\\/wp-content\\\/uploads\\\/2025\\\/12\\\/MX56CLIDIBEOBOOFJA64G73JWI-0oz41d.jpg\",\"datePublished\":\"2025-12-18T06:29:11+00:00\",\"breadcrumb\":{\"@id\":\"https:\\\/\\\/impactocastex.com.ar\\\/?p=6147#breadcrumb\"},\"inLanguage\":\"es\",\"potentialAction\":[{\"@type\":\"ReadAction\",\"target\":[\"https:\\\/\\\/impactocastex.com.ar\\\/?p=6147\"]}]},{\"@type\":\"ImageObject\",\"inLanguage\":\"es\",\"@id\":\"https:\\\/\\\/impactocastex.com.ar\\\/?p=6147#primaryimage\",\"url\":\"https:\\\/\\\/impactocastex.com.ar\\\/wp-content\\\/uploads\\\/2025\\\/12\\\/MX56CLIDIBEOBOOFJA64G73JWI-0oz41d.jpg\",\"contentUrl\":\"https:\\\/\\\/impactocastex.com.ar\\\/wp-content\\\/uploads\\\/2025\\\/12\\\/MX56CLIDIBEOBOOFJA64G73JWI-0oz41d.jpg\",\"width\":2000,\"height\":1333},{\"@type\":\"BreadcrumbList\",\"@id\":\"https:\\\/\\\/impactocastex.com.ar\\\/?p=6147#breadcrumb\",\"itemListElement\":[{\"@type\":\"ListItem\",\"position\":1,\"name\":\"Portada\",\"item\":\"https:\\\/\\\/impactocastex.com.ar\\\/\"},{\"@type\":\"ListItem\",\"position\":2,\"name\":\"El inter\u00e9s recaudador y la opulencia del submundo pol\u00edtico\"}]},{\"@type\":\"WebSite\",\"@id\":\"https:\\\/\\\/impactocastex.com.ar\\\/#website\",\"url\":\"https:\\\/\\\/impactocastex.com.ar\\\/\",\"name\":\"Impacto Castex\",\"description\":\"\",\"publisher\":{\"@id\":\"https:\\\/\\\/impactocastex.com.ar\\\/#organization\"},\"potentialAction\":[{\"@type\":\"SearchAction\",\"target\":{\"@type\":\"EntryPoint\",\"urlTemplate\":\"https:\\\/\\\/impactocastex.com.ar\\\/?s={search_term_string}\"},\"query-input\":{\"@type\":\"PropertyValueSpecification\",\"valueRequired\":true,\"valueName\":\"search_term_string\"}}],\"inLanguage\":\"es\"},{\"@type\":\"Organization\",\"@id\":\"https:\\\/\\\/impactocastex.com.ar\\\/#organization\",\"name\":\"Impacto Castex\",\"url\":\"https:\\\/\\\/impactocastex.com.ar\\\/\",\"logo\":{\"@type\":\"ImageObject\",\"inLanguage\":\"es\",\"@id\":\"https:\\\/\\\/impactocastex.com.ar\\\/#\\\/schema\\\/logo\\\/image\\\/\",\"url\":\"https:\\\/\\\/impactocastex.com.ar\\\/wp-content\\\/uploads\\\/2025\\\/09\\\/cropped-icoweb.png\",\"contentUrl\":\"https:\\\/\\\/impactocastex.com.ar\\\/wp-content\\\/uploads\\\/2025\\\/09\\\/cropped-icoweb.png\",\"width\":512,\"height\":512,\"caption\":\"Impacto Castex\"},\"image\":{\"@id\":\"https:\\\/\\\/impactocastex.com.ar\\\/#\\\/schema\\\/logo\\\/image\\\/\"},\"sameAs\":[\"https:\\\/\\\/www.facebook.com\\\/impactocastexdiario\",\"https:\\\/\\\/www.instagram.com\\\/impactocastex.com.ar\\\/\"]},{\"@type\":\"Person\",\"@id\":\"https:\\\/\\\/impactocastex.com.ar\\\/#\\\/schema\\\/person\\\/86cb4f827fb5f87869a239b98a69c6e3\",\"name\":\"impactocastex\",\"image\":{\"@type\":\"ImageObject\",\"inLanguage\":\"es\",\"@id\":\"https:\\\/\\\/secure.gravatar.com\\\/avatar\\\/9a87ee051ca8c77f5d4070843ce2c78cdf95b858b950fb039151de955122f5f5?s=96&d=mm&r=g\",\"url\":\"https:\\\/\\\/secure.gravatar.com\\\/avatar\\\/9a87ee051ca8c77f5d4070843ce2c78cdf95b858b950fb039151de955122f5f5?s=96&d=mm&r=g\",\"contentUrl\":\"https:\\\/\\\/secure.gravatar.com\\\/avatar\\\/9a87ee051ca8c77f5d4070843ce2c78cdf95b858b950fb039151de955122f5f5?s=96&d=mm&r=g\",\"caption\":\"impactocastex\"},\"sameAs\":[\"https:\\\/\\\/impactocastex.com.ar\"],\"url\":\"https:\\\/\\\/impactocastex.com.ar\\\/?author=1\"}]}<\/script>\n<!-- \/ Yoast SEO plugin. -->","yoast_head_json":{"title":"El inter\u00e9s recaudador y la opulencia del submundo pol\u00edtico -","robots":{"index":"index","follow":"follow","max-snippet":"max-snippet:-1","max-image-preview":"max-image-preview:large","max-video-preview":"max-video-preview:-1"},"canonical":"https:\/\/impactocastex.com.ar\/?p=6147","og_locale":"es_ES","og_type":"article","og_title":"El inter\u00e9s recaudador y la opulencia del submundo pol\u00edtico -","og_description":"La primera curiosidad que despierta el debate abierto alrededor de la llegada de Andr\u00e9s V\u00e1zquez...","og_url":"https:\/\/impactocastex.com.ar\/?p=6147","article_publisher":"https:\/\/www.facebook.com\/impactocastexdiario","article_published_time":"2025-12-18T06:29:11+00:00","author":"impactocastex","twitter_card":"summary_large_image","twitter_misc":{"Escrito por":"impactocastex","Tiempo de lectura":"12 minutos"},"schema":{"@context":"https:\/\/schema.org","@graph":[{"@type":"Article","@id":"https:\/\/impactocastex.com.ar\/?p=6147#article","isPartOf":{"@id":"https:\/\/impactocastex.com.ar\/?p=6147"},"author":{"name":"impactocastex","@id":"https:\/\/impactocastex.com.ar\/#\/schema\/person\/86cb4f827fb5f87869a239b98a69c6e3"},"headline":"El inter\u00e9s recaudador y la opulencia del submundo pol\u00edtico","datePublished":"2025-12-18T06:29:11+00:00","mainEntityOfPage":{"@id":"https:\/\/impactocastex.com.ar\/?p=6147"},"wordCount":2320,"publisher":{"@id":"https:\/\/impactocastex.com.ar\/#organization"},"image":{"@id":"https:\/\/impactocastex.com.ar\/?p=6147#primaryimage"},"thumbnailUrl":"https:\/\/impactocastex.com.ar\/wp-content\/uploads\/2025\/12\/MX56CLIDIBEOBOOFJA64G73JWI-0oz41d.jpg","articleSection":["NACIONALES"],"inLanguage":"es"},{"@type":"WebPage","@id":"https:\/\/impactocastex.com.ar\/?p=6147","url":"https:\/\/impactocastex.com.ar\/?p=6147","name":"El inter\u00e9s recaudador y la opulencia del submundo pol\u00edtico -","isPartOf":{"@id":"https:\/\/impactocastex.com.ar\/#website"},"primaryImageOfPage":{"@id":"https:\/\/impactocastex.com.ar\/?p=6147#primaryimage"},"image":{"@id":"https:\/\/impactocastex.com.ar\/?p=6147#primaryimage"},"thumbnailUrl":"https:\/\/impactocastex.com.ar\/wp-content\/uploads\/2025\/12\/MX56CLIDIBEOBOOFJA64G73JWI-0oz41d.jpg","datePublished":"2025-12-18T06:29:11+00:00","breadcrumb":{"@id":"https:\/\/impactocastex.com.ar\/?p=6147#breadcrumb"},"inLanguage":"es","potentialAction":[{"@type":"ReadAction","target":["https:\/\/impactocastex.com.ar\/?p=6147"]}]},{"@type":"ImageObject","inLanguage":"es","@id":"https:\/\/impactocastex.com.ar\/?p=6147#primaryimage","url":"https:\/\/impactocastex.com.ar\/wp-content\/uploads\/2025\/12\/MX56CLIDIBEOBOOFJA64G73JWI-0oz41d.jpg","contentUrl":"https:\/\/impactocastex.com.ar\/wp-content\/uploads\/2025\/12\/MX56CLIDIBEOBOOFJA64G73JWI-0oz41d.jpg","width":2000,"height":1333},{"@type":"BreadcrumbList","@id":"https:\/\/impactocastex.com.ar\/?p=6147#breadcrumb","itemListElement":[{"@type":"ListItem","position":1,"name":"Portada","item":"https:\/\/impactocastex.com.ar\/"},{"@type":"ListItem","position":2,"name":"El inter\u00e9s recaudador y la opulencia del submundo pol\u00edtico"}]},{"@type":"WebSite","@id":"https:\/\/impactocastex.com.ar\/#website","url":"https:\/\/impactocastex.com.ar\/","name":"Impacto Castex","description":"","publisher":{"@id":"https:\/\/impactocastex.com.ar\/#organization"},"potentialAction":[{"@type":"SearchAction","target":{"@type":"EntryPoint","urlTemplate":"https:\/\/impactocastex.com.ar\/?s={search_term_string}"},"query-input":{"@type":"PropertyValueSpecification","valueRequired":true,"valueName":"search_term_string"}}],"inLanguage":"es"},{"@type":"Organization","@id":"https:\/\/impactocastex.com.ar\/#organization","name":"Impacto Castex","url":"https:\/\/impactocastex.com.ar\/","logo":{"@type":"ImageObject","inLanguage":"es","@id":"https:\/\/impactocastex.com.ar\/#\/schema\/logo\/image\/","url":"https:\/\/impactocastex.com.ar\/wp-content\/uploads\/2025\/09\/cropped-icoweb.png","contentUrl":"https:\/\/impactocastex.com.ar\/wp-content\/uploads\/2025\/09\/cropped-icoweb.png","width":512,"height":512,"caption":"Impacto Castex"},"image":{"@id":"https:\/\/impactocastex.com.ar\/#\/schema\/logo\/image\/"},"sameAs":["https:\/\/www.facebook.com\/impactocastexdiario","https:\/\/www.instagram.com\/impactocastex.com.ar\/"]},{"@type":"Person","@id":"https:\/\/impactocastex.com.ar\/#\/schema\/person\/86cb4f827fb5f87869a239b98a69c6e3","name":"impactocastex","image":{"@type":"ImageObject","inLanguage":"es","@id":"https:\/\/secure.gravatar.com\/avatar\/9a87ee051ca8c77f5d4070843ce2c78cdf95b858b950fb039151de955122f5f5?s=96&d=mm&r=g","url":"https:\/\/secure.gravatar.com\/avatar\/9a87ee051ca8c77f5d4070843ce2c78cdf95b858b950fb039151de955122f5f5?s=96&d=mm&r=g","contentUrl":"https:\/\/secure.gravatar.com\/avatar\/9a87ee051ca8c77f5d4070843ce2c78cdf95b858b950fb039151de955122f5f5?s=96&d=mm&r=g","caption":"impactocastex"},"sameAs":["https:\/\/impactocastex.com.ar"],"url":"https:\/\/impactocastex.com.ar\/?author=1"}]}},"jetpack_publicize_connections":[],"featured_image_urls":{"full":["https:\/\/impactocastex.com.ar\/wp-content\/uploads\/2025\/12\/MX56CLIDIBEOBOOFJA64G73JWI-0oz41d.jpg",2000,1333,false],"thumbnail":["https:\/\/impactocastex.com.ar\/wp-content\/uploads\/2025\/12\/MX56CLIDIBEOBOOFJA64G73JWI-0oz41d-150x150.jpg",150,150,true],"medium":["https:\/\/impactocastex.com.ar\/wp-content\/uploads\/2025\/12\/MX56CLIDIBEOBOOFJA64G73JWI-0oz41d-300x200.jpg",300,200,true],"medium_large":["https:\/\/impactocastex.com.ar\/wp-content\/uploads\/2025\/12\/MX56CLIDIBEOBOOFJA64G73JWI-0oz41d-768x512.jpg",640,427,true],"large":["https:\/\/impactocastex.com.ar\/wp-content\/uploads\/2025\/12\/MX56CLIDIBEOBOOFJA64G73JWI-0oz41d-1024x682.jpg",640,426,true],"1536x1536":["https:\/\/impactocastex.com.ar\/wp-content\/uploads\/2025\/12\/MX56CLIDIBEOBOOFJA64G73JWI-0oz41d-1536x1024.jpg",1536,1024,true],"2048x2048":["https:\/\/impactocastex.com.ar\/wp-content\/uploads\/2025\/12\/MX56CLIDIBEOBOOFJA64G73JWI-0oz41d.jpg",2000,1333,false],"newsever-slider-full":["https:\/\/impactocastex.com.ar\/wp-content\/uploads\/2025\/12\/MX56CLIDIBEOBOOFJA64G73JWI-0oz41d-1280x845.jpg",1280,845,true],"newsever-featured":["https:\/\/impactocastex.com.ar\/wp-content\/uploads\/2025\/12\/MX56CLIDIBEOBOOFJA64G73JWI-0oz41d-1024x682.jpg",1024,682,true],"newsever-medium":["https:\/\/impactocastex.com.ar\/wp-content\/uploads\/2025\/12\/MX56CLIDIBEOBOOFJA64G73JWI-0oz41d-720x475.jpg",720,475,true]},"author_info":{"info":["impactocastex"]},"category_info":"<a href=\"https:\/\/impactocastex.com.ar\/?cat=89\" rel=\"category\">NACIONALES<\/a>","tag_info":"NACIONALES","comment_count":0,"jetpack_featured_media_url":"https:\/\/impactocastex.com.ar\/wp-content\/uploads\/2025\/12\/MX56CLIDIBEOBOOFJA64G73JWI-0oz41d.jpg","jetpack_sharing_enabled":true,"jetpack_likes_enabled":true,"jetpack_shortlink":"https:\/\/wp.me\/p7sopA-1B9","_links":{"self":[{"href":"https:\/\/impactocastex.com.ar\/index.php?rest_route=\/wp\/v2\/posts\/6147","targetHints":{"allow":["GET"]}}],"collection":[{"href":"https:\/\/impactocastex.com.ar\/index.php?rest_route=\/wp\/v2\/posts"}],"about":[{"href":"https:\/\/impactocastex.com.ar\/index.php?rest_route=\/wp\/v2\/types\/post"}],"author":[{"embeddable":true,"href":"https:\/\/impactocastex.com.ar\/index.php?rest_route=\/wp\/v2\/users\/1"}],"replies":[{"embeddable":true,"href":"https:\/\/impactocastex.com.ar\/index.php?rest_route=%2Fwp%2Fv2%2Fcomments&post=6147"}],"version-history":[{"count":0,"href":"https:\/\/impactocastex.com.ar\/index.php?rest_route=\/wp\/v2\/posts\/6147\/revisions"}],"wp:featuredmedia":[{"embeddable":true,"href":"https:\/\/impactocastex.com.ar\/index.php?rest_route=\/wp\/v2\/media\/6148"}],"wp:attachment":[{"href":"https:\/\/impactocastex.com.ar\/index.php?rest_route=%2Fwp%2Fv2%2Fmedia&parent=6147"}],"wp:term":[{"taxonomy":"category","embeddable":true,"href":"https:\/\/impactocastex.com.ar\/index.php?rest_route=%2Fwp%2Fv2%2Fcategories&post=6147"},{"taxonomy":"post_tag","embeddable":true,"href":"https:\/\/impactocastex.com.ar\/index.php?rest_route=%2Fwp%2Fv2%2Ftags&post=6147"}],"curies":[{"name":"wp","href":"https:\/\/api.w.org\/{rel}","templated":true}]}}