{"id":6111,"date":"2025-12-17T15:39:35","date_gmt":"2025-12-17T18:39:35","guid":{"rendered":"https:\/\/impactocastex.com.ar\/?p=6111"},"modified":"2025-12-17T15:39:35","modified_gmt":"2025-12-17T18:39:35","slug":"diputados-con-el-apoyo-de-aliados-el-oficialismo-arranco-el-debate-del-presupuesto-2026-y-le-gano-una-pulseada-clave-a-la-oposicion","status":"publish","type":"post","link":"https:\/\/impactocastex.com.ar\/?p=6111","title":{"rendered":"Diputados: con el apoyo de aliados, el oficialismo arranc\u00f3 el debate del presupuesto 2026 y le gan\u00f3 una pulseada clave a la oposici\u00f3n"},"content":{"rendered":"<p>Con el <i>quorum <\/i>justo gracias al apoyo de los bloques aliados, el oficialismo arranc\u00f3 en la C\u00e1mara de Diputados el debate de la <b>ley de presupuesto 2026<\/b>, una de las prioridades del Gobierno en el debut de las sesiones extraordinarias.<\/p>\n<p><b>La Libertad Avanza sufri\u00f3 hasta \u00faltimo minuto<\/b> para alcanzar el <i>quorum<\/i>, pero pocos minutos despu\u00e9s respir\u00f3 tranquilo cuando, ya iniciado el debate, logr\u00f3 imponer su criterio para que, llegada la instancia del debate en particular de la iniciativa,<b> se eluda la discusi\u00f3n puntual de cada uno de los art\u00edculos<\/b>.<b> <\/b>Entre ellos, <b>el que establece la derogaci\u00f3n de las leyes de financiamiento universitario y de emergencia en Discapacidad.<\/b> <\/p>\n\n<p>Ambas normas fueron suspendidas por el Gobierno pese a que fueron insistidas por ambas c\u00e1maras del Congreso el a\u00f1o pasado. <\/p>\n<p>A sabiendas del riesgo que pod\u00eda correr en esa instancia, en el arranque de la sesi\u00f3n el oficialismo propuso, en la voz del jefe de bloque <b>Gabriel Bornoroni<\/b>, que la votaci\u00f3n en particular se realice por cap\u00edtulo y no por art\u00edculo. Una jugada perge\u00f1ada para eludir el tratamiento puntual del art\u00edculo 75.<\/p>\n<p><img loading=\"lazy\" decoding=\"async\" src=\"https:\/\/resizer.glanacion.com\/resizer\/v2\/PI4YOURTPNB7VEVDPAAFC66TLA.JPG?auth=63e23848c88978b815d27d29bb7d97589efbb442ca294cdf2e36c63bb4b80fc2&amp;smart=true&amp;width=3500&amp;height=2332\" alt=\"Los referentes de la bancada libertaria en Diputados\" height=\"2332\" width=\"3500\" \/><\/p>\n<p>La oposici\u00f3n peg\u00f3 el grito en el cielo. \u201cEsto impedir\u00e1 que los diputados se expresen sobre los art\u00edculos en particular. Va a ser m\u00e1s engorroso. \u00bfQueremos que el debate sea a los empujones y sin nitidez o con transparencia?\u201c, plante\u00f3 <b>Pablo Juliano<\/b> (Provincias Unidas) <\/p>\n<p>\u201cEl que vote por derogar las leyes de discapacidad y de universidades <b>que d\u00e9 la cara<\/b>. El que vote por reventar las escuelas t\u00e9cnicas, que d\u00e9 la cara \u2212desafi\u00f3 <b>Myriam Bregman<\/b> (FIT-U)\u2212. Basta de hacer <b>trampitas de procedimiento <\/b>reglamentario\u201d.<\/p>\n<p>A ellos se sum\u00f3 <b>Germ\u00e1n Mart\u00ednez<\/b>, de Uni\u00f3n por la Patria. \u201cHay que ir a una votaci\u00f3n por art\u00edculo a demanda de los legisladores; as\u00ed se trabaja con el presupuesto. <b>No hay que camuflarse m\u00e1s para perjudicar a los discapacitados, la comunidad universitaria y las escuelas t\u00e9cnicas\u00bb<\/b>.<\/p>\n<p>Finalmente, el oficialismo impuso su criterio con 130 votos positivos, frente a 112 negativos y una abstenci\u00f3n. Los libertarios respiraron de alivio. Descuentan que, pasado este tramo dif\u00edcil, no tendr\u00e1n contratiempos para aprobar en general y en particular la iniciativa. <\/p>\n<p>El oficialismo da por hecho que sumar\u00e1 el apoyo del flamante interbloque <b>Fuerza del Cambio<\/b> \u2212que aglutina a Pro y de la UCR\u2212 y a los bloques provinciales a los que el Gobierno se encarg\u00f3 de endulzar con concesiones varias. Por caso, a \u00faltima hora de ayer accedi\u00f3 a incluir en el texto la promesa de que le girar\u00e1 a la <b>ciudad de Buenos Aires los fondos de coparticipaci\u00f3n<\/b> pactados en la Corte Suprema. Empero, los tiempos y los montos quedar\u00e1n supeditados a la decisi\u00f3n del jefe de Gabinete,<b> Manuel Adorni<\/b>. <\/p>\n<p><img loading=\"lazy\" decoding=\"async\" src=\"https:\/\/resizer.glanacion.com\/resizer\/v2\/UI6VPAMNSBE73BWJBORS56ZDQE.JPG?auth=1097b35ae0a32ceb6d7e0edaccb0797e64b1b31931ac300a456bad5d6aedd4dd&amp;smart=true&amp;width=3500&amp;height=2332\" alt=\"Mart\u00edn Menem saluda al diputado Sergio Palazzo, de Uni\u00f3n por la Patria\" height=\"2332\" width=\"3500\" \/><\/p>\n<p>El proyecto de presupuesto 2026 enviado por el Poder Ejecutivo prev\u00e9 un<b> crecimiento de la econom\u00eda del 5% del PBI<\/b>, <b>una inflaci\u00f3n anual del 10,1%<\/b> y un tipo de cambio de <b>$1423 para diciembre de 2026<\/b>, m\u00e1s bajo que el valor actual. Adem\u00e1s, proyecta un aumento del 10,6% en las exportaciones y del 11% en las importaciones. En materia fiscal, el Gobierno estima un super\u00e1vit primario del 1,5% del PBI y un super\u00e1vit financiero \u2212una vez pagados los intereses de la deuda\u2212 del 0,2% del PBI.<\/p>\n<p>Por esta y otras razones, el kirchnerismo, al igual que Provincias Unidas y la izquierda anticiparon que no acompa\u00f1ar\u00e1n el proyecto del oficialismo. <b>Aseveran que las proyecciones macroecon\u00f3micas previstas en la iniciativa no son sostenibles<\/b>. Por esa raz\u00f3n, presentaron sendas propuestas alternativas; el kirchnerismo, por caso, no solo insistir\u00e1 en la plena vigencia de la ley de emergencia en discapacidad y los fondos para la emergencia pedi\u00e1trica, sino tambi\u00e9n la continuidad del r\u00e9gimen de zonas fr\u00edas, la automaticidad de las asignaciones familiares, la recomposici\u00f3n de ingresos jubilatorios afectados por el cambio de f\u00f3rmula y la actualizaci\u00f3n del bono previsional.<\/p>\n<p>En la sesi\u00f3n \u2212que se extender\u00eda por al menos doce horas\u2212 se debatir\u00e1n otros dos dict\u00e1menes tambi\u00e9n prioritarios para el Poder Ejecutivo. Uno de ellos es el que propone incentivar el uso de los d\u00f3lares atesorados sin declarar \u2212conocido como ley de <b>\u201cinocencia fiscal\u201d<\/b>\u2212 y el que castiga con penas de prisi\u00f3n a los funcionarios que <b>aprueben y ejecuten presupuestos con d\u00e9ficit fiscal<\/b>. Este \u00faltimo recibi\u00f3 duras cr\u00edticas opositoras por inconstitucional.<\/p>\n<p><i><b>Noticia en desarrollo<\/b><\/i><\/p>\n<p>\u200bImpuso su criterio para que en el debate en particular se eluda la votaci\u00f3n de cada art\u00edculo, entre ellos el que deroga las leyes de financiamiento a las casas de altos estudios y emergencia en discapacidad\u00a0\u00a0<\/p>","protected":false},"excerpt":{"rendered":"<p>Con el quorum justo gracias al apoyo de los bloques aliados, el oficialismo arranc\u00f3 en&#8230;<\/p>\n","protected":false},"author":1,"featured_media":6112,"comment_status":"closed","ping_status":"closed","sticky":false,"template":"","format":"standard","meta":{"_jetpack_memberships_contains_paid_content":false,"footnotes":"","jetpack_publicize_message":"","jetpack_publicize_feature_enabled":true,"jetpack_social_post_already_shared":true,"jetpack_social_options":{"image_generator_settings":{"template":"highway","default_image_id":0,"font":"","enabled":false},"version":2}},"categories":[89],"tags":[],"class_list":["post-6111","post","type-post","status-publish","format-standard","has-post-thumbnail","hentry","category-nacionales"],"yoast_head":"<!-- This site is optimized with the Yoast SEO plugin v27.4 - https:\/\/yoast.com\/product\/yoast-seo-wordpress\/ -->\n<title>Diputados: con el apoyo de aliados, el oficialismo arranc\u00f3 el debate del presupuesto 2026 y le gan\u00f3 una pulseada clave a la oposici\u00f3n -<\/title>\n<meta name=\"robots\" content=\"index, follow, max-snippet:-1, max-image-preview:large, max-video-preview:-1\" \/>\n<link rel=\"canonical\" href=\"https:\/\/impactocastex.com.ar\/?p=6111\" \/>\n<meta property=\"og:locale\" content=\"es_ES\" \/>\n<meta property=\"og:type\" content=\"article\" \/>\n<meta property=\"og:title\" content=\"Diputados: con el apoyo de aliados, el oficialismo arranc\u00f3 el debate del presupuesto 2026 y le gan\u00f3 una pulseada clave a la oposici\u00f3n -\" \/>\n<meta property=\"og:description\" content=\"Con el quorum justo gracias al apoyo de los bloques aliados, el oficialismo arranc\u00f3 en...\" \/>\n<meta property=\"og:url\" content=\"https:\/\/impactocastex.com.ar\/?p=6111\" \/>\n<meta property=\"article:publisher\" content=\"https:\/\/www.facebook.com\/impactocastexdiario\" \/>\n<meta property=\"article:published_time\" content=\"2025-12-17T18:39:35+00:00\" \/>\n<meta property=\"og:image\" content=\"https:\/\/resizer.glanacion.com\/resizer\/v2\/PI4YOURTPNB7VEVDPAAFC66TLA.JPG?auth=63e23848c88978b815d27d29bb7d97589efbb442ca294cdf2e36c63bb4b80fc2&amp;smart=true&amp;width=3500&amp;height=2332\" \/>\n<meta name=\"author\" content=\"impactocastex\" \/>\n<meta name=\"twitter:card\" content=\"summary_large_image\" \/>\n<meta name=\"twitter:label1\" content=\"Escrito por\" \/>\n\t<meta name=\"twitter:data1\" content=\"impactocastex\" \/>\n\t<meta name=\"twitter:label2\" content=\"Tiempo de lectura\" \/>\n\t<meta name=\"twitter:data2\" content=\"4 minutos\" \/>\n<script type=\"application\/ld+json\" class=\"yoast-schema-graph\">{\"@context\":\"https:\\\/\\\/schema.org\",\"@graph\":[{\"@type\":\"Article\",\"@id\":\"https:\\\/\\\/impactocastex.com.ar\\\/?p=6111#article\",\"isPartOf\":{\"@id\":\"https:\\\/\\\/impactocastex.com.ar\\\/?p=6111\"},\"author\":{\"name\":\"impactocastex\",\"@id\":\"https:\\\/\\\/impactocastex.com.ar\\\/#\\\/schema\\\/person\\\/86cb4f827fb5f87869a239b98a69c6e3\"},\"headline\":\"Diputados: con el apoyo de aliados, el oficialismo arranc\u00f3 el debate del presupuesto 2026 y le gan\u00f3 una pulseada clave a la oposici\u00f3n\",\"datePublished\":\"2025-12-17T18:39:35+00:00\",\"mainEntityOfPage\":{\"@id\":\"https:\\\/\\\/impactocastex.com.ar\\\/?p=6111\"},\"wordCount\":804,\"publisher\":{\"@id\":\"https:\\\/\\\/impactocastex.com.ar\\\/#organization\"},\"image\":{\"@id\":\"https:\\\/\\\/impactocastex.com.ar\\\/?p=6111#primaryimage\"},\"thumbnailUrl\":\"https:\\\/\\\/impactocastex.com.ar\\\/wp-content\\\/uploads\\\/2025\\\/12\\\/U6WEGTGYYZCHZCBH7BN5KCVFMA-LJzfu5-scaled.jpg\",\"articleSection\":[\"NACIONALES\"],\"inLanguage\":\"es\"},{\"@type\":\"WebPage\",\"@id\":\"https:\\\/\\\/impactocastex.com.ar\\\/?p=6111\",\"url\":\"https:\\\/\\\/impactocastex.com.ar\\\/?p=6111\",\"name\":\"Diputados: con el apoyo de aliados, el oficialismo arranc\u00f3 el debate del presupuesto 2026 y le gan\u00f3 una pulseada clave a la oposici\u00f3n -\",\"isPartOf\":{\"@id\":\"https:\\\/\\\/impactocastex.com.ar\\\/#website\"},\"primaryImageOfPage\":{\"@id\":\"https:\\\/\\\/impactocastex.com.ar\\\/?p=6111#primaryimage\"},\"image\":{\"@id\":\"https:\\\/\\\/impactocastex.com.ar\\\/?p=6111#primaryimage\"},\"thumbnailUrl\":\"https:\\\/\\\/impactocastex.com.ar\\\/wp-content\\\/uploads\\\/2025\\\/12\\\/U6WEGTGYYZCHZCBH7BN5KCVFMA-LJzfu5-scaled.jpg\",\"datePublished\":\"2025-12-17T18:39:35+00:00\",\"breadcrumb\":{\"@id\":\"https:\\\/\\\/impactocastex.com.ar\\\/?p=6111#breadcrumb\"},\"inLanguage\":\"es\",\"potentialAction\":[{\"@type\":\"ReadAction\",\"target\":[\"https:\\\/\\\/impactocastex.com.ar\\\/?p=6111\"]}]},{\"@type\":\"ImageObject\",\"inLanguage\":\"es\",\"@id\":\"https:\\\/\\\/impactocastex.com.ar\\\/?p=6111#primaryimage\",\"url\":\"https:\\\/\\\/impactocastex.com.ar\\\/wp-content\\\/uploads\\\/2025\\\/12\\\/U6WEGTGYYZCHZCBH7BN5KCVFMA-LJzfu5-scaled.jpg\",\"contentUrl\":\"https:\\\/\\\/impactocastex.com.ar\\\/wp-content\\\/uploads\\\/2025\\\/12\\\/U6WEGTGYYZCHZCBH7BN5KCVFMA-LJzfu5-scaled.jpg\",\"width\":2560,\"height\":1706},{\"@type\":\"BreadcrumbList\",\"@id\":\"https:\\\/\\\/impactocastex.com.ar\\\/?p=6111#breadcrumb\",\"itemListElement\":[{\"@type\":\"ListItem\",\"position\":1,\"name\":\"Portada\",\"item\":\"https:\\\/\\\/impactocastex.com.ar\\\/\"},{\"@type\":\"ListItem\",\"position\":2,\"name\":\"Diputados: con el apoyo de aliados, el oficialismo arranc\u00f3 el debate del presupuesto 2026 y le gan\u00f3 una pulseada clave a la oposici\u00f3n\"}]},{\"@type\":\"WebSite\",\"@id\":\"https:\\\/\\\/impactocastex.com.ar\\\/#website\",\"url\":\"https:\\\/\\\/impactocastex.com.ar\\\/\",\"name\":\"Impacto Castex\",\"description\":\"\",\"publisher\":{\"@id\":\"https:\\\/\\\/impactocastex.com.ar\\\/#organization\"},\"potentialAction\":[{\"@type\":\"SearchAction\",\"target\":{\"@type\":\"EntryPoint\",\"urlTemplate\":\"https:\\\/\\\/impactocastex.com.ar\\\/?s={search_term_string}\"},\"query-input\":{\"@type\":\"PropertyValueSpecification\",\"valueRequired\":true,\"valueName\":\"search_term_string\"}}],\"inLanguage\":\"es\"},{\"@type\":\"Organization\",\"@id\":\"https:\\\/\\\/impactocastex.com.ar\\\/#organization\",\"name\":\"Impacto Castex\",\"url\":\"https:\\\/\\\/impactocastex.com.ar\\\/\",\"logo\":{\"@type\":\"ImageObject\",\"inLanguage\":\"es\",\"@id\":\"https:\\\/\\\/impactocastex.com.ar\\\/#\\\/schema\\\/logo\\\/image\\\/\",\"url\":\"https:\\\/\\\/impactocastex.com.ar\\\/wp-content\\\/uploads\\\/2025\\\/09\\\/cropped-icoweb.png\",\"contentUrl\":\"https:\\\/\\\/impactocastex.com.ar\\\/wp-content\\\/uploads\\\/2025\\\/09\\\/cropped-icoweb.png\",\"width\":512,\"height\":512,\"caption\":\"Impacto Castex\"},\"image\":{\"@id\":\"https:\\\/\\\/impactocastex.com.ar\\\/#\\\/schema\\\/logo\\\/image\\\/\"},\"sameAs\":[\"https:\\\/\\\/www.facebook.com\\\/impactocastexdiario\",\"https:\\\/\\\/www.instagram.com\\\/impactocastex.com.ar\\\/\"]},{\"@type\":\"Person\",\"@id\":\"https:\\\/\\\/impactocastex.com.ar\\\/#\\\/schema\\\/person\\\/86cb4f827fb5f87869a239b98a69c6e3\",\"name\":\"impactocastex\",\"image\":{\"@type\":\"ImageObject\",\"inLanguage\":\"es\",\"@id\":\"https:\\\/\\\/secure.gravatar.com\\\/avatar\\\/9a87ee051ca8c77f5d4070843ce2c78cdf95b858b950fb039151de955122f5f5?s=96&d=mm&r=g\",\"url\":\"https:\\\/\\\/secure.gravatar.com\\\/avatar\\\/9a87ee051ca8c77f5d4070843ce2c78cdf95b858b950fb039151de955122f5f5?s=96&d=mm&r=g\",\"contentUrl\":\"https:\\\/\\\/secure.gravatar.com\\\/avatar\\\/9a87ee051ca8c77f5d4070843ce2c78cdf95b858b950fb039151de955122f5f5?s=96&d=mm&r=g\",\"caption\":\"impactocastex\"},\"sameAs\":[\"https:\\\/\\\/impactocastex.com.ar\"],\"url\":\"https:\\\/\\\/impactocastex.com.ar\\\/?author=1\"}]}<\/script>\n<!-- \/ Yoast SEO plugin. -->","yoast_head_json":{"title":"Diputados: con el apoyo de aliados, el oficialismo arranc\u00f3 el debate del presupuesto 2026 y le gan\u00f3 una pulseada clave a la oposici\u00f3n -","robots":{"index":"index","follow":"follow","max-snippet":"max-snippet:-1","max-image-preview":"max-image-preview:large","max-video-preview":"max-video-preview:-1"},"canonical":"https:\/\/impactocastex.com.ar\/?p=6111","og_locale":"es_ES","og_type":"article","og_title":"Diputados: con el apoyo de aliados, el oficialismo arranc\u00f3 el debate del presupuesto 2026 y le gan\u00f3 una pulseada clave a la oposici\u00f3n -","og_description":"Con el quorum justo gracias al apoyo de los bloques aliados, el oficialismo arranc\u00f3 en...","og_url":"https:\/\/impactocastex.com.ar\/?p=6111","article_publisher":"https:\/\/www.facebook.com\/impactocastexdiario","article_published_time":"2025-12-17T18:39:35+00:00","og_image":[{"url":"https:\/\/resizer.glanacion.com\/resizer\/v2\/PI4YOURTPNB7VEVDPAAFC66TLA.JPG?auth=63e23848c88978b815d27d29bb7d97589efbb442ca294cdf2e36c63bb4b80fc2&amp;smart=true&amp;width=3500&amp;height=2332","type":"","width":"","height":""}],"author":"impactocastex","twitter_card":"summary_large_image","twitter_misc":{"Escrito por":"impactocastex","Tiempo de lectura":"4 minutos"},"schema":{"@context":"https:\/\/schema.org","@graph":[{"@type":"Article","@id":"https:\/\/impactocastex.com.ar\/?p=6111#article","isPartOf":{"@id":"https:\/\/impactocastex.com.ar\/?p=6111"},"author":{"name":"impactocastex","@id":"https:\/\/impactocastex.com.ar\/#\/schema\/person\/86cb4f827fb5f87869a239b98a69c6e3"},"headline":"Diputados: con el apoyo de aliados, el oficialismo arranc\u00f3 el debate del presupuesto 2026 y le gan\u00f3 una pulseada clave a la oposici\u00f3n","datePublished":"2025-12-17T18:39:35+00:00","mainEntityOfPage":{"@id":"https:\/\/impactocastex.com.ar\/?p=6111"},"wordCount":804,"publisher":{"@id":"https:\/\/impactocastex.com.ar\/#organization"},"image":{"@id":"https:\/\/impactocastex.com.ar\/?p=6111#primaryimage"},"thumbnailUrl":"https:\/\/impactocastex.com.ar\/wp-content\/uploads\/2025\/12\/U6WEGTGYYZCHZCBH7BN5KCVFMA-LJzfu5-scaled.jpg","articleSection":["NACIONALES"],"inLanguage":"es"},{"@type":"WebPage","@id":"https:\/\/impactocastex.com.ar\/?p=6111","url":"https:\/\/impactocastex.com.ar\/?p=6111","name":"Diputados: con el apoyo de aliados, el oficialismo arranc\u00f3 el debate del presupuesto 2026 y le gan\u00f3 una pulseada clave a la oposici\u00f3n -","isPartOf":{"@id":"https:\/\/impactocastex.com.ar\/#website"},"primaryImageOfPage":{"@id":"https:\/\/impactocastex.com.ar\/?p=6111#primaryimage"},"image":{"@id":"https:\/\/impactocastex.com.ar\/?p=6111#primaryimage"},"thumbnailUrl":"https:\/\/impactocastex.com.ar\/wp-content\/uploads\/2025\/12\/U6WEGTGYYZCHZCBH7BN5KCVFMA-LJzfu5-scaled.jpg","datePublished":"2025-12-17T18:39:35+00:00","breadcrumb":{"@id":"https:\/\/impactocastex.com.ar\/?p=6111#breadcrumb"},"inLanguage":"es","potentialAction":[{"@type":"ReadAction","target":["https:\/\/impactocastex.com.ar\/?p=6111"]}]},{"@type":"ImageObject","inLanguage":"es","@id":"https:\/\/impactocastex.com.ar\/?p=6111#primaryimage","url":"https:\/\/impactocastex.com.ar\/wp-content\/uploads\/2025\/12\/U6WEGTGYYZCHZCBH7BN5KCVFMA-LJzfu5-scaled.jpg","contentUrl":"https:\/\/impactocastex.com.ar\/wp-content\/uploads\/2025\/12\/U6WEGTGYYZCHZCBH7BN5KCVFMA-LJzfu5-scaled.jpg","width":2560,"height":1706},{"@type":"BreadcrumbList","@id":"https:\/\/impactocastex.com.ar\/?p=6111#breadcrumb","itemListElement":[{"@type":"ListItem","position":1,"name":"Portada","item":"https:\/\/impactocastex.com.ar\/"},{"@type":"ListItem","position":2,"name":"Diputados: con el apoyo de aliados, el oficialismo arranc\u00f3 el debate del presupuesto 2026 y le gan\u00f3 una pulseada clave a la oposici\u00f3n"}]},{"@type":"WebSite","@id":"https:\/\/impactocastex.com.ar\/#website","url":"https:\/\/impactocastex.com.ar\/","name":"Impacto Castex","description":"","publisher":{"@id":"https:\/\/impactocastex.com.ar\/#organization"},"potentialAction":[{"@type":"SearchAction","target":{"@type":"EntryPoint","urlTemplate":"https:\/\/impactocastex.com.ar\/?s={search_term_string}"},"query-input":{"@type":"PropertyValueSpecification","valueRequired":true,"valueName":"search_term_string"}}],"inLanguage":"es"},{"@type":"Organization","@id":"https:\/\/impactocastex.com.ar\/#organization","name":"Impacto Castex","url":"https:\/\/impactocastex.com.ar\/","logo":{"@type":"ImageObject","inLanguage":"es","@id":"https:\/\/impactocastex.com.ar\/#\/schema\/logo\/image\/","url":"https:\/\/impactocastex.com.ar\/wp-content\/uploads\/2025\/09\/cropped-icoweb.png","contentUrl":"https:\/\/impactocastex.com.ar\/wp-content\/uploads\/2025\/09\/cropped-icoweb.png","width":512,"height":512,"caption":"Impacto Castex"},"image":{"@id":"https:\/\/impactocastex.com.ar\/#\/schema\/logo\/image\/"},"sameAs":["https:\/\/www.facebook.com\/impactocastexdiario","https:\/\/www.instagram.com\/impactocastex.com.ar\/"]},{"@type":"Person","@id":"https:\/\/impactocastex.com.ar\/#\/schema\/person\/86cb4f827fb5f87869a239b98a69c6e3","name":"impactocastex","image":{"@type":"ImageObject","inLanguage":"es","@id":"https:\/\/secure.gravatar.com\/avatar\/9a87ee051ca8c77f5d4070843ce2c78cdf95b858b950fb039151de955122f5f5?s=96&d=mm&r=g","url":"https:\/\/secure.gravatar.com\/avatar\/9a87ee051ca8c77f5d4070843ce2c78cdf95b858b950fb039151de955122f5f5?s=96&d=mm&r=g","contentUrl":"https:\/\/secure.gravatar.com\/avatar\/9a87ee051ca8c77f5d4070843ce2c78cdf95b858b950fb039151de955122f5f5?s=96&d=mm&r=g","caption":"impactocastex"},"sameAs":["https:\/\/impactocastex.com.ar"],"url":"https:\/\/impactocastex.com.ar\/?author=1"}]}},"jetpack_publicize_connections":[],"featured_image_urls":{"full":["https:\/\/impactocastex.com.ar\/wp-content\/uploads\/2025\/12\/U6WEGTGYYZCHZCBH7BN5KCVFMA-LJzfu5-scaled.jpg",2560,1706,false],"thumbnail":["https:\/\/impactocastex.com.ar\/wp-content\/uploads\/2025\/12\/U6WEGTGYYZCHZCBH7BN5KCVFMA-LJzfu5-150x150.jpg",150,150,true],"medium":["https:\/\/impactocastex.com.ar\/wp-content\/uploads\/2025\/12\/U6WEGTGYYZCHZCBH7BN5KCVFMA-LJzfu5-300x200.jpg",300,200,true],"medium_large":["https:\/\/impactocastex.com.ar\/wp-content\/uploads\/2025\/12\/U6WEGTGYYZCHZCBH7BN5KCVFMA-LJzfu5-768x512.jpg",640,427,true],"large":["https:\/\/impactocastex.com.ar\/wp-content\/uploads\/2025\/12\/U6WEGTGYYZCHZCBH7BN5KCVFMA-LJzfu5-1024x682.jpg",640,426,true],"1536x1536":["https:\/\/impactocastex.com.ar\/wp-content\/uploads\/2025\/12\/U6WEGTGYYZCHZCBH7BN5KCVFMA-LJzfu5-1536x1023.jpg",1536,1023,true],"2048x2048":["https:\/\/impactocastex.com.ar\/wp-content\/uploads\/2025\/12\/U6WEGTGYYZCHZCBH7BN5KCVFMA-LJzfu5-2048x1365.jpg",2048,1365,true],"newsever-slider-full":["https:\/\/impactocastex.com.ar\/wp-content\/uploads\/2025\/12\/U6WEGTGYYZCHZCBH7BN5KCVFMA-LJzfu5-1280x845.jpg",1280,845,true],"newsever-featured":["https:\/\/impactocastex.com.ar\/wp-content\/uploads\/2025\/12\/U6WEGTGYYZCHZCBH7BN5KCVFMA-LJzfu5-1024x682.jpg",1024,682,true],"newsever-medium":["https:\/\/impactocastex.com.ar\/wp-content\/uploads\/2025\/12\/U6WEGTGYYZCHZCBH7BN5KCVFMA-LJzfu5-720x475.jpg",720,475,true]},"author_info":{"info":["impactocastex"]},"category_info":"<a href=\"https:\/\/impactocastex.com.ar\/?cat=89\" rel=\"category\">NACIONALES<\/a>","tag_info":"NACIONALES","comment_count":0,"jetpack_featured_media_url":"https:\/\/impactocastex.com.ar\/wp-content\/uploads\/2025\/12\/U6WEGTGYYZCHZCBH7BN5KCVFMA-LJzfu5-scaled.jpg","jetpack_sharing_enabled":true,"jetpack_likes_enabled":true,"jetpack_shortlink":"https:\/\/wp.me\/p7sopA-1Az","_links":{"self":[{"href":"https:\/\/impactocastex.com.ar\/index.php?rest_route=\/wp\/v2\/posts\/6111","targetHints":{"allow":["GET"]}}],"collection":[{"href":"https:\/\/impactocastex.com.ar\/index.php?rest_route=\/wp\/v2\/posts"}],"about":[{"href":"https:\/\/impactocastex.com.ar\/index.php?rest_route=\/wp\/v2\/types\/post"}],"author":[{"embeddable":true,"href":"https:\/\/impactocastex.com.ar\/index.php?rest_route=\/wp\/v2\/users\/1"}],"replies":[{"embeddable":true,"href":"https:\/\/impactocastex.com.ar\/index.php?rest_route=%2Fwp%2Fv2%2Fcomments&post=6111"}],"version-history":[{"count":0,"href":"https:\/\/impactocastex.com.ar\/index.php?rest_route=\/wp\/v2\/posts\/6111\/revisions"}],"wp:featuredmedia":[{"embeddable":true,"href":"https:\/\/impactocastex.com.ar\/index.php?rest_route=\/wp\/v2\/media\/6112"}],"wp:attachment":[{"href":"https:\/\/impactocastex.com.ar\/index.php?rest_route=%2Fwp%2Fv2%2Fmedia&parent=6111"}],"wp:term":[{"taxonomy":"category","embeddable":true,"href":"https:\/\/impactocastex.com.ar\/index.php?rest_route=%2Fwp%2Fv2%2Fcategories&post=6111"},{"taxonomy":"post_tag","embeddable":true,"href":"https:\/\/impactocastex.com.ar\/index.php?rest_route=%2Fwp%2Fv2%2Ftags&post=6111"}],"curies":[{"name":"wp","href":"https:\/\/api.w.org\/{rel}","templated":true}]}}