{"id":6109,"date":"2025-12-17T15:40:20","date_gmt":"2025-12-17T18:40:20","guid":{"rendered":"https:\/\/impactocastex.com.ar\/?p=6109"},"modified":"2025-12-17T15:40:20","modified_gmt":"2025-12-17T18:40:20","slug":"psg-vs-flamengo-en-vivo-la-final-de-la-copa-intercontinental","status":"publish","type":"post","link":"https:\/\/impactocastex.com.ar\/?p=6109","title":{"rendered":"PSG vs. Flamengo en vivo, la final de la Copa Intercontinental"},"content":{"rendered":"<p>Tras dos partidos ausente por lesi\u00f3n, Ousmane Demb\u00e9l\u00e9 ingresa en lugar de Dou\u00e9. PSG apuesta a su gran figura para romper el empate en la final.<\/p>\n<p>Everton, Sa\u00fal \u00d1\u00edguez y Nicol\u00e1s De La Cruz ingresan por De Arrascaeta, Jorginho y Erick Pulgar. Filipe Luis renueva energ\u00edas en el mediocampo para aguantar el empuje de PSG.<\/p>\n<p>El equipo brasile\u00f1o se repleg\u00f3 y soporta los avances constantes por ambas bandas. Par\u00eds domina el juego y gana cada rebote cerca del \u00e1rea.<\/p>\n<p>Luis Enrique decide un nuevo cambio: Barcola reemplaza a Mayulu, que hab\u00eda ingresado en el primer tiempo. El equipo franc\u00e9s intenta recuperar profundidad.<\/p>\n<p>El mediocampista chileno vio la amarilla tras cortar con falta una veloz salida de Kvaratskhelia. Segunda tarjeta en Flamengo.<\/p>\n<p>El volante no fall\u00f3 desde los doce pasos y puso el 1-1 en Ray\u00e1n. Flamengo empata la final y renueva la ilusi\u00f3n sudamericana.<\/p>\n<blockquote class=\"twitter-tweet\">\n<p lang=\"es\" dir=\"ltr\">\u00a1GOOOL DE FLAMENGO!<\/p>\n<p>Jorginho no perdon\u00f3 desde el punto penal y convirti\u00f3 el 1-1 ante PSG.<a href=\"https:\/\/twitter.com\/hashtag\/FIFAIntercontinentalCupEnDSPORTS?src=hash&amp;ref_src=twsrc%5Etfw\">#FIFAIntercontinentalCupEnDSPORTS<\/a> <a href=\"https:\/\/t.co\/uUdlV0JNvT\">pic.twitter.com\/uUdlV0JNvT<\/a><\/p>\n<p>\u2014 DSPORTS (@DSports) <a href=\"https:\/\/twitter.com\/DSports\/status\/2001358348034126242?ref_src=twsrc%5Etfw\">December 17, 2025<\/a><\/p><\/blockquote>\n<p>El \u00e1rbitro Ismail Elfath revis\u00f3 un contacto de Marquinhos sobre Pedro en el \u00e1rea y sancion\u00f3 penal para Flamengo. Oportunidad clara para igualar la final.<\/p>\n<p>Filipe Luis apuesta por m\u00e1s presencia ofensiva. Pedro reemplaza a Carrascal, de rendimiento discreto, en busca de revertir el 0-1 ante PSG.<\/p>\n<p>PSG conserva la posesi\u00f3n y suma intentos desde media distancia, pero el desarrollo es trabado y con frecuentes infracciones. La final pierde fluidez.<\/p>\n<p>Ya se juega la etapa final de la Copa Intercontinental. PSG mantiene la ventaja, pero Flamengo busca revertir el 0-1 para cortar la sequ\u00eda sudamericana.<\/p>\n<p>PSG se va al descanso con ventaja por 1-0 gracias al tanto de Kvaratskhelia. Flamengo reaccion\u00f3 tras el gol, pero no logr\u00f3 igualar. La definici\u00f3n sigue abierta en Qatar.<\/p>\n<p>El \u00e1rbitro Ismail Elfath adicion\u00f3 tres minutos en el cierre de la primera parte. PSG gana 1-0 con gol de Kvaratskhelia.<\/p>\n<p>Pulgar gan\u00f3 en el \u00e1rea tras un c\u00f3rner desde la derecha y su cabezazo pas\u00f3 muy cerca del palo izquierdo. El Mengao respondi\u00f3 r\u00e1pido tras el gol recibido.<\/p>\n<p>El georgiano defini\u00f3 con clase tras un pase de Dou\u00e9, luego de una mala salida de Rossi. PSG se pone 1-0 en la final y golpea primero en Ray\u00e1n.<\/p>\n<blockquote class=\"twitter-tweet\">\n<p lang=\"es\" dir=\"ltr\">\u00a1GOOOL DE PSG!<\/p>\n<p>Rossi no lleg\u00f3 a desviar el centro de Dou\u00e9 y Kvaratskhelia puso el 1-0 ante Flamengo.<a href=\"https:\/\/twitter.com\/hashtag\/FIFAIntercontinentalCupEnDSPORTS?src=hash&amp;ref_src=twsrc%5Etfw\">#FIFAIntercontinentalCupEnDSPORTS<\/a> <a href=\"https:\/\/t.co\/HFRPcxPj6x\">pic.twitter.com\/HFRPcxPj6x<\/a><\/p>\n<p>\u2014 DSPORTS (@DSports) <a href=\"https:\/\/twitter.com\/DSports\/status\/2001347127184605565?ref_src=twsrc%5Etfw\">December 17, 2025<\/a><\/p><\/blockquote>\n<p>Kang In Lee no pudo continuar por una molestia f\u00edsica y fue reemplazado por el franc\u00e9s de 19 a\u00f1os, Senny Mayulu. Primer contratiempo para Luis Enrique en la final. Sigue esperando en el banco Demb\u00e9l\u00e9.<\/p>\n<p>El volante espa\u00f1ol recibi\u00f3 la amarilla por una dura patada al est\u00f3mago de Alex Sandro. El partido se vuelve m\u00e1s cortado en la mitad de la cancha.<\/p>\n<blockquote class=\"twitter-tweet\">\n<p lang=\"es\" dir=\"ltr\">PELIGROSA ACCI\u00d3N DE FABI\u00c1N RUIZ SOBRE ALEX SANDRO<a href=\"https:\/\/twitter.com\/hashtag\/FIFAIntercontinentalCupEnDSPORTS?src=hash&amp;ref_src=twsrc%5Etfw\">#FIFAIntercontinentalCupEnDSPORTS<\/a> <a href=\"https:\/\/t.co\/wojjCfs41q\">pic.twitter.com\/wojjCfs41q<\/a><\/p>\n<p>\u2014 DSPORTS (@DSports) <a href=\"https:\/\/twitter.com\/DSports\/status\/2001346080298922225?ref_src=twsrc%5Etfw\">December 17, 2025<\/a><\/p><\/blockquote>\n<p>El equipo franc\u00e9s controla el bal\u00f3n y D\u00e9sir\u00e9 Dou\u00e9 marca el ritmo con destellos de talento. Sin embargo, todav\u00eda no logra inquietar seriamente a Agust\u00edn Rossi.<\/p>\n<p><img loading=\"lazy\" decoding=\"async\" src=\"https:\/\/resizer.glanacion.com\/resizer\/v2\/J6XRKZXSAZGXZAHTTY6X7VKZMI.JPG?auth=040841b527d05aaf3cd009984097fcec4bb2f0495a0c111674507989f983f26e&amp;smart=true&amp;width=3011&amp;height=2007\" alt=\"Desire Doue, de PSG, perceguido por el jugador de Flamengo, Leo Ortiz\" height=\"2007\" width=\"3011\" \/><\/p>\n<p>Alex Sandro fue amonestado por una infracci\u00f3n en mitad de cancha. El equipo de Filipe Luis presiona alto, pero empieza a pagar con faltas el intento por frenar el avance del PSG.<\/p>\n<p>El mediocampista de Flamengo recibi\u00f3 la tarjeta amarilla tras una infracci\u00f3n en mitad de cancha. Es el primer amonestado del encuentro.<\/p>\n<p>Erick Pulgar prob\u00f3 desde fuera del \u00e1rea, pero su remate sali\u00f3 centrado y sin potencia. El conjunto brasile\u00f1o busca emparejar el dominio inicial de PSG.<\/p>\n<p>Javier Pastore y Marco Verratti presentes en el estadio en Qatar, viendo a PSG ante Flamengo por la Intercontinental.<\/p>\n<blockquote class=\"twitter-tweet\">\n<p lang=\"es\" dir=\"ltr\">\u00a1FIGURAS DE PSG, PRESENTES! <\/p>\n<p>Javier Pastore y Marco Verratti est\u00e1n en el Ahmed bin Ali Stadium.<a href=\"https:\/\/twitter.com\/hashtag\/FIFAIntercontinentalCupEnDSPORTS?src=hash&amp;ref_src=twsrc%5Etfw\">#FIFAIntercontinentalCupEnDSPORTS<\/a> <a href=\"https:\/\/t.co\/CWXsBj5KWq\">pic.twitter.com\/CWXsBj5KWq<\/a><\/p>\n<p>\u2014 DSPORTS (@DSports) <a href=\"https:\/\/twitter.com\/DSports\/status\/2001338977740001308?ref_src=twsrc%5Etfw\">December 17, 2025<\/a><\/p><\/blockquote>\n<p>Fabi\u00e1n Ruiz defini\u00f3 con el arco vac\u00edo, pero la jugada fue revisada: la pelota hab\u00eda salido antes por l\u00ednea de fondo. El \u00e1rbitro anul\u00f3 el gol y cobr\u00f3 c\u00f3rner para PSG.<\/p>\n<blockquote class=\"twitter-tweet\">\n<p lang=\"es\" dir=\"ltr\">\u00a1DE LO QUE SE SALV\u00d3 FLAMENGO!<\/p>\n<p>Una mala salida de Rossi deriv\u00f3 en el gol de Fabi\u00e1n Ruiz, pero tras la revisi\u00f3n se observ\u00f3 que la pelota hab\u00eda salido al tiro de esquina.<a href=\"https:\/\/twitter.com\/hashtag\/FIFAIntercontinentalCupEnDSPORTS?src=hash&amp;ref_src=twsrc%5Etfw\">#FIFAIntercontinentalCupEnDSPORTS<\/a> <a href=\"https:\/\/t.co\/bIxVGLDSP3\">pic.twitter.com\/bIxVGLDSP3<\/a><\/p>\n<p>\u2014 DSPORTS (@DSports) <a href=\"https:\/\/twitter.com\/DSports\/status\/2001340469637181696?ref_src=twsrc%5Etfw\">December 17, 2025<\/a><\/p><\/blockquote>\n<p>Vitinha ejecut\u00f3 un tiro libre peligroso desde la derecha y Kvaratskhelia no lleg\u00f3 a empujarla por cent\u00edmetros. Primera aproximaci\u00f3n clara del equipo franc\u00e9s.<\/p>\n<p>La pelota ya rueda en el Ahmad bin Ali en Ray\u00e1n. Con una buena concurrencia, aunque sin colmarse, el estadio recibe al campe\u00f3n de Europa y al de Am\u00e9rica en busca del t\u00edtulo mundial. Presente el presidente de la FIFA, Gianni Infantino.<\/p>\n<p>Par\u00eds Saint-Germain domin\u00f3 en la ceremonia del d\u00eda martes: Demb\u00e9l\u00e9 fue elegido, nuevamente, como mejor futbolista del mundo y comparti\u00f3 gala con Hakimi, Mendes y Vitinha, tambi\u00e9n nominados entre el mejor equipo del a\u00f1o. El club busca su sexto t\u00edtulo del a\u00f1o y el primero en esta competencia<\/p>\n<p>El Mengao super\u00f3 a Cruz Azul y a Pyramids en las fases previas para acceder a la final, mientras PSG ya espera en esa instancia. Es el primer sudamericano en llegar a esta instancia desde que regres\u00f3 el formato original de la Intercontinental. Va por su quinto t\u00edtulo en el a\u00f1o.<\/p>\n<p>Los de Luis Enrique ir\u00e1n con el equipo de gala que se consagr\u00f3 a principios de a\u00f1o campe\u00f3n de la Champions League. La \u00fanica ausencia, Ousmane Demb\u00e9l\u00e9.<\/p>\n<p>El 11 de PSG: Matvey Safonov; Nuno Mendes, William Pacho, Marquinhos, Warren Zaire-Emery; Fabi\u00e1n Ruiz, Vitinha, Jo\u00e3o Neves; Khvicha Kvaratskhelia, Desire Dou\u00e9 y Lee Kang In.<\/p>\n<blockquote class=\"twitter-tweet\">\n<p lang=\"fr\" dir=\"ltr\">\ud83d\udcc4 Le onze parisien pour cette finale face \u00e0 Flamengo !  <a href=\"https:\/\/twitter.com\/hashtag\/PSGFLA?src=hash&amp;ref_src=twsrc%5Etfw\">#PSGFLA<\/a> I <a href=\"https:\/\/twitter.com\/hashtag\/FIFAIntercontinentalCup?src=hash&amp;ref_src=twsrc%5Etfw\">#FIFAIntercontinentalCup<\/a> <a href=\"https:\/\/t.co\/lY0hQb0mgw\">pic.twitter.com\/lY0hQb0mgw<\/a><\/p>\n<p>\u2014 Paris Saint-Germain (@PSG_inside) <a href=\"https:\/\/twitter.com\/PSG_inside\/status\/2001320216689614962?ref_src=twsrc%5Etfw\">December 17, 2025<\/a><\/p><\/blockquote>\n<p>Por su parte, el equipo de Filipe Luis, flamante cuatri campe\u00f3n de la Copa Libertadores, saldr\u00e1 con el equipo habitual, que tambi\u00e9n se consagr\u00f3 en la liga brasile\u00f1a.<\/p>\n<p>El 11 de Flamengo: Agust\u00edn Rossi; Alex Sandro, Leo Pereira, Leo Ortiz, Guillermo Varela; Jorginho, Erick Pulgar, Giorgian de Arrascaeta; Jorge Carrascal, Bruno Henrique y Gonzalo Plata.<\/p>\n<blockquote class=\"twitter-tweet\">\n<p lang=\"pt\" dir=\"ltr\">NOSSO TIME \u00c9 A GENTE EM CAMPO! Confira a <a href=\"https:\/\/twitter.com\/hashtag\/escala%C3%A7%C3%A3o?src=hash&amp;ref_src=twsrc%5Etfw\">#escala\u00e7\u00e3o<\/a> do Flamengo para enfrentar o PSG, pelo MUNDO DE NOVO! <a href=\"https:\/\/twitter.com\/hashtag\/FLAxPSG?src=hash&amp;ref_src=twsrc%5Etfw\">#FLAxPSG<\/a> <a href=\"https:\/\/t.co\/raezVtkFXZ\">pic.twitter.com\/raezVtkFXZ<\/a><\/p>\n<p>\u2014 FL4MEN9O (@Flamengo) <a href=\"https:\/\/twitter.com\/Flamengo\/status\/2001314144528584935?ref_src=twsrc%5Etfw\">December 17, 2025<\/a><\/p><\/blockquote>\n<p>En Ray\u00e1n, Qatar, desde las 14, el campe\u00f3n de la Champions League enfrenta al de la Copa Libertadores. El club franc\u00e9s llega con sus figuras y tras brillar en los premios The Best. Flamengo va por un nuevo hito internacional. El partido ser\u00e1 transmitido por DSports y FIFA+, pero pod\u00e9s seguirlo el minuto a minuto por ac\u00e1.<\/p>\n<p>\u200bEn Qatar, el campe\u00f3n de la Champions League enfrenta al de la Copa Libertadores\u00a0\u00a0<\/p>","protected":false},"excerpt":{"rendered":"<p>Tras dos partidos ausente por lesi\u00f3n, Ousmane Demb\u00e9l\u00e9 ingresa en lugar de Dou\u00e9. PSG apuesta&#8230;<\/p>\n","protected":false},"author":1,"featured_media":6110,"comment_status":"closed","ping_status":"closed","sticky":false,"template":"","format":"standard","meta":{"_jetpack_memberships_contains_paid_content":false,"footnotes":"","jetpack_publicize_message":"","jetpack_publicize_feature_enabled":true,"jetpack_social_post_already_shared":true,"jetpack_social_options":{"image_generator_settings":{"template":"highway","default_image_id":0,"font":"","enabled":false},"version":2}},"categories":[89],"tags":[],"class_list":["post-6109","post","type-post","status-publish","format-standard","has-post-thumbnail","hentry","category-nacionales"],"yoast_head":"<!-- This site is optimized with the Yoast SEO plugin v27.4 - https:\/\/yoast.com\/product\/yoast-seo-wordpress\/ -->\n<title>PSG vs. Flamengo en vivo, la final de la Copa Intercontinental -<\/title>\n<meta name=\"robots\" content=\"index, follow, max-snippet:-1, max-image-preview:large, max-video-preview:-1\" \/>\n<link rel=\"canonical\" href=\"https:\/\/impactocastex.com.ar\/?p=6109\" \/>\n<meta property=\"og:locale\" content=\"es_ES\" \/>\n<meta property=\"og:type\" content=\"article\" \/>\n<meta property=\"og:title\" content=\"PSG vs. Flamengo en vivo, la final de la Copa Intercontinental -\" \/>\n<meta property=\"og:description\" content=\"Tras dos partidos ausente por lesi\u00f3n, Ousmane Demb\u00e9l\u00e9 ingresa en lugar de Dou\u00e9. PSG apuesta...\" \/>\n<meta property=\"og:url\" content=\"https:\/\/impactocastex.com.ar\/?p=6109\" \/>\n<meta property=\"article:publisher\" content=\"https:\/\/www.facebook.com\/impactocastexdiario\" \/>\n<meta property=\"article:published_time\" content=\"2025-12-17T18:40:20+00:00\" \/>\n<meta property=\"og:image\" content=\"https:\/\/resizer.glanacion.com\/resizer\/v2\/J6XRKZXSAZGXZAHTTY6X7VKZMI.JPG?auth=040841b527d05aaf3cd009984097fcec4bb2f0495a0c111674507989f983f26e&amp;smart=true&amp;width=3011&amp;height=2007\" \/>\n<meta name=\"author\" content=\"impactocastex\" \/>\n<meta name=\"twitter:card\" content=\"summary_large_image\" \/>\n<meta name=\"twitter:label1\" content=\"Escrito por\" \/>\n\t<meta name=\"twitter:data1\" content=\"impactocastex\" \/>\n\t<meta name=\"twitter:label2\" content=\"Tiempo de lectura\" \/>\n\t<meta name=\"twitter:data2\" content=\"6 minutos\" \/>\n<script type=\"application\/ld+json\" class=\"yoast-schema-graph\">{\"@context\":\"https:\\\/\\\/schema.org\",\"@graph\":[{\"@type\":\"Article\",\"@id\":\"https:\\\/\\\/impactocastex.com.ar\\\/?p=6109#article\",\"isPartOf\":{\"@id\":\"https:\\\/\\\/impactocastex.com.ar\\\/?p=6109\"},\"author\":{\"name\":\"impactocastex\",\"@id\":\"https:\\\/\\\/impactocastex.com.ar\\\/#\\\/schema\\\/person\\\/86cb4f827fb5f87869a239b98a69c6e3\"},\"headline\":\"PSG vs. Flamengo en vivo, la final de la Copa Intercontinental\",\"datePublished\":\"2025-12-17T18:40:20+00:00\",\"mainEntityOfPage\":{\"@id\":\"https:\\\/\\\/impactocastex.com.ar\\\/?p=6109\"},\"wordCount\":1175,\"publisher\":{\"@id\":\"https:\\\/\\\/impactocastex.com.ar\\\/#organization\"},\"image\":{\"@id\":\"https:\\\/\\\/impactocastex.com.ar\\\/?p=6109#primaryimage\"},\"thumbnailUrl\":\"https:\\\/\\\/impactocastex.com.ar\\\/wp-content\\\/uploads\\\/2025\\\/12\\\/PSVG4JT75ZHFXBTTULNYO4S5XY-hafLeq-scaled.jpg\",\"articleSection\":[\"NACIONALES\"],\"inLanguage\":\"es\"},{\"@type\":\"WebPage\",\"@id\":\"https:\\\/\\\/impactocastex.com.ar\\\/?p=6109\",\"url\":\"https:\\\/\\\/impactocastex.com.ar\\\/?p=6109\",\"name\":\"PSG vs. Flamengo en vivo, la final de la Copa Intercontinental -\",\"isPartOf\":{\"@id\":\"https:\\\/\\\/impactocastex.com.ar\\\/#website\"},\"primaryImageOfPage\":{\"@id\":\"https:\\\/\\\/impactocastex.com.ar\\\/?p=6109#primaryimage\"},\"image\":{\"@id\":\"https:\\\/\\\/impactocastex.com.ar\\\/?p=6109#primaryimage\"},\"thumbnailUrl\":\"https:\\\/\\\/impactocastex.com.ar\\\/wp-content\\\/uploads\\\/2025\\\/12\\\/PSVG4JT75ZHFXBTTULNYO4S5XY-hafLeq-scaled.jpg\",\"datePublished\":\"2025-12-17T18:40:20+00:00\",\"breadcrumb\":{\"@id\":\"https:\\\/\\\/impactocastex.com.ar\\\/?p=6109#breadcrumb\"},\"inLanguage\":\"es\",\"potentialAction\":[{\"@type\":\"ReadAction\",\"target\":[\"https:\\\/\\\/impactocastex.com.ar\\\/?p=6109\"]}]},{\"@type\":\"ImageObject\",\"inLanguage\":\"es\",\"@id\":\"https:\\\/\\\/impactocastex.com.ar\\\/?p=6109#primaryimage\",\"url\":\"https:\\\/\\\/impactocastex.com.ar\\\/wp-content\\\/uploads\\\/2025\\\/12\\\/PSVG4JT75ZHFXBTTULNYO4S5XY-hafLeq-scaled.jpg\",\"contentUrl\":\"https:\\\/\\\/impactocastex.com.ar\\\/wp-content\\\/uploads\\\/2025\\\/12\\\/PSVG4JT75ZHFXBTTULNYO4S5XY-hafLeq-scaled.jpg\",\"width\":2560,\"height\":1706},{\"@type\":\"BreadcrumbList\",\"@id\":\"https:\\\/\\\/impactocastex.com.ar\\\/?p=6109#breadcrumb\",\"itemListElement\":[{\"@type\":\"ListItem\",\"position\":1,\"name\":\"Portada\",\"item\":\"https:\\\/\\\/impactocastex.com.ar\\\/\"},{\"@type\":\"ListItem\",\"position\":2,\"name\":\"PSG vs. Flamengo en vivo, la final de la Copa Intercontinental\"}]},{\"@type\":\"WebSite\",\"@id\":\"https:\\\/\\\/impactocastex.com.ar\\\/#website\",\"url\":\"https:\\\/\\\/impactocastex.com.ar\\\/\",\"name\":\"Impacto Castex\",\"description\":\"\",\"publisher\":{\"@id\":\"https:\\\/\\\/impactocastex.com.ar\\\/#organization\"},\"potentialAction\":[{\"@type\":\"SearchAction\",\"target\":{\"@type\":\"EntryPoint\",\"urlTemplate\":\"https:\\\/\\\/impactocastex.com.ar\\\/?s={search_term_string}\"},\"query-input\":{\"@type\":\"PropertyValueSpecification\",\"valueRequired\":true,\"valueName\":\"search_term_string\"}}],\"inLanguage\":\"es\"},{\"@type\":\"Organization\",\"@id\":\"https:\\\/\\\/impactocastex.com.ar\\\/#organization\",\"name\":\"Impacto Castex\",\"url\":\"https:\\\/\\\/impactocastex.com.ar\\\/\",\"logo\":{\"@type\":\"ImageObject\",\"inLanguage\":\"es\",\"@id\":\"https:\\\/\\\/impactocastex.com.ar\\\/#\\\/schema\\\/logo\\\/image\\\/\",\"url\":\"https:\\\/\\\/impactocastex.com.ar\\\/wp-content\\\/uploads\\\/2025\\\/09\\\/cropped-icoweb.png\",\"contentUrl\":\"https:\\\/\\\/impactocastex.com.ar\\\/wp-content\\\/uploads\\\/2025\\\/09\\\/cropped-icoweb.png\",\"width\":512,\"height\":512,\"caption\":\"Impacto Castex\"},\"image\":{\"@id\":\"https:\\\/\\\/impactocastex.com.ar\\\/#\\\/schema\\\/logo\\\/image\\\/\"},\"sameAs\":[\"https:\\\/\\\/www.facebook.com\\\/impactocastexdiario\",\"https:\\\/\\\/www.instagram.com\\\/impactocastex.com.ar\\\/\"]},{\"@type\":\"Person\",\"@id\":\"https:\\\/\\\/impactocastex.com.ar\\\/#\\\/schema\\\/person\\\/86cb4f827fb5f87869a239b98a69c6e3\",\"name\":\"impactocastex\",\"image\":{\"@type\":\"ImageObject\",\"inLanguage\":\"es\",\"@id\":\"https:\\\/\\\/secure.gravatar.com\\\/avatar\\\/9a87ee051ca8c77f5d4070843ce2c78cdf95b858b950fb039151de955122f5f5?s=96&d=mm&r=g\",\"url\":\"https:\\\/\\\/secure.gravatar.com\\\/avatar\\\/9a87ee051ca8c77f5d4070843ce2c78cdf95b858b950fb039151de955122f5f5?s=96&d=mm&r=g\",\"contentUrl\":\"https:\\\/\\\/secure.gravatar.com\\\/avatar\\\/9a87ee051ca8c77f5d4070843ce2c78cdf95b858b950fb039151de955122f5f5?s=96&d=mm&r=g\",\"caption\":\"impactocastex\"},\"sameAs\":[\"https:\\\/\\\/impactocastex.com.ar\"],\"url\":\"https:\\\/\\\/impactocastex.com.ar\\\/?author=1\"}]}<\/script>\n<!-- \/ Yoast SEO plugin. -->","yoast_head_json":{"title":"PSG vs. Flamengo en vivo, la final de la Copa Intercontinental -","robots":{"index":"index","follow":"follow","max-snippet":"max-snippet:-1","max-image-preview":"max-image-preview:large","max-video-preview":"max-video-preview:-1"},"canonical":"https:\/\/impactocastex.com.ar\/?p=6109","og_locale":"es_ES","og_type":"article","og_title":"PSG vs. Flamengo en vivo, la final de la Copa Intercontinental -","og_description":"Tras dos partidos ausente por lesi\u00f3n, Ousmane Demb\u00e9l\u00e9 ingresa en lugar de Dou\u00e9. PSG apuesta...","og_url":"https:\/\/impactocastex.com.ar\/?p=6109","article_publisher":"https:\/\/www.facebook.com\/impactocastexdiario","article_published_time":"2025-12-17T18:40:20+00:00","og_image":[{"url":"https:\/\/resizer.glanacion.com\/resizer\/v2\/J6XRKZXSAZGXZAHTTY6X7VKZMI.JPG?auth=040841b527d05aaf3cd009984097fcec4bb2f0495a0c111674507989f983f26e&amp;smart=true&amp;width=3011&amp;height=2007","type":"","width":"","height":""}],"author":"impactocastex","twitter_card":"summary_large_image","twitter_misc":{"Escrito por":"impactocastex","Tiempo de lectura":"6 minutos"},"schema":{"@context":"https:\/\/schema.org","@graph":[{"@type":"Article","@id":"https:\/\/impactocastex.com.ar\/?p=6109#article","isPartOf":{"@id":"https:\/\/impactocastex.com.ar\/?p=6109"},"author":{"name":"impactocastex","@id":"https:\/\/impactocastex.com.ar\/#\/schema\/person\/86cb4f827fb5f87869a239b98a69c6e3"},"headline":"PSG vs. Flamengo en vivo, la final de la Copa Intercontinental","datePublished":"2025-12-17T18:40:20+00:00","mainEntityOfPage":{"@id":"https:\/\/impactocastex.com.ar\/?p=6109"},"wordCount":1175,"publisher":{"@id":"https:\/\/impactocastex.com.ar\/#organization"},"image":{"@id":"https:\/\/impactocastex.com.ar\/?p=6109#primaryimage"},"thumbnailUrl":"https:\/\/impactocastex.com.ar\/wp-content\/uploads\/2025\/12\/PSVG4JT75ZHFXBTTULNYO4S5XY-hafLeq-scaled.jpg","articleSection":["NACIONALES"],"inLanguage":"es"},{"@type":"WebPage","@id":"https:\/\/impactocastex.com.ar\/?p=6109","url":"https:\/\/impactocastex.com.ar\/?p=6109","name":"PSG vs. Flamengo en vivo, la final de la Copa Intercontinental -","isPartOf":{"@id":"https:\/\/impactocastex.com.ar\/#website"},"primaryImageOfPage":{"@id":"https:\/\/impactocastex.com.ar\/?p=6109#primaryimage"},"image":{"@id":"https:\/\/impactocastex.com.ar\/?p=6109#primaryimage"},"thumbnailUrl":"https:\/\/impactocastex.com.ar\/wp-content\/uploads\/2025\/12\/PSVG4JT75ZHFXBTTULNYO4S5XY-hafLeq-scaled.jpg","datePublished":"2025-12-17T18:40:20+00:00","breadcrumb":{"@id":"https:\/\/impactocastex.com.ar\/?p=6109#breadcrumb"},"inLanguage":"es","potentialAction":[{"@type":"ReadAction","target":["https:\/\/impactocastex.com.ar\/?p=6109"]}]},{"@type":"ImageObject","inLanguage":"es","@id":"https:\/\/impactocastex.com.ar\/?p=6109#primaryimage","url":"https:\/\/impactocastex.com.ar\/wp-content\/uploads\/2025\/12\/PSVG4JT75ZHFXBTTULNYO4S5XY-hafLeq-scaled.jpg","contentUrl":"https:\/\/impactocastex.com.ar\/wp-content\/uploads\/2025\/12\/PSVG4JT75ZHFXBTTULNYO4S5XY-hafLeq-scaled.jpg","width":2560,"height":1706},{"@type":"BreadcrumbList","@id":"https:\/\/impactocastex.com.ar\/?p=6109#breadcrumb","itemListElement":[{"@type":"ListItem","position":1,"name":"Portada","item":"https:\/\/impactocastex.com.ar\/"},{"@type":"ListItem","position":2,"name":"PSG vs. Flamengo en vivo, la final de la Copa Intercontinental"}]},{"@type":"WebSite","@id":"https:\/\/impactocastex.com.ar\/#website","url":"https:\/\/impactocastex.com.ar\/","name":"Impacto Castex","description":"","publisher":{"@id":"https:\/\/impactocastex.com.ar\/#organization"},"potentialAction":[{"@type":"SearchAction","target":{"@type":"EntryPoint","urlTemplate":"https:\/\/impactocastex.com.ar\/?s={search_term_string}"},"query-input":{"@type":"PropertyValueSpecification","valueRequired":true,"valueName":"search_term_string"}}],"inLanguage":"es"},{"@type":"Organization","@id":"https:\/\/impactocastex.com.ar\/#organization","name":"Impacto Castex","url":"https:\/\/impactocastex.com.ar\/","logo":{"@type":"ImageObject","inLanguage":"es","@id":"https:\/\/impactocastex.com.ar\/#\/schema\/logo\/image\/","url":"https:\/\/impactocastex.com.ar\/wp-content\/uploads\/2025\/09\/cropped-icoweb.png","contentUrl":"https:\/\/impactocastex.com.ar\/wp-content\/uploads\/2025\/09\/cropped-icoweb.png","width":512,"height":512,"caption":"Impacto Castex"},"image":{"@id":"https:\/\/impactocastex.com.ar\/#\/schema\/logo\/image\/"},"sameAs":["https:\/\/www.facebook.com\/impactocastexdiario","https:\/\/www.instagram.com\/impactocastex.com.ar\/"]},{"@type":"Person","@id":"https:\/\/impactocastex.com.ar\/#\/schema\/person\/86cb4f827fb5f87869a239b98a69c6e3","name":"impactocastex","image":{"@type":"ImageObject","inLanguage":"es","@id":"https:\/\/secure.gravatar.com\/avatar\/9a87ee051ca8c77f5d4070843ce2c78cdf95b858b950fb039151de955122f5f5?s=96&d=mm&r=g","url":"https:\/\/secure.gravatar.com\/avatar\/9a87ee051ca8c77f5d4070843ce2c78cdf95b858b950fb039151de955122f5f5?s=96&d=mm&r=g","contentUrl":"https:\/\/secure.gravatar.com\/avatar\/9a87ee051ca8c77f5d4070843ce2c78cdf95b858b950fb039151de955122f5f5?s=96&d=mm&r=g","caption":"impactocastex"},"sameAs":["https:\/\/impactocastex.com.ar"],"url":"https:\/\/impactocastex.com.ar\/?author=1"}]}},"jetpack_publicize_connections":[],"featured_image_urls":{"full":["https:\/\/impactocastex.com.ar\/wp-content\/uploads\/2025\/12\/PSVG4JT75ZHFXBTTULNYO4S5XY-hafLeq-scaled.jpg",2560,1706,false],"thumbnail":["https:\/\/impactocastex.com.ar\/wp-content\/uploads\/2025\/12\/PSVG4JT75ZHFXBTTULNYO4S5XY-hafLeq-150x150.jpg",150,150,true],"medium":["https:\/\/impactocastex.com.ar\/wp-content\/uploads\/2025\/12\/PSVG4JT75ZHFXBTTULNYO4S5XY-hafLeq-300x200.jpg",300,200,true],"medium_large":["https:\/\/impactocastex.com.ar\/wp-content\/uploads\/2025\/12\/PSVG4JT75ZHFXBTTULNYO4S5XY-hafLeq-768x512.jpg",640,427,true],"large":["https:\/\/impactocastex.com.ar\/wp-content\/uploads\/2025\/12\/PSVG4JT75ZHFXBTTULNYO4S5XY-hafLeq-1024x683.jpg",640,427,true],"1536x1536":["https:\/\/impactocastex.com.ar\/wp-content\/uploads\/2025\/12\/PSVG4JT75ZHFXBTTULNYO4S5XY-hafLeq-1536x1024.jpg",1536,1024,true],"2048x2048":["https:\/\/impactocastex.com.ar\/wp-content\/uploads\/2025\/12\/PSVG4JT75ZHFXBTTULNYO4S5XY-hafLeq-2048x1365.jpg",2048,1365,true],"newsever-slider-full":["https:\/\/impactocastex.com.ar\/wp-content\/uploads\/2025\/12\/PSVG4JT75ZHFXBTTULNYO4S5XY-hafLeq-1280x845.jpg",1280,845,true],"newsever-featured":["https:\/\/impactocastex.com.ar\/wp-content\/uploads\/2025\/12\/PSVG4JT75ZHFXBTTULNYO4S5XY-hafLeq-1024x683.jpg",1024,683,true],"newsever-medium":["https:\/\/impactocastex.com.ar\/wp-content\/uploads\/2025\/12\/PSVG4JT75ZHFXBTTULNYO4S5XY-hafLeq-720x475.jpg",720,475,true]},"author_info":{"info":["impactocastex"]},"category_info":"<a href=\"https:\/\/impactocastex.com.ar\/?cat=89\" rel=\"category\">NACIONALES<\/a>","tag_info":"NACIONALES","comment_count":0,"jetpack_featured_media_url":"https:\/\/impactocastex.com.ar\/wp-content\/uploads\/2025\/12\/PSVG4JT75ZHFXBTTULNYO4S5XY-hafLeq-scaled.jpg","jetpack_sharing_enabled":true,"jetpack_likes_enabled":true,"jetpack_shortlink":"https:\/\/wp.me\/p7sopA-1Ax","_links":{"self":[{"href":"https:\/\/impactocastex.com.ar\/index.php?rest_route=\/wp\/v2\/posts\/6109","targetHints":{"allow":["GET"]}}],"collection":[{"href":"https:\/\/impactocastex.com.ar\/index.php?rest_route=\/wp\/v2\/posts"}],"about":[{"href":"https:\/\/impactocastex.com.ar\/index.php?rest_route=\/wp\/v2\/types\/post"}],"author":[{"embeddable":true,"href":"https:\/\/impactocastex.com.ar\/index.php?rest_route=\/wp\/v2\/users\/1"}],"replies":[{"embeddable":true,"href":"https:\/\/impactocastex.com.ar\/index.php?rest_route=%2Fwp%2Fv2%2Fcomments&post=6109"}],"version-history":[{"count":0,"href":"https:\/\/impactocastex.com.ar\/index.php?rest_route=\/wp\/v2\/posts\/6109\/revisions"}],"wp:featuredmedia":[{"embeddable":true,"href":"https:\/\/impactocastex.com.ar\/index.php?rest_route=\/wp\/v2\/media\/6110"}],"wp:attachment":[{"href":"https:\/\/impactocastex.com.ar\/index.php?rest_route=%2Fwp%2Fv2%2Fmedia&parent=6109"}],"wp:term":[{"taxonomy":"category","embeddable":true,"href":"https:\/\/impactocastex.com.ar\/index.php?rest_route=%2Fwp%2Fv2%2Fcategories&post=6109"},{"taxonomy":"post_tag","embeddable":true,"href":"https:\/\/impactocastex.com.ar\/index.php?rest_route=%2Fwp%2Fv2%2Ftags&post=6109"}],"curies":[{"name":"wp","href":"https:\/\/api.w.org\/{rel}","templated":true}]}}