{"id":6108,"date":"2025-12-17T15:41:59","date_gmt":"2025-12-17T18:41:59","guid":{"rendered":"https:\/\/impactocastex.com.ar\/?p=6108"},"modified":"2025-12-17T15:41:59","modified_gmt":"2025-12-17T18:41:59","slug":"javier-milei-en-vivo-las-ultimas-medidas-del-gobierno-17","status":"publish","type":"post","link":"https:\/\/impactocastex.com.ar\/?p=6108","title":{"rendered":"Javier Milei, en vivo: las \u00faltimas medidas del Gobierno"},"content":{"rendered":"<p>\u201c<b>Arranc\u00f3 bien el d\u00eda con los kirchneristas nerviosos. Tranquilos. <\/b>Nosotros estamos trabajando, dialogando con todos y construyendo los acuerdos necesarios para lograr la media sanci\u00f3n de la Ley de Modernizaci\u00f3n Laboral\u201d, escribi\u00f3 la senadora nacional en X tras su cruce con Mayans por la conformaci\u00f3n de la comisi\u00f3n de Trabajo.<\/p>\n<blockquote class=\"twitter-tweet\">\n<p lang=\"es\" dir=\"ltr\">Arranc\u00f3 bien el d\u00eda con los kirchneristas nerviosos.<\/p>\n<p>Tranquilos. Nosotros estamos trabajando, dialogando con todos y construyendo los acuerdos necesarios para lograr la media sanci\u00f3n de la Ley de Modernizaci\u00f3n Laboral. <a href=\"https:\/\/t.co\/taaIZCrkCM\">pic.twitter.com\/taaIZCrkCM<\/a><\/p>\n<p>\u2014 Patricia Bullrich (@PatoBullrich) <a href=\"https:\/\/twitter.com\/PatoBullrich\/status\/2001361226669133976?ref_src=twsrc%5Etfw\">December 17, 2025<\/a><\/p><\/blockquote>\n<p>De manera discreta,\u00a0<b>en un comunicado lleno de jerga publicado en el sitio web del Banco Central de Argentina,<\/b>\u00a0el presidente\u00a0<b>Javier Milei<\/b>\u00a0realiz\u00f3 un cambio crucial. A partir de enero, el peso argentino \u2014<b>maltrecho por los mercados y respaldado por Donald Trump el a\u00f1o pasado<\/b>\u2014 podr\u00e1 flotar m\u00e1s libremente.<\/p>\n<p><b>Desde abril se ha movido dentro de una banda, cuyos l\u00edmites se ampl\u00edan un 1% cada mes.<\/b>\u00a0Ahora se ampliar\u00e1n al ritmo de la inflaci\u00f3n, actualmente del 2,5% mensual. Eso permitir\u00e1 que el peso, que muchos consideran sobrevalorado, se debilite m\u00e1s r\u00e1pidamente.\u00a0<b>Tambi\u00e9n contribuir\u00e1 al plan de comprar unos US$10.000 millones en reservas extranjeras el pr\u00f3ximo a\u00f1o.<\/b>\u00a0Todo ello supone un paso positivo, aunque cauteloso, para abordar la mayor debilidad del programa de reformas liberalizadoras de Milei.<\/p>\n<p><img loading=\"lazy\" decoding=\"async\" src=\"https:\/\/resizer.glanacion.com\/resizer\/v2\/2YDLOMSM4ZESXBFTBX2UUQZZM4.jpg?auth=e8bd1e62a7c12f4dddc1f0c6307fbbd7daf5890cad38fe7eb8f2b1bd7c0289d6&amp;smart=true&amp;width=1360&amp;height=910\" alt=\"Javier Milei y Luis Caputo\" height=\"910\" width=\"1360\" \/><\/p>\n<p>Su gobierno lleva mucho tiempo tratando de mantener fuerte el peso.<b>\u00a0Esto ha contribuido a reducir la inflaci\u00f3n, pero ha lastrado las exportaciones,<\/b>\u00a0<b>impulsado las importaciones<\/b>\u00a0y\u00a0<b>dificultado mucho la acumulaci\u00f3n de reservas<\/b>. Esto preocupaba al FMI y a los inversores, a quienes se les deben d\u00f3lares.<\/p>\n<p>A medida que se acercaban las elecciones de mitad de mandato en octubre,\u00a0<b>todo el mundo empez\u00f3 a vender pesos,<\/b>\u00a0lo que oblig\u00f3 al Banco Central a vender miles de millones de d\u00f3lares para defender el l\u00edmite de la banda.<b>\u00a0El peso corr\u00eda el peligro de desplomarse,<\/b>\u00a0lo que podr\u00eda haber arruinado las perspectivas electorales de Milei y su proyecto de reforma m\u00e1s amplio. Entonces, de forma extraordinaria,\u00a0<b>el Tesoro de Estados Unidos respald\u00f3 el peso<\/b>. Eso alivi\u00f3 la presi\u00f3n y ayud\u00f3 a Milei a ganar<b>. \u00c9l sigui\u00f3 insistiendo en que no modificar\u00eda el r\u00e9gimen cambiario,<\/b>\u00a0pero los inversores segu\u00edan preocupados.<\/p>\n<p><a href=\"https:\/\/www.lanacion.com.ar\/economia\/dolar\/el-analisis-de-the-economist-sobre-los-cambios-anunciados-sobre-el-manejo-del-dolar-nid17122025\/\">Le\u00e9 la nota completa ac\u00e1<\/a><\/p>\n<p>El Directorio del<b>\u00a0Fondo Monetario Internacional (FMI)\u00a0<\/b>discutir\u00e1 hoy el programa por US$20.000 millones que mantiene con la<b>\u00a0Argentina<\/b>\u00a0durante una reuni\u00f3n informal en Washington, seg\u00fan public\u00f3 este mi\u00e9rcoles\u00a0<i><b>Bloomberg<\/b><\/i>\u00a0en base a fuentes familiarizadas con el tema.<\/p>\n<p>El staff t\u00e9cnico informar\u00e1 a los directores del organismo sobre los \u00faltimos acontecimientos del caso argentino, inform\u00f3 la agencia.\u00a0<a href=\"https:\/\/www.lanacion.com.ar\/economia\/el-mundo-ahora-espera-algo-de-normalidad-nid04122025\/\" rel=\"\" title=\"https:\/\/www.lanacion.com.ar\/economia\/el-mundo-ahora-espera-algo-de-normalidad-nid04122025\/\">Se trata de un encuentro que estaba previsto para inicios de diciembre, pero que se posterg\u00f3 en reiteradas oportunidades.<\/a><\/p>\n<p><img loading=\"lazy\" decoding=\"async\" src=\"https:\/\/resizer.glanacion.com\/resizer\/v2\/IIGEBVZBL5HPHHXO7END2DS6OE.jpg?auth=6711dd559258a6f49bbddf8cd3a5233ee3b9492d20d53c1bdd6a776b3b30b29d&amp;smart=true&amp;width=2000&amp;height=1335\" alt=\"El staff t\u00e9cnico informar\u00e1 a los directrores del organismo sobre los \u00faltimos acontecimientos del caso argentino\" height=\"1335\" width=\"2000\" \/><\/p>\n<p>El\u00a0<b>Banco Central (BCRA)<\/b>\u00a0<a href=\"https:\/\/www.lanacion.com.ar\/economia\/nueva-estrategia-con-el-dolar-el-banco-central-informo-que-cambiara-el-esquema-de-bandas-y-se-nid15122025\/\" rel=\"\" title=\"https:\/\/www.lanacion.com.ar\/economia\/nueva-estrategia-con-el-dolar-el-banco-central-informo-que-cambiara-el-esquema-de-bandas-y-se-nid15122025\/\">anunci\u00f3 este lunes una nueva fase de su programa monetario:<\/a>\u00a0desde enero de 2026 el piso y el techo de las bandas cambiarias se actualizar\u00e1n cada mes en l\u00ednea con el \u00faltimo dato de inflaci\u00f3n disponible, en reemplazo del deslizamiento del 1% implementado en abril. <\/p>\n<p>La entidad, adem\u00e1s, anticip\u00f3 que comenzar\u00e1 un programa de acumulaci\u00f3n de reservas internacionales de acuerdo con la \u201cevoluci\u00f3n de la demanda de dinero\u201d y la liquidez del mercado de cambios.<\/p>\n<p>Son dos de los principales pedidos que manten\u00edan el FMI, consultoras, bancos internacionales e inversores. La Argentina cumpli\u00f3 los objetivos fiscales y monetarios pactados en abril con el organismo, pero no el de acumulaci\u00f3n de reservas.<\/p>\n<p><a href=\"https:\/\/www.lanacion.com.ar\/economia\/el-directorio-del-fmi-discute-el-programa-con-la-argentina-tras-los-cambios-en-el-dolar-que-anuncio-nid17122025\/\">Le\u00e9 la nota completa ac\u00e1<\/a><\/p>\n<p><b>La C\u00e1mara baja obtuvo los dos tercios necesarios para comenzar el debate por el presupuesto e inocencia fiscal. <\/b>Tras conseguir el n\u00famero necesario, integrantes del bloque oficialista batieron palmas y el presidente de la c\u00e1mara, Mart\u00edn Menem, anunci\u00f3:<b> \u201cCon la presencia de 140 diputados, queda abierta la sesi\u00f3n especial\u201d.<\/b><\/p>\n<p>El senador Jos\u00e9 Mayans rechaz\u00f3 la conformaci\u00f3n de la comisi\u00f3n que tratar\u00e1 la reforma laboral y que ser\u00e1 presidida por Patricia Bullrich. Cuestion\u00f3 la proporcionalidad y asegur\u00f3 que la conformaci\u00f3n de las comisiones tiene que ser abordada por el cuerpo del Senado o, al menos, -dijo- tiene que haber una facultad delegada. <\/p>\n<figure><video height=\"720\" width=\"1280\" poster=\"https:\/\/cdn.jwplayer.com\/v2\/media\/TGieABML\/poster.jpg?width=1280\" preload=\"none\"><\/video><figcaption>Jose Mayans: \u00abLo de Bullrich es una accion de atropello\u00bb<\/figcaption><\/figure>\n<p>Mayans, que protagoniz\u00f3 un fuerte cruce con Patricia Bullrich, adelant\u00f3 que llevar\u00e1n a la Justicia la constituci\u00f3n de las comisiones decidida por la Libertad Avanza.<\/p>\n<p>Seg\u00fan los resultados de un estudio realizado por <a href=\"https:\/\/www.lanacion.com.ar\/politica\/balance-vs-expectativas-el-41-de-los-argentinos-juzga-que-al-pais-le-fue-bien-en-2025-pero-el-62-nid17122025\/\" target=\"_self\" rel=\"\" title=\"https:\/\/www.lanacion.com.ar\/politica\/balance-vs-expectativas-el-41-de-los-argentinos-juzga-que-al-pais-le-fue-bien-en-2025-pero-el-62-nid17122025\/\"><b>Opinaia<\/b><\/a>, m\u00e1s de la mitad de los encuestados realiz\u00f3 un balance positivo de su a\u00f1o en t\u00e9rminos personales, no obstante, a nivel nacional predomina un mayor pesimismo. <b>Solo el 42% cree que al pa\u00eds le fue bien en ese mismo per\u00edodo, mientras el 35% juzg\u00f3 que fue un a\u00f1o malo y para un 23% fue muy malo.<\/b><\/p>\n<p><img loading=\"lazy\" decoding=\"async\" src=\"https:\/\/resizer.glanacion.com\/resizer\/v2\/R5YDUQCLTNAHVGHAS7N4XILTTI.jpg?auth=2a73b8e84413f2cefc566c91c390fe4fa0fb61518e95405f653eb9b97ee4eb80&amp;smart=true&amp;width=2000&amp;height=1333\" alt=\"La situaci\u00f3n econ\u00f3mica es el principal factor mencionado por los encuestados para evaluar el 2025. (Luis ROBAYO \/ AFP)\" height=\"1333\" width=\"2000\" \/><\/p>\n<p>Los datos surgen de una encuesta online a 1000 personas realizada por la<b>consultora Opinaia<\/b>, que lanz\u00f3 el <b>\u00edndice Balance Integral del A\u00f1o (BIDA)<\/b>.<b> <\/b>. Seg\u00fan el relevamiento de Opinaia, el 69% de los encuestados restringi\u00f3 consumos que valoraba y<b>solo el 41% tuvo alg\u00fan tipo de capacidad de ahorro<\/b>. \u201cLa econom\u00eda aparece as\u00ed como el principal factor problem\u00e1tico de este 2025\u2033, se\u00f1ala el informe.<b> <\/b>Sin embargo, hay expectativas favorables para el pr\u00f3ximo a\u00f1o. El 62% de los <b>encuestados considera que 2026 ser\u00e1 positivo para la Argentina<\/b><\/p>\n<p>La parte menos explorada de las \u00faltimas causas por lavado, algo as\u00ed como la punta de esa madeja millonaria que va desde <b>Sur Finanzas<\/b> a la <b>AFA<\/b> o a la <b>Agencia por Discapacidad<\/b>, podr\u00eda salir a la luz si prospera una investigaci\u00f3n silenciosa del Banco Central y la Unidad Informaci\u00f3n Financiera (UIA) sobre compras de d\u00f3lares oficiales que el propio ente monetario autoriz\u00f3, en pleno cepo, durante los dos \u00faltimos a\u00f1os del gobierno de <b>Alberto Fern\u00e1ndez<\/b>. Una bomba pol\u00edtica y econ\u00f3mica que, seg\u00fan informaci\u00f3n preliminar, involucra una operatoria de no menos de <b>1400 millones de d\u00f3lares<\/b> y a <b>nueve bancos, 90 casas de cambio y unas 200 personas<\/b>.<\/p>\n<p>No hay dudas de que es informaci\u00f3n sensible para el sistema financiero. Tanto, que autoridades del Banco Central se estuvieron reuniendo en las \u00faltimas semanas con especialistas en lavado de activos para intentar avanzar en el tema. El universo de operaciones analizado excede adem\u00e1s las compras por comercio exterior, cuestionado desde hace tiempo por la presunci\u00f3n de que hubo importaciones simuladas para obtener autorizaciones para acceder al d\u00f3lar oficial. Pero, esta vez, en un 85% de los casos auscultados, se trata directamente de <b>compras de d\u00f3lares que bancos y casas de cambio requer\u00edan para tenencia o pago de pr\u00e9stamos mutuos de ahorristas en medio de las restricciones<\/b>, cuando el resto de la econom\u00eda funcionaba con escasos insumos y se acumulaba una deuda que lleg\u00f3 a los US$45.000 millones por el pago de importaciones.<\/p>\n<p>Un d\u00eda despu\u00e9s de designar a un funcionario denunciado por presunta evasi\u00f3n y lavado al frente de la Agencia de Recaudaci\u00f3n y Control Aduanero (ARCA), el presidente <b>Javier Milei<\/b> ungi\u00f3 como titular de la <b>Direcci\u00f3n General Impositiva (DGI) <\/b>a uno de los \u201csabuesos\u201d acusados de proteger dentro del organismo tributario a las empresas<b> <\/b>de <b>L\u00e1zaro B\u00e1ez y Crist\u00f3bal L\u00f3pez <\/b>durante el kirchnerismo.<\/p>\n<p>La designaci\u00f3n de <b>Mariano Mengochea<\/b> como nuevo director de la DGI se public\u00f3 hoy en el Bolet\u00edn Oficial, con la firma del jefe de Estado y del ministro de Econom\u00eda, <b>Luis Caputo<\/b>. Escueto, el decreto 895\/25 solo tiene dos p\u00e1rrafos, sin aludir a los antecedentes acad\u00e9micos y laborales del funcionario, un lugarteniente hist\u00f3rico de <b>Andr\u00e9s V\u00e1zquez<\/b>, el flamante titular de ARCA, quien arrastra una mochila de inconsistencias patrimoniales en el exterior.<\/p>\n<p>El Banco Central (BCRA) oficializ\u00f3 el lunes por la tarde una modificaci\u00f3n en la hoja de ruta cambiaria. Con el objetivo de acumular reservas,<b> a partir de enero las bandas de flotaci\u00f3n cambiaria dejar\u00e1n de ajustarse a un ritmo fijo del 1% mensual y se actualizar\u00e1n de acuerdo con el \u00faltimo dato de inflaci\u00f3n. <\/b>Se trata de un cambio que hac\u00eda tiempo el mercado ten\u00eda en la vista.<\/p>\n<p>Las bandas cambiarias empezaron a regir a mediados de abril, cuando el Gobierno levant\u00f3 el cepo para los ahorristas minoristas y anunci\u00f3 un nuevo acuerdo con el Fondo Monetario Internacional (FMI). En aquel entonces, se estableci\u00f3 un piso de $1000 y un techo de $1400, valores que ajustan diariamente a una velocidad del 1% mensual.<\/p>\n<p><b>El riesgo pa\u00eds cae y toca el valor m\u00e1s bajo en m\u00e1s de siete a\u00f1os. <\/b>Aunque despu\u00e9s de las elecciones legislativas el \u00edndice que elabora el JP Morgan se estabiliz\u00f3 en torno a los 650 puntos b\u00e1sicos, <b>el anuncio de compra de reservas del Banco Central (BCRA) fue la noticia que dinamiz\u00f3 la baja en el indicador, <\/b>asociada a una recuperaci\u00f3n en el precio de los bonos argentinos.<\/p>\n<p>En la tercera rueda de la semana, el <b>riesgo pa\u00eds baja seis unidades y se ubica en los 555 puntos b\u00e1sicos (-1,1%), <\/b>de acuerdo con las pantallas de Rava Burs\u00e1til. Para encontrar un valor similar hay que retroceder hasta el 30 de julio de 2018, cuando el \u00edndice hab\u00eda cerrado en 552 puntos. Durante la gesti\u00f3n de Mauricio Macri, se llegaron a observar valores de 350 puntos b\u00e1sicos a finales de 2017.<\/p>\n<p>Como se preve\u00eda, el <b>kirchnerismo<\/b> se plant\u00f3 con argumentos reglamentarios y constitucionales contra la <b>reforma laboral<\/b> e <b>impugn\u00f3 la composici\u00f3n de la Comisi\u00f3n de Trabajo<\/b>, que ser\u00e1 cabecera del tratamiento de la iniciativa enviada por el Poder Ejecutivo y que presidir\u00e1 <b>Patricia Bullrich<\/b>, jefa de la bancada libertaria en el Senado.<\/p>\n<p>\u201cSi as\u00ed inician un debate que cambia el derecho laboral de miles de argentinos, esto va derecho a los tribunales\u201d, advirti\u00f3 <b>Jos\u00e9 Mayans<\/b> (Formosa), presidente del interbloque Popular, nuevo nombre que adquiri\u00f3 la bancada kirchnerista en la C\u00e1mara alta.<\/p>\n<p>En la reuni\u00f3n constitutiva de la Comisi\u00f3n de Trabajo, Mayans <b>plante\u00f3 la ilegalidad de la decisi\u00f3n adoptada por los jefes de bloque<\/b> en una reuni\u00f3n celebrada el martes por no contar con el aval del pleno del cuerpo, tal como lo establece el art\u00edculo 14 del Reglamento del Senado.<\/p>\n<p>\u201cEs bastante razonable que el Gobierno persista en su pol\u00edtica deshumanizante contra las universidades y las personas con discapacidad. Lo que les pregunto, con todo respeto, a los se\u00f1ores diputados que antes de las elecciones votaron dos veces a favor de la Ley de Emergencia en Discapacidad y la de Financiamiento Universitario: \u00bfc\u00f3mo se explica que ahora voten una Ley de Presupuesto que las deroga expl\u00edcitamente?\u201d.<\/p>\n<blockquote class=\"twitter-tweet\">\n<p lang=\"es\" dir=\"ltr\">Es bastante razonable que el Gobierno persista en su politica deshumanizante contra las universidades y las personas con discapacidad. Lo que les pregunto, con todo respeto, a los se\u00f1ores diputados que antes de las elecciones votaron dos veces a favor de la Ley de Emergencia en\u2026<\/p>\n<p>\u2014 Juan Grabois (@JuanGrabois) <a href=\"https:\/\/twitter.com\/JuanGrabois\/status\/2001098849918628037?ref_src=twsrc%5Etfw\">December 17, 2025<\/a><\/p><\/blockquote>\n<p>El presidente <b>Javier Milei <\/b>firm\u00f3 esta semana el proyecto de la <a href=\"https:\/\/www.lanacion.com.ar\/politica\/milei-volvio-de-oslo-y-firmo-la-reforma-laboral-con-un-gesto-a-la-cgt-excluyo-el-item-que-afectaba-nid11122025\/\" rel=\"\" title=\"https:\/\/www.lanacion.com.ar\/politica\/milei-volvio-de-oslo-y-firmo-la-reforma-laboral-con-un-gesto-a-la-cgt-excluyo-el-item-que-afectaba-nid11122025\/\"><b>reforma laboral<\/b><\/a>, que busca modificar aspectos centrales de la relaci\u00f3n entre empleadores y trabajadores, con el objetivo de darle<b> mayor flexibilidad al sistema y reducir la litigiosidad<\/b>.<\/p>\n<p>Un informe de <i>LN+<\/i> brind\u00f3 detalles de la iniciativa, que avanza sobre <b>vacaciones, jornada laboral, despidos, trabajo en casas particulares y servicios esenciales<\/b>, adem\u00e1s de incorporar nuevos instrumentos, como el <b>banco de horas<\/b> y los <b>fondos de cese laboral<\/b>.<\/p>\n<p>La expresidenta <b>Cristina Kirchner<\/b> cuestion\u00f3 este mi\u00e9rcoles por la ma\u00f1ana los <a href=\"https:\/\/www.lanacion.com.ar\/economia\/nueva-estrategia-con-el-dolar-el-banco-central-informo-que-cambiara-el-esquema-de-bandas-y-se-nid15122025\/\" rel=\"\" title=\"https:\/\/www.lanacion.com.ar\/economia\/nueva-estrategia-con-el-dolar-el-banco-central-informo-que-cambiara-el-esquema-de-bandas-y-se-nid15122025\/\"><b>cambios <\/b><\/a>en el d\u00f3lar establecidos el lunes por el Banco Central, que desde 2026 ajustar\u00e1 el piso y el techo mensualmente seg\u00fan la inflaci\u00f3n.<\/p>\n<p>A trav\u00e9s de un nuevo descargo en la red social X, la l\u00edder del Partido Justicialista apunt\u00f3 contra el gobierno de Javier Milei las promesas de campa\u00f1a libertarias. \u201cEn 2023 fue la dolarizaci\u00f3n\u2026 ibas a recibir d\u00f3lares en lugar de pesos por tu trabajo o tu salario. En 2024, otra vez fue la dolarizaci\u00f3n, pero esta vez era end\u00f3gena por competencia de monedas\u2026 los d\u00f3lares iban a salir de los colchones desplazando a los pesos. En 2025 fue el d\u00f3lar entre bandas y con crawling-peg (devaluaci\u00f3n mensual del 1% primero y del 1,5% despu\u00e9s)\u201c, enumer\u00f3.<\/p>\n<blockquote class=\"twitter-tweet\">\n<p lang=\"es\" dir=\"ltr\">En el 2023 fue la dolarizaci\u00f3n\u2026 ibas a recibir d\u00f3lares en lugar de pesos por tu trabajo o tu salario.<\/p>\n<p>En el 2024, otra vez fue la dolarizaci\u00f3n, pero esta vez era end\u00f3gena por competencia de monedas\u2026 los d\u00f3lares iban a salir de los colchones desplazando a los pesos.<\/p>\n<p>En el 2025\u2026<\/p>\n<p>\u2014 Cristina Kirchner (@CFKArgentina) <a href=\"https:\/\/twitter.com\/CFKArgentina\/status\/2001253584478884089?ref_src=twsrc%5Etfw\">December 17, 2025<\/a><\/p><\/blockquote>\n<p>La Asociaci\u00f3n T\u00e9cnicos y Empleados de Protecci\u00f3n y Seguridad a la Aeronavegaci\u00f3n (<b>Atepsa<\/b>), gremio que nuclea a los <b>controladores a\u00e9reos,<\/b> comenzar\u00e1 este mi\u00e9rcoles a implementar el<b> cronograma <\/b>de<b> medidas de fuerza<\/b> que afectar\u00e1n a vuelos dom\u00e9sticos e internacionales durante las<b> fiestas de fin de a\u00f1o.<\/b><\/p>\n<p><b>\u201cPor ahora las medidas siguen en pie igual que fueron notificadas\u201d, <\/b>inform\u00f3 a<b> LA NACION <\/b>Juli\u00e1n Gaday, portavoz de Atepsa. <b>De esta forma, <\/b>habr\u00e1 un <b>paro entre las 8 y las 11 que afectar\u00e1 a los despegues de la aviaci\u00f3n con destino nacional.<\/b><\/p>\n<p>El <b>jueves 18<\/b> tambi\u00e9n se prev\u00e9n complicaciones en los vuelos de cabotaje, ya que el gremio anunci\u00f3 una <b>medida igual entre las 16 y las 19.<\/b><\/p>\n<p>Despu\u00e9s de que el presidente Javier Milei firmara el proyecto de la <a href=\"https:\/\/www.lanacion.com.ar\/politica\/en-que-consiste-la-reforma-laboral-del-gobierno-de-javier-milei-nid15122025\/\" rel=\"\" title=\"https:\/\/www.lanacion.com.ar\/politica\/en-que-consiste-la-reforma-laboral-del-gobierno-de-javier-milei-nid15122025\/\"><b>reforma laboral<\/b><\/a> y lo enviara al Senado para ser tratado, <a href=\"https:\/\/www.lanacion.com.ar\/politica\/patricia-bullrich-y-axel-kicillof-se-cruzaron-por-la-reforma-laboral-esa-es-la-justicia-social-que-nid16122025\/\" target=\"_blank\" rel=\"noreferrer\" title=\"https:\/\/www.lanacion.com.ar\/politica\/patricia-bullrich-y-axel-kicillof-se-cruzaron-por-la-reforma-laboral-esa-es-la-justicia-social-que-nid16122025\/\">el gobernador <b>Axel Kicillof le sali\u00f3 al cruce<\/b> y la calific\u00f3 como una \u201c<b>regresi\u00f3n muy fuerte<\/b>\u201d<\/a>. Luego, la exministra de Seguridad <b>Patricia Bullrich<\/b> le <b>respondi\u00f3 <\/b>al mandatario provincial por manifestarse en contra y lo chicane\u00f3 con el n\u00famero de trabajadores informales que se registran en la provincia de Buenos Aires.<\/p>\n<p>\u201cKicillof dice que est\u00e1 en contra de la reforma laboral. En la provincia de Buenos Aires, si tomamos el promedio nacional, el 43% de los trabajadores son informales. Sin derechos. Sin aportes. Sin vacaciones. Sin aguinaldo. Sin ART. Axel,<b> \u00bfde verdad no te importa que casi la mitad de los bonaerenses labure as\u00ed?<\/b>\u201c, arremeti\u00f3 la senadora en sus redes sociales.<\/p>\n<p>Luego sum\u00f3: \u201d<b>\u00bfEso es la \u2018justicia social\u2019 que defend\u00e9s?<\/b> Defienden un sistema que condena a millones, mientras hablan desde la comodidad del relato. Esta ley est\u00e1 del lado del que labura, les guste o no\u00bb.<\/p>\n<p>La aceleraci\u00f3n de la <a href=\"https:\/\/www.lanacion.com.ar\/economia\/inflacion-de-noviembre-el-ipc-de-la-ciudad-fue-de-22-y-marco-una-aceleracion-tras-las-elecciones-nid10122025\/\" rel=\"\" title=\"https:\/\/www.lanacion.com.ar\/economia\/inflacion-de-noviembre-el-ipc-de-la-ciudad-fue-de-22-y-marco-una-aceleracion-tras-las-elecciones-nid10122025\/\"><b>inflaci\u00f3n en la Ciudad de Buenos, que marc\u00f3 en noviembre un 2,4%<\/b><\/a>, golpe\u00f3 al bolsillo de los hogares. Aumentos por encima del promedio en rubros como el transporte, las expensas y los alquileres, adem\u00e1s de incrementos en el precio de los alimentos, elevaron el umbral estad\u00edstico para que una familia de cuatro integrantes pueda ser <b>considerada formalmente de \u201cclase media\u201d, que ya supera los $2 millones.<\/b><\/p>\n<p>La estad\u00edstica oficial marca que el piso de ingreso m\u00ednimo que un hogar tipo de dos adultos mayores y dos menores debe recibir por mes para integrar ese estrato socioecon\u00f3mico lleg\u00f3 en noviembre a <b>$2.076.905 en el mes.<\/b><\/p>\n<p>Se trata de un n\u00famero que es definido por el Instituto de Estad\u00edstica y Censos de la Ciudad de Buenos Aires (Idecba), a partir de las mediciones que surgen de su propio relevamiento de precios mensual en territorio porte\u00f1o. En ese sentido,<b> el dato del IPC porte\u00f1o difundido la semana pasada marc\u00f3 que la inflaci\u00f3n de noviembre se aceler\u00f3 al 2,4% en el mes. <\/b>Con esa variaci\u00f3n, acumul\u00f3 28,3% en los primeros 11 meses de 2025 y se ubic\u00f3 en el 32,6% interanual.<\/p>\n<p>Tras la visita de <a href=\"https:\/\/www.lanacion.com.ar\/politica\/javier-milei-se-reune-con-jose-antonio-kast-en-la-casa-rosada-nid16122025\/\" rel=\"\" title=\"https:\/\/www.lanacion.com.ar\/politica\/javier-milei-se-reune-con-jose-antonio-kast-en-la-casa-rosada-nid16122025\/\"><b>Jos\u00e9 Antonio Kast<\/b><\/a>, presidente electo de <b>Chile<\/b>, a la Argentina, surgieron versiones de que el flamante mandatario le <b>hab\u00eda ofrecido a Jos\u00e9 Luis Daza, viceministro de Econom\u00eda, ser el titular de la cartera econ\u00f3mica en su pa\u00eds<\/b>. Horas despu\u00e9s, el secretario de pol\u00edtica econ\u00f3mica del gobierno argentino <b>confirm\u00f3 la propuesta<\/b>, pero no asegur\u00f3 si se va a ir o no, sino que dej\u00f3 la puerta abierta a cualquier opci\u00f3n.<\/p>\n<p>Daza asisti\u00f3 este martes al programa <i>Las Tres Anclas<\/i>, del canal de streaming libertario Carajo, junto con Luis Caputo, ministro de Econom\u00eda, y Santiago Bausili, presidente del Banco Central de la Rep\u00fablica Argentina (BCRA). All\u00ed, el propagandista \u201cGordo Dan\u201d le pregunt\u00f3 al viceministro si existi\u00f3 la propuesta, a lo que contest\u00f3: \u201c<b>Me lo ofrecieron<\/b>\u201d.<\/p>\n<p>Sin embargo, no se trata de una decisi\u00f3n tomada, sino que deber\u00e1 evaluar la propuesta, con lo cual, opt\u00f3 por no explayarse y prefiri\u00f3 profundizar en la pol\u00edtica econ\u00f3mica del gobierno argentino. \u201cDesde mi punto de vista y el de mi vida profesional, <b>esto es, por lejos, lo m\u00e1s importante que hice<\/b>. Y este es el grupo m\u00e1s extraordinario con el que trabaj\u00e9. Es algo muy especial, un proyecto \u00e9pico. No s\u00e9 c\u00f3mo expresarme, estoy muy emocionado\u201d, declar\u00f3.<\/p>\n<p><img loading=\"lazy\" decoding=\"async\" src=\"https:\/\/resizer.glanacion.com\/resizer\/v2\/54U2PFGVBVHMXCEM464MH736LY.jpg?auth=46fbf110e7d1bb90fe46ecbec72ed60f2fe6f2cc5dc3a2df85154159747e61c7&amp;smart=true&amp;width=2000&amp;height=1334\" alt=\"Reacci\u00f3n inicial: subi\u00f3 el d\u00f3lar y el riesgo pa\u00eds perfor\u00f3 los 600 puntos tras los anuncios\" height=\"1334\" width=\"2000\" \/><\/p>\n<p><b>El riesgo pa\u00eds perfor\u00f3 los 600 puntos b\u00e1sicos y toc\u00f3 el valor m\u00e1s bajo desde mediados de enero de este a\u00f1o,<\/b> luego de que el Banco Central (BCRA) anunciara que el piso y el techo de la banda cambiaria se ajustar\u00e1n por inflaci\u00f3n a partir del 1\u00b0 de enero pr\u00f3ximo, y un plan en el que establece pautas para acumular reservas. Como primera reacci\u00f3n, tambi\u00e9n <b>los d\u00f3lares oficiales arrancaron el martes al alza, <\/b>aunque analistas esperan una estabilizaci\u00f3n en el corto plazo.<\/p>\n<p>Desde que la autoridad monetaria anunci\u00f3 la noticia el lunes por la tarde,<b> los bonos soberanos en d\u00f3lares se ti\u00f1eron de verde. <\/b>Este martes, la tendencia continu\u00f3. Los Bonares presentaron subas del 2,61% (AL41D), y los Globales de hasta 2,57% (GD41D).<\/p>\n<p>Lo peor de <b>Andr\u00e9s V\u00e1zquez <\/b>no es que haya llegado a la m\u00e1xima conducci\u00f3n de la agencia de recaudaci\u00f3n impositiva por ser <b>amigo de sombr\u00edos personajes de los servicios de inteligencia<\/b>, como <b>Leonardo Scatturice <\/b>y <b>Antonio \u201cJaime\u201d Stiuso<\/b>, sino que est\u00e9 siendo investigado por la Justicia por <b>evasi\u00f3n impositiva, presunto enriquecimiento il\u00edcito y lavado de dinero<\/b>. Entre las autoridades de la ex-AFIP, hoy ARCA, hubo funcionarios honestos y eficientes, como <b>Alberto Abad<\/b>, y algunos que se dedicaron a la persecuci\u00f3n pol\u00edtica, como <b>Ricardo Echegaray<\/b>, pero ninguno tuvo el prontuario judicial de V\u00e1zquez.<\/p>\n<p><a href=\"https:\/\/www.lanacion.com.ar\/politica\/evasion-y-servicios-de-inteligencia-en-la-nueva-afip-nid16122025\/\">Le\u00e9 la nota completa ac\u00e1<\/a><\/p>\n<p>Luego de que el Gobierno designara a <b>Andr\u00e9s V\u00e1zquez<\/b> como titular de la Agencia de Recaudaci\u00f3n y Control Aduanero (ARCA), nombr\u00f3 a su reemplazante en la Direcci\u00f3n General Impositiva. Se trata de <b>Mariano Mengochea<\/b>, quien ejerc\u00eda como subdirector general de operaciones impositivas metropolitanas del organismo.<\/p>\n<p><img loading=\"lazy\" decoding=\"async\" src=\"https:\/\/resizer.glanacion.com\/resizer\/v2\/UIGAC4VH6BH55EECVL6GDRV44Q.PNG?auth=d281ee89834991c7e5e219c780ccb3bc246f44ee57732ddd345ccf8b071bceba&amp;smart=true&amp;width=746&amp;height=368\" alt=\"El Gobierno design\u00f3 al reemplazo de V\u00e1zquez en la DGI\" height=\"368\" width=\"746\" \/><\/p>\n<p>El Gobierno anunci\u00f3 la salida del funcionario Germ\u00e1n Guido Lavalle, hasta entonces a cargo de la Comisi\u00f3n Nacional de Energ\u00eda At\u00f3mica (CNEA), tras la reciente designaci\u00f3n del nuevo Secretario de Asuntos Nucleares, <b>Federico Ramos N\u00e1poli<\/b>.<\/p>\n<p><a href=\"https:\/\/www.lanacion.com.ar\/politica\/renuncio-el-titular-de-la-comision-nacional-de-energia-atomica-el-gobierno-ya-designo-a-su-nid16122025\/\">Le\u00e9 la nota completa ac\u00e1<\/a><\/p>\n<p>La necesidad tiene cara de hereje, dice el refr\u00e1n. El debate del presupuesto 2026 ser\u00e1 la demostraci\u00f3n de la metamorfosis de un oficialismo que hac\u00eda del <b>dogmatismo del veto su bandera<\/b> y que ahora, forzado a exhibir gobernabilidad, <b>aprendi\u00f3 a negociar<\/b>. Las \u00faltimas concesiones a gobernadores amigos y bloques aliados dan cuenta de ello: el objetivo ya no es ganar por un voto. <b>Es hacer ostentaci\u00f3n de una victoria contundente<\/b> que le asfalte el camino hacia la pr\u00f3xima meta, la reforma laboral.<\/p>\n<p><a href=\"https:\/\/www.lanacion.com.ar\/politica\/presupuesto-el-gobierno-hace-concesiones-de-ultimo-minuto-a-sus-aliados-para-asegurarse-un-primer-nid16122025\/\">Le\u00e9 la nota completa ac\u00e1<\/a><\/p>\n<p>El recorrido por la funci\u00f3n p\u00fablica de <b>Andr\u00e9s V\u00e1zquez<\/b>, desde hoy designado por el presidente <b>Javier Milei<\/b> como titular de la <b>Agencia de Recaudaci\u00f3n y Control Aduanero (ARCA)<\/b>, estuvo atravesado por sumarios y causas judiciales.<\/p>\n<p><a href=\"https:\/\/www.lanacion.com.ar\/politica\/jefe-del-ente-recaudador-las-causas-judiciales-de-andres-vazquez-el-nuevo-titular-de-arca-nid16122025\/\">Le\u00e9 la nota completa ac\u00e1<\/a><\/p>\n<p>Despu\u00e9s de que el presidente Javier Milei firmara el proyecto de la <a href=\"https:\/\/www.lanacion.com.ar\/politica\/en-que-consiste-la-reforma-laboral-del-gobierno-de-javier-milei-nid15122025\/\" rel=\"\" title=\"https:\/\/www.lanacion.com.ar\/politica\/en-que-consiste-la-reforma-laboral-del-gobierno-de-javier-milei-nid15122025\/\"><b>reforma laboral<\/b><\/a> y lo enviara al Senado para ser tratado, el gobernador <b>Axel Kicillof le sali\u00f3 al cruce<\/b> y la calific\u00f3 como una \u201c<b>regresi\u00f3n muy fuerte<\/b>\u201d. Luego, la exministra de Seguridad <b>Patricia Bullrich<\/b> le <b>respondi\u00f3 <\/b>al mandatario provincial por manifestarse en contra y lo chicane\u00f3 con el n\u00famero de trabajadores informales que se registran en la provincia de Buenos Aires.<\/p>\n<p><a href=\"https:\/\/www.lanacion.com.ar\/politica\/patricia-bullrich-y-axel-kicillof-se-cruzaron-por-la-reforma-laboral-esa-es-la-justicia-social-que-nid16122025\/\">Le\u00e9 la nota completa ac\u00e1<\/a><\/p>\n<p>\u200bEl minuto a minuto de las decisiones del Presidente, las reacciones de la oposici\u00f3n y las declaraciones de los funcionarios\u00a0\u00a0<\/p>","protected":false},"excerpt":{"rendered":"<p>\u201cArranc\u00f3 bien el d\u00eda con los kirchneristas nerviosos. Tranquilos. Nosotros estamos trabajando, dialogando con todos&#8230;<\/p>\n","protected":false},"author":1,"featured_media":3372,"comment_status":"closed","ping_status":"closed","sticky":false,"template":"","format":"standard","meta":{"_jetpack_memberships_contains_paid_content":false,"footnotes":"","jetpack_publicize_message":"","jetpack_publicize_feature_enabled":true,"jetpack_social_post_already_shared":true,"jetpack_social_options":{"image_generator_settings":{"template":"highway","default_image_id":0,"font":"","enabled":false},"version":2}},"categories":[89],"tags":[],"class_list":["post-6108","post","type-post","status-publish","format-standard","has-post-thumbnail","hentry","category-nacionales"],"yoast_head":"<!-- This site is optimized with the Yoast SEO plugin v27.4 - https:\/\/yoast.com\/product\/yoast-seo-wordpress\/ -->\n<title>Javier Milei, en vivo: las \u00faltimas medidas del Gobierno -<\/title>\n<meta name=\"robots\" content=\"index, follow, max-snippet:-1, max-image-preview:large, max-video-preview:-1\" \/>\n<link rel=\"canonical\" href=\"https:\/\/impactocastex.com.ar\/?p=6108\" \/>\n<meta property=\"og:locale\" content=\"es_ES\" \/>\n<meta property=\"og:type\" content=\"article\" \/>\n<meta property=\"og:title\" content=\"Javier Milei, en vivo: las \u00faltimas medidas del Gobierno -\" \/>\n<meta property=\"og:description\" content=\"\u201cArranc\u00f3 bien el d\u00eda con los kirchneristas nerviosos. Tranquilos. Nosotros estamos trabajando, dialogando con todos...\" \/>\n<meta property=\"og:url\" content=\"https:\/\/impactocastex.com.ar\/?p=6108\" \/>\n<meta property=\"article:publisher\" content=\"https:\/\/www.facebook.com\/impactocastexdiario\" \/>\n<meta property=\"article:published_time\" content=\"2025-12-17T18:41:59+00:00\" \/>\n<meta property=\"og:image\" content=\"https:\/\/resizer.glanacion.com\/resizer\/v2\/2YDLOMSM4ZESXBFTBX2UUQZZM4.jpg?auth=e8bd1e62a7c12f4dddc1f0c6307fbbd7daf5890cad38fe7eb8f2b1bd7c0289d6&amp;smart=true&amp;width=1360&amp;height=910\" \/>\n<meta name=\"author\" content=\"impactocastex\" \/>\n<meta name=\"twitter:card\" content=\"summary_large_image\" \/>\n<meta name=\"twitter:label1\" content=\"Escrito por\" \/>\n\t<meta name=\"twitter:data1\" content=\"impactocastex\" \/>\n\t<meta name=\"twitter:label2\" content=\"Tiempo de lectura\" \/>\n\t<meta name=\"twitter:data2\" content=\"17 minutos\" \/>\n<script type=\"application\/ld+json\" class=\"yoast-schema-graph\">{\"@context\":\"https:\\\/\\\/schema.org\",\"@graph\":[{\"@type\":\"Article\",\"@id\":\"https:\\\/\\\/impactocastex.com.ar\\\/?p=6108#article\",\"isPartOf\":{\"@id\":\"https:\\\/\\\/impactocastex.com.ar\\\/?p=6108\"},\"author\":{\"name\":\"impactocastex\",\"@id\":\"https:\\\/\\\/impactocastex.com.ar\\\/#\\\/schema\\\/person\\\/86cb4f827fb5f87869a239b98a69c6e3\"},\"headline\":\"Javier Milei, en vivo: las \u00faltimas medidas del Gobierno\",\"datePublished\":\"2025-12-17T18:41:59+00:00\",\"mainEntityOfPage\":{\"@id\":\"https:\\\/\\\/impactocastex.com.ar\\\/?p=6108\"},\"wordCount\":3419,\"publisher\":{\"@id\":\"https:\\\/\\\/impactocastex.com.ar\\\/#organization\"},\"image\":{\"@id\":\"https:\\\/\\\/impactocastex.com.ar\\\/?p=6108#primaryimage\"},\"thumbnailUrl\":\"https:\\\/\\\/impactocastex.com.ar\\\/wp-content\\\/uploads\\\/2025\\\/11\\\/Q5CDR33JIFGJFGHZVGW7DRTMRI-jwpEav.jpg\",\"articleSection\":[\"NACIONALES\"],\"inLanguage\":\"es\"},{\"@type\":\"WebPage\",\"@id\":\"https:\\\/\\\/impactocastex.com.ar\\\/?p=6108\",\"url\":\"https:\\\/\\\/impactocastex.com.ar\\\/?p=6108\",\"name\":\"Javier Milei, en vivo: las \u00faltimas medidas del Gobierno -\",\"isPartOf\":{\"@id\":\"https:\\\/\\\/impactocastex.com.ar\\\/#website\"},\"primaryImageOfPage\":{\"@id\":\"https:\\\/\\\/impactocastex.com.ar\\\/?p=6108#primaryimage\"},\"image\":{\"@id\":\"https:\\\/\\\/impactocastex.com.ar\\\/?p=6108#primaryimage\"},\"thumbnailUrl\":\"https:\\\/\\\/impactocastex.com.ar\\\/wp-content\\\/uploads\\\/2025\\\/11\\\/Q5CDR33JIFGJFGHZVGW7DRTMRI-jwpEav.jpg\",\"datePublished\":\"2025-12-17T18:41:59+00:00\",\"breadcrumb\":{\"@id\":\"https:\\\/\\\/impactocastex.com.ar\\\/?p=6108#breadcrumb\"},\"inLanguage\":\"es\",\"potentialAction\":[{\"@type\":\"ReadAction\",\"target\":[\"https:\\\/\\\/impactocastex.com.ar\\\/?p=6108\"]}]},{\"@type\":\"ImageObject\",\"inLanguage\":\"es\",\"@id\":\"https:\\\/\\\/impactocastex.com.ar\\\/?p=6108#primaryimage\",\"url\":\"https:\\\/\\\/impactocastex.com.ar\\\/wp-content\\\/uploads\\\/2025\\\/11\\\/Q5CDR33JIFGJFGHZVGW7DRTMRI-jwpEav.jpg\",\"contentUrl\":\"https:\\\/\\\/impactocastex.com.ar\\\/wp-content\\\/uploads\\\/2025\\\/11\\\/Q5CDR33JIFGJFGHZVGW7DRTMRI-jwpEav.jpg\",\"width\":2000,\"height\":1333},{\"@type\":\"BreadcrumbList\",\"@id\":\"https:\\\/\\\/impactocastex.com.ar\\\/?p=6108#breadcrumb\",\"itemListElement\":[{\"@type\":\"ListItem\",\"position\":1,\"name\":\"Portada\",\"item\":\"https:\\\/\\\/impactocastex.com.ar\\\/\"},{\"@type\":\"ListItem\",\"position\":2,\"name\":\"Javier Milei, en vivo: las \u00faltimas medidas del Gobierno\"}]},{\"@type\":\"WebSite\",\"@id\":\"https:\\\/\\\/impactocastex.com.ar\\\/#website\",\"url\":\"https:\\\/\\\/impactocastex.com.ar\\\/\",\"name\":\"Impacto Castex\",\"description\":\"\",\"publisher\":{\"@id\":\"https:\\\/\\\/impactocastex.com.ar\\\/#organization\"},\"potentialAction\":[{\"@type\":\"SearchAction\",\"target\":{\"@type\":\"EntryPoint\",\"urlTemplate\":\"https:\\\/\\\/impactocastex.com.ar\\\/?s={search_term_string}\"},\"query-input\":{\"@type\":\"PropertyValueSpecification\",\"valueRequired\":true,\"valueName\":\"search_term_string\"}}],\"inLanguage\":\"es\"},{\"@type\":\"Organization\",\"@id\":\"https:\\\/\\\/impactocastex.com.ar\\\/#organization\",\"name\":\"Impacto Castex\",\"url\":\"https:\\\/\\\/impactocastex.com.ar\\\/\",\"logo\":{\"@type\":\"ImageObject\",\"inLanguage\":\"es\",\"@id\":\"https:\\\/\\\/impactocastex.com.ar\\\/#\\\/schema\\\/logo\\\/image\\\/\",\"url\":\"https:\\\/\\\/impactocastex.com.ar\\\/wp-content\\\/uploads\\\/2025\\\/09\\\/cropped-icoweb.png\",\"contentUrl\":\"https:\\\/\\\/impactocastex.com.ar\\\/wp-content\\\/uploads\\\/2025\\\/09\\\/cropped-icoweb.png\",\"width\":512,\"height\":512,\"caption\":\"Impacto Castex\"},\"image\":{\"@id\":\"https:\\\/\\\/impactocastex.com.ar\\\/#\\\/schema\\\/logo\\\/image\\\/\"},\"sameAs\":[\"https:\\\/\\\/www.facebook.com\\\/impactocastexdiario\",\"https:\\\/\\\/www.instagram.com\\\/impactocastex.com.ar\\\/\"]},{\"@type\":\"Person\",\"@id\":\"https:\\\/\\\/impactocastex.com.ar\\\/#\\\/schema\\\/person\\\/86cb4f827fb5f87869a239b98a69c6e3\",\"name\":\"impactocastex\",\"image\":{\"@type\":\"ImageObject\",\"inLanguage\":\"es\",\"@id\":\"https:\\\/\\\/secure.gravatar.com\\\/avatar\\\/9a87ee051ca8c77f5d4070843ce2c78cdf95b858b950fb039151de955122f5f5?s=96&d=mm&r=g\",\"url\":\"https:\\\/\\\/secure.gravatar.com\\\/avatar\\\/9a87ee051ca8c77f5d4070843ce2c78cdf95b858b950fb039151de955122f5f5?s=96&d=mm&r=g\",\"contentUrl\":\"https:\\\/\\\/secure.gravatar.com\\\/avatar\\\/9a87ee051ca8c77f5d4070843ce2c78cdf95b858b950fb039151de955122f5f5?s=96&d=mm&r=g\",\"caption\":\"impactocastex\"},\"sameAs\":[\"https:\\\/\\\/impactocastex.com.ar\"],\"url\":\"https:\\\/\\\/impactocastex.com.ar\\\/?author=1\"}]}<\/script>\n<!-- \/ Yoast SEO plugin. -->","yoast_head_json":{"title":"Javier Milei, en vivo: las \u00faltimas medidas del Gobierno -","robots":{"index":"index","follow":"follow","max-snippet":"max-snippet:-1","max-image-preview":"max-image-preview:large","max-video-preview":"max-video-preview:-1"},"canonical":"https:\/\/impactocastex.com.ar\/?p=6108","og_locale":"es_ES","og_type":"article","og_title":"Javier Milei, en vivo: las \u00faltimas medidas del Gobierno -","og_description":"\u201cArranc\u00f3 bien el d\u00eda con los kirchneristas nerviosos. Tranquilos. Nosotros estamos trabajando, dialogando con todos...","og_url":"https:\/\/impactocastex.com.ar\/?p=6108","article_publisher":"https:\/\/www.facebook.com\/impactocastexdiario","article_published_time":"2025-12-17T18:41:59+00:00","og_image":[{"url":"https:\/\/resizer.glanacion.com\/resizer\/v2\/2YDLOMSM4ZESXBFTBX2UUQZZM4.jpg?auth=e8bd1e62a7c12f4dddc1f0c6307fbbd7daf5890cad38fe7eb8f2b1bd7c0289d6&amp;smart=true&amp;width=1360&amp;height=910","type":"","width":"","height":""}],"author":"impactocastex","twitter_card":"summary_large_image","twitter_misc":{"Escrito por":"impactocastex","Tiempo de lectura":"17 minutos"},"schema":{"@context":"https:\/\/schema.org","@graph":[{"@type":"Article","@id":"https:\/\/impactocastex.com.ar\/?p=6108#article","isPartOf":{"@id":"https:\/\/impactocastex.com.ar\/?p=6108"},"author":{"name":"impactocastex","@id":"https:\/\/impactocastex.com.ar\/#\/schema\/person\/86cb4f827fb5f87869a239b98a69c6e3"},"headline":"Javier Milei, en vivo: las \u00faltimas medidas del Gobierno","datePublished":"2025-12-17T18:41:59+00:00","mainEntityOfPage":{"@id":"https:\/\/impactocastex.com.ar\/?p=6108"},"wordCount":3419,"publisher":{"@id":"https:\/\/impactocastex.com.ar\/#organization"},"image":{"@id":"https:\/\/impactocastex.com.ar\/?p=6108#primaryimage"},"thumbnailUrl":"https:\/\/impactocastex.com.ar\/wp-content\/uploads\/2025\/11\/Q5CDR33JIFGJFGHZVGW7DRTMRI-jwpEav.jpg","articleSection":["NACIONALES"],"inLanguage":"es"},{"@type":"WebPage","@id":"https:\/\/impactocastex.com.ar\/?p=6108","url":"https:\/\/impactocastex.com.ar\/?p=6108","name":"Javier Milei, en vivo: las \u00faltimas medidas del Gobierno -","isPartOf":{"@id":"https:\/\/impactocastex.com.ar\/#website"},"primaryImageOfPage":{"@id":"https:\/\/impactocastex.com.ar\/?p=6108#primaryimage"},"image":{"@id":"https:\/\/impactocastex.com.ar\/?p=6108#primaryimage"},"thumbnailUrl":"https:\/\/impactocastex.com.ar\/wp-content\/uploads\/2025\/11\/Q5CDR33JIFGJFGHZVGW7DRTMRI-jwpEav.jpg","datePublished":"2025-12-17T18:41:59+00:00","breadcrumb":{"@id":"https:\/\/impactocastex.com.ar\/?p=6108#breadcrumb"},"inLanguage":"es","potentialAction":[{"@type":"ReadAction","target":["https:\/\/impactocastex.com.ar\/?p=6108"]}]},{"@type":"ImageObject","inLanguage":"es","@id":"https:\/\/impactocastex.com.ar\/?p=6108#primaryimage","url":"https:\/\/impactocastex.com.ar\/wp-content\/uploads\/2025\/11\/Q5CDR33JIFGJFGHZVGW7DRTMRI-jwpEav.jpg","contentUrl":"https:\/\/impactocastex.com.ar\/wp-content\/uploads\/2025\/11\/Q5CDR33JIFGJFGHZVGW7DRTMRI-jwpEav.jpg","width":2000,"height":1333},{"@type":"BreadcrumbList","@id":"https:\/\/impactocastex.com.ar\/?p=6108#breadcrumb","itemListElement":[{"@type":"ListItem","position":1,"name":"Portada","item":"https:\/\/impactocastex.com.ar\/"},{"@type":"ListItem","position":2,"name":"Javier Milei, en vivo: las \u00faltimas medidas del Gobierno"}]},{"@type":"WebSite","@id":"https:\/\/impactocastex.com.ar\/#website","url":"https:\/\/impactocastex.com.ar\/","name":"Impacto Castex","description":"","publisher":{"@id":"https:\/\/impactocastex.com.ar\/#organization"},"potentialAction":[{"@type":"SearchAction","target":{"@type":"EntryPoint","urlTemplate":"https:\/\/impactocastex.com.ar\/?s={search_term_string}"},"query-input":{"@type":"PropertyValueSpecification","valueRequired":true,"valueName":"search_term_string"}}],"inLanguage":"es"},{"@type":"Organization","@id":"https:\/\/impactocastex.com.ar\/#organization","name":"Impacto Castex","url":"https:\/\/impactocastex.com.ar\/","logo":{"@type":"ImageObject","inLanguage":"es","@id":"https:\/\/impactocastex.com.ar\/#\/schema\/logo\/image\/","url":"https:\/\/impactocastex.com.ar\/wp-content\/uploads\/2025\/09\/cropped-icoweb.png","contentUrl":"https:\/\/impactocastex.com.ar\/wp-content\/uploads\/2025\/09\/cropped-icoweb.png","width":512,"height":512,"caption":"Impacto Castex"},"image":{"@id":"https:\/\/impactocastex.com.ar\/#\/schema\/logo\/image\/"},"sameAs":["https:\/\/www.facebook.com\/impactocastexdiario","https:\/\/www.instagram.com\/impactocastex.com.ar\/"]},{"@type":"Person","@id":"https:\/\/impactocastex.com.ar\/#\/schema\/person\/86cb4f827fb5f87869a239b98a69c6e3","name":"impactocastex","image":{"@type":"ImageObject","inLanguage":"es","@id":"https:\/\/secure.gravatar.com\/avatar\/9a87ee051ca8c77f5d4070843ce2c78cdf95b858b950fb039151de955122f5f5?s=96&d=mm&r=g","url":"https:\/\/secure.gravatar.com\/avatar\/9a87ee051ca8c77f5d4070843ce2c78cdf95b858b950fb039151de955122f5f5?s=96&d=mm&r=g","contentUrl":"https:\/\/secure.gravatar.com\/avatar\/9a87ee051ca8c77f5d4070843ce2c78cdf95b858b950fb039151de955122f5f5?s=96&d=mm&r=g","caption":"impactocastex"},"sameAs":["https:\/\/impactocastex.com.ar"],"url":"https:\/\/impactocastex.com.ar\/?author=1"}]}},"jetpack_publicize_connections":[],"featured_image_urls":{"full":["https:\/\/impactocastex.com.ar\/wp-content\/uploads\/2025\/11\/Q5CDR33JIFGJFGHZVGW7DRTMRI-jwpEav.jpg",2000,1333,false],"thumbnail":["https:\/\/impactocastex.com.ar\/wp-content\/uploads\/2025\/11\/Q5CDR33JIFGJFGHZVGW7DRTMRI-jwpEav-150x150.jpg",150,150,true],"medium":["https:\/\/impactocastex.com.ar\/wp-content\/uploads\/2025\/11\/Q5CDR33JIFGJFGHZVGW7DRTMRI-jwpEav-300x200.jpg",300,200,true],"medium_large":["https:\/\/impactocastex.com.ar\/wp-content\/uploads\/2025\/11\/Q5CDR33JIFGJFGHZVGW7DRTMRI-jwpEav-768x512.jpg",640,427,true],"large":["https:\/\/impactocastex.com.ar\/wp-content\/uploads\/2025\/11\/Q5CDR33JIFGJFGHZVGW7DRTMRI-jwpEav-1024x682.jpg",640,426,true],"1536x1536":["https:\/\/impactocastex.com.ar\/wp-content\/uploads\/2025\/11\/Q5CDR33JIFGJFGHZVGW7DRTMRI-jwpEav-1536x1024.jpg",1536,1024,true],"2048x2048":["https:\/\/impactocastex.com.ar\/wp-content\/uploads\/2025\/11\/Q5CDR33JIFGJFGHZVGW7DRTMRI-jwpEav.jpg",2000,1333,false],"newsever-slider-full":["https:\/\/impactocastex.com.ar\/wp-content\/uploads\/2025\/11\/Q5CDR33JIFGJFGHZVGW7DRTMRI-jwpEav-1280x845.jpg",1280,845,true],"newsever-featured":["https:\/\/impactocastex.com.ar\/wp-content\/uploads\/2025\/11\/Q5CDR33JIFGJFGHZVGW7DRTMRI-jwpEav-1024x682.jpg",1024,682,true],"newsever-medium":["https:\/\/impactocastex.com.ar\/wp-content\/uploads\/2025\/11\/Q5CDR33JIFGJFGHZVGW7DRTMRI-jwpEav-720x475.jpg",720,475,true]},"author_info":{"info":["impactocastex"]},"category_info":"<a href=\"https:\/\/impactocastex.com.ar\/?cat=89\" rel=\"category\">NACIONALES<\/a>","tag_info":"NACIONALES","comment_count":0,"jetpack_featured_media_url":"https:\/\/impactocastex.com.ar\/wp-content\/uploads\/2025\/11\/Q5CDR33JIFGJFGHZVGW7DRTMRI-jwpEav.jpg","jetpack_sharing_enabled":true,"jetpack_likes_enabled":true,"jetpack_shortlink":"https:\/\/wp.me\/p7sopA-1Aw","_links":{"self":[{"href":"https:\/\/impactocastex.com.ar\/index.php?rest_route=\/wp\/v2\/posts\/6108","targetHints":{"allow":["GET"]}}],"collection":[{"href":"https:\/\/impactocastex.com.ar\/index.php?rest_route=\/wp\/v2\/posts"}],"about":[{"href":"https:\/\/impactocastex.com.ar\/index.php?rest_route=\/wp\/v2\/types\/post"}],"author":[{"embeddable":true,"href":"https:\/\/impactocastex.com.ar\/index.php?rest_route=\/wp\/v2\/users\/1"}],"replies":[{"embeddable":true,"href":"https:\/\/impactocastex.com.ar\/index.php?rest_route=%2Fwp%2Fv2%2Fcomments&post=6108"}],"version-history":[{"count":0,"href":"https:\/\/impactocastex.com.ar\/index.php?rest_route=\/wp\/v2\/posts\/6108\/revisions"}],"wp:featuredmedia":[{"embeddable":true,"href":"https:\/\/impactocastex.com.ar\/index.php?rest_route=\/wp\/v2\/media\/3372"}],"wp:attachment":[{"href":"https:\/\/impactocastex.com.ar\/index.php?rest_route=%2Fwp%2Fv2%2Fmedia&parent=6108"}],"wp:term":[{"taxonomy":"category","embeddable":true,"href":"https:\/\/impactocastex.com.ar\/index.php?rest_route=%2Fwp%2Fv2%2Fcategories&post=6108"},{"taxonomy":"post_tag","embeddable":true,"href":"https:\/\/impactocastex.com.ar\/index.php?rest_route=%2Fwp%2Fv2%2Ftags&post=6108"}],"curies":[{"name":"wp","href":"https:\/\/api.w.org\/{rel}","templated":true}]}}