{"id":5950,"date":"2025-12-16T11:23:33","date_gmt":"2025-12-16T14:23:33","guid":{"rendered":"https:\/\/impactocastex.com.ar\/?p=5950"},"modified":"2025-12-16T11:23:35","modified_gmt":"2025-12-16T14:23:35","slug":"deterioro-de-las-rutas-provinciales-por-el-paso-de-camiones-a-vaca-muerta","status":"publish","type":"post","link":"https:\/\/impactocastex.com.ar\/?p=5950","title":{"rendered":"Deterioro de las rutas provinciales por el paso de camiones a Vaca Muerta"},"content":{"rendered":"\n<p>Un relevamiento de\u00a0<strong>El Diario<\/strong>\u00a0muestra el aumento sostenido del paso de transporte pesado por corredores provinciales y nacionales, con\u00a0<strong>desv\u00edos por el norte, la Ruta 5 y trazas del sur y oeste,<\/strong>\u00a0en el marco de la log\u00edstica vinculada a la actividad hidrocarbur\u00edfera.<\/p>\n\n\n\n<p>El transporte de arenas sil\u00edceas con destino a los yacimientos de Vaca Muerta genera un movimiento constante y creciente de camiones a trav\u00e9s de la red vial de La Pampa, con impacto directo sobre las rutas nacionales y preferentemente provinciales. Se calcula que entre 1.500 y 2.000 camiones arriban diariamente a Vaca Muerta, muchos de los cuales atraviesan territorio pampeano como parte de la log\u00edstica del sector hidrocarbur\u00edfero. La informaci\u00f3n fue relevada por&nbsp;<strong>El Diario<\/strong>, que consult\u00f3 a la Direcci\u00f3n Provincial de Vialidad, con el objetivo de reconstruir el mapa de circulaci\u00f3n del tr\u00e1nsito pesado y los corredores m\u00e1s utilizados.<\/p>\n\n\n\n<p>El relevamiento permite identificar distintos esquemas de circulaci\u00f3n seg\u00fan el origen del material, el estado de las rutas, la disponibilidad de servicios y la necesidad de optimizar costos y tiempos de viaje, en un contexto de creciente demanda vinculada a la actividad energ\u00e9tica. Este escenario obliga a la Provincia a proyectar inversiones superiores a las originalmente presupuestadas para sostener la infraestructura ante el aumento sostenido del paso de camiones de gran porte.<\/p>\n\n\n\n<p>Norte y oeste<\/p>\n\n\n\n<p>Cuando la arena proviene de canteras ubicadas en el \u00e1rea de Rosario o entre Rosario y Santa Fe, el ingreso a la provincia se produce mayormente por el norte. En esos casos, los camiones acceden a territorio pampeano a trav\u00e9s de la Ruta Nacional 188 o la Ruta Provincial 4, para luego continuar por la Ruta Provincial 1 y atravesar la ciudad de General Pico.<\/p>\n\n\n\n<p>Desde all\u00ed, una de las alternativas habituales es el desv\u00edo hacia Eduardo Castex por la Ruta Nacional 35. Otra opci\u00f3n utilizada consiste en avanzar por la Ruta Provincial 102 para empalmar con las rutas provinciales 10 y 151. Este \u00faltimo recorrido es elegido por parte de los transportistas pese al deterioro que presenta el tramo pampeano de la Ruta 151, ya que resulta m\u00e1s conveniente que continuar hasta Santa Rosa por las rutas nacionales 35 y 52.<\/p>\n\n\n\n<p>El an\u00e1lisis period\u00edstico tambi\u00e9n permite observar un incremento del tr\u00e1nsito pesado sobre el corredor integrado por la Ruta Provincial 14, que se extiende desde el Bajo Giuliani hasta el paraje El Durazno. Desde ese punto, los camiones contin\u00faan por la Ruta Provincial 13, conocida como la Ruta de la Cr\u00eda, hasta el cruce con la Ruta Nacional 143. En todos los casos, el trayecto se completa posteriormente por la Ruta Provincial 20, que act\u00faa como conexi\u00f3n final hacia el oeste provincial.<\/p>\n\n\n\n<p>&nbsp;Ruta 5<\/p>\n\n\n\n<p>Cuando la arena se origina en zonas cercanas al complejo Z\u00e1rate\u2013Brazo Largo, especialmente en la localidad entrerriana de Ibicuy, el ingreso se realiza principalmente por la Ruta Nacional 5. En este corredor, la elecci\u00f3n del trayecto no responde \u00fanicamente a la distancia o al estado del camino, sino tambi\u00e9n a la disponibilidad de servicios, con estaciones de servicio ubicadas en localidades como Catril\u00f3 y Macach\u00edn que funcionan como puntos de referencia dentro del eje conformado por las rutas 5, 1 y 18.<\/p>\n\n\n\n<p>En este contexto, la situaci\u00f3n de la Ruta Nacional 5 en territorio pampeano aparece como un factor central, debido a su deterioro y a la falta de mantenimiento sostenido. Pese a que el gobierno nacional anunci\u00f3 una nueva licitaci\u00f3n para su concesi\u00f3n, que incluir\u00eda el cobro de peajes, no se contemplan garant\u00edas de mejoras estructurales urgentes, lo que gener\u00f3 cr\u00edticas a nivel local por priorizar el esquema de recaudaci\u00f3n por sobre la seguridad vial. Esta situaci\u00f3n llev\u00f3 a la Provincia a solicitar la transferencia de la ruta para poder intervenirla con fondos propios, seg\u00fan reportes publicados por El Diario de La Pampa durante 2025.<\/p>\n\n\n\n<p>La falta de mantenimiento de la Ruta Nacional 5 provoca que una parte del tr\u00e1nsito pesado se desv\u00ede hacia rutas provinciales, incrementando su carga y acelerando el deterioro de la red vial secundaria. Este contexto fuerza a la Provincia a prever erogaciones mayores a las previstas inicialmente para conservar la infraestructura vial, frente al incremento sostenido del tr\u00e1nsito de camiones de gran porte.<\/p>\n\n\n\n<p>Embudo<\/p>\n\n\n\n<p>&nbsp;Otra de las situaciones detectadas es la concentraci\u00f3n de tr\u00e1nsito pesado en el acceso a Santa Rosa. Los camiones que ingresan por la Ruta Nacional 5 y no toman desv\u00edos suelen continuar hasta la capital provincial, donde se registran demoras y una reducci\u00f3n significativa de la velocidad promedio, especialmente en el sector posterior al frigor\u00edfico, donde el flujo vehicular se increment\u00f3 en los \u00faltimos a\u00f1os.<\/p>\n\n\n\n<p>A esto se suma el paso por la circunvalaci\u00f3n, con sem\u00e1foros que complejizan la circulaci\u00f3n, y las lomas de la Ruta Nacional 35, que implican un mayor consumo de combustible para los rodados de gran porte. En ese contexto, los corredores conformados por las rutas provinciales 1 y 18 aparecen como alternativas m\u00e1s eficientes para parte del transporte pesado.<\/p>\n\n\n\n<p>Esquivando controles<\/p>\n\n\n\n<p>El relevamiento tambi\u00e9n muestra que los conductores buscan de manera permanente recorridos alternativos, con desv\u00edos registrados por las rutas provincial 9 y nacional 152 hacia la zona de Padre Buodo, donde tambi\u00e9n existen puntos de control. Este comportamiento forma parte de un esquema din\u00e1mico de circulaci\u00f3n, en el que se eval\u00faan tiempos, costos, estado de las rutas y presencia de fiscalizaci\u00f3n.<\/p>\n\n\n\n<p>De acuerdo con las estimaciones recogidas, el volumen de transporte terrestre de arenas sil\u00edceas es elevado y sostenido. Se calcula que entre 1.500 y 2.000 camiones por d\u00eda circulan con este material, fundamental para las tareas de fractura hidr\u00e1ulica en los yacimientos de shale. La arena proviene mayoritariamente de la localidad entrerriana de Ibicuy y se prev\u00e9 que el n\u00famero de rodados aumente de manera significativa en los pr\u00f3ximos a\u00f1os, impulsado por proyectos de gran escala como el oleoducto Vaca Muerta Sur y los planes de exportaci\u00f3n de gas natural licuado.<\/p>\n\n\n\n<p>eldiariodelapampa<\/p>\n","protected":false},"excerpt":{"rendered":"<p>Un relevamiento de\u00a0El Diario\u00a0muestra el aumento sostenido del paso de transporte pesado por corredores provinciales&#8230;<\/p>\n","protected":false},"author":2,"featured_media":5951,"comment_status":"closed","ping_status":"closed","sticky":false,"template":"","format":"standard","meta":{"_jetpack_memberships_contains_paid_content":false,"footnotes":"","jetpack_publicize_message":"Deterioro de las rutas provinciales por el paso de camiones a Vaca Muerta","jetpack_publicize_feature_enabled":true,"jetpack_social_post_already_shared":false,"jetpack_social_options":{"image_generator_settings":{"template":"highway","default_image_id":0,"font":"","enabled":false},"version":2}},"categories":[83],"tags":[],"class_list":["post-5950","post","type-post","status-publish","format-standard","has-post-thumbnail","hentry","category-la-pampa"],"yoast_head":"<!-- This site is optimized with the Yoast SEO plugin v27.4 - https:\/\/yoast.com\/product\/yoast-seo-wordpress\/ -->\n<title>Deterioro de las rutas provinciales por el paso de camiones a Vaca Muerta -<\/title>\n<meta name=\"robots\" content=\"index, follow, max-snippet:-1, max-image-preview:large, max-video-preview:-1\" \/>\n<link rel=\"canonical\" href=\"https:\/\/impactocastex.com.ar\/?p=5950\" \/>\n<meta property=\"og:locale\" content=\"es_ES\" \/>\n<meta property=\"og:type\" content=\"article\" \/>\n<meta property=\"og:title\" content=\"Deterioro de las rutas provinciales por el paso de camiones a Vaca Muerta -\" \/>\n<meta property=\"og:description\" content=\"Un relevamiento de\u00a0El Diario\u00a0muestra el aumento sostenido del paso de transporte pesado por corredores provinciales...\" \/>\n<meta property=\"og:url\" content=\"https:\/\/impactocastex.com.ar\/?p=5950\" \/>\n<meta property=\"article:publisher\" content=\"https:\/\/www.facebook.com\/impactocastexdiario\" \/>\n<meta property=\"article:published_time\" content=\"2025-12-16T14:23:33+00:00\" \/>\n<meta property=\"article:modified_time\" content=\"2025-12-16T14:23:35+00:00\" \/>\n<meta property=\"og:image\" content=\"https:\/\/impactocastex.com.ar\/wp-content\/uploads\/2025\/12\/2130443.jpg\" \/>\n\t<meta property=\"og:image:width\" content=\"1200\" \/>\n\t<meta property=\"og:image:height\" content=\"631\" \/>\n\t<meta property=\"og:image:type\" content=\"image\/jpeg\" \/>\n<meta name=\"author\" content=\"impactocastex\" \/>\n<meta name=\"twitter:card\" content=\"summary_large_image\" \/>\n<meta name=\"twitter:label1\" content=\"Escrito por\" \/>\n\t<meta name=\"twitter:data1\" content=\"impactocastex\" \/>\n\t<meta name=\"twitter:label2\" content=\"Tiempo de lectura\" \/>\n\t<meta name=\"twitter:data2\" content=\"5 minutos\" \/>\n<script type=\"application\/ld+json\" class=\"yoast-schema-graph\">{\"@context\":\"https:\\\/\\\/schema.org\",\"@graph\":[{\"@type\":\"Article\",\"@id\":\"https:\\\/\\\/impactocastex.com.ar\\\/?p=5950#article\",\"isPartOf\":{\"@id\":\"https:\\\/\\\/impactocastex.com.ar\\\/?p=5950\"},\"author\":{\"name\":\"impactocastex\",\"@id\":\"https:\\\/\\\/impactocastex.com.ar\\\/#\\\/schema\\\/person\\\/c115028fb60f9bf49ce7550894b84ea7\"},\"headline\":\"Deterioro de las rutas provinciales por el paso de camiones a Vaca Muerta\",\"datePublished\":\"2025-12-16T14:23:33+00:00\",\"dateModified\":\"2025-12-16T14:23:35+00:00\",\"mainEntityOfPage\":{\"@id\":\"https:\\\/\\\/impactocastex.com.ar\\\/?p=5950\"},\"wordCount\":1024,\"publisher\":{\"@id\":\"https:\\\/\\\/impactocastex.com.ar\\\/#organization\"},\"image\":{\"@id\":\"https:\\\/\\\/impactocastex.com.ar\\\/?p=5950#primaryimage\"},\"thumbnailUrl\":\"https:\\\/\\\/impactocastex.com.ar\\\/wp-content\\\/uploads\\\/2025\\\/12\\\/2130443.jpg\",\"articleSection\":[\"LA PAMPA\"],\"inLanguage\":\"es\"},{\"@type\":\"WebPage\",\"@id\":\"https:\\\/\\\/impactocastex.com.ar\\\/?p=5950\",\"url\":\"https:\\\/\\\/impactocastex.com.ar\\\/?p=5950\",\"name\":\"Deterioro de las rutas provinciales por el paso de camiones a Vaca Muerta -\",\"isPartOf\":{\"@id\":\"https:\\\/\\\/impactocastex.com.ar\\\/#website\"},\"primaryImageOfPage\":{\"@id\":\"https:\\\/\\\/impactocastex.com.ar\\\/?p=5950#primaryimage\"},\"image\":{\"@id\":\"https:\\\/\\\/impactocastex.com.ar\\\/?p=5950#primaryimage\"},\"thumbnailUrl\":\"https:\\\/\\\/impactocastex.com.ar\\\/wp-content\\\/uploads\\\/2025\\\/12\\\/2130443.jpg\",\"datePublished\":\"2025-12-16T14:23:33+00:00\",\"dateModified\":\"2025-12-16T14:23:35+00:00\",\"breadcrumb\":{\"@id\":\"https:\\\/\\\/impactocastex.com.ar\\\/?p=5950#breadcrumb\"},\"inLanguage\":\"es\",\"potentialAction\":[{\"@type\":\"ReadAction\",\"target\":[\"https:\\\/\\\/impactocastex.com.ar\\\/?p=5950\"]}]},{\"@type\":\"ImageObject\",\"inLanguage\":\"es\",\"@id\":\"https:\\\/\\\/impactocastex.com.ar\\\/?p=5950#primaryimage\",\"url\":\"https:\\\/\\\/impactocastex.com.ar\\\/wp-content\\\/uploads\\\/2025\\\/12\\\/2130443.jpg\",\"contentUrl\":\"https:\\\/\\\/impactocastex.com.ar\\\/wp-content\\\/uploads\\\/2025\\\/12\\\/2130443.jpg\",\"width\":1200,\"height\":631},{\"@type\":\"BreadcrumbList\",\"@id\":\"https:\\\/\\\/impactocastex.com.ar\\\/?p=5950#breadcrumb\",\"itemListElement\":[{\"@type\":\"ListItem\",\"position\":1,\"name\":\"Portada\",\"item\":\"https:\\\/\\\/impactocastex.com.ar\\\/\"},{\"@type\":\"ListItem\",\"position\":2,\"name\":\"Deterioro de las rutas provinciales por el paso de camiones a Vaca Muerta\"}]},{\"@type\":\"WebSite\",\"@id\":\"https:\\\/\\\/impactocastex.com.ar\\\/#website\",\"url\":\"https:\\\/\\\/impactocastex.com.ar\\\/\",\"name\":\"Impacto Castex\",\"description\":\"\",\"publisher\":{\"@id\":\"https:\\\/\\\/impactocastex.com.ar\\\/#organization\"},\"potentialAction\":[{\"@type\":\"SearchAction\",\"target\":{\"@type\":\"EntryPoint\",\"urlTemplate\":\"https:\\\/\\\/impactocastex.com.ar\\\/?s={search_term_string}\"},\"query-input\":{\"@type\":\"PropertyValueSpecification\",\"valueRequired\":true,\"valueName\":\"search_term_string\"}}],\"inLanguage\":\"es\"},{\"@type\":\"Organization\",\"@id\":\"https:\\\/\\\/impactocastex.com.ar\\\/#organization\",\"name\":\"Impacto Castex\",\"url\":\"https:\\\/\\\/impactocastex.com.ar\\\/\",\"logo\":{\"@type\":\"ImageObject\",\"inLanguage\":\"es\",\"@id\":\"https:\\\/\\\/impactocastex.com.ar\\\/#\\\/schema\\\/logo\\\/image\\\/\",\"url\":\"https:\\\/\\\/impactocastex.com.ar\\\/wp-content\\\/uploads\\\/2025\\\/09\\\/cropped-icoweb.png\",\"contentUrl\":\"https:\\\/\\\/impactocastex.com.ar\\\/wp-content\\\/uploads\\\/2025\\\/09\\\/cropped-icoweb.png\",\"width\":512,\"height\":512,\"caption\":\"Impacto Castex\"},\"image\":{\"@id\":\"https:\\\/\\\/impactocastex.com.ar\\\/#\\\/schema\\\/logo\\\/image\\\/\"},\"sameAs\":[\"https:\\\/\\\/www.facebook.com\\\/impactocastexdiario\",\"https:\\\/\\\/www.instagram.com\\\/impactocastex.com.ar\\\/\"]},{\"@type\":\"Person\",\"@id\":\"https:\\\/\\\/impactocastex.com.ar\\\/#\\\/schema\\\/person\\\/c115028fb60f9bf49ce7550894b84ea7\",\"name\":\"impactocastex\",\"image\":{\"@type\":\"ImageObject\",\"inLanguage\":\"es\",\"@id\":\"https:\\\/\\\/secure.gravatar.com\\\/avatar\\\/fee87e7af008f02e9becdc0b5a9fd4a2e79b3918a571edeacb62211704637833?s=96&d=mm&r=g\",\"url\":\"https:\\\/\\\/secure.gravatar.com\\\/avatar\\\/fee87e7af008f02e9becdc0b5a9fd4a2e79b3918a571edeacb62211704637833?s=96&d=mm&r=g\",\"contentUrl\":\"https:\\\/\\\/secure.gravatar.com\\\/avatar\\\/fee87e7af008f02e9becdc0b5a9fd4a2e79b3918a571edeacb62211704637833?s=96&d=mm&r=g\",\"caption\":\"impactocastex\"},\"sameAs\":[\"https:\\\/\\\/impactocastex.com.ar\\\/\"],\"url\":\"https:\\\/\\\/impactocastex.com.ar\\\/?author=2\"}]}<\/script>\n<!-- \/ Yoast SEO plugin. -->","yoast_head_json":{"title":"Deterioro de las rutas provinciales por el paso de camiones a Vaca Muerta -","robots":{"index":"index","follow":"follow","max-snippet":"max-snippet:-1","max-image-preview":"max-image-preview:large","max-video-preview":"max-video-preview:-1"},"canonical":"https:\/\/impactocastex.com.ar\/?p=5950","og_locale":"es_ES","og_type":"article","og_title":"Deterioro de las rutas provinciales por el paso de camiones a Vaca Muerta -","og_description":"Un relevamiento de\u00a0El Diario\u00a0muestra el aumento sostenido del paso de transporte pesado por corredores provinciales...","og_url":"https:\/\/impactocastex.com.ar\/?p=5950","article_publisher":"https:\/\/www.facebook.com\/impactocastexdiario","article_published_time":"2025-12-16T14:23:33+00:00","article_modified_time":"2025-12-16T14:23:35+00:00","og_image":[{"width":1200,"height":631,"url":"https:\/\/impactocastex.com.ar\/wp-content\/uploads\/2025\/12\/2130443.jpg","type":"image\/jpeg"}],"author":"impactocastex","twitter_card":"summary_large_image","twitter_misc":{"Escrito por":"impactocastex","Tiempo de lectura":"5 minutos"},"schema":{"@context":"https:\/\/schema.org","@graph":[{"@type":"Article","@id":"https:\/\/impactocastex.com.ar\/?p=5950#article","isPartOf":{"@id":"https:\/\/impactocastex.com.ar\/?p=5950"},"author":{"name":"impactocastex","@id":"https:\/\/impactocastex.com.ar\/#\/schema\/person\/c115028fb60f9bf49ce7550894b84ea7"},"headline":"Deterioro de las rutas provinciales por el paso de camiones a Vaca Muerta","datePublished":"2025-12-16T14:23:33+00:00","dateModified":"2025-12-16T14:23:35+00:00","mainEntityOfPage":{"@id":"https:\/\/impactocastex.com.ar\/?p=5950"},"wordCount":1024,"publisher":{"@id":"https:\/\/impactocastex.com.ar\/#organization"},"image":{"@id":"https:\/\/impactocastex.com.ar\/?p=5950#primaryimage"},"thumbnailUrl":"https:\/\/impactocastex.com.ar\/wp-content\/uploads\/2025\/12\/2130443.jpg","articleSection":["LA PAMPA"],"inLanguage":"es"},{"@type":"WebPage","@id":"https:\/\/impactocastex.com.ar\/?p=5950","url":"https:\/\/impactocastex.com.ar\/?p=5950","name":"Deterioro de las rutas provinciales por el paso de camiones a Vaca Muerta -","isPartOf":{"@id":"https:\/\/impactocastex.com.ar\/#website"},"primaryImageOfPage":{"@id":"https:\/\/impactocastex.com.ar\/?p=5950#primaryimage"},"image":{"@id":"https:\/\/impactocastex.com.ar\/?p=5950#primaryimage"},"thumbnailUrl":"https:\/\/impactocastex.com.ar\/wp-content\/uploads\/2025\/12\/2130443.jpg","datePublished":"2025-12-16T14:23:33+00:00","dateModified":"2025-12-16T14:23:35+00:00","breadcrumb":{"@id":"https:\/\/impactocastex.com.ar\/?p=5950#breadcrumb"},"inLanguage":"es","potentialAction":[{"@type":"ReadAction","target":["https:\/\/impactocastex.com.ar\/?p=5950"]}]},{"@type":"ImageObject","inLanguage":"es","@id":"https:\/\/impactocastex.com.ar\/?p=5950#primaryimage","url":"https:\/\/impactocastex.com.ar\/wp-content\/uploads\/2025\/12\/2130443.jpg","contentUrl":"https:\/\/impactocastex.com.ar\/wp-content\/uploads\/2025\/12\/2130443.jpg","width":1200,"height":631},{"@type":"BreadcrumbList","@id":"https:\/\/impactocastex.com.ar\/?p=5950#breadcrumb","itemListElement":[{"@type":"ListItem","position":1,"name":"Portada","item":"https:\/\/impactocastex.com.ar\/"},{"@type":"ListItem","position":2,"name":"Deterioro de las rutas provinciales por el paso de camiones a Vaca Muerta"}]},{"@type":"WebSite","@id":"https:\/\/impactocastex.com.ar\/#website","url":"https:\/\/impactocastex.com.ar\/","name":"Impacto Castex","description":"","publisher":{"@id":"https:\/\/impactocastex.com.ar\/#organization"},"potentialAction":[{"@type":"SearchAction","target":{"@type":"EntryPoint","urlTemplate":"https:\/\/impactocastex.com.ar\/?s={search_term_string}"},"query-input":{"@type":"PropertyValueSpecification","valueRequired":true,"valueName":"search_term_string"}}],"inLanguage":"es"},{"@type":"Organization","@id":"https:\/\/impactocastex.com.ar\/#organization","name":"Impacto Castex","url":"https:\/\/impactocastex.com.ar\/","logo":{"@type":"ImageObject","inLanguage":"es","@id":"https:\/\/impactocastex.com.ar\/#\/schema\/logo\/image\/","url":"https:\/\/impactocastex.com.ar\/wp-content\/uploads\/2025\/09\/cropped-icoweb.png","contentUrl":"https:\/\/impactocastex.com.ar\/wp-content\/uploads\/2025\/09\/cropped-icoweb.png","width":512,"height":512,"caption":"Impacto Castex"},"image":{"@id":"https:\/\/impactocastex.com.ar\/#\/schema\/logo\/image\/"},"sameAs":["https:\/\/www.facebook.com\/impactocastexdiario","https:\/\/www.instagram.com\/impactocastex.com.ar\/"]},{"@type":"Person","@id":"https:\/\/impactocastex.com.ar\/#\/schema\/person\/c115028fb60f9bf49ce7550894b84ea7","name":"impactocastex","image":{"@type":"ImageObject","inLanguage":"es","@id":"https:\/\/secure.gravatar.com\/avatar\/fee87e7af008f02e9becdc0b5a9fd4a2e79b3918a571edeacb62211704637833?s=96&d=mm&r=g","url":"https:\/\/secure.gravatar.com\/avatar\/fee87e7af008f02e9becdc0b5a9fd4a2e79b3918a571edeacb62211704637833?s=96&d=mm&r=g","contentUrl":"https:\/\/secure.gravatar.com\/avatar\/fee87e7af008f02e9becdc0b5a9fd4a2e79b3918a571edeacb62211704637833?s=96&d=mm&r=g","caption":"impactocastex"},"sameAs":["https:\/\/impactocastex.com.ar\/"],"url":"https:\/\/impactocastex.com.ar\/?author=2"}]}},"jetpack_publicize_connections":[],"featured_image_urls":{"full":["https:\/\/impactocastex.com.ar\/wp-content\/uploads\/2025\/12\/2130443.jpg",1200,631,false],"thumbnail":["https:\/\/impactocastex.com.ar\/wp-content\/uploads\/2025\/12\/2130443-150x150.jpg",150,150,true],"medium":["https:\/\/impactocastex.com.ar\/wp-content\/uploads\/2025\/12\/2130443-300x158.jpg",300,158,true],"medium_large":["https:\/\/impactocastex.com.ar\/wp-content\/uploads\/2025\/12\/2130443-768x404.jpg",640,337,true],"large":["https:\/\/impactocastex.com.ar\/wp-content\/uploads\/2025\/12\/2130443-1024x538.jpg",640,336,true],"1536x1536":["https:\/\/impactocastex.com.ar\/wp-content\/uploads\/2025\/12\/2130443.jpg",1200,631,false],"2048x2048":["https:\/\/impactocastex.com.ar\/wp-content\/uploads\/2025\/12\/2130443.jpg",1200,631,false],"newsever-slider-full":["https:\/\/impactocastex.com.ar\/wp-content\/uploads\/2025\/12\/2130443.jpg",1200,631,false],"newsever-featured":["https:\/\/impactocastex.com.ar\/wp-content\/uploads\/2025\/12\/2130443-1024x538.jpg",1024,538,true],"newsever-medium":["https:\/\/impactocastex.com.ar\/wp-content\/uploads\/2025\/12\/2130443-720x475.jpg",720,475,true]},"author_info":{"info":["impactocastex"]},"category_info":"<a href=\"https:\/\/impactocastex.com.ar\/?cat=83\" rel=\"category\">LA PAMPA<\/a>","tag_info":"LA PAMPA","comment_count":0,"jetpack_featured_media_url":"https:\/\/impactocastex.com.ar\/wp-content\/uploads\/2025\/12\/2130443.jpg","jetpack_sharing_enabled":true,"jetpack_likes_enabled":true,"jetpack_shortlink":"https:\/\/wp.me\/p7sopA-1xY","_links":{"self":[{"href":"https:\/\/impactocastex.com.ar\/index.php?rest_route=\/wp\/v2\/posts\/5950","targetHints":{"allow":["GET"]}}],"collection":[{"href":"https:\/\/impactocastex.com.ar\/index.php?rest_route=\/wp\/v2\/posts"}],"about":[{"href":"https:\/\/impactocastex.com.ar\/index.php?rest_route=\/wp\/v2\/types\/post"}],"author":[{"embeddable":true,"href":"https:\/\/impactocastex.com.ar\/index.php?rest_route=\/wp\/v2\/users\/2"}],"replies":[{"embeddable":true,"href":"https:\/\/impactocastex.com.ar\/index.php?rest_route=%2Fwp%2Fv2%2Fcomments&post=5950"}],"version-history":[{"count":1,"href":"https:\/\/impactocastex.com.ar\/index.php?rest_route=\/wp\/v2\/posts\/5950\/revisions"}],"predecessor-version":[{"id":5952,"href":"https:\/\/impactocastex.com.ar\/index.php?rest_route=\/wp\/v2\/posts\/5950\/revisions\/5952"}],"wp:featuredmedia":[{"embeddable":true,"href":"https:\/\/impactocastex.com.ar\/index.php?rest_route=\/wp\/v2\/media\/5951"}],"wp:attachment":[{"href":"https:\/\/impactocastex.com.ar\/index.php?rest_route=%2Fwp%2Fv2%2Fmedia&parent=5950"}],"wp:term":[{"taxonomy":"category","embeddable":true,"href":"https:\/\/impactocastex.com.ar\/index.php?rest_route=%2Fwp%2Fv2%2Fcategories&post=5950"},{"taxonomy":"post_tag","embeddable":true,"href":"https:\/\/impactocastex.com.ar\/index.php?rest_route=%2Fwp%2Fv2%2Ftags&post=5950"}],"curies":[{"name":"wp","href":"https:\/\/api.w.org\/{rel}","templated":true}]}}