{"id":5597,"date":"2025-12-12T15:44:52","date_gmt":"2025-12-12T18:44:52","guid":{"rendered":"https:\/\/impactocastex.com.ar\/?p=5597"},"modified":"2025-12-12T15:44:52","modified_gmt":"2025-12-12T18:44:52","slug":"joaquin-levinton-sufrio-un-infarto-y-debio-ser-internado-de-urgencia","status":"publish","type":"post","link":"https:\/\/impactocastex.com.ar\/?p=5597","title":{"rendered":"Joaqu\u00edn Levinton sufri\u00f3 un infarto y debi\u00f3 ser internado de urgencia"},"content":{"rendered":"<p>Durante la madrugada de este viernes 12 de diciembre, el cantante <a href=\"https:\/\/www.lanacion.com.ar\/espectaculos\/de-no-creer-joaquin-levinton-se-metio-en-un-velorio-de-un-desconocido-y-conto-la-insolita-razon-nid26082025\/\" target=\"_self\" rel=\"\" title=\"https:\/\/www.lanacion.com.ar\/espectaculos\/de-no-creer-joaquin-levinton-se-metio-en-un-velorio-de-un-desconocido-y-conto-la-insolita-razon-nid26082025\/\"><b>Joaquin Levinton (50) <\/b>se descompens\u00f3<\/a> en un bar de Palermo y debi\u00f3 ser asistido por personal del SAME. <b>Sufri\u00f3 un infarto agudo de miocardio <\/b>y lo trasladaron al Hospital Fern\u00e1ndez, donde <b>permanece internado fuera de peligro<\/b>.<\/p>\n<p>Seg\u00fan pudo saber <b>LA NACION<\/b>, el cantante de Turf se encontraba en el restaurante El Tim\u00f3n (Avenida Dorrego 1679) cuando, alrededor de las 00.42, comenz\u00f3 a sentir un malestar f\u00edsico. Los amigos con los que se encontraba llamaron a emergencias. Personal del SAME se hizo presente en el lugar y, tras asistirlo, lo trasladaron al Hospital Fern\u00e1ndez.<\/p>\n<p><img loading=\"lazy\" decoding=\"async\" src=\"https:\/\/resizer.glanacion.com\/resizer\/v2\/WISXRKAYJBCOVCVZ4CMCYL3SNY.jpg?auth=0fdfd3f55a2f254e6bb3217bdb4164eb637e156e056cae58ff439d398cbfa1d2&amp;smart=true&amp;width=2000&amp;height=1333\" alt=\"Joaqu\u00edn Levinton fue internado en el Hospital Fern\u00e1ndez (Foto de archivo: Instagram\/@joaquinlevinton)\" height=\"1333\" width=\"2000\" \/><\/p>\n<p>Seg\u00fan informaron en <b>LN+<\/b>, <b>el cantante de 50 a\u00f1os sufri\u00f3 un s\u00edndrome coronario agudo<\/b>. Fue asistido en el shock room del Hospital Fern\u00e1ndez y en el sector de hemodinamia <b>le destaparon una arteria y confirmaron que sufri\u00f3 un infarto<\/b>. Luego, fue trasladado al sector de unidad coronaria y posteriormente al de terapia intensiva, donde se encuentra actualmente, ya compensado. Seg\u00fan las autoridades del Hospital Fern\u00e1ndez <b>est\u00e1 fuera de peligro<\/b> y en las pr\u00f3ximas horas continuar\u00e1n con los estudios y cuidados pertinentes. <\/p>\n<p>En di\u00e1logo con <i>Ma\u00f1anas argentinas<\/i> (C5N)<i>,<\/i> Alberto Crescenti, titular del SAME, explic\u00f3 que minutos antes de la una de la ma\u00f1ana, <b>Levinton present\u00f3 un dolor precordial<\/b>. Ante un llamado que los alert\u00f3, personal de salud se acerc\u00f3 el lugar para intentar compensarlo. Decidieron trasladarlo al Hospital Fern\u00e1ndez, donde se confirm\u00f3 que padeci\u00f3 un<b> s\u00edndrome coronario agudo<\/b>. <\/p>\n<p>Durante la ma\u00f1ana de este viernes, desde la cuenta de Instagram de Turf compartieron un comunicado en el que se refirieron a la salud del l\u00edder del grupo y revelaron que le <b>colocaron un stent<\/b>. \u201cDurante la noche de ayer, Joaqu\u00edn sufri\u00f3 un malestar en el pecho. Ante esta situaci\u00f3n se llam\u00f3 al SAME, que lo traslad\u00f3 de inmediato a la guardia del Hospital Fern\u00e1ndez\u201d, escribieron. <\/p>\n<p>\u201cEn el centro de salud se le realiz\u00f3 un chequeo completo, tras el cual<b> los m\u00e9dicos determinaron la necesidad de colocarle un stent<\/b>. El procedimiento se realiz\u00f3 con \u00e9xito y Joaqu\u00edn <b>se encuentra estable, fuera de peligro y evolucionando favorablemente<\/b>, actualmente en proceso de recuperaci\u00f3n\u201d, finalizaron. Por \u00faltimo, agradecieron por los amorosos mensajes para Levinton.<\/p>\n<p><img loading=\"lazy\" decoding=\"async\" src=\"https:\/\/resizer.glanacion.com\/resizer\/v2\/ZFECUBVTMJGZVFPPS6KNMO5XYI.PNG?auth=78e3aac944ac6dcc27ea50e951d221a1a184d580af03bd133c13e7f07667d876&amp;smart=true&amp;width=341&amp;height=610\" alt=\"El comunicado de Turf tras el infarto que sufri\u00f3 Joaqu\u00edn Levinton (Foto: Instagram @turfoficial)\" height=\"610\" width=\"341\" \/><\/p>\n<p>Horas antes de sufrir el infarto, el int\u00e9rprete de 50 a\u00f1os estuvo activo en Instagram, red social en la que acumula 452 mil seguidores. Public\u00f3 una foto en la que se lo pudo ver de espaldas a un espejo vestido con una remera blanca de manga larga, un pantal\u00f3n con tiradores y medias. <\/p>\n<p><img loading=\"lazy\" decoding=\"async\" src=\"https:\/\/resizer.glanacion.com\/resizer\/v2\/DBLCATNBWNEVXKRLRDKMO3ZKHM.PNG?auth=ab0c2004b95e13d72f2bd561807a520db68dda42d41d8027239a5d54b46f925e&amp;smart=true&amp;width=342&amp;height=611\" alt=\"Horas antes de su descompensaci\u00f3n, el cantante estuvo activo en Instagram (Foto: Instagram @joaquinlevinton)\" height=\"611\" width=\"342\" \/><\/p>\n<p>Asimismo, subi\u00f3 una segunda imagen y escribi\u00f3: <b>\u201cSe vienen cositas\u201d<\/b>, <\/p>\n<p><img loading=\"lazy\" decoding=\"async\" src=\"https:\/\/resizer.glanacion.com\/resizer\/v2\/4YPJ6GBZHVBT3OTBYFUJRHVVSE.PNG?auth=0eaad2fc06c4957876cf78e6e2dcbf314b6cc33507d72fa99860d648eacf7e96&amp;smart=true&amp;width=340&amp;height=611\" alt=\"Una de las \u00faltimas fotos que public\u00f3 Joaqu\u00edn Levinton en su cuenta de Instagram\" height=\"611\" width=\"340\" \/><\/p>\n<p>Hasta el momento el m\u00fasico contin\u00faa internado en el hospital porte\u00f1o y se desconoce cuando recibir\u00e1 el alta. El reciente suceso hizo que la agenda de Turf se modificara. Originalmente, la banda ten\u00eda confirmada una presentaci\u00f3n <b>el viernes 19 de diciembre en el Teatro \u00d3pera <\/b>de La Plata en el marco de los festejos por los 73 a\u00f1os del teatro; no obstante, tras lo ocurrido, se confirm\u00f3 que el show se reprogramar\u00e1 y que en los pr\u00f3ximos d\u00edas anunciar\u00e1n la nueva fecha. <\/p>\n<figure><video height=\"1280\" width=\"720\" poster=\"https:\/\/cdn.jwplayer.com\/v2\/media\/vAB1jYF0\/poster.jpg?width=720\" preload=\"none\"><\/video><figcaption>\u201cMe Hace Sentir\u201d , de Turf <\/figcaption><\/figure>\n<p>Asimismo, la banda comenzar\u00e1 el 2026 con una agenda cargada. En las \u00faltimas horas, se confirm\u00f3 que Turf se presentar\u00e1 en el festival Rock en Baradero que se realizar\u00e1 el viernes 3 y s\u00e1bado 4 de abril de 2026 en el Anfiteatro Municipal. Ese mismo mes saldr\u00e1n de <b>gira por Europa<\/b>. El 7 de abril se presentar\u00e1n en Mil\u00e1n, el 8 en \u00c1msterdam y el 10 en Par\u00eds. El tour continuar\u00e1 el 11 de abril en Copenhague, el 12 en Berl\u00edn, el 14 en Barcelona y el 15 en Madrid. Pero, no solo tendr\u00e1n citas en el Viejo Continente, sino que el 9 de mayo de 2026 dar\u00e1n un show en el C Art Media de la Ciudad de Buenos Aires para celebrar los 30 a\u00f1os del grupo.<\/p>\n<h1>Una estrella del rock con todas las letras<\/h1>\n<p>Joaqu\u00edn Levinton es un verdadero rockstar: con una personalidad potente desde chico, un look irreverente que siempre corona con lentes de sol y una larga trayectoria musical que lo respalda, logr\u00f3 un lugar destacado dentro de las figuras del mundo de la m\u00fasica local. El artista, adem\u00e1s, es una usina de an\u00e9cdotas: desde hace a\u00f1os sorprende en cada una de sus apariciones p\u00fablicas con historias disparatadas, como la vez que le sirvi\u00f3 a Andr\u00e9s Calamaro el pan-juguete de su rata.<\/p>\n<p><img loading=\"lazy\" decoding=\"async\" src=\"https:\/\/resizer.glanacion.com\/resizer\/v2\/IULS2H45NBDFFI22U3W3YBRC5I.JPG?auth=d2c62ddbb2ec1bd421e6b9898eee567116528aa745720d891d28b04a1301192d&amp;smart=true&amp;width=1334&amp;height=2000\" alt=\"Joaqu\u00edn Levinton y Lea Lopat\u00edn, el alma de Turf\" height=\"2000\" width=\"1334\" \/><\/p>\n<p>Durante sus primeros a\u00f1os al frente de Turf buscaba la intensidad en todos lados y entend\u00eda que en el estilo de vida de una estrella de la m\u00fasica estaba directamente relacionada con la idea de romper los moldes. Sobre el escenario, durante a\u00f1os, hizo \u201clocuras\u201d, como colgarse de las estructuras hasta entrar en moto o a caballo al show. Tambi\u00e9n supo rodearse de grandes: es amigo de Charly Garc\u00eda -con quien cuando arranc\u00f3 manten\u00eda largas charlas telef\u00f3nicas- y durante un tiempo fue muy cercano a Calamaro, de quien hoy est\u00e1 distanciado.<\/p>\n<p><img loading=\"lazy\" decoding=\"async\" src=\"https:\/\/resizer.glanacion.com\/resizer\/v2\/J5DC6753FNCYVNJ47HBREMOS5M.jpg?auth=5718aee197ced4cee811e03403eef2102dd55844f822cd996908ecb9f716154b&amp;smart=true&amp;width=1360&amp;height=905\" alt=\"Charly Garc\u00eda se sum\u00f3 a uno de los videos de Turf\" height=\"905\" width=\"1360\" \/><\/p>\n<p>A lo largo de su carrera, Levinton fue protagonista de unas pocas pol\u00e9micas que lo pusieron en el centro del debate p\u00fablico. En 2009 apareci\u00f3 en la tapa de Paparazzi junto a Celeste Cid, su entonces pareja, saliendo de una conocida cl\u00ednica con un texto que hac\u00eda referencia a los problemas de adicciones de los dos. A\u00f1os despu\u00e9s, en <i>PH: podemos hablar<\/i>, le baj\u00f3 el tono al esc\u00e1ndalo, explic\u00f3 que todo fue consecuencia de una mala foto. \u201c\u00a1No me dejaban en paz!\u201d, sum\u00f3.<\/p>\n<p>En el 2023 decidi\u00f3, en honor a su amistad con Charly Garc\u00eda, salir a responderle de forma p\u00fablica a Nacha Guevara y a Fabiana Cantilo, quienes aseguraron que el \u00eddolo nacional estaba mal de salud y aislado de su entorno. En una charla con <i>Intrusos<\/i>, explic\u00f3 que el ex Ser\u00fa Gir\u00e1n estaba \u201cdivino\u201d y desminti\u00f3 que Mercedes I\u00f1igo, su pareja, lo estuviera aislando de su entorno. \u201cEs gente que no tiene vinculaci\u00f3n con \u00e9l ni tiene noci\u00f3n de lo que pasa. No iban antes, no van a ir ahora y no van a ir en un futuro a verlo. \u00bfDesde cu\u00e1ndo Nacha Guevara fue a visitar a Charly Garc\u00eda?\u201d, cerr\u00f3, tajante.<\/p>\n<p><img loading=\"lazy\" decoding=\"async\" src=\"https:\/\/resizer.glanacion.com\/resizer\/v2\/2KAMUY57Z5CN3G4ZBCU7G4XTCI.jpg?auth=92e8015e59434b73552d5170c88291f9a20cd6c960087ebc753a27a803e67f66&amp;smart=true&amp;width=345&amp;height=400\" alt=\"Siempre exc\u00e9ntrico y alocado, Joaqu\u00edn Levinton es un verdadero Rockstar\" height=\"400\" width=\"345\" \/><\/p>\n<p>En cuanto a su propia relaci\u00f3n con las drogas, el l\u00edder de Turf explic\u00f3 a HOLA en una charla del 2021 que es parte de su pasado. \u201cLos excesos fueron disminuyendo en mi vida. Igual nunca me interes\u00f3 estar mal o sufrir, y en la \u00e9poca del rock &amp; roll me divert\u00ed mucho. No se lo aconsejar\u00eda a nadie, porque cada uno tiene que vivir su experiencia\u201d, explic\u00f3. <\/p>\n<p>Cuando le preguntaron si alguna vez perdi\u00f3 el control, el artista fue categ\u00f3rico. \u201cNo. <b>Navegu\u00e9 en aguas turbias y sal\u00ed ileso. Tuve control dentro del caos. Por ah\u00ed hubo \u00e9pocas en las que estaba m\u00e1s desorganizado y era un poco impuntual, pero nunca falt\u00e9 o llegu\u00e9 tarde a un concierto<\/b>. Jam\u00e1s retras\u00e9 un show. Adem\u00e1s, soy muy familiero y no me permitir\u00eda hacer sufrir a los que quiero\u201d, agreg\u00f3.<\/p>\n<p><img loading=\"lazy\" decoding=\"async\" src=\"https:\/\/resizer.glanacion.com\/resizer\/v2\/YOEO3CV2ZVFQ5LE7KPFKOME4SE.jpg?auth=41408f0a97599338e54af80727545f63403b387b5b7a2ad3da0e5439bb09194e&amp;smart=true&amp;width=2000&amp;height=1333\" alt=\"Joaqu\u00edn Levinton ampli\u00f3 su p\u00fablico gracias a su paso por Masterchef Celebrity (Foto: Instagram\/@joaquinlevinton)\" height=\"1333\" width=\"2000\" \/><\/p>\n<p>El perfil m\u00e1s familiar y amiguero de Levinton qued\u00f3 al descubierto durante su paso por la tercera edici\u00f3n de <i>MasterChef Celebrity<\/i> en 2021. Adem\u00e1s de mostrar su costado m\u00e1s \u00edntimo, le sirvi\u00f3 para ampliar su p\u00fablico. \u201c<b>Me convert\u00ed en el \u00eddolo de los chicos y de las se\u00f1oras. Soy como Sandro y tengo mis chicas. Es muy linda la repercusi\u00f3n del programa<\/b>. La gente me para por la calle y me pregunta si soy \u2018el del pescado Ra\u00fal\u2019. Evidentemente divierto a la gente y es algo que me sale naturalmente\u201d, confi\u00f3 en esa misma charla con HOLA. <\/p>\n<p>\u200bDurante la madrugada de este viernes, el m\u00fasico se descompens\u00f3 en un bar de Palermo y fue trasladado al Hospital Fern\u00e1ndez; se inform\u00f3 que est\u00e1 fuera de peligro\u00a0\u00a0<\/p>","protected":false},"excerpt":{"rendered":"<p>Durante la madrugada de este viernes 12 de diciembre, el cantante Joaquin Levinton (50) se&#8230;<\/p>\n","protected":false},"author":1,"featured_media":5598,"comment_status":"closed","ping_status":"closed","sticky":false,"template":"","format":"standard","meta":{"_jetpack_memberships_contains_paid_content":false,"footnotes":"","jetpack_publicize_message":"","jetpack_publicize_feature_enabled":true,"jetpack_social_post_already_shared":true,"jetpack_social_options":{"image_generator_settings":{"template":"highway","default_image_id":0,"font":"","enabled":false},"version":2}},"categories":[89],"tags":[],"class_list":["post-5597","post","type-post","status-publish","format-standard","has-post-thumbnail","hentry","category-nacionales"],"yoast_head":"<!-- This site is optimized with the Yoast SEO plugin v27.4 - https:\/\/yoast.com\/product\/yoast-seo-wordpress\/ -->\n<title>Joaqu\u00edn Levinton sufri\u00f3 un infarto y debi\u00f3 ser internado de urgencia -<\/title>\n<meta name=\"robots\" content=\"index, follow, max-snippet:-1, max-image-preview:large, max-video-preview:-1\" \/>\n<link rel=\"canonical\" href=\"https:\/\/impactocastex.com.ar\/?p=5597\" \/>\n<meta property=\"og:locale\" content=\"es_ES\" \/>\n<meta property=\"og:type\" content=\"article\" \/>\n<meta property=\"og:title\" content=\"Joaqu\u00edn Levinton sufri\u00f3 un infarto y debi\u00f3 ser internado de urgencia -\" \/>\n<meta property=\"og:description\" content=\"Durante la madrugada de este viernes 12 de diciembre, el cantante Joaquin Levinton (50) se...\" \/>\n<meta property=\"og:url\" content=\"https:\/\/impactocastex.com.ar\/?p=5597\" \/>\n<meta property=\"article:publisher\" content=\"https:\/\/www.facebook.com\/impactocastexdiario\" \/>\n<meta property=\"article:published_time\" content=\"2025-12-12T18:44:52+00:00\" \/>\n<meta property=\"og:image\" content=\"https:\/\/resizer.glanacion.com\/resizer\/v2\/WISXRKAYJBCOVCVZ4CMCYL3SNY.jpg?auth=0fdfd3f55a2f254e6bb3217bdb4164eb637e156e056cae58ff439d398cbfa1d2&amp;smart=true&amp;width=2000&amp;height=1333\" \/>\n<meta name=\"author\" content=\"impactocastex\" \/>\n<meta name=\"twitter:card\" content=\"summary_large_image\" \/>\n<meta name=\"twitter:label1\" content=\"Escrito por\" \/>\n\t<meta name=\"twitter:data1\" content=\"impactocastex\" \/>\n\t<meta name=\"twitter:label2\" content=\"Tiempo de lectura\" \/>\n\t<meta name=\"twitter:data2\" content=\"7 minutos\" \/>\n<script type=\"application\/ld+json\" class=\"yoast-schema-graph\">{\"@context\":\"https:\\\/\\\/schema.org\",\"@graph\":[{\"@type\":\"Article\",\"@id\":\"https:\\\/\\\/impactocastex.com.ar\\\/?p=5597#article\",\"isPartOf\":{\"@id\":\"https:\\\/\\\/impactocastex.com.ar\\\/?p=5597\"},\"author\":{\"name\":\"impactocastex\",\"@id\":\"https:\\\/\\\/impactocastex.com.ar\\\/#\\\/schema\\\/person\\\/86cb4f827fb5f87869a239b98a69c6e3\"},\"headline\":\"Joaqu\u00edn Levinton sufri\u00f3 un infarto y debi\u00f3 ser internado de urgencia\",\"datePublished\":\"2025-12-12T18:44:52+00:00\",\"mainEntityOfPage\":{\"@id\":\"https:\\\/\\\/impactocastex.com.ar\\\/?p=5597\"},\"wordCount\":1356,\"publisher\":{\"@id\":\"https:\\\/\\\/impactocastex.com.ar\\\/#organization\"},\"image\":{\"@id\":\"https:\\\/\\\/impactocastex.com.ar\\\/?p=5597#primaryimage\"},\"thumbnailUrl\":\"https:\\\/\\\/impactocastex.com.ar\\\/wp-content\\\/uploads\\\/2025\\\/12\\\/OZCS7K4MDZELXJVAALHXZS7ZRE-RvYO8c.jpg\",\"articleSection\":[\"NACIONALES\"],\"inLanguage\":\"es\"},{\"@type\":\"WebPage\",\"@id\":\"https:\\\/\\\/impactocastex.com.ar\\\/?p=5597\",\"url\":\"https:\\\/\\\/impactocastex.com.ar\\\/?p=5597\",\"name\":\"Joaqu\u00edn Levinton sufri\u00f3 un infarto y debi\u00f3 ser internado de urgencia -\",\"isPartOf\":{\"@id\":\"https:\\\/\\\/impactocastex.com.ar\\\/#website\"},\"primaryImageOfPage\":{\"@id\":\"https:\\\/\\\/impactocastex.com.ar\\\/?p=5597#primaryimage\"},\"image\":{\"@id\":\"https:\\\/\\\/impactocastex.com.ar\\\/?p=5597#primaryimage\"},\"thumbnailUrl\":\"https:\\\/\\\/impactocastex.com.ar\\\/wp-content\\\/uploads\\\/2025\\\/12\\\/OZCS7K4MDZELXJVAALHXZS7ZRE-RvYO8c.jpg\",\"datePublished\":\"2025-12-12T18:44:52+00:00\",\"breadcrumb\":{\"@id\":\"https:\\\/\\\/impactocastex.com.ar\\\/?p=5597#breadcrumb\"},\"inLanguage\":\"es\",\"potentialAction\":[{\"@type\":\"ReadAction\",\"target\":[\"https:\\\/\\\/impactocastex.com.ar\\\/?p=5597\"]}]},{\"@type\":\"ImageObject\",\"inLanguage\":\"es\",\"@id\":\"https:\\\/\\\/impactocastex.com.ar\\\/?p=5597#primaryimage\",\"url\":\"https:\\\/\\\/impactocastex.com.ar\\\/wp-content\\\/uploads\\\/2025\\\/12\\\/OZCS7K4MDZELXJVAALHXZS7ZRE-RvYO8c.jpg\",\"contentUrl\":\"https:\\\/\\\/impactocastex.com.ar\\\/wp-content\\\/uploads\\\/2025\\\/12\\\/OZCS7K4MDZELXJVAALHXZS7ZRE-RvYO8c.jpg\",\"width\":2000,\"height\":1333},{\"@type\":\"BreadcrumbList\",\"@id\":\"https:\\\/\\\/impactocastex.com.ar\\\/?p=5597#breadcrumb\",\"itemListElement\":[{\"@type\":\"ListItem\",\"position\":1,\"name\":\"Portada\",\"item\":\"https:\\\/\\\/impactocastex.com.ar\\\/\"},{\"@type\":\"ListItem\",\"position\":2,\"name\":\"Joaqu\u00edn Levinton sufri\u00f3 un infarto y debi\u00f3 ser internado de urgencia\"}]},{\"@type\":\"WebSite\",\"@id\":\"https:\\\/\\\/impactocastex.com.ar\\\/#website\",\"url\":\"https:\\\/\\\/impactocastex.com.ar\\\/\",\"name\":\"Impacto Castex\",\"description\":\"\",\"publisher\":{\"@id\":\"https:\\\/\\\/impactocastex.com.ar\\\/#organization\"},\"potentialAction\":[{\"@type\":\"SearchAction\",\"target\":{\"@type\":\"EntryPoint\",\"urlTemplate\":\"https:\\\/\\\/impactocastex.com.ar\\\/?s={search_term_string}\"},\"query-input\":{\"@type\":\"PropertyValueSpecification\",\"valueRequired\":true,\"valueName\":\"search_term_string\"}}],\"inLanguage\":\"es\"},{\"@type\":\"Organization\",\"@id\":\"https:\\\/\\\/impactocastex.com.ar\\\/#organization\",\"name\":\"Impacto Castex\",\"url\":\"https:\\\/\\\/impactocastex.com.ar\\\/\",\"logo\":{\"@type\":\"ImageObject\",\"inLanguage\":\"es\",\"@id\":\"https:\\\/\\\/impactocastex.com.ar\\\/#\\\/schema\\\/logo\\\/image\\\/\",\"url\":\"https:\\\/\\\/impactocastex.com.ar\\\/wp-content\\\/uploads\\\/2025\\\/09\\\/cropped-icoweb.png\",\"contentUrl\":\"https:\\\/\\\/impactocastex.com.ar\\\/wp-content\\\/uploads\\\/2025\\\/09\\\/cropped-icoweb.png\",\"width\":512,\"height\":512,\"caption\":\"Impacto Castex\"},\"image\":{\"@id\":\"https:\\\/\\\/impactocastex.com.ar\\\/#\\\/schema\\\/logo\\\/image\\\/\"},\"sameAs\":[\"https:\\\/\\\/www.facebook.com\\\/impactocastexdiario\",\"https:\\\/\\\/www.instagram.com\\\/impactocastex.com.ar\\\/\"]},{\"@type\":\"Person\",\"@id\":\"https:\\\/\\\/impactocastex.com.ar\\\/#\\\/schema\\\/person\\\/86cb4f827fb5f87869a239b98a69c6e3\",\"name\":\"impactocastex\",\"image\":{\"@type\":\"ImageObject\",\"inLanguage\":\"es\",\"@id\":\"https:\\\/\\\/secure.gravatar.com\\\/avatar\\\/9a87ee051ca8c77f5d4070843ce2c78cdf95b858b950fb039151de955122f5f5?s=96&d=mm&r=g\",\"url\":\"https:\\\/\\\/secure.gravatar.com\\\/avatar\\\/9a87ee051ca8c77f5d4070843ce2c78cdf95b858b950fb039151de955122f5f5?s=96&d=mm&r=g\",\"contentUrl\":\"https:\\\/\\\/secure.gravatar.com\\\/avatar\\\/9a87ee051ca8c77f5d4070843ce2c78cdf95b858b950fb039151de955122f5f5?s=96&d=mm&r=g\",\"caption\":\"impactocastex\"},\"sameAs\":[\"https:\\\/\\\/impactocastex.com.ar\"],\"url\":\"https:\\\/\\\/impactocastex.com.ar\\\/?author=1\"}]}<\/script>\n<!-- \/ Yoast SEO plugin. -->","yoast_head_json":{"title":"Joaqu\u00edn Levinton sufri\u00f3 un infarto y debi\u00f3 ser internado de urgencia -","robots":{"index":"index","follow":"follow","max-snippet":"max-snippet:-1","max-image-preview":"max-image-preview:large","max-video-preview":"max-video-preview:-1"},"canonical":"https:\/\/impactocastex.com.ar\/?p=5597","og_locale":"es_ES","og_type":"article","og_title":"Joaqu\u00edn Levinton sufri\u00f3 un infarto y debi\u00f3 ser internado de urgencia -","og_description":"Durante la madrugada de este viernes 12 de diciembre, el cantante Joaquin Levinton (50) se...","og_url":"https:\/\/impactocastex.com.ar\/?p=5597","article_publisher":"https:\/\/www.facebook.com\/impactocastexdiario","article_published_time":"2025-12-12T18:44:52+00:00","og_image":[{"url":"https:\/\/resizer.glanacion.com\/resizer\/v2\/WISXRKAYJBCOVCVZ4CMCYL3SNY.jpg?auth=0fdfd3f55a2f254e6bb3217bdb4164eb637e156e056cae58ff439d398cbfa1d2&amp;smart=true&amp;width=2000&amp;height=1333","type":"","width":"","height":""}],"author":"impactocastex","twitter_card":"summary_large_image","twitter_misc":{"Escrito por":"impactocastex","Tiempo de lectura":"7 minutos"},"schema":{"@context":"https:\/\/schema.org","@graph":[{"@type":"Article","@id":"https:\/\/impactocastex.com.ar\/?p=5597#article","isPartOf":{"@id":"https:\/\/impactocastex.com.ar\/?p=5597"},"author":{"name":"impactocastex","@id":"https:\/\/impactocastex.com.ar\/#\/schema\/person\/86cb4f827fb5f87869a239b98a69c6e3"},"headline":"Joaqu\u00edn Levinton sufri\u00f3 un infarto y debi\u00f3 ser internado de urgencia","datePublished":"2025-12-12T18:44:52+00:00","mainEntityOfPage":{"@id":"https:\/\/impactocastex.com.ar\/?p=5597"},"wordCount":1356,"publisher":{"@id":"https:\/\/impactocastex.com.ar\/#organization"},"image":{"@id":"https:\/\/impactocastex.com.ar\/?p=5597#primaryimage"},"thumbnailUrl":"https:\/\/impactocastex.com.ar\/wp-content\/uploads\/2025\/12\/OZCS7K4MDZELXJVAALHXZS7ZRE-RvYO8c.jpg","articleSection":["NACIONALES"],"inLanguage":"es"},{"@type":"WebPage","@id":"https:\/\/impactocastex.com.ar\/?p=5597","url":"https:\/\/impactocastex.com.ar\/?p=5597","name":"Joaqu\u00edn Levinton sufri\u00f3 un infarto y debi\u00f3 ser internado de urgencia -","isPartOf":{"@id":"https:\/\/impactocastex.com.ar\/#website"},"primaryImageOfPage":{"@id":"https:\/\/impactocastex.com.ar\/?p=5597#primaryimage"},"image":{"@id":"https:\/\/impactocastex.com.ar\/?p=5597#primaryimage"},"thumbnailUrl":"https:\/\/impactocastex.com.ar\/wp-content\/uploads\/2025\/12\/OZCS7K4MDZELXJVAALHXZS7ZRE-RvYO8c.jpg","datePublished":"2025-12-12T18:44:52+00:00","breadcrumb":{"@id":"https:\/\/impactocastex.com.ar\/?p=5597#breadcrumb"},"inLanguage":"es","potentialAction":[{"@type":"ReadAction","target":["https:\/\/impactocastex.com.ar\/?p=5597"]}]},{"@type":"ImageObject","inLanguage":"es","@id":"https:\/\/impactocastex.com.ar\/?p=5597#primaryimage","url":"https:\/\/impactocastex.com.ar\/wp-content\/uploads\/2025\/12\/OZCS7K4MDZELXJVAALHXZS7ZRE-RvYO8c.jpg","contentUrl":"https:\/\/impactocastex.com.ar\/wp-content\/uploads\/2025\/12\/OZCS7K4MDZELXJVAALHXZS7ZRE-RvYO8c.jpg","width":2000,"height":1333},{"@type":"BreadcrumbList","@id":"https:\/\/impactocastex.com.ar\/?p=5597#breadcrumb","itemListElement":[{"@type":"ListItem","position":1,"name":"Portada","item":"https:\/\/impactocastex.com.ar\/"},{"@type":"ListItem","position":2,"name":"Joaqu\u00edn Levinton sufri\u00f3 un infarto y debi\u00f3 ser internado de urgencia"}]},{"@type":"WebSite","@id":"https:\/\/impactocastex.com.ar\/#website","url":"https:\/\/impactocastex.com.ar\/","name":"Impacto Castex","description":"","publisher":{"@id":"https:\/\/impactocastex.com.ar\/#organization"},"potentialAction":[{"@type":"SearchAction","target":{"@type":"EntryPoint","urlTemplate":"https:\/\/impactocastex.com.ar\/?s={search_term_string}"},"query-input":{"@type":"PropertyValueSpecification","valueRequired":true,"valueName":"search_term_string"}}],"inLanguage":"es"},{"@type":"Organization","@id":"https:\/\/impactocastex.com.ar\/#organization","name":"Impacto Castex","url":"https:\/\/impactocastex.com.ar\/","logo":{"@type":"ImageObject","inLanguage":"es","@id":"https:\/\/impactocastex.com.ar\/#\/schema\/logo\/image\/","url":"https:\/\/impactocastex.com.ar\/wp-content\/uploads\/2025\/09\/cropped-icoweb.png","contentUrl":"https:\/\/impactocastex.com.ar\/wp-content\/uploads\/2025\/09\/cropped-icoweb.png","width":512,"height":512,"caption":"Impacto Castex"},"image":{"@id":"https:\/\/impactocastex.com.ar\/#\/schema\/logo\/image\/"},"sameAs":["https:\/\/www.facebook.com\/impactocastexdiario","https:\/\/www.instagram.com\/impactocastex.com.ar\/"]},{"@type":"Person","@id":"https:\/\/impactocastex.com.ar\/#\/schema\/person\/86cb4f827fb5f87869a239b98a69c6e3","name":"impactocastex","image":{"@type":"ImageObject","inLanguage":"es","@id":"https:\/\/secure.gravatar.com\/avatar\/9a87ee051ca8c77f5d4070843ce2c78cdf95b858b950fb039151de955122f5f5?s=96&d=mm&r=g","url":"https:\/\/secure.gravatar.com\/avatar\/9a87ee051ca8c77f5d4070843ce2c78cdf95b858b950fb039151de955122f5f5?s=96&d=mm&r=g","contentUrl":"https:\/\/secure.gravatar.com\/avatar\/9a87ee051ca8c77f5d4070843ce2c78cdf95b858b950fb039151de955122f5f5?s=96&d=mm&r=g","caption":"impactocastex"},"sameAs":["https:\/\/impactocastex.com.ar"],"url":"https:\/\/impactocastex.com.ar\/?author=1"}]}},"jetpack_publicize_connections":[],"featured_image_urls":{"full":["https:\/\/impactocastex.com.ar\/wp-content\/uploads\/2025\/12\/OZCS7K4MDZELXJVAALHXZS7ZRE-RvYO8c.jpg",2000,1333,false],"thumbnail":["https:\/\/impactocastex.com.ar\/wp-content\/uploads\/2025\/12\/OZCS7K4MDZELXJVAALHXZS7ZRE-RvYO8c-150x150.jpg",150,150,true],"medium":["https:\/\/impactocastex.com.ar\/wp-content\/uploads\/2025\/12\/OZCS7K4MDZELXJVAALHXZS7ZRE-RvYO8c-300x200.jpg",300,200,true],"medium_large":["https:\/\/impactocastex.com.ar\/wp-content\/uploads\/2025\/12\/OZCS7K4MDZELXJVAALHXZS7ZRE-RvYO8c-768x512.jpg",640,427,true],"large":["https:\/\/impactocastex.com.ar\/wp-content\/uploads\/2025\/12\/OZCS7K4MDZELXJVAALHXZS7ZRE-RvYO8c-1024x682.jpg",640,426,true],"1536x1536":["https:\/\/impactocastex.com.ar\/wp-content\/uploads\/2025\/12\/OZCS7K4MDZELXJVAALHXZS7ZRE-RvYO8c-1536x1024.jpg",1536,1024,true],"2048x2048":["https:\/\/impactocastex.com.ar\/wp-content\/uploads\/2025\/12\/OZCS7K4MDZELXJVAALHXZS7ZRE-RvYO8c.jpg",2000,1333,false],"newsever-slider-full":["https:\/\/impactocastex.com.ar\/wp-content\/uploads\/2025\/12\/OZCS7K4MDZELXJVAALHXZS7ZRE-RvYO8c-1280x845.jpg",1280,845,true],"newsever-featured":["https:\/\/impactocastex.com.ar\/wp-content\/uploads\/2025\/12\/OZCS7K4MDZELXJVAALHXZS7ZRE-RvYO8c-1024x682.jpg",1024,682,true],"newsever-medium":["https:\/\/impactocastex.com.ar\/wp-content\/uploads\/2025\/12\/OZCS7K4MDZELXJVAALHXZS7ZRE-RvYO8c-720x475.jpg",720,475,true]},"author_info":{"info":["impactocastex"]},"category_info":"<a href=\"https:\/\/impactocastex.com.ar\/?cat=89\" rel=\"category\">NACIONALES<\/a>","tag_info":"NACIONALES","comment_count":0,"jetpack_featured_media_url":"https:\/\/impactocastex.com.ar\/wp-content\/uploads\/2025\/12\/OZCS7K4MDZELXJVAALHXZS7ZRE-RvYO8c.jpg","jetpack_sharing_enabled":true,"jetpack_likes_enabled":true,"jetpack_shortlink":"https:\/\/wp.me\/p7sopA-1sh","_links":{"self":[{"href":"https:\/\/impactocastex.com.ar\/index.php?rest_route=\/wp\/v2\/posts\/5597","targetHints":{"allow":["GET"]}}],"collection":[{"href":"https:\/\/impactocastex.com.ar\/index.php?rest_route=\/wp\/v2\/posts"}],"about":[{"href":"https:\/\/impactocastex.com.ar\/index.php?rest_route=\/wp\/v2\/types\/post"}],"author":[{"embeddable":true,"href":"https:\/\/impactocastex.com.ar\/index.php?rest_route=\/wp\/v2\/users\/1"}],"replies":[{"embeddable":true,"href":"https:\/\/impactocastex.com.ar\/index.php?rest_route=%2Fwp%2Fv2%2Fcomments&post=5597"}],"version-history":[{"count":0,"href":"https:\/\/impactocastex.com.ar\/index.php?rest_route=\/wp\/v2\/posts\/5597\/revisions"}],"wp:featuredmedia":[{"embeddable":true,"href":"https:\/\/impactocastex.com.ar\/index.php?rest_route=\/wp\/v2\/media\/5598"}],"wp:attachment":[{"href":"https:\/\/impactocastex.com.ar\/index.php?rest_route=%2Fwp%2Fv2%2Fmedia&parent=5597"}],"wp:term":[{"taxonomy":"category","embeddable":true,"href":"https:\/\/impactocastex.com.ar\/index.php?rest_route=%2Fwp%2Fv2%2Fcategories&post=5597"},{"taxonomy":"post_tag","embeddable":true,"href":"https:\/\/impactocastex.com.ar\/index.php?rest_route=%2Fwp%2Fv2%2Ftags&post=5597"}],"curies":[{"name":"wp","href":"https:\/\/api.w.org\/{rel}","templated":true}]}}