{"id":5460,"date":"2025-12-11T11:20:35","date_gmt":"2025-12-11T14:20:35","guid":{"rendered":"https:\/\/impactocastex.com.ar\/?p=5460"},"modified":"2025-12-11T11:20:36","modified_gmt":"2025-12-11T14:20:36","slug":"rechazan-reclamo-del-iss-por-el-choque-de-un-patrullero","status":"publish","type":"post","link":"https:\/\/impactocastex.com.ar\/?p=5460","title":{"rendered":"Rechazan reclamo del ISS por el choque de un patrullero"},"content":{"rendered":"\n<p>El hecho ocurri\u00f3 el 20 de noviembre de 2019.<\/p>\n\n\n\n<p><strong><\/strong>El Superior Tribunal de Justicia dej\u00f3 firme el fallo que determin\u00f3 que un patrullero policial fue el que provoc\u00f3 un choque ocurrido en 2019 en General Pico. Por esa raz\u00f3n, rechaz\u00f3 el reclamo del Instituto de Seguridad Social, que pretend\u00eda cobrar los da\u00f1os del siniestro.<\/p>\n\n\n\n<p>El Superior Tribunal de Justicia de La Pampa confirm\u00f3 que un patrullero policial fue el responsable del choque ocurrido el 20 de noviembre de 2019 en General Pico y dej\u00f3 firme la sentencia que rechaz\u00f3 el reclamo del Instituto de Seguridad Social (ISS). El organismo hab\u00eda iniciado una demanda para recuperar los da\u00f1os sufridos por el m\u00f3vil, pero los jueces entendieron que el veh\u00edculo oficial circulaba con exceso de velocidad y sin los cuidados necesarios, por lo que provoc\u00f3 la colisi\u00f3n con un Renault Koleos conducido por Ernesto Benedicto Cejas.<\/p>\n\n\n\n<p>El caso se inici\u00f3 cuando el ISS demand\u00f3 a Cejas y a otros involucrados, argumentando que el patrullero ten\u00eda prioridad de paso porque acud\u00eda a una emergencia, con sirena y balizas encendidas, y porque circulaba por la derecha. Esa postura fue descartada primero por el juez de la causa y luego por la Sala 4 de la C\u00e1mara de Apelaciones, que analiz\u00f3 c\u00f3mo se produjo efectivamente el siniestro.<\/p>\n\n\n\n<p>La C\u00e1mara concluy\u00f3 que, al momento del impacto, el auto de Cejas ya estaba superando la intersecci\u00f3n y que no ten\u00eda forma de advertir o evitar la maniobra del patrullero. El fallo destac\u00f3 que el m\u00f3vil policial ingres\u00f3 al cruce a una velocidad mayor a la prudente y sin extremar las precauciones que exige la ley a los veh\u00edculos de emergencia. Por eso, determin\u00f3 que las prioridades previstas en la Ley Nacional de Tr\u00e1nsito no pod\u00edan aplicarse de manera autom\u00e1tica y que, en esta situaci\u00f3n concreta, el patrullero fue quien desencaden\u00f3 el choque.<\/p>\n\n\n\n<p>El ISS llev\u00f3 la discusi\u00f3n al Superior Tribunal mediante un recurso extraordinario provincial, en el que sostuvo que la C\u00e1mara hab\u00eda interpretado de forma incorrecta los art\u00edculos 41 y 61 de la Ley de Tr\u00e1nsito. Para el organismo, la prioridad de los veh\u00edculos de emergencia y la prioridad por circular por la derecha eran reglas absolutas que la Justicia no pod\u00eda relativizar.<\/p>\n\n\n\n<p>Pero la Sala A del Superior Tribunal descart\u00f3 ese planteo. Se\u00f1al\u00f3 que el ISS no explic\u00f3 en t\u00e9rminos concretos c\u00f3mo la C\u00e1mara habr\u00eda violado la ley. En lugar de ello, repiti\u00f3 los mismos argumentos que ya hab\u00eda presentado en las instancias anteriores, sin analizar ni refutar las razones por las cuales los jueces consideraron que el patrullero circulaba de manera riesgosa y caus\u00f3 el choque.<\/p>\n\n\n\n<p>El Tribunal record\u00f3 que los recursos extraordinarios deben demostrar una infracci\u00f3n legal espec\u00edfica, y no simplemente expresar una diferencia de criterio. En este caso, concluy\u00f3 que el ISS no logr\u00f3 mostrar ning\u00fan error jur\u00eddico y que su presentaci\u00f3n carec\u00eda del desarrollo m\u00ednimo necesario para habilitar la revisi\u00f3n.<\/p>\n\n\n\n<p>Con ese fundamento, el Superior Tribunal declar\u00f3 inadmisible el recurso y dej\u00f3 firme la sentencia que determin\u00f3 la responsabilidad del patrullero en el siniestro. Tambi\u00e9n regul\u00f3 los honorarios de los abogados del ISS, que deber\u00e1n ser afrontados por el propio organismo.<\/p>\n\n\n\n<p>eldiariodelapampa<\/p>\n","protected":false},"excerpt":{"rendered":"<p>El hecho ocurri\u00f3 el 20 de noviembre de 2019. El Superior Tribunal de Justicia dej\u00f3&#8230;<\/p>\n","protected":false},"author":2,"featured_media":5461,"comment_status":"closed","ping_status":"closed","sticky":false,"template":"","format":"standard","meta":{"_jetpack_memberships_contains_paid_content":false,"footnotes":"","jetpack_publicize_message":"Rechazan reclamo del ISS por el choque de un patrullero","jetpack_publicize_feature_enabled":true,"jetpack_social_post_already_shared":false,"jetpack_social_options":{"image_generator_settings":{"template":"highway","default_image_id":0,"font":"","enabled":false},"version":2}},"categories":[85],"tags":[],"class_list":["post-5460","post","type-post","status-publish","format-standard","has-post-thumbnail","hentry","category-policiales"],"yoast_head":"<!-- This site is optimized with the Yoast SEO plugin v27.4 - https:\/\/yoast.com\/product\/yoast-seo-wordpress\/ -->\n<title>Rechazan reclamo del ISS por el choque de un patrullero -<\/title>\n<meta name=\"robots\" content=\"index, follow, max-snippet:-1, max-image-preview:large, max-video-preview:-1\" \/>\n<link rel=\"canonical\" href=\"https:\/\/impactocastex.com.ar\/?p=5460\" \/>\n<meta property=\"og:locale\" content=\"es_ES\" \/>\n<meta property=\"og:type\" content=\"article\" \/>\n<meta property=\"og:title\" content=\"Rechazan reclamo del ISS por el choque de un patrullero -\" \/>\n<meta property=\"og:description\" content=\"El hecho ocurri\u00f3 el 20 de noviembre de 2019. El Superior Tribunal de Justicia dej\u00f3...\" \/>\n<meta property=\"og:url\" content=\"https:\/\/impactocastex.com.ar\/?p=5460\" \/>\n<meta property=\"article:publisher\" content=\"https:\/\/www.facebook.com\/impactocastexdiario\" \/>\n<meta property=\"article:published_time\" content=\"2025-12-11T14:20:35+00:00\" \/>\n<meta property=\"article:modified_time\" content=\"2025-12-11T14:20:36+00:00\" \/>\n<meta property=\"og:image\" content=\"https:\/\/impactocastex.com.ar\/wp-content\/uploads\/2025\/12\/2130134.jpg\" \/>\n\t<meta property=\"og:image:width\" content=\"1200\" \/>\n\t<meta property=\"og:image:height\" content=\"631\" \/>\n\t<meta property=\"og:image:type\" content=\"image\/jpeg\" \/>\n<meta name=\"author\" content=\"impactocastex\" \/>\n<meta name=\"twitter:card\" content=\"summary_large_image\" \/>\n<meta name=\"twitter:label1\" content=\"Escrito por\" \/>\n\t<meta name=\"twitter:data1\" content=\"impactocastex\" \/>\n\t<meta name=\"twitter:label2\" content=\"Tiempo de lectura\" \/>\n\t<meta name=\"twitter:data2\" content=\"3 minutos\" \/>\n<script type=\"application\/ld+json\" class=\"yoast-schema-graph\">{\"@context\":\"https:\\\/\\\/schema.org\",\"@graph\":[{\"@type\":\"Article\",\"@id\":\"https:\\\/\\\/impactocastex.com.ar\\\/?p=5460#article\",\"isPartOf\":{\"@id\":\"https:\\\/\\\/impactocastex.com.ar\\\/?p=5460\"},\"author\":{\"name\":\"impactocastex\",\"@id\":\"https:\\\/\\\/impactocastex.com.ar\\\/#\\\/schema\\\/person\\\/c115028fb60f9bf49ce7550894b84ea7\"},\"headline\":\"Rechazan reclamo del ISS por el choque de un patrullero\",\"datePublished\":\"2025-12-11T14:20:35+00:00\",\"dateModified\":\"2025-12-11T14:20:36+00:00\",\"mainEntityOfPage\":{\"@id\":\"https:\\\/\\\/impactocastex.com.ar\\\/?p=5460\"},\"wordCount\":567,\"publisher\":{\"@id\":\"https:\\\/\\\/impactocastex.com.ar\\\/#organization\"},\"image\":{\"@id\":\"https:\\\/\\\/impactocastex.com.ar\\\/?p=5460#primaryimage\"},\"thumbnailUrl\":\"https:\\\/\\\/impactocastex.com.ar\\\/wp-content\\\/uploads\\\/2025\\\/12\\\/2130134.jpg\",\"articleSection\":[\"POLICIALES\"],\"inLanguage\":\"es\"},{\"@type\":\"WebPage\",\"@id\":\"https:\\\/\\\/impactocastex.com.ar\\\/?p=5460\",\"url\":\"https:\\\/\\\/impactocastex.com.ar\\\/?p=5460\",\"name\":\"Rechazan reclamo del ISS por el choque de un patrullero -\",\"isPartOf\":{\"@id\":\"https:\\\/\\\/impactocastex.com.ar\\\/#website\"},\"primaryImageOfPage\":{\"@id\":\"https:\\\/\\\/impactocastex.com.ar\\\/?p=5460#primaryimage\"},\"image\":{\"@id\":\"https:\\\/\\\/impactocastex.com.ar\\\/?p=5460#primaryimage\"},\"thumbnailUrl\":\"https:\\\/\\\/impactocastex.com.ar\\\/wp-content\\\/uploads\\\/2025\\\/12\\\/2130134.jpg\",\"datePublished\":\"2025-12-11T14:20:35+00:00\",\"dateModified\":\"2025-12-11T14:20:36+00:00\",\"breadcrumb\":{\"@id\":\"https:\\\/\\\/impactocastex.com.ar\\\/?p=5460#breadcrumb\"},\"inLanguage\":\"es\",\"potentialAction\":[{\"@type\":\"ReadAction\",\"target\":[\"https:\\\/\\\/impactocastex.com.ar\\\/?p=5460\"]}]},{\"@type\":\"ImageObject\",\"inLanguage\":\"es\",\"@id\":\"https:\\\/\\\/impactocastex.com.ar\\\/?p=5460#primaryimage\",\"url\":\"https:\\\/\\\/impactocastex.com.ar\\\/wp-content\\\/uploads\\\/2025\\\/12\\\/2130134.jpg\",\"contentUrl\":\"https:\\\/\\\/impactocastex.com.ar\\\/wp-content\\\/uploads\\\/2025\\\/12\\\/2130134.jpg\",\"width\":1200,\"height\":631},{\"@type\":\"BreadcrumbList\",\"@id\":\"https:\\\/\\\/impactocastex.com.ar\\\/?p=5460#breadcrumb\",\"itemListElement\":[{\"@type\":\"ListItem\",\"position\":1,\"name\":\"Portada\",\"item\":\"https:\\\/\\\/impactocastex.com.ar\\\/\"},{\"@type\":\"ListItem\",\"position\":2,\"name\":\"Rechazan reclamo del ISS por el choque de un patrullero\"}]},{\"@type\":\"WebSite\",\"@id\":\"https:\\\/\\\/impactocastex.com.ar\\\/#website\",\"url\":\"https:\\\/\\\/impactocastex.com.ar\\\/\",\"name\":\"Impacto Castex\",\"description\":\"\",\"publisher\":{\"@id\":\"https:\\\/\\\/impactocastex.com.ar\\\/#organization\"},\"potentialAction\":[{\"@type\":\"SearchAction\",\"target\":{\"@type\":\"EntryPoint\",\"urlTemplate\":\"https:\\\/\\\/impactocastex.com.ar\\\/?s={search_term_string}\"},\"query-input\":{\"@type\":\"PropertyValueSpecification\",\"valueRequired\":true,\"valueName\":\"search_term_string\"}}],\"inLanguage\":\"es\"},{\"@type\":\"Organization\",\"@id\":\"https:\\\/\\\/impactocastex.com.ar\\\/#organization\",\"name\":\"Impacto Castex\",\"url\":\"https:\\\/\\\/impactocastex.com.ar\\\/\",\"logo\":{\"@type\":\"ImageObject\",\"inLanguage\":\"es\",\"@id\":\"https:\\\/\\\/impactocastex.com.ar\\\/#\\\/schema\\\/logo\\\/image\\\/\",\"url\":\"https:\\\/\\\/impactocastex.com.ar\\\/wp-content\\\/uploads\\\/2025\\\/09\\\/cropped-icoweb.png\",\"contentUrl\":\"https:\\\/\\\/impactocastex.com.ar\\\/wp-content\\\/uploads\\\/2025\\\/09\\\/cropped-icoweb.png\",\"width\":512,\"height\":512,\"caption\":\"Impacto Castex\"},\"image\":{\"@id\":\"https:\\\/\\\/impactocastex.com.ar\\\/#\\\/schema\\\/logo\\\/image\\\/\"},\"sameAs\":[\"https:\\\/\\\/www.facebook.com\\\/impactocastexdiario\",\"https:\\\/\\\/www.instagram.com\\\/impactocastex.com.ar\\\/\"]},{\"@type\":\"Person\",\"@id\":\"https:\\\/\\\/impactocastex.com.ar\\\/#\\\/schema\\\/person\\\/c115028fb60f9bf49ce7550894b84ea7\",\"name\":\"impactocastex\",\"image\":{\"@type\":\"ImageObject\",\"inLanguage\":\"es\",\"@id\":\"https:\\\/\\\/secure.gravatar.com\\\/avatar\\\/fee87e7af008f02e9becdc0b5a9fd4a2e79b3918a571edeacb62211704637833?s=96&d=mm&r=g\",\"url\":\"https:\\\/\\\/secure.gravatar.com\\\/avatar\\\/fee87e7af008f02e9becdc0b5a9fd4a2e79b3918a571edeacb62211704637833?s=96&d=mm&r=g\",\"contentUrl\":\"https:\\\/\\\/secure.gravatar.com\\\/avatar\\\/fee87e7af008f02e9becdc0b5a9fd4a2e79b3918a571edeacb62211704637833?s=96&d=mm&r=g\",\"caption\":\"impactocastex\"},\"sameAs\":[\"https:\\\/\\\/impactocastex.com.ar\\\/\"],\"url\":\"https:\\\/\\\/impactocastex.com.ar\\\/?author=2\"}]}<\/script>\n<!-- \/ Yoast SEO plugin. -->","yoast_head_json":{"title":"Rechazan reclamo del ISS por el choque de un patrullero -","robots":{"index":"index","follow":"follow","max-snippet":"max-snippet:-1","max-image-preview":"max-image-preview:large","max-video-preview":"max-video-preview:-1"},"canonical":"https:\/\/impactocastex.com.ar\/?p=5460","og_locale":"es_ES","og_type":"article","og_title":"Rechazan reclamo del ISS por el choque de un patrullero -","og_description":"El hecho ocurri\u00f3 el 20 de noviembre de 2019. El Superior Tribunal de Justicia dej\u00f3...","og_url":"https:\/\/impactocastex.com.ar\/?p=5460","article_publisher":"https:\/\/www.facebook.com\/impactocastexdiario","article_published_time":"2025-12-11T14:20:35+00:00","article_modified_time":"2025-12-11T14:20:36+00:00","og_image":[{"width":1200,"height":631,"url":"https:\/\/impactocastex.com.ar\/wp-content\/uploads\/2025\/12\/2130134.jpg","type":"image\/jpeg"}],"author":"impactocastex","twitter_card":"summary_large_image","twitter_misc":{"Escrito por":"impactocastex","Tiempo de lectura":"3 minutos"},"schema":{"@context":"https:\/\/schema.org","@graph":[{"@type":"Article","@id":"https:\/\/impactocastex.com.ar\/?p=5460#article","isPartOf":{"@id":"https:\/\/impactocastex.com.ar\/?p=5460"},"author":{"name":"impactocastex","@id":"https:\/\/impactocastex.com.ar\/#\/schema\/person\/c115028fb60f9bf49ce7550894b84ea7"},"headline":"Rechazan reclamo del ISS por el choque de un patrullero","datePublished":"2025-12-11T14:20:35+00:00","dateModified":"2025-12-11T14:20:36+00:00","mainEntityOfPage":{"@id":"https:\/\/impactocastex.com.ar\/?p=5460"},"wordCount":567,"publisher":{"@id":"https:\/\/impactocastex.com.ar\/#organization"},"image":{"@id":"https:\/\/impactocastex.com.ar\/?p=5460#primaryimage"},"thumbnailUrl":"https:\/\/impactocastex.com.ar\/wp-content\/uploads\/2025\/12\/2130134.jpg","articleSection":["POLICIALES"],"inLanguage":"es"},{"@type":"WebPage","@id":"https:\/\/impactocastex.com.ar\/?p=5460","url":"https:\/\/impactocastex.com.ar\/?p=5460","name":"Rechazan reclamo del ISS por el choque de un patrullero -","isPartOf":{"@id":"https:\/\/impactocastex.com.ar\/#website"},"primaryImageOfPage":{"@id":"https:\/\/impactocastex.com.ar\/?p=5460#primaryimage"},"image":{"@id":"https:\/\/impactocastex.com.ar\/?p=5460#primaryimage"},"thumbnailUrl":"https:\/\/impactocastex.com.ar\/wp-content\/uploads\/2025\/12\/2130134.jpg","datePublished":"2025-12-11T14:20:35+00:00","dateModified":"2025-12-11T14:20:36+00:00","breadcrumb":{"@id":"https:\/\/impactocastex.com.ar\/?p=5460#breadcrumb"},"inLanguage":"es","potentialAction":[{"@type":"ReadAction","target":["https:\/\/impactocastex.com.ar\/?p=5460"]}]},{"@type":"ImageObject","inLanguage":"es","@id":"https:\/\/impactocastex.com.ar\/?p=5460#primaryimage","url":"https:\/\/impactocastex.com.ar\/wp-content\/uploads\/2025\/12\/2130134.jpg","contentUrl":"https:\/\/impactocastex.com.ar\/wp-content\/uploads\/2025\/12\/2130134.jpg","width":1200,"height":631},{"@type":"BreadcrumbList","@id":"https:\/\/impactocastex.com.ar\/?p=5460#breadcrumb","itemListElement":[{"@type":"ListItem","position":1,"name":"Portada","item":"https:\/\/impactocastex.com.ar\/"},{"@type":"ListItem","position":2,"name":"Rechazan reclamo del ISS por el choque de un patrullero"}]},{"@type":"WebSite","@id":"https:\/\/impactocastex.com.ar\/#website","url":"https:\/\/impactocastex.com.ar\/","name":"Impacto Castex","description":"","publisher":{"@id":"https:\/\/impactocastex.com.ar\/#organization"},"potentialAction":[{"@type":"SearchAction","target":{"@type":"EntryPoint","urlTemplate":"https:\/\/impactocastex.com.ar\/?s={search_term_string}"},"query-input":{"@type":"PropertyValueSpecification","valueRequired":true,"valueName":"search_term_string"}}],"inLanguage":"es"},{"@type":"Organization","@id":"https:\/\/impactocastex.com.ar\/#organization","name":"Impacto Castex","url":"https:\/\/impactocastex.com.ar\/","logo":{"@type":"ImageObject","inLanguage":"es","@id":"https:\/\/impactocastex.com.ar\/#\/schema\/logo\/image\/","url":"https:\/\/impactocastex.com.ar\/wp-content\/uploads\/2025\/09\/cropped-icoweb.png","contentUrl":"https:\/\/impactocastex.com.ar\/wp-content\/uploads\/2025\/09\/cropped-icoweb.png","width":512,"height":512,"caption":"Impacto Castex"},"image":{"@id":"https:\/\/impactocastex.com.ar\/#\/schema\/logo\/image\/"},"sameAs":["https:\/\/www.facebook.com\/impactocastexdiario","https:\/\/www.instagram.com\/impactocastex.com.ar\/"]},{"@type":"Person","@id":"https:\/\/impactocastex.com.ar\/#\/schema\/person\/c115028fb60f9bf49ce7550894b84ea7","name":"impactocastex","image":{"@type":"ImageObject","inLanguage":"es","@id":"https:\/\/secure.gravatar.com\/avatar\/fee87e7af008f02e9becdc0b5a9fd4a2e79b3918a571edeacb62211704637833?s=96&d=mm&r=g","url":"https:\/\/secure.gravatar.com\/avatar\/fee87e7af008f02e9becdc0b5a9fd4a2e79b3918a571edeacb62211704637833?s=96&d=mm&r=g","contentUrl":"https:\/\/secure.gravatar.com\/avatar\/fee87e7af008f02e9becdc0b5a9fd4a2e79b3918a571edeacb62211704637833?s=96&d=mm&r=g","caption":"impactocastex"},"sameAs":["https:\/\/impactocastex.com.ar\/"],"url":"https:\/\/impactocastex.com.ar\/?author=2"}]}},"jetpack_publicize_connections":[],"featured_image_urls":{"full":["https:\/\/impactocastex.com.ar\/wp-content\/uploads\/2025\/12\/2130134.jpg",1200,631,false],"thumbnail":["https:\/\/impactocastex.com.ar\/wp-content\/uploads\/2025\/12\/2130134-150x150.jpg",150,150,true],"medium":["https:\/\/impactocastex.com.ar\/wp-content\/uploads\/2025\/12\/2130134-300x158.jpg",300,158,true],"medium_large":["https:\/\/impactocastex.com.ar\/wp-content\/uploads\/2025\/12\/2130134-768x404.jpg",640,337,true],"large":["https:\/\/impactocastex.com.ar\/wp-content\/uploads\/2025\/12\/2130134-1024x538.jpg",640,336,true],"1536x1536":["https:\/\/impactocastex.com.ar\/wp-content\/uploads\/2025\/12\/2130134.jpg",1200,631,false],"2048x2048":["https:\/\/impactocastex.com.ar\/wp-content\/uploads\/2025\/12\/2130134.jpg",1200,631,false],"newsever-slider-full":["https:\/\/impactocastex.com.ar\/wp-content\/uploads\/2025\/12\/2130134.jpg",1200,631,false],"newsever-featured":["https:\/\/impactocastex.com.ar\/wp-content\/uploads\/2025\/12\/2130134-1024x538.jpg",1024,538,true],"newsever-medium":["https:\/\/impactocastex.com.ar\/wp-content\/uploads\/2025\/12\/2130134-720x475.jpg",720,475,true]},"author_info":{"info":["impactocastex"]},"category_info":"<a href=\"https:\/\/impactocastex.com.ar\/?cat=85\" rel=\"category\">POLICIALES<\/a>","tag_info":"POLICIALES","comment_count":0,"jetpack_featured_media_url":"https:\/\/impactocastex.com.ar\/wp-content\/uploads\/2025\/12\/2130134.jpg","jetpack_sharing_enabled":true,"jetpack_likes_enabled":true,"jetpack_shortlink":"https:\/\/wp.me\/p7sopA-1q4","_links":{"self":[{"href":"https:\/\/impactocastex.com.ar\/index.php?rest_route=\/wp\/v2\/posts\/5460","targetHints":{"allow":["GET"]}}],"collection":[{"href":"https:\/\/impactocastex.com.ar\/index.php?rest_route=\/wp\/v2\/posts"}],"about":[{"href":"https:\/\/impactocastex.com.ar\/index.php?rest_route=\/wp\/v2\/types\/post"}],"author":[{"embeddable":true,"href":"https:\/\/impactocastex.com.ar\/index.php?rest_route=\/wp\/v2\/users\/2"}],"replies":[{"embeddable":true,"href":"https:\/\/impactocastex.com.ar\/index.php?rest_route=%2Fwp%2Fv2%2Fcomments&post=5460"}],"version-history":[{"count":1,"href":"https:\/\/impactocastex.com.ar\/index.php?rest_route=\/wp\/v2\/posts\/5460\/revisions"}],"predecessor-version":[{"id":5462,"href":"https:\/\/impactocastex.com.ar\/index.php?rest_route=\/wp\/v2\/posts\/5460\/revisions\/5462"}],"wp:featuredmedia":[{"embeddable":true,"href":"https:\/\/impactocastex.com.ar\/index.php?rest_route=\/wp\/v2\/media\/5461"}],"wp:attachment":[{"href":"https:\/\/impactocastex.com.ar\/index.php?rest_route=%2Fwp%2Fv2%2Fmedia&parent=5460"}],"wp:term":[{"taxonomy":"category","embeddable":true,"href":"https:\/\/impactocastex.com.ar\/index.php?rest_route=%2Fwp%2Fv2%2Fcategories&post=5460"},{"taxonomy":"post_tag","embeddable":true,"href":"https:\/\/impactocastex.com.ar\/index.php?rest_route=%2Fwp%2Fv2%2Ftags&post=5460"}],"curies":[{"name":"wp","href":"https:\/\/api.w.org\/{rel}","templated":true}]}}