{"id":4625,"date":"2025-12-01T12:04:47","date_gmt":"2025-12-01T15:04:47","guid":{"rendered":"https:\/\/impactocastex.com.ar\/?p=4625"},"modified":"2025-12-01T12:04:48","modified_gmt":"2025-12-01T15:04:48","slug":"prepagas-transportes-y-mas-los-aumentos-que-se-esperan-en-diciembre","status":"publish","type":"post","link":"https:\/\/impactocastex.com.ar\/?p=4625","title":{"rendered":"Prepagas, transportes y m\u00e1s: los aumentos que se esperan en diciembre"},"content":{"rendered":"\n<p><strong>El \u00faltimo mes del a\u00f1o llega con nuevos incrementos en distintos rubros.<\/strong><\/p>\n\n\n\n<p>Diciembre, el \u00faltimo mes del 2025, inicia ma\u00f1ana y viene con aumentos en distintos rubros. Cu\u00e1les son los servicios que suben, desde las prepagas hasta las tarifas de luz y gas.<\/p>\n\n\n\n<p><strong><u>Prepagas<\/u><\/strong><\/p>\n\n\n\n<p>Las principales empresas de medicina prepaga ya definieron los aumentos en sus cuotas a partir de diciembre.<\/p>\n\n\n\n<p>Los aumentos vienen en sinton\u00eda con el \u00faltimo dato de inflaci\u00f3n de octubre difundido por el Instituto Nacional de Estad\u00edsticas y Censos (INDEC).<\/p>\n\n\n\n<p>Con el \u00cdndice de Precios al Consumidor (IPC) puesto en 2,3% para el d\u00e9cimo mes del a\u00f1o, las principales prepagas del pa\u00eds ya definieron sus incrementos en los valores de sus planes.<\/p>\n\n\n\n<p>Los m\u00e1rgenes para aumentar el valor en las cuotas de los afiliados viene quedando por encima de la inflaci\u00f3n en el rubro de Salud.<\/p>\n\n\n\n<p>Seg\u00fan lo difundido por el INDEC, en octubre subi\u00f3 1,5% en el Gran Buenos Aires (GBA) y 1,8% a nivel nacional. En lo que va del a\u00f1o, acumula un alza del 22,7% y contra el mismo mes del a\u00f1o anterior 28,9%.<\/p>\n\n\n\n<p>Sin embargo, los incrementos en los valores de sus planes muestra una tendencia ya consolidada, que es de una desaceleraci\u00f3n respecto de los meses previos en donde llegaron a duplicar los valores.<\/p>\n\n\n\n<p>De esta manera, el valor de las cuotas queda en sintonn\u00eda con el IPC de octubre:<\/p>\n\n\n\n<p>-Galeno: 2,3%.<\/p>\n\n\n\n<p>-Swiss Medical: 2,3%.<\/p>\n\n\n\n<p>-OSDE: 2,1% a nivel nacional y 2,5% en la regi\u00f3n de la Patagonia.<\/p>\n\n\n\n<p>-Prevenci\u00f3n Salud: 2,3%.<\/p>\n\n\n\n<p>-Avalian: 2,3%.<\/p>\n\n\n\n<p>-Hospital Alem\u00e1n: 2,3%.<\/p>\n\n\n\n<p>-Sociedad Italiana: 2,3%.<\/p>\n\n\n\n<p>-Sancor: 2,3% en el \u00c1rea Metropolitana de Buenos Aires (AMBA).<\/p>\n\n\n\n<p>Sin embargo, hubo una empresa de medicina prepaga le inform\u00f3 al Gobierno sobre los ajustes en sus valores mensuales que qued\u00f3 por encima del \u00faltimo dato de inflaci\u00f3n.<\/p>\n\n\n\n<p>Se trata de Accord Salud, que increment\u00f3 su valor un 2,4% y se posiciona 0,1 puntos porcentuales (p.p.) por encima del IPC.<\/p>\n\n\n\n<p><strong><u>Transporte<\/u><\/strong><\/p>\n\n\n\n<p>El lunes vuelven a aumentar los colectivos, subtes y peajes de la Ciudad, al igual que en la provincia de Buenos Aires.<\/p>\n\n\n\n<p>El ajuste que se aplica es del 2% m\u00e1s el \u00edndice de inflaci\u00f3n, por lo que el incremento esta vez ser\u00e1 del 4,3%, al tiempo que el mismo aumento se aplicar\u00e1 en la provincia de Buenos Aires, que para el mes entrante le agreg\u00f3 una suba adicional del 10%.<\/p>\n\n\n\n<p><strong>Colectivos:<\/strong>&nbsp;el boleto m\u00ednimo de colectivos en la Ciudad costar\u00e1 $593,52, mientras que en el Gran Buenos Aires (GBA) el costo ser\u00e1 de $658.&nbsp;<\/p>\n\n\n\n<p>Para las 30 l\u00edneas de colectivos que gestiona el Gobierno porte\u00f1o, el boleto iniciar\u00e1 en $593 y escalar\u00e1 hasta $760.<\/p>\n\n\n\n<p>-0 a 3 kil\u00f3metros: $593,52.<\/p>\n\n\n\n<p>-3 a 6 kil\u00f3metros: $659,5.<\/p>\n\n\n\n<p>-6 a 12 kil\u00f3metros: $710,31.<\/p>\n\n\n\n<p>-12 a 27 kil\u00f3metros: $761,15.<\/p>\n\n\n\n<p>Para las l\u00edneas del 200 en adelante que circulen dentro del AMBA y en los partidos de La Plata, Berisso y Ensenada el boleto m\u00ednimo comenzar\u00e1 en $650.<\/p>\n\n\n\n<p>-0 a 3 kil\u00f3metros: $658,44.<\/p>\n\n\n\n<p>-3 a 6 kil\u00f3metros: $733,5.<\/p>\n\n\n\n<p>-6 a 12 kil\u00f3metros: $790.<\/p>\n\n\n\n<p>-12 a 27 kil\u00f3metros: $846,57.<\/p>\n\n\n\n<p>-m\u00e1s de 27 kil\u00f3metros: $902,73.<\/p>\n\n\n\n<p><strong>Subte y autopistas en CABA:<\/strong>&nbsp;el costo del viaje en subte se va a $1.206. En cuanto a los peajes, en hora pico costar\u00e1n $4.912,67 en las autopistas Perito Moreno y 25 de Mayo, y $2.042,38 en la autopista Illia.<\/p>\n\n\n\n<p><strong><u>Servicios p\u00fablicos<\/u><\/strong><\/p>\n\n\n\n<p>Las facturas de electricidad y gas seguir\u00e1n con sus actualizaciones mensuales, tomando como referencia la inflaci\u00f3n. Los incrementos para diciembre quedaron establecidos por una serie de resoluciones del ENRE (Ente Nacional Regulador de la Electricidad) y ENARGAS (Ente Nacional Regulador del Gas).<\/p>\n\n\n\n<p>Las facturas el\u00e9ctricas recibir\u00e1n un aumento del 3,6% para Edenor y del 3,53% para Edesur con relaci\u00f3n a los precios pagados en noviembre.<\/p>\n\n\n\n<p>El impacto final en las boletas depender\u00e1 de la categor\u00eda de casa usuario. Los de Nivel 1 pagar\u00e1n la tarifa plena, mientras que Nivel 2 y Nivel 3 mantiene bonificaciones pero atados a los rangos de consumo.<\/p>\n\n\n\n<p>En ese sentido, el Gobierno present\u00f3 el nuevo esquema de subsidios focalizados en hogares vulnerables, en el marco del per\u00edodo de transici\u00f3n hacia subsidios focalizados, y dispuso la consulta p\u00fablica en donde ser\u00e1 sometido el nuevo dise\u00f1o.<\/p>\n\n\n\n<p>Dejar\u00e1n de existir los niveles N1, N2 y N3 y pasar\u00e1n a estar ubicados en dos grandes grupos: hogares con subsidios y hogares sin subsidios. Se espera implementar este nuevo esquema a partir del 2026.<\/p>\n\n\n\n<p><strong><u>Alquileres<\/u><\/strong><\/p>\n\n\n\n<p>Los inquilinos que hayan firmado contratos regidos por la derogada ley que regulaba al mercado de alquileres tendr\u00e1n que afrontar un incremento del 28,67% para el \u00faltimo mes del a\u00f1o. De esta manera, se consolida la desaceleraci\u00f3n en el incremento de los alquileres.<\/p>\n\n\n\n<p><strong>(NA)<\/strong><\/p>\n","protected":false},"excerpt":{"rendered":"<p>El \u00faltimo mes del a\u00f1o llega con nuevos incrementos en distintos rubros. Diciembre, el \u00faltimo&#8230;<\/p>\n","protected":false},"author":2,"featured_media":4626,"comment_status":"closed","ping_status":"closed","sticky":false,"template":"","format":"standard","meta":{"_jetpack_memberships_contains_paid_content":false,"footnotes":"","jetpack_publicize_message":"Prepagas, transportes y m\u00e1s: los aumentos que se esperan en diciembre","jetpack_publicize_feature_enabled":true,"jetpack_social_post_already_shared":false,"jetpack_social_options":{"image_generator_settings":{"template":"highway","default_image_id":0,"font":"","enabled":false},"version":2}},"categories":[86],"tags":[],"class_list":["post-4625","post","type-post","status-publish","format-standard","has-post-thumbnail","hentry","category-sociedad"],"yoast_head":"<!-- This site is optimized with the Yoast SEO plugin v27.4 - https:\/\/yoast.com\/product\/yoast-seo-wordpress\/ -->\n<title>Prepagas, transportes y m\u00e1s: los aumentos que se esperan en diciembre -<\/title>\n<meta name=\"robots\" content=\"index, follow, max-snippet:-1, max-image-preview:large, max-video-preview:-1\" \/>\n<link rel=\"canonical\" href=\"https:\/\/impactocastex.com.ar\/?p=4625\" \/>\n<meta property=\"og:locale\" content=\"es_ES\" \/>\n<meta property=\"og:type\" content=\"article\" \/>\n<meta property=\"og:title\" content=\"Prepagas, transportes y m\u00e1s: los aumentos que se esperan en diciembre -\" \/>\n<meta property=\"og:description\" content=\"El \u00faltimo mes del a\u00f1o llega con nuevos incrementos en distintos rubros. Diciembre, el \u00faltimo...\" \/>\n<meta property=\"og:url\" content=\"https:\/\/impactocastex.com.ar\/?p=4625\" \/>\n<meta property=\"article:publisher\" content=\"https:\/\/www.facebook.com\/impactocastexdiario\" \/>\n<meta property=\"article:published_time\" content=\"2025-12-01T15:04:47+00:00\" \/>\n<meta property=\"article:modified_time\" content=\"2025-12-01T15:04:48+00:00\" \/>\n<meta property=\"og:image\" content=\"https:\/\/impactocastex.com.ar\/wp-content\/uploads\/2025\/12\/2129118.jpg\" \/>\n\t<meta property=\"og:image:width\" content=\"1200\" \/>\n\t<meta property=\"og:image:height\" content=\"631\" \/>\n\t<meta property=\"og:image:type\" content=\"image\/jpeg\" \/>\n<meta name=\"author\" content=\"impactocastex\" \/>\n<meta name=\"twitter:card\" content=\"summary_large_image\" \/>\n<meta name=\"twitter:label1\" content=\"Escrito por\" \/>\n\t<meta name=\"twitter:data1\" content=\"impactocastex\" \/>\n\t<meta name=\"twitter:label2\" content=\"Tiempo de lectura\" \/>\n\t<meta name=\"twitter:data2\" content=\"4 minutos\" \/>\n<script type=\"application\/ld+json\" class=\"yoast-schema-graph\">{\"@context\":\"https:\\\/\\\/schema.org\",\"@graph\":[{\"@type\":\"Article\",\"@id\":\"https:\\\/\\\/impactocastex.com.ar\\\/?p=4625#article\",\"isPartOf\":{\"@id\":\"https:\\\/\\\/impactocastex.com.ar\\\/?p=4625\"},\"author\":{\"name\":\"impactocastex\",\"@id\":\"https:\\\/\\\/impactocastex.com.ar\\\/#\\\/schema\\\/person\\\/c115028fb60f9bf49ce7550894b84ea7\"},\"headline\":\"Prepagas, transportes y m\u00e1s: los aumentos que se esperan en diciembre\",\"datePublished\":\"2025-12-01T15:04:47+00:00\",\"dateModified\":\"2025-12-01T15:04:48+00:00\",\"mainEntityOfPage\":{\"@id\":\"https:\\\/\\\/impactocastex.com.ar\\\/?p=4625\"},\"wordCount\":783,\"publisher\":{\"@id\":\"https:\\\/\\\/impactocastex.com.ar\\\/#organization\"},\"image\":{\"@id\":\"https:\\\/\\\/impactocastex.com.ar\\\/?p=4625#primaryimage\"},\"thumbnailUrl\":\"https:\\\/\\\/impactocastex.com.ar\\\/wp-content\\\/uploads\\\/2025\\\/12\\\/2129118.jpg\",\"articleSection\":[\"SOCIEDAD\"],\"inLanguage\":\"es\"},{\"@type\":\"WebPage\",\"@id\":\"https:\\\/\\\/impactocastex.com.ar\\\/?p=4625\",\"url\":\"https:\\\/\\\/impactocastex.com.ar\\\/?p=4625\",\"name\":\"Prepagas, transportes y m\u00e1s: los aumentos que se esperan en diciembre -\",\"isPartOf\":{\"@id\":\"https:\\\/\\\/impactocastex.com.ar\\\/#website\"},\"primaryImageOfPage\":{\"@id\":\"https:\\\/\\\/impactocastex.com.ar\\\/?p=4625#primaryimage\"},\"image\":{\"@id\":\"https:\\\/\\\/impactocastex.com.ar\\\/?p=4625#primaryimage\"},\"thumbnailUrl\":\"https:\\\/\\\/impactocastex.com.ar\\\/wp-content\\\/uploads\\\/2025\\\/12\\\/2129118.jpg\",\"datePublished\":\"2025-12-01T15:04:47+00:00\",\"dateModified\":\"2025-12-01T15:04:48+00:00\",\"breadcrumb\":{\"@id\":\"https:\\\/\\\/impactocastex.com.ar\\\/?p=4625#breadcrumb\"},\"inLanguage\":\"es\",\"potentialAction\":[{\"@type\":\"ReadAction\",\"target\":[\"https:\\\/\\\/impactocastex.com.ar\\\/?p=4625\"]}]},{\"@type\":\"ImageObject\",\"inLanguage\":\"es\",\"@id\":\"https:\\\/\\\/impactocastex.com.ar\\\/?p=4625#primaryimage\",\"url\":\"https:\\\/\\\/impactocastex.com.ar\\\/wp-content\\\/uploads\\\/2025\\\/12\\\/2129118.jpg\",\"contentUrl\":\"https:\\\/\\\/impactocastex.com.ar\\\/wp-content\\\/uploads\\\/2025\\\/12\\\/2129118.jpg\",\"width\":1200,\"height\":631},{\"@type\":\"BreadcrumbList\",\"@id\":\"https:\\\/\\\/impactocastex.com.ar\\\/?p=4625#breadcrumb\",\"itemListElement\":[{\"@type\":\"ListItem\",\"position\":1,\"name\":\"Portada\",\"item\":\"https:\\\/\\\/impactocastex.com.ar\\\/\"},{\"@type\":\"ListItem\",\"position\":2,\"name\":\"Prepagas, transportes y m\u00e1s: los aumentos que se esperan en diciembre\"}]},{\"@type\":\"WebSite\",\"@id\":\"https:\\\/\\\/impactocastex.com.ar\\\/#website\",\"url\":\"https:\\\/\\\/impactocastex.com.ar\\\/\",\"name\":\"Impacto Castex\",\"description\":\"\",\"publisher\":{\"@id\":\"https:\\\/\\\/impactocastex.com.ar\\\/#organization\"},\"potentialAction\":[{\"@type\":\"SearchAction\",\"target\":{\"@type\":\"EntryPoint\",\"urlTemplate\":\"https:\\\/\\\/impactocastex.com.ar\\\/?s={search_term_string}\"},\"query-input\":{\"@type\":\"PropertyValueSpecification\",\"valueRequired\":true,\"valueName\":\"search_term_string\"}}],\"inLanguage\":\"es\"},{\"@type\":\"Organization\",\"@id\":\"https:\\\/\\\/impactocastex.com.ar\\\/#organization\",\"name\":\"Impacto Castex\",\"url\":\"https:\\\/\\\/impactocastex.com.ar\\\/\",\"logo\":{\"@type\":\"ImageObject\",\"inLanguage\":\"es\",\"@id\":\"https:\\\/\\\/impactocastex.com.ar\\\/#\\\/schema\\\/logo\\\/image\\\/\",\"url\":\"https:\\\/\\\/impactocastex.com.ar\\\/wp-content\\\/uploads\\\/2025\\\/09\\\/cropped-icoweb.png\",\"contentUrl\":\"https:\\\/\\\/impactocastex.com.ar\\\/wp-content\\\/uploads\\\/2025\\\/09\\\/cropped-icoweb.png\",\"width\":512,\"height\":512,\"caption\":\"Impacto Castex\"},\"image\":{\"@id\":\"https:\\\/\\\/impactocastex.com.ar\\\/#\\\/schema\\\/logo\\\/image\\\/\"},\"sameAs\":[\"https:\\\/\\\/www.facebook.com\\\/impactocastexdiario\",\"https:\\\/\\\/www.instagram.com\\\/impactocastex.com.ar\\\/\"]},{\"@type\":\"Person\",\"@id\":\"https:\\\/\\\/impactocastex.com.ar\\\/#\\\/schema\\\/person\\\/c115028fb60f9bf49ce7550894b84ea7\",\"name\":\"impactocastex\",\"image\":{\"@type\":\"ImageObject\",\"inLanguage\":\"es\",\"@id\":\"https:\\\/\\\/secure.gravatar.com\\\/avatar\\\/fee87e7af008f02e9becdc0b5a9fd4a2e79b3918a571edeacb62211704637833?s=96&d=mm&r=g\",\"url\":\"https:\\\/\\\/secure.gravatar.com\\\/avatar\\\/fee87e7af008f02e9becdc0b5a9fd4a2e79b3918a571edeacb62211704637833?s=96&d=mm&r=g\",\"contentUrl\":\"https:\\\/\\\/secure.gravatar.com\\\/avatar\\\/fee87e7af008f02e9becdc0b5a9fd4a2e79b3918a571edeacb62211704637833?s=96&d=mm&r=g\",\"caption\":\"impactocastex\"},\"sameAs\":[\"https:\\\/\\\/impactocastex.com.ar\\\/\"],\"url\":\"https:\\\/\\\/impactocastex.com.ar\\\/?author=2\"}]}<\/script>\n<!-- \/ Yoast SEO plugin. -->","yoast_head_json":{"title":"Prepagas, transportes y m\u00e1s: los aumentos que se esperan en diciembre -","robots":{"index":"index","follow":"follow","max-snippet":"max-snippet:-1","max-image-preview":"max-image-preview:large","max-video-preview":"max-video-preview:-1"},"canonical":"https:\/\/impactocastex.com.ar\/?p=4625","og_locale":"es_ES","og_type":"article","og_title":"Prepagas, transportes y m\u00e1s: los aumentos que se esperan en diciembre -","og_description":"El \u00faltimo mes del a\u00f1o llega con nuevos incrementos en distintos rubros. Diciembre, el \u00faltimo...","og_url":"https:\/\/impactocastex.com.ar\/?p=4625","article_publisher":"https:\/\/www.facebook.com\/impactocastexdiario","article_published_time":"2025-12-01T15:04:47+00:00","article_modified_time":"2025-12-01T15:04:48+00:00","og_image":[{"width":1200,"height":631,"url":"https:\/\/impactocastex.com.ar\/wp-content\/uploads\/2025\/12\/2129118.jpg","type":"image\/jpeg"}],"author":"impactocastex","twitter_card":"summary_large_image","twitter_misc":{"Escrito por":"impactocastex","Tiempo de lectura":"4 minutos"},"schema":{"@context":"https:\/\/schema.org","@graph":[{"@type":"Article","@id":"https:\/\/impactocastex.com.ar\/?p=4625#article","isPartOf":{"@id":"https:\/\/impactocastex.com.ar\/?p=4625"},"author":{"name":"impactocastex","@id":"https:\/\/impactocastex.com.ar\/#\/schema\/person\/c115028fb60f9bf49ce7550894b84ea7"},"headline":"Prepagas, transportes y m\u00e1s: los aumentos que se esperan en diciembre","datePublished":"2025-12-01T15:04:47+00:00","dateModified":"2025-12-01T15:04:48+00:00","mainEntityOfPage":{"@id":"https:\/\/impactocastex.com.ar\/?p=4625"},"wordCount":783,"publisher":{"@id":"https:\/\/impactocastex.com.ar\/#organization"},"image":{"@id":"https:\/\/impactocastex.com.ar\/?p=4625#primaryimage"},"thumbnailUrl":"https:\/\/impactocastex.com.ar\/wp-content\/uploads\/2025\/12\/2129118.jpg","articleSection":["SOCIEDAD"],"inLanguage":"es"},{"@type":"WebPage","@id":"https:\/\/impactocastex.com.ar\/?p=4625","url":"https:\/\/impactocastex.com.ar\/?p=4625","name":"Prepagas, transportes y m\u00e1s: los aumentos que se esperan en diciembre -","isPartOf":{"@id":"https:\/\/impactocastex.com.ar\/#website"},"primaryImageOfPage":{"@id":"https:\/\/impactocastex.com.ar\/?p=4625#primaryimage"},"image":{"@id":"https:\/\/impactocastex.com.ar\/?p=4625#primaryimage"},"thumbnailUrl":"https:\/\/impactocastex.com.ar\/wp-content\/uploads\/2025\/12\/2129118.jpg","datePublished":"2025-12-01T15:04:47+00:00","dateModified":"2025-12-01T15:04:48+00:00","breadcrumb":{"@id":"https:\/\/impactocastex.com.ar\/?p=4625#breadcrumb"},"inLanguage":"es","potentialAction":[{"@type":"ReadAction","target":["https:\/\/impactocastex.com.ar\/?p=4625"]}]},{"@type":"ImageObject","inLanguage":"es","@id":"https:\/\/impactocastex.com.ar\/?p=4625#primaryimage","url":"https:\/\/impactocastex.com.ar\/wp-content\/uploads\/2025\/12\/2129118.jpg","contentUrl":"https:\/\/impactocastex.com.ar\/wp-content\/uploads\/2025\/12\/2129118.jpg","width":1200,"height":631},{"@type":"BreadcrumbList","@id":"https:\/\/impactocastex.com.ar\/?p=4625#breadcrumb","itemListElement":[{"@type":"ListItem","position":1,"name":"Portada","item":"https:\/\/impactocastex.com.ar\/"},{"@type":"ListItem","position":2,"name":"Prepagas, transportes y m\u00e1s: los aumentos que se esperan en diciembre"}]},{"@type":"WebSite","@id":"https:\/\/impactocastex.com.ar\/#website","url":"https:\/\/impactocastex.com.ar\/","name":"Impacto Castex","description":"","publisher":{"@id":"https:\/\/impactocastex.com.ar\/#organization"},"potentialAction":[{"@type":"SearchAction","target":{"@type":"EntryPoint","urlTemplate":"https:\/\/impactocastex.com.ar\/?s={search_term_string}"},"query-input":{"@type":"PropertyValueSpecification","valueRequired":true,"valueName":"search_term_string"}}],"inLanguage":"es"},{"@type":"Organization","@id":"https:\/\/impactocastex.com.ar\/#organization","name":"Impacto Castex","url":"https:\/\/impactocastex.com.ar\/","logo":{"@type":"ImageObject","inLanguage":"es","@id":"https:\/\/impactocastex.com.ar\/#\/schema\/logo\/image\/","url":"https:\/\/impactocastex.com.ar\/wp-content\/uploads\/2025\/09\/cropped-icoweb.png","contentUrl":"https:\/\/impactocastex.com.ar\/wp-content\/uploads\/2025\/09\/cropped-icoweb.png","width":512,"height":512,"caption":"Impacto Castex"},"image":{"@id":"https:\/\/impactocastex.com.ar\/#\/schema\/logo\/image\/"},"sameAs":["https:\/\/www.facebook.com\/impactocastexdiario","https:\/\/www.instagram.com\/impactocastex.com.ar\/"]},{"@type":"Person","@id":"https:\/\/impactocastex.com.ar\/#\/schema\/person\/c115028fb60f9bf49ce7550894b84ea7","name":"impactocastex","image":{"@type":"ImageObject","inLanguage":"es","@id":"https:\/\/secure.gravatar.com\/avatar\/fee87e7af008f02e9becdc0b5a9fd4a2e79b3918a571edeacb62211704637833?s=96&d=mm&r=g","url":"https:\/\/secure.gravatar.com\/avatar\/fee87e7af008f02e9becdc0b5a9fd4a2e79b3918a571edeacb62211704637833?s=96&d=mm&r=g","contentUrl":"https:\/\/secure.gravatar.com\/avatar\/fee87e7af008f02e9becdc0b5a9fd4a2e79b3918a571edeacb62211704637833?s=96&d=mm&r=g","caption":"impactocastex"},"sameAs":["https:\/\/impactocastex.com.ar\/"],"url":"https:\/\/impactocastex.com.ar\/?author=2"}]}},"jetpack_publicize_connections":[],"featured_image_urls":{"full":["https:\/\/impactocastex.com.ar\/wp-content\/uploads\/2025\/12\/2129118.jpg",1200,631,false],"thumbnail":["https:\/\/impactocastex.com.ar\/wp-content\/uploads\/2025\/12\/2129118-150x150.jpg",150,150,true],"medium":["https:\/\/impactocastex.com.ar\/wp-content\/uploads\/2025\/12\/2129118-300x158.jpg",300,158,true],"medium_large":["https:\/\/impactocastex.com.ar\/wp-content\/uploads\/2025\/12\/2129118-768x404.jpg",640,337,true],"large":["https:\/\/impactocastex.com.ar\/wp-content\/uploads\/2025\/12\/2129118-1024x538.jpg",640,336,true],"1536x1536":["https:\/\/impactocastex.com.ar\/wp-content\/uploads\/2025\/12\/2129118.jpg",1200,631,false],"2048x2048":["https:\/\/impactocastex.com.ar\/wp-content\/uploads\/2025\/12\/2129118.jpg",1200,631,false],"newsever-slider-full":["https:\/\/impactocastex.com.ar\/wp-content\/uploads\/2025\/12\/2129118.jpg",1200,631,false],"newsever-featured":["https:\/\/impactocastex.com.ar\/wp-content\/uploads\/2025\/12\/2129118-1024x538.jpg",1024,538,true],"newsever-medium":["https:\/\/impactocastex.com.ar\/wp-content\/uploads\/2025\/12\/2129118-720x475.jpg",720,475,true]},"author_info":{"info":["impactocastex"]},"category_info":"<a href=\"https:\/\/impactocastex.com.ar\/?cat=86\" rel=\"category\">SOCIEDAD<\/a>","tag_info":"SOCIEDAD","comment_count":0,"jetpack_featured_media_url":"https:\/\/impactocastex.com.ar\/wp-content\/uploads\/2025\/12\/2129118.jpg","jetpack_sharing_enabled":true,"jetpack_likes_enabled":true,"jetpack_shortlink":"https:\/\/wp.me\/p7sopA-1cB","_links":{"self":[{"href":"https:\/\/impactocastex.com.ar\/index.php?rest_route=\/wp\/v2\/posts\/4625","targetHints":{"allow":["GET"]}}],"collection":[{"href":"https:\/\/impactocastex.com.ar\/index.php?rest_route=\/wp\/v2\/posts"}],"about":[{"href":"https:\/\/impactocastex.com.ar\/index.php?rest_route=\/wp\/v2\/types\/post"}],"author":[{"embeddable":true,"href":"https:\/\/impactocastex.com.ar\/index.php?rest_route=\/wp\/v2\/users\/2"}],"replies":[{"embeddable":true,"href":"https:\/\/impactocastex.com.ar\/index.php?rest_route=%2Fwp%2Fv2%2Fcomments&post=4625"}],"version-history":[{"count":1,"href":"https:\/\/impactocastex.com.ar\/index.php?rest_route=\/wp\/v2\/posts\/4625\/revisions"}],"predecessor-version":[{"id":4627,"href":"https:\/\/impactocastex.com.ar\/index.php?rest_route=\/wp\/v2\/posts\/4625\/revisions\/4627"}],"wp:featuredmedia":[{"embeddable":true,"href":"https:\/\/impactocastex.com.ar\/index.php?rest_route=\/wp\/v2\/media\/4626"}],"wp:attachment":[{"href":"https:\/\/impactocastex.com.ar\/index.php?rest_route=%2Fwp%2Fv2%2Fmedia&parent=4625"}],"wp:term":[{"taxonomy":"category","embeddable":true,"href":"https:\/\/impactocastex.com.ar\/index.php?rest_route=%2Fwp%2Fv2%2Fcategories&post=4625"},{"taxonomy":"post_tag","embeddable":true,"href":"https:\/\/impactocastex.com.ar\/index.php?rest_route=%2Fwp%2Fv2%2Ftags&post=4625"}],"curies":[{"name":"wp","href":"https:\/\/api.w.org\/{rel}","templated":true}]}}