{"id":4348,"date":"2025-11-28T11:06:39","date_gmt":"2025-11-28T14:06:39","guid":{"rendered":"https:\/\/impactocastex.com.ar\/?p=4348"},"modified":"2025-11-28T11:06:41","modified_gmt":"2025-11-28T14:06:41","slug":"la-policia-me-rompio-los-vidrios-de-la-casa-a-piedrazos","status":"publish","type":"post","link":"https:\/\/impactocastex.com.ar\/?p=4348","title":{"rendered":"\u00abLa polic\u00eda me rompi\u00f3 los vidrios de la casa a piedrazos\u00bb"},"content":{"rendered":"\n<p>Tras la\u00a0<strong>detenci\u00f3n de cuatro personas por agresi\u00f3n a la polic\u00eda<\/strong>, la vecina\u00a0<strong>Yesica Jaime<\/strong>\u00a0denunci\u00f3 en Fiscal\u00eda que los efectivos atacaron su casa con piedras y balas de goma mientras sus seis hijos estaban dentro.<\/p>\n\n\n\n<figure class=\"wp-block-embed is-type-video is-provider-youtube wp-block-embed-youtube wp-embed-aspect-16-9 wp-has-aspect-ratio\"><div class=\"wp-block-embed__wrapper\">\n<iframe loading=\"lazy\" title=\"&quot;La polic\u00eda me rompi\u00f3 los vidrios de la casa a piedrazos&quot;\" width=\"640\" height=\"360\" src=\"https:\/\/www.youtube.com\/embed\/csEwkUQYpvg?feature=oembed\" frameborder=\"0\" allow=\"accelerometer; autoplay; clipboard-write; encrypted-media; gyroscope; picture-in-picture; web-share\" referrerpolicy=\"strict-origin-when-cross-origin\" allowfullscreen><\/iframe>\n<\/div><\/figure>\n\n\n\n<p>Mientras la versi\u00f3n policial report\u00f3 una \u00abbatalla campal\u00bb el mi\u00e9rcoles por la noche que oblig\u00f3 a realizar disparos de advertencia en el barrio N\u00e9stor Kirchner, una vecina de la zona denunci\u00f3 en di\u00e1logo con El Diario que los efectivos atacaron su vivienda \u00aba piedrazos\u00bb y \u00abdisparos con balas de goma\u00bb, poniendo \u00aben riesgo\u00bb a sus seis hijos menores y mayores que se encontraban dentro.<\/p>\n\n\n\n<figure class=\"wp-block-embed is-type-rich is-provider-gestor-del-servicio wp-block-embed-gestor-del-servicio wp-embed-aspect-16-9 wp-has-aspect-ratio\"><div class=\"wp-block-embed__wrapper\">\n<iframe loading=\"lazy\" title=\"El incidente fue reportado por la polic\u00eda como un &quot;disturbio&quot; masivo\" width=\"640\" height=\"360\" src=\"https:\/\/www.youtube.com\/embed\/nDTOgTIA2Ns?feature=oembed\" frameborder=\"0\" allow=\"accelerometer; autoplay; clipboard-write; encrypted-media; gyroscope; picture-in-picture; web-share\" referrerpolicy=\"strict-origin-when-cross-origin\" allowfullscreen><\/iframe>\n<\/div><\/figure>\n\n\n\n<p>El testimonio es de&nbsp;<strong>Yesica Jaime (36), domiciliada en Alfredo Bravo 1041.<\/strong>&nbsp;En el momento en que hablaba con este diario, estaba por realizar la denuncia correspondiente en el Centro Judicial Santa Rosa con fotos y videos de lo sucedido. Aunque ella no vive en el lugar de los incidentes, decidi\u00f3 llevar adelante las actuaciones para&nbsp;<strong>\u00abla protecci\u00f3n de mis hijos\u00bb<\/strong>.<\/p>\n\n\n\n<p>El relato de la vecina<\/p>\n\n\n\n<p>El violento suceso se enmarc\u00f3 en una pelea entre familias de la cuadra que, seg\u00fan el informe policial, escal\u00f3 a un ataque contra los uniformados. Sin embargo, el testimonio de Jaime apunta directamente contra el accionar de la fuerza de seguridad:<\/p>\n\n\n\n<p><strong>\u00abLa polic\u00eda me rompi\u00f3 los vidrios de la casa a piedrazos. Sacaban ladrillos de un tapial y los tiraban contra los vidrios de mi casa\u00bb,<\/strong>&nbsp;relat\u00f3 la mujer.<\/p>\n\n\n\n<figure class=\"wp-block-image\"><img decoding=\"async\" src=\"https:\/\/www.eldiariodelapampa.com.ar\/\/img\/publicaciones\/2025\/11\/28\/alta\/837077-t.jpg\" alt=\"\" \/><\/figure>\n\n\n\n<p>La situaci\u00f3n se torn\u00f3 m\u00e1s grave cuando, seg\u00fan su testimonio, los efectivos utilizaron armas de baja letalidad directamente contra la vivienda, donde se encontraban sus hijos de 8, 12, 13, 15, 18 y 20 a\u00f1os, junto al padre de los mismos (expareja de Jaime).<\/p>\n\n\n\n<p><strong>\u00abSe paraban en la vereda y disparaban con balas de gomas hacia adentro de la casa cuando hab\u00eda menores. No entiendo por qu\u00e9 la polic\u00eda actu\u00f3 as\u00ed. Si ten\u00edan que detener a alguien lo hubieran hecho de otra manera, pero no as\u00ed\u00bb<\/strong>, sostuvo Y\u00e9sica Jaime.<\/p>\n\n\n\n<p>La versi\u00f3n policial<\/p>\n\n\n\n<p>El incidente fue reportado por la polic\u00eda como un \u00abdisturbio\u00bb masivo en calle Bravo entre Corona Mart\u00ednez y Gaich, a las 22:30 horas del mi\u00e9rcoles. La versi\u00f3n oficial indica que la turba atac\u00f3 a los agentes, dejando a dos efectivos heridos (uno con un corte en la cabeza por una piedra y otro mordido en un brazo), lo que justific\u00f3 el uso de disparos.<\/p>\n\n\n\n<p>El procedimiento policial culmin\u00f3 con la detenci\u00f3n de dos hombres mayores (uno con pedido de captura por agresi\u00f3n a un polic\u00eda en febrero) y la aprehensi\u00f3n de dos menores de 14 y 15 a\u00f1os. El padre de los hijos de Y\u00e9sica Jaime tambi\u00e9n fue detenido, pero posteriormente fue liberado.<\/p>\n\n\n\n<figure class=\"wp-block-image\"><img decoding=\"async\" src=\"https:\/\/www.eldiariodelapampa.com.ar\/\/img\/publicaciones\/2025\/11\/28\/alta\/837078-t.jpg\" alt=\"\" \/><\/figure>\n\n\n\n<p>Las actuaciones judiciales por el enfrentamiento est\u00e1n caratuladas como \u00abLesiones y Atentado a la Autoridad\u00bb, con intervenci\u00f3n de la Fiscal\u00eda de Personas. Ahora, la Fiscal\u00eda deber\u00e1 investigar tambi\u00e9n la grave denuncia presentada por la vecina Y\u00e9sica Jaime contra el accionar policial.<\/p>\n\n\n\n<p>eldiariodelapampa<\/p>\n","protected":false},"excerpt":{"rendered":"<p>Tras la\u00a0detenci\u00f3n de cuatro personas por agresi\u00f3n a la polic\u00eda, la vecina\u00a0Yesica Jaime\u00a0denunci\u00f3 en Fiscal\u00eda&#8230;<\/p>\n","protected":false},"author":2,"featured_media":4351,"comment_status":"closed","ping_status":"closed","sticky":false,"template":"","format":"standard","meta":{"_jetpack_memberships_contains_paid_content":false,"footnotes":"","jetpack_publicize_message":"\"La polic\u00eda me rompi\u00f3 los vidrios de la casa a piedrazos\"","jetpack_publicize_feature_enabled":true,"jetpack_social_post_already_shared":false,"jetpack_social_options":{"image_generator_settings":{"template":"highway","default_image_id":0,"font":"","enabled":false},"version":2}},"categories":[83,85],"tags":[],"class_list":["post-4348","post","type-post","status-publish","format-standard","has-post-thumbnail","hentry","category-la-pampa","category-policiales"],"yoast_head":"<!-- This site is optimized with the Yoast SEO plugin v27.4 - https:\/\/yoast.com\/product\/yoast-seo-wordpress\/ -->\n<title>&quot;La polic\u00eda me rompi\u00f3 los vidrios de la casa a piedrazos&quot; -<\/title>\n<meta name=\"robots\" content=\"index, follow, max-snippet:-1, max-image-preview:large, max-video-preview:-1\" \/>\n<link rel=\"canonical\" href=\"https:\/\/impactocastex.com.ar\/?p=4348\" \/>\n<meta property=\"og:locale\" content=\"es_ES\" \/>\n<meta property=\"og:type\" content=\"article\" \/>\n<meta property=\"og:title\" content=\"&quot;La polic\u00eda me rompi\u00f3 los vidrios de la casa a piedrazos&quot; -\" \/>\n<meta property=\"og:description\" content=\"Tras la\u00a0detenci\u00f3n de cuatro personas por agresi\u00f3n a la polic\u00eda, la vecina\u00a0Yesica Jaime\u00a0denunci\u00f3 en Fiscal\u00eda...\" \/>\n<meta property=\"og:url\" content=\"https:\/\/impactocastex.com.ar\/?p=4348\" \/>\n<meta property=\"article:publisher\" content=\"https:\/\/www.facebook.com\/impactocastexdiario\" \/>\n<meta property=\"article:published_time\" content=\"2025-11-28T14:06:39+00:00\" \/>\n<meta property=\"article:modified_time\" content=\"2025-11-28T14:06:41+00:00\" \/>\n<meta property=\"og:image\" content=\"https:\/\/impactocastex.com.ar\/wp-content\/uploads\/2025\/11\/837077-t.jpg\" \/>\n\t<meta property=\"og:image:width\" content=\"1280\" \/>\n\t<meta property=\"og:image:height\" content=\"960\" \/>\n\t<meta property=\"og:image:type\" content=\"image\/jpeg\" \/>\n<meta name=\"author\" content=\"impactocastex\" \/>\n<meta name=\"twitter:card\" content=\"summary_large_image\" \/>\n<meta name=\"twitter:label1\" content=\"Escrito por\" \/>\n\t<meta name=\"twitter:data1\" content=\"impactocastex\" \/>\n\t<meta name=\"twitter:label2\" content=\"Tiempo de lectura\" \/>\n\t<meta name=\"twitter:data2\" content=\"3 minutos\" \/>\n<script type=\"application\/ld+json\" class=\"yoast-schema-graph\">{\"@context\":\"https:\\\/\\\/schema.org\",\"@graph\":[{\"@type\":\"Article\",\"@id\":\"https:\\\/\\\/impactocastex.com.ar\\\/?p=4348#article\",\"isPartOf\":{\"@id\":\"https:\\\/\\\/impactocastex.com.ar\\\/?p=4348\"},\"author\":{\"name\":\"impactocastex\",\"@id\":\"https:\\\/\\\/impactocastex.com.ar\\\/#\\\/schema\\\/person\\\/c115028fb60f9bf49ce7550894b84ea7\"},\"headline\":\"\u00abLa polic\u00eda me rompi\u00f3 los vidrios de la casa a piedrazos\u00bb\",\"datePublished\":\"2025-11-28T14:06:39+00:00\",\"dateModified\":\"2025-11-28T14:06:41+00:00\",\"mainEntityOfPage\":{\"@id\":\"https:\\\/\\\/impactocastex.com.ar\\\/?p=4348\"},\"wordCount\":535,\"publisher\":{\"@id\":\"https:\\\/\\\/impactocastex.com.ar\\\/#organization\"},\"image\":{\"@id\":\"https:\\\/\\\/impactocastex.com.ar\\\/?p=4348#primaryimage\"},\"thumbnailUrl\":\"https:\\\/\\\/impactocastex.com.ar\\\/wp-content\\\/uploads\\\/2025\\\/11\\\/837077-t.jpg\",\"articleSection\":[\"LA PAMPA\",\"POLICIALES\"],\"inLanguage\":\"es\"},{\"@type\":\"WebPage\",\"@id\":\"https:\\\/\\\/impactocastex.com.ar\\\/?p=4348\",\"url\":\"https:\\\/\\\/impactocastex.com.ar\\\/?p=4348\",\"name\":\"\\\"La polic\u00eda me rompi\u00f3 los vidrios de la casa a piedrazos\\\" -\",\"isPartOf\":{\"@id\":\"https:\\\/\\\/impactocastex.com.ar\\\/#website\"},\"primaryImageOfPage\":{\"@id\":\"https:\\\/\\\/impactocastex.com.ar\\\/?p=4348#primaryimage\"},\"image\":{\"@id\":\"https:\\\/\\\/impactocastex.com.ar\\\/?p=4348#primaryimage\"},\"thumbnailUrl\":\"https:\\\/\\\/impactocastex.com.ar\\\/wp-content\\\/uploads\\\/2025\\\/11\\\/837077-t.jpg\",\"datePublished\":\"2025-11-28T14:06:39+00:00\",\"dateModified\":\"2025-11-28T14:06:41+00:00\",\"breadcrumb\":{\"@id\":\"https:\\\/\\\/impactocastex.com.ar\\\/?p=4348#breadcrumb\"},\"inLanguage\":\"es\",\"potentialAction\":[{\"@type\":\"ReadAction\",\"target\":[\"https:\\\/\\\/impactocastex.com.ar\\\/?p=4348\"]}]},{\"@type\":\"ImageObject\",\"inLanguage\":\"es\",\"@id\":\"https:\\\/\\\/impactocastex.com.ar\\\/?p=4348#primaryimage\",\"url\":\"https:\\\/\\\/impactocastex.com.ar\\\/wp-content\\\/uploads\\\/2025\\\/11\\\/837077-t.jpg\",\"contentUrl\":\"https:\\\/\\\/impactocastex.com.ar\\\/wp-content\\\/uploads\\\/2025\\\/11\\\/837077-t.jpg\",\"width\":1280,\"height\":960},{\"@type\":\"BreadcrumbList\",\"@id\":\"https:\\\/\\\/impactocastex.com.ar\\\/?p=4348#breadcrumb\",\"itemListElement\":[{\"@type\":\"ListItem\",\"position\":1,\"name\":\"Portada\",\"item\":\"https:\\\/\\\/impactocastex.com.ar\\\/\"},{\"@type\":\"ListItem\",\"position\":2,\"name\":\"&#8220;La polic\u00eda me rompi\u00f3 los vidrios de la casa a piedrazos&#8221;\"}]},{\"@type\":\"WebSite\",\"@id\":\"https:\\\/\\\/impactocastex.com.ar\\\/#website\",\"url\":\"https:\\\/\\\/impactocastex.com.ar\\\/\",\"name\":\"Impacto Castex\",\"description\":\"\",\"publisher\":{\"@id\":\"https:\\\/\\\/impactocastex.com.ar\\\/#organization\"},\"potentialAction\":[{\"@type\":\"SearchAction\",\"target\":{\"@type\":\"EntryPoint\",\"urlTemplate\":\"https:\\\/\\\/impactocastex.com.ar\\\/?s={search_term_string}\"},\"query-input\":{\"@type\":\"PropertyValueSpecification\",\"valueRequired\":true,\"valueName\":\"search_term_string\"}}],\"inLanguage\":\"es\"},{\"@type\":\"Organization\",\"@id\":\"https:\\\/\\\/impactocastex.com.ar\\\/#organization\",\"name\":\"Impacto Castex\",\"url\":\"https:\\\/\\\/impactocastex.com.ar\\\/\",\"logo\":{\"@type\":\"ImageObject\",\"inLanguage\":\"es\",\"@id\":\"https:\\\/\\\/impactocastex.com.ar\\\/#\\\/schema\\\/logo\\\/image\\\/\",\"url\":\"https:\\\/\\\/impactocastex.com.ar\\\/wp-content\\\/uploads\\\/2025\\\/09\\\/cropped-icoweb.png\",\"contentUrl\":\"https:\\\/\\\/impactocastex.com.ar\\\/wp-content\\\/uploads\\\/2025\\\/09\\\/cropped-icoweb.png\",\"width\":512,\"height\":512,\"caption\":\"Impacto Castex\"},\"image\":{\"@id\":\"https:\\\/\\\/impactocastex.com.ar\\\/#\\\/schema\\\/logo\\\/image\\\/\"},\"sameAs\":[\"https:\\\/\\\/www.facebook.com\\\/impactocastexdiario\",\"https:\\\/\\\/www.instagram.com\\\/impactocastex.com.ar\\\/\"]},{\"@type\":\"Person\",\"@id\":\"https:\\\/\\\/impactocastex.com.ar\\\/#\\\/schema\\\/person\\\/c115028fb60f9bf49ce7550894b84ea7\",\"name\":\"impactocastex\",\"image\":{\"@type\":\"ImageObject\",\"inLanguage\":\"es\",\"@id\":\"https:\\\/\\\/secure.gravatar.com\\\/avatar\\\/fee87e7af008f02e9becdc0b5a9fd4a2e79b3918a571edeacb62211704637833?s=96&d=mm&r=g\",\"url\":\"https:\\\/\\\/secure.gravatar.com\\\/avatar\\\/fee87e7af008f02e9becdc0b5a9fd4a2e79b3918a571edeacb62211704637833?s=96&d=mm&r=g\",\"contentUrl\":\"https:\\\/\\\/secure.gravatar.com\\\/avatar\\\/fee87e7af008f02e9becdc0b5a9fd4a2e79b3918a571edeacb62211704637833?s=96&d=mm&r=g\",\"caption\":\"impactocastex\"},\"sameAs\":[\"https:\\\/\\\/impactocastex.com.ar\\\/\"],\"url\":\"https:\\\/\\\/impactocastex.com.ar\\\/?author=2\"}]}<\/script>\n<!-- \/ Yoast SEO plugin. -->","yoast_head_json":{"title":"\"La polic\u00eda me rompi\u00f3 los vidrios de la casa a piedrazos\" -","robots":{"index":"index","follow":"follow","max-snippet":"max-snippet:-1","max-image-preview":"max-image-preview:large","max-video-preview":"max-video-preview:-1"},"canonical":"https:\/\/impactocastex.com.ar\/?p=4348","og_locale":"es_ES","og_type":"article","og_title":"\"La polic\u00eda me rompi\u00f3 los vidrios de la casa a piedrazos\" -","og_description":"Tras la\u00a0detenci\u00f3n de cuatro personas por agresi\u00f3n a la polic\u00eda, la vecina\u00a0Yesica Jaime\u00a0denunci\u00f3 en Fiscal\u00eda...","og_url":"https:\/\/impactocastex.com.ar\/?p=4348","article_publisher":"https:\/\/www.facebook.com\/impactocastexdiario","article_published_time":"2025-11-28T14:06:39+00:00","article_modified_time":"2025-11-28T14:06:41+00:00","og_image":[{"width":1280,"height":960,"url":"https:\/\/impactocastex.com.ar\/wp-content\/uploads\/2025\/11\/837077-t.jpg","type":"image\/jpeg"}],"author":"impactocastex","twitter_card":"summary_large_image","twitter_misc":{"Escrito por":"impactocastex","Tiempo de lectura":"3 minutos"},"schema":{"@context":"https:\/\/schema.org","@graph":[{"@type":"Article","@id":"https:\/\/impactocastex.com.ar\/?p=4348#article","isPartOf":{"@id":"https:\/\/impactocastex.com.ar\/?p=4348"},"author":{"name":"impactocastex","@id":"https:\/\/impactocastex.com.ar\/#\/schema\/person\/c115028fb60f9bf49ce7550894b84ea7"},"headline":"\u00abLa polic\u00eda me rompi\u00f3 los vidrios de la casa a piedrazos\u00bb","datePublished":"2025-11-28T14:06:39+00:00","dateModified":"2025-11-28T14:06:41+00:00","mainEntityOfPage":{"@id":"https:\/\/impactocastex.com.ar\/?p=4348"},"wordCount":535,"publisher":{"@id":"https:\/\/impactocastex.com.ar\/#organization"},"image":{"@id":"https:\/\/impactocastex.com.ar\/?p=4348#primaryimage"},"thumbnailUrl":"https:\/\/impactocastex.com.ar\/wp-content\/uploads\/2025\/11\/837077-t.jpg","articleSection":["LA PAMPA","POLICIALES"],"inLanguage":"es"},{"@type":"WebPage","@id":"https:\/\/impactocastex.com.ar\/?p=4348","url":"https:\/\/impactocastex.com.ar\/?p=4348","name":"\"La polic\u00eda me rompi\u00f3 los vidrios de la casa a piedrazos\" -","isPartOf":{"@id":"https:\/\/impactocastex.com.ar\/#website"},"primaryImageOfPage":{"@id":"https:\/\/impactocastex.com.ar\/?p=4348#primaryimage"},"image":{"@id":"https:\/\/impactocastex.com.ar\/?p=4348#primaryimage"},"thumbnailUrl":"https:\/\/impactocastex.com.ar\/wp-content\/uploads\/2025\/11\/837077-t.jpg","datePublished":"2025-11-28T14:06:39+00:00","dateModified":"2025-11-28T14:06:41+00:00","breadcrumb":{"@id":"https:\/\/impactocastex.com.ar\/?p=4348#breadcrumb"},"inLanguage":"es","potentialAction":[{"@type":"ReadAction","target":["https:\/\/impactocastex.com.ar\/?p=4348"]}]},{"@type":"ImageObject","inLanguage":"es","@id":"https:\/\/impactocastex.com.ar\/?p=4348#primaryimage","url":"https:\/\/impactocastex.com.ar\/wp-content\/uploads\/2025\/11\/837077-t.jpg","contentUrl":"https:\/\/impactocastex.com.ar\/wp-content\/uploads\/2025\/11\/837077-t.jpg","width":1280,"height":960},{"@type":"BreadcrumbList","@id":"https:\/\/impactocastex.com.ar\/?p=4348#breadcrumb","itemListElement":[{"@type":"ListItem","position":1,"name":"Portada","item":"https:\/\/impactocastex.com.ar\/"},{"@type":"ListItem","position":2,"name":"&#8220;La polic\u00eda me rompi\u00f3 los vidrios de la casa a piedrazos&#8221;"}]},{"@type":"WebSite","@id":"https:\/\/impactocastex.com.ar\/#website","url":"https:\/\/impactocastex.com.ar\/","name":"Impacto Castex","description":"","publisher":{"@id":"https:\/\/impactocastex.com.ar\/#organization"},"potentialAction":[{"@type":"SearchAction","target":{"@type":"EntryPoint","urlTemplate":"https:\/\/impactocastex.com.ar\/?s={search_term_string}"},"query-input":{"@type":"PropertyValueSpecification","valueRequired":true,"valueName":"search_term_string"}}],"inLanguage":"es"},{"@type":"Organization","@id":"https:\/\/impactocastex.com.ar\/#organization","name":"Impacto Castex","url":"https:\/\/impactocastex.com.ar\/","logo":{"@type":"ImageObject","inLanguage":"es","@id":"https:\/\/impactocastex.com.ar\/#\/schema\/logo\/image\/","url":"https:\/\/impactocastex.com.ar\/wp-content\/uploads\/2025\/09\/cropped-icoweb.png","contentUrl":"https:\/\/impactocastex.com.ar\/wp-content\/uploads\/2025\/09\/cropped-icoweb.png","width":512,"height":512,"caption":"Impacto Castex"},"image":{"@id":"https:\/\/impactocastex.com.ar\/#\/schema\/logo\/image\/"},"sameAs":["https:\/\/www.facebook.com\/impactocastexdiario","https:\/\/www.instagram.com\/impactocastex.com.ar\/"]},{"@type":"Person","@id":"https:\/\/impactocastex.com.ar\/#\/schema\/person\/c115028fb60f9bf49ce7550894b84ea7","name":"impactocastex","image":{"@type":"ImageObject","inLanguage":"es","@id":"https:\/\/secure.gravatar.com\/avatar\/fee87e7af008f02e9becdc0b5a9fd4a2e79b3918a571edeacb62211704637833?s=96&d=mm&r=g","url":"https:\/\/secure.gravatar.com\/avatar\/fee87e7af008f02e9becdc0b5a9fd4a2e79b3918a571edeacb62211704637833?s=96&d=mm&r=g","contentUrl":"https:\/\/secure.gravatar.com\/avatar\/fee87e7af008f02e9becdc0b5a9fd4a2e79b3918a571edeacb62211704637833?s=96&d=mm&r=g","caption":"impactocastex"},"sameAs":["https:\/\/impactocastex.com.ar\/"],"url":"https:\/\/impactocastex.com.ar\/?author=2"}]}},"jetpack_publicize_connections":[],"featured_image_urls":{"full":["https:\/\/impactocastex.com.ar\/wp-content\/uploads\/2025\/11\/837077-t.jpg",1280,960,false],"thumbnail":["https:\/\/impactocastex.com.ar\/wp-content\/uploads\/2025\/11\/837077-t-150x150.jpg",150,150,true],"medium":["https:\/\/impactocastex.com.ar\/wp-content\/uploads\/2025\/11\/837077-t-300x225.jpg",300,225,true],"medium_large":["https:\/\/impactocastex.com.ar\/wp-content\/uploads\/2025\/11\/837077-t-768x576.jpg",640,480,true],"large":["https:\/\/impactocastex.com.ar\/wp-content\/uploads\/2025\/11\/837077-t-1024x768.jpg",640,480,true],"1536x1536":["https:\/\/impactocastex.com.ar\/wp-content\/uploads\/2025\/11\/837077-t.jpg",1280,960,false],"2048x2048":["https:\/\/impactocastex.com.ar\/wp-content\/uploads\/2025\/11\/837077-t.jpg",1280,960,false],"newsever-slider-full":["https:\/\/impactocastex.com.ar\/wp-content\/uploads\/2025\/11\/837077-t-1280x845.jpg",1280,845,true],"newsever-featured":["https:\/\/impactocastex.com.ar\/wp-content\/uploads\/2025\/11\/837077-t-1024x768.jpg",1024,768,true],"newsever-medium":["https:\/\/impactocastex.com.ar\/wp-content\/uploads\/2025\/11\/837077-t-720x475.jpg",720,475,true]},"author_info":{"info":["impactocastex"]},"category_info":"<a href=\"https:\/\/impactocastex.com.ar\/?cat=83\" rel=\"category\">LA PAMPA<\/a> <a href=\"https:\/\/impactocastex.com.ar\/?cat=85\" rel=\"category\">POLICIALES<\/a>","tag_info":"POLICIALES","comment_count":0,"jetpack_featured_media_url":"https:\/\/impactocastex.com.ar\/wp-content\/uploads\/2025\/11\/837077-t.jpg","jetpack_sharing_enabled":true,"jetpack_likes_enabled":true,"jetpack_shortlink":"https:\/\/wp.me\/p7sopA-188","_links":{"self":[{"href":"https:\/\/impactocastex.com.ar\/index.php?rest_route=\/wp\/v2\/posts\/4348","targetHints":{"allow":["GET"]}}],"collection":[{"href":"https:\/\/impactocastex.com.ar\/index.php?rest_route=\/wp\/v2\/posts"}],"about":[{"href":"https:\/\/impactocastex.com.ar\/index.php?rest_route=\/wp\/v2\/types\/post"}],"author":[{"embeddable":true,"href":"https:\/\/impactocastex.com.ar\/index.php?rest_route=\/wp\/v2\/users\/2"}],"replies":[{"embeddable":true,"href":"https:\/\/impactocastex.com.ar\/index.php?rest_route=%2Fwp%2Fv2%2Fcomments&post=4348"}],"version-history":[{"count":1,"href":"https:\/\/impactocastex.com.ar\/index.php?rest_route=\/wp\/v2\/posts\/4348\/revisions"}],"predecessor-version":[{"id":4352,"href":"https:\/\/impactocastex.com.ar\/index.php?rest_route=\/wp\/v2\/posts\/4348\/revisions\/4352"}],"wp:featuredmedia":[{"embeddable":true,"href":"https:\/\/impactocastex.com.ar\/index.php?rest_route=\/wp\/v2\/media\/4351"}],"wp:attachment":[{"href":"https:\/\/impactocastex.com.ar\/index.php?rest_route=%2Fwp%2Fv2%2Fmedia&parent=4348"}],"wp:term":[{"taxonomy":"category","embeddable":true,"href":"https:\/\/impactocastex.com.ar\/index.php?rest_route=%2Fwp%2Fv2%2Fcategories&post=4348"},{"taxonomy":"post_tag","embeddable":true,"href":"https:\/\/impactocastex.com.ar\/index.php?rest_route=%2Fwp%2Fv2%2Ftags&post=4348"}],"curies":[{"name":"wp","href":"https:\/\/api.w.org\/{rel}","templated":true}]}}