{"id":4164,"date":"2025-11-26T09:47:23","date_gmt":"2025-11-26T12:47:23","guid":{"rendered":"https:\/\/impactocastex.com.ar\/?p=4164"},"modified":"2025-11-26T09:47:24","modified_gmt":"2025-11-26T12:47:24","slug":"escandalo-libra-acusado-lanzo-un-fideicomiso-para-despegar-a-milei-de-la-causa","status":"publish","type":"post","link":"https:\/\/impactocastex.com.ar\/?p=4164","title":{"rendered":"Esc\u00e1ndalo $Libra: acusado lanz\u00f3 un fideicomiso para despegar a Milei de la causa"},"content":{"rendered":"\n<p>En un intento por mitigar el esc\u00e1ndalo vinculado al criptoactivo&nbsp;<strong>$Libra<\/strong>, el&nbsp;<em>\u201cempresario\u201d<\/em>&nbsp;estadounidense&nbsp;<strong>Hayden Mark Davis<\/strong>&nbsp;lanz\u00f3 en internet un fideicomiso denominado&nbsp;<em>\u201cThe Libra Trust\u201d<\/em>. La maniobra se activ\u00f3 minutos antes de una audiencia clave en Nueva York y tambi\u00e9n busca desvincular al presidente&nbsp;<strong>Javier Milei<\/strong>&nbsp;del proyecto.<\/p>\n\n\n\n<p>Seg\u00fan inform\u00f3 el periodista&nbsp;<strong>Hugo Alconada Mon<\/strong>&nbsp;para&nbsp;<strong>La Naci\u00f3n<\/strong>, la p\u00e1gina web del fideicomiso sostiene que los fondos recaudados mediante el token se distribuir\u00e1n en&nbsp;<strong>subvenciones para peque\u00f1as y medianas empresas (Pymes)<\/strong>&nbsp;de la Argentina.<\/p>\n\n\n\n<p>El lanzamiento del portal funcion\u00f3 como una\u00a0<strong>estrategia judicial<\/strong>\u00a0evidente. Se produjo instantes antes de que la jueza federal\u00a0<strong>Jennifer L. Rochon<\/strong>\u00a0analizara un pedido de la demanda colectiva \u2014<em>\u201cclass action\u201d<\/em>\u2014 para congelar los fondos de Davis.<\/p>\n\n\n\n<p>El fideicomiso incluye un punto central: afirma que el trust operar\u00e1&nbsp;<em>\u201ccon total independencia de Hayden Davis y Javier Milei\u201d<\/em>, aunque no detalla los roles de cada uno. Con ello procura desligar al presidente -quien apoy\u00f3 p\u00fablicamente el token en febrero- de las&nbsp;<strong>acusaciones m\u00e1s graves<\/strong>.<\/p>\n\n\n\n<p>Poco despu\u00e9s de la activaci\u00f3n del sitio, la jueza Rochon rechaz\u00f3 el pedido de los demandantes para congelar los fondos. Valor\u00f3 el compromiso de Davis de preservar la documentaci\u00f3n necesaria para garantizar la&nbsp;<strong>trazabilidad de los activos<\/strong>, adem\u00e1s de la creaci\u00f3n del nuevo fideicomiso.<\/p>\n\n\n\n<p>Davis y otros acusados enfrentan en Estados Unidos una&nbsp;<strong>demanda colectiva<\/strong>&nbsp;basada en la ley federal que penaliza el crimen organizado (<strong>RICO Act<\/strong>), donde se los acusa de haber montado una&nbsp;<em>\u201caut\u00e9ntica f\u00e1brica de fraude\u201d<\/em>&nbsp;en el mercado de criptoactivos.<\/p>\n","protected":false},"excerpt":{"rendered":"<p>En un intento por mitigar el esc\u00e1ndalo vinculado al criptoactivo&nbsp;$Libra, el&nbsp;\u201cempresario\u201d&nbsp;estadounidense&nbsp;Hayden Mark Davis&nbsp;lanz\u00f3 en internet&#8230;<\/p>\n","protected":false},"author":2,"featured_media":4165,"comment_status":"closed","ping_status":"closed","sticky":false,"template":"","format":"standard","meta":{"_jetpack_memberships_contains_paid_content":false,"footnotes":"","jetpack_publicize_message":"Esc\u00e1ndalo $Libra: acusado lanz\u00f3 un fideicomiso para despegar a Milei de la causa","jetpack_publicize_feature_enabled":true,"jetpack_social_post_already_shared":false,"jetpack_social_options":{"image_generator_settings":{"template":"highway","default_image_id":0,"font":"","enabled":false},"version":2}},"categories":[122],"tags":[],"class_list":["post-4164","post","type-post","status-publish","format-standard","has-post-thumbnail","hentry","category-politica"],"yoast_head":"<!-- This site is optimized with the Yoast SEO plugin v27.4 - https:\/\/yoast.com\/product\/yoast-seo-wordpress\/ -->\n<title>Esc\u00e1ndalo $Libra: acusado lanz\u00f3 un fideicomiso para despegar a Milei de la causa -<\/title>\n<meta name=\"robots\" content=\"index, follow, max-snippet:-1, max-image-preview:large, max-video-preview:-1\" \/>\n<link rel=\"canonical\" href=\"https:\/\/impactocastex.com.ar\/?p=4164\" \/>\n<meta property=\"og:locale\" content=\"es_ES\" \/>\n<meta property=\"og:type\" content=\"article\" \/>\n<meta property=\"og:title\" content=\"Esc\u00e1ndalo $Libra: acusado lanz\u00f3 un fideicomiso para despegar a Milei de la causa -\" \/>\n<meta property=\"og:description\" content=\"En un intento por mitigar el esc\u00e1ndalo vinculado al criptoactivo&nbsp;$Libra, el&nbsp;\u201cempresario\u201d&nbsp;estadounidense&nbsp;Hayden Mark Davis&nbsp;lanz\u00f3 en internet...\" \/>\n<meta property=\"og:url\" content=\"https:\/\/impactocastex.com.ar\/?p=4164\" \/>\n<meta property=\"article:publisher\" content=\"https:\/\/www.facebook.com\/impactocastexdiario\" \/>\n<meta property=\"article:published_time\" content=\"2025-11-26T12:47:23+00:00\" \/>\n<meta property=\"article:modified_time\" content=\"2025-11-26T12:47:24+00:00\" \/>\n<meta property=\"og:image\" content=\"https:\/\/impactocastex.com.ar\/wp-content\/uploads\/2025\/11\/mileijavierhaydendavis-1970239.jpg\" \/>\n\t<meta property=\"og:image:width\" content=\"696\" \/>\n\t<meta property=\"og:image:height\" content=\"392\" \/>\n\t<meta property=\"og:image:type\" content=\"image\/jpeg\" \/>\n<meta name=\"author\" content=\"impactocastex\" \/>\n<meta name=\"twitter:card\" content=\"summary_large_image\" \/>\n<meta name=\"twitter:label1\" content=\"Escrito por\" \/>\n\t<meta name=\"twitter:data1\" content=\"impactocastex\" \/>\n\t<meta name=\"twitter:label2\" content=\"Tiempo de lectura\" \/>\n\t<meta name=\"twitter:data2\" content=\"2 minutos\" \/>\n<script type=\"application\/ld+json\" class=\"yoast-schema-graph\">{\"@context\":\"https:\\\/\\\/schema.org\",\"@graph\":[{\"@type\":\"Article\",\"@id\":\"https:\\\/\\\/impactocastex.com.ar\\\/?p=4164#article\",\"isPartOf\":{\"@id\":\"https:\\\/\\\/impactocastex.com.ar\\\/?p=4164\"},\"author\":{\"name\":\"impactocastex\",\"@id\":\"https:\\\/\\\/impactocastex.com.ar\\\/#\\\/schema\\\/person\\\/c115028fb60f9bf49ce7550894b84ea7\"},\"headline\":\"Esc\u00e1ndalo $Libra: acusado lanz\u00f3 un fideicomiso para despegar a Milei de la causa\",\"datePublished\":\"2025-11-26T12:47:23+00:00\",\"dateModified\":\"2025-11-26T12:47:24+00:00\",\"mainEntityOfPage\":{\"@id\":\"https:\\\/\\\/impactocastex.com.ar\\\/?p=4164\"},\"wordCount\":302,\"publisher\":{\"@id\":\"https:\\\/\\\/impactocastex.com.ar\\\/#organization\"},\"image\":{\"@id\":\"https:\\\/\\\/impactocastex.com.ar\\\/?p=4164#primaryimage\"},\"thumbnailUrl\":\"https:\\\/\\\/impactocastex.com.ar\\\/wp-content\\\/uploads\\\/2025\\\/11\\\/mileijavierhaydendavis-1970239.jpg\",\"articleSection\":[\"POLITICA\"],\"inLanguage\":\"es\"},{\"@type\":\"WebPage\",\"@id\":\"https:\\\/\\\/impactocastex.com.ar\\\/?p=4164\",\"url\":\"https:\\\/\\\/impactocastex.com.ar\\\/?p=4164\",\"name\":\"Esc\u00e1ndalo $Libra: acusado lanz\u00f3 un fideicomiso para despegar a Milei de la causa -\",\"isPartOf\":{\"@id\":\"https:\\\/\\\/impactocastex.com.ar\\\/#website\"},\"primaryImageOfPage\":{\"@id\":\"https:\\\/\\\/impactocastex.com.ar\\\/?p=4164#primaryimage\"},\"image\":{\"@id\":\"https:\\\/\\\/impactocastex.com.ar\\\/?p=4164#primaryimage\"},\"thumbnailUrl\":\"https:\\\/\\\/impactocastex.com.ar\\\/wp-content\\\/uploads\\\/2025\\\/11\\\/mileijavierhaydendavis-1970239.jpg\",\"datePublished\":\"2025-11-26T12:47:23+00:00\",\"dateModified\":\"2025-11-26T12:47:24+00:00\",\"breadcrumb\":{\"@id\":\"https:\\\/\\\/impactocastex.com.ar\\\/?p=4164#breadcrumb\"},\"inLanguage\":\"es\",\"potentialAction\":[{\"@type\":\"ReadAction\",\"target\":[\"https:\\\/\\\/impactocastex.com.ar\\\/?p=4164\"]}]},{\"@type\":\"ImageObject\",\"inLanguage\":\"es\",\"@id\":\"https:\\\/\\\/impactocastex.com.ar\\\/?p=4164#primaryimage\",\"url\":\"https:\\\/\\\/impactocastex.com.ar\\\/wp-content\\\/uploads\\\/2025\\\/11\\\/mileijavierhaydendavis-1970239.jpg\",\"contentUrl\":\"https:\\\/\\\/impactocastex.com.ar\\\/wp-content\\\/uploads\\\/2025\\\/11\\\/mileijavierhaydendavis-1970239.jpg\",\"width\":696,\"height\":392},{\"@type\":\"BreadcrumbList\",\"@id\":\"https:\\\/\\\/impactocastex.com.ar\\\/?p=4164#breadcrumb\",\"itemListElement\":[{\"@type\":\"ListItem\",\"position\":1,\"name\":\"Portada\",\"item\":\"https:\\\/\\\/impactocastex.com.ar\\\/\"},{\"@type\":\"ListItem\",\"position\":2,\"name\":\"Esc\u00e1ndalo $Libra: acusado lanz\u00f3 un fideicomiso para despegar a Milei de la causa\"}]},{\"@type\":\"WebSite\",\"@id\":\"https:\\\/\\\/impactocastex.com.ar\\\/#website\",\"url\":\"https:\\\/\\\/impactocastex.com.ar\\\/\",\"name\":\"Impacto Castex\",\"description\":\"\",\"publisher\":{\"@id\":\"https:\\\/\\\/impactocastex.com.ar\\\/#organization\"},\"potentialAction\":[{\"@type\":\"SearchAction\",\"target\":{\"@type\":\"EntryPoint\",\"urlTemplate\":\"https:\\\/\\\/impactocastex.com.ar\\\/?s={search_term_string}\"},\"query-input\":{\"@type\":\"PropertyValueSpecification\",\"valueRequired\":true,\"valueName\":\"search_term_string\"}}],\"inLanguage\":\"es\"},{\"@type\":\"Organization\",\"@id\":\"https:\\\/\\\/impactocastex.com.ar\\\/#organization\",\"name\":\"Impacto Castex\",\"url\":\"https:\\\/\\\/impactocastex.com.ar\\\/\",\"logo\":{\"@type\":\"ImageObject\",\"inLanguage\":\"es\",\"@id\":\"https:\\\/\\\/impactocastex.com.ar\\\/#\\\/schema\\\/logo\\\/image\\\/\",\"url\":\"https:\\\/\\\/impactocastex.com.ar\\\/wp-content\\\/uploads\\\/2025\\\/09\\\/cropped-icoweb.png\",\"contentUrl\":\"https:\\\/\\\/impactocastex.com.ar\\\/wp-content\\\/uploads\\\/2025\\\/09\\\/cropped-icoweb.png\",\"width\":512,\"height\":512,\"caption\":\"Impacto Castex\"},\"image\":{\"@id\":\"https:\\\/\\\/impactocastex.com.ar\\\/#\\\/schema\\\/logo\\\/image\\\/\"},\"sameAs\":[\"https:\\\/\\\/www.facebook.com\\\/impactocastexdiario\",\"https:\\\/\\\/www.instagram.com\\\/impactocastex.com.ar\\\/\"]},{\"@type\":\"Person\",\"@id\":\"https:\\\/\\\/impactocastex.com.ar\\\/#\\\/schema\\\/person\\\/c115028fb60f9bf49ce7550894b84ea7\",\"name\":\"impactocastex\",\"image\":{\"@type\":\"ImageObject\",\"inLanguage\":\"es\",\"@id\":\"https:\\\/\\\/secure.gravatar.com\\\/avatar\\\/fee87e7af008f02e9becdc0b5a9fd4a2e79b3918a571edeacb62211704637833?s=96&d=mm&r=g\",\"url\":\"https:\\\/\\\/secure.gravatar.com\\\/avatar\\\/fee87e7af008f02e9becdc0b5a9fd4a2e79b3918a571edeacb62211704637833?s=96&d=mm&r=g\",\"contentUrl\":\"https:\\\/\\\/secure.gravatar.com\\\/avatar\\\/fee87e7af008f02e9becdc0b5a9fd4a2e79b3918a571edeacb62211704637833?s=96&d=mm&r=g\",\"caption\":\"impactocastex\"},\"sameAs\":[\"https:\\\/\\\/impactocastex.com.ar\\\/\"],\"url\":\"https:\\\/\\\/impactocastex.com.ar\\\/?author=2\"}]}<\/script>\n<!-- \/ Yoast SEO plugin. -->","yoast_head_json":{"title":"Esc\u00e1ndalo $Libra: acusado lanz\u00f3 un fideicomiso para despegar a Milei de la causa -","robots":{"index":"index","follow":"follow","max-snippet":"max-snippet:-1","max-image-preview":"max-image-preview:large","max-video-preview":"max-video-preview:-1"},"canonical":"https:\/\/impactocastex.com.ar\/?p=4164","og_locale":"es_ES","og_type":"article","og_title":"Esc\u00e1ndalo $Libra: acusado lanz\u00f3 un fideicomiso para despegar a Milei de la causa -","og_description":"En un intento por mitigar el esc\u00e1ndalo vinculado al criptoactivo&nbsp;$Libra, el&nbsp;\u201cempresario\u201d&nbsp;estadounidense&nbsp;Hayden Mark Davis&nbsp;lanz\u00f3 en internet...","og_url":"https:\/\/impactocastex.com.ar\/?p=4164","article_publisher":"https:\/\/www.facebook.com\/impactocastexdiario","article_published_time":"2025-11-26T12:47:23+00:00","article_modified_time":"2025-11-26T12:47:24+00:00","og_image":[{"width":696,"height":392,"url":"https:\/\/impactocastex.com.ar\/wp-content\/uploads\/2025\/11\/mileijavierhaydendavis-1970239.jpg","type":"image\/jpeg"}],"author":"impactocastex","twitter_card":"summary_large_image","twitter_misc":{"Escrito por":"impactocastex","Tiempo de lectura":"2 minutos"},"schema":{"@context":"https:\/\/schema.org","@graph":[{"@type":"Article","@id":"https:\/\/impactocastex.com.ar\/?p=4164#article","isPartOf":{"@id":"https:\/\/impactocastex.com.ar\/?p=4164"},"author":{"name":"impactocastex","@id":"https:\/\/impactocastex.com.ar\/#\/schema\/person\/c115028fb60f9bf49ce7550894b84ea7"},"headline":"Esc\u00e1ndalo $Libra: acusado lanz\u00f3 un fideicomiso para despegar a Milei de la causa","datePublished":"2025-11-26T12:47:23+00:00","dateModified":"2025-11-26T12:47:24+00:00","mainEntityOfPage":{"@id":"https:\/\/impactocastex.com.ar\/?p=4164"},"wordCount":302,"publisher":{"@id":"https:\/\/impactocastex.com.ar\/#organization"},"image":{"@id":"https:\/\/impactocastex.com.ar\/?p=4164#primaryimage"},"thumbnailUrl":"https:\/\/impactocastex.com.ar\/wp-content\/uploads\/2025\/11\/mileijavierhaydendavis-1970239.jpg","articleSection":["POLITICA"],"inLanguage":"es"},{"@type":"WebPage","@id":"https:\/\/impactocastex.com.ar\/?p=4164","url":"https:\/\/impactocastex.com.ar\/?p=4164","name":"Esc\u00e1ndalo $Libra: acusado lanz\u00f3 un fideicomiso para despegar a Milei de la causa -","isPartOf":{"@id":"https:\/\/impactocastex.com.ar\/#website"},"primaryImageOfPage":{"@id":"https:\/\/impactocastex.com.ar\/?p=4164#primaryimage"},"image":{"@id":"https:\/\/impactocastex.com.ar\/?p=4164#primaryimage"},"thumbnailUrl":"https:\/\/impactocastex.com.ar\/wp-content\/uploads\/2025\/11\/mileijavierhaydendavis-1970239.jpg","datePublished":"2025-11-26T12:47:23+00:00","dateModified":"2025-11-26T12:47:24+00:00","breadcrumb":{"@id":"https:\/\/impactocastex.com.ar\/?p=4164#breadcrumb"},"inLanguage":"es","potentialAction":[{"@type":"ReadAction","target":["https:\/\/impactocastex.com.ar\/?p=4164"]}]},{"@type":"ImageObject","inLanguage":"es","@id":"https:\/\/impactocastex.com.ar\/?p=4164#primaryimage","url":"https:\/\/impactocastex.com.ar\/wp-content\/uploads\/2025\/11\/mileijavierhaydendavis-1970239.jpg","contentUrl":"https:\/\/impactocastex.com.ar\/wp-content\/uploads\/2025\/11\/mileijavierhaydendavis-1970239.jpg","width":696,"height":392},{"@type":"BreadcrumbList","@id":"https:\/\/impactocastex.com.ar\/?p=4164#breadcrumb","itemListElement":[{"@type":"ListItem","position":1,"name":"Portada","item":"https:\/\/impactocastex.com.ar\/"},{"@type":"ListItem","position":2,"name":"Esc\u00e1ndalo $Libra: acusado lanz\u00f3 un fideicomiso para despegar a Milei de la causa"}]},{"@type":"WebSite","@id":"https:\/\/impactocastex.com.ar\/#website","url":"https:\/\/impactocastex.com.ar\/","name":"Impacto Castex","description":"","publisher":{"@id":"https:\/\/impactocastex.com.ar\/#organization"},"potentialAction":[{"@type":"SearchAction","target":{"@type":"EntryPoint","urlTemplate":"https:\/\/impactocastex.com.ar\/?s={search_term_string}"},"query-input":{"@type":"PropertyValueSpecification","valueRequired":true,"valueName":"search_term_string"}}],"inLanguage":"es"},{"@type":"Organization","@id":"https:\/\/impactocastex.com.ar\/#organization","name":"Impacto Castex","url":"https:\/\/impactocastex.com.ar\/","logo":{"@type":"ImageObject","inLanguage":"es","@id":"https:\/\/impactocastex.com.ar\/#\/schema\/logo\/image\/","url":"https:\/\/impactocastex.com.ar\/wp-content\/uploads\/2025\/09\/cropped-icoweb.png","contentUrl":"https:\/\/impactocastex.com.ar\/wp-content\/uploads\/2025\/09\/cropped-icoweb.png","width":512,"height":512,"caption":"Impacto Castex"},"image":{"@id":"https:\/\/impactocastex.com.ar\/#\/schema\/logo\/image\/"},"sameAs":["https:\/\/www.facebook.com\/impactocastexdiario","https:\/\/www.instagram.com\/impactocastex.com.ar\/"]},{"@type":"Person","@id":"https:\/\/impactocastex.com.ar\/#\/schema\/person\/c115028fb60f9bf49ce7550894b84ea7","name":"impactocastex","image":{"@type":"ImageObject","inLanguage":"es","@id":"https:\/\/secure.gravatar.com\/avatar\/fee87e7af008f02e9becdc0b5a9fd4a2e79b3918a571edeacb62211704637833?s=96&d=mm&r=g","url":"https:\/\/secure.gravatar.com\/avatar\/fee87e7af008f02e9becdc0b5a9fd4a2e79b3918a571edeacb62211704637833?s=96&d=mm&r=g","contentUrl":"https:\/\/secure.gravatar.com\/avatar\/fee87e7af008f02e9becdc0b5a9fd4a2e79b3918a571edeacb62211704637833?s=96&d=mm&r=g","caption":"impactocastex"},"sameAs":["https:\/\/impactocastex.com.ar\/"],"url":"https:\/\/impactocastex.com.ar\/?author=2"}]}},"jetpack_publicize_connections":[],"featured_image_urls":{"full":["https:\/\/impactocastex.com.ar\/wp-content\/uploads\/2025\/11\/mileijavierhaydendavis-1970239.jpg",696,392,false],"thumbnail":["https:\/\/impactocastex.com.ar\/wp-content\/uploads\/2025\/11\/mileijavierhaydendavis-1970239-150x150.jpg",150,150,true],"medium":["https:\/\/impactocastex.com.ar\/wp-content\/uploads\/2025\/11\/mileijavierhaydendavis-1970239-300x169.jpg",300,169,true],"medium_large":["https:\/\/impactocastex.com.ar\/wp-content\/uploads\/2025\/11\/mileijavierhaydendavis-1970239.jpg",640,360,false],"large":["https:\/\/impactocastex.com.ar\/wp-content\/uploads\/2025\/11\/mileijavierhaydendavis-1970239.jpg",640,360,false],"1536x1536":["https:\/\/impactocastex.com.ar\/wp-content\/uploads\/2025\/11\/mileijavierhaydendavis-1970239.jpg",696,392,false],"2048x2048":["https:\/\/impactocastex.com.ar\/wp-content\/uploads\/2025\/11\/mileijavierhaydendavis-1970239.jpg",696,392,false],"newsever-slider-full":["https:\/\/impactocastex.com.ar\/wp-content\/uploads\/2025\/11\/mileijavierhaydendavis-1970239.jpg",696,392,false],"newsever-featured":["https:\/\/impactocastex.com.ar\/wp-content\/uploads\/2025\/11\/mileijavierhaydendavis-1970239.jpg",696,392,false],"newsever-medium":["https:\/\/impactocastex.com.ar\/wp-content\/uploads\/2025\/11\/mileijavierhaydendavis-1970239.jpg",696,392,false]},"author_info":{"info":["impactocastex"]},"category_info":"<a href=\"https:\/\/impactocastex.com.ar\/?cat=122\" rel=\"category\">POLITICA<\/a>","tag_info":"POLITICA","comment_count":0,"jetpack_featured_media_url":"https:\/\/impactocastex.com.ar\/wp-content\/uploads\/2025\/11\/mileijavierhaydendavis-1970239.jpg","jetpack_sharing_enabled":true,"jetpack_likes_enabled":true,"jetpack_shortlink":"https:\/\/wp.me\/p7sopA-15a","_links":{"self":[{"href":"https:\/\/impactocastex.com.ar\/index.php?rest_route=\/wp\/v2\/posts\/4164","targetHints":{"allow":["GET"]}}],"collection":[{"href":"https:\/\/impactocastex.com.ar\/index.php?rest_route=\/wp\/v2\/posts"}],"about":[{"href":"https:\/\/impactocastex.com.ar\/index.php?rest_route=\/wp\/v2\/types\/post"}],"author":[{"embeddable":true,"href":"https:\/\/impactocastex.com.ar\/index.php?rest_route=\/wp\/v2\/users\/2"}],"replies":[{"embeddable":true,"href":"https:\/\/impactocastex.com.ar\/index.php?rest_route=%2Fwp%2Fv2%2Fcomments&post=4164"}],"version-history":[{"count":1,"href":"https:\/\/impactocastex.com.ar\/index.php?rest_route=\/wp\/v2\/posts\/4164\/revisions"}],"predecessor-version":[{"id":4166,"href":"https:\/\/impactocastex.com.ar\/index.php?rest_route=\/wp\/v2\/posts\/4164\/revisions\/4166"}],"wp:featuredmedia":[{"embeddable":true,"href":"https:\/\/impactocastex.com.ar\/index.php?rest_route=\/wp\/v2\/media\/4165"}],"wp:attachment":[{"href":"https:\/\/impactocastex.com.ar\/index.php?rest_route=%2Fwp%2Fv2%2Fmedia&parent=4164"}],"wp:term":[{"taxonomy":"category","embeddable":true,"href":"https:\/\/impactocastex.com.ar\/index.php?rest_route=%2Fwp%2Fv2%2Fcategories&post=4164"},{"taxonomy":"post_tag","embeddable":true,"href":"https:\/\/impactocastex.com.ar\/index.php?rest_route=%2Fwp%2Fv2%2Ftags&post=4164"}],"curies":[{"name":"wp","href":"https:\/\/api.w.org\/{rel}","templated":true}]}}