{"id":4155,"date":"2025-11-26T09:40:15","date_gmt":"2025-11-26T12:40:15","guid":{"rendered":"https:\/\/impactocastex.com.ar\/?p=4155"},"modified":"2025-11-26T09:40:17","modified_gmt":"2025-11-26T12:40:17","slug":"a-cuatro-anos-del-crimen-de-lucio-lo-que-daria-por-un-abrazo","status":"publish","type":"post","link":"https:\/\/impactocastex.com.ar\/?p=4155","title":{"rendered":"A cuatro a\u00f1os del crimen de Lucio: \u00abLo que dar\u00eda por un abrazo\u00bb"},"content":{"rendered":"\n<p>Cristian Dupuy record\u00f3 en redes a su hijo, Lucio. El padre del menor lo record\u00f3 en sus redes sociales. \u00abHoy imagino lo grande y hermoso que estar\u00edas, pero ya no est\u00e1s y solo queda imaginarlo en mis sue\u00f1os\u00bb, poste\u00f3 Cristian Dupuy.<\/p>\n\n\n\n<p>Se cumplen cuatro a\u00f1os del brutal asesinato de Lucio Dupuy, el ni\u00f1o de 5 a\u00f1os que fue v\u00edctima de femicidio a manos de su madre, Magdalena Esp\u00f3sito Valenti, y la pareja de esta, Abigail P\u00e1ez, en noviembre de 2021. En esta dolorosa fecha, su padre, Cristian Dupuy, le dedic\u00f3 un emotivo mensaje a trav\u00e9s de sus redes sociales.<\/p>\n\n\n\n<p>\u00ab4 a\u00f1os sin tu presencia f\u00edsica, mi chiquito\u2026 lo que dar\u00eda por un abrazo\u00bb, public\u00f3 el pap\u00e1 de Lucio en su cuneta de Facebook. \u00abA\u00fan sigo sin creer todo lo que pas\u00f3, a\u00fan el dolor sigue permanente y sin posible cura. Hoy imagino lo grande y hermoso que estar\u00edas, pero ya no est\u00e1s y solo queda imaginarlo en mis sue\u00f1os, sigo am\u00e1ndote con fuerza y a\u00fan m\u00e1s fuerza como el d\u00eda en que naciste y te cargu\u00e9 en mis brazos con tanta delicadeza y miedos, sigo am\u00e1ndote hoy y siempre. Te amo hijo\u00bb, complet\u00f3.<\/p>\n\n\n\n<p>El caso de Lucio Dupuy, que expuso las fallas en los sistemas de protecci\u00f3n infantil, culmin\u00f3 con la condena a prisi\u00f3n perpetua de las dos acusadas, actualmente firme en el \u00e1mbito penal.<\/p>\n\n\n\n<p>Lucio Dupuy muri\u00f3 el 26 de noviembre de 2021 en Santa Rosa a causa de una brutal golpiza que le provoc\u00f3 lesiones internas, hematomas m\u00faltiples y signos de abuso.<\/p>\n\n\n\n<p>Magdalena Esp\u00f3sito Valenti, la madre del ni\u00f1o, fue condenada por homicidio doblemente calificado por el v\u00ednculo y con alevos\u00eda, mientras que su pareja, Abigail P\u00e1ez, por el delito de homicidio calificado por alevos\u00eda.<\/p>\n\n\n\n<p>El Tribunal de Audiencias de Santa Rosa dict\u00f3 esta sentencia a principios de 2023 y estableci\u00f3 que P\u00e1ez y Esp\u00f3sito Valenti actuaron de manera consciente y con alevos\u00eda, aprovechando el estado de indefensi\u00f3n del menor.<\/p>\n\n\n\n<p>Luego, el Tribunal de Impugnaci\u00f3n Penal (TIP) de La Pampa rechaz\u00f3 un recurso de las defensas y, posteriormente, la Corte Suprema de Justicia de la Naci\u00f3n ratific\u00f3 las condenas a perpetua.<\/p>\n\n\n\n<p>El abuelo paterno de Lucio, Ram\u00f3n Dupuy, mantuvo una incansable lucha en reclamo de justicia y para que no se vuelvan a repetir este tipo de casos.<\/p>\n\n\n\n<p>En 2023, el Congreso de la Naci\u00f3n sancion\u00f3 la \u00abLey Lucio\u00bb (Ley N\u00b0 27.709), que crea un Plan Nacional de Capacitaci\u00f3n Obligatoria, Peri\u00f3dica y Permanente en Derechos de Ni\u00f1os, Ni\u00f1as y Adolescentes para todo el personal estatal que trabaje en contacto con la infancia.<\/p>\n\n\n\n<p>La familia Dupuy tambi\u00e9n impuls\u00f3 un juicio pol\u00edtico contra las funcionarias judiciales de La Pampa que, a\u00f1os antes del crimen, otorgaron la tenencia de Lucio a su madre, a pesar de las advertencias por los malos tratos.<\/p>\n\n\n\n<p>En diciembre de 2023, el Jurado de Enjuiciamiento absolvi\u00f3, por mayor\u00eda, a la jueza Ana Clara P\u00e9rez Ballester y a la asesora Elisa Alejandra Cat\u00e1n, quienes hab\u00edan sido acusadas por la Procuraci\u00f3n General de mal desempe\u00f1o de sus funciones en la tramitaci\u00f3n de los expedientes por la tutela y el cuidado personal de Lucio Dupuy..<\/p>\n\n\n\n<p>La votaci\u00f3n fue 4 a 1 a favor de la absoluci\u00f3n. Por tal opci\u00f3n se inclinaron el titular del jury y presidente del Superior Tribunal de Justicia, Fabricio Luis Losi; la diputada Mar\u00eda Andrea Valderrama Calvo y las abogadas por la matr\u00edcula, Silvina Mar\u00eda Garro y Mar\u00eda Natalia Gaccio; mientras que la legisladora Mar\u00eda Silvia Larreta vot\u00f3 en minor\u00eda por la destituci\u00f3n de ambas funcionarias.<\/p>\n\n\n\n<p>eldiariodelapampa.<\/p>\n","protected":false},"excerpt":{"rendered":"<p>Cristian Dupuy record\u00f3 en redes a su hijo, Lucio. El padre del menor lo record\u00f3&#8230;<\/p>\n","protected":false},"author":2,"featured_media":4156,"comment_status":"closed","ping_status":"closed","sticky":false,"template":"","format":"standard","meta":{"_jetpack_memberships_contains_paid_content":false,"footnotes":"","jetpack_publicize_message":"A cuatro a\u00f1os del crimen de Lucio: \"Lo que dar\u00eda por un abrazo\"","jetpack_publicize_feature_enabled":true,"jetpack_social_post_already_shared":false,"jetpack_social_options":{"image_generator_settings":{"template":"highway","default_image_id":0,"font":"","enabled":false},"version":2}},"categories":[83],"tags":[],"class_list":["post-4155","post","type-post","status-publish","format-standard","has-post-thumbnail","hentry","category-la-pampa"],"yoast_head":"<!-- This site is optimized with the Yoast SEO plugin v27.4 - https:\/\/yoast.com\/product\/yoast-seo-wordpress\/ -->\n<title>A cuatro a\u00f1os del crimen de Lucio: &quot;Lo que dar\u00eda por un abrazo&quot; -<\/title>\n<meta name=\"robots\" content=\"index, follow, max-snippet:-1, max-image-preview:large, max-video-preview:-1\" \/>\n<link rel=\"canonical\" href=\"https:\/\/impactocastex.com.ar\/?p=4155\" \/>\n<meta property=\"og:locale\" content=\"es_ES\" \/>\n<meta property=\"og:type\" content=\"article\" \/>\n<meta property=\"og:title\" content=\"A cuatro a\u00f1os del crimen de Lucio: &quot;Lo que dar\u00eda por un abrazo&quot; -\" \/>\n<meta property=\"og:description\" content=\"Cristian Dupuy record\u00f3 en redes a su hijo, Lucio. El padre del menor lo record\u00f3...\" \/>\n<meta property=\"og:url\" content=\"https:\/\/impactocastex.com.ar\/?p=4155\" \/>\n<meta property=\"article:publisher\" content=\"https:\/\/www.facebook.com\/impactocastexdiario\" \/>\n<meta property=\"article:published_time\" content=\"2025-11-26T12:40:15+00:00\" \/>\n<meta property=\"article:modified_time\" content=\"2025-11-26T12:40:17+00:00\" \/>\n<meta property=\"og:image\" content=\"https:\/\/impactocastex.com.ar\/wp-content\/uploads\/2025\/11\/2128770.jpg\" \/>\n\t<meta property=\"og:image:width\" content=\"1200\" \/>\n\t<meta property=\"og:image:height\" content=\"631\" \/>\n\t<meta property=\"og:image:type\" content=\"image\/jpeg\" \/>\n<meta name=\"author\" content=\"impactocastex\" \/>\n<meta name=\"twitter:card\" content=\"summary_large_image\" \/>\n<meta name=\"twitter:label1\" content=\"Escrito por\" \/>\n\t<meta name=\"twitter:data1\" content=\"impactocastex\" \/>\n\t<meta name=\"twitter:label2\" content=\"Tiempo de lectura\" \/>\n\t<meta name=\"twitter:data2\" content=\"3 minutos\" \/>\n<script type=\"application\/ld+json\" class=\"yoast-schema-graph\">{\"@context\":\"https:\\\/\\\/schema.org\",\"@graph\":[{\"@type\":\"Article\",\"@id\":\"https:\\\/\\\/impactocastex.com.ar\\\/?p=4155#article\",\"isPartOf\":{\"@id\":\"https:\\\/\\\/impactocastex.com.ar\\\/?p=4155\"},\"author\":{\"name\":\"impactocastex\",\"@id\":\"https:\\\/\\\/impactocastex.com.ar\\\/#\\\/schema\\\/person\\\/c115028fb60f9bf49ce7550894b84ea7\"},\"headline\":\"A cuatro a\u00f1os del crimen de Lucio: \u00abLo que dar\u00eda por un abrazo\u00bb\",\"datePublished\":\"2025-11-26T12:40:15+00:00\",\"dateModified\":\"2025-11-26T12:40:17+00:00\",\"mainEntityOfPage\":{\"@id\":\"https:\\\/\\\/impactocastex.com.ar\\\/?p=4155\"},\"wordCount\":650,\"publisher\":{\"@id\":\"https:\\\/\\\/impactocastex.com.ar\\\/#organization\"},\"image\":{\"@id\":\"https:\\\/\\\/impactocastex.com.ar\\\/?p=4155#primaryimage\"},\"thumbnailUrl\":\"https:\\\/\\\/impactocastex.com.ar\\\/wp-content\\\/uploads\\\/2025\\\/11\\\/2128770.jpg\",\"articleSection\":[\"LA PAMPA\"],\"inLanguage\":\"es\"},{\"@type\":\"WebPage\",\"@id\":\"https:\\\/\\\/impactocastex.com.ar\\\/?p=4155\",\"url\":\"https:\\\/\\\/impactocastex.com.ar\\\/?p=4155\",\"name\":\"A cuatro a\u00f1os del crimen de Lucio: \\\"Lo que dar\u00eda por un abrazo\\\" -\",\"isPartOf\":{\"@id\":\"https:\\\/\\\/impactocastex.com.ar\\\/#website\"},\"primaryImageOfPage\":{\"@id\":\"https:\\\/\\\/impactocastex.com.ar\\\/?p=4155#primaryimage\"},\"image\":{\"@id\":\"https:\\\/\\\/impactocastex.com.ar\\\/?p=4155#primaryimage\"},\"thumbnailUrl\":\"https:\\\/\\\/impactocastex.com.ar\\\/wp-content\\\/uploads\\\/2025\\\/11\\\/2128770.jpg\",\"datePublished\":\"2025-11-26T12:40:15+00:00\",\"dateModified\":\"2025-11-26T12:40:17+00:00\",\"breadcrumb\":{\"@id\":\"https:\\\/\\\/impactocastex.com.ar\\\/?p=4155#breadcrumb\"},\"inLanguage\":\"es\",\"potentialAction\":[{\"@type\":\"ReadAction\",\"target\":[\"https:\\\/\\\/impactocastex.com.ar\\\/?p=4155\"]}]},{\"@type\":\"ImageObject\",\"inLanguage\":\"es\",\"@id\":\"https:\\\/\\\/impactocastex.com.ar\\\/?p=4155#primaryimage\",\"url\":\"https:\\\/\\\/impactocastex.com.ar\\\/wp-content\\\/uploads\\\/2025\\\/11\\\/2128770.jpg\",\"contentUrl\":\"https:\\\/\\\/impactocastex.com.ar\\\/wp-content\\\/uploads\\\/2025\\\/11\\\/2128770.jpg\",\"width\":1200,\"height\":631},{\"@type\":\"BreadcrumbList\",\"@id\":\"https:\\\/\\\/impactocastex.com.ar\\\/?p=4155#breadcrumb\",\"itemListElement\":[{\"@type\":\"ListItem\",\"position\":1,\"name\":\"Portada\",\"item\":\"https:\\\/\\\/impactocastex.com.ar\\\/\"},{\"@type\":\"ListItem\",\"position\":2,\"name\":\"A cuatro a\u00f1os del crimen de Lucio: &#8220;Lo que dar\u00eda por un abrazo&#8221;\"}]},{\"@type\":\"WebSite\",\"@id\":\"https:\\\/\\\/impactocastex.com.ar\\\/#website\",\"url\":\"https:\\\/\\\/impactocastex.com.ar\\\/\",\"name\":\"Impacto Castex\",\"description\":\"\",\"publisher\":{\"@id\":\"https:\\\/\\\/impactocastex.com.ar\\\/#organization\"},\"potentialAction\":[{\"@type\":\"SearchAction\",\"target\":{\"@type\":\"EntryPoint\",\"urlTemplate\":\"https:\\\/\\\/impactocastex.com.ar\\\/?s={search_term_string}\"},\"query-input\":{\"@type\":\"PropertyValueSpecification\",\"valueRequired\":true,\"valueName\":\"search_term_string\"}}],\"inLanguage\":\"es\"},{\"@type\":\"Organization\",\"@id\":\"https:\\\/\\\/impactocastex.com.ar\\\/#organization\",\"name\":\"Impacto Castex\",\"url\":\"https:\\\/\\\/impactocastex.com.ar\\\/\",\"logo\":{\"@type\":\"ImageObject\",\"inLanguage\":\"es\",\"@id\":\"https:\\\/\\\/impactocastex.com.ar\\\/#\\\/schema\\\/logo\\\/image\\\/\",\"url\":\"https:\\\/\\\/impactocastex.com.ar\\\/wp-content\\\/uploads\\\/2025\\\/09\\\/cropped-icoweb.png\",\"contentUrl\":\"https:\\\/\\\/impactocastex.com.ar\\\/wp-content\\\/uploads\\\/2025\\\/09\\\/cropped-icoweb.png\",\"width\":512,\"height\":512,\"caption\":\"Impacto Castex\"},\"image\":{\"@id\":\"https:\\\/\\\/impactocastex.com.ar\\\/#\\\/schema\\\/logo\\\/image\\\/\"},\"sameAs\":[\"https:\\\/\\\/www.facebook.com\\\/impactocastexdiario\",\"https:\\\/\\\/www.instagram.com\\\/impactocastex.com.ar\\\/\"]},{\"@type\":\"Person\",\"@id\":\"https:\\\/\\\/impactocastex.com.ar\\\/#\\\/schema\\\/person\\\/c115028fb60f9bf49ce7550894b84ea7\",\"name\":\"impactocastex\",\"image\":{\"@type\":\"ImageObject\",\"inLanguage\":\"es\",\"@id\":\"https:\\\/\\\/secure.gravatar.com\\\/avatar\\\/fee87e7af008f02e9becdc0b5a9fd4a2e79b3918a571edeacb62211704637833?s=96&d=mm&r=g\",\"url\":\"https:\\\/\\\/secure.gravatar.com\\\/avatar\\\/fee87e7af008f02e9becdc0b5a9fd4a2e79b3918a571edeacb62211704637833?s=96&d=mm&r=g\",\"contentUrl\":\"https:\\\/\\\/secure.gravatar.com\\\/avatar\\\/fee87e7af008f02e9becdc0b5a9fd4a2e79b3918a571edeacb62211704637833?s=96&d=mm&r=g\",\"caption\":\"impactocastex\"},\"sameAs\":[\"https:\\\/\\\/impactocastex.com.ar\\\/\"],\"url\":\"https:\\\/\\\/impactocastex.com.ar\\\/?author=2\"}]}<\/script>\n<!-- \/ Yoast SEO plugin. -->","yoast_head_json":{"title":"A cuatro a\u00f1os del crimen de Lucio: \"Lo que dar\u00eda por un abrazo\" -","robots":{"index":"index","follow":"follow","max-snippet":"max-snippet:-1","max-image-preview":"max-image-preview:large","max-video-preview":"max-video-preview:-1"},"canonical":"https:\/\/impactocastex.com.ar\/?p=4155","og_locale":"es_ES","og_type":"article","og_title":"A cuatro a\u00f1os del crimen de Lucio: \"Lo que dar\u00eda por un abrazo\" -","og_description":"Cristian Dupuy record\u00f3 en redes a su hijo, Lucio. El padre del menor lo record\u00f3...","og_url":"https:\/\/impactocastex.com.ar\/?p=4155","article_publisher":"https:\/\/www.facebook.com\/impactocastexdiario","article_published_time":"2025-11-26T12:40:15+00:00","article_modified_time":"2025-11-26T12:40:17+00:00","og_image":[{"width":1200,"height":631,"url":"https:\/\/impactocastex.com.ar\/wp-content\/uploads\/2025\/11\/2128770.jpg","type":"image\/jpeg"}],"author":"impactocastex","twitter_card":"summary_large_image","twitter_misc":{"Escrito por":"impactocastex","Tiempo de lectura":"3 minutos"},"schema":{"@context":"https:\/\/schema.org","@graph":[{"@type":"Article","@id":"https:\/\/impactocastex.com.ar\/?p=4155#article","isPartOf":{"@id":"https:\/\/impactocastex.com.ar\/?p=4155"},"author":{"name":"impactocastex","@id":"https:\/\/impactocastex.com.ar\/#\/schema\/person\/c115028fb60f9bf49ce7550894b84ea7"},"headline":"A cuatro a\u00f1os del crimen de Lucio: \u00abLo que dar\u00eda por un abrazo\u00bb","datePublished":"2025-11-26T12:40:15+00:00","dateModified":"2025-11-26T12:40:17+00:00","mainEntityOfPage":{"@id":"https:\/\/impactocastex.com.ar\/?p=4155"},"wordCount":650,"publisher":{"@id":"https:\/\/impactocastex.com.ar\/#organization"},"image":{"@id":"https:\/\/impactocastex.com.ar\/?p=4155#primaryimage"},"thumbnailUrl":"https:\/\/impactocastex.com.ar\/wp-content\/uploads\/2025\/11\/2128770.jpg","articleSection":["LA PAMPA"],"inLanguage":"es"},{"@type":"WebPage","@id":"https:\/\/impactocastex.com.ar\/?p=4155","url":"https:\/\/impactocastex.com.ar\/?p=4155","name":"A cuatro a\u00f1os del crimen de Lucio: \"Lo que dar\u00eda por un abrazo\" -","isPartOf":{"@id":"https:\/\/impactocastex.com.ar\/#website"},"primaryImageOfPage":{"@id":"https:\/\/impactocastex.com.ar\/?p=4155#primaryimage"},"image":{"@id":"https:\/\/impactocastex.com.ar\/?p=4155#primaryimage"},"thumbnailUrl":"https:\/\/impactocastex.com.ar\/wp-content\/uploads\/2025\/11\/2128770.jpg","datePublished":"2025-11-26T12:40:15+00:00","dateModified":"2025-11-26T12:40:17+00:00","breadcrumb":{"@id":"https:\/\/impactocastex.com.ar\/?p=4155#breadcrumb"},"inLanguage":"es","potentialAction":[{"@type":"ReadAction","target":["https:\/\/impactocastex.com.ar\/?p=4155"]}]},{"@type":"ImageObject","inLanguage":"es","@id":"https:\/\/impactocastex.com.ar\/?p=4155#primaryimage","url":"https:\/\/impactocastex.com.ar\/wp-content\/uploads\/2025\/11\/2128770.jpg","contentUrl":"https:\/\/impactocastex.com.ar\/wp-content\/uploads\/2025\/11\/2128770.jpg","width":1200,"height":631},{"@type":"BreadcrumbList","@id":"https:\/\/impactocastex.com.ar\/?p=4155#breadcrumb","itemListElement":[{"@type":"ListItem","position":1,"name":"Portada","item":"https:\/\/impactocastex.com.ar\/"},{"@type":"ListItem","position":2,"name":"A cuatro a\u00f1os del crimen de Lucio: &#8220;Lo que dar\u00eda por un abrazo&#8221;"}]},{"@type":"WebSite","@id":"https:\/\/impactocastex.com.ar\/#website","url":"https:\/\/impactocastex.com.ar\/","name":"Impacto Castex","description":"","publisher":{"@id":"https:\/\/impactocastex.com.ar\/#organization"},"potentialAction":[{"@type":"SearchAction","target":{"@type":"EntryPoint","urlTemplate":"https:\/\/impactocastex.com.ar\/?s={search_term_string}"},"query-input":{"@type":"PropertyValueSpecification","valueRequired":true,"valueName":"search_term_string"}}],"inLanguage":"es"},{"@type":"Organization","@id":"https:\/\/impactocastex.com.ar\/#organization","name":"Impacto Castex","url":"https:\/\/impactocastex.com.ar\/","logo":{"@type":"ImageObject","inLanguage":"es","@id":"https:\/\/impactocastex.com.ar\/#\/schema\/logo\/image\/","url":"https:\/\/impactocastex.com.ar\/wp-content\/uploads\/2025\/09\/cropped-icoweb.png","contentUrl":"https:\/\/impactocastex.com.ar\/wp-content\/uploads\/2025\/09\/cropped-icoweb.png","width":512,"height":512,"caption":"Impacto Castex"},"image":{"@id":"https:\/\/impactocastex.com.ar\/#\/schema\/logo\/image\/"},"sameAs":["https:\/\/www.facebook.com\/impactocastexdiario","https:\/\/www.instagram.com\/impactocastex.com.ar\/"]},{"@type":"Person","@id":"https:\/\/impactocastex.com.ar\/#\/schema\/person\/c115028fb60f9bf49ce7550894b84ea7","name":"impactocastex","image":{"@type":"ImageObject","inLanguage":"es","@id":"https:\/\/secure.gravatar.com\/avatar\/fee87e7af008f02e9becdc0b5a9fd4a2e79b3918a571edeacb62211704637833?s=96&d=mm&r=g","url":"https:\/\/secure.gravatar.com\/avatar\/fee87e7af008f02e9becdc0b5a9fd4a2e79b3918a571edeacb62211704637833?s=96&d=mm&r=g","contentUrl":"https:\/\/secure.gravatar.com\/avatar\/fee87e7af008f02e9becdc0b5a9fd4a2e79b3918a571edeacb62211704637833?s=96&d=mm&r=g","caption":"impactocastex"},"sameAs":["https:\/\/impactocastex.com.ar\/"],"url":"https:\/\/impactocastex.com.ar\/?author=2"}]}},"jetpack_publicize_connections":[],"featured_image_urls":{"full":["https:\/\/impactocastex.com.ar\/wp-content\/uploads\/2025\/11\/2128770.jpg",1200,631,false],"thumbnail":["https:\/\/impactocastex.com.ar\/wp-content\/uploads\/2025\/11\/2128770-150x150.jpg",150,150,true],"medium":["https:\/\/impactocastex.com.ar\/wp-content\/uploads\/2025\/11\/2128770-300x158.jpg",300,158,true],"medium_large":["https:\/\/impactocastex.com.ar\/wp-content\/uploads\/2025\/11\/2128770-768x404.jpg",640,337,true],"large":["https:\/\/impactocastex.com.ar\/wp-content\/uploads\/2025\/11\/2128770-1024x538.jpg",640,336,true],"1536x1536":["https:\/\/impactocastex.com.ar\/wp-content\/uploads\/2025\/11\/2128770.jpg",1200,631,false],"2048x2048":["https:\/\/impactocastex.com.ar\/wp-content\/uploads\/2025\/11\/2128770.jpg",1200,631,false],"newsever-slider-full":["https:\/\/impactocastex.com.ar\/wp-content\/uploads\/2025\/11\/2128770.jpg",1200,631,false],"newsever-featured":["https:\/\/impactocastex.com.ar\/wp-content\/uploads\/2025\/11\/2128770-1024x538.jpg",1024,538,true],"newsever-medium":["https:\/\/impactocastex.com.ar\/wp-content\/uploads\/2025\/11\/2128770-720x475.jpg",720,475,true]},"author_info":{"info":["impactocastex"]},"category_info":"<a href=\"https:\/\/impactocastex.com.ar\/?cat=83\" rel=\"category\">LA PAMPA<\/a>","tag_info":"LA PAMPA","comment_count":0,"jetpack_featured_media_url":"https:\/\/impactocastex.com.ar\/wp-content\/uploads\/2025\/11\/2128770.jpg","jetpack_sharing_enabled":true,"jetpack_likes_enabled":true,"jetpack_shortlink":"https:\/\/wp.me\/p7sopA-151","_links":{"self":[{"href":"https:\/\/impactocastex.com.ar\/index.php?rest_route=\/wp\/v2\/posts\/4155","targetHints":{"allow":["GET"]}}],"collection":[{"href":"https:\/\/impactocastex.com.ar\/index.php?rest_route=\/wp\/v2\/posts"}],"about":[{"href":"https:\/\/impactocastex.com.ar\/index.php?rest_route=\/wp\/v2\/types\/post"}],"author":[{"embeddable":true,"href":"https:\/\/impactocastex.com.ar\/index.php?rest_route=\/wp\/v2\/users\/2"}],"replies":[{"embeddable":true,"href":"https:\/\/impactocastex.com.ar\/index.php?rest_route=%2Fwp%2Fv2%2Fcomments&post=4155"}],"version-history":[{"count":1,"href":"https:\/\/impactocastex.com.ar\/index.php?rest_route=\/wp\/v2\/posts\/4155\/revisions"}],"predecessor-version":[{"id":4157,"href":"https:\/\/impactocastex.com.ar\/index.php?rest_route=\/wp\/v2\/posts\/4155\/revisions\/4157"}],"wp:featuredmedia":[{"embeddable":true,"href":"https:\/\/impactocastex.com.ar\/index.php?rest_route=\/wp\/v2\/media\/4156"}],"wp:attachment":[{"href":"https:\/\/impactocastex.com.ar\/index.php?rest_route=%2Fwp%2Fv2%2Fmedia&parent=4155"}],"wp:term":[{"taxonomy":"category","embeddable":true,"href":"https:\/\/impactocastex.com.ar\/index.php?rest_route=%2Fwp%2Fv2%2Fcategories&post=4155"},{"taxonomy":"post_tag","embeddable":true,"href":"https:\/\/impactocastex.com.ar\/index.php?rest_route=%2Fwp%2Fv2%2Ftags&post=4155"}],"curies":[{"name":"wp","href":"https:\/\/api.w.org\/{rel}","templated":true}]}}