{"id":3513,"date":"2025-11-18T15:42:54","date_gmt":"2025-11-18T18:42:54","guid":{"rendered":"https:\/\/impactocastex.com.ar\/?p=3513"},"modified":"2025-11-18T15:42:54","modified_gmt":"2025-11-18T18:42:54","slug":"en-la-casa-blanca-trump-respalda-al-principe-saudita-acusado-por-el-asesinato-de-un-periodista-las-cosas-pasan","status":"publish","type":"post","link":"https:\/\/impactocastex.com.ar\/?p=3513","title":{"rendered":"En la Casa Blanca, Trump respalda al pr\u00edncipe saudita acusado por el asesinato de un periodista: \u201cLas cosas pasan\u201d"},"content":{"rendered":"<p>WASHINGTON.- Con un amplio despliegue, casi como el de una visita de Estado, que marc\u00f3 un <b>paso decisivo hacia la reinserci\u00f3n de Mohammed ben Salman en la comunidad internacional<\/b>, <b>Donald Trump<\/b> le dio un <b>fuerte respaldo <\/b>este martes en la Casa Blanca al <b>pr\u00edncipe heredero saudita<\/b>, quien volvi\u00f3 a Estados Unidos despu\u00e9s de siete a\u00f1os<b> tras haberse convertido en un paria al ser apuntado por el atroz asesinato de un periodista<\/b>. <\/p>\n<p>Trump salud\u00f3 a Ben Salman con un apret\u00f3n de manos y le dio una palmada en la espalda antes de entrar a la Casa Blanca, donde mantuvieron una<b> reuni\u00f3n bilateral<\/b>. Luego enfrentaron a la prensa en el Sal\u00f3n Oval, donde el presidente lo present\u00f3 como un <b>\u201cmuy buen amigo\u201d<\/b> y<b> \u201cun hombre extremadamente respetado\u201d,<\/b> y le dio un inusual respaldo respecto al caso del columnista del diario <i>The Washington Post<\/i><b> Jamal Khashoggi, asesinado y desmembrado por agentes sauditas en Estambul en 2018<\/b>.<\/p>\n<p>\u201cMencionas a alguien que fue extremadamente pol\u00e9mico [por Khashoggi]. <b>A mucha gente no le ca\u00eda bien ese se\u00f1or del que hablas<\/b>. Te guste o no, <b>las cosas pasan. <\/b>Pero \u00e9l [por Ben Salman] <b>no sab\u00eda nada al respecto. <\/b>No tienes por qu\u00e9 avergonzar a nuestro invitado\u201d, le contest\u00f3 Trump a un periodista que pregunt\u00f3 sobre el asesinato.<\/p>\n<blockquote class=\"twitter-tweet\">\n<p lang=\"en\" dir=\"ltr\">President Trump on Jamal Khashoggi: \u00abYou&#8217;re mentioning somebody that was extremely controversial. A lot of people didn&#8217;t like that gentleman that you&#8217;re talking about. Whether you like him or didn&#8217;t like him, things happened.\u00bb <a href=\"https:\/\/t.co\/iSXu5IVK6B\">pic.twitter.com\/iSXu5IVK6B<\/a><\/p>\n<p>\u2014 CSPAN (@cspan) <a href=\"https:\/\/twitter.com\/cspan\/status\/1990840792949084304?ref_src=twsrc%5Etfw\">November 18, 2025<\/a><\/p><\/blockquote>\n<p>En su respuesta a la pregunta sobre el homicidio de Khashoggi, el pr\u00edncipe heredero afirm\u00f3 que Arabia Saudita<b> \u201ctom\u00f3 todas las medidas correctas\u201d<\/b> para investigar el caso. <b>\u201cEs doloroso y un grave error, y estamos haciendo todo lo posible para que no vuelva a ocurrir\u201d<\/b>, a\u00f1adi\u00f3.<\/p>\n<p>La visita del pr\u00edncipe heredero este martes a Washington -con una agenda junto al presidente cargada hasta la noche- representa un <b>giro diplom\u00e1tico para el pr\u00edncipe heredero, convertido en el gobernante de facto de Arabia Saudita<\/b> y que no pisaba suelo norteamericano desde 2018, el mismo a\u00f1o en que Khashoggi fue asesinado.<\/p>\n<p><img loading=\"lazy\" decoding=\"async\" src=\"https:\/\/resizer.glanacion.com\/resizer\/v2\/PZUETR7R7JCJJKRLEBDHH3LDMA.JPG?auth=111173742e7e37b2d11729758cafd184fb39d176b852a364075d8531e9169897&amp;smart=true&amp;width=2000&amp;height=1333\" alt=\"El presidente Donald Trump recibe al pr\u00edncipe heredero saudita Mohammed ben Salman en la Casa Blanca. \" height=\"1333\" width=\"2000\" \/><\/p>\n<h1>Reinserci\u00f3n<\/h1>\n<p>Durante la administraci\u00f3n de<b> Joe Biden<\/b>, funcionarios de inteligencia norteamericanos publicaron un <b>informe que determinaba que el pr\u00edncipe heredero hab\u00eda ordenado el asesinato de Khashoggi<\/b>, pero la Casa Blanca se neg\u00f3 a tomar medidas en contra del pr\u00edncipe heredero. <b>El crimen convirti\u00f3 al pr\u00edncipe en un paria internacional durante un largo tiempo<\/b>.<\/p>\n<blockquote class=\"twitter-tweet\">\n<p lang=\"en\" dir=\"ltr\">President Trump welcomes Saudi Crown Prince Mohammed bin Salman to the White House \ud83c\uddfa\ud83c\uddf8\ud83c\uddf8\ud83c\udde6 <a href=\"https:\/\/t.co\/dHLj9Gep86\">pic.twitter.com\/dHLj9Gep86<\/a><\/p>\n<p>\u2014 Margo Martin (@MargoMartin47) <a href=\"https:\/\/twitter.com\/MargoMartin47\/status\/1990820614974636113?ref_src=twsrc%5Etfw\">November 18, 2025<\/a><\/p><\/blockquote>\n<p>Ahora, la <b>bienvenida de Trump con una pompa y despliegue que supera las otorgadas a otros invitados extranjeros este a\u00f1o<\/b>, devuelve definitivamente a Ben Salman a la primera plana internacional. Se espera que los l\u00edderes firmen acuerdos que van <b>desde la venta de armas hasta acuerdos sobre inteligencia artificial (IA) y minerales cr\u00edticos<\/b>, seg\u00fan anticiparon funcionarios de la Casa Blanca.<\/p>\n<p>Ben Salman afirm\u00f3 que Arabia Saudita \u201ccree en el futuro de Estados Unidos\u201d y que<b> aumentar\u00e1 su compromiso de inversi\u00f3n de 600.000 millones de d\u00f3lares en ese pa\u00eds hasta casi un bill\u00f3n<\/b>. Esta cifra equivale al tama\u00f1o del fondo soberano saudita.<\/p>\n<p>Por su parte, Trump afirm\u00f3 que \u201cve posible\u201d un acuerdo para transferir tecnolog\u00eda nuclear estadounidense a Arabia Saudita, pero no especific\u00f3 un plazo. El reino lleva m\u00e1s de una d\u00e9cada negociando los t\u00e9rminos de ese pacto con sucesivas administraciones estadounidenses.<\/p>\n<h1>Medio Oriente<\/h1>\n<p>Aunque es poco probable que durante la visita se anuncien avances hacia la <b>normalizaci\u00f3n de los v\u00ednculos entre el reino e Israel<\/b>, Trump presion\u00f3 sobre el tema.<\/p>\n<p>Ben Salman afirm\u00f3 que desea que Arabia Saudita forme parte de los <b>Acuerdos de Abraham<\/b> y que <b>establezca relaciones con Israel<\/b>, pero que antes debe tener la<b> certeza de que existe una v\u00eda clara hacia una \u201csoluci\u00f3n de dos Estados\u201d<\/b>. A\u00f1adi\u00f3 que trat\u00f3 el asunto con Trump.<\/p>\n<p>En el encuentro sobrevol\u00f3 la situaci\u00f3n regional en medio del <b>acuerdo de paz entre el gobierno de Benjamin Netanyahu y el grupo terrorista Hamas<\/b> que puso fin el mes pasado a la guerra en la Franja de Gaza.<\/p>\n<blockquote class=\"twitter-tweet\">\n<p lang=\"en\" dir=\"ltr\">President Trump welcomed Saudi Crown Prince Mohammed bin Salman, known as MBS, to the White House with an elaborate military display Tuesday, signaling his administration&#8217;s close ties to the Saudi kingdom as the president aims to lock in major business and national security\u2026 <a href=\"https:\/\/t.co\/aSlDllE6qZ\">pic.twitter.com\/aSlDllE6qZ<\/a><\/p>\n<p>\u2014 CBS News (@CBSNews) <a href=\"https:\/\/twitter.com\/CBSNews\/status\/1990825522402898214?ref_src=twsrc%5Etfw\">November 18, 2025<\/a><\/p><\/blockquote>\n<p>El pr\u00edncipe heredero afirm\u00f3 que desea que israel\u00edes y palestinos <b>\u201ccoexistan pac\u00edficamente\u201d<\/b> en la regi\u00f3n. Tambi\u00e9n afirm\u00f3 estar en conversaciones sobre la posibilidad de contribuir con fondos sauditas a los esfuerzos de reconstrucci\u00f3n en la Franja de Gaza. \u201cSer\u00e1 una suma considerable\u201d, interrumpi\u00f3 Trump, aunque el pr\u00edncipe heredero no lo confirm\u00f3. <\/p>\n<p>Ben Salman, convertido adem\u00e1s en un jugador central en el equilibrio de poder en <b>Medio Oriente<\/b>, est\u00e1 empe\u00f1ado en adquirir aviones de combate furtivos, garant\u00edas de seguridad y promesas econ\u00f3micas de parte de Trump.<\/p>\n<p>Algunos los objetivos de Ben Salman fueron encarrilados de antemano, cuando el lunes <b>Trump anunci\u00f3 su intenci\u00f3n de vender aviones de combate F-35 al reino saudita<\/b>, desoyendo las preocupaciones del Pent\u00e1gono sobre los riesgos que implica vender esta tecnolog\u00eda a un aliado que mantiene una alianza de seguridad con China.<b> \u201cQuieren comprar. Les caemos muy bien y han sido buenos aliados\u201d<\/b>, se\u00f1al\u00f3 el mandatario a los periodistas.<\/p>\n<p>En el Sal\u00f3n Oval, Trump fue consultado sobre los conflictos de inter\u00e9s derivados de las inversiones de su familia en Arabia Saudita. <b>\u201cNo tengo nada que ver con los negocios familiares. Lo que hace mi familia est\u00e1 bien. Hacen negocios por todas partes\u201d<\/b>, dijo. \u201cEn realidad, han hecho muy poco con Arabia Saudita, aunque estoy seguro de que podr\u00edan hacer mucho\u201d, a\u00f1adi\u00f3.<\/p>\n<h1>Una bienvenida ostentosa<\/h1>\n<p>Ben Salman fue recibido en la entrada sur del jard\u00edn de la Casa Blanca con un <b>desfile a\u00e9reo militar<\/b>, una ceremonia m\u00e1s grandilocuente que la t\u00edpica por la entrada del Ala Oeste que se concede a la mayor\u00eda de los l\u00edderes, como pas\u00f3 con <b>Javier Milei<\/b> el 14 de octubre. <\/p>\n<p>Una banda de la Marina toc\u00f3 mientras oficiales a caballo portaban las banderas estadounidense y saudita, y <b>aviones de combate sobrevolaron la Casa Blanca en formaci\u00f3n de V<\/b>. En lo que va del a\u00f1o, solo el presidente polaco, Karol Nawrocki, hab\u00eda tenido un sobrevuelo militar a su llegada a la Casa Blanca.<\/p>\n<p>La de Ben Salman no fue una visita de Estado porque no es jefe del gobierno el reino, distinci\u00f3n que corresponde a su padre, el rey<b> Salman bin Abdulaziz<\/b>. Sin embargo, la visita cuenta con todas las formalidades propias de una visita de Estado.<\/p>\n<p>Trump le mostr\u00f3 al pr\u00edncipe heredero las modificaciones realizadas cerca del Jard\u00edn de las Rosas. Se detuvo para mostrarle una pared con retratos presidenciales, incluida la foto de una pluma autom\u00e1tica que cuelga donde ir\u00eda el retrato de Biden.<\/p>\n<p>En 2022, Biden hab\u00eda viajado a Arabia Saudita y, en un gesto que gener\u00f3 controversia, choc\u00f3 los pu\u00f1os con Ben Salman, una imagen que se viraliz\u00f3 en un momento en que muchos l\u00edderes hab\u00edan rechazado al pr\u00edncipe heredero. <b>Ben Salman siempre neg\u00f3 haber ordenado el asesinato de Khashoggi.<\/b><\/p>\n<p><img loading=\"lazy\" decoding=\"async\" src=\"https:\/\/resizer.glanacion.com\/resizer\/v2\/ZKMVB3RBYJHQDNPHEOJO5ILJGA.jpg?auth=c6b15056d5b620a43f059e8853328531208aebbece470380c5cc691ff8f4e448&amp;smart=true&amp;width=624&amp;height=351\" alt=\"Joe Biden y el pr\u00edncipe heredero saudita, Mohammed ben Salman.\" height=\"351\" width=\"624\" \/><\/p>\n<p>\u201cAhora es una figura diferente. Obviamente, las preguntas sobre su forma de gobernar y la represi\u00f3n interna siguen sin respuesta. Pero es una figura diferente, en un momento distinto. Y creo que, en ese sentido, es importante desde el punto de vista simb\u00f3lico\u201d, se\u00f1al\u00f3 Michael Wahid Hanna, director del programa estadounidense del Grupo Internacional de Crisis. \u201cEs fundamental para lo que esta administraci\u00f3n quiere hacer en la regi\u00f3n\u201d, a\u00f1adi\u00f3.<\/p>\n<p>\u200bEl presidente recibi\u00f3 a Mohammed ben Salman, quien se hab\u00eda convertido en paria global tras el crimen de Jamal Khashoggi, del que estaba informado, seg\u00fan la inteligencia norteamericana\u00a0\u00a0<\/p>","protected":false},"excerpt":{"rendered":"<p>WASHINGTON.- Con un amplio despliegue, casi como el de una visita de Estado, que marc\u00f3&#8230;<\/p>\n","protected":false},"author":1,"featured_media":3514,"comment_status":"closed","ping_status":"closed","sticky":false,"template":"","format":"standard","meta":{"_jetpack_memberships_contains_paid_content":false,"footnotes":"","jetpack_publicize_message":"","jetpack_publicize_feature_enabled":true,"jetpack_social_post_already_shared":true,"jetpack_social_options":{"image_generator_settings":{"template":"highway","default_image_id":0,"font":"","enabled":false},"version":2}},"categories":[89],"tags":[],"class_list":["post-3513","post","type-post","status-publish","format-standard","has-post-thumbnail","hentry","category-nacionales"],"yoast_head":"<!-- This site is optimized with the Yoast SEO plugin v27.4 - https:\/\/yoast.com\/product\/yoast-seo-wordpress\/ -->\n<title>En la Casa Blanca, Trump respalda al pr\u00edncipe saudita acusado por el asesinato de un periodista: \u201cLas cosas pasan\u201d -<\/title>\n<meta name=\"robots\" content=\"index, follow, max-snippet:-1, max-image-preview:large, max-video-preview:-1\" \/>\n<link rel=\"canonical\" href=\"https:\/\/impactocastex.com.ar\/?p=3513\" \/>\n<meta property=\"og:locale\" content=\"es_ES\" \/>\n<meta property=\"og:type\" content=\"article\" \/>\n<meta property=\"og:title\" content=\"En la Casa Blanca, Trump respalda al pr\u00edncipe saudita acusado por el asesinato de un periodista: \u201cLas cosas pasan\u201d -\" \/>\n<meta property=\"og:description\" content=\"WASHINGTON.- Con un amplio despliegue, casi como el de una visita de Estado, que marc\u00f3...\" \/>\n<meta property=\"og:url\" content=\"https:\/\/impactocastex.com.ar\/?p=3513\" \/>\n<meta property=\"article:publisher\" content=\"https:\/\/www.facebook.com\/impactocastexdiario\" \/>\n<meta property=\"article:published_time\" content=\"2025-11-18T18:42:54+00:00\" \/>\n<meta property=\"og:image\" content=\"https:\/\/resizer.glanacion.com\/resizer\/v2\/PZUETR7R7JCJJKRLEBDHH3LDMA.JPG?auth=111173742e7e37b2d11729758cafd184fb39d176b852a364075d8531e9169897&amp;smart=true&amp;width=2000&amp;height=1333\" \/>\n<meta name=\"author\" content=\"impactocastex\" \/>\n<meta name=\"twitter:card\" content=\"summary_large_image\" \/>\n<meta name=\"twitter:label1\" content=\"Escrito por\" \/>\n\t<meta name=\"twitter:data1\" content=\"impactocastex\" \/>\n\t<meta name=\"twitter:label2\" content=\"Tiempo de lectura\" \/>\n\t<meta name=\"twitter:data2\" content=\"7 minutos\" \/>\n<script type=\"application\/ld+json\" class=\"yoast-schema-graph\">{\"@context\":\"https:\\\/\\\/schema.org\",\"@graph\":[{\"@type\":\"Article\",\"@id\":\"https:\\\/\\\/impactocastex.com.ar\\\/?p=3513#article\",\"isPartOf\":{\"@id\":\"https:\\\/\\\/impactocastex.com.ar\\\/?p=3513\"},\"author\":{\"name\":\"impactocastex\",\"@id\":\"https:\\\/\\\/impactocastex.com.ar\\\/#\\\/schema\\\/person\\\/86cb4f827fb5f87869a239b98a69c6e3\"},\"headline\":\"En la Casa Blanca, Trump respalda al pr\u00edncipe saudita acusado por el asesinato de un periodista: \u201cLas cosas pasan\u201d\",\"datePublished\":\"2025-11-18T18:42:54+00:00\",\"mainEntityOfPage\":{\"@id\":\"https:\\\/\\\/impactocastex.com.ar\\\/?p=3513\"},\"wordCount\":1389,\"publisher\":{\"@id\":\"https:\\\/\\\/impactocastex.com.ar\\\/#organization\"},\"image\":{\"@id\":\"https:\\\/\\\/impactocastex.com.ar\\\/?p=3513#primaryimage\"},\"thumbnailUrl\":\"https:\\\/\\\/impactocastex.com.ar\\\/wp-content\\\/uploads\\\/2025\\\/11\\\/6T7HKOPZWRGERMJ2MLPIDTUM3U-sTApgb-scaled.jpg\",\"articleSection\":[\"NACIONALES\"],\"inLanguage\":\"es\"},{\"@type\":\"WebPage\",\"@id\":\"https:\\\/\\\/impactocastex.com.ar\\\/?p=3513\",\"url\":\"https:\\\/\\\/impactocastex.com.ar\\\/?p=3513\",\"name\":\"En la Casa Blanca, Trump respalda al pr\u00edncipe saudita acusado por el asesinato de un periodista: \u201cLas cosas pasan\u201d -\",\"isPartOf\":{\"@id\":\"https:\\\/\\\/impactocastex.com.ar\\\/#website\"},\"primaryImageOfPage\":{\"@id\":\"https:\\\/\\\/impactocastex.com.ar\\\/?p=3513#primaryimage\"},\"image\":{\"@id\":\"https:\\\/\\\/impactocastex.com.ar\\\/?p=3513#primaryimage\"},\"thumbnailUrl\":\"https:\\\/\\\/impactocastex.com.ar\\\/wp-content\\\/uploads\\\/2025\\\/11\\\/6T7HKOPZWRGERMJ2MLPIDTUM3U-sTApgb-scaled.jpg\",\"datePublished\":\"2025-11-18T18:42:54+00:00\",\"breadcrumb\":{\"@id\":\"https:\\\/\\\/impactocastex.com.ar\\\/?p=3513#breadcrumb\"},\"inLanguage\":\"es\",\"potentialAction\":[{\"@type\":\"ReadAction\",\"target\":[\"https:\\\/\\\/impactocastex.com.ar\\\/?p=3513\"]}]},{\"@type\":\"ImageObject\",\"inLanguage\":\"es\",\"@id\":\"https:\\\/\\\/impactocastex.com.ar\\\/?p=3513#primaryimage\",\"url\":\"https:\\\/\\\/impactocastex.com.ar\\\/wp-content\\\/uploads\\\/2025\\\/11\\\/6T7HKOPZWRGERMJ2MLPIDTUM3U-sTApgb-scaled.jpg\",\"contentUrl\":\"https:\\\/\\\/impactocastex.com.ar\\\/wp-content\\\/uploads\\\/2025\\\/11\\\/6T7HKOPZWRGERMJ2MLPIDTUM3U-sTApgb-scaled.jpg\",\"width\":2560,\"height\":1707},{\"@type\":\"BreadcrumbList\",\"@id\":\"https:\\\/\\\/impactocastex.com.ar\\\/?p=3513#breadcrumb\",\"itemListElement\":[{\"@type\":\"ListItem\",\"position\":1,\"name\":\"Portada\",\"item\":\"https:\\\/\\\/impactocastex.com.ar\\\/\"},{\"@type\":\"ListItem\",\"position\":2,\"name\":\"En la Casa Blanca, Trump respalda al pr\u00edncipe saudita acusado por el asesinato de un periodista: \u201cLas cosas pasan\u201d\"}]},{\"@type\":\"WebSite\",\"@id\":\"https:\\\/\\\/impactocastex.com.ar\\\/#website\",\"url\":\"https:\\\/\\\/impactocastex.com.ar\\\/\",\"name\":\"Impacto Castex\",\"description\":\"\",\"publisher\":{\"@id\":\"https:\\\/\\\/impactocastex.com.ar\\\/#organization\"},\"potentialAction\":[{\"@type\":\"SearchAction\",\"target\":{\"@type\":\"EntryPoint\",\"urlTemplate\":\"https:\\\/\\\/impactocastex.com.ar\\\/?s={search_term_string}\"},\"query-input\":{\"@type\":\"PropertyValueSpecification\",\"valueRequired\":true,\"valueName\":\"search_term_string\"}}],\"inLanguage\":\"es\"},{\"@type\":\"Organization\",\"@id\":\"https:\\\/\\\/impactocastex.com.ar\\\/#organization\",\"name\":\"Impacto Castex\",\"url\":\"https:\\\/\\\/impactocastex.com.ar\\\/\",\"logo\":{\"@type\":\"ImageObject\",\"inLanguage\":\"es\",\"@id\":\"https:\\\/\\\/impactocastex.com.ar\\\/#\\\/schema\\\/logo\\\/image\\\/\",\"url\":\"https:\\\/\\\/impactocastex.com.ar\\\/wp-content\\\/uploads\\\/2025\\\/09\\\/cropped-icoweb.png\",\"contentUrl\":\"https:\\\/\\\/impactocastex.com.ar\\\/wp-content\\\/uploads\\\/2025\\\/09\\\/cropped-icoweb.png\",\"width\":512,\"height\":512,\"caption\":\"Impacto Castex\"},\"image\":{\"@id\":\"https:\\\/\\\/impactocastex.com.ar\\\/#\\\/schema\\\/logo\\\/image\\\/\"},\"sameAs\":[\"https:\\\/\\\/www.facebook.com\\\/impactocastexdiario\",\"https:\\\/\\\/www.instagram.com\\\/impactocastex.com.ar\\\/\"]},{\"@type\":\"Person\",\"@id\":\"https:\\\/\\\/impactocastex.com.ar\\\/#\\\/schema\\\/person\\\/86cb4f827fb5f87869a239b98a69c6e3\",\"name\":\"impactocastex\",\"image\":{\"@type\":\"ImageObject\",\"inLanguage\":\"es\",\"@id\":\"https:\\\/\\\/secure.gravatar.com\\\/avatar\\\/9a87ee051ca8c77f5d4070843ce2c78cdf95b858b950fb039151de955122f5f5?s=96&d=mm&r=g\",\"url\":\"https:\\\/\\\/secure.gravatar.com\\\/avatar\\\/9a87ee051ca8c77f5d4070843ce2c78cdf95b858b950fb039151de955122f5f5?s=96&d=mm&r=g\",\"contentUrl\":\"https:\\\/\\\/secure.gravatar.com\\\/avatar\\\/9a87ee051ca8c77f5d4070843ce2c78cdf95b858b950fb039151de955122f5f5?s=96&d=mm&r=g\",\"caption\":\"impactocastex\"},\"sameAs\":[\"https:\\\/\\\/impactocastex.com.ar\"],\"url\":\"https:\\\/\\\/impactocastex.com.ar\\\/?author=1\"}]}<\/script>\n<!-- \/ Yoast SEO plugin. -->","yoast_head_json":{"title":"En la Casa Blanca, Trump respalda al pr\u00edncipe saudita acusado por el asesinato de un periodista: \u201cLas cosas pasan\u201d -","robots":{"index":"index","follow":"follow","max-snippet":"max-snippet:-1","max-image-preview":"max-image-preview:large","max-video-preview":"max-video-preview:-1"},"canonical":"https:\/\/impactocastex.com.ar\/?p=3513","og_locale":"es_ES","og_type":"article","og_title":"En la Casa Blanca, Trump respalda al pr\u00edncipe saudita acusado por el asesinato de un periodista: \u201cLas cosas pasan\u201d -","og_description":"WASHINGTON.- Con un amplio despliegue, casi como el de una visita de Estado, que marc\u00f3...","og_url":"https:\/\/impactocastex.com.ar\/?p=3513","article_publisher":"https:\/\/www.facebook.com\/impactocastexdiario","article_published_time":"2025-11-18T18:42:54+00:00","og_image":[{"url":"https:\/\/resizer.glanacion.com\/resizer\/v2\/PZUETR7R7JCJJKRLEBDHH3LDMA.JPG?auth=111173742e7e37b2d11729758cafd184fb39d176b852a364075d8531e9169897&amp;smart=true&amp;width=2000&amp;height=1333","type":"","width":"","height":""}],"author":"impactocastex","twitter_card":"summary_large_image","twitter_misc":{"Escrito por":"impactocastex","Tiempo de lectura":"7 minutos"},"schema":{"@context":"https:\/\/schema.org","@graph":[{"@type":"Article","@id":"https:\/\/impactocastex.com.ar\/?p=3513#article","isPartOf":{"@id":"https:\/\/impactocastex.com.ar\/?p=3513"},"author":{"name":"impactocastex","@id":"https:\/\/impactocastex.com.ar\/#\/schema\/person\/86cb4f827fb5f87869a239b98a69c6e3"},"headline":"En la Casa Blanca, Trump respalda al pr\u00edncipe saudita acusado por el asesinato de un periodista: \u201cLas cosas pasan\u201d","datePublished":"2025-11-18T18:42:54+00:00","mainEntityOfPage":{"@id":"https:\/\/impactocastex.com.ar\/?p=3513"},"wordCount":1389,"publisher":{"@id":"https:\/\/impactocastex.com.ar\/#organization"},"image":{"@id":"https:\/\/impactocastex.com.ar\/?p=3513#primaryimage"},"thumbnailUrl":"https:\/\/impactocastex.com.ar\/wp-content\/uploads\/2025\/11\/6T7HKOPZWRGERMJ2MLPIDTUM3U-sTApgb-scaled.jpg","articleSection":["NACIONALES"],"inLanguage":"es"},{"@type":"WebPage","@id":"https:\/\/impactocastex.com.ar\/?p=3513","url":"https:\/\/impactocastex.com.ar\/?p=3513","name":"En la Casa Blanca, Trump respalda al pr\u00edncipe saudita acusado por el asesinato de un periodista: \u201cLas cosas pasan\u201d -","isPartOf":{"@id":"https:\/\/impactocastex.com.ar\/#website"},"primaryImageOfPage":{"@id":"https:\/\/impactocastex.com.ar\/?p=3513#primaryimage"},"image":{"@id":"https:\/\/impactocastex.com.ar\/?p=3513#primaryimage"},"thumbnailUrl":"https:\/\/impactocastex.com.ar\/wp-content\/uploads\/2025\/11\/6T7HKOPZWRGERMJ2MLPIDTUM3U-sTApgb-scaled.jpg","datePublished":"2025-11-18T18:42:54+00:00","breadcrumb":{"@id":"https:\/\/impactocastex.com.ar\/?p=3513#breadcrumb"},"inLanguage":"es","potentialAction":[{"@type":"ReadAction","target":["https:\/\/impactocastex.com.ar\/?p=3513"]}]},{"@type":"ImageObject","inLanguage":"es","@id":"https:\/\/impactocastex.com.ar\/?p=3513#primaryimage","url":"https:\/\/impactocastex.com.ar\/wp-content\/uploads\/2025\/11\/6T7HKOPZWRGERMJ2MLPIDTUM3U-sTApgb-scaled.jpg","contentUrl":"https:\/\/impactocastex.com.ar\/wp-content\/uploads\/2025\/11\/6T7HKOPZWRGERMJ2MLPIDTUM3U-sTApgb-scaled.jpg","width":2560,"height":1707},{"@type":"BreadcrumbList","@id":"https:\/\/impactocastex.com.ar\/?p=3513#breadcrumb","itemListElement":[{"@type":"ListItem","position":1,"name":"Portada","item":"https:\/\/impactocastex.com.ar\/"},{"@type":"ListItem","position":2,"name":"En la Casa Blanca, Trump respalda al pr\u00edncipe saudita acusado por el asesinato de un periodista: \u201cLas cosas pasan\u201d"}]},{"@type":"WebSite","@id":"https:\/\/impactocastex.com.ar\/#website","url":"https:\/\/impactocastex.com.ar\/","name":"Impacto Castex","description":"","publisher":{"@id":"https:\/\/impactocastex.com.ar\/#organization"},"potentialAction":[{"@type":"SearchAction","target":{"@type":"EntryPoint","urlTemplate":"https:\/\/impactocastex.com.ar\/?s={search_term_string}"},"query-input":{"@type":"PropertyValueSpecification","valueRequired":true,"valueName":"search_term_string"}}],"inLanguage":"es"},{"@type":"Organization","@id":"https:\/\/impactocastex.com.ar\/#organization","name":"Impacto Castex","url":"https:\/\/impactocastex.com.ar\/","logo":{"@type":"ImageObject","inLanguage":"es","@id":"https:\/\/impactocastex.com.ar\/#\/schema\/logo\/image\/","url":"https:\/\/impactocastex.com.ar\/wp-content\/uploads\/2025\/09\/cropped-icoweb.png","contentUrl":"https:\/\/impactocastex.com.ar\/wp-content\/uploads\/2025\/09\/cropped-icoweb.png","width":512,"height":512,"caption":"Impacto Castex"},"image":{"@id":"https:\/\/impactocastex.com.ar\/#\/schema\/logo\/image\/"},"sameAs":["https:\/\/www.facebook.com\/impactocastexdiario","https:\/\/www.instagram.com\/impactocastex.com.ar\/"]},{"@type":"Person","@id":"https:\/\/impactocastex.com.ar\/#\/schema\/person\/86cb4f827fb5f87869a239b98a69c6e3","name":"impactocastex","image":{"@type":"ImageObject","inLanguage":"es","@id":"https:\/\/secure.gravatar.com\/avatar\/9a87ee051ca8c77f5d4070843ce2c78cdf95b858b950fb039151de955122f5f5?s=96&d=mm&r=g","url":"https:\/\/secure.gravatar.com\/avatar\/9a87ee051ca8c77f5d4070843ce2c78cdf95b858b950fb039151de955122f5f5?s=96&d=mm&r=g","contentUrl":"https:\/\/secure.gravatar.com\/avatar\/9a87ee051ca8c77f5d4070843ce2c78cdf95b858b950fb039151de955122f5f5?s=96&d=mm&r=g","caption":"impactocastex"},"sameAs":["https:\/\/impactocastex.com.ar"],"url":"https:\/\/impactocastex.com.ar\/?author=1"}]}},"jetpack_publicize_connections":[],"featured_image_urls":{"full":["https:\/\/impactocastex.com.ar\/wp-content\/uploads\/2025\/11\/6T7HKOPZWRGERMJ2MLPIDTUM3U-sTApgb-scaled.jpg",2560,1707,false],"thumbnail":["https:\/\/impactocastex.com.ar\/wp-content\/uploads\/2025\/11\/6T7HKOPZWRGERMJ2MLPIDTUM3U-sTApgb-150x150.jpg",150,150,true],"medium":["https:\/\/impactocastex.com.ar\/wp-content\/uploads\/2025\/11\/6T7HKOPZWRGERMJ2MLPIDTUM3U-sTApgb-300x200.jpg",300,200,true],"medium_large":["https:\/\/impactocastex.com.ar\/wp-content\/uploads\/2025\/11\/6T7HKOPZWRGERMJ2MLPIDTUM3U-sTApgb-768x512.jpg",640,427,true],"large":["https:\/\/impactocastex.com.ar\/wp-content\/uploads\/2025\/11\/6T7HKOPZWRGERMJ2MLPIDTUM3U-sTApgb-1024x683.jpg",640,427,true],"1536x1536":["https:\/\/impactocastex.com.ar\/wp-content\/uploads\/2025\/11\/6T7HKOPZWRGERMJ2MLPIDTUM3U-sTApgb-1536x1024.jpg",1536,1024,true],"2048x2048":["https:\/\/impactocastex.com.ar\/wp-content\/uploads\/2025\/11\/6T7HKOPZWRGERMJ2MLPIDTUM3U-sTApgb-2048x1365.jpg",2048,1365,true],"newsever-slider-full":["https:\/\/impactocastex.com.ar\/wp-content\/uploads\/2025\/11\/6T7HKOPZWRGERMJ2MLPIDTUM3U-sTApgb-1280x845.jpg",1280,845,true],"newsever-featured":["https:\/\/impactocastex.com.ar\/wp-content\/uploads\/2025\/11\/6T7HKOPZWRGERMJ2MLPIDTUM3U-sTApgb-1024x683.jpg",1024,683,true],"newsever-medium":["https:\/\/impactocastex.com.ar\/wp-content\/uploads\/2025\/11\/6T7HKOPZWRGERMJ2MLPIDTUM3U-sTApgb-720x475.jpg",720,475,true]},"author_info":{"info":["impactocastex"]},"category_info":"<a href=\"https:\/\/impactocastex.com.ar\/?cat=89\" rel=\"category\">NACIONALES<\/a>","tag_info":"NACIONALES","comment_count":0,"jetpack_featured_media_url":"https:\/\/impactocastex.com.ar\/wp-content\/uploads\/2025\/11\/6T7HKOPZWRGERMJ2MLPIDTUM3U-sTApgb-scaled.jpg","jetpack_sharing_enabled":true,"jetpack_likes_enabled":true,"jetpack_shortlink":"https:\/\/wp.me\/p7sopA-UF","_links":{"self":[{"href":"https:\/\/impactocastex.com.ar\/index.php?rest_route=\/wp\/v2\/posts\/3513","targetHints":{"allow":["GET"]}}],"collection":[{"href":"https:\/\/impactocastex.com.ar\/index.php?rest_route=\/wp\/v2\/posts"}],"about":[{"href":"https:\/\/impactocastex.com.ar\/index.php?rest_route=\/wp\/v2\/types\/post"}],"author":[{"embeddable":true,"href":"https:\/\/impactocastex.com.ar\/index.php?rest_route=\/wp\/v2\/users\/1"}],"replies":[{"embeddable":true,"href":"https:\/\/impactocastex.com.ar\/index.php?rest_route=%2Fwp%2Fv2%2Fcomments&post=3513"}],"version-history":[{"count":0,"href":"https:\/\/impactocastex.com.ar\/index.php?rest_route=\/wp\/v2\/posts\/3513\/revisions"}],"wp:featuredmedia":[{"embeddable":true,"href":"https:\/\/impactocastex.com.ar\/index.php?rest_route=\/wp\/v2\/media\/3514"}],"wp:attachment":[{"href":"https:\/\/impactocastex.com.ar\/index.php?rest_route=%2Fwp%2Fv2%2Fmedia&parent=3513"}],"wp:term":[{"taxonomy":"category","embeddable":true,"href":"https:\/\/impactocastex.com.ar\/index.php?rest_route=%2Fwp%2Fv2%2Fcategories&post=3513"},{"taxonomy":"post_tag","embeddable":true,"href":"https:\/\/impactocastex.com.ar\/index.php?rest_route=%2Fwp%2Fv2%2Ftags&post=3513"}],"curies":[{"name":"wp","href":"https:\/\/api.w.org\/{rel}","templated":true}]}}