{"id":3497,"date":"2025-11-18T10:48:22","date_gmt":"2025-11-18T13:48:22","guid":{"rendered":"https:\/\/impactocastex.com.ar\/?p=3497"},"modified":"2025-11-18T10:48:24","modified_gmt":"2025-11-18T13:48:24","slug":"te-voy-a-partir-en-dos-90-dias-de-restriccion-de-acercamiento-y-contacto-por-amenazas-agravadas-con-arma-blanca-video","status":"publish","type":"post","link":"https:\/\/impactocastex.com.ar\/?p=3497","title":{"rendered":"\u00abTe voy a partir en dos\u00bb, 90 d\u00edas de restricci\u00f3n de acercamiento y contacto\u00a0 por amenazas agravadas con arma blanca-Video"},"content":{"rendered":"\n<p>Una mujer qued\u00f3 formalmente imputada por amenazas agravadas por el uso de un arma y otros delitos, luego de una serie de episodios ocurridos en distintos d\u00edas, en los cuales hostig\u00f3 de manera reiterada a otra mujer, llegando incluso a blandir un cuchillo y amenazarla con \u201cpartirla en dos\u201d. La Justicia orden\u00f3 90 d\u00edas de prohibici\u00f3n de acercamiento y contacto, mientras avanza la investigaci\u00f3n.<\/p>\n\n\n\n<figure class=\"wp-block-embed is-type-video is-provider-youtube wp-block-embed-youtube wp-embed-aspect-16-9 wp-has-aspect-ratio\"><div class=\"wp-block-embed__wrapper\">\n<iframe loading=\"lazy\" title=\"90 d\u00edas de restricci\u00f3n de acercamiento y contacto por amenazas agravadas con arma blanca\" width=\"640\" height=\"360\" src=\"https:\/\/www.youtube.com\/embed\/akvatWSDmMY?feature=oembed\" frameborder=\"0\" allow=\"accelerometer; autoplay; clipboard-write; encrypted-media; gyroscope; picture-in-picture; web-share\" referrerpolicy=\"strict-origin-when-cross-origin\" allowfullscreen><\/iframe>\n<\/div><\/figure>\n\n\n\n<p>Los hechos, informados inicialmente por la Comisar\u00eda Seccional Primera, fueron detallados por el fiscal Juan Pellegrino en di\u00e1logo con En Boca de Todos HD. Seg\u00fan precis\u00f3, se trata de una secuencia de agresiones cometidas en diferentes fechas y que mantuvieron en constante riesgo a la v\u00edctima.<\/p>\n\n\n\n<p>Tres episodios, una escalada de violencia<\/p>\n\n\n\n<p>El fiscal explic\u00f3 que los incidentes se registraron en tres momentos:<\/p>\n\n\n\n<p>&nbsp;octubre: primer hecho denunciado, vinculado a amenazas verbales.<\/p>\n\n\n\n<p>9 de noviembre: el episodio m\u00e1s grave, cuando la imputada tom\u00f3 un cuchillo y amenaz\u00f3 de muerte a la v\u00edctima.<\/p>\n\n\n\n<p>13 de noviembre: \u00faltimo incidente, tras el cual se decidi\u00f3 efectivizar la demora y notificarla para ser llevada a declarar ante el Ministerio P\u00fablico Fiscal.<\/p>\n\n\n\n<p>Adem\u00e1s de las amenazas, la denunciante asegur\u00f3 que la agresora caus\u00f3 da\u00f1os en un jard\u00edn y la hostig\u00f3 de forma constante, tanto en persona como verbalmente.<\/p>\n\n\n\n<p>Una relaci\u00f3n conflictiva sin m\u00f3vil claro<\/p>\n\n\n\n<p>Consultado sobre el origen del conflicto, el fiscal Pellegrino indic\u00f3 que a\u00fan no existe claridad sobre el motivo que desencaden\u00f3 las agresiones:<\/p>\n\n\n\n<p>\u201cNo tenemos certeza del m\u00f3vil. No son familiares entre s\u00ed, pero s\u00ed existe un v\u00ednculo indirecto a trav\u00e9s de un familiar de la denunciante que conoce a la imputada. Cuando podamos tomar declaraci\u00f3n formal a la v\u00edctima en sede fiscal, profundizaremos ese punto\u201d, explic\u00f3.<\/p>\n\n\n\n<p>Lo que s\u00ed afirm\u00f3 es que la imputada no ha cesado el hostigamiento, lo que motiv\u00f3 la necesidad urgente de medidas cautelares.<\/p>\n\n\n\n<p>La decisi\u00f3n judicial<\/p>\n\n\n\n<p>En audiencia, el fiscal solicit\u00f3 una restricci\u00f3n total de acercamiento y contacto por 90 d\u00edas, pedido que fue acompa\u00f1ado por el defensor oficial H\u00e9ctor Freigedo y finalmente aprobado por la jueza Ana Ruffini.<\/p>\n\n\n\n<p>La car\u00e1tula qued\u00f3 conformada por:<\/p>\n\n\n\n<p>Amenazas agravadas por el uso de arma<\/p>\n\n\n\n<p>Amenazas simples<\/p>\n\n\n\n<p>Da\u00f1o simple<\/p>\n\n\n\n<p>Pena en expectativa<\/p>\n\n\n\n<p>Pellegrino explic\u00f3 c\u00f3mo se compone la escala penal:<\/p>\n\n\n\n<p>\u201cLa amenaza agravada por el uso de arma tiene una pena de 1 a 3 a\u00f1os. A eso se le suman las amenazas simples y el da\u00f1o. En concurso real, la escala m\u00e1xima podr\u00eda llegar a los 10 a\u00f1os de prisi\u00f3n.\u201d<\/p>\n\n\n\n<p>La imputada no posee antecedentes condenatorios y, seg\u00fan indic\u00f3 el fiscal, no brind\u00f3 declaraci\u00f3n, por lo que se desconocen expresiones de arrepentimiento.<\/p>\n\n\n\n<p>Lo que viene<\/p>\n\n\n\n<p>La investigaci\u00f3n continuar\u00e1 durante los pr\u00f3ximos 90 d\u00edas, tiempo en el cual la imputada tiene prohibido acercarse o establecer cualquier tipo de comunicaci\u00f3n con la v\u00edctima.<br>El Ministerio P\u00fablico Fiscal aguarda la ampliaci\u00f3n de la declaraci\u00f3n de la denunciante para determinar el trasfondo del conflicto y avanzar en la acusaci\u00f3n final.<\/p>\n","protected":false},"excerpt":{"rendered":"<p>Una mujer qued\u00f3 formalmente imputada por amenazas agravadas por el uso de un arma y&#8230;<\/p>\n","protected":false},"author":2,"featured_media":3498,"comment_status":"closed","ping_status":"closed","sticky":false,"template":"","format":"standard","meta":{"_jetpack_memberships_contains_paid_content":false,"footnotes":"","jetpack_publicize_message":"\"Te voy a partir en dos\", 90 d\u00edas de restricci\u00f3n de acercamiento y contacto  por amenazas agravadas con arma blanca-Video","jetpack_publicize_feature_enabled":true,"jetpack_social_post_already_shared":false,"jetpack_social_options":{"image_generator_settings":{"template":"highway","default_image_id":0,"font":"","enabled":false},"version":2}},"categories":[85],"tags":[],"class_list":["post-3497","post","type-post","status-publish","format-standard","has-post-thumbnail","hentry","category-policiales"],"yoast_head":"<!-- This site is optimized with the Yoast SEO plugin v27.4 - https:\/\/yoast.com\/product\/yoast-seo-wordpress\/ -->\n<title>&quot;Te voy a partir en dos&quot;, 90 d\u00edas de restricci\u00f3n de acercamiento y contacto\u00a0 por amenazas agravadas con arma blanca-Video -<\/title>\n<meta name=\"robots\" content=\"index, follow, max-snippet:-1, max-image-preview:large, max-video-preview:-1\" \/>\n<link rel=\"canonical\" href=\"https:\/\/impactocastex.com.ar\/?p=3497\" \/>\n<meta property=\"og:locale\" content=\"es_ES\" \/>\n<meta property=\"og:type\" content=\"article\" \/>\n<meta property=\"og:title\" content=\"&quot;Te voy a partir en dos&quot;, 90 d\u00edas de restricci\u00f3n de acercamiento y contacto\u00a0 por amenazas agravadas con arma blanca-Video -\" \/>\n<meta property=\"og:description\" content=\"Una mujer qued\u00f3 formalmente imputada por amenazas agravadas por el uso de un arma y...\" \/>\n<meta property=\"og:url\" content=\"https:\/\/impactocastex.com.ar\/?p=3497\" \/>\n<meta property=\"article:publisher\" content=\"https:\/\/www.facebook.com\/impactocastexdiario\" \/>\n<meta property=\"article:published_time\" content=\"2025-11-18T13:48:22+00:00\" \/>\n<meta property=\"article:modified_time\" content=\"2025-11-18T13:48:24+00:00\" \/>\n<meta property=\"og:image\" content=\"https:\/\/impactocastex.com.ar\/wp-content\/uploads\/2025\/11\/f1280x720-249993_381668_5050.jpg\" \/>\n\t<meta property=\"og:image:width\" content=\"1280\" \/>\n\t<meta property=\"og:image:height\" content=\"720\" \/>\n\t<meta property=\"og:image:type\" content=\"image\/jpeg\" \/>\n<meta name=\"author\" content=\"impactocastex\" \/>\n<meta name=\"twitter:card\" content=\"summary_large_image\" \/>\n<meta name=\"twitter:label1\" content=\"Escrito por\" \/>\n\t<meta name=\"twitter:data1\" content=\"impactocastex\" \/>\n\t<meta name=\"twitter:label2\" content=\"Tiempo de lectura\" \/>\n\t<meta name=\"twitter:data2\" content=\"3 minutos\" \/>\n<script type=\"application\/ld+json\" class=\"yoast-schema-graph\">{\"@context\":\"https:\\\/\\\/schema.org\",\"@graph\":[{\"@type\":\"Article\",\"@id\":\"https:\\\/\\\/impactocastex.com.ar\\\/?p=3497#article\",\"isPartOf\":{\"@id\":\"https:\\\/\\\/impactocastex.com.ar\\\/?p=3497\"},\"author\":{\"name\":\"impactocastex\",\"@id\":\"https:\\\/\\\/impactocastex.com.ar\\\/#\\\/schema\\\/person\\\/c115028fb60f9bf49ce7550894b84ea7\"},\"headline\":\"\u00abTe voy a partir en dos\u00bb, 90 d\u00edas de restricci\u00f3n de acercamiento y contacto\u00a0 por amenazas agravadas con arma blanca-Video\",\"datePublished\":\"2025-11-18T13:48:22+00:00\",\"dateModified\":\"2025-11-18T13:48:24+00:00\",\"mainEntityOfPage\":{\"@id\":\"https:\\\/\\\/impactocastex.com.ar\\\/?p=3497\"},\"wordCount\":545,\"publisher\":{\"@id\":\"https:\\\/\\\/impactocastex.com.ar\\\/#organization\"},\"image\":{\"@id\":\"https:\\\/\\\/impactocastex.com.ar\\\/?p=3497#primaryimage\"},\"thumbnailUrl\":\"https:\\\/\\\/impactocastex.com.ar\\\/wp-content\\\/uploads\\\/2025\\\/11\\\/f1280x720-249993_381668_5050.jpg\",\"articleSection\":[\"POLICIALES\"],\"inLanguage\":\"es\"},{\"@type\":\"WebPage\",\"@id\":\"https:\\\/\\\/impactocastex.com.ar\\\/?p=3497\",\"url\":\"https:\\\/\\\/impactocastex.com.ar\\\/?p=3497\",\"name\":\"\\\"Te voy a partir en dos\\\", 90 d\u00edas de restricci\u00f3n de acercamiento y contacto\u00a0 por amenazas agravadas con arma blanca-Video -\",\"isPartOf\":{\"@id\":\"https:\\\/\\\/impactocastex.com.ar\\\/#website\"},\"primaryImageOfPage\":{\"@id\":\"https:\\\/\\\/impactocastex.com.ar\\\/?p=3497#primaryimage\"},\"image\":{\"@id\":\"https:\\\/\\\/impactocastex.com.ar\\\/?p=3497#primaryimage\"},\"thumbnailUrl\":\"https:\\\/\\\/impactocastex.com.ar\\\/wp-content\\\/uploads\\\/2025\\\/11\\\/f1280x720-249993_381668_5050.jpg\",\"datePublished\":\"2025-11-18T13:48:22+00:00\",\"dateModified\":\"2025-11-18T13:48:24+00:00\",\"breadcrumb\":{\"@id\":\"https:\\\/\\\/impactocastex.com.ar\\\/?p=3497#breadcrumb\"},\"inLanguage\":\"es\",\"potentialAction\":[{\"@type\":\"ReadAction\",\"target\":[\"https:\\\/\\\/impactocastex.com.ar\\\/?p=3497\"]}]},{\"@type\":\"ImageObject\",\"inLanguage\":\"es\",\"@id\":\"https:\\\/\\\/impactocastex.com.ar\\\/?p=3497#primaryimage\",\"url\":\"https:\\\/\\\/impactocastex.com.ar\\\/wp-content\\\/uploads\\\/2025\\\/11\\\/f1280x720-249993_381668_5050.jpg\",\"contentUrl\":\"https:\\\/\\\/impactocastex.com.ar\\\/wp-content\\\/uploads\\\/2025\\\/11\\\/f1280x720-249993_381668_5050.jpg\",\"width\":1280,\"height\":720},{\"@type\":\"BreadcrumbList\",\"@id\":\"https:\\\/\\\/impactocastex.com.ar\\\/?p=3497#breadcrumb\",\"itemListElement\":[{\"@type\":\"ListItem\",\"position\":1,\"name\":\"Portada\",\"item\":\"https:\\\/\\\/impactocastex.com.ar\\\/\"},{\"@type\":\"ListItem\",\"position\":2,\"name\":\"&#8220;Te voy a partir en dos&#8221;, 90 d\u00edas de restricci\u00f3n de acercamiento y contacto\u00a0 por amenazas agravadas con arma blanca-Video\"}]},{\"@type\":\"WebSite\",\"@id\":\"https:\\\/\\\/impactocastex.com.ar\\\/#website\",\"url\":\"https:\\\/\\\/impactocastex.com.ar\\\/\",\"name\":\"Impacto Castex\",\"description\":\"\",\"publisher\":{\"@id\":\"https:\\\/\\\/impactocastex.com.ar\\\/#organization\"},\"potentialAction\":[{\"@type\":\"SearchAction\",\"target\":{\"@type\":\"EntryPoint\",\"urlTemplate\":\"https:\\\/\\\/impactocastex.com.ar\\\/?s={search_term_string}\"},\"query-input\":{\"@type\":\"PropertyValueSpecification\",\"valueRequired\":true,\"valueName\":\"search_term_string\"}}],\"inLanguage\":\"es\"},{\"@type\":\"Organization\",\"@id\":\"https:\\\/\\\/impactocastex.com.ar\\\/#organization\",\"name\":\"Impacto Castex\",\"url\":\"https:\\\/\\\/impactocastex.com.ar\\\/\",\"logo\":{\"@type\":\"ImageObject\",\"inLanguage\":\"es\",\"@id\":\"https:\\\/\\\/impactocastex.com.ar\\\/#\\\/schema\\\/logo\\\/image\\\/\",\"url\":\"https:\\\/\\\/impactocastex.com.ar\\\/wp-content\\\/uploads\\\/2025\\\/09\\\/cropped-icoweb.png\",\"contentUrl\":\"https:\\\/\\\/impactocastex.com.ar\\\/wp-content\\\/uploads\\\/2025\\\/09\\\/cropped-icoweb.png\",\"width\":512,\"height\":512,\"caption\":\"Impacto Castex\"},\"image\":{\"@id\":\"https:\\\/\\\/impactocastex.com.ar\\\/#\\\/schema\\\/logo\\\/image\\\/\"},\"sameAs\":[\"https:\\\/\\\/www.facebook.com\\\/impactocastexdiario\",\"https:\\\/\\\/www.instagram.com\\\/impactocastex.com.ar\\\/\"]},{\"@type\":\"Person\",\"@id\":\"https:\\\/\\\/impactocastex.com.ar\\\/#\\\/schema\\\/person\\\/c115028fb60f9bf49ce7550894b84ea7\",\"name\":\"impactocastex\",\"image\":{\"@type\":\"ImageObject\",\"inLanguage\":\"es\",\"@id\":\"https:\\\/\\\/secure.gravatar.com\\\/avatar\\\/fee87e7af008f02e9becdc0b5a9fd4a2e79b3918a571edeacb62211704637833?s=96&d=mm&r=g\",\"url\":\"https:\\\/\\\/secure.gravatar.com\\\/avatar\\\/fee87e7af008f02e9becdc0b5a9fd4a2e79b3918a571edeacb62211704637833?s=96&d=mm&r=g\",\"contentUrl\":\"https:\\\/\\\/secure.gravatar.com\\\/avatar\\\/fee87e7af008f02e9becdc0b5a9fd4a2e79b3918a571edeacb62211704637833?s=96&d=mm&r=g\",\"caption\":\"impactocastex\"},\"sameAs\":[\"https:\\\/\\\/impactocastex.com.ar\\\/\"],\"url\":\"https:\\\/\\\/impactocastex.com.ar\\\/?author=2\"}]}<\/script>\n<!-- \/ Yoast SEO plugin. -->","yoast_head_json":{"title":"\"Te voy a partir en dos\", 90 d\u00edas de restricci\u00f3n de acercamiento y contacto\u00a0 por amenazas agravadas con arma blanca-Video -","robots":{"index":"index","follow":"follow","max-snippet":"max-snippet:-1","max-image-preview":"max-image-preview:large","max-video-preview":"max-video-preview:-1"},"canonical":"https:\/\/impactocastex.com.ar\/?p=3497","og_locale":"es_ES","og_type":"article","og_title":"\"Te voy a partir en dos\", 90 d\u00edas de restricci\u00f3n de acercamiento y contacto\u00a0 por amenazas agravadas con arma blanca-Video -","og_description":"Una mujer qued\u00f3 formalmente imputada por amenazas agravadas por el uso de un arma y...","og_url":"https:\/\/impactocastex.com.ar\/?p=3497","article_publisher":"https:\/\/www.facebook.com\/impactocastexdiario","article_published_time":"2025-11-18T13:48:22+00:00","article_modified_time":"2025-11-18T13:48:24+00:00","og_image":[{"width":1280,"height":720,"url":"https:\/\/impactocastex.com.ar\/wp-content\/uploads\/2025\/11\/f1280x720-249993_381668_5050.jpg","type":"image\/jpeg"}],"author":"impactocastex","twitter_card":"summary_large_image","twitter_misc":{"Escrito por":"impactocastex","Tiempo de lectura":"3 minutos"},"schema":{"@context":"https:\/\/schema.org","@graph":[{"@type":"Article","@id":"https:\/\/impactocastex.com.ar\/?p=3497#article","isPartOf":{"@id":"https:\/\/impactocastex.com.ar\/?p=3497"},"author":{"name":"impactocastex","@id":"https:\/\/impactocastex.com.ar\/#\/schema\/person\/c115028fb60f9bf49ce7550894b84ea7"},"headline":"\u00abTe voy a partir en dos\u00bb, 90 d\u00edas de restricci\u00f3n de acercamiento y contacto\u00a0 por amenazas agravadas con arma blanca-Video","datePublished":"2025-11-18T13:48:22+00:00","dateModified":"2025-11-18T13:48:24+00:00","mainEntityOfPage":{"@id":"https:\/\/impactocastex.com.ar\/?p=3497"},"wordCount":545,"publisher":{"@id":"https:\/\/impactocastex.com.ar\/#organization"},"image":{"@id":"https:\/\/impactocastex.com.ar\/?p=3497#primaryimage"},"thumbnailUrl":"https:\/\/impactocastex.com.ar\/wp-content\/uploads\/2025\/11\/f1280x720-249993_381668_5050.jpg","articleSection":["POLICIALES"],"inLanguage":"es"},{"@type":"WebPage","@id":"https:\/\/impactocastex.com.ar\/?p=3497","url":"https:\/\/impactocastex.com.ar\/?p=3497","name":"\"Te voy a partir en dos\", 90 d\u00edas de restricci\u00f3n de acercamiento y contacto\u00a0 por amenazas agravadas con arma blanca-Video -","isPartOf":{"@id":"https:\/\/impactocastex.com.ar\/#website"},"primaryImageOfPage":{"@id":"https:\/\/impactocastex.com.ar\/?p=3497#primaryimage"},"image":{"@id":"https:\/\/impactocastex.com.ar\/?p=3497#primaryimage"},"thumbnailUrl":"https:\/\/impactocastex.com.ar\/wp-content\/uploads\/2025\/11\/f1280x720-249993_381668_5050.jpg","datePublished":"2025-11-18T13:48:22+00:00","dateModified":"2025-11-18T13:48:24+00:00","breadcrumb":{"@id":"https:\/\/impactocastex.com.ar\/?p=3497#breadcrumb"},"inLanguage":"es","potentialAction":[{"@type":"ReadAction","target":["https:\/\/impactocastex.com.ar\/?p=3497"]}]},{"@type":"ImageObject","inLanguage":"es","@id":"https:\/\/impactocastex.com.ar\/?p=3497#primaryimage","url":"https:\/\/impactocastex.com.ar\/wp-content\/uploads\/2025\/11\/f1280x720-249993_381668_5050.jpg","contentUrl":"https:\/\/impactocastex.com.ar\/wp-content\/uploads\/2025\/11\/f1280x720-249993_381668_5050.jpg","width":1280,"height":720},{"@type":"BreadcrumbList","@id":"https:\/\/impactocastex.com.ar\/?p=3497#breadcrumb","itemListElement":[{"@type":"ListItem","position":1,"name":"Portada","item":"https:\/\/impactocastex.com.ar\/"},{"@type":"ListItem","position":2,"name":"&#8220;Te voy a partir en dos&#8221;, 90 d\u00edas de restricci\u00f3n de acercamiento y contacto\u00a0 por amenazas agravadas con arma blanca-Video"}]},{"@type":"WebSite","@id":"https:\/\/impactocastex.com.ar\/#website","url":"https:\/\/impactocastex.com.ar\/","name":"Impacto Castex","description":"","publisher":{"@id":"https:\/\/impactocastex.com.ar\/#organization"},"potentialAction":[{"@type":"SearchAction","target":{"@type":"EntryPoint","urlTemplate":"https:\/\/impactocastex.com.ar\/?s={search_term_string}"},"query-input":{"@type":"PropertyValueSpecification","valueRequired":true,"valueName":"search_term_string"}}],"inLanguage":"es"},{"@type":"Organization","@id":"https:\/\/impactocastex.com.ar\/#organization","name":"Impacto Castex","url":"https:\/\/impactocastex.com.ar\/","logo":{"@type":"ImageObject","inLanguage":"es","@id":"https:\/\/impactocastex.com.ar\/#\/schema\/logo\/image\/","url":"https:\/\/impactocastex.com.ar\/wp-content\/uploads\/2025\/09\/cropped-icoweb.png","contentUrl":"https:\/\/impactocastex.com.ar\/wp-content\/uploads\/2025\/09\/cropped-icoweb.png","width":512,"height":512,"caption":"Impacto Castex"},"image":{"@id":"https:\/\/impactocastex.com.ar\/#\/schema\/logo\/image\/"},"sameAs":["https:\/\/www.facebook.com\/impactocastexdiario","https:\/\/www.instagram.com\/impactocastex.com.ar\/"]},{"@type":"Person","@id":"https:\/\/impactocastex.com.ar\/#\/schema\/person\/c115028fb60f9bf49ce7550894b84ea7","name":"impactocastex","image":{"@type":"ImageObject","inLanguage":"es","@id":"https:\/\/secure.gravatar.com\/avatar\/fee87e7af008f02e9becdc0b5a9fd4a2e79b3918a571edeacb62211704637833?s=96&d=mm&r=g","url":"https:\/\/secure.gravatar.com\/avatar\/fee87e7af008f02e9becdc0b5a9fd4a2e79b3918a571edeacb62211704637833?s=96&d=mm&r=g","contentUrl":"https:\/\/secure.gravatar.com\/avatar\/fee87e7af008f02e9becdc0b5a9fd4a2e79b3918a571edeacb62211704637833?s=96&d=mm&r=g","caption":"impactocastex"},"sameAs":["https:\/\/impactocastex.com.ar\/"],"url":"https:\/\/impactocastex.com.ar\/?author=2"}]}},"jetpack_publicize_connections":[],"featured_image_urls":{"full":["https:\/\/impactocastex.com.ar\/wp-content\/uploads\/2025\/11\/f1280x720-249993_381668_5050.jpg",1280,720,false],"thumbnail":["https:\/\/impactocastex.com.ar\/wp-content\/uploads\/2025\/11\/f1280x720-249993_381668_5050-150x150.jpg",150,150,true],"medium":["https:\/\/impactocastex.com.ar\/wp-content\/uploads\/2025\/11\/f1280x720-249993_381668_5050-300x169.jpg",300,169,true],"medium_large":["https:\/\/impactocastex.com.ar\/wp-content\/uploads\/2025\/11\/f1280x720-249993_381668_5050-768x432.jpg",640,360,true],"large":["https:\/\/impactocastex.com.ar\/wp-content\/uploads\/2025\/11\/f1280x720-249993_381668_5050-1024x576.jpg",640,360,true],"1536x1536":["https:\/\/impactocastex.com.ar\/wp-content\/uploads\/2025\/11\/f1280x720-249993_381668_5050.jpg",1280,720,false],"2048x2048":["https:\/\/impactocastex.com.ar\/wp-content\/uploads\/2025\/11\/f1280x720-249993_381668_5050.jpg",1280,720,false],"newsever-slider-full":["https:\/\/impactocastex.com.ar\/wp-content\/uploads\/2025\/11\/f1280x720-249993_381668_5050.jpg",1280,720,false],"newsever-featured":["https:\/\/impactocastex.com.ar\/wp-content\/uploads\/2025\/11\/f1280x720-249993_381668_5050-1024x576.jpg",1024,576,true],"newsever-medium":["https:\/\/impactocastex.com.ar\/wp-content\/uploads\/2025\/11\/f1280x720-249993_381668_5050-720x475.jpg",720,475,true]},"author_info":{"info":["impactocastex"]},"category_info":"<a href=\"https:\/\/impactocastex.com.ar\/?cat=85\" rel=\"category\">POLICIALES<\/a>","tag_info":"POLICIALES","comment_count":0,"jetpack_featured_media_url":"https:\/\/impactocastex.com.ar\/wp-content\/uploads\/2025\/11\/f1280x720-249993_381668_5050.jpg","jetpack_sharing_enabled":true,"jetpack_likes_enabled":true,"jetpack_shortlink":"https:\/\/wp.me\/p7sopA-Up","_links":{"self":[{"href":"https:\/\/impactocastex.com.ar\/index.php?rest_route=\/wp\/v2\/posts\/3497","targetHints":{"allow":["GET"]}}],"collection":[{"href":"https:\/\/impactocastex.com.ar\/index.php?rest_route=\/wp\/v2\/posts"}],"about":[{"href":"https:\/\/impactocastex.com.ar\/index.php?rest_route=\/wp\/v2\/types\/post"}],"author":[{"embeddable":true,"href":"https:\/\/impactocastex.com.ar\/index.php?rest_route=\/wp\/v2\/users\/2"}],"replies":[{"embeddable":true,"href":"https:\/\/impactocastex.com.ar\/index.php?rest_route=%2Fwp%2Fv2%2Fcomments&post=3497"}],"version-history":[{"count":1,"href":"https:\/\/impactocastex.com.ar\/index.php?rest_route=\/wp\/v2\/posts\/3497\/revisions"}],"predecessor-version":[{"id":3499,"href":"https:\/\/impactocastex.com.ar\/index.php?rest_route=\/wp\/v2\/posts\/3497\/revisions\/3499"}],"wp:featuredmedia":[{"embeddable":true,"href":"https:\/\/impactocastex.com.ar\/index.php?rest_route=\/wp\/v2\/media\/3498"}],"wp:attachment":[{"href":"https:\/\/impactocastex.com.ar\/index.php?rest_route=%2Fwp%2Fv2%2Fmedia&parent=3497"}],"wp:term":[{"taxonomy":"category","embeddable":true,"href":"https:\/\/impactocastex.com.ar\/index.php?rest_route=%2Fwp%2Fv2%2Fcategories&post=3497"},{"taxonomy":"post_tag","embeddable":true,"href":"https:\/\/impactocastex.com.ar\/index.php?rest_route=%2Fwp%2Fv2%2Ftags&post=3497"}],"curies":[{"name":"wp","href":"https:\/\/api.w.org\/{rel}","templated":true}]}}