{"id":3488,"date":"2025-11-18T10:33:30","date_gmt":"2025-11-18T13:33:30","guid":{"rendered":"https:\/\/impactocastex.com.ar\/?p=3488"},"modified":"2025-11-18T10:33:32","modified_gmt":"2025-11-18T13:33:32","slug":"se-conocieron-los-estremecedores-detalles-del-accidente-en-la-autopista-donde-murio-un-nene-de-11-anos","status":"publish","type":"post","link":"https:\/\/impactocastex.com.ar\/?p=3488","title":{"rendered":"Se conocieron los estremecedores detalles del accidente en la autopista donde muri\u00f3 un nene de 11 a\u00f1os"},"content":{"rendered":"\n<p>En medio de la investigaci\u00f3n por&nbsp;la muerte del nene de 11 a\u00f1os que fue atropellado&nbsp;en la autopista Buenos Aires-La Plata, se conocieron estremecedores detalles del caso:&nbsp;\u201cLos padres estaban trabajando\u201d,&nbsp;cont\u00f3 una vecina.<\/p>\n\n\n\n<p>El dram\u00e1tico accidente ocurri\u00f3 este s\u00e1bado al mediod\u00eda a la altura del kil\u00f3metro 18, en el partido bonaerense de Quilmes. Hasta el momento se logr\u00f3 establecer que el auto Volkswagen Up gris circulaba en sentido hacia La Plata cuando&nbsp;embisti\u00f3 al menor,&nbsp;que cruzaba la traza a la altura del barrio Villa El Monte.<\/p>\n\n\n\n<p>\u201cLos nenes cruzan para ir a meterse a la tosquera. Tienen todos entre 7 y 12 a\u00f1os, se escapan de la casa y van\u201d, explic\u00f3 una mujer al portal&nbsp;La Noticia de Quilmes.<\/p>\n\n\n\n<p>En el mismo sentido, la vecina lament\u00f3: \u201cMi prima vio c\u00f3mo qued\u00f3 el nene, pobre.&nbsp;Los dos padres estaban trabajando\u201d.<\/p>\n\n\n\n<p>Durante la tarde, familiares y allegados se manifestaron en la autopista e interrumpieron la circulaci\u00f3n en ambos sentidos, lo que provoc\u00f3 largas demoras durante varias horas.<\/p>\n\n\n\n<p>Por el lado del conductor del veh\u00edculo, se supo que se trata de un joven de 25 a\u00f1os, que sigui\u00f3 manejando luego del impacto. Sin embargo, el acusado fue interceptado poco despu\u00e9s por personal policial en la bajada de Bernal, sobre la calle Espora, cerca del kil\u00f3metro 17. En ese contexto,&nbsp;los efectivos trasladaron inmediatamente al sospechoso a la dependencia local.<\/p>\n\n\n\n<p>Al mismo tiempo, personal de AUBASA y agentes de tr\u00e1nsito trabajaron en la zona para ordenar el operativo y resguardar la escena.<\/p>\n\n\n\n<p>Reci\u00e9n cerca de 17 se habilitaron parcialmente los carriles, aunque el tr\u00e1nsito continuaba con demoras y se normaliz\u00f3 horas m\u00e1s tarde.<\/p>\n\n\n\n<p>El caso qued\u00f3 en manos de la Unidad Funcional de Instrucci\u00f3n N\u00b022 de Quilmes, que caratul\u00f3 la causa como&nbsp;\u201chomicidio culposo\u201d&nbsp;e inici\u00f3 las actuaciones judiciales. Se aguarda el resultado de las pericias para establecer las causas del tr\u00e1gico episodio.<\/p>\n\n\n\n<p>enbocadetodoshd<\/p>\n","protected":false},"excerpt":{"rendered":"<p>En medio de la investigaci\u00f3n por&nbsp;la muerte del nene de 11 a\u00f1os que fue atropellado&nbsp;en&#8230;<\/p>\n","protected":false},"author":2,"featured_media":3489,"comment_status":"closed","ping_status":"closed","sticky":false,"template":"","format":"standard","meta":{"_jetpack_memberships_contains_paid_content":false,"footnotes":"","jetpack_publicize_message":"Se conocieron los estremecedores detalles del accidente en la autopista donde muri\u00f3 un nene de 11 a\u00f1os","jetpack_publicize_feature_enabled":true,"jetpack_social_post_already_shared":false,"jetpack_social_options":{"image_generator_settings":{"template":"highway","default_image_id":0,"font":"","enabled":false},"version":2}},"categories":[85],"tags":[],"class_list":["post-3488","post","type-post","status-publish","format-standard","has-post-thumbnail","hentry","category-policiales"],"yoast_head":"<!-- This site is optimized with the Yoast SEO plugin v27.4 - https:\/\/yoast.com\/product\/yoast-seo-wordpress\/ -->\n<title>Se conocieron los estremecedores detalles del accidente en la autopista donde muri\u00f3 un nene de 11 a\u00f1os -<\/title>\n<meta name=\"robots\" content=\"index, follow, max-snippet:-1, max-image-preview:large, max-video-preview:-1\" \/>\n<link rel=\"canonical\" href=\"https:\/\/impactocastex.com.ar\/?p=3488\" \/>\n<meta property=\"og:locale\" content=\"es_ES\" \/>\n<meta property=\"og:type\" content=\"article\" \/>\n<meta property=\"og:title\" content=\"Se conocieron los estremecedores detalles del accidente en la autopista donde muri\u00f3 un nene de 11 a\u00f1os -\" \/>\n<meta property=\"og:description\" content=\"En medio de la investigaci\u00f3n por&nbsp;la muerte del nene de 11 a\u00f1os que fue atropellado&nbsp;en...\" \/>\n<meta property=\"og:url\" content=\"https:\/\/impactocastex.com.ar\/?p=3488\" \/>\n<meta property=\"article:publisher\" content=\"https:\/\/www.facebook.com\/impactocastexdiario\" \/>\n<meta property=\"article:published_time\" content=\"2025-11-18T13:33:30+00:00\" \/>\n<meta property=\"article:modified_time\" content=\"2025-11-18T13:33:32+00:00\" \/>\n<meta property=\"og:image\" content=\"https:\/\/impactocastex.com.ar\/wp-content\/uploads\/2025\/11\/f1280x720-249902_381577_5050.jpg\" \/>\n\t<meta property=\"og:image:width\" content=\"1280\" \/>\n\t<meta property=\"og:image:height\" content=\"720\" \/>\n\t<meta property=\"og:image:type\" content=\"image\/jpeg\" \/>\n<meta name=\"author\" content=\"impactocastex\" \/>\n<meta name=\"twitter:card\" content=\"summary_large_image\" \/>\n<meta name=\"twitter:label1\" content=\"Escrito por\" \/>\n\t<meta name=\"twitter:data1\" content=\"impactocastex\" \/>\n\t<meta name=\"twitter:label2\" content=\"Tiempo de lectura\" \/>\n\t<meta name=\"twitter:data2\" content=\"2 minutos\" \/>\n<script type=\"application\/ld+json\" class=\"yoast-schema-graph\">{\"@context\":\"https:\\\/\\\/schema.org\",\"@graph\":[{\"@type\":\"Article\",\"@id\":\"https:\\\/\\\/impactocastex.com.ar\\\/?p=3488#article\",\"isPartOf\":{\"@id\":\"https:\\\/\\\/impactocastex.com.ar\\\/?p=3488\"},\"author\":{\"name\":\"impactocastex\",\"@id\":\"https:\\\/\\\/impactocastex.com.ar\\\/#\\\/schema\\\/person\\\/c115028fb60f9bf49ce7550894b84ea7\"},\"headline\":\"Se conocieron los estremecedores detalles del accidente en la autopista donde muri\u00f3 un nene de 11 a\u00f1os\",\"datePublished\":\"2025-11-18T13:33:30+00:00\",\"dateModified\":\"2025-11-18T13:33:32+00:00\",\"mainEntityOfPage\":{\"@id\":\"https:\\\/\\\/impactocastex.com.ar\\\/?p=3488\"},\"wordCount\":353,\"publisher\":{\"@id\":\"https:\\\/\\\/impactocastex.com.ar\\\/#organization\"},\"image\":{\"@id\":\"https:\\\/\\\/impactocastex.com.ar\\\/?p=3488#primaryimage\"},\"thumbnailUrl\":\"https:\\\/\\\/impactocastex.com.ar\\\/wp-content\\\/uploads\\\/2025\\\/11\\\/f1280x720-249902_381577_5050.jpg\",\"articleSection\":[\"POLICIALES\"],\"inLanguage\":\"es\"},{\"@type\":\"WebPage\",\"@id\":\"https:\\\/\\\/impactocastex.com.ar\\\/?p=3488\",\"url\":\"https:\\\/\\\/impactocastex.com.ar\\\/?p=3488\",\"name\":\"Se conocieron los estremecedores detalles del accidente en la autopista donde muri\u00f3 un nene de 11 a\u00f1os -\",\"isPartOf\":{\"@id\":\"https:\\\/\\\/impactocastex.com.ar\\\/#website\"},\"primaryImageOfPage\":{\"@id\":\"https:\\\/\\\/impactocastex.com.ar\\\/?p=3488#primaryimage\"},\"image\":{\"@id\":\"https:\\\/\\\/impactocastex.com.ar\\\/?p=3488#primaryimage\"},\"thumbnailUrl\":\"https:\\\/\\\/impactocastex.com.ar\\\/wp-content\\\/uploads\\\/2025\\\/11\\\/f1280x720-249902_381577_5050.jpg\",\"datePublished\":\"2025-11-18T13:33:30+00:00\",\"dateModified\":\"2025-11-18T13:33:32+00:00\",\"breadcrumb\":{\"@id\":\"https:\\\/\\\/impactocastex.com.ar\\\/?p=3488#breadcrumb\"},\"inLanguage\":\"es\",\"potentialAction\":[{\"@type\":\"ReadAction\",\"target\":[\"https:\\\/\\\/impactocastex.com.ar\\\/?p=3488\"]}]},{\"@type\":\"ImageObject\",\"inLanguage\":\"es\",\"@id\":\"https:\\\/\\\/impactocastex.com.ar\\\/?p=3488#primaryimage\",\"url\":\"https:\\\/\\\/impactocastex.com.ar\\\/wp-content\\\/uploads\\\/2025\\\/11\\\/f1280x720-249902_381577_5050.jpg\",\"contentUrl\":\"https:\\\/\\\/impactocastex.com.ar\\\/wp-content\\\/uploads\\\/2025\\\/11\\\/f1280x720-249902_381577_5050.jpg\",\"width\":1280,\"height\":720},{\"@type\":\"BreadcrumbList\",\"@id\":\"https:\\\/\\\/impactocastex.com.ar\\\/?p=3488#breadcrumb\",\"itemListElement\":[{\"@type\":\"ListItem\",\"position\":1,\"name\":\"Portada\",\"item\":\"https:\\\/\\\/impactocastex.com.ar\\\/\"},{\"@type\":\"ListItem\",\"position\":2,\"name\":\"Se conocieron los estremecedores detalles del accidente en la autopista donde muri\u00f3 un nene de 11 a\u00f1os\"}]},{\"@type\":\"WebSite\",\"@id\":\"https:\\\/\\\/impactocastex.com.ar\\\/#website\",\"url\":\"https:\\\/\\\/impactocastex.com.ar\\\/\",\"name\":\"Impacto Castex\",\"description\":\"\",\"publisher\":{\"@id\":\"https:\\\/\\\/impactocastex.com.ar\\\/#organization\"},\"potentialAction\":[{\"@type\":\"SearchAction\",\"target\":{\"@type\":\"EntryPoint\",\"urlTemplate\":\"https:\\\/\\\/impactocastex.com.ar\\\/?s={search_term_string}\"},\"query-input\":{\"@type\":\"PropertyValueSpecification\",\"valueRequired\":true,\"valueName\":\"search_term_string\"}}],\"inLanguage\":\"es\"},{\"@type\":\"Organization\",\"@id\":\"https:\\\/\\\/impactocastex.com.ar\\\/#organization\",\"name\":\"Impacto Castex\",\"url\":\"https:\\\/\\\/impactocastex.com.ar\\\/\",\"logo\":{\"@type\":\"ImageObject\",\"inLanguage\":\"es\",\"@id\":\"https:\\\/\\\/impactocastex.com.ar\\\/#\\\/schema\\\/logo\\\/image\\\/\",\"url\":\"https:\\\/\\\/impactocastex.com.ar\\\/wp-content\\\/uploads\\\/2025\\\/09\\\/cropped-icoweb.png\",\"contentUrl\":\"https:\\\/\\\/impactocastex.com.ar\\\/wp-content\\\/uploads\\\/2025\\\/09\\\/cropped-icoweb.png\",\"width\":512,\"height\":512,\"caption\":\"Impacto Castex\"},\"image\":{\"@id\":\"https:\\\/\\\/impactocastex.com.ar\\\/#\\\/schema\\\/logo\\\/image\\\/\"},\"sameAs\":[\"https:\\\/\\\/www.facebook.com\\\/impactocastexdiario\",\"https:\\\/\\\/www.instagram.com\\\/impactocastex.com.ar\\\/\"]},{\"@type\":\"Person\",\"@id\":\"https:\\\/\\\/impactocastex.com.ar\\\/#\\\/schema\\\/person\\\/c115028fb60f9bf49ce7550894b84ea7\",\"name\":\"impactocastex\",\"image\":{\"@type\":\"ImageObject\",\"inLanguage\":\"es\",\"@id\":\"https:\\\/\\\/secure.gravatar.com\\\/avatar\\\/fee87e7af008f02e9becdc0b5a9fd4a2e79b3918a571edeacb62211704637833?s=96&d=mm&r=g\",\"url\":\"https:\\\/\\\/secure.gravatar.com\\\/avatar\\\/fee87e7af008f02e9becdc0b5a9fd4a2e79b3918a571edeacb62211704637833?s=96&d=mm&r=g\",\"contentUrl\":\"https:\\\/\\\/secure.gravatar.com\\\/avatar\\\/fee87e7af008f02e9becdc0b5a9fd4a2e79b3918a571edeacb62211704637833?s=96&d=mm&r=g\",\"caption\":\"impactocastex\"},\"sameAs\":[\"https:\\\/\\\/impactocastex.com.ar\\\/\"],\"url\":\"https:\\\/\\\/impactocastex.com.ar\\\/?author=2\"}]}<\/script>\n<!-- \/ Yoast SEO plugin. -->","yoast_head_json":{"title":"Se conocieron los estremecedores detalles del accidente en la autopista donde muri\u00f3 un nene de 11 a\u00f1os -","robots":{"index":"index","follow":"follow","max-snippet":"max-snippet:-1","max-image-preview":"max-image-preview:large","max-video-preview":"max-video-preview:-1"},"canonical":"https:\/\/impactocastex.com.ar\/?p=3488","og_locale":"es_ES","og_type":"article","og_title":"Se conocieron los estremecedores detalles del accidente en la autopista donde muri\u00f3 un nene de 11 a\u00f1os -","og_description":"En medio de la investigaci\u00f3n por&nbsp;la muerte del nene de 11 a\u00f1os que fue atropellado&nbsp;en...","og_url":"https:\/\/impactocastex.com.ar\/?p=3488","article_publisher":"https:\/\/www.facebook.com\/impactocastexdiario","article_published_time":"2025-11-18T13:33:30+00:00","article_modified_time":"2025-11-18T13:33:32+00:00","og_image":[{"width":1280,"height":720,"url":"https:\/\/impactocastex.com.ar\/wp-content\/uploads\/2025\/11\/f1280x720-249902_381577_5050.jpg","type":"image\/jpeg"}],"author":"impactocastex","twitter_card":"summary_large_image","twitter_misc":{"Escrito por":"impactocastex","Tiempo de lectura":"2 minutos"},"schema":{"@context":"https:\/\/schema.org","@graph":[{"@type":"Article","@id":"https:\/\/impactocastex.com.ar\/?p=3488#article","isPartOf":{"@id":"https:\/\/impactocastex.com.ar\/?p=3488"},"author":{"name":"impactocastex","@id":"https:\/\/impactocastex.com.ar\/#\/schema\/person\/c115028fb60f9bf49ce7550894b84ea7"},"headline":"Se conocieron los estremecedores detalles del accidente en la autopista donde muri\u00f3 un nene de 11 a\u00f1os","datePublished":"2025-11-18T13:33:30+00:00","dateModified":"2025-11-18T13:33:32+00:00","mainEntityOfPage":{"@id":"https:\/\/impactocastex.com.ar\/?p=3488"},"wordCount":353,"publisher":{"@id":"https:\/\/impactocastex.com.ar\/#organization"},"image":{"@id":"https:\/\/impactocastex.com.ar\/?p=3488#primaryimage"},"thumbnailUrl":"https:\/\/impactocastex.com.ar\/wp-content\/uploads\/2025\/11\/f1280x720-249902_381577_5050.jpg","articleSection":["POLICIALES"],"inLanguage":"es"},{"@type":"WebPage","@id":"https:\/\/impactocastex.com.ar\/?p=3488","url":"https:\/\/impactocastex.com.ar\/?p=3488","name":"Se conocieron los estremecedores detalles del accidente en la autopista donde muri\u00f3 un nene de 11 a\u00f1os -","isPartOf":{"@id":"https:\/\/impactocastex.com.ar\/#website"},"primaryImageOfPage":{"@id":"https:\/\/impactocastex.com.ar\/?p=3488#primaryimage"},"image":{"@id":"https:\/\/impactocastex.com.ar\/?p=3488#primaryimage"},"thumbnailUrl":"https:\/\/impactocastex.com.ar\/wp-content\/uploads\/2025\/11\/f1280x720-249902_381577_5050.jpg","datePublished":"2025-11-18T13:33:30+00:00","dateModified":"2025-11-18T13:33:32+00:00","breadcrumb":{"@id":"https:\/\/impactocastex.com.ar\/?p=3488#breadcrumb"},"inLanguage":"es","potentialAction":[{"@type":"ReadAction","target":["https:\/\/impactocastex.com.ar\/?p=3488"]}]},{"@type":"ImageObject","inLanguage":"es","@id":"https:\/\/impactocastex.com.ar\/?p=3488#primaryimage","url":"https:\/\/impactocastex.com.ar\/wp-content\/uploads\/2025\/11\/f1280x720-249902_381577_5050.jpg","contentUrl":"https:\/\/impactocastex.com.ar\/wp-content\/uploads\/2025\/11\/f1280x720-249902_381577_5050.jpg","width":1280,"height":720},{"@type":"BreadcrumbList","@id":"https:\/\/impactocastex.com.ar\/?p=3488#breadcrumb","itemListElement":[{"@type":"ListItem","position":1,"name":"Portada","item":"https:\/\/impactocastex.com.ar\/"},{"@type":"ListItem","position":2,"name":"Se conocieron los estremecedores detalles del accidente en la autopista donde muri\u00f3 un nene de 11 a\u00f1os"}]},{"@type":"WebSite","@id":"https:\/\/impactocastex.com.ar\/#website","url":"https:\/\/impactocastex.com.ar\/","name":"Impacto Castex","description":"","publisher":{"@id":"https:\/\/impactocastex.com.ar\/#organization"},"potentialAction":[{"@type":"SearchAction","target":{"@type":"EntryPoint","urlTemplate":"https:\/\/impactocastex.com.ar\/?s={search_term_string}"},"query-input":{"@type":"PropertyValueSpecification","valueRequired":true,"valueName":"search_term_string"}}],"inLanguage":"es"},{"@type":"Organization","@id":"https:\/\/impactocastex.com.ar\/#organization","name":"Impacto Castex","url":"https:\/\/impactocastex.com.ar\/","logo":{"@type":"ImageObject","inLanguage":"es","@id":"https:\/\/impactocastex.com.ar\/#\/schema\/logo\/image\/","url":"https:\/\/impactocastex.com.ar\/wp-content\/uploads\/2025\/09\/cropped-icoweb.png","contentUrl":"https:\/\/impactocastex.com.ar\/wp-content\/uploads\/2025\/09\/cropped-icoweb.png","width":512,"height":512,"caption":"Impacto Castex"},"image":{"@id":"https:\/\/impactocastex.com.ar\/#\/schema\/logo\/image\/"},"sameAs":["https:\/\/www.facebook.com\/impactocastexdiario","https:\/\/www.instagram.com\/impactocastex.com.ar\/"]},{"@type":"Person","@id":"https:\/\/impactocastex.com.ar\/#\/schema\/person\/c115028fb60f9bf49ce7550894b84ea7","name":"impactocastex","image":{"@type":"ImageObject","inLanguage":"es","@id":"https:\/\/secure.gravatar.com\/avatar\/fee87e7af008f02e9becdc0b5a9fd4a2e79b3918a571edeacb62211704637833?s=96&d=mm&r=g","url":"https:\/\/secure.gravatar.com\/avatar\/fee87e7af008f02e9becdc0b5a9fd4a2e79b3918a571edeacb62211704637833?s=96&d=mm&r=g","contentUrl":"https:\/\/secure.gravatar.com\/avatar\/fee87e7af008f02e9becdc0b5a9fd4a2e79b3918a571edeacb62211704637833?s=96&d=mm&r=g","caption":"impactocastex"},"sameAs":["https:\/\/impactocastex.com.ar\/"],"url":"https:\/\/impactocastex.com.ar\/?author=2"}]}},"jetpack_publicize_connections":[],"featured_image_urls":{"full":["https:\/\/impactocastex.com.ar\/wp-content\/uploads\/2025\/11\/f1280x720-249902_381577_5050.jpg",1280,720,false],"thumbnail":["https:\/\/impactocastex.com.ar\/wp-content\/uploads\/2025\/11\/f1280x720-249902_381577_5050-150x150.jpg",150,150,true],"medium":["https:\/\/impactocastex.com.ar\/wp-content\/uploads\/2025\/11\/f1280x720-249902_381577_5050-300x169.jpg",300,169,true],"medium_large":["https:\/\/impactocastex.com.ar\/wp-content\/uploads\/2025\/11\/f1280x720-249902_381577_5050-768x432.jpg",640,360,true],"large":["https:\/\/impactocastex.com.ar\/wp-content\/uploads\/2025\/11\/f1280x720-249902_381577_5050-1024x576.jpg",640,360,true],"1536x1536":["https:\/\/impactocastex.com.ar\/wp-content\/uploads\/2025\/11\/f1280x720-249902_381577_5050.jpg",1280,720,false],"2048x2048":["https:\/\/impactocastex.com.ar\/wp-content\/uploads\/2025\/11\/f1280x720-249902_381577_5050.jpg",1280,720,false],"newsever-slider-full":["https:\/\/impactocastex.com.ar\/wp-content\/uploads\/2025\/11\/f1280x720-249902_381577_5050.jpg",1280,720,false],"newsever-featured":["https:\/\/impactocastex.com.ar\/wp-content\/uploads\/2025\/11\/f1280x720-249902_381577_5050-1024x576.jpg",1024,576,true],"newsever-medium":["https:\/\/impactocastex.com.ar\/wp-content\/uploads\/2025\/11\/f1280x720-249902_381577_5050-720x475.jpg",720,475,true]},"author_info":{"info":["impactocastex"]},"category_info":"<a href=\"https:\/\/impactocastex.com.ar\/?cat=85\" rel=\"category\">POLICIALES<\/a>","tag_info":"POLICIALES","comment_count":0,"jetpack_featured_media_url":"https:\/\/impactocastex.com.ar\/wp-content\/uploads\/2025\/11\/f1280x720-249902_381577_5050.jpg","jetpack_sharing_enabled":true,"jetpack_likes_enabled":true,"jetpack_shortlink":"https:\/\/wp.me\/p7sopA-Ug","_links":{"self":[{"href":"https:\/\/impactocastex.com.ar\/index.php?rest_route=\/wp\/v2\/posts\/3488","targetHints":{"allow":["GET"]}}],"collection":[{"href":"https:\/\/impactocastex.com.ar\/index.php?rest_route=\/wp\/v2\/posts"}],"about":[{"href":"https:\/\/impactocastex.com.ar\/index.php?rest_route=\/wp\/v2\/types\/post"}],"author":[{"embeddable":true,"href":"https:\/\/impactocastex.com.ar\/index.php?rest_route=\/wp\/v2\/users\/2"}],"replies":[{"embeddable":true,"href":"https:\/\/impactocastex.com.ar\/index.php?rest_route=%2Fwp%2Fv2%2Fcomments&post=3488"}],"version-history":[{"count":1,"href":"https:\/\/impactocastex.com.ar\/index.php?rest_route=\/wp\/v2\/posts\/3488\/revisions"}],"predecessor-version":[{"id":3490,"href":"https:\/\/impactocastex.com.ar\/index.php?rest_route=\/wp\/v2\/posts\/3488\/revisions\/3490"}],"wp:featuredmedia":[{"embeddable":true,"href":"https:\/\/impactocastex.com.ar\/index.php?rest_route=\/wp\/v2\/media\/3489"}],"wp:attachment":[{"href":"https:\/\/impactocastex.com.ar\/index.php?rest_route=%2Fwp%2Fv2%2Fmedia&parent=3488"}],"wp:term":[{"taxonomy":"category","embeddable":true,"href":"https:\/\/impactocastex.com.ar\/index.php?rest_route=%2Fwp%2Fv2%2Fcategories&post=3488"},{"taxonomy":"post_tag","embeddable":true,"href":"https:\/\/impactocastex.com.ar\/index.php?rest_route=%2Fwp%2Fv2%2Ftags&post=3488"}],"curies":[{"name":"wp","href":"https:\/\/api.w.org\/{rel}","templated":true}]}}