{"id":3452,"date":"2025-11-18T03:42:35","date_gmt":"2025-11-18T06:42:35","guid":{"rendered":"https:\/\/impactocastex.com.ar\/?p=3452"},"modified":"2025-11-18T03:42:35","modified_gmt":"2025-11-18T06:42:35","slug":"un-bochorno-barracas-central-se-clasifico-con-dos-penales-insolitos-ante-huracan","status":"publish","type":"post","link":"https:\/\/impactocastex.com.ar\/?p=3452","title":{"rendered":"Un bochorno: Barracas Central se clasific\u00f3 con dos penales ins\u00f3litos ante Hurac\u00e1n"},"content":{"rendered":"<p><b>Barracas Central y Hurac\u00e1n<\/b> <b>empataron 1-1<\/b> por la 16\u00b0 fecha del torneo Clausura. El resultado elimin\u00f3 al Globo de los playoffs para buscar el t\u00edtulo y el equipo de la familia Tapia se cruzar\u00e1 en octavos de final con Deportivo Riestra, como visitante, en el estadio Guillermo Laza. <b>Uno de los protagonistas de la tarde fue Andr\u00e9s Gariano, el \u00e1rbitro del encuentro, secundado por Jos\u00e9 Carreras, que estuvo a cargo del VAR<\/b>. Entre los principales fallos del \u00e1rbitro estuvieron los dos penales (mal) sancionados al Guapo -uno de ellos atajado por el arquero Meza ante Iv\u00e1n Tapia, el hijo del presidente de la AFA-. Despu\u00e9s tambi\u00e9n hab\u00eda expulsado mal a un futbolista de Hurac\u00e1n y debi\u00f3 sacarle tarjeta roja a otro que apenas lo amonest\u00f3.<\/p>\n<blockquote class=\"twitter-tweet\">\n<p lang=\"es\" dir=\"ltr\">\u00abVAMOS A HABLAR Y TE VOY A ROMPER TODO.\u00bb Impresionante discusi\u00f3n entre Gariano, \u00e1rbitro del partido entre Barracas Central y Hurac\u00e1n, y Kudelka, DT del Globo.<\/p>\n<p>\ud83d\udcfa ESPN Premium | Suscribite al Pack F\u00fatbol en <a href=\"https:\/\/t.co\/7jYILYACXi\">https:\/\/t.co\/7jYILYACXi<\/a> <a href=\"https:\/\/t.co\/NZaZvLus2r\">pic.twitter.com\/NZaZvLus2r<\/a><\/p>\n<p>\u2014 SportsCenter (@SC_ESPN) <a href=\"https:\/\/twitter.com\/SC_ESPN\/status\/1990544667813757013?ref_src=twsrc%5Etfw\">November 17, 2025<\/a><\/p><\/blockquote>\n<p><b>Barracas Central por ahora est\u00e1 afuera de la Copa Sudamericana, pero puede acceder si<\/b>: Lan\u00fas el s\u00e1bado es campe\u00f3n (disputa la final ante Atl\u00e9tico Mineiro, de Brasil, en Paraguay), o si Rosario Central, Boca o Argentinos son campeones del torneo Clausura. Si llega a ganar el certamen dom\u00e9stico, ir\u00e1 a la Copa Libertadores. <\/p>\n<p>El Guapo hab\u00eda llegado a este partido con bajas: Kevin Jappert padece un desgarro del recto anterior en el muslo derecho; Gonzalo Toro Morales un esguince del ligamento lateral interno de la rodilla izquierda y Tom\u00e1s Lavezzi, un desgarro del aductor en la pierna derecha. <b>Hurac\u00e1n<\/b> no pudo repetir la campa\u00f1a del torneo Apertura, en donde fue subcampe\u00f3n luego de perder la final con Platense, pero hab\u00eda llegado a esta \u00faltima jornada con la posibilidad de clasificarse entre los mejores ocho equipos de la Zona A. <b>Con la igualdad, se qued\u00f3 afuera de todo.<\/b><\/p>\n<p>El planteo de <b>Rub\u00e9n Insua<\/b> fue el habitual: con el esquema <b>5-2-3<\/b>, con Mi\u00f1o; Rafael Barrios, Capraro, Tobio, Demartini e Rodrigo Insua; Miloc y Tapia; Barrios, Bruera y Ruiz.<\/p>\n<p><img loading=\"lazy\" decoding=\"async\" src=\"https:\/\/resizer.glanacion.com\/resizer\/v2\/W3W6KXVH55EBRG5MP7CKLHCTMQ.JPG?auth=55a20b97d9fc002e909b4e98bce557afae850ec2935f5a17981ce03a1c251f9e&amp;smart=true&amp;width=5943&amp;height=3954\" alt=\"Juan Bisanz, de Hurac\u00e1n, marca a Nicol\u00e1s Demartini\" height=\"3954\" width=\"5943\" \/><\/p>\n<p><b>Hurac\u00e1n lleg\u00f3 a este partido cuestionado por sus hinchas<\/b> por el rendimiento y los resultados: esperaban mucho m\u00e1s. Frank Kudelka eligi\u00f3 a los futbolistas con mejor actualidad y el mayor peso del tr\u00e1mite trat\u00f3 de asumirlo <b>Matko Miljevic,<\/b> el volante ofensivo intermitente pero que se mantiene como el m\u00e1s desequilibrante en la ofensiva. Con un esquema<b> 4-2-3-1,<\/b> Hurac\u00e1n sali\u00f3 a jugar con Meza; Guidara, Pereyra, Nehu\u00e9n Paz y C\u00e9sar Ib\u00e1\u00f1ez; Facundo Waller y Emmanuel Ojeda; Eric Ram\u00edrez, Miljevic y Bisanz; Luciano Gim\u00e9nez.<\/p>\n<p>La primera chance clara del partido fue para el Globo. A los 11 minutos, un centro de Bisanz desde la izquierda al segundo palo termin\u00f3 con la arremetida de Eric Ram\u00edrez y la salvada del arquero Mi\u00f1o. Otra aproximaci\u00f3n la gener\u00f3 Miljevic, con un remate desde afuera del \u00e1rea que se fue desviado.<\/p>\n<p>A los 19 minutos<b> fue bien amonestado Miljevic<\/b> por un braceo en la cara al lateral Barrios. En su af\u00e1n por recuperar la pelota, el 10 termin\u00f3 golpeando a su adversario. <\/p>\n<h1>El gol de Ojeda<\/h1>\n\n<p>Quebr\u00f3 el marcador a los 28 <b>Emmanuel Ojeda<\/b> con un derechazo que venci\u00f3 la resistencia de Mi\u00f1o: todo naci\u00f3 con un anticipo ofensivo muy bueno de Guidara y un buscapi\u00e9 que meti\u00f3 el lateral desde la derecha; hubo un tenue rechazo defensivo y el mediocampista central fue oportuno y eficaz. <\/p>\n<p>Lo de Barracas Central ofensivamente era muy pobre, le costaba mucho generar peligro cerca del \u00e1rea de Meza, Apenas intent\u00f3 con una proyecci\u00f3n del carrilero izquierdo Insua que ni siquiera termin\u00f3 en situaci\u00f3n de riesgo: el centro cruzado se fue desviado sin que nadie llegue a atacarlo.<\/p>\n<blockquote class=\"twitter-tweet\">\n<p lang=\"es\" dir=\"ltr\">\u00bfERA ROJA PARA EL PERRITO? La Perla Ram\u00edrez le cometi\u00f3 infracci\u00f3n a Barrios, quien reaccion\u00f3 con un manotazo.<\/p>\n<p>\ud83d\udcfa ESPN Premium | Suscribite al Pack F\u00fatbol en <a href=\"https:\/\/t.co\/7jYILYACXi\">https:\/\/t.co\/7jYILYACXi<\/a> <a href=\"https:\/\/t.co\/zP7hX196uY\">pic.twitter.com\/zP7hX196uY<\/a><\/p>\n<p>\u2014 SportsCenter (@SC_ESPN) <a href=\"https:\/\/twitter.com\/SC_ESPN\/status\/1990521473056862423?ref_src=twsrc%5Etfw\">November 17, 2025<\/a><\/p><\/blockquote>\n<p>A los 40,<b> la primera pol\u00e9mica: el Perrito Barrios pudo ser expulsado en Barracas Central <\/b>por un manotazo en la cara a Eric Ram\u00edrez, luego de un forcejeo mutuo para ganar el bal\u00f3n en una acci\u00f3n dividida. En la acci\u00f3n tambi\u00e9n vio la amarilla el delantero de Hurac\u00e1n. Si bien hubo reclamos desde el banco de Kudelka, para el \u201cVAR\u201d de LA NACION pareci\u00f3 que la amarilla estuvo correctamente sacada por Gariano. Enseguida vio otra amonestaci\u00f3n un futbolista local: Bruera lo baj\u00f3 de atr\u00e1s a Waller.<\/p>\n<p>Y en tiempo adicionado, la \u00bfsorpresa? El VAR, a cargo de Jos\u00e9 Carreras, convoc\u00f3 al \u00e1rbitro Gariano para que observe en el monitor<b> una mano de Paz <\/b>tras un centro. El defensor del Globo no ampli\u00f3 volumen, incluso el bal\u00f3n primero le da en la panza y luego en la mano, que la tiene cerca del cuerpo. Pero el juez principal dijo en altavoz: \u201cSe ve mano del 30. <b>Decisi\u00f3n penal, \u00bfestamos?\u201d. <\/b><\/p>\n<blockquote class=\"twitter-tweet\">\n<p lang=\"es\" dir=\"ltr\">\u00a1PENAL PARA BARRACAS CENTRAL ANTE HURAC\u00c1N! \u00bfQU\u00c9 TE PARECI\u00d3?<\/p>\n<p>\ud83d\udcfa ESPN Premium | Suscribite al Pack F\u00fatbol en <a href=\"https:\/\/t.co\/7jYILYACXi\">https:\/\/t.co\/7jYILYACXi<\/a> <a href=\"https:\/\/t.co\/wsbDxzDetA\">pic.twitter.com\/wsbDxzDetA<\/a><\/p>\n<p>\u2014 SportsCenter (@SC_ESPN) <a href=\"https:\/\/twitter.com\/SC_ESPN\/status\/1990524036607058025?ref_src=twsrc%5Etfw\">November 17, 2025<\/a><\/p><\/blockquote>\n<p><b>Luego lleg\u00f3 la \u00bfJusticia divina? Porque el arquero Sebasti\u00e1n Meza se luci\u00f3 desvi\u00e1ndole el remate a Iv\u00e1n Tapia<\/b>, el hijo del presidente de la AFA. La cara de Kudelka, DT del Globo, cuando el \u00e1rbitro notificaba la sanci\u00f3n del penal fue con una sonrisa ir\u00f3nica, mientras se derrumbaba en una de las sillas del banco de suplentes. Otro dato a tener en cuenta: entre las revisiones y las demoras, el penal de Barracas se ejecut\u00f3 a los&#8230; 55 minutos del primer tiempo.<\/p>\n<blockquote class=\"twitter-tweet\">\n<p lang=\"es\" dir=\"ltr\">\u00a1EL MONO MEZA LE TAP\u00d3 EL PENAL A TAPIA!<\/p>\n<p>\ud83d\udcfa ESPN Premium | Suscribite al Pack F\u00fatbol en <a href=\"https:\/\/t.co\/7jYILYACXi\">https:\/\/t.co\/7jYILYACXi<\/a> <a href=\"https:\/\/t.co\/1JCiWimUte\">pic.twitter.com\/1JCiWimUte<\/a><\/p>\n<p>\u2014 SportsCenter (@SC_ESPN) <a href=\"https:\/\/twitter.com\/SC_ESPN\/status\/1990524871416103190?ref_src=twsrc%5Etfw\">November 17, 2025<\/a><\/p><\/blockquote>\n<p>El DT Insua dispuso dos cambios para la segunda etapa: Tom\u00e1s Porra y Jonathan Candia reemplazaron a Dardo Miloc y el Perrito Barrios. Enseguida, <b>el arquero Meza volvi\u00f3 a ser figura al sacarle un cabezazo a quemarropa a Candia<\/b>, luego de un centro desde la derecha del lateral Barrios. <\/p>\n<p>A los 4 minutos, <b>Tapia debi\u00f3 ser amonestado <\/b>por jugada peligrosa, un <i>puntinazo<\/i> en la cara de Waller, pero Gariano s\u00f3lo cobr\u00f3 la infracci\u00f3n en la puerta del \u00e1rea de Barracas Central. El entrenador Insua reemplaz\u00f3 a los 15 al hijo de Claudio Tapia.<\/p>\n<blockquote class=\"twitter-tweet\">\n<p lang=\"es\" dir=\"ltr\">ES LA FIGURA POR EL MOMENTO: tapad\u00f3n de Meza para evitar el empate de Barracas Central vs. Hurac\u00e1n.<\/p>\n<p>\ud83d\udcfa ESPN Premium | Suscribite al Pack F\u00fatbol en <a href=\"https:\/\/t.co\/7jYILYACXi\">https:\/\/t.co\/7jYILYACXi<\/a> <a href=\"https:\/\/t.co\/cejPJEgDi5\">pic.twitter.com\/cejPJEgDi5<\/a><\/p>\n<p>\u2014 SportsCenter (@SC_ESPN) <a href=\"https:\/\/twitter.com\/SC_ESPN\/status\/1990529940010217609?ref_src=twsrc%5Etfw\">November 17, 2025<\/a><\/p><\/blockquote>\n<p><b>Barracas Central tuvo otra chance clar\u00edsima <\/b>para igualar el cotejo: tras un desborde de Ruiz por la izquierda y un centro atr\u00e1s, el delantero uruguayo Candia remat\u00f3 apenas desviado del segundo palo. <\/p>\n<h1>Otra vez el VAR<\/h1>\n<p>A los 27 minutos, otro estallido del banco de Hurac\u00e1n porque el VAR llam\u00f3 de nuevo a Gariano. \u00bfQu\u00e9 le marcaron? Una mano de Waller tras un pivoteo de Bruera: y el juez principal volvi\u00f3 a cobrar penal. El futbolista de Hurac\u00e1n encogi\u00f3 el brazo, no tuvo intenci\u00f3n en interferir en la jugada con la mano. No se debi\u00f3 cobrar la pena m\u00e1xima. Pero el \u00e1rbitro vio otra cosa. Esta vez lo pate\u00f3 <b>Rodrigo Insua: fuerte y al medio: gol. Y encima el \u00e1rbitro debi\u00f3 expulsar a Insua por un topetazo a Guidara, luego de festejar el 1-1. <\/b>El lateral solo recibi\u00f3 amarilla. <\/p>\n<blockquote class=\"twitter-tweet\">\n<p lang=\"es\" dir=\"ltr\">ATENCI\u00d3N A ESTA REPE: \u00bfTE PARECI\u00d3 PENAL PARA BARRACAS CENTRAL ANTE HURAC\u00c1N? Gariano lo cobr\u00f3 e Ins\u00faa lo cambi\u00f3 por gol para el 1-1.<\/p>\n<p>\ud83d\udcfa ESPN Premium | Suscribite al Pack F\u00fatbol en <a href=\"https:\/\/t.co\/7jYILYACXi\">https:\/\/t.co\/7jYILYACXi<\/a> <a href=\"https:\/\/t.co\/3iRjO7xaV3\">pic.twitter.com\/3iRjO7xaV3<\/a><\/p>\n<p>\u2014 SportsCenter (@SC_ESPN) <a href=\"https:\/\/twitter.com\/SC_ESPN\/status\/1990537867278397576?ref_src=twsrc%5Etfw\">November 17, 2025<\/a><\/p><\/blockquote>\n<p>A los 42 minutos empez\u00f3 a caldearse el clima en los bancos de suplentes, con discusiones entre los futbolistas reemplazados del Globo y Carlos Orsi, el ayudante de campo de Insua en Barracas. Acto seguido, <b>Gariano expuls\u00f3 con roja directa a Guidara<\/b> por una falta fuerte a Porras, pero ah\u00ed fue nuevamente llamado por el VAR para que vea la acci\u00f3n que apenas hab\u00eda sido de tarjeta amarilla. \u201cRetiro tarjeta roja, es amarilla\u201d, explic\u00f3 el \u00e1rbitro tras ver la acci\u00f3n en el monitor. <\/p>\n<p><b>La que s\u00ed era para expulsi\u00f3n fue la patada que Leandro Lescano le dio a Ignacio Tapia<\/b>. Gariano s\u00f3lo amonest\u00f3 al futbolista de Hurac\u00e1n, cuando era para roja directa: se disputaban cinco de los nueve minutos que hab\u00eda adicionado el juez. Otro error del equipo arbitral.<\/p>\n<blockquote class=\"twitter-tweet\">\n<p lang=\"es\" dir=\"ltr\">\u00ab\u00bfC\u00d3MO HAC\u00c9S PARA DORMIR TRANQUILO, ANDR\u00c9S?\u00bb Mucha bronca de los jugadores de Hurac\u00e1n con Andr\u00e9s Gariano, el \u00e1rbitro del partido ante Barracas Central.<\/p>\n<p>\ud83d\udcfa ESPN Premium | Suscribite al Pack F\u00fatbol en <a href=\"https:\/\/t.co\/7jYILYACXi\">https:\/\/t.co\/7jYILYACXi<\/a> <a href=\"https:\/\/t.co\/txTHetQBJY\">pic.twitter.com\/txTHetQBJY<\/a><\/p>\n<p>\u2014 SportsCenter (@SC_ESPN) <a href=\"https:\/\/twitter.com\/SC_ESPN\/status\/1990544152832913768?ref_src=twsrc%5Etfw\">November 17, 2025<\/a><\/p><\/blockquote>\n<p>Leonardo Sequeira, que hab\u00eda ingresado por Bisanz, tuvo la victoria para el Globo con un derechazo que desvi\u00f3 Mi\u00f1o en el mano a mano y, en la siguiente jugada, se lo perdi\u00f3 Ruiz, con un derechazo desde afuera del \u00e1rea que se fue muy cerca del palo izquierdo de Meza. <\/p>\n<p><b>La figura de la tarde, de los 22 jugadores, fue el arquero Meza.<\/b> En el \u00faltimo minuto, cuando estaba por definir Tobio tras un tiro libre frontal, achic\u00f3 de manera notable para anticipar el rechazo.<\/p>\n<h1>Lo mejor del partido<\/h1>\n<p>Luego del final del encuentro (Gariano lo finaliz\u00f3 en un ataque de Hurac\u00e1n)<b> el juez principal expuls\u00f3 a Paz por protestar.<\/b> \u201cAndr\u00e9s, decime la verdad: \u00bfC\u00f3mo hac\u00e9s para dormir tranquilo? Es el laburo nuestro, el trabajo de toda la semana\u00bb, se escuch\u00f3 que le dijo un futbolista del Globo <b>en un final caliente<\/b>, lleno de pol\u00e9micas y protestas. Gariano luego se cruz\u00f3 con Kudelka, al que tambi\u00e9n inform\u00f3 (expuls\u00f3). \u201cTe met\u00e9s con mi familia\u201d, le recrimin\u00f3 el DT y el \u00e1rbitro le dijo al entrenador del Globo cuando todav\u00eda estaban en el campo de juego: <b>\u201cVamos a hablar y te voy a romper todo\u201d<\/b>. Otra postal (una m\u00e1s) de un lamentable f\u00fatbol argentino.<\/p>\n\n<p>\u200bEmpataron 1-1 en el estadio Claudio Tapia, por la 16\u00b0 fecha del Clausura: final escandaloso, con la expulsi\u00f3n Paz y el fuerte cruce entre Gariano y Kudelka\u00a0\u00a0<\/p>","protected":false},"excerpt":{"rendered":"<p>Barracas Central y Hurac\u00e1n empataron 1-1 por la 16\u00b0 fecha del torneo Clausura. El resultado&#8230;<\/p>\n","protected":false},"author":1,"featured_media":3453,"comment_status":"closed","ping_status":"closed","sticky":false,"template":"","format":"standard","meta":{"_jetpack_memberships_contains_paid_content":false,"footnotes":"","jetpack_publicize_message":"","jetpack_publicize_feature_enabled":true,"jetpack_social_post_already_shared":true,"jetpack_social_options":{"image_generator_settings":{"template":"highway","default_image_id":0,"font":"","enabled":false},"version":2}},"categories":[89],"tags":[],"class_list":["post-3452","post","type-post","status-publish","format-standard","has-post-thumbnail","hentry","category-nacionales"],"yoast_head":"<!-- This site is optimized with the Yoast SEO plugin v27.4 - https:\/\/yoast.com\/product\/yoast-seo-wordpress\/ -->\n<title>Un bochorno: Barracas Central se clasific\u00f3 con dos penales ins\u00f3litos ante Hurac\u00e1n -<\/title>\n<meta name=\"robots\" content=\"index, follow, max-snippet:-1, max-image-preview:large, max-video-preview:-1\" \/>\n<link rel=\"canonical\" href=\"https:\/\/impactocastex.com.ar\/?p=3452\" \/>\n<meta property=\"og:locale\" content=\"es_ES\" \/>\n<meta property=\"og:type\" content=\"article\" \/>\n<meta property=\"og:title\" content=\"Un bochorno: Barracas Central se clasific\u00f3 con dos penales ins\u00f3litos ante Hurac\u00e1n -\" \/>\n<meta property=\"og:description\" content=\"Barracas Central y Hurac\u00e1n empataron 1-1 por la 16\u00b0 fecha del torneo Clausura. El resultado...\" \/>\n<meta property=\"og:url\" content=\"https:\/\/impactocastex.com.ar\/?p=3452\" \/>\n<meta property=\"article:publisher\" content=\"https:\/\/www.facebook.com\/impactocastexdiario\" \/>\n<meta property=\"article:published_time\" content=\"2025-11-18T06:42:35+00:00\" \/>\n<meta property=\"og:image\" content=\"https:\/\/resizer.glanacion.com\/resizer\/v2\/W3W6KXVH55EBRG5MP7CKLHCTMQ.JPG?auth=55a20b97d9fc002e909b4e98bce557afae850ec2935f5a17981ce03a1c251f9e&amp;smart=true&amp;width=5943&amp;height=3954\" \/>\n<meta name=\"author\" content=\"impactocastex\" \/>\n<meta name=\"twitter:card\" content=\"summary_large_image\" \/>\n<meta name=\"twitter:label1\" content=\"Escrito por\" \/>\n\t<meta name=\"twitter:data1\" content=\"impactocastex\" \/>\n\t<meta name=\"twitter:label2\" content=\"Tiempo de lectura\" \/>\n\t<meta name=\"twitter:data2\" content=\"9 minutos\" \/>\n<script type=\"application\/ld+json\" class=\"yoast-schema-graph\">{\"@context\":\"https:\\\/\\\/schema.org\",\"@graph\":[{\"@type\":\"Article\",\"@id\":\"https:\\\/\\\/impactocastex.com.ar\\\/?p=3452#article\",\"isPartOf\":{\"@id\":\"https:\\\/\\\/impactocastex.com.ar\\\/?p=3452\"},\"author\":{\"name\":\"impactocastex\",\"@id\":\"https:\\\/\\\/impactocastex.com.ar\\\/#\\\/schema\\\/person\\\/86cb4f827fb5f87869a239b98a69c6e3\"},\"headline\":\"Un bochorno: Barracas Central se clasific\u00f3 con dos penales ins\u00f3litos ante Hurac\u00e1n\",\"datePublished\":\"2025-11-18T06:42:35+00:00\",\"mainEntityOfPage\":{\"@id\":\"https:\\\/\\\/impactocastex.com.ar\\\/?p=3452\"},\"wordCount\":1770,\"publisher\":{\"@id\":\"https:\\\/\\\/impactocastex.com.ar\\\/#organization\"},\"image\":{\"@id\":\"https:\\\/\\\/impactocastex.com.ar\\\/?p=3452#primaryimage\"},\"thumbnailUrl\":\"https:\\\/\\\/impactocastex.com.ar\\\/wp-content\\\/uploads\\\/2025\\\/11\\\/C7EOTDXN5RBXHCXKBGY5XRHC7A-qMtDwR.jpg\",\"articleSection\":[\"NACIONALES\"],\"inLanguage\":\"es\"},{\"@type\":\"WebPage\",\"@id\":\"https:\\\/\\\/impactocastex.com.ar\\\/?p=3452\",\"url\":\"https:\\\/\\\/impactocastex.com.ar\\\/?p=3452\",\"name\":\"Un bochorno: Barracas Central se clasific\u00f3 con dos penales ins\u00f3litos ante Hurac\u00e1n -\",\"isPartOf\":{\"@id\":\"https:\\\/\\\/impactocastex.com.ar\\\/#website\"},\"primaryImageOfPage\":{\"@id\":\"https:\\\/\\\/impactocastex.com.ar\\\/?p=3452#primaryimage\"},\"image\":{\"@id\":\"https:\\\/\\\/impactocastex.com.ar\\\/?p=3452#primaryimage\"},\"thumbnailUrl\":\"https:\\\/\\\/impactocastex.com.ar\\\/wp-content\\\/uploads\\\/2025\\\/11\\\/C7EOTDXN5RBXHCXKBGY5XRHC7A-qMtDwR.jpg\",\"datePublished\":\"2025-11-18T06:42:35+00:00\",\"breadcrumb\":{\"@id\":\"https:\\\/\\\/impactocastex.com.ar\\\/?p=3452#breadcrumb\"},\"inLanguage\":\"es\",\"potentialAction\":[{\"@type\":\"ReadAction\",\"target\":[\"https:\\\/\\\/impactocastex.com.ar\\\/?p=3452\"]}]},{\"@type\":\"ImageObject\",\"inLanguage\":\"es\",\"@id\":\"https:\\\/\\\/impactocastex.com.ar\\\/?p=3452#primaryimage\",\"url\":\"https:\\\/\\\/impactocastex.com.ar\\\/wp-content\\\/uploads\\\/2025\\\/11\\\/C7EOTDXN5RBXHCXKBGY5XRHC7A-qMtDwR.jpg\",\"contentUrl\":\"https:\\\/\\\/impactocastex.com.ar\\\/wp-content\\\/uploads\\\/2025\\\/11\\\/C7EOTDXN5RBXHCXKBGY5XRHC7A-qMtDwR.jpg\",\"width\":1143,\"height\":739},{\"@type\":\"BreadcrumbList\",\"@id\":\"https:\\\/\\\/impactocastex.com.ar\\\/?p=3452#breadcrumb\",\"itemListElement\":[{\"@type\":\"ListItem\",\"position\":1,\"name\":\"Portada\",\"item\":\"https:\\\/\\\/impactocastex.com.ar\\\/\"},{\"@type\":\"ListItem\",\"position\":2,\"name\":\"Un bochorno: Barracas Central se clasific\u00f3 con dos penales ins\u00f3litos ante Hurac\u00e1n\"}]},{\"@type\":\"WebSite\",\"@id\":\"https:\\\/\\\/impactocastex.com.ar\\\/#website\",\"url\":\"https:\\\/\\\/impactocastex.com.ar\\\/\",\"name\":\"Impacto Castex\",\"description\":\"\",\"publisher\":{\"@id\":\"https:\\\/\\\/impactocastex.com.ar\\\/#organization\"},\"potentialAction\":[{\"@type\":\"SearchAction\",\"target\":{\"@type\":\"EntryPoint\",\"urlTemplate\":\"https:\\\/\\\/impactocastex.com.ar\\\/?s={search_term_string}\"},\"query-input\":{\"@type\":\"PropertyValueSpecification\",\"valueRequired\":true,\"valueName\":\"search_term_string\"}}],\"inLanguage\":\"es\"},{\"@type\":\"Organization\",\"@id\":\"https:\\\/\\\/impactocastex.com.ar\\\/#organization\",\"name\":\"Impacto Castex\",\"url\":\"https:\\\/\\\/impactocastex.com.ar\\\/\",\"logo\":{\"@type\":\"ImageObject\",\"inLanguage\":\"es\",\"@id\":\"https:\\\/\\\/impactocastex.com.ar\\\/#\\\/schema\\\/logo\\\/image\\\/\",\"url\":\"https:\\\/\\\/impactocastex.com.ar\\\/wp-content\\\/uploads\\\/2025\\\/09\\\/cropped-icoweb.png\",\"contentUrl\":\"https:\\\/\\\/impactocastex.com.ar\\\/wp-content\\\/uploads\\\/2025\\\/09\\\/cropped-icoweb.png\",\"width\":512,\"height\":512,\"caption\":\"Impacto Castex\"},\"image\":{\"@id\":\"https:\\\/\\\/impactocastex.com.ar\\\/#\\\/schema\\\/logo\\\/image\\\/\"},\"sameAs\":[\"https:\\\/\\\/www.facebook.com\\\/impactocastexdiario\",\"https:\\\/\\\/www.instagram.com\\\/impactocastex.com.ar\\\/\"]},{\"@type\":\"Person\",\"@id\":\"https:\\\/\\\/impactocastex.com.ar\\\/#\\\/schema\\\/person\\\/86cb4f827fb5f87869a239b98a69c6e3\",\"name\":\"impactocastex\",\"image\":{\"@type\":\"ImageObject\",\"inLanguage\":\"es\",\"@id\":\"https:\\\/\\\/secure.gravatar.com\\\/avatar\\\/9a87ee051ca8c77f5d4070843ce2c78cdf95b858b950fb039151de955122f5f5?s=96&d=mm&r=g\",\"url\":\"https:\\\/\\\/secure.gravatar.com\\\/avatar\\\/9a87ee051ca8c77f5d4070843ce2c78cdf95b858b950fb039151de955122f5f5?s=96&d=mm&r=g\",\"contentUrl\":\"https:\\\/\\\/secure.gravatar.com\\\/avatar\\\/9a87ee051ca8c77f5d4070843ce2c78cdf95b858b950fb039151de955122f5f5?s=96&d=mm&r=g\",\"caption\":\"impactocastex\"},\"sameAs\":[\"https:\\\/\\\/impactocastex.com.ar\"],\"url\":\"https:\\\/\\\/impactocastex.com.ar\\\/?author=1\"}]}<\/script>\n<!-- \/ Yoast SEO plugin. -->","yoast_head_json":{"title":"Un bochorno: Barracas Central se clasific\u00f3 con dos penales ins\u00f3litos ante Hurac\u00e1n -","robots":{"index":"index","follow":"follow","max-snippet":"max-snippet:-1","max-image-preview":"max-image-preview:large","max-video-preview":"max-video-preview:-1"},"canonical":"https:\/\/impactocastex.com.ar\/?p=3452","og_locale":"es_ES","og_type":"article","og_title":"Un bochorno: Barracas Central se clasific\u00f3 con dos penales ins\u00f3litos ante Hurac\u00e1n -","og_description":"Barracas Central y Hurac\u00e1n empataron 1-1 por la 16\u00b0 fecha del torneo Clausura. El resultado...","og_url":"https:\/\/impactocastex.com.ar\/?p=3452","article_publisher":"https:\/\/www.facebook.com\/impactocastexdiario","article_published_time":"2025-11-18T06:42:35+00:00","og_image":[{"url":"https:\/\/resizer.glanacion.com\/resizer\/v2\/W3W6KXVH55EBRG5MP7CKLHCTMQ.JPG?auth=55a20b97d9fc002e909b4e98bce557afae850ec2935f5a17981ce03a1c251f9e&amp;smart=true&amp;width=5943&amp;height=3954","type":"","width":"","height":""}],"author":"impactocastex","twitter_card":"summary_large_image","twitter_misc":{"Escrito por":"impactocastex","Tiempo de lectura":"9 minutos"},"schema":{"@context":"https:\/\/schema.org","@graph":[{"@type":"Article","@id":"https:\/\/impactocastex.com.ar\/?p=3452#article","isPartOf":{"@id":"https:\/\/impactocastex.com.ar\/?p=3452"},"author":{"name":"impactocastex","@id":"https:\/\/impactocastex.com.ar\/#\/schema\/person\/86cb4f827fb5f87869a239b98a69c6e3"},"headline":"Un bochorno: Barracas Central se clasific\u00f3 con dos penales ins\u00f3litos ante Hurac\u00e1n","datePublished":"2025-11-18T06:42:35+00:00","mainEntityOfPage":{"@id":"https:\/\/impactocastex.com.ar\/?p=3452"},"wordCount":1770,"publisher":{"@id":"https:\/\/impactocastex.com.ar\/#organization"},"image":{"@id":"https:\/\/impactocastex.com.ar\/?p=3452#primaryimage"},"thumbnailUrl":"https:\/\/impactocastex.com.ar\/wp-content\/uploads\/2025\/11\/C7EOTDXN5RBXHCXKBGY5XRHC7A-qMtDwR.jpg","articleSection":["NACIONALES"],"inLanguage":"es"},{"@type":"WebPage","@id":"https:\/\/impactocastex.com.ar\/?p=3452","url":"https:\/\/impactocastex.com.ar\/?p=3452","name":"Un bochorno: Barracas Central se clasific\u00f3 con dos penales ins\u00f3litos ante Hurac\u00e1n -","isPartOf":{"@id":"https:\/\/impactocastex.com.ar\/#website"},"primaryImageOfPage":{"@id":"https:\/\/impactocastex.com.ar\/?p=3452#primaryimage"},"image":{"@id":"https:\/\/impactocastex.com.ar\/?p=3452#primaryimage"},"thumbnailUrl":"https:\/\/impactocastex.com.ar\/wp-content\/uploads\/2025\/11\/C7EOTDXN5RBXHCXKBGY5XRHC7A-qMtDwR.jpg","datePublished":"2025-11-18T06:42:35+00:00","breadcrumb":{"@id":"https:\/\/impactocastex.com.ar\/?p=3452#breadcrumb"},"inLanguage":"es","potentialAction":[{"@type":"ReadAction","target":["https:\/\/impactocastex.com.ar\/?p=3452"]}]},{"@type":"ImageObject","inLanguage":"es","@id":"https:\/\/impactocastex.com.ar\/?p=3452#primaryimage","url":"https:\/\/impactocastex.com.ar\/wp-content\/uploads\/2025\/11\/C7EOTDXN5RBXHCXKBGY5XRHC7A-qMtDwR.jpg","contentUrl":"https:\/\/impactocastex.com.ar\/wp-content\/uploads\/2025\/11\/C7EOTDXN5RBXHCXKBGY5XRHC7A-qMtDwR.jpg","width":1143,"height":739},{"@type":"BreadcrumbList","@id":"https:\/\/impactocastex.com.ar\/?p=3452#breadcrumb","itemListElement":[{"@type":"ListItem","position":1,"name":"Portada","item":"https:\/\/impactocastex.com.ar\/"},{"@type":"ListItem","position":2,"name":"Un bochorno: Barracas Central se clasific\u00f3 con dos penales ins\u00f3litos ante Hurac\u00e1n"}]},{"@type":"WebSite","@id":"https:\/\/impactocastex.com.ar\/#website","url":"https:\/\/impactocastex.com.ar\/","name":"Impacto Castex","description":"","publisher":{"@id":"https:\/\/impactocastex.com.ar\/#organization"},"potentialAction":[{"@type":"SearchAction","target":{"@type":"EntryPoint","urlTemplate":"https:\/\/impactocastex.com.ar\/?s={search_term_string}"},"query-input":{"@type":"PropertyValueSpecification","valueRequired":true,"valueName":"search_term_string"}}],"inLanguage":"es"},{"@type":"Organization","@id":"https:\/\/impactocastex.com.ar\/#organization","name":"Impacto Castex","url":"https:\/\/impactocastex.com.ar\/","logo":{"@type":"ImageObject","inLanguage":"es","@id":"https:\/\/impactocastex.com.ar\/#\/schema\/logo\/image\/","url":"https:\/\/impactocastex.com.ar\/wp-content\/uploads\/2025\/09\/cropped-icoweb.png","contentUrl":"https:\/\/impactocastex.com.ar\/wp-content\/uploads\/2025\/09\/cropped-icoweb.png","width":512,"height":512,"caption":"Impacto Castex"},"image":{"@id":"https:\/\/impactocastex.com.ar\/#\/schema\/logo\/image\/"},"sameAs":["https:\/\/www.facebook.com\/impactocastexdiario","https:\/\/www.instagram.com\/impactocastex.com.ar\/"]},{"@type":"Person","@id":"https:\/\/impactocastex.com.ar\/#\/schema\/person\/86cb4f827fb5f87869a239b98a69c6e3","name":"impactocastex","image":{"@type":"ImageObject","inLanguage":"es","@id":"https:\/\/secure.gravatar.com\/avatar\/9a87ee051ca8c77f5d4070843ce2c78cdf95b858b950fb039151de955122f5f5?s=96&d=mm&r=g","url":"https:\/\/secure.gravatar.com\/avatar\/9a87ee051ca8c77f5d4070843ce2c78cdf95b858b950fb039151de955122f5f5?s=96&d=mm&r=g","contentUrl":"https:\/\/secure.gravatar.com\/avatar\/9a87ee051ca8c77f5d4070843ce2c78cdf95b858b950fb039151de955122f5f5?s=96&d=mm&r=g","caption":"impactocastex"},"sameAs":["https:\/\/impactocastex.com.ar"],"url":"https:\/\/impactocastex.com.ar\/?author=1"}]}},"jetpack_publicize_connections":[],"featured_image_urls":{"full":["https:\/\/impactocastex.com.ar\/wp-content\/uploads\/2025\/11\/C7EOTDXN5RBXHCXKBGY5XRHC7A-qMtDwR.jpg",1143,739,false],"thumbnail":["https:\/\/impactocastex.com.ar\/wp-content\/uploads\/2025\/11\/C7EOTDXN5RBXHCXKBGY5XRHC7A-qMtDwR-150x150.jpg",150,150,true],"medium":["https:\/\/impactocastex.com.ar\/wp-content\/uploads\/2025\/11\/C7EOTDXN5RBXHCXKBGY5XRHC7A-qMtDwR-300x194.jpg",300,194,true],"medium_large":["https:\/\/impactocastex.com.ar\/wp-content\/uploads\/2025\/11\/C7EOTDXN5RBXHCXKBGY5XRHC7A-qMtDwR-768x497.jpg",640,414,true],"large":["https:\/\/impactocastex.com.ar\/wp-content\/uploads\/2025\/11\/C7EOTDXN5RBXHCXKBGY5XRHC7A-qMtDwR-1024x662.jpg",640,414,true],"1536x1536":["https:\/\/impactocastex.com.ar\/wp-content\/uploads\/2025\/11\/C7EOTDXN5RBXHCXKBGY5XRHC7A-qMtDwR.jpg",1143,739,false],"2048x2048":["https:\/\/impactocastex.com.ar\/wp-content\/uploads\/2025\/11\/C7EOTDXN5RBXHCXKBGY5XRHC7A-qMtDwR.jpg",1143,739,false],"newsever-slider-full":["https:\/\/impactocastex.com.ar\/wp-content\/uploads\/2025\/11\/C7EOTDXN5RBXHCXKBGY5XRHC7A-qMtDwR.jpg",1143,739,false],"newsever-featured":["https:\/\/impactocastex.com.ar\/wp-content\/uploads\/2025\/11\/C7EOTDXN5RBXHCXKBGY5XRHC7A-qMtDwR-1024x662.jpg",1024,662,true],"newsever-medium":["https:\/\/impactocastex.com.ar\/wp-content\/uploads\/2025\/11\/C7EOTDXN5RBXHCXKBGY5XRHC7A-qMtDwR-720x475.jpg",720,475,true]},"author_info":{"info":["impactocastex"]},"category_info":"<a href=\"https:\/\/impactocastex.com.ar\/?cat=89\" rel=\"category\">NACIONALES<\/a>","tag_info":"NACIONALES","comment_count":0,"jetpack_featured_media_url":"https:\/\/impactocastex.com.ar\/wp-content\/uploads\/2025\/11\/C7EOTDXN5RBXHCXKBGY5XRHC7A-qMtDwR.jpg","jetpack_sharing_enabled":true,"jetpack_likes_enabled":true,"jetpack_shortlink":"https:\/\/wp.me\/p7sopA-TG","_links":{"self":[{"href":"https:\/\/impactocastex.com.ar\/index.php?rest_route=\/wp\/v2\/posts\/3452","targetHints":{"allow":["GET"]}}],"collection":[{"href":"https:\/\/impactocastex.com.ar\/index.php?rest_route=\/wp\/v2\/posts"}],"about":[{"href":"https:\/\/impactocastex.com.ar\/index.php?rest_route=\/wp\/v2\/types\/post"}],"author":[{"embeddable":true,"href":"https:\/\/impactocastex.com.ar\/index.php?rest_route=\/wp\/v2\/users\/1"}],"replies":[{"embeddable":true,"href":"https:\/\/impactocastex.com.ar\/index.php?rest_route=%2Fwp%2Fv2%2Fcomments&post=3452"}],"version-history":[{"count":0,"href":"https:\/\/impactocastex.com.ar\/index.php?rest_route=\/wp\/v2\/posts\/3452\/revisions"}],"wp:featuredmedia":[{"embeddable":true,"href":"https:\/\/impactocastex.com.ar\/index.php?rest_route=\/wp\/v2\/media\/3453"}],"wp:attachment":[{"href":"https:\/\/impactocastex.com.ar\/index.php?rest_route=%2Fwp%2Fv2%2Fmedia&parent=3452"}],"wp:term":[{"taxonomy":"category","embeddable":true,"href":"https:\/\/impactocastex.com.ar\/index.php?rest_route=%2Fwp%2Fv2%2Fcategories&post=3452"},{"taxonomy":"post_tag","embeddable":true,"href":"https:\/\/impactocastex.com.ar\/index.php?rest_route=%2Fwp%2Fv2%2Ftags&post=3452"}],"curies":[{"name":"wp","href":"https:\/\/api.w.org\/{rel}","templated":true}]}}