{"id":3450,"date":"2025-11-18T03:45:28","date_gmt":"2025-11-18T06:45:28","guid":{"rendered":"https:\/\/impactocastex.com.ar\/?p=3450"},"modified":"2025-11-18T03:45:28","modified_gmt":"2025-11-18T06:45:28","slug":"un-temporal-castigo-a-la-patagonia-barcos-hundidos-en-santa-cruz-incendios-en-rio-negro-y-rafagas-de-hasta-350-kilometros-en-chubut","status":"publish","type":"post","link":"https:\/\/impactocastex.com.ar\/?p=3450","title":{"rendered":"Un temporal castig\u00f3 a la Patagonia: barcos hundidos en Santa Cruz, incendios en R\u00edo Negro y r\u00e1fagas de hasta 350 kil\u00f3metros en Chubut"},"content":{"rendered":"<p>SANTA CRUZ, R\u00cdO NEGRO y CHUBUT.- Un temporal de viento azot\u00f3 este lunes la Patagonia con r\u00e1fagas que generaron m\u00faltiples inconvenientes en la infraestructura y los servicios de ciudades en tres provincias: <b>Chubut, Santa Cruz y R\u00edo Negro.<\/b><\/p>\n<p>El<b> Servicio Meteorol\u00f3gico Nacional<\/b> (SMN) emiti\u00f3 alertas por intensos vientos para el sur de Chubut y all\u00ed las r\u00e1fagas llegaron a los 350 kil\u00f3metros por hora en algunas regiones,<b> <\/b>en Santa Cruz se registraron vientos de hasta<b> 130 kil\u00f3metros por hora; y en R\u00edo Negro hubo incendios y fuertes vientos. <\/b><\/p>\n<p><img loading=\"lazy\" decoding=\"async\" src=\"https:\/\/resizer.glanacion.com\/resizer\/v2\/3WS7OTQ2TNAYHDAL6P5LTIE4OE.jpeg?auth=352d876bc95ea21ca11714162e054f701f082bd71e9a497f3c0c8e8c952a29a8&amp;smart=true&amp;width=843&amp;height=444\" alt=\"Las r\u00e1fagas voltearon un puesto de comidas en Caleta Olivia. Fuente: Gobierno de Santa Cruz\" height=\"444\" width=\"843\" \/><\/p>\n<p>En Chubut el temporal de viento provoc\u00f3<b> voladuras de techos <\/b>y demoras y cancelaciones en los vuelos. En el puerto santacruce\u00f1o de Caleta Paula, en Caleta Olivia, se <b>hundieron tres barcos pesqueros<\/b>. Y en R\u00edo Negro, se activaron <b>focos de incendio.<\/b> Asimismo, el Lago Nahuel Huapi experiment\u00f3 un fuerte oleaje que simulaba un mar embravecido. <\/p>\n<h1>Barcos pesqueros hundidos en Santa Cruz<\/h1>\n<p>A ra\u00edz del fuerte temporal que azota la Patagonia tres embarcaciones dedicadas a la pesca artesanal de la conocida Flota Amarilla se hundieron este lunes en el Puerto de Caleta Paula, ubicado en Caleta Olivia, desde la Unidad Ejecutora Portuaria de Santa Cruz, UNEPOSC, informaron que de acuerdo a los reportes iniciales no hubo personas lesionadas. <\/p>\n<p>El fuerte oleaje registrado durante la jornada producto de vientos extremos afect\u00f3 a las embarcaciones conocidas como Yakisa, Barracuda y Alborada. Fuentes oficiales informaron que las tareas operativas se iniciar\u00e1n una vez que las r\u00e1fagas disminuyan y se pueda trabajar con seguridad en el puerto junto a la Prefectura Naval Argentina para coordinar las acciones para el recupero. <\/p>\n<p>El temporal que afecta a toda la provincia motiv\u00f3 la activaci\u00f3n del COE Provincial que dispuso la noche del domingo, ante el anuncio de los 120 km\/h, la suspensi\u00f3n de clases en toda la provincia, y el cierre de rutas, en tanto que la Intendencia del Parque Nacional Los Glaciares, en vistas de la alerta meteorol\u00f3gico ha decidido una serie de medidas con el fin de evitar riesgos, tanto el acceso de la zona sur , como la zona norte, permaneci\u00f3 cerrado. <\/p>\n<p>El Comit\u00e9 de Operaciones de Emergencia, las diferentes \u00e1reas de la fuerza de seguridad (Protecci\u00f3n Civil, Bomberos, Seguridad Vial y Polic\u00eda), Vialidad Provincial, Servicios P\u00fablicos y Salud atendieron los pedidos de los vecinos ante el temporal.<\/p>\n<p>Las r\u00e1fagas extremas provocaron m\u00faltiples incidentes, entre ellos ca\u00edda de postes, cables sueltos, derrumbe de paredones, voladura de techos, volcaduras de estructuras de material, cortes de energ\u00eda y situaciones de riesgo para la poblaci\u00f3n, algunas situaciones que fueron atendidas en toda la provincia pero principalmente en la zona norte.<\/p>\n<p><img loading=\"lazy\" decoding=\"async\" src=\"https:\/\/resizer.glanacion.com\/resizer\/v2\/5ZXS5AGWDZBPJKSH4NEEUJNTHQ.jpeg?auth=81733bcb9df4868c50a713576898a00996fb1b63f84046709d6211c934213c23&amp;smart=true&amp;width=1280&amp;height=960\" alt=\"Tres embarcaciones dedicadas a la pesca artesanal se hundieron este lunes al mediod\u00eda en el Puerto de Caleta Paula\" height=\"960\" width=\"1280\" \/><\/p>\n<p>En las pr\u00f3ximas horas el COE definir\u00e1 si este martes habr\u00e1 clases en las escuelas y c\u00f3mo ser\u00e1 la circulaci\u00f3n en las rutas de la provincia, en especial en el \u00e1rea costera que sufri\u00f3 la mayor intensidad de la tormenta.<\/p>\n<h1>Incendios en R\u00edo Negro<\/h1>\n<p>Como se tem\u00eda en pleno alerta roja por intensos vientos y r\u00e1fagas de m\u00e1s de 140 kil\u00f3metros en R\u00edo Negro, varios focos de incendio afectan la zona del paraje El Pedregoso, en Epuy\u00e9n, as\u00ed como el barrio Luj\u00e1n, en las afueras de El Bols\u00f3n. Decenas de pobladores permanecen en alerta.<\/p>\n<p>Alrededor de las 14:30 se detect\u00f3 una columna de humo en el sector Ruta 40 Norte, a la altura del kil\u00f3metro 1922, en el barrio Luj\u00e1n. Tal como informaron desde el Servicio de Prevenci\u00f3n y Lucha contra Incendios Forestales (Splif) de El Bols\u00f3n, cinco m\u00f3viles se dirigieron al lugar, al tiempo que se solicit\u00f3 apoyo del Servicio Nacional de Manejo del Fuego (SNMF). Tambi\u00e9n trabajaron en el lugar los bomberos voluntarios de El Bols\u00f3n.<\/p>\n<p>Ese foco logr\u00f3 ser contenido alrededor de las 19. Sin embargo, contin\u00faa activo el incendio que se origin\u00f3 en la zona de El Pedregoso, en Epuy\u00e9n, a los pies del cerro Pirque, cerca de la laguna del Plesiosaurio. Y ya hay focos secundarios.<\/p>\n<p>\u201cPor el viento y la sequ\u00eda reinante, reg\u00eda esta alerta, la poblaci\u00f3n estaba avisada. Esto ya est\u00e1 fuera de control, lamentablemente. En la parte oeste del r\u00edo Epuy\u00e9n ya se tom\u00f3 la determinaci\u00f3n de avisar para que las personas se autoevacuen. Tenemos una situaci\u00f3n cr\u00edtica con el fuego, hay varios focos secundarios. Por la direcci\u00f3n del viento, hay que evacuar esa zona\u201d, indic\u00f3 hace minutos uno de los responsables del operativo de emergencia.<\/p>\n<p>En El Pedregoso luchan contra las llamas personal del Servicio Provincial de Manejo del Fuego, bomberos de El Bols\u00f3n, El Hoyo, y se empezar\u00e1n a sumar distintos agentes de emergencia. A\u00fan se desconoce c\u00f3mo se origin\u00f3 el fuego en esa zona de Chubut. <\/p>\n<p>\u201cEsper\u00e1bamos esto en enero, pero el caos clim\u00e1tico est\u00e1 descontrolado\u201d, se lament\u00f3 una vecina de Epuy\u00e9n, al tiempo que pidi\u00f3 la presencia urgente de aviones hidrantes. Adem\u00e1s de temer por sus viviendas, los pobladores advirtieron que se est\u00e1 quemando uno de los \u00faltimos reductos de bosque nativo en el cerro Pirque.<\/p>\n<p>Hace una semana, la provincia de R\u00edo Negro declar\u00f3 la Emergencia \u00cdgnea por un a\u00f1o por riesgo extremo de incendios. La medida proh\u00edbe hacer fuego al aire libre ante un contexto de riesgo extremo de incendios forestales y dispone multas severas para quienes incumplan.<\/p>\n<p>\u201cLa experiencia nos demuestra que la prevenci\u00f3n es la \u00fanica estrategia eficaz cuando hablamos de incendios forestales\u201d, sostuvo el gobernador rionegrino Alberto Weretilneck.<\/p>\n<p>El gobierno provincial remarc\u00f3 que la combinaci\u00f3n de factores clim\u00e1ticos extremos (altas temperaturas, fuertes vientos, escasas precipitaciones y vegetaci\u00f3n seca), sumada a una mayor presencia de personas en zonas sensibles durante la primavera y el verano, configura un escenario cr\u00edtico para la ocurrencia y propagaci\u00f3n del fuego.<\/p>\n<p>El decreto proh\u00edbe por un a\u00f1o encender cualquier tipo de fuego al aire libre en tierras p\u00fablicas y en todos los espacios que no est\u00e9n expresamente habilitados. Adem\u00e1s, obliga a los concesionarios de balnearios, campings, complejos tur\u00edsticos, establecimientos rurales y predios recreativos a extremar las medidas de prevenci\u00f3n y vigilancia, cumpliendo los est\u00e1ndares fijados por la normativa vigente.<\/p>\n<p>Por otro lado, establece un r\u00e9gimen de sanciones que prev\u00e9 multas de entre 100 y 100.000 litros de gasoil ultra di\u00e9sel YPF, graduadas seg\u00fan el riesgo, el da\u00f1o potencial y la responsabilidad de cada infractor.<\/p>\n<p>Tambi\u00e9n se ordena iniciar de inmediato acciones penales y patrimoniales contra quienes provoquen incendios, ya sea por negligencia o intencionalidad, con el fin de recuperar los costos que el Estado debe afrontar para combatir y extinguir el fuego, seg\u00fan se\u00f1alaron desde el gobierno provincial.<\/p>\n<h1>Emergencia clim\u00e1tica y techos volados en Chubut<\/h1>\n<p>Un fuerte temporal de viento golpe\u00f3 este lunes a toda la provincia de Chubut, con epicentro en la ciudad de Comodoro Rivadavia, donde se registraron r\u00e1fagas de m\u00e1s de 150 km\/h, provocando voladuras de techos, ca\u00eddas de \u00e1rboles y graves problemas en servicios como la luz y el agua. Tambi\u00e9n se vieron afectados los vuelos, con demoras y cancelaciones.<\/p>\n<p>El pron\u00f3stico era claro: el Servicio Meteorol\u00f3gico Nacional hab\u00eda anunciado que la zona sur de Chubut quedar\u00eda el lunes bajo alerta roja por vientos. En el resto de la provincia, se mantuvieron las alertas naranja y amarilla, que preve\u00edan r\u00e1fagas menos intensas pero anticipaban complicaciones. Ante ese panorama, las autoridades provinciales resolvieron suspender las clases en Comodoro y Rada Tilly, medida que a lo largo del d\u00eda se extendi\u00f3 a todo Chubut.<\/p>\n<p><img loading=\"lazy\" decoding=\"async\" src=\"https:\/\/resizer.glanacion.com\/resizer\/v2\/D7DD7QDWKBE65L4W4JR42C3GP4.jpeg?auth=e286721c166e82454e1ca6a42f535d5019f92d95a6b1dab2deeb9d1c6329212a&amp;smart=true&amp;width=1280&amp;height=960\" alt=\"El temporal de viento provoc\u00f3 la ca\u00edda de \u00e1rboles y postes de luz en Chubut\" height=\"960\" width=\"1280\" \/><\/p>\n<p>Con la declaraci\u00f3n de la emergencia clim\u00e1tica, la provincia restringi\u00f3 adem\u00e1s la circulaci\u00f3n por las rutas principales y estableci\u00f3 protocolos para el funcionamiento de los hospitales y centros de salud, limitando las atenciones a lo esencial, con guardias m\u00ednimas. Tambi\u00e9n les solicitaron a los distintos organismos provinciales la suspensi\u00f3n de actividades laborales del personal no esencial y de aquellas que cumplieran tareas al aire libre.<\/p>\n<p>En Comodoro, seg\u00fan confirmaron fuentes oficiales, la r\u00e1faga m\u00e1s fuerte en el casco c\u00e9ntrico alcanz\u00f3 los 147 km\/h, mientras que en las zonas m\u00e1s alejadas los registros fueron mucho m\u00e1s elevados. Seg\u00fan datos internos provenientes de estaciones de medici\u00f3n utilizadas en \u00e1reas petroleras, en Cerro Drag\u00f3n el viento constante lleg\u00f3 a marcar 312 km\/h, mientras que la r\u00e1faga m\u00e1xima alcanz\u00f3 un asombroso registro de 352 km\/h, un valor in\u00e9dito que refleja la magnitud del fen\u00f3meno.<\/p>\n<p>Los da\u00f1os se fueron multiplicando con el correr de las horas. Uno de los hechos m\u00e1s alarmantes ocurri\u00f3 en el barrio 30 de Octubre, m\u00e1s conocido como \u201clas 1008\u201d, donde una r\u00e1faga arras\u00f3 con el techo completo de uno de los edificios, dejando a varias familias a la intemperie. En una sucursal de la cadena de supermercados Chango M\u00e1s, el viento destruy\u00f3 parte del tinglado. Testigos se\u00f1alaron que primero se escuch\u00f3 un fuerte estruendo, seguido por la ca\u00edda de chapas y estructuras met\u00e1licas en el estacionamiento. No hubo heridos.<\/p>\n<p>Desde la comuna informaron que los servicios de emergencia debieron realizar m\u00e1s de 100 intervenciones, incluyendo dos incendios de pastizales que se extendieron r\u00e1pidamente por acci\u00f3n del temporal, ca\u00edda de \u00e1rboles y postes de luz, voladuras de techos y otros da\u00f1os materiales en viviendas. Tambi\u00e9n se registraron cortes de luz y de agua, debido a la ca\u00edda de \u00e1rboles sobre la l\u00ednea de media tensi\u00f3n, la cual abastece al sistema de acueductos. El municipio se sum\u00f3 a la declaraci\u00f3n de emergencia clim\u00e1tica y solicit\u00f3 a los vecinos no salir de sus casas hasta que disminuya la intensidad del viento.<\/p>\n<h1>Sigue el alerta por fuertes vientos<\/h1>\n<p>Las proyecciones meteorol\u00f3gicas prev\u00e9n que la intensidad del viento comience a disminuir gradualmente.<\/p>\n<p>El Servicio Meteorol\u00f3gico Nacional mantiene la alertas amarillas y naranjas por fuertes r\u00e1fagas para Santa Cruz y Chubut para este martes 18 de noviembre.<\/p>\n<p>\u200bEl SMN mantiene alertas naranja y amarillo por vientos; las provincias suspendieron las clases, restringieron la circulaci\u00f3n en rutas y extremaron las medidas de seguridad\u00a0\u00a0<\/p>","protected":false},"excerpt":{"rendered":"<p>SANTA CRUZ, R\u00cdO NEGRO y CHUBUT.- Un temporal de viento azot\u00f3 este lunes la Patagonia&#8230;<\/p>\n","protected":false},"author":1,"featured_media":3451,"comment_status":"closed","ping_status":"closed","sticky":false,"template":"","format":"standard","meta":{"_jetpack_memberships_contains_paid_content":false,"footnotes":"","jetpack_publicize_message":"","jetpack_publicize_feature_enabled":true,"jetpack_social_post_already_shared":true,"jetpack_social_options":{"image_generator_settings":{"template":"highway","default_image_id":0,"font":"","enabled":false},"version":2}},"categories":[89],"tags":[],"class_list":["post-3450","post","type-post","status-publish","format-standard","has-post-thumbnail","hentry","category-nacionales"],"yoast_head":"<!-- This site is optimized with the Yoast SEO plugin v27.4 - https:\/\/yoast.com\/product\/yoast-seo-wordpress\/ -->\n<title>Un temporal castig\u00f3 a la Patagonia: barcos hundidos en Santa Cruz, incendios en R\u00edo Negro y r\u00e1fagas de hasta 350 kil\u00f3metros en Chubut -<\/title>\n<meta name=\"robots\" content=\"index, follow, max-snippet:-1, max-image-preview:large, max-video-preview:-1\" \/>\n<link rel=\"canonical\" href=\"https:\/\/impactocastex.com.ar\/?p=3450\" \/>\n<meta property=\"og:locale\" content=\"es_ES\" \/>\n<meta property=\"og:type\" content=\"article\" \/>\n<meta property=\"og:title\" content=\"Un temporal castig\u00f3 a la Patagonia: barcos hundidos en Santa Cruz, incendios en R\u00edo Negro y r\u00e1fagas de hasta 350 kil\u00f3metros en Chubut -\" \/>\n<meta property=\"og:description\" content=\"SANTA CRUZ, R\u00cdO NEGRO y CHUBUT.- Un temporal de viento azot\u00f3 este lunes la Patagonia...\" \/>\n<meta property=\"og:url\" content=\"https:\/\/impactocastex.com.ar\/?p=3450\" \/>\n<meta property=\"article:publisher\" content=\"https:\/\/www.facebook.com\/impactocastexdiario\" \/>\n<meta property=\"article:published_time\" content=\"2025-11-18T06:45:28+00:00\" \/>\n<meta property=\"og:image\" content=\"https:\/\/resizer.glanacion.com\/resizer\/v2\/3WS7OTQ2TNAYHDAL6P5LTIE4OE.jpeg?auth=352d876bc95ea21ca11714162e054f701f082bd71e9a497f3c0c8e8c952a29a8&amp;smart=true&amp;width=843&amp;height=444\" \/>\n<meta name=\"author\" content=\"impactocastex\" \/>\n<meta name=\"twitter:card\" content=\"summary_large_image\" \/>\n<meta name=\"twitter:label1\" content=\"Escrito por\" \/>\n\t<meta name=\"twitter:data1\" content=\"impactocastex\" \/>\n\t<meta name=\"twitter:label2\" content=\"Tiempo de lectura\" \/>\n\t<meta name=\"twitter:data2\" content=\"9 minutos\" \/>\n<script type=\"application\/ld+json\" class=\"yoast-schema-graph\">{\"@context\":\"https:\\\/\\\/schema.org\",\"@graph\":[{\"@type\":\"Article\",\"@id\":\"https:\\\/\\\/impactocastex.com.ar\\\/?p=3450#article\",\"isPartOf\":{\"@id\":\"https:\\\/\\\/impactocastex.com.ar\\\/?p=3450\"},\"author\":{\"name\":\"impactocastex\",\"@id\":\"https:\\\/\\\/impactocastex.com.ar\\\/#\\\/schema\\\/person\\\/86cb4f827fb5f87869a239b98a69c6e3\"},\"headline\":\"Un temporal castig\u00f3 a la Patagonia: barcos hundidos en Santa Cruz, incendios en R\u00edo Negro y r\u00e1fagas de hasta 350 kil\u00f3metros en Chubut\",\"datePublished\":\"2025-11-18T06:45:28+00:00\",\"mainEntityOfPage\":{\"@id\":\"https:\\\/\\\/impactocastex.com.ar\\\/?p=3450\"},\"wordCount\":1748,\"publisher\":{\"@id\":\"https:\\\/\\\/impactocastex.com.ar\\\/#organization\"},\"image\":{\"@id\":\"https:\\\/\\\/impactocastex.com.ar\\\/?p=3450#primaryimage\"},\"thumbnailUrl\":\"https:\\\/\\\/impactocastex.com.ar\\\/wp-content\\\/uploads\\\/2025\\\/11\\\/HF5KDDT6EVHJBHOJYH2FCNVOZY-370iXt.jpg\",\"articleSection\":[\"NACIONALES\"],\"inLanguage\":\"es\"},{\"@type\":\"WebPage\",\"@id\":\"https:\\\/\\\/impactocastex.com.ar\\\/?p=3450\",\"url\":\"https:\\\/\\\/impactocastex.com.ar\\\/?p=3450\",\"name\":\"Un temporal castig\u00f3 a la Patagonia: barcos hundidos en Santa Cruz, incendios en R\u00edo Negro y r\u00e1fagas de hasta 350 kil\u00f3metros en Chubut -\",\"isPartOf\":{\"@id\":\"https:\\\/\\\/impactocastex.com.ar\\\/#website\"},\"primaryImageOfPage\":{\"@id\":\"https:\\\/\\\/impactocastex.com.ar\\\/?p=3450#primaryimage\"},\"image\":{\"@id\":\"https:\\\/\\\/impactocastex.com.ar\\\/?p=3450#primaryimage\"},\"thumbnailUrl\":\"https:\\\/\\\/impactocastex.com.ar\\\/wp-content\\\/uploads\\\/2025\\\/11\\\/HF5KDDT6EVHJBHOJYH2FCNVOZY-370iXt.jpg\",\"datePublished\":\"2025-11-18T06:45:28+00:00\",\"breadcrumb\":{\"@id\":\"https:\\\/\\\/impactocastex.com.ar\\\/?p=3450#breadcrumb\"},\"inLanguage\":\"es\",\"potentialAction\":[{\"@type\":\"ReadAction\",\"target\":[\"https:\\\/\\\/impactocastex.com.ar\\\/?p=3450\"]}]},{\"@type\":\"ImageObject\",\"inLanguage\":\"es\",\"@id\":\"https:\\\/\\\/impactocastex.com.ar\\\/?p=3450#primaryimage\",\"url\":\"https:\\\/\\\/impactocastex.com.ar\\\/wp-content\\\/uploads\\\/2025\\\/11\\\/HF5KDDT6EVHJBHOJYH2FCNVOZY-370iXt.jpg\",\"contentUrl\":\"https:\\\/\\\/impactocastex.com.ar\\\/wp-content\\\/uploads\\\/2025\\\/11\\\/HF5KDDT6EVHJBHOJYH2FCNVOZY-370iXt.jpg\",\"width\":1280,\"height\":960},{\"@type\":\"BreadcrumbList\",\"@id\":\"https:\\\/\\\/impactocastex.com.ar\\\/?p=3450#breadcrumb\",\"itemListElement\":[{\"@type\":\"ListItem\",\"position\":1,\"name\":\"Portada\",\"item\":\"https:\\\/\\\/impactocastex.com.ar\\\/\"},{\"@type\":\"ListItem\",\"position\":2,\"name\":\"Un temporal castig\u00f3 a la Patagonia: barcos hundidos en Santa Cruz, incendios en R\u00edo Negro y r\u00e1fagas de hasta 350 kil\u00f3metros en Chubut\"}]},{\"@type\":\"WebSite\",\"@id\":\"https:\\\/\\\/impactocastex.com.ar\\\/#website\",\"url\":\"https:\\\/\\\/impactocastex.com.ar\\\/\",\"name\":\"Impacto Castex\",\"description\":\"\",\"publisher\":{\"@id\":\"https:\\\/\\\/impactocastex.com.ar\\\/#organization\"},\"potentialAction\":[{\"@type\":\"SearchAction\",\"target\":{\"@type\":\"EntryPoint\",\"urlTemplate\":\"https:\\\/\\\/impactocastex.com.ar\\\/?s={search_term_string}\"},\"query-input\":{\"@type\":\"PropertyValueSpecification\",\"valueRequired\":true,\"valueName\":\"search_term_string\"}}],\"inLanguage\":\"es\"},{\"@type\":\"Organization\",\"@id\":\"https:\\\/\\\/impactocastex.com.ar\\\/#organization\",\"name\":\"Impacto Castex\",\"url\":\"https:\\\/\\\/impactocastex.com.ar\\\/\",\"logo\":{\"@type\":\"ImageObject\",\"inLanguage\":\"es\",\"@id\":\"https:\\\/\\\/impactocastex.com.ar\\\/#\\\/schema\\\/logo\\\/image\\\/\",\"url\":\"https:\\\/\\\/impactocastex.com.ar\\\/wp-content\\\/uploads\\\/2025\\\/09\\\/cropped-icoweb.png\",\"contentUrl\":\"https:\\\/\\\/impactocastex.com.ar\\\/wp-content\\\/uploads\\\/2025\\\/09\\\/cropped-icoweb.png\",\"width\":512,\"height\":512,\"caption\":\"Impacto Castex\"},\"image\":{\"@id\":\"https:\\\/\\\/impactocastex.com.ar\\\/#\\\/schema\\\/logo\\\/image\\\/\"},\"sameAs\":[\"https:\\\/\\\/www.facebook.com\\\/impactocastexdiario\",\"https:\\\/\\\/www.instagram.com\\\/impactocastex.com.ar\\\/\"]},{\"@type\":\"Person\",\"@id\":\"https:\\\/\\\/impactocastex.com.ar\\\/#\\\/schema\\\/person\\\/86cb4f827fb5f87869a239b98a69c6e3\",\"name\":\"impactocastex\",\"image\":{\"@type\":\"ImageObject\",\"inLanguage\":\"es\",\"@id\":\"https:\\\/\\\/secure.gravatar.com\\\/avatar\\\/9a87ee051ca8c77f5d4070843ce2c78cdf95b858b950fb039151de955122f5f5?s=96&d=mm&r=g\",\"url\":\"https:\\\/\\\/secure.gravatar.com\\\/avatar\\\/9a87ee051ca8c77f5d4070843ce2c78cdf95b858b950fb039151de955122f5f5?s=96&d=mm&r=g\",\"contentUrl\":\"https:\\\/\\\/secure.gravatar.com\\\/avatar\\\/9a87ee051ca8c77f5d4070843ce2c78cdf95b858b950fb039151de955122f5f5?s=96&d=mm&r=g\",\"caption\":\"impactocastex\"},\"sameAs\":[\"https:\\\/\\\/impactocastex.com.ar\"],\"url\":\"https:\\\/\\\/impactocastex.com.ar\\\/?author=1\"}]}<\/script>\n<!-- \/ Yoast SEO plugin. -->","yoast_head_json":{"title":"Un temporal castig\u00f3 a la Patagonia: barcos hundidos en Santa Cruz, incendios en R\u00edo Negro y r\u00e1fagas de hasta 350 kil\u00f3metros en Chubut -","robots":{"index":"index","follow":"follow","max-snippet":"max-snippet:-1","max-image-preview":"max-image-preview:large","max-video-preview":"max-video-preview:-1"},"canonical":"https:\/\/impactocastex.com.ar\/?p=3450","og_locale":"es_ES","og_type":"article","og_title":"Un temporal castig\u00f3 a la Patagonia: barcos hundidos en Santa Cruz, incendios en R\u00edo Negro y r\u00e1fagas de hasta 350 kil\u00f3metros en Chubut -","og_description":"SANTA CRUZ, R\u00cdO NEGRO y CHUBUT.- Un temporal de viento azot\u00f3 este lunes la Patagonia...","og_url":"https:\/\/impactocastex.com.ar\/?p=3450","article_publisher":"https:\/\/www.facebook.com\/impactocastexdiario","article_published_time":"2025-11-18T06:45:28+00:00","og_image":[{"url":"https:\/\/resizer.glanacion.com\/resizer\/v2\/3WS7OTQ2TNAYHDAL6P5LTIE4OE.jpeg?auth=352d876bc95ea21ca11714162e054f701f082bd71e9a497f3c0c8e8c952a29a8&amp;smart=true&amp;width=843&amp;height=444","type":"","width":"","height":""}],"author":"impactocastex","twitter_card":"summary_large_image","twitter_misc":{"Escrito por":"impactocastex","Tiempo de lectura":"9 minutos"},"schema":{"@context":"https:\/\/schema.org","@graph":[{"@type":"Article","@id":"https:\/\/impactocastex.com.ar\/?p=3450#article","isPartOf":{"@id":"https:\/\/impactocastex.com.ar\/?p=3450"},"author":{"name":"impactocastex","@id":"https:\/\/impactocastex.com.ar\/#\/schema\/person\/86cb4f827fb5f87869a239b98a69c6e3"},"headline":"Un temporal castig\u00f3 a la Patagonia: barcos hundidos en Santa Cruz, incendios en R\u00edo Negro y r\u00e1fagas de hasta 350 kil\u00f3metros en Chubut","datePublished":"2025-11-18T06:45:28+00:00","mainEntityOfPage":{"@id":"https:\/\/impactocastex.com.ar\/?p=3450"},"wordCount":1748,"publisher":{"@id":"https:\/\/impactocastex.com.ar\/#organization"},"image":{"@id":"https:\/\/impactocastex.com.ar\/?p=3450#primaryimage"},"thumbnailUrl":"https:\/\/impactocastex.com.ar\/wp-content\/uploads\/2025\/11\/HF5KDDT6EVHJBHOJYH2FCNVOZY-370iXt.jpg","articleSection":["NACIONALES"],"inLanguage":"es"},{"@type":"WebPage","@id":"https:\/\/impactocastex.com.ar\/?p=3450","url":"https:\/\/impactocastex.com.ar\/?p=3450","name":"Un temporal castig\u00f3 a la Patagonia: barcos hundidos en Santa Cruz, incendios en R\u00edo Negro y r\u00e1fagas de hasta 350 kil\u00f3metros en Chubut -","isPartOf":{"@id":"https:\/\/impactocastex.com.ar\/#website"},"primaryImageOfPage":{"@id":"https:\/\/impactocastex.com.ar\/?p=3450#primaryimage"},"image":{"@id":"https:\/\/impactocastex.com.ar\/?p=3450#primaryimage"},"thumbnailUrl":"https:\/\/impactocastex.com.ar\/wp-content\/uploads\/2025\/11\/HF5KDDT6EVHJBHOJYH2FCNVOZY-370iXt.jpg","datePublished":"2025-11-18T06:45:28+00:00","breadcrumb":{"@id":"https:\/\/impactocastex.com.ar\/?p=3450#breadcrumb"},"inLanguage":"es","potentialAction":[{"@type":"ReadAction","target":["https:\/\/impactocastex.com.ar\/?p=3450"]}]},{"@type":"ImageObject","inLanguage":"es","@id":"https:\/\/impactocastex.com.ar\/?p=3450#primaryimage","url":"https:\/\/impactocastex.com.ar\/wp-content\/uploads\/2025\/11\/HF5KDDT6EVHJBHOJYH2FCNVOZY-370iXt.jpg","contentUrl":"https:\/\/impactocastex.com.ar\/wp-content\/uploads\/2025\/11\/HF5KDDT6EVHJBHOJYH2FCNVOZY-370iXt.jpg","width":1280,"height":960},{"@type":"BreadcrumbList","@id":"https:\/\/impactocastex.com.ar\/?p=3450#breadcrumb","itemListElement":[{"@type":"ListItem","position":1,"name":"Portada","item":"https:\/\/impactocastex.com.ar\/"},{"@type":"ListItem","position":2,"name":"Un temporal castig\u00f3 a la Patagonia: barcos hundidos en Santa Cruz, incendios en R\u00edo Negro y r\u00e1fagas de hasta 350 kil\u00f3metros en Chubut"}]},{"@type":"WebSite","@id":"https:\/\/impactocastex.com.ar\/#website","url":"https:\/\/impactocastex.com.ar\/","name":"Impacto Castex","description":"","publisher":{"@id":"https:\/\/impactocastex.com.ar\/#organization"},"potentialAction":[{"@type":"SearchAction","target":{"@type":"EntryPoint","urlTemplate":"https:\/\/impactocastex.com.ar\/?s={search_term_string}"},"query-input":{"@type":"PropertyValueSpecification","valueRequired":true,"valueName":"search_term_string"}}],"inLanguage":"es"},{"@type":"Organization","@id":"https:\/\/impactocastex.com.ar\/#organization","name":"Impacto Castex","url":"https:\/\/impactocastex.com.ar\/","logo":{"@type":"ImageObject","inLanguage":"es","@id":"https:\/\/impactocastex.com.ar\/#\/schema\/logo\/image\/","url":"https:\/\/impactocastex.com.ar\/wp-content\/uploads\/2025\/09\/cropped-icoweb.png","contentUrl":"https:\/\/impactocastex.com.ar\/wp-content\/uploads\/2025\/09\/cropped-icoweb.png","width":512,"height":512,"caption":"Impacto Castex"},"image":{"@id":"https:\/\/impactocastex.com.ar\/#\/schema\/logo\/image\/"},"sameAs":["https:\/\/www.facebook.com\/impactocastexdiario","https:\/\/www.instagram.com\/impactocastex.com.ar\/"]},{"@type":"Person","@id":"https:\/\/impactocastex.com.ar\/#\/schema\/person\/86cb4f827fb5f87869a239b98a69c6e3","name":"impactocastex","image":{"@type":"ImageObject","inLanguage":"es","@id":"https:\/\/secure.gravatar.com\/avatar\/9a87ee051ca8c77f5d4070843ce2c78cdf95b858b950fb039151de955122f5f5?s=96&d=mm&r=g","url":"https:\/\/secure.gravatar.com\/avatar\/9a87ee051ca8c77f5d4070843ce2c78cdf95b858b950fb039151de955122f5f5?s=96&d=mm&r=g","contentUrl":"https:\/\/secure.gravatar.com\/avatar\/9a87ee051ca8c77f5d4070843ce2c78cdf95b858b950fb039151de955122f5f5?s=96&d=mm&r=g","caption":"impactocastex"},"sameAs":["https:\/\/impactocastex.com.ar"],"url":"https:\/\/impactocastex.com.ar\/?author=1"}]}},"jetpack_publicize_connections":[],"featured_image_urls":{"full":["https:\/\/impactocastex.com.ar\/wp-content\/uploads\/2025\/11\/HF5KDDT6EVHJBHOJYH2FCNVOZY-370iXt.jpg",1280,960,false],"thumbnail":["https:\/\/impactocastex.com.ar\/wp-content\/uploads\/2025\/11\/HF5KDDT6EVHJBHOJYH2FCNVOZY-370iXt-150x150.jpg",150,150,true],"medium":["https:\/\/impactocastex.com.ar\/wp-content\/uploads\/2025\/11\/HF5KDDT6EVHJBHOJYH2FCNVOZY-370iXt-300x225.jpg",300,225,true],"medium_large":["https:\/\/impactocastex.com.ar\/wp-content\/uploads\/2025\/11\/HF5KDDT6EVHJBHOJYH2FCNVOZY-370iXt-768x576.jpg",640,480,true],"large":["https:\/\/impactocastex.com.ar\/wp-content\/uploads\/2025\/11\/HF5KDDT6EVHJBHOJYH2FCNVOZY-370iXt-1024x768.jpg",640,480,true],"1536x1536":["https:\/\/impactocastex.com.ar\/wp-content\/uploads\/2025\/11\/HF5KDDT6EVHJBHOJYH2FCNVOZY-370iXt.jpg",1280,960,false],"2048x2048":["https:\/\/impactocastex.com.ar\/wp-content\/uploads\/2025\/11\/HF5KDDT6EVHJBHOJYH2FCNVOZY-370iXt.jpg",1280,960,false],"newsever-slider-full":["https:\/\/impactocastex.com.ar\/wp-content\/uploads\/2025\/11\/HF5KDDT6EVHJBHOJYH2FCNVOZY-370iXt-1280x845.jpg",1280,845,true],"newsever-featured":["https:\/\/impactocastex.com.ar\/wp-content\/uploads\/2025\/11\/HF5KDDT6EVHJBHOJYH2FCNVOZY-370iXt-1024x768.jpg",1024,768,true],"newsever-medium":["https:\/\/impactocastex.com.ar\/wp-content\/uploads\/2025\/11\/HF5KDDT6EVHJBHOJYH2FCNVOZY-370iXt-720x475.jpg",720,475,true]},"author_info":{"info":["impactocastex"]},"category_info":"<a href=\"https:\/\/impactocastex.com.ar\/?cat=89\" rel=\"category\">NACIONALES<\/a>","tag_info":"NACIONALES","comment_count":0,"jetpack_featured_media_url":"https:\/\/impactocastex.com.ar\/wp-content\/uploads\/2025\/11\/HF5KDDT6EVHJBHOJYH2FCNVOZY-370iXt.jpg","jetpack_sharing_enabled":true,"jetpack_likes_enabled":true,"jetpack_shortlink":"https:\/\/wp.me\/p7sopA-TE","_links":{"self":[{"href":"https:\/\/impactocastex.com.ar\/index.php?rest_route=\/wp\/v2\/posts\/3450","targetHints":{"allow":["GET"]}}],"collection":[{"href":"https:\/\/impactocastex.com.ar\/index.php?rest_route=\/wp\/v2\/posts"}],"about":[{"href":"https:\/\/impactocastex.com.ar\/index.php?rest_route=\/wp\/v2\/types\/post"}],"author":[{"embeddable":true,"href":"https:\/\/impactocastex.com.ar\/index.php?rest_route=\/wp\/v2\/users\/1"}],"replies":[{"embeddable":true,"href":"https:\/\/impactocastex.com.ar\/index.php?rest_route=%2Fwp%2Fv2%2Fcomments&post=3450"}],"version-history":[{"count":0,"href":"https:\/\/impactocastex.com.ar\/index.php?rest_route=\/wp\/v2\/posts\/3450\/revisions"}],"wp:featuredmedia":[{"embeddable":true,"href":"https:\/\/impactocastex.com.ar\/index.php?rest_route=\/wp\/v2\/media\/3451"}],"wp:attachment":[{"href":"https:\/\/impactocastex.com.ar\/index.php?rest_route=%2Fwp%2Fv2%2Fmedia&parent=3450"}],"wp:term":[{"taxonomy":"category","embeddable":true,"href":"https:\/\/impactocastex.com.ar\/index.php?rest_route=%2Fwp%2Fv2%2Fcategories&post=3450"},{"taxonomy":"post_tag","embeddable":true,"href":"https:\/\/impactocastex.com.ar\/index.php?rest_route=%2Fwp%2Fv2%2Ftags&post=3450"}],"curies":[{"name":"wp","href":"https:\/\/api.w.org\/{rel}","templated":true}]}}