{"id":3021,"date":"2025-11-14T09:59:06","date_gmt":"2025-11-14T12:59:06","guid":{"rendered":"https:\/\/impactocastex.com.ar\/?p=3021"},"modified":"2025-11-14T09:59:07","modified_gmt":"2025-11-14T12:59:07","slug":"desensillar-hasta-que-aclare-ziliotto-afina-los-numeros-y-pisa-la-pelota-politica","status":"publish","type":"post","link":"https:\/\/impactocastex.com.ar\/?p=3021","title":{"rendered":"Desensillar hasta que aclare: Ziliotto afina los n\u00fameros y pisa la pelota pol\u00edtica"},"content":{"rendered":"\n<h2 class=\"wp-block-heading\">Norberto G. Asquini La gesti\u00f3n provincial del gobernador\u00a0<strong>Sergio Ziliotto\u00a0<\/strong>entr\u00f3, despu\u00e9s de las elecciones del 26 de octubre, en un\u00a0<strong>comp\u00e1s de espera.\u00a0<\/strong>El \u00edmpetu electoralista se desactiv\u00f3 y el gobernador parece haber decidido aplicar la vieja m\u00e1xima del general:\u00a0<strong>desensillar hasta que aclare<\/strong>. La raz\u00f3n no es una sola.<strong>\u00a0Hay turbulencias econ\u00f3micas y pol\u00edticas que marcan el ritmo y exigen una pausa para recalibrar la estrategia.<\/strong><\/h2>\n\n\n\n<p>Por un lado, tras la<strong>&nbsp;ola violeta<\/strong>&nbsp;y la contundente victoria del gobierno nacional en las urnas,<strong>&nbsp;el escenario cambi\u00f3.<\/strong>&nbsp;<strong>Ziliotto sali\u00f3 victorioso en La Pampa, pero el contexto lo obliga a moverse con prudencia.&nbsp;<\/strong>Mientras el gobierno central revalida su plan econ\u00f3mico de ajuste, el mandatario pampeano busca mantener el equilibrio:&nbsp;<strong>tender puentes con Naci\u00f3n, pero sin dejar de reclamar lo que a la provincia le corresponde<\/strong>. En esa l\u00ednea, volvi\u00f3 a sentarse en la mesa nacional para insistir con los fondos retenidos, y seguir adelante con los reclamos judiciales ante la Corte Suprema por los de las cajas previsionales de la provincia.<\/p>\n\n\n\n<p><strong>En lo econ\u00f3mico, el freno tiene otro motivo clave: la elaboraci\u00f3n del presupuesto 2026.&nbsp;<\/strong>Un presupuesto que deber\u00e1&nbsp;<strong>adaptarse a los tiempos de la motosierra<\/strong>, con Naci\u00f3n qued\u00e1ndose con recursos propios que han asfixiado a las provincias y la necesidad de sostener el orden fiscal.&nbsp;<strong>Se apunta nuevamente a d\u00e9ficit cero, pero a costa de recortes.<\/strong>&nbsp;Ya se anunciaron<strong>&nbsp;ajustes en los aranceles hospitalarios, habr\u00e1 menos obra p\u00fablica y una retracci\u00f3n del apoyo a la producci\u00f3n y el comercio<\/strong>. La&nbsp;<strong>prioridad&nbsp;<\/strong>es mantener una<strong>&nbsp;administraci\u00f3n ordenada<\/strong>, incluso si eso significa administrar la pobreza que deja el gobierno nacional,&nbsp;<strong>para poder atender a los sectores m\u00e1s golpeados por la p\u00e9rdida del poder adquisitivo.<\/strong><\/p>\n\n\n\n<p><br>La turbulencia econ\u00f3mica se mezcla, inevitablemente, con la pol\u00edtica.&nbsp;<strong>A nivel nacional, el oficialismo libertario se envalentona tras su victoria, mientras el peronismo sigue inmerso en la confusi\u00f3n e interna permanente. En La Pampa, la victoria electoral le dio a Ziliotto aire y respaldo, pero tambi\u00e9n abri\u00f3 el juego sucesorio hacia 2027.<\/strong><\/p>\n\n\n\n<p><br>El fuego amigo ya asoma:<strong>&nbsp;el vernismo no pierde presencia legislativa y mantiene su propio pulso pol\u00edtico presionando desde la C\u00e1mara de Diputados<\/strong>; el intendente<strong>&nbsp;Luciano di N\u00e1poli desde Santa Rosa ensaya movimientos que lo perfilan para la pr\u00f3xima disputa,<\/strong>&nbsp;y&nbsp;<strong>se arma para disputar una interna en 2027<\/strong>; y<strong>&nbsp;Fernanda Alonso, desde General Pico, aunque m\u00e1s reservada, tambi\u00e9n marca posici\u00f3n<\/strong>. Todos, en mayor o menor medida,<strong>&nbsp;se preparan para lo que viene.<\/strong><\/p>\n\n\n\n<p><br>En paralelo, dentro del propio gobierno, suena una discusi\u00f3n cada vez m\u00e1s fuerte:&nbsp;<strong>la necesidad de oxigenar la gesti\u00f3n.<\/strong>&nbsp;Hay quienes piden cambios en el gabinete, una renovaci\u00f3n que aporte aire pol\u00edtico y marque el comienzo de una nueva etapa. Pero Z<strong>iliotto no es un gobernador afecto a las movidas intempestivas.<\/strong>&nbsp;Prefiere la<strong>&nbsp;estabilidad<\/strong>, incluso cuando eso implique cierto desgaste. Adem\u00e1s, un cambio podr\u00eda interpretarse como una muestra de que se deja torcer el brazo por parte de la oposici\u00f3n interna.&nbsp;<strong>Los \u00fanicos movimientos en su entorno fueron, hasta ahora, por necesidad y no por c\u00e1lculo pol\u00edtico como el ingreso de tres intendentes en 2023.<\/strong><\/p>\n\n\n\n<p><br><strong>El dilema es claro: equipo que gana, no se toca<\/strong>. Pero los tiempos cambian, y la demanda de un nuevo impulso podr\u00eda convertirse en un desaf\u00edo inevitable para el gobernador.&nbsp;<strong>Ziliotto gan\u00f3 tiempo y m\u00fasculo con las urnas.<\/strong>&nbsp;Ahora, deber\u00e1 decidir si lo usa para consolidar su poder interno o para preparar el terreno hacia una transici\u00f3n ordenada.<\/p>\n\n\n\n<p><br><strong>Por ahora, la consigna sigue siendo la misma: desensillar hasta que aclare.&nbsp;<\/strong>El problema es que el horizonte pol\u00edtico y econ\u00f3mico de la Argentina no promete aclarar tan pronto.<\/p>\n\n\n\n<p>diariotextual.<\/p>\n","protected":false},"excerpt":{"rendered":"<p>Norberto G. Asquini La gesti\u00f3n provincial del gobernador\u00a0Sergio Ziliotto\u00a0entr\u00f3, despu\u00e9s de las elecciones del 26&#8230;<\/p>\n","protected":false},"author":2,"featured_media":3022,"comment_status":"closed","ping_status":"closed","sticky":false,"template":"","format":"standard","meta":{"_jetpack_memberships_contains_paid_content":false,"footnotes":"","jetpack_publicize_message":"Desensillar hasta que aclare: Ziliotto afina los n\u00fameros y pisa la pelota pol\u00edtica","jetpack_publicize_feature_enabled":true,"jetpack_social_post_already_shared":false,"jetpack_social_options":{"image_generator_settings":{"template":"highway","default_image_id":0,"font":"","enabled":false},"version":2}},"categories":[83],"tags":[],"class_list":["post-3021","post","type-post","status-publish","format-standard","has-post-thumbnail","hentry","category-la-pampa"],"yoast_head":"<!-- This site is optimized with the Yoast SEO plugin v27.4 - https:\/\/yoast.com\/product\/yoast-seo-wordpress\/ -->\n<title>Desensillar hasta que aclare: Ziliotto afina los n\u00fameros y pisa la pelota pol\u00edtica -<\/title>\n<meta name=\"robots\" content=\"index, follow, max-snippet:-1, max-image-preview:large, max-video-preview:-1\" \/>\n<link rel=\"canonical\" href=\"https:\/\/impactocastex.com.ar\/?p=3021\" \/>\n<meta property=\"og:locale\" content=\"es_ES\" \/>\n<meta property=\"og:type\" content=\"article\" \/>\n<meta property=\"og:title\" content=\"Desensillar hasta que aclare: Ziliotto afina los n\u00fameros y pisa la pelota pol\u00edtica -\" \/>\n<meta property=\"og:description\" content=\"Norberto G. Asquini La gesti\u00f3n provincial del gobernador\u00a0Sergio Ziliotto\u00a0entr\u00f3, despu\u00e9s de las elecciones del 26...\" \/>\n<meta property=\"og:url\" content=\"https:\/\/impactocastex.com.ar\/?p=3021\" \/>\n<meta property=\"article:publisher\" content=\"https:\/\/www.facebook.com\/impactocastexdiario\" \/>\n<meta property=\"article:published_time\" content=\"2025-11-14T12:59:06+00:00\" \/>\n<meta property=\"article:modified_time\" content=\"2025-11-14T12:59:07+00:00\" \/>\n<meta property=\"og:image\" content=\"https:\/\/impactocastex.com.ar\/wp-content\/uploads\/2025\/11\/ziliottosergiodiputadosaperturasesion2025-8.jpg\" \/>\n\t<meta property=\"og:image:width\" content=\"1500\" \/>\n\t<meta property=\"og:image:height\" content=\"946\" \/>\n\t<meta property=\"og:image:type\" content=\"image\/jpeg\" \/>\n<meta name=\"author\" content=\"impactocastex\" \/>\n<meta name=\"twitter:card\" content=\"summary_large_image\" \/>\n<meta name=\"twitter:label1\" content=\"Escrito por\" \/>\n\t<meta name=\"twitter:data1\" content=\"impactocastex\" \/>\n\t<meta name=\"twitter:label2\" content=\"Tiempo de lectura\" \/>\n\t<meta name=\"twitter:data2\" content=\"3 minutos\" \/>\n<script type=\"application\/ld+json\" class=\"yoast-schema-graph\">{\"@context\":\"https:\\\/\\\/schema.org\",\"@graph\":[{\"@type\":\"Article\",\"@id\":\"https:\\\/\\\/impactocastex.com.ar\\\/?p=3021#article\",\"isPartOf\":{\"@id\":\"https:\\\/\\\/impactocastex.com.ar\\\/?p=3021\"},\"author\":{\"name\":\"impactocastex\",\"@id\":\"https:\\\/\\\/impactocastex.com.ar\\\/#\\\/schema\\\/person\\\/c115028fb60f9bf49ce7550894b84ea7\"},\"headline\":\"Desensillar hasta que aclare: Ziliotto afina los n\u00fameros y pisa la pelota pol\u00edtica\",\"datePublished\":\"2025-11-14T12:59:06+00:00\",\"dateModified\":\"2025-11-14T12:59:07+00:00\",\"mainEntityOfPage\":{\"@id\":\"https:\\\/\\\/impactocastex.com.ar\\\/?p=3021\"},\"wordCount\":690,\"publisher\":{\"@id\":\"https:\\\/\\\/impactocastex.com.ar\\\/#organization\"},\"image\":{\"@id\":\"https:\\\/\\\/impactocastex.com.ar\\\/?p=3021#primaryimage\"},\"thumbnailUrl\":\"https:\\\/\\\/impactocastex.com.ar\\\/wp-content\\\/uploads\\\/2025\\\/11\\\/ziliottosergiodiputadosaperturasesion2025-8.jpg\",\"articleSection\":[\"LA PAMPA\"],\"inLanguage\":\"es\"},{\"@type\":\"WebPage\",\"@id\":\"https:\\\/\\\/impactocastex.com.ar\\\/?p=3021\",\"url\":\"https:\\\/\\\/impactocastex.com.ar\\\/?p=3021\",\"name\":\"Desensillar hasta que aclare: Ziliotto afina los n\u00fameros y pisa la pelota pol\u00edtica -\",\"isPartOf\":{\"@id\":\"https:\\\/\\\/impactocastex.com.ar\\\/#website\"},\"primaryImageOfPage\":{\"@id\":\"https:\\\/\\\/impactocastex.com.ar\\\/?p=3021#primaryimage\"},\"image\":{\"@id\":\"https:\\\/\\\/impactocastex.com.ar\\\/?p=3021#primaryimage\"},\"thumbnailUrl\":\"https:\\\/\\\/impactocastex.com.ar\\\/wp-content\\\/uploads\\\/2025\\\/11\\\/ziliottosergiodiputadosaperturasesion2025-8.jpg\",\"datePublished\":\"2025-11-14T12:59:06+00:00\",\"dateModified\":\"2025-11-14T12:59:07+00:00\",\"breadcrumb\":{\"@id\":\"https:\\\/\\\/impactocastex.com.ar\\\/?p=3021#breadcrumb\"},\"inLanguage\":\"es\",\"potentialAction\":[{\"@type\":\"ReadAction\",\"target\":[\"https:\\\/\\\/impactocastex.com.ar\\\/?p=3021\"]}]},{\"@type\":\"ImageObject\",\"inLanguage\":\"es\",\"@id\":\"https:\\\/\\\/impactocastex.com.ar\\\/?p=3021#primaryimage\",\"url\":\"https:\\\/\\\/impactocastex.com.ar\\\/wp-content\\\/uploads\\\/2025\\\/11\\\/ziliottosergiodiputadosaperturasesion2025-8.jpg\",\"contentUrl\":\"https:\\\/\\\/impactocastex.com.ar\\\/wp-content\\\/uploads\\\/2025\\\/11\\\/ziliottosergiodiputadosaperturasesion2025-8.jpg\",\"width\":1500,\"height\":946},{\"@type\":\"BreadcrumbList\",\"@id\":\"https:\\\/\\\/impactocastex.com.ar\\\/?p=3021#breadcrumb\",\"itemListElement\":[{\"@type\":\"ListItem\",\"position\":1,\"name\":\"Portada\",\"item\":\"https:\\\/\\\/impactocastex.com.ar\\\/\"},{\"@type\":\"ListItem\",\"position\":2,\"name\":\"Desensillar hasta que aclare: Ziliotto afina los n\u00fameros y pisa la pelota pol\u00edtica\"}]},{\"@type\":\"WebSite\",\"@id\":\"https:\\\/\\\/impactocastex.com.ar\\\/#website\",\"url\":\"https:\\\/\\\/impactocastex.com.ar\\\/\",\"name\":\"Impacto Castex\",\"description\":\"\",\"publisher\":{\"@id\":\"https:\\\/\\\/impactocastex.com.ar\\\/#organization\"},\"potentialAction\":[{\"@type\":\"SearchAction\",\"target\":{\"@type\":\"EntryPoint\",\"urlTemplate\":\"https:\\\/\\\/impactocastex.com.ar\\\/?s={search_term_string}\"},\"query-input\":{\"@type\":\"PropertyValueSpecification\",\"valueRequired\":true,\"valueName\":\"search_term_string\"}}],\"inLanguage\":\"es\"},{\"@type\":\"Organization\",\"@id\":\"https:\\\/\\\/impactocastex.com.ar\\\/#organization\",\"name\":\"Impacto Castex\",\"url\":\"https:\\\/\\\/impactocastex.com.ar\\\/\",\"logo\":{\"@type\":\"ImageObject\",\"inLanguage\":\"es\",\"@id\":\"https:\\\/\\\/impactocastex.com.ar\\\/#\\\/schema\\\/logo\\\/image\\\/\",\"url\":\"https:\\\/\\\/impactocastex.com.ar\\\/wp-content\\\/uploads\\\/2025\\\/09\\\/cropped-icoweb.png\",\"contentUrl\":\"https:\\\/\\\/impactocastex.com.ar\\\/wp-content\\\/uploads\\\/2025\\\/09\\\/cropped-icoweb.png\",\"width\":512,\"height\":512,\"caption\":\"Impacto Castex\"},\"image\":{\"@id\":\"https:\\\/\\\/impactocastex.com.ar\\\/#\\\/schema\\\/logo\\\/image\\\/\"},\"sameAs\":[\"https:\\\/\\\/www.facebook.com\\\/impactocastexdiario\",\"https:\\\/\\\/www.instagram.com\\\/impactocastex.com.ar\\\/\"]},{\"@type\":\"Person\",\"@id\":\"https:\\\/\\\/impactocastex.com.ar\\\/#\\\/schema\\\/person\\\/c115028fb60f9bf49ce7550894b84ea7\",\"name\":\"impactocastex\",\"image\":{\"@type\":\"ImageObject\",\"inLanguage\":\"es\",\"@id\":\"https:\\\/\\\/secure.gravatar.com\\\/avatar\\\/fee87e7af008f02e9becdc0b5a9fd4a2e79b3918a571edeacb62211704637833?s=96&d=mm&r=g\",\"url\":\"https:\\\/\\\/secure.gravatar.com\\\/avatar\\\/fee87e7af008f02e9becdc0b5a9fd4a2e79b3918a571edeacb62211704637833?s=96&d=mm&r=g\",\"contentUrl\":\"https:\\\/\\\/secure.gravatar.com\\\/avatar\\\/fee87e7af008f02e9becdc0b5a9fd4a2e79b3918a571edeacb62211704637833?s=96&d=mm&r=g\",\"caption\":\"impactocastex\"},\"sameAs\":[\"https:\\\/\\\/impactocastex.com.ar\\\/\"],\"url\":\"https:\\\/\\\/impactocastex.com.ar\\\/?author=2\"}]}<\/script>\n<!-- \/ Yoast SEO plugin. -->","yoast_head_json":{"title":"Desensillar hasta que aclare: Ziliotto afina los n\u00fameros y pisa la pelota pol\u00edtica -","robots":{"index":"index","follow":"follow","max-snippet":"max-snippet:-1","max-image-preview":"max-image-preview:large","max-video-preview":"max-video-preview:-1"},"canonical":"https:\/\/impactocastex.com.ar\/?p=3021","og_locale":"es_ES","og_type":"article","og_title":"Desensillar hasta que aclare: Ziliotto afina los n\u00fameros y pisa la pelota pol\u00edtica -","og_description":"Norberto G. Asquini La gesti\u00f3n provincial del gobernador\u00a0Sergio Ziliotto\u00a0entr\u00f3, despu\u00e9s de las elecciones del 26...","og_url":"https:\/\/impactocastex.com.ar\/?p=3021","article_publisher":"https:\/\/www.facebook.com\/impactocastexdiario","article_published_time":"2025-11-14T12:59:06+00:00","article_modified_time":"2025-11-14T12:59:07+00:00","og_image":[{"width":1500,"height":946,"url":"https:\/\/impactocastex.com.ar\/wp-content\/uploads\/2025\/11\/ziliottosergiodiputadosaperturasesion2025-8.jpg","type":"image\/jpeg"}],"author":"impactocastex","twitter_card":"summary_large_image","twitter_misc":{"Escrito por":"impactocastex","Tiempo de lectura":"3 minutos"},"schema":{"@context":"https:\/\/schema.org","@graph":[{"@type":"Article","@id":"https:\/\/impactocastex.com.ar\/?p=3021#article","isPartOf":{"@id":"https:\/\/impactocastex.com.ar\/?p=3021"},"author":{"name":"impactocastex","@id":"https:\/\/impactocastex.com.ar\/#\/schema\/person\/c115028fb60f9bf49ce7550894b84ea7"},"headline":"Desensillar hasta que aclare: Ziliotto afina los n\u00fameros y pisa la pelota pol\u00edtica","datePublished":"2025-11-14T12:59:06+00:00","dateModified":"2025-11-14T12:59:07+00:00","mainEntityOfPage":{"@id":"https:\/\/impactocastex.com.ar\/?p=3021"},"wordCount":690,"publisher":{"@id":"https:\/\/impactocastex.com.ar\/#organization"},"image":{"@id":"https:\/\/impactocastex.com.ar\/?p=3021#primaryimage"},"thumbnailUrl":"https:\/\/impactocastex.com.ar\/wp-content\/uploads\/2025\/11\/ziliottosergiodiputadosaperturasesion2025-8.jpg","articleSection":["LA PAMPA"],"inLanguage":"es"},{"@type":"WebPage","@id":"https:\/\/impactocastex.com.ar\/?p=3021","url":"https:\/\/impactocastex.com.ar\/?p=3021","name":"Desensillar hasta que aclare: Ziliotto afina los n\u00fameros y pisa la pelota pol\u00edtica -","isPartOf":{"@id":"https:\/\/impactocastex.com.ar\/#website"},"primaryImageOfPage":{"@id":"https:\/\/impactocastex.com.ar\/?p=3021#primaryimage"},"image":{"@id":"https:\/\/impactocastex.com.ar\/?p=3021#primaryimage"},"thumbnailUrl":"https:\/\/impactocastex.com.ar\/wp-content\/uploads\/2025\/11\/ziliottosergiodiputadosaperturasesion2025-8.jpg","datePublished":"2025-11-14T12:59:06+00:00","dateModified":"2025-11-14T12:59:07+00:00","breadcrumb":{"@id":"https:\/\/impactocastex.com.ar\/?p=3021#breadcrumb"},"inLanguage":"es","potentialAction":[{"@type":"ReadAction","target":["https:\/\/impactocastex.com.ar\/?p=3021"]}]},{"@type":"ImageObject","inLanguage":"es","@id":"https:\/\/impactocastex.com.ar\/?p=3021#primaryimage","url":"https:\/\/impactocastex.com.ar\/wp-content\/uploads\/2025\/11\/ziliottosergiodiputadosaperturasesion2025-8.jpg","contentUrl":"https:\/\/impactocastex.com.ar\/wp-content\/uploads\/2025\/11\/ziliottosergiodiputadosaperturasesion2025-8.jpg","width":1500,"height":946},{"@type":"BreadcrumbList","@id":"https:\/\/impactocastex.com.ar\/?p=3021#breadcrumb","itemListElement":[{"@type":"ListItem","position":1,"name":"Portada","item":"https:\/\/impactocastex.com.ar\/"},{"@type":"ListItem","position":2,"name":"Desensillar hasta que aclare: Ziliotto afina los n\u00fameros y pisa la pelota pol\u00edtica"}]},{"@type":"WebSite","@id":"https:\/\/impactocastex.com.ar\/#website","url":"https:\/\/impactocastex.com.ar\/","name":"Impacto Castex","description":"","publisher":{"@id":"https:\/\/impactocastex.com.ar\/#organization"},"potentialAction":[{"@type":"SearchAction","target":{"@type":"EntryPoint","urlTemplate":"https:\/\/impactocastex.com.ar\/?s={search_term_string}"},"query-input":{"@type":"PropertyValueSpecification","valueRequired":true,"valueName":"search_term_string"}}],"inLanguage":"es"},{"@type":"Organization","@id":"https:\/\/impactocastex.com.ar\/#organization","name":"Impacto Castex","url":"https:\/\/impactocastex.com.ar\/","logo":{"@type":"ImageObject","inLanguage":"es","@id":"https:\/\/impactocastex.com.ar\/#\/schema\/logo\/image\/","url":"https:\/\/impactocastex.com.ar\/wp-content\/uploads\/2025\/09\/cropped-icoweb.png","contentUrl":"https:\/\/impactocastex.com.ar\/wp-content\/uploads\/2025\/09\/cropped-icoweb.png","width":512,"height":512,"caption":"Impacto Castex"},"image":{"@id":"https:\/\/impactocastex.com.ar\/#\/schema\/logo\/image\/"},"sameAs":["https:\/\/www.facebook.com\/impactocastexdiario","https:\/\/www.instagram.com\/impactocastex.com.ar\/"]},{"@type":"Person","@id":"https:\/\/impactocastex.com.ar\/#\/schema\/person\/c115028fb60f9bf49ce7550894b84ea7","name":"impactocastex","image":{"@type":"ImageObject","inLanguage":"es","@id":"https:\/\/secure.gravatar.com\/avatar\/fee87e7af008f02e9becdc0b5a9fd4a2e79b3918a571edeacb62211704637833?s=96&d=mm&r=g","url":"https:\/\/secure.gravatar.com\/avatar\/fee87e7af008f02e9becdc0b5a9fd4a2e79b3918a571edeacb62211704637833?s=96&d=mm&r=g","contentUrl":"https:\/\/secure.gravatar.com\/avatar\/fee87e7af008f02e9becdc0b5a9fd4a2e79b3918a571edeacb62211704637833?s=96&d=mm&r=g","caption":"impactocastex"},"sameAs":["https:\/\/impactocastex.com.ar\/"],"url":"https:\/\/impactocastex.com.ar\/?author=2"}]}},"jetpack_publicize_connections":[],"featured_image_urls":{"full":["https:\/\/impactocastex.com.ar\/wp-content\/uploads\/2025\/11\/ziliottosergiodiputadosaperturasesion2025-8.jpg",1500,946,false],"thumbnail":["https:\/\/impactocastex.com.ar\/wp-content\/uploads\/2025\/11\/ziliottosergiodiputadosaperturasesion2025-8-150x150.jpg",150,150,true],"medium":["https:\/\/impactocastex.com.ar\/wp-content\/uploads\/2025\/11\/ziliottosergiodiputadosaperturasesion2025-8-300x189.jpg",300,189,true],"medium_large":["https:\/\/impactocastex.com.ar\/wp-content\/uploads\/2025\/11\/ziliottosergiodiputadosaperturasesion2025-8-768x484.jpg",640,403,true],"large":["https:\/\/impactocastex.com.ar\/wp-content\/uploads\/2025\/11\/ziliottosergiodiputadosaperturasesion2025-8-1024x646.jpg",640,404,true],"1536x1536":["https:\/\/impactocastex.com.ar\/wp-content\/uploads\/2025\/11\/ziliottosergiodiputadosaperturasesion2025-8.jpg",1500,946,false],"2048x2048":["https:\/\/impactocastex.com.ar\/wp-content\/uploads\/2025\/11\/ziliottosergiodiputadosaperturasesion2025-8.jpg",1500,946,false],"newsever-slider-full":["https:\/\/impactocastex.com.ar\/wp-content\/uploads\/2025\/11\/ziliottosergiodiputadosaperturasesion2025-8-1280x845.jpg",1280,845,true],"newsever-featured":["https:\/\/impactocastex.com.ar\/wp-content\/uploads\/2025\/11\/ziliottosergiodiputadosaperturasesion2025-8-1024x646.jpg",1024,646,true],"newsever-medium":["https:\/\/impactocastex.com.ar\/wp-content\/uploads\/2025\/11\/ziliottosergiodiputadosaperturasesion2025-8-720x475.jpg",720,475,true]},"author_info":{"info":["impactocastex"]},"category_info":"<a href=\"https:\/\/impactocastex.com.ar\/?cat=83\" rel=\"category\">LA PAMPA<\/a>","tag_info":"LA PAMPA","comment_count":0,"jetpack_featured_media_url":"https:\/\/impactocastex.com.ar\/wp-content\/uploads\/2025\/11\/ziliottosergiodiputadosaperturasesion2025-8.jpg","jetpack_sharing_enabled":true,"jetpack_likes_enabled":true,"jetpack_shortlink":"https:\/\/wp.me\/p7sopA-MJ","_links":{"self":[{"href":"https:\/\/impactocastex.com.ar\/index.php?rest_route=\/wp\/v2\/posts\/3021","targetHints":{"allow":["GET"]}}],"collection":[{"href":"https:\/\/impactocastex.com.ar\/index.php?rest_route=\/wp\/v2\/posts"}],"about":[{"href":"https:\/\/impactocastex.com.ar\/index.php?rest_route=\/wp\/v2\/types\/post"}],"author":[{"embeddable":true,"href":"https:\/\/impactocastex.com.ar\/index.php?rest_route=\/wp\/v2\/users\/2"}],"replies":[{"embeddable":true,"href":"https:\/\/impactocastex.com.ar\/index.php?rest_route=%2Fwp%2Fv2%2Fcomments&post=3021"}],"version-history":[{"count":1,"href":"https:\/\/impactocastex.com.ar\/index.php?rest_route=\/wp\/v2\/posts\/3021\/revisions"}],"predecessor-version":[{"id":3023,"href":"https:\/\/impactocastex.com.ar\/index.php?rest_route=\/wp\/v2\/posts\/3021\/revisions\/3023"}],"wp:featuredmedia":[{"embeddable":true,"href":"https:\/\/impactocastex.com.ar\/index.php?rest_route=\/wp\/v2\/media\/3022"}],"wp:attachment":[{"href":"https:\/\/impactocastex.com.ar\/index.php?rest_route=%2Fwp%2Fv2%2Fmedia&parent=3021"}],"wp:term":[{"taxonomy":"category","embeddable":true,"href":"https:\/\/impactocastex.com.ar\/index.php?rest_route=%2Fwp%2Fv2%2Fcategories&post=3021"},{"taxonomy":"post_tag","embeddable":true,"href":"https:\/\/impactocastex.com.ar\/index.php?rest_route=%2Fwp%2Fv2%2Ftags&post=3021"}],"curies":[{"name":"wp","href":"https:\/\/api.w.org\/{rel}","templated":true}]}}