{"id":2977,"date":"2025-11-13T19:17:46","date_gmt":"2025-11-13T22:17:46","guid":{"rendered":"https:\/\/impactocastex.com.ar\/?p=2977"},"modified":"2025-11-13T19:17:47","modified_gmt":"2025-11-13T22:17:47","slug":"femicidio-en-monte-nievas-el-desgarrador-testimonio-de-melin-el-hijo-de-raquel-amaya","status":"publish","type":"post","link":"https:\/\/impactocastex.com.ar\/?p=2977","title":{"rendered":"Femicidio en Monte Nievas: El desgarrador testimonio de Melin el hijo de Raquel Amaya."},"content":{"rendered":"\n<figure class=\"wp-block-image size-large\"><img loading=\"lazy\" decoding=\"async\" width=\"1024\" height=\"539\" src=\"https:\/\/impactocastex.com.ar\/wp-content\/uploads\/2025\/11\/image-26-1024x539.png\" alt=\"\" class=\"wp-image-2982\" srcset=\"https:\/\/impactocastex.com.ar\/wp-content\/uploads\/2025\/11\/image-26-1024x539.png 1024w, https:\/\/impactocastex.com.ar\/wp-content\/uploads\/2025\/11\/image-26-300x158.png 300w, https:\/\/impactocastex.com.ar\/wp-content\/uploads\/2025\/11\/image-26-768x404.png 768w, https:\/\/impactocastex.com.ar\/wp-content\/uploads\/2025\/11\/image-26.png 1068w\" sizes=\"auto, (max-width: 1024px) 100vw, 1024px\" \/><\/figure>\n\n\n\n<p><strong>\u201cEst\u00e1bamos frente a frente a \u00e9l (NdR: se refiere al femicida Fabricio Borges). La verdad que las sensaciones en todo momento, fueron abalanzarme sobre \u00e9l y hacerle los mil da\u00f1os que le hizo a mi madre\u2026pero no qued\u00f3 otra que contenerme, porque hoy soy el responsable legal de mi hermano Benjam\u00edn, el ni\u00f1o que mi madre y este asesino ten\u00edan en com\u00fan\u201d, confes\u00f3 Sergio Mel\u00edn, el hijo de Raquel Amaya, la mujer que fue asesinada \u2013en junio del a\u00f1o pasado- por su pareja en Monte Nievas. \u201cLas pruebas presentadas y toda la reconstrucci\u00f3n que present\u00f3 el fiscal Guillermo Komarovsky, fueron muy contundentes. La Defensor\u00eda pr\u00e1cticamente no hizo objeci\u00f3n a ninguna de las pruebas, a ninguno de los testimonios, ya sean vecinos de la localidad de Monte Nievas como el m\u00e9dico forense y la gente de (la Divisi\u00f3n) Criminal\u00edstica. La verdad que de nuestra parte estamos conformes c\u00f3mo se dio el juicio, y esperamos y apelamos a la justicia para que el jueves 27 se confirme la sentencia de condena perpetua\u201d, expres\u00f3.<\/strong><\/p>\n\n\n\n<p>Mel\u00edn y una hermana que reside en C\u00f3rdoba estuvieron los dos d\u00edas que dur\u00f3 el juicio oral en el Centro Judicial de General Pico, por el femicidio de Raquel Amaya. El acusado, que adem\u00e1s confes\u00f3 su autor\u00eda, es Fabricio Borges.<\/p>\n\n\n\n<p>En el juicio qued\u00f3 confirmado que Borges ahorc\u00f3 con una soga a la mujer, durante la madrugada del viernes 28 de junio del a\u00f1o pasado, en la vivienda que compart\u00edan en Monte Nievas. En la misma habitaci\u00f3n donde cometi\u00f3 el femicidio, dorm\u00eda el hijo de ambos de 8 a\u00f1os. La v\u00edctima tambi\u00e9n fue abusada sexualmente.<\/p>\n\n\n\n<p>Borges y Amaya estaban separados desde un tiempo, pero conviv\u00edan en la misma casa. La v\u00edctima sufr\u00eda violencia f\u00edsica, sexual, econ\u00f3mica y psicol\u00f3gica. Borges tras asesinar a la mujer, intent\u00f3 descartar el cuerpo. Inicialmente se dirigi\u00f3 por la ruta provincial 102 hacia el este, despu\u00e9s regreso a una plantaci\u00f3n hacia la zona de Eduardo Castex y finalmente descart\u00f3 el cad\u00e1ver en la bajada al camino de La Cruz, entre Monte Nievas y Metileo.<\/p>\n\n\n\n<p><strong>Molestias.<\/strong><\/p>\n\n\n\n<p>Mel\u00edn confes\u00f3 su \u201cmolestia\u201d, en una comunicaci\u00f3n telef\u00f3nica, con el intendente de Monte Nievas, Germ\u00e1n Wilberger, porque \u201cen un pueblo de 400 o 500 habitantes no pod\u00eda desconocer la situaci\u00f3n que atravesaba la familia, si realmente desconoc\u00eda esta situaci\u00f3n es porque no le interesan los habitantes de su pueblo y no camina las calles\u201d. Incluso, en su momento Mel\u00edn, revel\u00f3 que el jefe comunal se habr\u00eda comunicado con su madre cuando se encontraba en Pico Truncado para pedirle que regresara a Monte Nievas.<\/p>\n\n\n\n<p>Tambi\u00e9n lament\u00f3 la ausencia de la secretaria de la Mujer de La Pampa, porque inicialmente se constituy\u00f3 como querellante para participar en el juicio, pero los asesores legales no se presentaron. \u201cEs una realidad muy triste que no nos hayan acompa\u00f1ado. El \u00fanico que hizo la defensa, estuvo presente e hizo un excelente trabajo fue el fiscal Guillermo Komarowski\u201d, asegur\u00f3.<\/p>\n\n\n\n<p><strong>\u00abMuy duro\u00bb.<\/strong><\/p>\n\n\n\n<p>\u201cNo es nada grato volver a rememorar, a recordar todo lo sucedido con el asesinato de mi madre, y fueron dos d\u00edas muy dif\u00edciles para nosotros, pero sent\u00edamos (la necesidad) como hijos de Raquel de estar presentes\u201d, dijo. Y anticip\u00f3 que no podr\u00e1 estar presente cuando se anuncie la condena, porque tiene que trabajar.<\/p>\n\n\n\n<p><strong>-Mel\u00edn, \u00bfQu\u00e9 sensaci\u00f3n tuvo cuando se escuch\u00f3 la confesi\u00f3n de Borges que hac\u00eda tiempo ten\u00eda decido asesinar a su madre?<\/strong><\/p>\n\n\n\n<p>-Eso fue el primer d\u00eda, porque \u00e9l no declar\u00f3, sino que se baso en las declaraciones que hizo cuando fue detenido. La verdad es que fue una declaraci\u00f3n victimizante que no tiene nada que ver con la semejante barbarie que cometi\u00f3.<\/p>\n\n\n\n<p><strong>-\u00bfPor qu\u00e9 dice eso?<\/strong><\/p>\n\n\n\n<p>Sus argumentos eran que \u00e9l era el que sufr\u00eda violencia por parte de mi madre, que ten\u00eda miedo. Tambi\u00e9n quiso culpar a una de mis hermanas, que realiz\u00f3 un viaje de visita a mi madre, y quiso justificar un hecho que cometi\u00f3 durante una madrugada, cuando intent\u00f3 ingresar a la pieza donde ella dorm\u00eda con mi hermanito, e intent\u00f3 tocarla o levantarle el cubrecama. \u00c9l sostuvo que ese fue el punto de quiebre entre mi mam\u00e1 y \u00e9l, intentando decir que mi hermana era una mentirosa.<\/p>\n\n\n\n<p><strong>-Incluso su madre se hab\u00eda ido a Pico Truncado, pero despu\u00e9s regres\u00f3 a Monte Nievas.<\/strong><\/p>\n\n\n\n<p>-Claro, ella viaj\u00f3, como hizo varias veces. Estaba all\u00e1. Recuerdo que \u00e9l utilizaba diferentes tel\u00e9fonos para mandar mensajes. Nosotros intentamos convencer a mi mam\u00e1 para que se quedar\u00e1 con nosotros, pero por ah\u00ed hay decisiones que toman las personas, que uno no las entiende. Pero, ella sufri\u00f3 mucho da\u00f1o psicol\u00f3gico y tambi\u00e9n hubo da\u00f1o econ\u00f3mico hacia mi hermano de su parte.<\/p>\n\n\n\n<p><strong>-Mel\u00edn, todo indica que Borges ser\u00e1 condenado a prisi\u00f3n perpetua.<\/strong><\/p>\n\n\n\n<p>-S\u00ed, la verdad que quiero destacar el trabajo del fiscal Guillermo Komarowski, que hizo un excelente trabajo. Lastima que, como te dec\u00eda, no sab\u00edamos que las sentencias se iban a dictar dentro de 10 d\u00edas, y no podremos estar presentes, pero s\u00ed estamos convencidos de que la condena va a ser as\u00ed.<\/p>\n\n\n\n<figure class=\"wp-block-embed is-type-video is-provider-youtube wp-block-embed-youtube wp-embed-aspect-16-9 wp-has-aspect-ratio\"><div class=\"wp-block-embed__wrapper\">\n<iframe loading=\"lazy\" title=\"TVCO NOTICIS - Comienza el juicio por el femicidio de Monte Nievas\" width=\"640\" height=\"360\" src=\"https:\/\/www.youtube.com\/embed\/8Ummg1xuGWg?feature=oembed\" frameborder=\"0\" allow=\"accelerometer; autoplay; clipboard-write; encrypted-media; gyroscope; picture-in-picture; web-share\" referrerpolicy=\"strict-origin-when-cross-origin\" allowfullscreen><\/iframe>\n<\/div><\/figure>\n","protected":false},"excerpt":{"rendered":"<p>\u201cEst\u00e1bamos frente a frente a \u00e9l (NdR: se refiere al femicida Fabricio Borges). La verdad&#8230;<\/p>\n","protected":false},"author":3,"featured_media":2981,"comment_status":"closed","ping_status":"closed","sticky":false,"template":"","format":"standard","meta":{"_jetpack_memberships_contains_paid_content":false,"footnotes":"","jetpack_publicize_message":"Femicidio en Monte Nievas: El desgarrador testimonio de Melin el hijo de Raquel Amaya.","jetpack_publicize_feature_enabled":true,"jetpack_social_post_already_shared":false,"jetpack_social_options":{"image_generator_settings":{"template":"highway","default_image_id":0,"font":"","enabled":false},"version":2}},"categories":[85],"tags":[],"class_list":["post-2977","post","type-post","status-publish","format-standard","has-post-thumbnail","hentry","category-policiales"],"yoast_head":"<!-- This site is optimized with the Yoast SEO plugin v27.4 - https:\/\/yoast.com\/product\/yoast-seo-wordpress\/ -->\n<title>Femicidio en Monte Nievas: El desgarrador testimonio de Melin el hijo de Raquel Amaya. -<\/title>\n<meta name=\"robots\" content=\"index, follow, max-snippet:-1, max-image-preview:large, max-video-preview:-1\" \/>\n<link rel=\"canonical\" href=\"https:\/\/impactocastex.com.ar\/?p=2977\" \/>\n<meta property=\"og:locale\" content=\"es_ES\" \/>\n<meta property=\"og:type\" content=\"article\" \/>\n<meta property=\"og:title\" content=\"Femicidio en Monte Nievas: El desgarrador testimonio de Melin el hijo de Raquel Amaya. -\" \/>\n<meta property=\"og:description\" content=\"\u201cEst\u00e1bamos frente a frente a \u00e9l (NdR: se refiere al femicida Fabricio Borges). La verdad...\" \/>\n<meta property=\"og:url\" content=\"https:\/\/impactocastex.com.ar\/?p=2977\" \/>\n<meta property=\"article:publisher\" content=\"https:\/\/www.facebook.com\/impactocastexdiario\" \/>\n<meta property=\"article:published_time\" content=\"2025-11-13T22:17:46+00:00\" \/>\n<meta property=\"article:modified_time\" content=\"2025-11-13T22:17:47+00:00\" \/>\n<meta property=\"og:image\" content=\"https:\/\/impactocastex.com.ar\/wp-content\/uploads\/2025\/11\/image-25.png\" \/>\n\t<meta property=\"og:image:width\" content=\"1068\" \/>\n\t<meta property=\"og:image:height\" content=\"562\" \/>\n\t<meta property=\"og:image:type\" content=\"image\/png\" \/>\n<meta name=\"author\" content=\"impactocastex\" \/>\n<meta name=\"twitter:card\" content=\"summary_large_image\" \/>\n<meta name=\"twitter:label1\" content=\"Escrito por\" \/>\n\t<meta name=\"twitter:data1\" content=\"impactocastex\" \/>\n\t<meta name=\"twitter:label2\" content=\"Tiempo de lectura\" \/>\n\t<meta name=\"twitter:data2\" content=\"5 minutos\" \/>\n<script type=\"application\/ld+json\" class=\"yoast-schema-graph\">{\"@context\":\"https:\\\/\\\/schema.org\",\"@graph\":[{\"@type\":\"Article\",\"@id\":\"https:\\\/\\\/impactocastex.com.ar\\\/?p=2977#article\",\"isPartOf\":{\"@id\":\"https:\\\/\\\/impactocastex.com.ar\\\/?p=2977\"},\"author\":{\"name\":\"impactocastex\",\"@id\":\"https:\\\/\\\/impactocastex.com.ar\\\/#\\\/schema\\\/person\\\/b327b0ea8bfcd892e3a9af496709745e\"},\"headline\":\"Femicidio en Monte Nievas: El desgarrador testimonio de Melin el hijo de Raquel Amaya.\",\"datePublished\":\"2025-11-13T22:17:46+00:00\",\"dateModified\":\"2025-11-13T22:17:47+00:00\",\"mainEntityOfPage\":{\"@id\":\"https:\\\/\\\/impactocastex.com.ar\\\/?p=2977\"},\"wordCount\":918,\"publisher\":{\"@id\":\"https:\\\/\\\/impactocastex.com.ar\\\/#organization\"},\"image\":{\"@id\":\"https:\\\/\\\/impactocastex.com.ar\\\/?p=2977#primaryimage\"},\"thumbnailUrl\":\"https:\\\/\\\/impactocastex.com.ar\\\/wp-content\\\/uploads\\\/2025\\\/11\\\/image-25.png\",\"articleSection\":[\"POLICIALES\"],\"inLanguage\":\"es\"},{\"@type\":\"WebPage\",\"@id\":\"https:\\\/\\\/impactocastex.com.ar\\\/?p=2977\",\"url\":\"https:\\\/\\\/impactocastex.com.ar\\\/?p=2977\",\"name\":\"Femicidio en Monte Nievas: El desgarrador testimonio de Melin el hijo de Raquel Amaya. -\",\"isPartOf\":{\"@id\":\"https:\\\/\\\/impactocastex.com.ar\\\/#website\"},\"primaryImageOfPage\":{\"@id\":\"https:\\\/\\\/impactocastex.com.ar\\\/?p=2977#primaryimage\"},\"image\":{\"@id\":\"https:\\\/\\\/impactocastex.com.ar\\\/?p=2977#primaryimage\"},\"thumbnailUrl\":\"https:\\\/\\\/impactocastex.com.ar\\\/wp-content\\\/uploads\\\/2025\\\/11\\\/image-25.png\",\"datePublished\":\"2025-11-13T22:17:46+00:00\",\"dateModified\":\"2025-11-13T22:17:47+00:00\",\"breadcrumb\":{\"@id\":\"https:\\\/\\\/impactocastex.com.ar\\\/?p=2977#breadcrumb\"},\"inLanguage\":\"es\",\"potentialAction\":[{\"@type\":\"ReadAction\",\"target\":[\"https:\\\/\\\/impactocastex.com.ar\\\/?p=2977\"]}]},{\"@type\":\"ImageObject\",\"inLanguage\":\"es\",\"@id\":\"https:\\\/\\\/impactocastex.com.ar\\\/?p=2977#primaryimage\",\"url\":\"https:\\\/\\\/impactocastex.com.ar\\\/wp-content\\\/uploads\\\/2025\\\/11\\\/image-25.png\",\"contentUrl\":\"https:\\\/\\\/impactocastex.com.ar\\\/wp-content\\\/uploads\\\/2025\\\/11\\\/image-25.png\",\"width\":1068,\"height\":562},{\"@type\":\"BreadcrumbList\",\"@id\":\"https:\\\/\\\/impactocastex.com.ar\\\/?p=2977#breadcrumb\",\"itemListElement\":[{\"@type\":\"ListItem\",\"position\":1,\"name\":\"Portada\",\"item\":\"https:\\\/\\\/impactocastex.com.ar\\\/\"},{\"@type\":\"ListItem\",\"position\":2,\"name\":\"Femicidio en Monte Nievas: El desgarrador testimonio de Melin el hijo de Raquel Amaya.\"}]},{\"@type\":\"WebSite\",\"@id\":\"https:\\\/\\\/impactocastex.com.ar\\\/#website\",\"url\":\"https:\\\/\\\/impactocastex.com.ar\\\/\",\"name\":\"Impacto Castex\",\"description\":\"\",\"publisher\":{\"@id\":\"https:\\\/\\\/impactocastex.com.ar\\\/#organization\"},\"potentialAction\":[{\"@type\":\"SearchAction\",\"target\":{\"@type\":\"EntryPoint\",\"urlTemplate\":\"https:\\\/\\\/impactocastex.com.ar\\\/?s={search_term_string}\"},\"query-input\":{\"@type\":\"PropertyValueSpecification\",\"valueRequired\":true,\"valueName\":\"search_term_string\"}}],\"inLanguage\":\"es\"},{\"@type\":\"Organization\",\"@id\":\"https:\\\/\\\/impactocastex.com.ar\\\/#organization\",\"name\":\"Impacto Castex\",\"url\":\"https:\\\/\\\/impactocastex.com.ar\\\/\",\"logo\":{\"@type\":\"ImageObject\",\"inLanguage\":\"es\",\"@id\":\"https:\\\/\\\/impactocastex.com.ar\\\/#\\\/schema\\\/logo\\\/image\\\/\",\"url\":\"https:\\\/\\\/impactocastex.com.ar\\\/wp-content\\\/uploads\\\/2025\\\/09\\\/cropped-icoweb.png\",\"contentUrl\":\"https:\\\/\\\/impactocastex.com.ar\\\/wp-content\\\/uploads\\\/2025\\\/09\\\/cropped-icoweb.png\",\"width\":512,\"height\":512,\"caption\":\"Impacto Castex\"},\"image\":{\"@id\":\"https:\\\/\\\/impactocastex.com.ar\\\/#\\\/schema\\\/logo\\\/image\\\/\"},\"sameAs\":[\"https:\\\/\\\/www.facebook.com\\\/impactocastexdiario\",\"https:\\\/\\\/www.instagram.com\\\/impactocastex.com.ar\\\/\"]},{\"@type\":\"Person\",\"@id\":\"https:\\\/\\\/impactocastex.com.ar\\\/#\\\/schema\\\/person\\\/b327b0ea8bfcd892e3a9af496709745e\",\"name\":\"impactocastex\",\"image\":{\"@type\":\"ImageObject\",\"inLanguage\":\"es\",\"@id\":\"https:\\\/\\\/secure.gravatar.com\\\/avatar\\\/2babee7427073efe23b5f05473c4b44740c8b042657b92cec07b5d0db7429355?s=96&d=mm&r=g\",\"url\":\"https:\\\/\\\/secure.gravatar.com\\\/avatar\\\/2babee7427073efe23b5f05473c4b44740c8b042657b92cec07b5d0db7429355?s=96&d=mm&r=g\",\"contentUrl\":\"https:\\\/\\\/secure.gravatar.com\\\/avatar\\\/2babee7427073efe23b5f05473c4b44740c8b042657b92cec07b5d0db7429355?s=96&d=mm&r=g\",\"caption\":\"impactocastex\"},\"sameAs\":[\"https:\\\/\\\/impactocastex.com.ar\\\/\"],\"url\":\"https:\\\/\\\/impactocastex.com.ar\\\/?author=3\"}]}<\/script>\n<!-- \/ Yoast SEO plugin. -->","yoast_head_json":{"title":"Femicidio en Monte Nievas: El desgarrador testimonio de Melin el hijo de Raquel Amaya. -","robots":{"index":"index","follow":"follow","max-snippet":"max-snippet:-1","max-image-preview":"max-image-preview:large","max-video-preview":"max-video-preview:-1"},"canonical":"https:\/\/impactocastex.com.ar\/?p=2977","og_locale":"es_ES","og_type":"article","og_title":"Femicidio en Monte Nievas: El desgarrador testimonio de Melin el hijo de Raquel Amaya. -","og_description":"\u201cEst\u00e1bamos frente a frente a \u00e9l (NdR: se refiere al femicida Fabricio Borges). La verdad...","og_url":"https:\/\/impactocastex.com.ar\/?p=2977","article_publisher":"https:\/\/www.facebook.com\/impactocastexdiario","article_published_time":"2025-11-13T22:17:46+00:00","article_modified_time":"2025-11-13T22:17:47+00:00","og_image":[{"width":1068,"height":562,"url":"https:\/\/impactocastex.com.ar\/wp-content\/uploads\/2025\/11\/image-25.png","type":"image\/png"}],"author":"impactocastex","twitter_card":"summary_large_image","twitter_misc":{"Escrito por":"impactocastex","Tiempo de lectura":"5 minutos"},"schema":{"@context":"https:\/\/schema.org","@graph":[{"@type":"Article","@id":"https:\/\/impactocastex.com.ar\/?p=2977#article","isPartOf":{"@id":"https:\/\/impactocastex.com.ar\/?p=2977"},"author":{"name":"impactocastex","@id":"https:\/\/impactocastex.com.ar\/#\/schema\/person\/b327b0ea8bfcd892e3a9af496709745e"},"headline":"Femicidio en Monte Nievas: El desgarrador testimonio de Melin el hijo de Raquel Amaya.","datePublished":"2025-11-13T22:17:46+00:00","dateModified":"2025-11-13T22:17:47+00:00","mainEntityOfPage":{"@id":"https:\/\/impactocastex.com.ar\/?p=2977"},"wordCount":918,"publisher":{"@id":"https:\/\/impactocastex.com.ar\/#organization"},"image":{"@id":"https:\/\/impactocastex.com.ar\/?p=2977#primaryimage"},"thumbnailUrl":"https:\/\/impactocastex.com.ar\/wp-content\/uploads\/2025\/11\/image-25.png","articleSection":["POLICIALES"],"inLanguage":"es"},{"@type":"WebPage","@id":"https:\/\/impactocastex.com.ar\/?p=2977","url":"https:\/\/impactocastex.com.ar\/?p=2977","name":"Femicidio en Monte Nievas: El desgarrador testimonio de Melin el hijo de Raquel Amaya. -","isPartOf":{"@id":"https:\/\/impactocastex.com.ar\/#website"},"primaryImageOfPage":{"@id":"https:\/\/impactocastex.com.ar\/?p=2977#primaryimage"},"image":{"@id":"https:\/\/impactocastex.com.ar\/?p=2977#primaryimage"},"thumbnailUrl":"https:\/\/impactocastex.com.ar\/wp-content\/uploads\/2025\/11\/image-25.png","datePublished":"2025-11-13T22:17:46+00:00","dateModified":"2025-11-13T22:17:47+00:00","breadcrumb":{"@id":"https:\/\/impactocastex.com.ar\/?p=2977#breadcrumb"},"inLanguage":"es","potentialAction":[{"@type":"ReadAction","target":["https:\/\/impactocastex.com.ar\/?p=2977"]}]},{"@type":"ImageObject","inLanguage":"es","@id":"https:\/\/impactocastex.com.ar\/?p=2977#primaryimage","url":"https:\/\/impactocastex.com.ar\/wp-content\/uploads\/2025\/11\/image-25.png","contentUrl":"https:\/\/impactocastex.com.ar\/wp-content\/uploads\/2025\/11\/image-25.png","width":1068,"height":562},{"@type":"BreadcrumbList","@id":"https:\/\/impactocastex.com.ar\/?p=2977#breadcrumb","itemListElement":[{"@type":"ListItem","position":1,"name":"Portada","item":"https:\/\/impactocastex.com.ar\/"},{"@type":"ListItem","position":2,"name":"Femicidio en Monte Nievas: El desgarrador testimonio de Melin el hijo de Raquel Amaya."}]},{"@type":"WebSite","@id":"https:\/\/impactocastex.com.ar\/#website","url":"https:\/\/impactocastex.com.ar\/","name":"Impacto Castex","description":"","publisher":{"@id":"https:\/\/impactocastex.com.ar\/#organization"},"potentialAction":[{"@type":"SearchAction","target":{"@type":"EntryPoint","urlTemplate":"https:\/\/impactocastex.com.ar\/?s={search_term_string}"},"query-input":{"@type":"PropertyValueSpecification","valueRequired":true,"valueName":"search_term_string"}}],"inLanguage":"es"},{"@type":"Organization","@id":"https:\/\/impactocastex.com.ar\/#organization","name":"Impacto Castex","url":"https:\/\/impactocastex.com.ar\/","logo":{"@type":"ImageObject","inLanguage":"es","@id":"https:\/\/impactocastex.com.ar\/#\/schema\/logo\/image\/","url":"https:\/\/impactocastex.com.ar\/wp-content\/uploads\/2025\/09\/cropped-icoweb.png","contentUrl":"https:\/\/impactocastex.com.ar\/wp-content\/uploads\/2025\/09\/cropped-icoweb.png","width":512,"height":512,"caption":"Impacto Castex"},"image":{"@id":"https:\/\/impactocastex.com.ar\/#\/schema\/logo\/image\/"},"sameAs":["https:\/\/www.facebook.com\/impactocastexdiario","https:\/\/www.instagram.com\/impactocastex.com.ar\/"]},{"@type":"Person","@id":"https:\/\/impactocastex.com.ar\/#\/schema\/person\/b327b0ea8bfcd892e3a9af496709745e","name":"impactocastex","image":{"@type":"ImageObject","inLanguage":"es","@id":"https:\/\/secure.gravatar.com\/avatar\/2babee7427073efe23b5f05473c4b44740c8b042657b92cec07b5d0db7429355?s=96&d=mm&r=g","url":"https:\/\/secure.gravatar.com\/avatar\/2babee7427073efe23b5f05473c4b44740c8b042657b92cec07b5d0db7429355?s=96&d=mm&r=g","contentUrl":"https:\/\/secure.gravatar.com\/avatar\/2babee7427073efe23b5f05473c4b44740c8b042657b92cec07b5d0db7429355?s=96&d=mm&r=g","caption":"impactocastex"},"sameAs":["https:\/\/impactocastex.com.ar\/"],"url":"https:\/\/impactocastex.com.ar\/?author=3"}]}},"jetpack_publicize_connections":[],"featured_image_urls":{"full":["https:\/\/impactocastex.com.ar\/wp-content\/uploads\/2025\/11\/image-25.png",1068,562,false],"thumbnail":["https:\/\/impactocastex.com.ar\/wp-content\/uploads\/2025\/11\/image-25-150x150.png",150,150,true],"medium":["https:\/\/impactocastex.com.ar\/wp-content\/uploads\/2025\/11\/image-25-300x158.png",300,158,true],"medium_large":["https:\/\/impactocastex.com.ar\/wp-content\/uploads\/2025\/11\/image-25-768x404.png",640,337,true],"large":["https:\/\/impactocastex.com.ar\/wp-content\/uploads\/2025\/11\/image-25-1024x539.png",640,337,true],"1536x1536":["https:\/\/impactocastex.com.ar\/wp-content\/uploads\/2025\/11\/image-25.png",1068,562,false],"2048x2048":["https:\/\/impactocastex.com.ar\/wp-content\/uploads\/2025\/11\/image-25.png",1068,562,false],"newsever-slider-full":["https:\/\/impactocastex.com.ar\/wp-content\/uploads\/2025\/11\/image-25.png",1068,562,false],"newsever-featured":["https:\/\/impactocastex.com.ar\/wp-content\/uploads\/2025\/11\/image-25-1024x539.png",1024,539,true],"newsever-medium":["https:\/\/impactocastex.com.ar\/wp-content\/uploads\/2025\/11\/image-25-720x475.png",720,475,true]},"author_info":{"info":["impactocastex"]},"category_info":"<a href=\"https:\/\/impactocastex.com.ar\/?cat=85\" rel=\"category\">POLICIALES<\/a>","tag_info":"POLICIALES","comment_count":0,"jetpack_featured_media_url":"https:\/\/impactocastex.com.ar\/wp-content\/uploads\/2025\/11\/image-25.png","jetpack_sharing_enabled":true,"jetpack_likes_enabled":true,"jetpack_shortlink":"https:\/\/wp.me\/p7sopA-M1","_links":{"self":[{"href":"https:\/\/impactocastex.com.ar\/index.php?rest_route=\/wp\/v2\/posts\/2977","targetHints":{"allow":["GET"]}}],"collection":[{"href":"https:\/\/impactocastex.com.ar\/index.php?rest_route=\/wp\/v2\/posts"}],"about":[{"href":"https:\/\/impactocastex.com.ar\/index.php?rest_route=\/wp\/v2\/types\/post"}],"author":[{"embeddable":true,"href":"https:\/\/impactocastex.com.ar\/index.php?rest_route=\/wp\/v2\/users\/3"}],"replies":[{"embeddable":true,"href":"https:\/\/impactocastex.com.ar\/index.php?rest_route=%2Fwp%2Fv2%2Fcomments&post=2977"}],"version-history":[{"count":1,"href":"https:\/\/impactocastex.com.ar\/index.php?rest_route=\/wp\/v2\/posts\/2977\/revisions"}],"predecessor-version":[{"id":2983,"href":"https:\/\/impactocastex.com.ar\/index.php?rest_route=\/wp\/v2\/posts\/2977\/revisions\/2983"}],"wp:featuredmedia":[{"embeddable":true,"href":"https:\/\/impactocastex.com.ar\/index.php?rest_route=\/wp\/v2\/media\/2981"}],"wp:attachment":[{"href":"https:\/\/impactocastex.com.ar\/index.php?rest_route=%2Fwp%2Fv2%2Fmedia&parent=2977"}],"wp:term":[{"taxonomy":"category","embeddable":true,"href":"https:\/\/impactocastex.com.ar\/index.php?rest_route=%2Fwp%2Fv2%2Fcategories&post=2977"},{"taxonomy":"post_tag","embeddable":true,"href":"https:\/\/impactocastex.com.ar\/index.php?rest_route=%2Fwp%2Fv2%2Ftags&post=2977"}],"curies":[{"name":"wp","href":"https:\/\/api.w.org\/{rel}","templated":true}]}}