{"id":2971,"date":"2025-11-13T18:17:34","date_gmt":"2025-11-13T21:17:34","guid":{"rendered":"https:\/\/impactocastex.com.ar\/?p=2971"},"modified":"2025-11-13T18:17:36","modified_gmt":"2025-11-13T21:17:36","slug":"urgente-fallecio-una-persona-oriunda-de-pico-en-un-choque-en-el-cruce-de-las-rutas-10-y-7","status":"publish","type":"post","link":"https:\/\/impactocastex.com.ar\/?p=2971","title":{"rendered":"URGENTE: Falleci\u00f3 una persona oriunda de Pico en un choque en el cruce de las rutas 10 y 7"},"content":{"rendered":"\n<p><strong>De acuerdo con la informaci\u00f3n obtenida&#8230;<\/strong><\/p>\n\n\n\n<figure class=\"wp-block-image size-large\"><img loading=\"lazy\" decoding=\"async\" width=\"1024\" height=\"576\" src=\"https:\/\/impactocastex.com.ar\/wp-content\/uploads\/2025\/11\/image-20-1024x576.png\" alt=\"\" class=\"wp-image-2972\" srcset=\"https:\/\/impactocastex.com.ar\/wp-content\/uploads\/2025\/11\/image-20-1024x576.png 1024w, https:\/\/impactocastex.com.ar\/wp-content\/uploads\/2025\/11\/image-20-300x169.png 300w, https:\/\/impactocastex.com.ar\/wp-content\/uploads\/2025\/11\/image-20-768x432.png 768w, https:\/\/impactocastex.com.ar\/wp-content\/uploads\/2025\/11\/image-20.png 1170w\" sizes=\"auto, (max-width: 1024px) 100vw, 1024px\" \/><\/figure>\n\n\n\n<p>Un hombre de General Pico muri\u00f3 en un choque entre un autom\u00f3vil y un cami\u00f3n en el llamado Cruce de Bar\u00f3n, en la intersecci\u00f3n de las rutas provinciales 10 y 7.<\/p>\n\n\n\n<p>Seg\u00fan informaron fuentes policiales a este medio, el choque involucr\u00f3 a un cami\u00f3n Volkswagen y a un autom\u00f3vil Toyota Corolla. A ra\u00edz del impacto, una persona fue trasladada a un hospital, donde lamentablemente se confirm\u00f3 su fallecimiento. Se trata del conductor del auto.<\/p>\n\n\n\n<p>El auto se trasladaba desde Santa Rosa a General Pico, es decir, en direcci\u00f3n norte. En tanto, el cami\u00f3n lo hac\u00eda desde Bar\u00f3n a Eduardo Castex, en direcci\u00f3n oeste.<\/p>\n\n\n\n<figure class=\"wp-block-image size-full\"><img loading=\"lazy\" decoding=\"async\" width=\"631\" height=\"448\" src=\"https:\/\/impactocastex.com.ar\/wp-content\/uploads\/2025\/11\/image-22.png\" alt=\"\" class=\"wp-image-2974\" srcset=\"https:\/\/impactocastex.com.ar\/wp-content\/uploads\/2025\/11\/image-22.png 631w, https:\/\/impactocastex.com.ar\/wp-content\/uploads\/2025\/11\/image-22-300x213.png 300w\" sizes=\"auto, (max-width: 631px) 100vw, 631px\" \/><\/figure>\n\n\n\n<p>En el lugar trabajan efectivos de la Subcomisar\u00eda de Mauricio Mayer, de la Comisar\u00eda Departamental de Winifreda, bomberos voluntarios, personal de la Agencia de Investigaci\u00f3n Cient\u00edfica (AIC) y la fiscal de turno, quienes realizan las pericias para determinar las causas del accidente.<\/p>\n\n\n\n<p>Con esta v\u00edctima, ascienden a 45 las personas fallecidas en siniestros viales en rutas, calles y caminos de la provincia.<\/p>\n\n\n\n<p><\/p>\n","protected":false},"excerpt":{"rendered":"<p>De acuerdo con la informaci\u00f3n obtenida&#8230; Un hombre de General Pico muri\u00f3 en un choque&#8230;<\/p>\n","protected":false},"author":3,"featured_media":2975,"comment_status":"closed","ping_status":"closed","sticky":false,"template":"","format":"standard","meta":{"_jetpack_memberships_contains_paid_content":false,"footnotes":"","jetpack_publicize_message":"URGENTE: Falleci\u00f3 una persona oriunda de Pico en un choque en el cruce de las rutas 10 y 7","jetpack_publicize_feature_enabled":true,"jetpack_social_post_already_shared":false,"jetpack_social_options":{"image_generator_settings":{"template":"highway","default_image_id":0,"font":"","enabled":false},"version":2}},"categories":[85],"tags":[],"class_list":["post-2971","post","type-post","status-publish","format-standard","has-post-thumbnail","hentry","category-policiales"],"yoast_head":"<!-- This site is optimized with the Yoast SEO plugin v27.4 - https:\/\/yoast.com\/product\/yoast-seo-wordpress\/ -->\n<title>URGENTE: Falleci\u00f3 una persona oriunda de Pico en un choque en el cruce de las rutas 10 y 7 -<\/title>\n<meta name=\"robots\" content=\"index, follow, max-snippet:-1, max-image-preview:large, max-video-preview:-1\" \/>\n<link rel=\"canonical\" href=\"https:\/\/impactocastex.com.ar\/?p=2971\" \/>\n<meta property=\"og:locale\" content=\"es_ES\" \/>\n<meta property=\"og:type\" content=\"article\" \/>\n<meta property=\"og:title\" content=\"URGENTE: Falleci\u00f3 una persona oriunda de Pico en un choque en el cruce de las rutas 10 y 7 -\" \/>\n<meta property=\"og:description\" content=\"De acuerdo con la informaci\u00f3n obtenida&#8230; Un hombre de General Pico muri\u00f3 en un choque...\" \/>\n<meta property=\"og:url\" content=\"https:\/\/impactocastex.com.ar\/?p=2971\" \/>\n<meta property=\"article:publisher\" content=\"https:\/\/www.facebook.com\/impactocastexdiario\" \/>\n<meta property=\"article:published_time\" content=\"2025-11-13T21:17:34+00:00\" \/>\n<meta property=\"article:modified_time\" content=\"2025-11-13T21:17:36+00:00\" \/>\n<meta property=\"og:image\" content=\"https:\/\/impactocastex.com.ar\/wp-content\/uploads\/2025\/11\/accidente.webp\" \/>\n\t<meta property=\"og:image:width\" content=\"631\" \/>\n\t<meta property=\"og:image:height\" content=\"417\" \/>\n\t<meta property=\"og:image:type\" content=\"image\/webp\" \/>\n<meta name=\"author\" content=\"impactocastex\" \/>\n<meta name=\"twitter:card\" content=\"summary_large_image\" \/>\n<meta name=\"twitter:label1\" content=\"Escrito por\" \/>\n\t<meta name=\"twitter:data1\" content=\"impactocastex\" \/>\n\t<meta name=\"twitter:label2\" content=\"Tiempo de lectura\" \/>\n\t<meta name=\"twitter:data2\" content=\"2 minutos\" \/>\n<script type=\"application\/ld+json\" class=\"yoast-schema-graph\">{\"@context\":\"https:\\\/\\\/schema.org\",\"@graph\":[{\"@type\":\"Article\",\"@id\":\"https:\\\/\\\/impactocastex.com.ar\\\/?p=2971#article\",\"isPartOf\":{\"@id\":\"https:\\\/\\\/impactocastex.com.ar\\\/?p=2971\"},\"author\":{\"name\":\"impactocastex\",\"@id\":\"https:\\\/\\\/impactocastex.com.ar\\\/#\\\/schema\\\/person\\\/b327b0ea8bfcd892e3a9af496709745e\"},\"headline\":\"URGENTE: Falleci\u00f3 una persona oriunda de Pico en un choque en el cruce de las rutas 10 y 7\",\"datePublished\":\"2025-11-13T21:17:34+00:00\",\"dateModified\":\"2025-11-13T21:17:36+00:00\",\"mainEntityOfPage\":{\"@id\":\"https:\\\/\\\/impactocastex.com.ar\\\/?p=2971\"},\"wordCount\":204,\"publisher\":{\"@id\":\"https:\\\/\\\/impactocastex.com.ar\\\/#organization\"},\"image\":{\"@id\":\"https:\\\/\\\/impactocastex.com.ar\\\/?p=2971#primaryimage\"},\"thumbnailUrl\":\"https:\\\/\\\/impactocastex.com.ar\\\/wp-content\\\/uploads\\\/2025\\\/11\\\/accidente.webp\",\"articleSection\":[\"POLICIALES\"],\"inLanguage\":\"es\"},{\"@type\":\"WebPage\",\"@id\":\"https:\\\/\\\/impactocastex.com.ar\\\/?p=2971\",\"url\":\"https:\\\/\\\/impactocastex.com.ar\\\/?p=2971\",\"name\":\"URGENTE: Falleci\u00f3 una persona oriunda de Pico en un choque en el cruce de las rutas 10 y 7 -\",\"isPartOf\":{\"@id\":\"https:\\\/\\\/impactocastex.com.ar\\\/#website\"},\"primaryImageOfPage\":{\"@id\":\"https:\\\/\\\/impactocastex.com.ar\\\/?p=2971#primaryimage\"},\"image\":{\"@id\":\"https:\\\/\\\/impactocastex.com.ar\\\/?p=2971#primaryimage\"},\"thumbnailUrl\":\"https:\\\/\\\/impactocastex.com.ar\\\/wp-content\\\/uploads\\\/2025\\\/11\\\/accidente.webp\",\"datePublished\":\"2025-11-13T21:17:34+00:00\",\"dateModified\":\"2025-11-13T21:17:36+00:00\",\"breadcrumb\":{\"@id\":\"https:\\\/\\\/impactocastex.com.ar\\\/?p=2971#breadcrumb\"},\"inLanguage\":\"es\",\"potentialAction\":[{\"@type\":\"ReadAction\",\"target\":[\"https:\\\/\\\/impactocastex.com.ar\\\/?p=2971\"]}]},{\"@type\":\"ImageObject\",\"inLanguage\":\"es\",\"@id\":\"https:\\\/\\\/impactocastex.com.ar\\\/?p=2971#primaryimage\",\"url\":\"https:\\\/\\\/impactocastex.com.ar\\\/wp-content\\\/uploads\\\/2025\\\/11\\\/accidente.webp\",\"contentUrl\":\"https:\\\/\\\/impactocastex.com.ar\\\/wp-content\\\/uploads\\\/2025\\\/11\\\/accidente.webp\",\"width\":631,\"height\":417},{\"@type\":\"BreadcrumbList\",\"@id\":\"https:\\\/\\\/impactocastex.com.ar\\\/?p=2971#breadcrumb\",\"itemListElement\":[{\"@type\":\"ListItem\",\"position\":1,\"name\":\"Portada\",\"item\":\"https:\\\/\\\/impactocastex.com.ar\\\/\"},{\"@type\":\"ListItem\",\"position\":2,\"name\":\"URGENTE: Falleci\u00f3 una persona oriunda de Pico en un choque en el cruce de las rutas 10 y 7\"}]},{\"@type\":\"WebSite\",\"@id\":\"https:\\\/\\\/impactocastex.com.ar\\\/#website\",\"url\":\"https:\\\/\\\/impactocastex.com.ar\\\/\",\"name\":\"Impacto Castex\",\"description\":\"\",\"publisher\":{\"@id\":\"https:\\\/\\\/impactocastex.com.ar\\\/#organization\"},\"potentialAction\":[{\"@type\":\"SearchAction\",\"target\":{\"@type\":\"EntryPoint\",\"urlTemplate\":\"https:\\\/\\\/impactocastex.com.ar\\\/?s={search_term_string}\"},\"query-input\":{\"@type\":\"PropertyValueSpecification\",\"valueRequired\":true,\"valueName\":\"search_term_string\"}}],\"inLanguage\":\"es\"},{\"@type\":\"Organization\",\"@id\":\"https:\\\/\\\/impactocastex.com.ar\\\/#organization\",\"name\":\"Impacto Castex\",\"url\":\"https:\\\/\\\/impactocastex.com.ar\\\/\",\"logo\":{\"@type\":\"ImageObject\",\"inLanguage\":\"es\",\"@id\":\"https:\\\/\\\/impactocastex.com.ar\\\/#\\\/schema\\\/logo\\\/image\\\/\",\"url\":\"https:\\\/\\\/impactocastex.com.ar\\\/wp-content\\\/uploads\\\/2025\\\/09\\\/cropped-icoweb.png\",\"contentUrl\":\"https:\\\/\\\/impactocastex.com.ar\\\/wp-content\\\/uploads\\\/2025\\\/09\\\/cropped-icoweb.png\",\"width\":512,\"height\":512,\"caption\":\"Impacto Castex\"},\"image\":{\"@id\":\"https:\\\/\\\/impactocastex.com.ar\\\/#\\\/schema\\\/logo\\\/image\\\/\"},\"sameAs\":[\"https:\\\/\\\/www.facebook.com\\\/impactocastexdiario\",\"https:\\\/\\\/www.instagram.com\\\/impactocastex.com.ar\\\/\"]},{\"@type\":\"Person\",\"@id\":\"https:\\\/\\\/impactocastex.com.ar\\\/#\\\/schema\\\/person\\\/b327b0ea8bfcd892e3a9af496709745e\",\"name\":\"impactocastex\",\"image\":{\"@type\":\"ImageObject\",\"inLanguage\":\"es\",\"@id\":\"https:\\\/\\\/secure.gravatar.com\\\/avatar\\\/2babee7427073efe23b5f05473c4b44740c8b042657b92cec07b5d0db7429355?s=96&d=mm&r=g\",\"url\":\"https:\\\/\\\/secure.gravatar.com\\\/avatar\\\/2babee7427073efe23b5f05473c4b44740c8b042657b92cec07b5d0db7429355?s=96&d=mm&r=g\",\"contentUrl\":\"https:\\\/\\\/secure.gravatar.com\\\/avatar\\\/2babee7427073efe23b5f05473c4b44740c8b042657b92cec07b5d0db7429355?s=96&d=mm&r=g\",\"caption\":\"impactocastex\"},\"sameAs\":[\"https:\\\/\\\/impactocastex.com.ar\\\/\"],\"url\":\"https:\\\/\\\/impactocastex.com.ar\\\/?author=3\"}]}<\/script>\n<!-- \/ Yoast SEO plugin. -->","yoast_head_json":{"title":"URGENTE: Falleci\u00f3 una persona oriunda de Pico en un choque en el cruce de las rutas 10 y 7 -","robots":{"index":"index","follow":"follow","max-snippet":"max-snippet:-1","max-image-preview":"max-image-preview:large","max-video-preview":"max-video-preview:-1"},"canonical":"https:\/\/impactocastex.com.ar\/?p=2971","og_locale":"es_ES","og_type":"article","og_title":"URGENTE: Falleci\u00f3 una persona oriunda de Pico en un choque en el cruce de las rutas 10 y 7 -","og_description":"De acuerdo con la informaci\u00f3n obtenida&#8230; Un hombre de General Pico muri\u00f3 en un choque...","og_url":"https:\/\/impactocastex.com.ar\/?p=2971","article_publisher":"https:\/\/www.facebook.com\/impactocastexdiario","article_published_time":"2025-11-13T21:17:34+00:00","article_modified_time":"2025-11-13T21:17:36+00:00","og_image":[{"width":631,"height":417,"url":"https:\/\/impactocastex.com.ar\/wp-content\/uploads\/2025\/11\/accidente.webp","type":"image\/webp"}],"author":"impactocastex","twitter_card":"summary_large_image","twitter_misc":{"Escrito por":"impactocastex","Tiempo de lectura":"2 minutos"},"schema":{"@context":"https:\/\/schema.org","@graph":[{"@type":"Article","@id":"https:\/\/impactocastex.com.ar\/?p=2971#article","isPartOf":{"@id":"https:\/\/impactocastex.com.ar\/?p=2971"},"author":{"name":"impactocastex","@id":"https:\/\/impactocastex.com.ar\/#\/schema\/person\/b327b0ea8bfcd892e3a9af496709745e"},"headline":"URGENTE: Falleci\u00f3 una persona oriunda de Pico en un choque en el cruce de las rutas 10 y 7","datePublished":"2025-11-13T21:17:34+00:00","dateModified":"2025-11-13T21:17:36+00:00","mainEntityOfPage":{"@id":"https:\/\/impactocastex.com.ar\/?p=2971"},"wordCount":204,"publisher":{"@id":"https:\/\/impactocastex.com.ar\/#organization"},"image":{"@id":"https:\/\/impactocastex.com.ar\/?p=2971#primaryimage"},"thumbnailUrl":"https:\/\/impactocastex.com.ar\/wp-content\/uploads\/2025\/11\/accidente.webp","articleSection":["POLICIALES"],"inLanguage":"es"},{"@type":"WebPage","@id":"https:\/\/impactocastex.com.ar\/?p=2971","url":"https:\/\/impactocastex.com.ar\/?p=2971","name":"URGENTE: Falleci\u00f3 una persona oriunda de Pico en un choque en el cruce de las rutas 10 y 7 -","isPartOf":{"@id":"https:\/\/impactocastex.com.ar\/#website"},"primaryImageOfPage":{"@id":"https:\/\/impactocastex.com.ar\/?p=2971#primaryimage"},"image":{"@id":"https:\/\/impactocastex.com.ar\/?p=2971#primaryimage"},"thumbnailUrl":"https:\/\/impactocastex.com.ar\/wp-content\/uploads\/2025\/11\/accidente.webp","datePublished":"2025-11-13T21:17:34+00:00","dateModified":"2025-11-13T21:17:36+00:00","breadcrumb":{"@id":"https:\/\/impactocastex.com.ar\/?p=2971#breadcrumb"},"inLanguage":"es","potentialAction":[{"@type":"ReadAction","target":["https:\/\/impactocastex.com.ar\/?p=2971"]}]},{"@type":"ImageObject","inLanguage":"es","@id":"https:\/\/impactocastex.com.ar\/?p=2971#primaryimage","url":"https:\/\/impactocastex.com.ar\/wp-content\/uploads\/2025\/11\/accidente.webp","contentUrl":"https:\/\/impactocastex.com.ar\/wp-content\/uploads\/2025\/11\/accidente.webp","width":631,"height":417},{"@type":"BreadcrumbList","@id":"https:\/\/impactocastex.com.ar\/?p=2971#breadcrumb","itemListElement":[{"@type":"ListItem","position":1,"name":"Portada","item":"https:\/\/impactocastex.com.ar\/"},{"@type":"ListItem","position":2,"name":"URGENTE: Falleci\u00f3 una persona oriunda de Pico en un choque en el cruce de las rutas 10 y 7"}]},{"@type":"WebSite","@id":"https:\/\/impactocastex.com.ar\/#website","url":"https:\/\/impactocastex.com.ar\/","name":"Impacto Castex","description":"","publisher":{"@id":"https:\/\/impactocastex.com.ar\/#organization"},"potentialAction":[{"@type":"SearchAction","target":{"@type":"EntryPoint","urlTemplate":"https:\/\/impactocastex.com.ar\/?s={search_term_string}"},"query-input":{"@type":"PropertyValueSpecification","valueRequired":true,"valueName":"search_term_string"}}],"inLanguage":"es"},{"@type":"Organization","@id":"https:\/\/impactocastex.com.ar\/#organization","name":"Impacto Castex","url":"https:\/\/impactocastex.com.ar\/","logo":{"@type":"ImageObject","inLanguage":"es","@id":"https:\/\/impactocastex.com.ar\/#\/schema\/logo\/image\/","url":"https:\/\/impactocastex.com.ar\/wp-content\/uploads\/2025\/09\/cropped-icoweb.png","contentUrl":"https:\/\/impactocastex.com.ar\/wp-content\/uploads\/2025\/09\/cropped-icoweb.png","width":512,"height":512,"caption":"Impacto Castex"},"image":{"@id":"https:\/\/impactocastex.com.ar\/#\/schema\/logo\/image\/"},"sameAs":["https:\/\/www.facebook.com\/impactocastexdiario","https:\/\/www.instagram.com\/impactocastex.com.ar\/"]},{"@type":"Person","@id":"https:\/\/impactocastex.com.ar\/#\/schema\/person\/b327b0ea8bfcd892e3a9af496709745e","name":"impactocastex","image":{"@type":"ImageObject","inLanguage":"es","@id":"https:\/\/secure.gravatar.com\/avatar\/2babee7427073efe23b5f05473c4b44740c8b042657b92cec07b5d0db7429355?s=96&d=mm&r=g","url":"https:\/\/secure.gravatar.com\/avatar\/2babee7427073efe23b5f05473c4b44740c8b042657b92cec07b5d0db7429355?s=96&d=mm&r=g","contentUrl":"https:\/\/secure.gravatar.com\/avatar\/2babee7427073efe23b5f05473c4b44740c8b042657b92cec07b5d0db7429355?s=96&d=mm&r=g","caption":"impactocastex"},"sameAs":["https:\/\/impactocastex.com.ar\/"],"url":"https:\/\/impactocastex.com.ar\/?author=3"}]}},"jetpack_publicize_connections":[],"featured_image_urls":{"full":["https:\/\/impactocastex.com.ar\/wp-content\/uploads\/2025\/11\/accidente.webp",631,417,false],"thumbnail":["https:\/\/impactocastex.com.ar\/wp-content\/uploads\/2025\/11\/accidente-150x150.webp",150,150,true],"medium":["https:\/\/impactocastex.com.ar\/wp-content\/uploads\/2025\/11\/accidente-300x198.webp",300,198,true],"medium_large":["https:\/\/impactocastex.com.ar\/wp-content\/uploads\/2025\/11\/accidente.webp",631,417,false],"large":["https:\/\/impactocastex.com.ar\/wp-content\/uploads\/2025\/11\/accidente.webp",631,417,false],"1536x1536":["https:\/\/impactocastex.com.ar\/wp-content\/uploads\/2025\/11\/accidente.webp",631,417,false],"2048x2048":["https:\/\/impactocastex.com.ar\/wp-content\/uploads\/2025\/11\/accidente.webp",631,417,false],"newsever-slider-full":["https:\/\/impactocastex.com.ar\/wp-content\/uploads\/2025\/11\/accidente.webp",631,417,false],"newsever-featured":["https:\/\/impactocastex.com.ar\/wp-content\/uploads\/2025\/11\/accidente.webp",631,417,false],"newsever-medium":["https:\/\/impactocastex.com.ar\/wp-content\/uploads\/2025\/11\/accidente.webp",631,417,false]},"author_info":{"info":["impactocastex"]},"category_info":"<a href=\"https:\/\/impactocastex.com.ar\/?cat=85\" rel=\"category\">POLICIALES<\/a>","tag_info":"POLICIALES","comment_count":0,"jetpack_featured_media_url":"https:\/\/impactocastex.com.ar\/wp-content\/uploads\/2025\/11\/accidente.webp","jetpack_sharing_enabled":true,"jetpack_likes_enabled":true,"jetpack_shortlink":"https:\/\/wp.me\/p7sopA-LV","_links":{"self":[{"href":"https:\/\/impactocastex.com.ar\/index.php?rest_route=\/wp\/v2\/posts\/2971","targetHints":{"allow":["GET"]}}],"collection":[{"href":"https:\/\/impactocastex.com.ar\/index.php?rest_route=\/wp\/v2\/posts"}],"about":[{"href":"https:\/\/impactocastex.com.ar\/index.php?rest_route=\/wp\/v2\/types\/post"}],"author":[{"embeddable":true,"href":"https:\/\/impactocastex.com.ar\/index.php?rest_route=\/wp\/v2\/users\/3"}],"replies":[{"embeddable":true,"href":"https:\/\/impactocastex.com.ar\/index.php?rest_route=%2Fwp%2Fv2%2Fcomments&post=2971"}],"version-history":[{"count":1,"href":"https:\/\/impactocastex.com.ar\/index.php?rest_route=\/wp\/v2\/posts\/2971\/revisions"}],"predecessor-version":[{"id":2976,"href":"https:\/\/impactocastex.com.ar\/index.php?rest_route=\/wp\/v2\/posts\/2971\/revisions\/2976"}],"wp:featuredmedia":[{"embeddable":true,"href":"https:\/\/impactocastex.com.ar\/index.php?rest_route=\/wp\/v2\/media\/2975"}],"wp:attachment":[{"href":"https:\/\/impactocastex.com.ar\/index.php?rest_route=%2Fwp%2Fv2%2Fmedia&parent=2971"}],"wp:term":[{"taxonomy":"category","embeddable":true,"href":"https:\/\/impactocastex.com.ar\/index.php?rest_route=%2Fwp%2Fv2%2Fcategories&post=2971"},{"taxonomy":"post_tag","embeddable":true,"href":"https:\/\/impactocastex.com.ar\/index.php?rest_route=%2Fwp%2Fv2%2Ftags&post=2971"}],"curies":[{"name":"wp","href":"https:\/\/api.w.org\/{rel}","templated":true}]}}