{"id":2946,"date":"2025-11-12T10:44:04","date_gmt":"2025-11-12T13:44:04","guid":{"rendered":"https:\/\/impactocastex.com.ar\/?p=2946"},"modified":"2025-11-12T10:44:14","modified_gmt":"2025-11-12T13:44:14","slug":"el-parque-acuatico-de-winifreda-abre-su-temporada-2025-26-con-nuevas-tarifas-y-servicios","status":"publish","type":"post","link":"https:\/\/impactocastex.com.ar\/?p=2946","title":{"rendered":"El Parque Acu\u00e1tico de Winifreda abre su temporada 2025\/26 con nuevas tarifas y servicios"},"content":{"rendered":"\n<p>El&nbsp;<strong>Parque Acu\u00e1tico de Winifreda<\/strong>&nbsp;se prepara para dar inicio a una nueva temporada de verano. El pr\u00f3ximo&nbsp;<strong>21 de noviembre<\/strong>, el predio abrir\u00e1 nuevamente sus puertas con todas sus atracciones, espacios de recreaci\u00f3n y servicios disponibles para disfrutar en familia o con amigos.<\/p>\n\n\n\n<p>Desde la&nbsp;<strong>Municipalidad de Winifreda<\/strong>&nbsp;informaron los&nbsp;<strong>horarios y precios de ingreso<\/strong>&nbsp;para esta&nbsp;<strong>pretemporada 2025\/2026<\/strong>: el parque funcionar\u00e1&nbsp;<strong>s\u00e1bados, domingos y feriados, de 12 a 19 horas<\/strong>.<\/p>\n\n\n\n<p>Las tarifas fueron actualizadas y quedan establecidas de la siguiente manera:<\/p>\n\n\n\n<ul class=\"wp-block-list\">\n<li><strong>Ni\u00f1os y ni\u00f1as de 0 a 4 a\u00f1os:<\/strong>\u00a0entrada gratuita.<\/li>\n\n\n\n<li><strong>De 5 a 11 a\u00f1os:<\/strong>\u00a0$10.000.<\/li>\n\n\n\n<li><strong>Mayores de 12 a\u00f1os:<\/strong>\u00a0$15.000.<\/li>\n<\/ul>\n\n\n\n<p>Adem\u00e1s, el complejo ofrece una&nbsp;<strong>amplia infraestructura<\/strong>&nbsp;para pasar el d\u00eda, con&nbsp;<strong>camping, parrillas, duchas, proveedur\u00eda y hostal<\/strong>, ideal para quienes buscan combinar diversi\u00f3n, descanso y naturaleza.<\/p>\n\n\n\n<p>Para consultas o reservas:Informaci\u00f3n general:\u00a0<strong>2333 407901<\/strong><\/p>\n\n\n\n<p>Delegaciones:\u00a0<strong>2333 414848<\/strong><\/p>\n\n\n\n<p>Hostal:\u00a0<strong>2333 404134<\/strong><\/p>\n\n\n\n<p>Con sus toboganes, piletas y espacios verdes, el Parque Acu\u00e1tico de Winifreda se consolida como&nbsp;<strong>uno de los principales atractivos tur\u00edsticos del verano pampeano<\/strong>, ofreciendo una propuesta segura, accesible y familiar.<\/p>\n\n\n\n<p>diariotextual<\/p>\n","protected":false},"excerpt":{"rendered":"<p>El&nbsp;Parque Acu\u00e1tico de Winifreda&nbsp;se prepara para dar inicio a una nueva temporada de verano. El&#8230;<\/p>\n","protected":false},"author":2,"featured_media":2947,"comment_status":"closed","ping_status":"closed","sticky":false,"template":"","format":"standard","meta":{"_jetpack_memberships_contains_paid_content":false,"footnotes":"","jetpack_publicize_message":"El Parque Acu\u00e1tico de Winifreda abre su temporada 2025\/26 con nuevas tarifas y servicios","jetpack_publicize_feature_enabled":true,"jetpack_social_post_already_shared":false,"jetpack_social_options":{"image_generator_settings":{"template":"highway","default_image_id":0,"font":"","enabled":false},"version":2}},"categories":[83],"tags":[],"class_list":["post-2946","post","type-post","status-publish","format-standard","has-post-thumbnail","hentry","category-la-pampa"],"yoast_head":"<!-- This site is optimized with the Yoast SEO plugin v27.4 - https:\/\/yoast.com\/product\/yoast-seo-wordpress\/ -->\n<title>El Parque Acu\u00e1tico de Winifreda abre su temporada 2025\/26 con nuevas tarifas y servicios -<\/title>\n<meta name=\"robots\" content=\"index, follow, max-snippet:-1, max-image-preview:large, max-video-preview:-1\" \/>\n<link rel=\"canonical\" href=\"https:\/\/impactocastex.com.ar\/?p=2946\" \/>\n<meta property=\"og:locale\" content=\"es_ES\" \/>\n<meta property=\"og:type\" content=\"article\" \/>\n<meta property=\"og:title\" content=\"El Parque Acu\u00e1tico de Winifreda abre su temporada 2025\/26 con nuevas tarifas y servicios -\" \/>\n<meta property=\"og:description\" content=\"El&nbsp;Parque Acu\u00e1tico de Winifreda&nbsp;se prepara para dar inicio a una nueva temporada de verano. El...\" \/>\n<meta property=\"og:url\" content=\"https:\/\/impactocastex.com.ar\/?p=2946\" \/>\n<meta property=\"article:publisher\" content=\"https:\/\/www.facebook.com\/impactocastexdiario\" \/>\n<meta property=\"article:published_time\" content=\"2025-11-12T13:44:04+00:00\" \/>\n<meta property=\"article:modified_time\" content=\"2025-11-12T13:44:14+00:00\" \/>\n<meta property=\"og:image\" content=\"https:\/\/impactocastex.com.ar\/wp-content\/uploads\/2025\/11\/parqueacuaticowinifreda2022-5.jpg\" \/>\n\t<meta property=\"og:image:width\" content=\"1350\" \/>\n\t<meta property=\"og:image:height\" content=\"900\" \/>\n\t<meta property=\"og:image:type\" content=\"image\/jpeg\" \/>\n<meta name=\"author\" content=\"impactocastex\" \/>\n<meta name=\"twitter:card\" content=\"summary_large_image\" \/>\n<meta name=\"twitter:label1\" content=\"Escrito por\" \/>\n\t<meta name=\"twitter:data1\" content=\"impactocastex\" \/>\n\t<meta name=\"twitter:label2\" content=\"Tiempo de lectura\" \/>\n\t<meta name=\"twitter:data2\" content=\"2 minutos\" \/>\n<script type=\"application\/ld+json\" class=\"yoast-schema-graph\">{\"@context\":\"https:\\\/\\\/schema.org\",\"@graph\":[{\"@type\":\"Article\",\"@id\":\"https:\\\/\\\/impactocastex.com.ar\\\/?p=2946#article\",\"isPartOf\":{\"@id\":\"https:\\\/\\\/impactocastex.com.ar\\\/?p=2946\"},\"author\":{\"name\":\"impactocastex\",\"@id\":\"https:\\\/\\\/impactocastex.com.ar\\\/#\\\/schema\\\/person\\\/c115028fb60f9bf49ce7550894b84ea7\"},\"headline\":\"El Parque Acu\u00e1tico de Winifreda abre su temporada 2025\\\/26 con nuevas tarifas y servicios\",\"datePublished\":\"2025-11-12T13:44:04+00:00\",\"dateModified\":\"2025-11-12T13:44:14+00:00\",\"mainEntityOfPage\":{\"@id\":\"https:\\\/\\\/impactocastex.com.ar\\\/?p=2946\"},\"wordCount\":203,\"publisher\":{\"@id\":\"https:\\\/\\\/impactocastex.com.ar\\\/#organization\"},\"image\":{\"@id\":\"https:\\\/\\\/impactocastex.com.ar\\\/?p=2946#primaryimage\"},\"thumbnailUrl\":\"https:\\\/\\\/impactocastex.com.ar\\\/wp-content\\\/uploads\\\/2025\\\/11\\\/parqueacuaticowinifreda2022-5.jpg\",\"articleSection\":[\"LA PAMPA\"],\"inLanguage\":\"es\"},{\"@type\":\"WebPage\",\"@id\":\"https:\\\/\\\/impactocastex.com.ar\\\/?p=2946\",\"url\":\"https:\\\/\\\/impactocastex.com.ar\\\/?p=2946\",\"name\":\"El Parque Acu\u00e1tico de Winifreda abre su temporada 2025\\\/26 con nuevas tarifas y servicios -\",\"isPartOf\":{\"@id\":\"https:\\\/\\\/impactocastex.com.ar\\\/#website\"},\"primaryImageOfPage\":{\"@id\":\"https:\\\/\\\/impactocastex.com.ar\\\/?p=2946#primaryimage\"},\"image\":{\"@id\":\"https:\\\/\\\/impactocastex.com.ar\\\/?p=2946#primaryimage\"},\"thumbnailUrl\":\"https:\\\/\\\/impactocastex.com.ar\\\/wp-content\\\/uploads\\\/2025\\\/11\\\/parqueacuaticowinifreda2022-5.jpg\",\"datePublished\":\"2025-11-12T13:44:04+00:00\",\"dateModified\":\"2025-11-12T13:44:14+00:00\",\"breadcrumb\":{\"@id\":\"https:\\\/\\\/impactocastex.com.ar\\\/?p=2946#breadcrumb\"},\"inLanguage\":\"es\",\"potentialAction\":[{\"@type\":\"ReadAction\",\"target\":[\"https:\\\/\\\/impactocastex.com.ar\\\/?p=2946\"]}]},{\"@type\":\"ImageObject\",\"inLanguage\":\"es\",\"@id\":\"https:\\\/\\\/impactocastex.com.ar\\\/?p=2946#primaryimage\",\"url\":\"https:\\\/\\\/impactocastex.com.ar\\\/wp-content\\\/uploads\\\/2025\\\/11\\\/parqueacuaticowinifreda2022-5.jpg\",\"contentUrl\":\"https:\\\/\\\/impactocastex.com.ar\\\/wp-content\\\/uploads\\\/2025\\\/11\\\/parqueacuaticowinifreda2022-5.jpg\",\"width\":1350,\"height\":900},{\"@type\":\"BreadcrumbList\",\"@id\":\"https:\\\/\\\/impactocastex.com.ar\\\/?p=2946#breadcrumb\",\"itemListElement\":[{\"@type\":\"ListItem\",\"position\":1,\"name\":\"Portada\",\"item\":\"https:\\\/\\\/impactocastex.com.ar\\\/\"},{\"@type\":\"ListItem\",\"position\":2,\"name\":\"El Parque Acu\u00e1tico de Winifreda abre su temporada 2025\\\/26 con nuevas tarifas y servicios\"}]},{\"@type\":\"WebSite\",\"@id\":\"https:\\\/\\\/impactocastex.com.ar\\\/#website\",\"url\":\"https:\\\/\\\/impactocastex.com.ar\\\/\",\"name\":\"Impacto Castex\",\"description\":\"\",\"publisher\":{\"@id\":\"https:\\\/\\\/impactocastex.com.ar\\\/#organization\"},\"potentialAction\":[{\"@type\":\"SearchAction\",\"target\":{\"@type\":\"EntryPoint\",\"urlTemplate\":\"https:\\\/\\\/impactocastex.com.ar\\\/?s={search_term_string}\"},\"query-input\":{\"@type\":\"PropertyValueSpecification\",\"valueRequired\":true,\"valueName\":\"search_term_string\"}}],\"inLanguage\":\"es\"},{\"@type\":\"Organization\",\"@id\":\"https:\\\/\\\/impactocastex.com.ar\\\/#organization\",\"name\":\"Impacto Castex\",\"url\":\"https:\\\/\\\/impactocastex.com.ar\\\/\",\"logo\":{\"@type\":\"ImageObject\",\"inLanguage\":\"es\",\"@id\":\"https:\\\/\\\/impactocastex.com.ar\\\/#\\\/schema\\\/logo\\\/image\\\/\",\"url\":\"https:\\\/\\\/impactocastex.com.ar\\\/wp-content\\\/uploads\\\/2025\\\/09\\\/cropped-icoweb.png\",\"contentUrl\":\"https:\\\/\\\/impactocastex.com.ar\\\/wp-content\\\/uploads\\\/2025\\\/09\\\/cropped-icoweb.png\",\"width\":512,\"height\":512,\"caption\":\"Impacto Castex\"},\"image\":{\"@id\":\"https:\\\/\\\/impactocastex.com.ar\\\/#\\\/schema\\\/logo\\\/image\\\/\"},\"sameAs\":[\"https:\\\/\\\/www.facebook.com\\\/impactocastexdiario\",\"https:\\\/\\\/www.instagram.com\\\/impactocastex.com.ar\\\/\"]},{\"@type\":\"Person\",\"@id\":\"https:\\\/\\\/impactocastex.com.ar\\\/#\\\/schema\\\/person\\\/c115028fb60f9bf49ce7550894b84ea7\",\"name\":\"impactocastex\",\"image\":{\"@type\":\"ImageObject\",\"inLanguage\":\"es\",\"@id\":\"https:\\\/\\\/secure.gravatar.com\\\/avatar\\\/fee87e7af008f02e9becdc0b5a9fd4a2e79b3918a571edeacb62211704637833?s=96&d=mm&r=g\",\"url\":\"https:\\\/\\\/secure.gravatar.com\\\/avatar\\\/fee87e7af008f02e9becdc0b5a9fd4a2e79b3918a571edeacb62211704637833?s=96&d=mm&r=g\",\"contentUrl\":\"https:\\\/\\\/secure.gravatar.com\\\/avatar\\\/fee87e7af008f02e9becdc0b5a9fd4a2e79b3918a571edeacb62211704637833?s=96&d=mm&r=g\",\"caption\":\"impactocastex\"},\"sameAs\":[\"https:\\\/\\\/impactocastex.com.ar\\\/\"],\"url\":\"https:\\\/\\\/impactocastex.com.ar\\\/?author=2\"}]}<\/script>\n<!-- \/ Yoast SEO plugin. -->","yoast_head_json":{"title":"El Parque Acu\u00e1tico de Winifreda abre su temporada 2025\/26 con nuevas tarifas y servicios -","robots":{"index":"index","follow":"follow","max-snippet":"max-snippet:-1","max-image-preview":"max-image-preview:large","max-video-preview":"max-video-preview:-1"},"canonical":"https:\/\/impactocastex.com.ar\/?p=2946","og_locale":"es_ES","og_type":"article","og_title":"El Parque Acu\u00e1tico de Winifreda abre su temporada 2025\/26 con nuevas tarifas y servicios -","og_description":"El&nbsp;Parque Acu\u00e1tico de Winifreda&nbsp;se prepara para dar inicio a una nueva temporada de verano. El...","og_url":"https:\/\/impactocastex.com.ar\/?p=2946","article_publisher":"https:\/\/www.facebook.com\/impactocastexdiario","article_published_time":"2025-11-12T13:44:04+00:00","article_modified_time":"2025-11-12T13:44:14+00:00","og_image":[{"width":1350,"height":900,"url":"https:\/\/impactocastex.com.ar\/wp-content\/uploads\/2025\/11\/parqueacuaticowinifreda2022-5.jpg","type":"image\/jpeg"}],"author":"impactocastex","twitter_card":"summary_large_image","twitter_misc":{"Escrito por":"impactocastex","Tiempo de lectura":"2 minutos"},"schema":{"@context":"https:\/\/schema.org","@graph":[{"@type":"Article","@id":"https:\/\/impactocastex.com.ar\/?p=2946#article","isPartOf":{"@id":"https:\/\/impactocastex.com.ar\/?p=2946"},"author":{"name":"impactocastex","@id":"https:\/\/impactocastex.com.ar\/#\/schema\/person\/c115028fb60f9bf49ce7550894b84ea7"},"headline":"El Parque Acu\u00e1tico de Winifreda abre su temporada 2025\/26 con nuevas tarifas y servicios","datePublished":"2025-11-12T13:44:04+00:00","dateModified":"2025-11-12T13:44:14+00:00","mainEntityOfPage":{"@id":"https:\/\/impactocastex.com.ar\/?p=2946"},"wordCount":203,"publisher":{"@id":"https:\/\/impactocastex.com.ar\/#organization"},"image":{"@id":"https:\/\/impactocastex.com.ar\/?p=2946#primaryimage"},"thumbnailUrl":"https:\/\/impactocastex.com.ar\/wp-content\/uploads\/2025\/11\/parqueacuaticowinifreda2022-5.jpg","articleSection":["LA PAMPA"],"inLanguage":"es"},{"@type":"WebPage","@id":"https:\/\/impactocastex.com.ar\/?p=2946","url":"https:\/\/impactocastex.com.ar\/?p=2946","name":"El Parque Acu\u00e1tico de Winifreda abre su temporada 2025\/26 con nuevas tarifas y servicios -","isPartOf":{"@id":"https:\/\/impactocastex.com.ar\/#website"},"primaryImageOfPage":{"@id":"https:\/\/impactocastex.com.ar\/?p=2946#primaryimage"},"image":{"@id":"https:\/\/impactocastex.com.ar\/?p=2946#primaryimage"},"thumbnailUrl":"https:\/\/impactocastex.com.ar\/wp-content\/uploads\/2025\/11\/parqueacuaticowinifreda2022-5.jpg","datePublished":"2025-11-12T13:44:04+00:00","dateModified":"2025-11-12T13:44:14+00:00","breadcrumb":{"@id":"https:\/\/impactocastex.com.ar\/?p=2946#breadcrumb"},"inLanguage":"es","potentialAction":[{"@type":"ReadAction","target":["https:\/\/impactocastex.com.ar\/?p=2946"]}]},{"@type":"ImageObject","inLanguage":"es","@id":"https:\/\/impactocastex.com.ar\/?p=2946#primaryimage","url":"https:\/\/impactocastex.com.ar\/wp-content\/uploads\/2025\/11\/parqueacuaticowinifreda2022-5.jpg","contentUrl":"https:\/\/impactocastex.com.ar\/wp-content\/uploads\/2025\/11\/parqueacuaticowinifreda2022-5.jpg","width":1350,"height":900},{"@type":"BreadcrumbList","@id":"https:\/\/impactocastex.com.ar\/?p=2946#breadcrumb","itemListElement":[{"@type":"ListItem","position":1,"name":"Portada","item":"https:\/\/impactocastex.com.ar\/"},{"@type":"ListItem","position":2,"name":"El Parque Acu\u00e1tico de Winifreda abre su temporada 2025\/26 con nuevas tarifas y servicios"}]},{"@type":"WebSite","@id":"https:\/\/impactocastex.com.ar\/#website","url":"https:\/\/impactocastex.com.ar\/","name":"Impacto Castex","description":"","publisher":{"@id":"https:\/\/impactocastex.com.ar\/#organization"},"potentialAction":[{"@type":"SearchAction","target":{"@type":"EntryPoint","urlTemplate":"https:\/\/impactocastex.com.ar\/?s={search_term_string}"},"query-input":{"@type":"PropertyValueSpecification","valueRequired":true,"valueName":"search_term_string"}}],"inLanguage":"es"},{"@type":"Organization","@id":"https:\/\/impactocastex.com.ar\/#organization","name":"Impacto Castex","url":"https:\/\/impactocastex.com.ar\/","logo":{"@type":"ImageObject","inLanguage":"es","@id":"https:\/\/impactocastex.com.ar\/#\/schema\/logo\/image\/","url":"https:\/\/impactocastex.com.ar\/wp-content\/uploads\/2025\/09\/cropped-icoweb.png","contentUrl":"https:\/\/impactocastex.com.ar\/wp-content\/uploads\/2025\/09\/cropped-icoweb.png","width":512,"height":512,"caption":"Impacto Castex"},"image":{"@id":"https:\/\/impactocastex.com.ar\/#\/schema\/logo\/image\/"},"sameAs":["https:\/\/www.facebook.com\/impactocastexdiario","https:\/\/www.instagram.com\/impactocastex.com.ar\/"]},{"@type":"Person","@id":"https:\/\/impactocastex.com.ar\/#\/schema\/person\/c115028fb60f9bf49ce7550894b84ea7","name":"impactocastex","image":{"@type":"ImageObject","inLanguage":"es","@id":"https:\/\/secure.gravatar.com\/avatar\/fee87e7af008f02e9becdc0b5a9fd4a2e79b3918a571edeacb62211704637833?s=96&d=mm&r=g","url":"https:\/\/secure.gravatar.com\/avatar\/fee87e7af008f02e9becdc0b5a9fd4a2e79b3918a571edeacb62211704637833?s=96&d=mm&r=g","contentUrl":"https:\/\/secure.gravatar.com\/avatar\/fee87e7af008f02e9becdc0b5a9fd4a2e79b3918a571edeacb62211704637833?s=96&d=mm&r=g","caption":"impactocastex"},"sameAs":["https:\/\/impactocastex.com.ar\/"],"url":"https:\/\/impactocastex.com.ar\/?author=2"}]}},"jetpack_publicize_connections":[],"featured_image_urls":{"full":["https:\/\/impactocastex.com.ar\/wp-content\/uploads\/2025\/11\/parqueacuaticowinifreda2022-5.jpg",1350,900,false],"thumbnail":["https:\/\/impactocastex.com.ar\/wp-content\/uploads\/2025\/11\/parqueacuaticowinifreda2022-5-150x150.jpg",150,150,true],"medium":["https:\/\/impactocastex.com.ar\/wp-content\/uploads\/2025\/11\/parqueacuaticowinifreda2022-5-300x200.jpg",300,200,true],"medium_large":["https:\/\/impactocastex.com.ar\/wp-content\/uploads\/2025\/11\/parqueacuaticowinifreda2022-5-768x512.jpg",640,427,true],"large":["https:\/\/impactocastex.com.ar\/wp-content\/uploads\/2025\/11\/parqueacuaticowinifreda2022-5-1024x683.jpg",640,427,true],"1536x1536":["https:\/\/impactocastex.com.ar\/wp-content\/uploads\/2025\/11\/parqueacuaticowinifreda2022-5.jpg",1350,900,false],"2048x2048":["https:\/\/impactocastex.com.ar\/wp-content\/uploads\/2025\/11\/parqueacuaticowinifreda2022-5.jpg",1350,900,false],"newsever-slider-full":["https:\/\/impactocastex.com.ar\/wp-content\/uploads\/2025\/11\/parqueacuaticowinifreda2022-5-1280x845.jpg",1280,845,true],"newsever-featured":["https:\/\/impactocastex.com.ar\/wp-content\/uploads\/2025\/11\/parqueacuaticowinifreda2022-5-1024x683.jpg",1024,683,true],"newsever-medium":["https:\/\/impactocastex.com.ar\/wp-content\/uploads\/2025\/11\/parqueacuaticowinifreda2022-5-720x475.jpg",720,475,true]},"author_info":{"info":["impactocastex"]},"category_info":"<a href=\"https:\/\/impactocastex.com.ar\/?cat=83\" rel=\"category\">LA PAMPA<\/a>","tag_info":"LA PAMPA","comment_count":0,"jetpack_featured_media_url":"https:\/\/impactocastex.com.ar\/wp-content\/uploads\/2025\/11\/parqueacuaticowinifreda2022-5.jpg","jetpack_sharing_enabled":true,"jetpack_likes_enabled":true,"jetpack_shortlink":"https:\/\/wp.me\/p7sopA-Lw","_links":{"self":[{"href":"https:\/\/impactocastex.com.ar\/index.php?rest_route=\/wp\/v2\/posts\/2946","targetHints":{"allow":["GET"]}}],"collection":[{"href":"https:\/\/impactocastex.com.ar\/index.php?rest_route=\/wp\/v2\/posts"}],"about":[{"href":"https:\/\/impactocastex.com.ar\/index.php?rest_route=\/wp\/v2\/types\/post"}],"author":[{"embeddable":true,"href":"https:\/\/impactocastex.com.ar\/index.php?rest_route=\/wp\/v2\/users\/2"}],"replies":[{"embeddable":true,"href":"https:\/\/impactocastex.com.ar\/index.php?rest_route=%2Fwp%2Fv2%2Fcomments&post=2946"}],"version-history":[{"count":1,"href":"https:\/\/impactocastex.com.ar\/index.php?rest_route=\/wp\/v2\/posts\/2946\/revisions"}],"predecessor-version":[{"id":2948,"href":"https:\/\/impactocastex.com.ar\/index.php?rest_route=\/wp\/v2\/posts\/2946\/revisions\/2948"}],"wp:featuredmedia":[{"embeddable":true,"href":"https:\/\/impactocastex.com.ar\/index.php?rest_route=\/wp\/v2\/media\/2947"}],"wp:attachment":[{"href":"https:\/\/impactocastex.com.ar\/index.php?rest_route=%2Fwp%2Fv2%2Fmedia&parent=2946"}],"wp:term":[{"taxonomy":"category","embeddable":true,"href":"https:\/\/impactocastex.com.ar\/index.php?rest_route=%2Fwp%2Fv2%2Fcategories&post=2946"},{"taxonomy":"post_tag","embeddable":true,"href":"https:\/\/impactocastex.com.ar\/index.php?rest_route=%2Fwp%2Fv2%2Ftags&post=2946"}],"curies":[{"name":"wp","href":"https:\/\/api.w.org\/{rel}","templated":true}]}}