{"id":2934,"date":"2025-11-11T12:14:47","date_gmt":"2025-11-11T15:14:47","guid":{"rendered":"https:\/\/impactocastex.com.ar\/?p=2934"},"modified":"2025-11-11T12:14:48","modified_gmt":"2025-11-11T15:14:48","slug":"comenzo-el-juicio-por-el-femicidio-de-monte-nievas-hacia-rato-lo-tenia-pensado-confeso-el-acusado","status":"publish","type":"post","link":"https:\/\/impactocastex.com.ar\/?p=2934","title":{"rendered":"Comenz\u00f3 el juicio por el femicidio de Monte Nievas: \u00abHacia rato lo ten\u00eda pensado\u00bb, confes\u00f3 el acusado"},"content":{"rendered":"\n<p><strong>Un tribunal colegiado de General Pico coordin\u00f3 ayer la primera de las dos audiencias del juicio que se sigue contra Fabricio Borges por el femicidio de su pareja. En la sala 1 de los Tribunales se reprodujo la declaraci\u00f3n que hizo el imputado en el inicio del debate, en la que asegur\u00f3 que \u00abhac\u00eda rato que lo ten\u00eda pensado\u00bb. En caso de ser condenado, la \u00fanica pena que le cabe, es la prisi\u00f3n perpetua. Estudiantes de dos colegios secundarios presenciaron la jornada inicial del debate.<\/strong><\/p>\n\n\n\n<p>El tribunal conformado por los jueces Mar\u00eda Jos\u00e9 Gianinetto, Marcelo Pagano y Carlos Pellegrino, coordina el debate que se lleva adelante contra Borges por el femicidio de Josefa Raquel Amaya. La acusaci\u00f3n la lleva adelante el fiscal Guillermo Komarofky. La defensa la ejerce la defensora oficial Soledad Forte, public\u00f3 el diario La Arena.<\/p>\n\n\n\n<p>Durante los alegatos de apertura el fiscal detall\u00f3 que el acusado mat\u00f3 a la mujer tras ahorcarla con una soga, durante la madrugada del viernes 28 de junio, en la vivienda que compart\u00edan en la localidad de Monte Nievas, pese a estar separados desde hac\u00eda un tiempo. En la misma habitaci\u00f3n donde perpetr\u00f3 el hecho, dorm\u00eda su hijo de 8 a\u00f1os.<\/p>\n\n\n\n<p>Tambi\u00e9n, dio cuenta que si bien ya estaban separados desde hace un tiempo, conviv\u00edan en la misma casa. El fiscal manifest\u00f3 que el imputado le caus\u00f3 la muerte mientras la mujer \u00abdormitaba\u00bb.<\/p>\n\n\n\n<p>A su vez, calific\u00f3 el hecho como un \u2018Homicidio doblemente agravado\u2019 que prev\u00e9 la \u00fanica pena de prisi\u00f3n perpetua. Tambi\u00e9n dijo que desde hac\u00eda un tiempo somet\u00eda a la v\u00edctima a violencia f\u00edsica, sexual, econ\u00f3mica y psicol\u00f3gica.<\/p>\n\n\n\n<p>Durante los alegatos iniciales el fiscal explic\u00f3 que Borges tras matar a la mujer, intent\u00f3 descartar el cuerpo. Para ello, primero sali\u00f3 a la ruta provincial 102 en direcci\u00f3n a General Pico y busc\u00f3 ocultarlo en el camino de La Cruz, entre Trenel y Metileo. M\u00e1s tarde lo llev\u00f3 a una zona rural cerca de Eduardo Castex y finalmente, lo dej\u00f3 en un campo cercano a donde lo hab\u00eda descartado en un primer momento.<\/p>\n\n\n\n<p><strong>Declaraci\u00f3n.<\/strong><\/p>\n\n\n\n<p>En la parte inicial del debate se reprodujo el audio de la declaraci\u00f3n de Borges tras haber sido detenido. En la grabaci\u00f3n, que dur\u00f3 35 minutos, Borges dio detalles de la relaci\u00f3n de pareja que ten\u00edan y marc\u00f3 como un punto de inflexi\u00f3n en la misma el momento en el que la hija de Amaya lo acus\u00f3 de haberla sometido a tocamientos una vez que visit\u00f3 a su madre.<\/p>\n\n\n\n<p>Si bien la defensora durante los alegatos dijo que la intenci\u00f3n del acusado era reconocer el hecho en el debate, Borges intent\u00f3 justificar su accionar. Para ello, dijo que la mujer lo maltrataba a \u00e9l y tambi\u00e9n al ni\u00f1o, y que hab\u00eda amenazado a ambos.<\/p>\n\n\n\n<p>Durante la declaraci\u00f3n que se reprodujo se escuch\u00f3 en palabras de Borges, decir, en referencia al femicidio, que \u201chac\u00eda rato que lo ten\u00eda pensado\u201d. Tambi\u00e9n indic\u00f3 que, durante la madrugada del hecho, tras despertarse a medianoche, tom\u00f3 la decisi\u00f3n de matarla.<\/p>\n\n\n\n<p>\u201cEn esa noche en un momento lo decido\u201d, manifest\u00f3 en su declaraci\u00f3n inicial. Borges nunca neg\u00f3 su participaci\u00f3n en el hecho, incluso lleg\u00f3 a decir: \u201cLo que pas\u00f3 no lo puedo negar\u201d. Adem\u00e1s, cuando el fiscal le exhibi\u00f3 una soga, la reconoci\u00f3 como el arma homicida.<\/p>\n\n\n\n<p><strong>Declaraciones.<\/strong><\/p>\n\n\n\n<p>Ayer declararon dos vecinas y amigas de la v\u00edctima, y tambi\u00e9n una hermana de Amaya. Las mujeres hicieron referencia a la relaci\u00f3n de pareja que ten\u00edan ambos y una de ellas lleg\u00f3 a calificarla de \u201ct\u00f3xica\u201d, porque \u201cla vigilaba y amenazaba todo el tiempo\u201d.<\/p>\n\n\n\n<p>Una de las mujeres incluso relat\u00f3 que le hab\u00eda dicho a Amaya que se fuera de la casa porque ten\u00eda miedo que la matara. Dijo que se peleaban mucho y que el d\u00eda del hecho, en el patio de la casa de la v\u00edctima, encontr\u00f3 una s\u00e1bana con manchas de sangre.<\/p>\n\n\n\n<p>Adem\u00e1s, relataron que el d\u00eda del hecho no pudieron contactarla y que, a ra\u00edz de no tener respuestas de la v\u00edctima, dieron aviso a la polic\u00eda.<\/p>\n\n\n\n<p>radiodon.<\/p>\n","protected":false},"excerpt":{"rendered":"<p>Un tribunal colegiado de General Pico coordin\u00f3 ayer la primera de las dos audiencias del&#8230;<\/p>\n","protected":false},"author":2,"featured_media":2935,"comment_status":"closed","ping_status":"closed","sticky":false,"template":"","format":"standard","meta":{"_jetpack_memberships_contains_paid_content":false,"footnotes":"","jetpack_publicize_message":"Comenz\u00f3 el juicio por el femicidio de Monte Nievas: \u00abHacia rato lo ten\u00eda pensado\u00bb, confes\u00f3 el acusado","jetpack_publicize_feature_enabled":true,"jetpack_social_post_already_shared":false,"jetpack_social_options":{"image_generator_settings":{"template":"highway","default_image_id":0,"font":"","enabled":false},"version":2}},"categories":[83,85],"tags":[],"class_list":["post-2934","post","type-post","status-publish","format-standard","has-post-thumbnail","hentry","category-la-pampa","category-policiales"],"yoast_head":"<!-- This site is optimized with the Yoast SEO plugin v27.4 - https:\/\/yoast.com\/product\/yoast-seo-wordpress\/ -->\n<title>Comenz\u00f3 el juicio por el femicidio de Monte Nievas: \u00abHacia rato lo ten\u00eda pensado\u00bb, confes\u00f3 el acusado -<\/title>\n<meta name=\"robots\" content=\"index, follow, max-snippet:-1, max-image-preview:large, max-video-preview:-1\" \/>\n<link rel=\"canonical\" href=\"https:\/\/impactocastex.com.ar\/?p=2934\" \/>\n<meta property=\"og:locale\" content=\"es_ES\" \/>\n<meta property=\"og:type\" content=\"article\" \/>\n<meta property=\"og:title\" content=\"Comenz\u00f3 el juicio por el femicidio de Monte Nievas: \u00abHacia rato lo ten\u00eda pensado\u00bb, confes\u00f3 el acusado -\" \/>\n<meta property=\"og:description\" content=\"Un tribunal colegiado de General Pico coordin\u00f3 ayer la primera de las dos audiencias del...\" \/>\n<meta property=\"og:url\" content=\"https:\/\/impactocastex.com.ar\/?p=2934\" \/>\n<meta property=\"article:publisher\" content=\"https:\/\/www.facebook.com\/impactocastexdiario\" \/>\n<meta property=\"article:published_time\" content=\"2025-11-11T15:14:47+00:00\" \/>\n<meta property=\"article:modified_time\" content=\"2025-11-11T15:14:48+00:00\" \/>\n<meta property=\"og:image\" content=\"https:\/\/impactocastex.com.ar\/wp-content\/uploads\/2025\/11\/MonteNievas_femicidio_BorgesFabricio_formalizacion_primerplano_29junio2024.jpg\" \/>\n\t<meta property=\"og:image:width\" content=\"800\" \/>\n\t<meta property=\"og:image:height\" content=\"450\" \/>\n\t<meta property=\"og:image:type\" content=\"image\/jpeg\" \/>\n<meta name=\"author\" content=\"impactocastex\" \/>\n<meta name=\"twitter:card\" content=\"summary_large_image\" \/>\n<meta name=\"twitter:label1\" content=\"Escrito por\" \/>\n\t<meta name=\"twitter:data1\" content=\"impactocastex\" \/>\n\t<meta name=\"twitter:label2\" content=\"Tiempo de lectura\" \/>\n\t<meta name=\"twitter:data2\" content=\"4 minutos\" \/>\n<script type=\"application\/ld+json\" class=\"yoast-schema-graph\">{\"@context\":\"https:\\\/\\\/schema.org\",\"@graph\":[{\"@type\":\"Article\",\"@id\":\"https:\\\/\\\/impactocastex.com.ar\\\/?p=2934#article\",\"isPartOf\":{\"@id\":\"https:\\\/\\\/impactocastex.com.ar\\\/?p=2934\"},\"author\":{\"name\":\"impactocastex\",\"@id\":\"https:\\\/\\\/impactocastex.com.ar\\\/#\\\/schema\\\/person\\\/c115028fb60f9bf49ce7550894b84ea7\"},\"headline\":\"Comenz\u00f3 el juicio por el femicidio de Monte Nievas: \u00abHacia rato lo ten\u00eda pensado\u00bb, confes\u00f3 el acusado\",\"datePublished\":\"2025-11-11T15:14:47+00:00\",\"dateModified\":\"2025-11-11T15:14:48+00:00\",\"mainEntityOfPage\":{\"@id\":\"https:\\\/\\\/impactocastex.com.ar\\\/?p=2934\"},\"wordCount\":737,\"publisher\":{\"@id\":\"https:\\\/\\\/impactocastex.com.ar\\\/#organization\"},\"image\":{\"@id\":\"https:\\\/\\\/impactocastex.com.ar\\\/?p=2934#primaryimage\"},\"thumbnailUrl\":\"https:\\\/\\\/impactocastex.com.ar\\\/wp-content\\\/uploads\\\/2025\\\/11\\\/MonteNievas_femicidio_BorgesFabricio_formalizacion_primerplano_29junio2024.jpg\",\"articleSection\":[\"LA PAMPA\",\"POLICIALES\"],\"inLanguage\":\"es\"},{\"@type\":\"WebPage\",\"@id\":\"https:\\\/\\\/impactocastex.com.ar\\\/?p=2934\",\"url\":\"https:\\\/\\\/impactocastex.com.ar\\\/?p=2934\",\"name\":\"Comenz\u00f3 el juicio por el femicidio de Monte Nievas: \u00abHacia rato lo ten\u00eda pensado\u00bb, confes\u00f3 el acusado -\",\"isPartOf\":{\"@id\":\"https:\\\/\\\/impactocastex.com.ar\\\/#website\"},\"primaryImageOfPage\":{\"@id\":\"https:\\\/\\\/impactocastex.com.ar\\\/?p=2934#primaryimage\"},\"image\":{\"@id\":\"https:\\\/\\\/impactocastex.com.ar\\\/?p=2934#primaryimage\"},\"thumbnailUrl\":\"https:\\\/\\\/impactocastex.com.ar\\\/wp-content\\\/uploads\\\/2025\\\/11\\\/MonteNievas_femicidio_BorgesFabricio_formalizacion_primerplano_29junio2024.jpg\",\"datePublished\":\"2025-11-11T15:14:47+00:00\",\"dateModified\":\"2025-11-11T15:14:48+00:00\",\"breadcrumb\":{\"@id\":\"https:\\\/\\\/impactocastex.com.ar\\\/?p=2934#breadcrumb\"},\"inLanguage\":\"es\",\"potentialAction\":[{\"@type\":\"ReadAction\",\"target\":[\"https:\\\/\\\/impactocastex.com.ar\\\/?p=2934\"]}]},{\"@type\":\"ImageObject\",\"inLanguage\":\"es\",\"@id\":\"https:\\\/\\\/impactocastex.com.ar\\\/?p=2934#primaryimage\",\"url\":\"https:\\\/\\\/impactocastex.com.ar\\\/wp-content\\\/uploads\\\/2025\\\/11\\\/MonteNievas_femicidio_BorgesFabricio_formalizacion_primerplano_29junio2024.jpg\",\"contentUrl\":\"https:\\\/\\\/impactocastex.com.ar\\\/wp-content\\\/uploads\\\/2025\\\/11\\\/MonteNievas_femicidio_BorgesFabricio_formalizacion_primerplano_29junio2024.jpg\",\"width\":800,\"height\":450},{\"@type\":\"BreadcrumbList\",\"@id\":\"https:\\\/\\\/impactocastex.com.ar\\\/?p=2934#breadcrumb\",\"itemListElement\":[{\"@type\":\"ListItem\",\"position\":1,\"name\":\"Portada\",\"item\":\"https:\\\/\\\/impactocastex.com.ar\\\/\"},{\"@type\":\"ListItem\",\"position\":2,\"name\":\"Comenz\u00f3 el juicio por el femicidio de Monte Nievas: \u00abHacia rato lo ten\u00eda pensado\u00bb, confes\u00f3 el acusado\"}]},{\"@type\":\"WebSite\",\"@id\":\"https:\\\/\\\/impactocastex.com.ar\\\/#website\",\"url\":\"https:\\\/\\\/impactocastex.com.ar\\\/\",\"name\":\"Impacto Castex\",\"description\":\"\",\"publisher\":{\"@id\":\"https:\\\/\\\/impactocastex.com.ar\\\/#organization\"},\"potentialAction\":[{\"@type\":\"SearchAction\",\"target\":{\"@type\":\"EntryPoint\",\"urlTemplate\":\"https:\\\/\\\/impactocastex.com.ar\\\/?s={search_term_string}\"},\"query-input\":{\"@type\":\"PropertyValueSpecification\",\"valueRequired\":true,\"valueName\":\"search_term_string\"}}],\"inLanguage\":\"es\"},{\"@type\":\"Organization\",\"@id\":\"https:\\\/\\\/impactocastex.com.ar\\\/#organization\",\"name\":\"Impacto Castex\",\"url\":\"https:\\\/\\\/impactocastex.com.ar\\\/\",\"logo\":{\"@type\":\"ImageObject\",\"inLanguage\":\"es\",\"@id\":\"https:\\\/\\\/impactocastex.com.ar\\\/#\\\/schema\\\/logo\\\/image\\\/\",\"url\":\"https:\\\/\\\/impactocastex.com.ar\\\/wp-content\\\/uploads\\\/2025\\\/09\\\/cropped-icoweb.png\",\"contentUrl\":\"https:\\\/\\\/impactocastex.com.ar\\\/wp-content\\\/uploads\\\/2025\\\/09\\\/cropped-icoweb.png\",\"width\":512,\"height\":512,\"caption\":\"Impacto Castex\"},\"image\":{\"@id\":\"https:\\\/\\\/impactocastex.com.ar\\\/#\\\/schema\\\/logo\\\/image\\\/\"},\"sameAs\":[\"https:\\\/\\\/www.facebook.com\\\/impactocastexdiario\",\"https:\\\/\\\/www.instagram.com\\\/impactocastex.com.ar\\\/\"]},{\"@type\":\"Person\",\"@id\":\"https:\\\/\\\/impactocastex.com.ar\\\/#\\\/schema\\\/person\\\/c115028fb60f9bf49ce7550894b84ea7\",\"name\":\"impactocastex\",\"image\":{\"@type\":\"ImageObject\",\"inLanguage\":\"es\",\"@id\":\"https:\\\/\\\/secure.gravatar.com\\\/avatar\\\/fee87e7af008f02e9becdc0b5a9fd4a2e79b3918a571edeacb62211704637833?s=96&d=mm&r=g\",\"url\":\"https:\\\/\\\/secure.gravatar.com\\\/avatar\\\/fee87e7af008f02e9becdc0b5a9fd4a2e79b3918a571edeacb62211704637833?s=96&d=mm&r=g\",\"contentUrl\":\"https:\\\/\\\/secure.gravatar.com\\\/avatar\\\/fee87e7af008f02e9becdc0b5a9fd4a2e79b3918a571edeacb62211704637833?s=96&d=mm&r=g\",\"caption\":\"impactocastex\"},\"sameAs\":[\"https:\\\/\\\/impactocastex.com.ar\\\/\"],\"url\":\"https:\\\/\\\/impactocastex.com.ar\\\/?author=2\"}]}<\/script>\n<!-- \/ Yoast SEO plugin. -->","yoast_head_json":{"title":"Comenz\u00f3 el juicio por el femicidio de Monte Nievas: \u00abHacia rato lo ten\u00eda pensado\u00bb, confes\u00f3 el acusado -","robots":{"index":"index","follow":"follow","max-snippet":"max-snippet:-1","max-image-preview":"max-image-preview:large","max-video-preview":"max-video-preview:-1"},"canonical":"https:\/\/impactocastex.com.ar\/?p=2934","og_locale":"es_ES","og_type":"article","og_title":"Comenz\u00f3 el juicio por el femicidio de Monte Nievas: \u00abHacia rato lo ten\u00eda pensado\u00bb, confes\u00f3 el acusado -","og_description":"Un tribunal colegiado de General Pico coordin\u00f3 ayer la primera de las dos audiencias del...","og_url":"https:\/\/impactocastex.com.ar\/?p=2934","article_publisher":"https:\/\/www.facebook.com\/impactocastexdiario","article_published_time":"2025-11-11T15:14:47+00:00","article_modified_time":"2025-11-11T15:14:48+00:00","og_image":[{"width":800,"height":450,"url":"https:\/\/impactocastex.com.ar\/wp-content\/uploads\/2025\/11\/MonteNievas_femicidio_BorgesFabricio_formalizacion_primerplano_29junio2024.jpg","type":"image\/jpeg"}],"author":"impactocastex","twitter_card":"summary_large_image","twitter_misc":{"Escrito por":"impactocastex","Tiempo de lectura":"4 minutos"},"schema":{"@context":"https:\/\/schema.org","@graph":[{"@type":"Article","@id":"https:\/\/impactocastex.com.ar\/?p=2934#article","isPartOf":{"@id":"https:\/\/impactocastex.com.ar\/?p=2934"},"author":{"name":"impactocastex","@id":"https:\/\/impactocastex.com.ar\/#\/schema\/person\/c115028fb60f9bf49ce7550894b84ea7"},"headline":"Comenz\u00f3 el juicio por el femicidio de Monte Nievas: \u00abHacia rato lo ten\u00eda pensado\u00bb, confes\u00f3 el acusado","datePublished":"2025-11-11T15:14:47+00:00","dateModified":"2025-11-11T15:14:48+00:00","mainEntityOfPage":{"@id":"https:\/\/impactocastex.com.ar\/?p=2934"},"wordCount":737,"publisher":{"@id":"https:\/\/impactocastex.com.ar\/#organization"},"image":{"@id":"https:\/\/impactocastex.com.ar\/?p=2934#primaryimage"},"thumbnailUrl":"https:\/\/impactocastex.com.ar\/wp-content\/uploads\/2025\/11\/MonteNievas_femicidio_BorgesFabricio_formalizacion_primerplano_29junio2024.jpg","articleSection":["LA PAMPA","POLICIALES"],"inLanguage":"es"},{"@type":"WebPage","@id":"https:\/\/impactocastex.com.ar\/?p=2934","url":"https:\/\/impactocastex.com.ar\/?p=2934","name":"Comenz\u00f3 el juicio por el femicidio de Monte Nievas: \u00abHacia rato lo ten\u00eda pensado\u00bb, confes\u00f3 el acusado -","isPartOf":{"@id":"https:\/\/impactocastex.com.ar\/#website"},"primaryImageOfPage":{"@id":"https:\/\/impactocastex.com.ar\/?p=2934#primaryimage"},"image":{"@id":"https:\/\/impactocastex.com.ar\/?p=2934#primaryimage"},"thumbnailUrl":"https:\/\/impactocastex.com.ar\/wp-content\/uploads\/2025\/11\/MonteNievas_femicidio_BorgesFabricio_formalizacion_primerplano_29junio2024.jpg","datePublished":"2025-11-11T15:14:47+00:00","dateModified":"2025-11-11T15:14:48+00:00","breadcrumb":{"@id":"https:\/\/impactocastex.com.ar\/?p=2934#breadcrumb"},"inLanguage":"es","potentialAction":[{"@type":"ReadAction","target":["https:\/\/impactocastex.com.ar\/?p=2934"]}]},{"@type":"ImageObject","inLanguage":"es","@id":"https:\/\/impactocastex.com.ar\/?p=2934#primaryimage","url":"https:\/\/impactocastex.com.ar\/wp-content\/uploads\/2025\/11\/MonteNievas_femicidio_BorgesFabricio_formalizacion_primerplano_29junio2024.jpg","contentUrl":"https:\/\/impactocastex.com.ar\/wp-content\/uploads\/2025\/11\/MonteNievas_femicidio_BorgesFabricio_formalizacion_primerplano_29junio2024.jpg","width":800,"height":450},{"@type":"BreadcrumbList","@id":"https:\/\/impactocastex.com.ar\/?p=2934#breadcrumb","itemListElement":[{"@type":"ListItem","position":1,"name":"Portada","item":"https:\/\/impactocastex.com.ar\/"},{"@type":"ListItem","position":2,"name":"Comenz\u00f3 el juicio por el femicidio de Monte Nievas: \u00abHacia rato lo ten\u00eda pensado\u00bb, confes\u00f3 el acusado"}]},{"@type":"WebSite","@id":"https:\/\/impactocastex.com.ar\/#website","url":"https:\/\/impactocastex.com.ar\/","name":"Impacto Castex","description":"","publisher":{"@id":"https:\/\/impactocastex.com.ar\/#organization"},"potentialAction":[{"@type":"SearchAction","target":{"@type":"EntryPoint","urlTemplate":"https:\/\/impactocastex.com.ar\/?s={search_term_string}"},"query-input":{"@type":"PropertyValueSpecification","valueRequired":true,"valueName":"search_term_string"}}],"inLanguage":"es"},{"@type":"Organization","@id":"https:\/\/impactocastex.com.ar\/#organization","name":"Impacto Castex","url":"https:\/\/impactocastex.com.ar\/","logo":{"@type":"ImageObject","inLanguage":"es","@id":"https:\/\/impactocastex.com.ar\/#\/schema\/logo\/image\/","url":"https:\/\/impactocastex.com.ar\/wp-content\/uploads\/2025\/09\/cropped-icoweb.png","contentUrl":"https:\/\/impactocastex.com.ar\/wp-content\/uploads\/2025\/09\/cropped-icoweb.png","width":512,"height":512,"caption":"Impacto Castex"},"image":{"@id":"https:\/\/impactocastex.com.ar\/#\/schema\/logo\/image\/"},"sameAs":["https:\/\/www.facebook.com\/impactocastexdiario","https:\/\/www.instagram.com\/impactocastex.com.ar\/"]},{"@type":"Person","@id":"https:\/\/impactocastex.com.ar\/#\/schema\/person\/c115028fb60f9bf49ce7550894b84ea7","name":"impactocastex","image":{"@type":"ImageObject","inLanguage":"es","@id":"https:\/\/secure.gravatar.com\/avatar\/fee87e7af008f02e9becdc0b5a9fd4a2e79b3918a571edeacb62211704637833?s=96&d=mm&r=g","url":"https:\/\/secure.gravatar.com\/avatar\/fee87e7af008f02e9becdc0b5a9fd4a2e79b3918a571edeacb62211704637833?s=96&d=mm&r=g","contentUrl":"https:\/\/secure.gravatar.com\/avatar\/fee87e7af008f02e9becdc0b5a9fd4a2e79b3918a571edeacb62211704637833?s=96&d=mm&r=g","caption":"impactocastex"},"sameAs":["https:\/\/impactocastex.com.ar\/"],"url":"https:\/\/impactocastex.com.ar\/?author=2"}]}},"jetpack_publicize_connections":[],"featured_image_urls":{"full":["https:\/\/impactocastex.com.ar\/wp-content\/uploads\/2025\/11\/MonteNievas_femicidio_BorgesFabricio_formalizacion_primerplano_29junio2024.jpg",800,450,false],"thumbnail":["https:\/\/impactocastex.com.ar\/wp-content\/uploads\/2025\/11\/MonteNievas_femicidio_BorgesFabricio_formalizacion_primerplano_29junio2024-150x150.jpg",150,150,true],"medium":["https:\/\/impactocastex.com.ar\/wp-content\/uploads\/2025\/11\/MonteNievas_femicidio_BorgesFabricio_formalizacion_primerplano_29junio2024-300x169.jpg",300,169,true],"medium_large":["https:\/\/impactocastex.com.ar\/wp-content\/uploads\/2025\/11\/MonteNievas_femicidio_BorgesFabricio_formalizacion_primerplano_29junio2024-768x432.jpg",640,360,true],"large":["https:\/\/impactocastex.com.ar\/wp-content\/uploads\/2025\/11\/MonteNievas_femicidio_BorgesFabricio_formalizacion_primerplano_29junio2024.jpg",640,360,false],"1536x1536":["https:\/\/impactocastex.com.ar\/wp-content\/uploads\/2025\/11\/MonteNievas_femicidio_BorgesFabricio_formalizacion_primerplano_29junio2024.jpg",800,450,false],"2048x2048":["https:\/\/impactocastex.com.ar\/wp-content\/uploads\/2025\/11\/MonteNievas_femicidio_BorgesFabricio_formalizacion_primerplano_29junio2024.jpg",800,450,false],"newsever-slider-full":["https:\/\/impactocastex.com.ar\/wp-content\/uploads\/2025\/11\/MonteNievas_femicidio_BorgesFabricio_formalizacion_primerplano_29junio2024.jpg",800,450,false],"newsever-featured":["https:\/\/impactocastex.com.ar\/wp-content\/uploads\/2025\/11\/MonteNievas_femicidio_BorgesFabricio_formalizacion_primerplano_29junio2024.jpg",800,450,false],"newsever-medium":["https:\/\/impactocastex.com.ar\/wp-content\/uploads\/2025\/11\/MonteNievas_femicidio_BorgesFabricio_formalizacion_primerplano_29junio2024-720x450.jpg",720,450,true]},"author_info":{"info":["impactocastex"]},"category_info":"<a href=\"https:\/\/impactocastex.com.ar\/?cat=83\" rel=\"category\">LA PAMPA<\/a> <a href=\"https:\/\/impactocastex.com.ar\/?cat=85\" rel=\"category\">POLICIALES<\/a>","tag_info":"POLICIALES","comment_count":0,"jetpack_featured_media_url":"https:\/\/impactocastex.com.ar\/wp-content\/uploads\/2025\/11\/MonteNievas_femicidio_BorgesFabricio_formalizacion_primerplano_29junio2024.jpg","jetpack_sharing_enabled":true,"jetpack_likes_enabled":true,"jetpack_shortlink":"https:\/\/wp.me\/p7sopA-Lk","_links":{"self":[{"href":"https:\/\/impactocastex.com.ar\/index.php?rest_route=\/wp\/v2\/posts\/2934","targetHints":{"allow":["GET"]}}],"collection":[{"href":"https:\/\/impactocastex.com.ar\/index.php?rest_route=\/wp\/v2\/posts"}],"about":[{"href":"https:\/\/impactocastex.com.ar\/index.php?rest_route=\/wp\/v2\/types\/post"}],"author":[{"embeddable":true,"href":"https:\/\/impactocastex.com.ar\/index.php?rest_route=\/wp\/v2\/users\/2"}],"replies":[{"embeddable":true,"href":"https:\/\/impactocastex.com.ar\/index.php?rest_route=%2Fwp%2Fv2%2Fcomments&post=2934"}],"version-history":[{"count":1,"href":"https:\/\/impactocastex.com.ar\/index.php?rest_route=\/wp\/v2\/posts\/2934\/revisions"}],"predecessor-version":[{"id":2936,"href":"https:\/\/impactocastex.com.ar\/index.php?rest_route=\/wp\/v2\/posts\/2934\/revisions\/2936"}],"wp:featuredmedia":[{"embeddable":true,"href":"https:\/\/impactocastex.com.ar\/index.php?rest_route=\/wp\/v2\/media\/2935"}],"wp:attachment":[{"href":"https:\/\/impactocastex.com.ar\/index.php?rest_route=%2Fwp%2Fv2%2Fmedia&parent=2934"}],"wp:term":[{"taxonomy":"category","embeddable":true,"href":"https:\/\/impactocastex.com.ar\/index.php?rest_route=%2Fwp%2Fv2%2Fcategories&post=2934"},{"taxonomy":"post_tag","embeddable":true,"href":"https:\/\/impactocastex.com.ar\/index.php?rest_route=%2Fwp%2Fv2%2Ftags&post=2934"}],"curies":[{"name":"wp","href":"https:\/\/api.w.org\/{rel}","templated":true}]}}