{"id":2931,"date":"2025-11-11T12:12:11","date_gmt":"2025-11-11T15:12:11","guid":{"rendered":"https:\/\/impactocastex.com.ar\/?p=2931"},"modified":"2025-11-11T12:12:13","modified_gmt":"2025-11-11T15:12:13","slug":"salud-publica-en-la-pampa-se-busca-un-sistema-mas-justo-y-equitativo","status":"publish","type":"post","link":"https:\/\/impactocastex.com.ar\/?p=2931","title":{"rendered":"Salud P\u00fablica en La Pampa: \u00abSe busca un sistema m\u00e1s justo y equitativo\u00bb"},"content":{"rendered":"\n<p>El Ministerio de Salud de La Pampa modific\u00f3 la categorizaci\u00f3n de las personas usuarias del sistema de salud p\u00fablica y redujo los niveles de ingreso necesarios para acceder a la gratuidad. De esta manera, m\u00e1s personas deber\u00e1n pagar si solicitan prestaciones en alguna instituci\u00f3n p\u00fablica pampeana. Las autoridades tambi\u00e9n determinaron que las personas que residan en otras provincias o pa\u00edses y quienes no puedan acreditar, como m\u00ednimo, dos a\u00f1os de vivir en territorio pampeano tambi\u00e9n deber\u00e1n pagar la totalidad de los servicios en la salud p\u00fablica de La Pampa.&nbsp;&nbsp;<\/p>\n\n\n\n<p>\u00abEn realidad lo que se busca un sistema de salud m\u00e1s justo, m\u00e1s equitativo. Es nada m\u00e1s y nada menos que el que m\u00e1s tiene pague un poco m\u00e1s. No es que se busca que m\u00e1s personas paguen por la salud p\u00fablica pampeana\u00bb, le dijeron a este diario desde el ministerio de Salud luego de difundirse p\u00fablicamente la nueva disposici\u00f3n.<\/p>\n\n\n\n<p>Seg\u00fan la resoluci\u00f3n 2801\/25, que entr\u00f3 en vigencia en el d\u00eda de ayer, las autoridades sanitarias provinciales decidieron catalogar como \u00abNo contribuyentes\u00bb a las personas cuyos ingresos familiares sean inferiores a seis salarios m\u00ednimo, vital y m\u00f3vil.&nbsp;<\/p>\n\n\n\n<p>Bajo la categor\u00eda \u00abMutualizados\u00bb pasaron a quedar incluidos las personas afiliadas a alguna obra social, mutual o prepaga, quienes est\u00e1n divididos en dos grupos: mutualizados con capacidad de pago (cuando el ingreso familiar sea igual o mayor a seis salarios m\u00ednimo, vital y m\u00f3vil) y mutualizados sin capacidad de pago (cuando el ingreso familiar sea menor a seis salarios m\u00ednimo, vital y m\u00f3vil).&nbsp;<\/p>\n\n\n\n<p>La evaluaci\u00f3n para determinar la categor\u00eda de cada persona, tanto en el caso de \u00abno contribuyente\u00bb como en el de \u00abmutualizado\u00bb, respecto a la composici\u00f3n patrimonial del grupo familiar ser\u00e1 realizada por \u00ablos agentes designados del equipo de Salud o la Direcci\u00f3n de los establecimientos\u00bb.&nbsp;<\/p>\n\n\n\n<p>El salario m\u00ednimo, vital y m\u00f3vil, a partir del mes de noviembre, es de $ 322.200. De esta manera, seis de estos salarios dan un monto de $ 1.933.200, que es el umbral de ingresos que define qu\u00e9 personas deben pagar, y quienes no, por ser atendidos en la salud p\u00fablica pampeana.&nbsp;<\/p>\n\n\n\n<p>Por otro lado, se categorizar\u00e1n como \u00abContribuyentes\u00bb a los usuarios del servicio de salud que posean ingresos familiares&nbsp;iguales o superiores a seis salarios m\u00ednimo, vital y m\u00f3vil. Los contribuyentes deber\u00e1n pagar la totalidad de las prestaciones recibidas en el sector p\u00fablico, lo cual incluye medicamentos e insumos hospitalarios.&nbsp;<\/p>\n\n\n\n<p>El art\u00edculo 4 de la mencionada resoluci\u00f3n indica que \u00abtodos los usuarios del sistema que indiquen el domicilio en la provincia de La Pampa, deber\u00e1n acreditarlo con una antig\u00fcedad m\u00ednima de dos a\u00f1os para recibir las prestaciones de salud\u00bb. Esto significa que quienes residan ac\u00e1, pero desde hace menos de dos a\u00f1os, deber\u00e1n abonar para ser atendidos en hospitales p\u00fablicos pampeanos.&nbsp;<\/p>\n\n\n\n<p>\u00abA tal efecto deber\u00e1n presentar documento de identidad que as\u00ed lo atestig\u00fce y el pago ininterrumpido de alg\u00fan servicio por los plazos estipulados en el p\u00e1rrafo anterior. Tambi\u00e9n podr\u00e1 constatarse por la escolarizaci\u00f3n de los hijos en escuela provincial por los lapsos indicados, o certificaci\u00f3n laboral en debida forma\u00bb, amplia el documento oficial.<\/p>\n\n\n\n<p>En el mismo sentido, la resoluci\u00f3n establece que las personas provenientes de otras provincias o pa\u00edses deber\u00e1n pagar el 100% de la atenci\u00f3n si concurren a hospitales p\u00fablicos en La Pampa. \u00abLos pacientes con residencia fuera del territorio provincial, categorizados extraprovinciales, que soliciten los servicios de los establecimientos p\u00fablicos de la provincia, deber\u00e1n abonar, en todos los casos, la totalidad de las prestaciones, medicamentos, insumos, etc., recibidos\u00bb, puntualizaron las autoridades ministeriales<\/p>\n\n\n\n<p>laarena.<\/p>\n","protected":false},"excerpt":{"rendered":"<p>El Ministerio de Salud de La Pampa modific\u00f3 la categorizaci\u00f3n de las personas usuarias del&#8230;<\/p>\n","protected":false},"author":2,"featured_media":2932,"comment_status":"closed","ping_status":"closed","sticky":false,"template":"","format":"standard","meta":{"_jetpack_memberships_contains_paid_content":false,"footnotes":"","jetpack_publicize_message":"Salud P\u00fablica en La Pampa: \"Se busca un sistema m\u00e1s justo y equitativo\"","jetpack_publicize_feature_enabled":true,"jetpack_social_post_already_shared":false,"jetpack_social_options":{"image_generator_settings":{"template":"highway","default_image_id":0,"font":"","enabled":false},"version":2}},"categories":[83],"tags":[],"class_list":["post-2931","post","type-post","status-publish","format-standard","has-post-thumbnail","hentry","category-la-pampa"],"yoast_head":"<!-- This site is optimized with the Yoast SEO plugin v27.4 - https:\/\/yoast.com\/product\/yoast-seo-wordpress\/ -->\n<title>Salud P\u00fablica en La Pampa: &quot;Se busca un sistema m\u00e1s justo y equitativo&quot; -<\/title>\n<meta name=\"robots\" content=\"index, follow, max-snippet:-1, max-image-preview:large, max-video-preview:-1\" \/>\n<link rel=\"canonical\" href=\"https:\/\/impactocastex.com.ar\/?p=2931\" \/>\n<meta property=\"og:locale\" content=\"es_ES\" \/>\n<meta property=\"og:type\" content=\"article\" \/>\n<meta property=\"og:title\" content=\"Salud P\u00fablica en La Pampa: &quot;Se busca un sistema m\u00e1s justo y equitativo&quot; -\" \/>\n<meta property=\"og:description\" content=\"El Ministerio de Salud de La Pampa modific\u00f3 la categorizaci\u00f3n de las personas usuarias del...\" \/>\n<meta property=\"og:url\" content=\"https:\/\/impactocastex.com.ar\/?p=2931\" \/>\n<meta property=\"article:publisher\" content=\"https:\/\/www.facebook.com\/impactocastexdiario\" \/>\n<meta property=\"article:published_time\" content=\"2025-11-11T15:12:11+00:00\" \/>\n<meta property=\"article:modified_time\" content=\"2025-11-11T15:12:13+00:00\" \/>\n<meta property=\"og:image\" content=\"https:\/\/impactocastex.com.ar\/wp-content\/uploads\/2025\/11\/1762864042632.webp\" \/>\n\t<meta property=\"og:image:width\" content=\"1121\" \/>\n\t<meta property=\"og:image:height\" content=\"633\" \/>\n\t<meta property=\"og:image:type\" content=\"image\/webp\" \/>\n<meta name=\"author\" content=\"impactocastex\" \/>\n<meta name=\"twitter:card\" content=\"summary_large_image\" \/>\n<meta name=\"twitter:label1\" content=\"Escrito por\" \/>\n\t<meta name=\"twitter:data1\" content=\"impactocastex\" \/>\n\t<meta name=\"twitter:label2\" content=\"Tiempo de lectura\" \/>\n\t<meta name=\"twitter:data2\" content=\"3 minutos\" \/>\n<script type=\"application\/ld+json\" class=\"yoast-schema-graph\">{\"@context\":\"https:\\\/\\\/schema.org\",\"@graph\":[{\"@type\":\"Article\",\"@id\":\"https:\\\/\\\/impactocastex.com.ar\\\/?p=2931#article\",\"isPartOf\":{\"@id\":\"https:\\\/\\\/impactocastex.com.ar\\\/?p=2931\"},\"author\":{\"name\":\"impactocastex\",\"@id\":\"https:\\\/\\\/impactocastex.com.ar\\\/#\\\/schema\\\/person\\\/c115028fb60f9bf49ce7550894b84ea7\"},\"headline\":\"Salud P\u00fablica en La Pampa: \u00abSe busca un sistema m\u00e1s justo y equitativo\u00bb\",\"datePublished\":\"2025-11-11T15:12:11+00:00\",\"dateModified\":\"2025-11-11T15:12:13+00:00\",\"mainEntityOfPage\":{\"@id\":\"https:\\\/\\\/impactocastex.com.ar\\\/?p=2931\"},\"wordCount\":666,\"publisher\":{\"@id\":\"https:\\\/\\\/impactocastex.com.ar\\\/#organization\"},\"image\":{\"@id\":\"https:\\\/\\\/impactocastex.com.ar\\\/?p=2931#primaryimage\"},\"thumbnailUrl\":\"https:\\\/\\\/impactocastex.com.ar\\\/wp-content\\\/uploads\\\/2025\\\/11\\\/1762864042632.webp\",\"articleSection\":[\"LA PAMPA\"],\"inLanguage\":\"es\"},{\"@type\":\"WebPage\",\"@id\":\"https:\\\/\\\/impactocastex.com.ar\\\/?p=2931\",\"url\":\"https:\\\/\\\/impactocastex.com.ar\\\/?p=2931\",\"name\":\"Salud P\u00fablica en La Pampa: \\\"Se busca un sistema m\u00e1s justo y equitativo\\\" -\",\"isPartOf\":{\"@id\":\"https:\\\/\\\/impactocastex.com.ar\\\/#website\"},\"primaryImageOfPage\":{\"@id\":\"https:\\\/\\\/impactocastex.com.ar\\\/?p=2931#primaryimage\"},\"image\":{\"@id\":\"https:\\\/\\\/impactocastex.com.ar\\\/?p=2931#primaryimage\"},\"thumbnailUrl\":\"https:\\\/\\\/impactocastex.com.ar\\\/wp-content\\\/uploads\\\/2025\\\/11\\\/1762864042632.webp\",\"datePublished\":\"2025-11-11T15:12:11+00:00\",\"dateModified\":\"2025-11-11T15:12:13+00:00\",\"breadcrumb\":{\"@id\":\"https:\\\/\\\/impactocastex.com.ar\\\/?p=2931#breadcrumb\"},\"inLanguage\":\"es\",\"potentialAction\":[{\"@type\":\"ReadAction\",\"target\":[\"https:\\\/\\\/impactocastex.com.ar\\\/?p=2931\"]}]},{\"@type\":\"ImageObject\",\"inLanguage\":\"es\",\"@id\":\"https:\\\/\\\/impactocastex.com.ar\\\/?p=2931#primaryimage\",\"url\":\"https:\\\/\\\/impactocastex.com.ar\\\/wp-content\\\/uploads\\\/2025\\\/11\\\/1762864042632.webp\",\"contentUrl\":\"https:\\\/\\\/impactocastex.com.ar\\\/wp-content\\\/uploads\\\/2025\\\/11\\\/1762864042632.webp\",\"width\":1121,\"height\":633},{\"@type\":\"BreadcrumbList\",\"@id\":\"https:\\\/\\\/impactocastex.com.ar\\\/?p=2931#breadcrumb\",\"itemListElement\":[{\"@type\":\"ListItem\",\"position\":1,\"name\":\"Portada\",\"item\":\"https:\\\/\\\/impactocastex.com.ar\\\/\"},{\"@type\":\"ListItem\",\"position\":2,\"name\":\"Salud P\u00fablica en La Pampa: &#8220;Se busca un sistema m\u00e1s justo y equitativo&#8221;\"}]},{\"@type\":\"WebSite\",\"@id\":\"https:\\\/\\\/impactocastex.com.ar\\\/#website\",\"url\":\"https:\\\/\\\/impactocastex.com.ar\\\/\",\"name\":\"Impacto Castex\",\"description\":\"\",\"publisher\":{\"@id\":\"https:\\\/\\\/impactocastex.com.ar\\\/#organization\"},\"potentialAction\":[{\"@type\":\"SearchAction\",\"target\":{\"@type\":\"EntryPoint\",\"urlTemplate\":\"https:\\\/\\\/impactocastex.com.ar\\\/?s={search_term_string}\"},\"query-input\":{\"@type\":\"PropertyValueSpecification\",\"valueRequired\":true,\"valueName\":\"search_term_string\"}}],\"inLanguage\":\"es\"},{\"@type\":\"Organization\",\"@id\":\"https:\\\/\\\/impactocastex.com.ar\\\/#organization\",\"name\":\"Impacto Castex\",\"url\":\"https:\\\/\\\/impactocastex.com.ar\\\/\",\"logo\":{\"@type\":\"ImageObject\",\"inLanguage\":\"es\",\"@id\":\"https:\\\/\\\/impactocastex.com.ar\\\/#\\\/schema\\\/logo\\\/image\\\/\",\"url\":\"https:\\\/\\\/impactocastex.com.ar\\\/wp-content\\\/uploads\\\/2025\\\/09\\\/cropped-icoweb.png\",\"contentUrl\":\"https:\\\/\\\/impactocastex.com.ar\\\/wp-content\\\/uploads\\\/2025\\\/09\\\/cropped-icoweb.png\",\"width\":512,\"height\":512,\"caption\":\"Impacto Castex\"},\"image\":{\"@id\":\"https:\\\/\\\/impactocastex.com.ar\\\/#\\\/schema\\\/logo\\\/image\\\/\"},\"sameAs\":[\"https:\\\/\\\/www.facebook.com\\\/impactocastexdiario\",\"https:\\\/\\\/www.instagram.com\\\/impactocastex.com.ar\\\/\"]},{\"@type\":\"Person\",\"@id\":\"https:\\\/\\\/impactocastex.com.ar\\\/#\\\/schema\\\/person\\\/c115028fb60f9bf49ce7550894b84ea7\",\"name\":\"impactocastex\",\"image\":{\"@type\":\"ImageObject\",\"inLanguage\":\"es\",\"@id\":\"https:\\\/\\\/secure.gravatar.com\\\/avatar\\\/fee87e7af008f02e9becdc0b5a9fd4a2e79b3918a571edeacb62211704637833?s=96&d=mm&r=g\",\"url\":\"https:\\\/\\\/secure.gravatar.com\\\/avatar\\\/fee87e7af008f02e9becdc0b5a9fd4a2e79b3918a571edeacb62211704637833?s=96&d=mm&r=g\",\"contentUrl\":\"https:\\\/\\\/secure.gravatar.com\\\/avatar\\\/fee87e7af008f02e9becdc0b5a9fd4a2e79b3918a571edeacb62211704637833?s=96&d=mm&r=g\",\"caption\":\"impactocastex\"},\"sameAs\":[\"https:\\\/\\\/impactocastex.com.ar\\\/\"],\"url\":\"https:\\\/\\\/impactocastex.com.ar\\\/?author=2\"}]}<\/script>\n<!-- \/ Yoast SEO plugin. -->","yoast_head_json":{"title":"Salud P\u00fablica en La Pampa: \"Se busca un sistema m\u00e1s justo y equitativo\" -","robots":{"index":"index","follow":"follow","max-snippet":"max-snippet:-1","max-image-preview":"max-image-preview:large","max-video-preview":"max-video-preview:-1"},"canonical":"https:\/\/impactocastex.com.ar\/?p=2931","og_locale":"es_ES","og_type":"article","og_title":"Salud P\u00fablica en La Pampa: \"Se busca un sistema m\u00e1s justo y equitativo\" -","og_description":"El Ministerio de Salud de La Pampa modific\u00f3 la categorizaci\u00f3n de las personas usuarias del...","og_url":"https:\/\/impactocastex.com.ar\/?p=2931","article_publisher":"https:\/\/www.facebook.com\/impactocastexdiario","article_published_time":"2025-11-11T15:12:11+00:00","article_modified_time":"2025-11-11T15:12:13+00:00","og_image":[{"width":1121,"height":633,"url":"https:\/\/impactocastex.com.ar\/wp-content\/uploads\/2025\/11\/1762864042632.webp","type":"image\/webp"}],"author":"impactocastex","twitter_card":"summary_large_image","twitter_misc":{"Escrito por":"impactocastex","Tiempo de lectura":"3 minutos"},"schema":{"@context":"https:\/\/schema.org","@graph":[{"@type":"Article","@id":"https:\/\/impactocastex.com.ar\/?p=2931#article","isPartOf":{"@id":"https:\/\/impactocastex.com.ar\/?p=2931"},"author":{"name":"impactocastex","@id":"https:\/\/impactocastex.com.ar\/#\/schema\/person\/c115028fb60f9bf49ce7550894b84ea7"},"headline":"Salud P\u00fablica en La Pampa: \u00abSe busca un sistema m\u00e1s justo y equitativo\u00bb","datePublished":"2025-11-11T15:12:11+00:00","dateModified":"2025-11-11T15:12:13+00:00","mainEntityOfPage":{"@id":"https:\/\/impactocastex.com.ar\/?p=2931"},"wordCount":666,"publisher":{"@id":"https:\/\/impactocastex.com.ar\/#organization"},"image":{"@id":"https:\/\/impactocastex.com.ar\/?p=2931#primaryimage"},"thumbnailUrl":"https:\/\/impactocastex.com.ar\/wp-content\/uploads\/2025\/11\/1762864042632.webp","articleSection":["LA PAMPA"],"inLanguage":"es"},{"@type":"WebPage","@id":"https:\/\/impactocastex.com.ar\/?p=2931","url":"https:\/\/impactocastex.com.ar\/?p=2931","name":"Salud P\u00fablica en La Pampa: \"Se busca un sistema m\u00e1s justo y equitativo\" -","isPartOf":{"@id":"https:\/\/impactocastex.com.ar\/#website"},"primaryImageOfPage":{"@id":"https:\/\/impactocastex.com.ar\/?p=2931#primaryimage"},"image":{"@id":"https:\/\/impactocastex.com.ar\/?p=2931#primaryimage"},"thumbnailUrl":"https:\/\/impactocastex.com.ar\/wp-content\/uploads\/2025\/11\/1762864042632.webp","datePublished":"2025-11-11T15:12:11+00:00","dateModified":"2025-11-11T15:12:13+00:00","breadcrumb":{"@id":"https:\/\/impactocastex.com.ar\/?p=2931#breadcrumb"},"inLanguage":"es","potentialAction":[{"@type":"ReadAction","target":["https:\/\/impactocastex.com.ar\/?p=2931"]}]},{"@type":"ImageObject","inLanguage":"es","@id":"https:\/\/impactocastex.com.ar\/?p=2931#primaryimage","url":"https:\/\/impactocastex.com.ar\/wp-content\/uploads\/2025\/11\/1762864042632.webp","contentUrl":"https:\/\/impactocastex.com.ar\/wp-content\/uploads\/2025\/11\/1762864042632.webp","width":1121,"height":633},{"@type":"BreadcrumbList","@id":"https:\/\/impactocastex.com.ar\/?p=2931#breadcrumb","itemListElement":[{"@type":"ListItem","position":1,"name":"Portada","item":"https:\/\/impactocastex.com.ar\/"},{"@type":"ListItem","position":2,"name":"Salud P\u00fablica en La Pampa: &#8220;Se busca un sistema m\u00e1s justo y equitativo&#8221;"}]},{"@type":"WebSite","@id":"https:\/\/impactocastex.com.ar\/#website","url":"https:\/\/impactocastex.com.ar\/","name":"Impacto Castex","description":"","publisher":{"@id":"https:\/\/impactocastex.com.ar\/#organization"},"potentialAction":[{"@type":"SearchAction","target":{"@type":"EntryPoint","urlTemplate":"https:\/\/impactocastex.com.ar\/?s={search_term_string}"},"query-input":{"@type":"PropertyValueSpecification","valueRequired":true,"valueName":"search_term_string"}}],"inLanguage":"es"},{"@type":"Organization","@id":"https:\/\/impactocastex.com.ar\/#organization","name":"Impacto Castex","url":"https:\/\/impactocastex.com.ar\/","logo":{"@type":"ImageObject","inLanguage":"es","@id":"https:\/\/impactocastex.com.ar\/#\/schema\/logo\/image\/","url":"https:\/\/impactocastex.com.ar\/wp-content\/uploads\/2025\/09\/cropped-icoweb.png","contentUrl":"https:\/\/impactocastex.com.ar\/wp-content\/uploads\/2025\/09\/cropped-icoweb.png","width":512,"height":512,"caption":"Impacto Castex"},"image":{"@id":"https:\/\/impactocastex.com.ar\/#\/schema\/logo\/image\/"},"sameAs":["https:\/\/www.facebook.com\/impactocastexdiario","https:\/\/www.instagram.com\/impactocastex.com.ar\/"]},{"@type":"Person","@id":"https:\/\/impactocastex.com.ar\/#\/schema\/person\/c115028fb60f9bf49ce7550894b84ea7","name":"impactocastex","image":{"@type":"ImageObject","inLanguage":"es","@id":"https:\/\/secure.gravatar.com\/avatar\/fee87e7af008f02e9becdc0b5a9fd4a2e79b3918a571edeacb62211704637833?s=96&d=mm&r=g","url":"https:\/\/secure.gravatar.com\/avatar\/fee87e7af008f02e9becdc0b5a9fd4a2e79b3918a571edeacb62211704637833?s=96&d=mm&r=g","contentUrl":"https:\/\/secure.gravatar.com\/avatar\/fee87e7af008f02e9becdc0b5a9fd4a2e79b3918a571edeacb62211704637833?s=96&d=mm&r=g","caption":"impactocastex"},"sameAs":["https:\/\/impactocastex.com.ar\/"],"url":"https:\/\/impactocastex.com.ar\/?author=2"}]}},"jetpack_publicize_connections":[],"featured_image_urls":{"full":["https:\/\/impactocastex.com.ar\/wp-content\/uploads\/2025\/11\/1762864042632.webp",1121,633,false],"thumbnail":["https:\/\/impactocastex.com.ar\/wp-content\/uploads\/2025\/11\/1762864042632-150x150.webp",150,150,true],"medium":["https:\/\/impactocastex.com.ar\/wp-content\/uploads\/2025\/11\/1762864042632-300x169.webp",300,169,true],"medium_large":["https:\/\/impactocastex.com.ar\/wp-content\/uploads\/2025\/11\/1762864042632-768x434.webp",640,362,true],"large":["https:\/\/impactocastex.com.ar\/wp-content\/uploads\/2025\/11\/1762864042632-1024x578.webp",640,361,true],"1536x1536":["https:\/\/impactocastex.com.ar\/wp-content\/uploads\/2025\/11\/1762864042632.webp",1121,633,false],"2048x2048":["https:\/\/impactocastex.com.ar\/wp-content\/uploads\/2025\/11\/1762864042632.webp",1121,633,false],"newsever-slider-full":["https:\/\/impactocastex.com.ar\/wp-content\/uploads\/2025\/11\/1762864042632.webp",1121,633,false],"newsever-featured":["https:\/\/impactocastex.com.ar\/wp-content\/uploads\/2025\/11\/1762864042632-1024x578.webp",1024,578,true],"newsever-medium":["https:\/\/impactocastex.com.ar\/wp-content\/uploads\/2025\/11\/1762864042632-720x475.webp",720,475,true]},"author_info":{"info":["impactocastex"]},"category_info":"<a href=\"https:\/\/impactocastex.com.ar\/?cat=83\" rel=\"category\">LA PAMPA<\/a>","tag_info":"LA PAMPA","comment_count":0,"jetpack_featured_media_url":"https:\/\/impactocastex.com.ar\/wp-content\/uploads\/2025\/11\/1762864042632.webp","jetpack_sharing_enabled":true,"jetpack_likes_enabled":true,"jetpack_shortlink":"https:\/\/wp.me\/p7sopA-Lh","_links":{"self":[{"href":"https:\/\/impactocastex.com.ar\/index.php?rest_route=\/wp\/v2\/posts\/2931","targetHints":{"allow":["GET"]}}],"collection":[{"href":"https:\/\/impactocastex.com.ar\/index.php?rest_route=\/wp\/v2\/posts"}],"about":[{"href":"https:\/\/impactocastex.com.ar\/index.php?rest_route=\/wp\/v2\/types\/post"}],"author":[{"embeddable":true,"href":"https:\/\/impactocastex.com.ar\/index.php?rest_route=\/wp\/v2\/users\/2"}],"replies":[{"embeddable":true,"href":"https:\/\/impactocastex.com.ar\/index.php?rest_route=%2Fwp%2Fv2%2Fcomments&post=2931"}],"version-history":[{"count":1,"href":"https:\/\/impactocastex.com.ar\/index.php?rest_route=\/wp\/v2\/posts\/2931\/revisions"}],"predecessor-version":[{"id":2933,"href":"https:\/\/impactocastex.com.ar\/index.php?rest_route=\/wp\/v2\/posts\/2931\/revisions\/2933"}],"wp:featuredmedia":[{"embeddable":true,"href":"https:\/\/impactocastex.com.ar\/index.php?rest_route=\/wp\/v2\/media\/2932"}],"wp:attachment":[{"href":"https:\/\/impactocastex.com.ar\/index.php?rest_route=%2Fwp%2Fv2%2Fmedia&parent=2931"}],"wp:term":[{"taxonomy":"category","embeddable":true,"href":"https:\/\/impactocastex.com.ar\/index.php?rest_route=%2Fwp%2Fv2%2Fcategories&post=2931"},{"taxonomy":"post_tag","embeddable":true,"href":"https:\/\/impactocastex.com.ar\/index.php?rest_route=%2Fwp%2Fv2%2Ftags&post=2931"}],"curies":[{"name":"wp","href":"https:\/\/api.w.org\/{rel}","templated":true}]}}