{"id":2928,"date":"2025-11-11T12:10:00","date_gmt":"2025-11-11T15:10:00","guid":{"rendered":"https:\/\/impactocastex.com.ar\/?p=2928"},"modified":"2025-11-11T12:10:01","modified_gmt":"2025-11-11T15:10:01","slug":"alvarez-agis-propuso-un-impuesto-al-efectivo-en-reemplazo-del-impuesto-al-cheque-y-milei-lo-acuso-de-ladron","status":"publish","type":"post","link":"https:\/\/impactocastex.com.ar\/?p=2928","title":{"rendered":"\u00c1lvarez Agis propuso un impuesto al efectivo en reemplazo del Impuesto al Cheque y Milei lo acus\u00f3 de \u00abladr\u00f3n\u00bb"},"content":{"rendered":"\n<p>\u00c1lvarez Agis fue viceministro de Econom\u00eda.<\/p>\n\n\n\n<p><strong><\/strong>El economista Emmanuel \u00c1lvarez Agis propuso crear un impuesto a la extracci\u00f3n de efectivo en reemplazo del Impuesto al Cheque y el presidente Javier Milei sali\u00f3 al cruce acusandolo de \u00abladr\u00f3n\u00bb.<\/p>\n\n\n\n<p>El ex viceministro de Econom\u00eda plante\u00f3 la instauraci\u00f3n de un nuevo tributo que grave el retiro de dinero en efectivo en busca de incentivar la formalizaci\u00f3n de la econom\u00eda a trav\u00e9s de un mayor uso de los medios de pago digitales.<\/p>\n\n\n\n<p>Al respecto, sostuvo que \u00abyo creo que hay que cobrar un impuesto al efectivo de manera tal que el consumidor sea el que induzca al comercio a blanquearse\u00bb explicando que se aplicar\u00eda en hasta el 10% de los montos extra\u00eddos al precisar que \u00abvoy al cajero, pongo $1.000 y salen $900\u00bb.<\/p>\n\n\n\n<p>Al profundizar la idea, el socio fundador de la consultora PxQ se\u00f1al\u00f3 que \u00abel consumidor te exige pagar con medios digitales de pago, porque vos ten\u00e9s un impuesto al efectivo, eso obliga al comercio a formalizarse y sobre todo premia a todas las compa\u00f1\u00edas, como la m\u00eda, que tenemos todos los flujos formalizados\u00bb.<\/p>\n\n\n\n<p>La iniciativa produjo el contundente rechazo de Milei, quien se refiri\u00f3 a \u00c1lvarez Agis como \u00abKirchnerista = ladr\u00f3n\u00bb al exponer que \u00abel que fue viceministro de econom\u00eda de (Axel) Kicillof propone de modo abierto robarte el 10% de tus ingresos que destines al consumo\u00bb.<\/p>\n\n\n\n<p>En esa l\u00ednea y junto con el fragmento audiovisual de las palabras del ex funcionario, cuestion\u00f3 en su cuenta de X que \u00abjam\u00e1s piensan en achicar el gasto sino s\u00f3lo en c\u00f3mo recaudar m\u00e1s para ser ellos quienes deciden cu\u00e1nto y en qu\u00e9 gastar tu dinero\u00bb.<\/p>\n\n\n\n<p>El pronunciamiento del mandatario se suma al repudio generalizado de diferentes integrantes de La Libertad Avanza, como Agust\u00edn Romo, actual presidente del bloque oficialista en la C\u00e1mara de Diputados de la provincia de Buenos Aires, quien expres\u00f3 que \u00ablos kukas quieren poner un impuesto al efectivo. Dios m\u00edo, c\u00f3rranse. D\u00e9jennos hacer el pa\u00eds grande otra vez. C\u00f3rtenla con querer romperlo todo el tiempo. Ya est\u00e1. Fracasaron. No sirven para nada\u00bb.<\/p>\n\n\n\n<p>\u00c1lvarez Agis remarc\u00f3 que la implementaci\u00f3n del nuevo tributo contempla la eliminaci\u00f3n del Impuesto al Cheque, centr\u00e1ndose en promover la formalizaci\u00f3n no solo en empresas, sino a nivel general, al trasladar la demanda de operaciones digitales al consumidor final, seg\u00fan le coment\u00f3 a Infobae.<\/p>\n\n\n\n<p>En ese sentido, explic\u00f3 que \u00abla idea es buscar una forma de promover la formalizaci\u00f3n. Ahora que estamos discutiendo econom\u00eda informal, reforma laboral, qu\u00e9 s\u00e9 yo. La idea completa es, palo y zanahoria, eliminar el impuesto al cheque, que es una penalidad a la econom\u00eda formal, y reemplazarlo por un impuesto al efectivo\u00bb.<\/p>\n\n\n\n<p>Asimismo, agreg\u00f3 que \u00abla medida est\u00e1 pensada para que, en t\u00e9rminos de presi\u00f3n tributaria, sea neutra para la econom\u00eda en su conjunto, pero le baj\u00e1s la presi\u00f3n fiscal al universo formal y le sub\u00eds y le dificult\u00e1s la vida al universo informal\u00bb.<\/p>\n","protected":false},"excerpt":{"rendered":"<p>\u00c1lvarez Agis fue viceministro de Econom\u00eda. El economista Emmanuel \u00c1lvarez Agis propuso crear un impuesto&#8230;<\/p>\n","protected":false},"author":2,"featured_media":2929,"comment_status":"closed","ping_status":"closed","sticky":false,"template":"","format":"standard","meta":{"_jetpack_memberships_contains_paid_content":false,"footnotes":"","jetpack_publicize_message":"\u00c1lvarez Agis propuso un impuesto al efectivo en reemplazo del Impuesto al Cheque y Milei lo acus\u00f3 de \"ladr\u00f3n\"","jetpack_publicize_feature_enabled":true,"jetpack_social_post_already_shared":false,"jetpack_social_options":{"image_generator_settings":{"template":"highway","default_image_id":0,"font":"","enabled":false},"version":2}},"categories":[122],"tags":[],"class_list":["post-2928","post","type-post","status-publish","format-standard","has-post-thumbnail","hentry","category-politica"],"yoast_head":"<!-- This site is optimized with the Yoast SEO plugin v27.4 - https:\/\/yoast.com\/product\/yoast-seo-wordpress\/ -->\n<title>\u00c1lvarez Agis propuso un impuesto al efectivo en reemplazo del Impuesto al Cheque y Milei lo acus\u00f3 de &quot;ladr\u00f3n&quot; -<\/title>\n<meta name=\"robots\" content=\"index, follow, max-snippet:-1, max-image-preview:large, max-video-preview:-1\" \/>\n<link rel=\"canonical\" href=\"https:\/\/impactocastex.com.ar\/?p=2928\" \/>\n<meta property=\"og:locale\" content=\"es_ES\" \/>\n<meta property=\"og:type\" content=\"article\" \/>\n<meta property=\"og:title\" content=\"\u00c1lvarez Agis propuso un impuesto al efectivo en reemplazo del Impuesto al Cheque y Milei lo acus\u00f3 de &quot;ladr\u00f3n&quot; -\" \/>\n<meta property=\"og:description\" content=\"\u00c1lvarez Agis fue viceministro de Econom\u00eda. El economista Emmanuel \u00c1lvarez Agis propuso crear un impuesto...\" \/>\n<meta property=\"og:url\" content=\"https:\/\/impactocastex.com.ar\/?p=2928\" \/>\n<meta property=\"article:publisher\" content=\"https:\/\/www.facebook.com\/impactocastexdiario\" \/>\n<meta property=\"article:published_time\" content=\"2025-11-11T15:10:00+00:00\" \/>\n<meta property=\"article:modified_time\" content=\"2025-11-11T15:10:01+00:00\" \/>\n<meta property=\"og:image\" content=\"https:\/\/impactocastex.com.ar\/wp-content\/uploads\/2025\/11\/2127384.jpg\" \/>\n\t<meta property=\"og:image:width\" content=\"1200\" \/>\n\t<meta property=\"og:image:height\" content=\"631\" \/>\n\t<meta property=\"og:image:type\" content=\"image\/jpeg\" \/>\n<meta name=\"author\" content=\"impactocastex\" \/>\n<meta name=\"twitter:card\" content=\"summary_large_image\" \/>\n<meta name=\"twitter:label1\" content=\"Escrito por\" \/>\n\t<meta name=\"twitter:data1\" content=\"impactocastex\" \/>\n\t<meta name=\"twitter:label2\" content=\"Tiempo de lectura\" \/>\n\t<meta name=\"twitter:data2\" content=\"3 minutos\" \/>\n<script type=\"application\/ld+json\" class=\"yoast-schema-graph\">{\"@context\":\"https:\\\/\\\/schema.org\",\"@graph\":[{\"@type\":\"Article\",\"@id\":\"https:\\\/\\\/impactocastex.com.ar\\\/?p=2928#article\",\"isPartOf\":{\"@id\":\"https:\\\/\\\/impactocastex.com.ar\\\/?p=2928\"},\"author\":{\"name\":\"impactocastex\",\"@id\":\"https:\\\/\\\/impactocastex.com.ar\\\/#\\\/schema\\\/person\\\/c115028fb60f9bf49ce7550894b84ea7\"},\"headline\":\"\u00c1lvarez Agis propuso un impuesto al efectivo en reemplazo del Impuesto al Cheque y Milei lo acus\u00f3 de \u00abladr\u00f3n\u00bb\",\"datePublished\":\"2025-11-11T15:10:00+00:00\",\"dateModified\":\"2025-11-11T15:10:01+00:00\",\"mainEntityOfPage\":{\"@id\":\"https:\\\/\\\/impactocastex.com.ar\\\/?p=2928\"},\"wordCount\":540,\"publisher\":{\"@id\":\"https:\\\/\\\/impactocastex.com.ar\\\/#organization\"},\"image\":{\"@id\":\"https:\\\/\\\/impactocastex.com.ar\\\/?p=2928#primaryimage\"},\"thumbnailUrl\":\"https:\\\/\\\/impactocastex.com.ar\\\/wp-content\\\/uploads\\\/2025\\\/11\\\/2127384.jpg\",\"articleSection\":[\"POLITICA\"],\"inLanguage\":\"es\"},{\"@type\":\"WebPage\",\"@id\":\"https:\\\/\\\/impactocastex.com.ar\\\/?p=2928\",\"url\":\"https:\\\/\\\/impactocastex.com.ar\\\/?p=2928\",\"name\":\"\u00c1lvarez Agis propuso un impuesto al efectivo en reemplazo del Impuesto al Cheque y Milei lo acus\u00f3 de \\\"ladr\u00f3n\\\" -\",\"isPartOf\":{\"@id\":\"https:\\\/\\\/impactocastex.com.ar\\\/#website\"},\"primaryImageOfPage\":{\"@id\":\"https:\\\/\\\/impactocastex.com.ar\\\/?p=2928#primaryimage\"},\"image\":{\"@id\":\"https:\\\/\\\/impactocastex.com.ar\\\/?p=2928#primaryimage\"},\"thumbnailUrl\":\"https:\\\/\\\/impactocastex.com.ar\\\/wp-content\\\/uploads\\\/2025\\\/11\\\/2127384.jpg\",\"datePublished\":\"2025-11-11T15:10:00+00:00\",\"dateModified\":\"2025-11-11T15:10:01+00:00\",\"breadcrumb\":{\"@id\":\"https:\\\/\\\/impactocastex.com.ar\\\/?p=2928#breadcrumb\"},\"inLanguage\":\"es\",\"potentialAction\":[{\"@type\":\"ReadAction\",\"target\":[\"https:\\\/\\\/impactocastex.com.ar\\\/?p=2928\"]}]},{\"@type\":\"ImageObject\",\"inLanguage\":\"es\",\"@id\":\"https:\\\/\\\/impactocastex.com.ar\\\/?p=2928#primaryimage\",\"url\":\"https:\\\/\\\/impactocastex.com.ar\\\/wp-content\\\/uploads\\\/2025\\\/11\\\/2127384.jpg\",\"contentUrl\":\"https:\\\/\\\/impactocastex.com.ar\\\/wp-content\\\/uploads\\\/2025\\\/11\\\/2127384.jpg\",\"width\":1200,\"height\":631},{\"@type\":\"BreadcrumbList\",\"@id\":\"https:\\\/\\\/impactocastex.com.ar\\\/?p=2928#breadcrumb\",\"itemListElement\":[{\"@type\":\"ListItem\",\"position\":1,\"name\":\"Portada\",\"item\":\"https:\\\/\\\/impactocastex.com.ar\\\/\"},{\"@type\":\"ListItem\",\"position\":2,\"name\":\"\u00c1lvarez Agis propuso un impuesto al efectivo en reemplazo del Impuesto al Cheque y Milei lo acus\u00f3 de &#8220;ladr\u00f3n&#8221;\"}]},{\"@type\":\"WebSite\",\"@id\":\"https:\\\/\\\/impactocastex.com.ar\\\/#website\",\"url\":\"https:\\\/\\\/impactocastex.com.ar\\\/\",\"name\":\"Impacto Castex\",\"description\":\"\",\"publisher\":{\"@id\":\"https:\\\/\\\/impactocastex.com.ar\\\/#organization\"},\"potentialAction\":[{\"@type\":\"SearchAction\",\"target\":{\"@type\":\"EntryPoint\",\"urlTemplate\":\"https:\\\/\\\/impactocastex.com.ar\\\/?s={search_term_string}\"},\"query-input\":{\"@type\":\"PropertyValueSpecification\",\"valueRequired\":true,\"valueName\":\"search_term_string\"}}],\"inLanguage\":\"es\"},{\"@type\":\"Organization\",\"@id\":\"https:\\\/\\\/impactocastex.com.ar\\\/#organization\",\"name\":\"Impacto Castex\",\"url\":\"https:\\\/\\\/impactocastex.com.ar\\\/\",\"logo\":{\"@type\":\"ImageObject\",\"inLanguage\":\"es\",\"@id\":\"https:\\\/\\\/impactocastex.com.ar\\\/#\\\/schema\\\/logo\\\/image\\\/\",\"url\":\"https:\\\/\\\/impactocastex.com.ar\\\/wp-content\\\/uploads\\\/2025\\\/09\\\/cropped-icoweb.png\",\"contentUrl\":\"https:\\\/\\\/impactocastex.com.ar\\\/wp-content\\\/uploads\\\/2025\\\/09\\\/cropped-icoweb.png\",\"width\":512,\"height\":512,\"caption\":\"Impacto Castex\"},\"image\":{\"@id\":\"https:\\\/\\\/impactocastex.com.ar\\\/#\\\/schema\\\/logo\\\/image\\\/\"},\"sameAs\":[\"https:\\\/\\\/www.facebook.com\\\/impactocastexdiario\",\"https:\\\/\\\/www.instagram.com\\\/impactocastex.com.ar\\\/\"]},{\"@type\":\"Person\",\"@id\":\"https:\\\/\\\/impactocastex.com.ar\\\/#\\\/schema\\\/person\\\/c115028fb60f9bf49ce7550894b84ea7\",\"name\":\"impactocastex\",\"image\":{\"@type\":\"ImageObject\",\"inLanguage\":\"es\",\"@id\":\"https:\\\/\\\/secure.gravatar.com\\\/avatar\\\/fee87e7af008f02e9becdc0b5a9fd4a2e79b3918a571edeacb62211704637833?s=96&d=mm&r=g\",\"url\":\"https:\\\/\\\/secure.gravatar.com\\\/avatar\\\/fee87e7af008f02e9becdc0b5a9fd4a2e79b3918a571edeacb62211704637833?s=96&d=mm&r=g\",\"contentUrl\":\"https:\\\/\\\/secure.gravatar.com\\\/avatar\\\/fee87e7af008f02e9becdc0b5a9fd4a2e79b3918a571edeacb62211704637833?s=96&d=mm&r=g\",\"caption\":\"impactocastex\"},\"sameAs\":[\"https:\\\/\\\/impactocastex.com.ar\\\/\"],\"url\":\"https:\\\/\\\/impactocastex.com.ar\\\/?author=2\"}]}<\/script>\n<!-- \/ Yoast SEO plugin. -->","yoast_head_json":{"title":"\u00c1lvarez Agis propuso un impuesto al efectivo en reemplazo del Impuesto al Cheque y Milei lo acus\u00f3 de \"ladr\u00f3n\" -","robots":{"index":"index","follow":"follow","max-snippet":"max-snippet:-1","max-image-preview":"max-image-preview:large","max-video-preview":"max-video-preview:-1"},"canonical":"https:\/\/impactocastex.com.ar\/?p=2928","og_locale":"es_ES","og_type":"article","og_title":"\u00c1lvarez Agis propuso un impuesto al efectivo en reemplazo del Impuesto al Cheque y Milei lo acus\u00f3 de \"ladr\u00f3n\" -","og_description":"\u00c1lvarez Agis fue viceministro de Econom\u00eda. El economista Emmanuel \u00c1lvarez Agis propuso crear un impuesto...","og_url":"https:\/\/impactocastex.com.ar\/?p=2928","article_publisher":"https:\/\/www.facebook.com\/impactocastexdiario","article_published_time":"2025-11-11T15:10:00+00:00","article_modified_time":"2025-11-11T15:10:01+00:00","og_image":[{"width":1200,"height":631,"url":"https:\/\/impactocastex.com.ar\/wp-content\/uploads\/2025\/11\/2127384.jpg","type":"image\/jpeg"}],"author":"impactocastex","twitter_card":"summary_large_image","twitter_misc":{"Escrito por":"impactocastex","Tiempo de lectura":"3 minutos"},"schema":{"@context":"https:\/\/schema.org","@graph":[{"@type":"Article","@id":"https:\/\/impactocastex.com.ar\/?p=2928#article","isPartOf":{"@id":"https:\/\/impactocastex.com.ar\/?p=2928"},"author":{"name":"impactocastex","@id":"https:\/\/impactocastex.com.ar\/#\/schema\/person\/c115028fb60f9bf49ce7550894b84ea7"},"headline":"\u00c1lvarez Agis propuso un impuesto al efectivo en reemplazo del Impuesto al Cheque y Milei lo acus\u00f3 de \u00abladr\u00f3n\u00bb","datePublished":"2025-11-11T15:10:00+00:00","dateModified":"2025-11-11T15:10:01+00:00","mainEntityOfPage":{"@id":"https:\/\/impactocastex.com.ar\/?p=2928"},"wordCount":540,"publisher":{"@id":"https:\/\/impactocastex.com.ar\/#organization"},"image":{"@id":"https:\/\/impactocastex.com.ar\/?p=2928#primaryimage"},"thumbnailUrl":"https:\/\/impactocastex.com.ar\/wp-content\/uploads\/2025\/11\/2127384.jpg","articleSection":["POLITICA"],"inLanguage":"es"},{"@type":"WebPage","@id":"https:\/\/impactocastex.com.ar\/?p=2928","url":"https:\/\/impactocastex.com.ar\/?p=2928","name":"\u00c1lvarez Agis propuso un impuesto al efectivo en reemplazo del Impuesto al Cheque y Milei lo acus\u00f3 de \"ladr\u00f3n\" -","isPartOf":{"@id":"https:\/\/impactocastex.com.ar\/#website"},"primaryImageOfPage":{"@id":"https:\/\/impactocastex.com.ar\/?p=2928#primaryimage"},"image":{"@id":"https:\/\/impactocastex.com.ar\/?p=2928#primaryimage"},"thumbnailUrl":"https:\/\/impactocastex.com.ar\/wp-content\/uploads\/2025\/11\/2127384.jpg","datePublished":"2025-11-11T15:10:00+00:00","dateModified":"2025-11-11T15:10:01+00:00","breadcrumb":{"@id":"https:\/\/impactocastex.com.ar\/?p=2928#breadcrumb"},"inLanguage":"es","potentialAction":[{"@type":"ReadAction","target":["https:\/\/impactocastex.com.ar\/?p=2928"]}]},{"@type":"ImageObject","inLanguage":"es","@id":"https:\/\/impactocastex.com.ar\/?p=2928#primaryimage","url":"https:\/\/impactocastex.com.ar\/wp-content\/uploads\/2025\/11\/2127384.jpg","contentUrl":"https:\/\/impactocastex.com.ar\/wp-content\/uploads\/2025\/11\/2127384.jpg","width":1200,"height":631},{"@type":"BreadcrumbList","@id":"https:\/\/impactocastex.com.ar\/?p=2928#breadcrumb","itemListElement":[{"@type":"ListItem","position":1,"name":"Portada","item":"https:\/\/impactocastex.com.ar\/"},{"@type":"ListItem","position":2,"name":"\u00c1lvarez Agis propuso un impuesto al efectivo en reemplazo del Impuesto al Cheque y Milei lo acus\u00f3 de &#8220;ladr\u00f3n&#8221;"}]},{"@type":"WebSite","@id":"https:\/\/impactocastex.com.ar\/#website","url":"https:\/\/impactocastex.com.ar\/","name":"Impacto Castex","description":"","publisher":{"@id":"https:\/\/impactocastex.com.ar\/#organization"},"potentialAction":[{"@type":"SearchAction","target":{"@type":"EntryPoint","urlTemplate":"https:\/\/impactocastex.com.ar\/?s={search_term_string}"},"query-input":{"@type":"PropertyValueSpecification","valueRequired":true,"valueName":"search_term_string"}}],"inLanguage":"es"},{"@type":"Organization","@id":"https:\/\/impactocastex.com.ar\/#organization","name":"Impacto Castex","url":"https:\/\/impactocastex.com.ar\/","logo":{"@type":"ImageObject","inLanguage":"es","@id":"https:\/\/impactocastex.com.ar\/#\/schema\/logo\/image\/","url":"https:\/\/impactocastex.com.ar\/wp-content\/uploads\/2025\/09\/cropped-icoweb.png","contentUrl":"https:\/\/impactocastex.com.ar\/wp-content\/uploads\/2025\/09\/cropped-icoweb.png","width":512,"height":512,"caption":"Impacto Castex"},"image":{"@id":"https:\/\/impactocastex.com.ar\/#\/schema\/logo\/image\/"},"sameAs":["https:\/\/www.facebook.com\/impactocastexdiario","https:\/\/www.instagram.com\/impactocastex.com.ar\/"]},{"@type":"Person","@id":"https:\/\/impactocastex.com.ar\/#\/schema\/person\/c115028fb60f9bf49ce7550894b84ea7","name":"impactocastex","image":{"@type":"ImageObject","inLanguage":"es","@id":"https:\/\/secure.gravatar.com\/avatar\/fee87e7af008f02e9becdc0b5a9fd4a2e79b3918a571edeacb62211704637833?s=96&d=mm&r=g","url":"https:\/\/secure.gravatar.com\/avatar\/fee87e7af008f02e9becdc0b5a9fd4a2e79b3918a571edeacb62211704637833?s=96&d=mm&r=g","contentUrl":"https:\/\/secure.gravatar.com\/avatar\/fee87e7af008f02e9becdc0b5a9fd4a2e79b3918a571edeacb62211704637833?s=96&d=mm&r=g","caption":"impactocastex"},"sameAs":["https:\/\/impactocastex.com.ar\/"],"url":"https:\/\/impactocastex.com.ar\/?author=2"}]}},"jetpack_publicize_connections":[],"featured_image_urls":{"full":["https:\/\/impactocastex.com.ar\/wp-content\/uploads\/2025\/11\/2127384.jpg",1200,631,false],"thumbnail":["https:\/\/impactocastex.com.ar\/wp-content\/uploads\/2025\/11\/2127384-150x150.jpg",150,150,true],"medium":["https:\/\/impactocastex.com.ar\/wp-content\/uploads\/2025\/11\/2127384-300x158.jpg",300,158,true],"medium_large":["https:\/\/impactocastex.com.ar\/wp-content\/uploads\/2025\/11\/2127384-768x404.jpg",640,337,true],"large":["https:\/\/impactocastex.com.ar\/wp-content\/uploads\/2025\/11\/2127384-1024x538.jpg",640,336,true],"1536x1536":["https:\/\/impactocastex.com.ar\/wp-content\/uploads\/2025\/11\/2127384.jpg",1200,631,false],"2048x2048":["https:\/\/impactocastex.com.ar\/wp-content\/uploads\/2025\/11\/2127384.jpg",1200,631,false],"newsever-slider-full":["https:\/\/impactocastex.com.ar\/wp-content\/uploads\/2025\/11\/2127384.jpg",1200,631,false],"newsever-featured":["https:\/\/impactocastex.com.ar\/wp-content\/uploads\/2025\/11\/2127384-1024x538.jpg",1024,538,true],"newsever-medium":["https:\/\/impactocastex.com.ar\/wp-content\/uploads\/2025\/11\/2127384-720x475.jpg",720,475,true]},"author_info":{"info":["impactocastex"]},"category_info":"<a href=\"https:\/\/impactocastex.com.ar\/?cat=122\" rel=\"category\">POLITICA<\/a>","tag_info":"POLITICA","comment_count":0,"jetpack_featured_media_url":"https:\/\/impactocastex.com.ar\/wp-content\/uploads\/2025\/11\/2127384.jpg","jetpack_sharing_enabled":true,"jetpack_likes_enabled":true,"jetpack_shortlink":"https:\/\/wp.me\/p7sopA-Le","_links":{"self":[{"href":"https:\/\/impactocastex.com.ar\/index.php?rest_route=\/wp\/v2\/posts\/2928","targetHints":{"allow":["GET"]}}],"collection":[{"href":"https:\/\/impactocastex.com.ar\/index.php?rest_route=\/wp\/v2\/posts"}],"about":[{"href":"https:\/\/impactocastex.com.ar\/index.php?rest_route=\/wp\/v2\/types\/post"}],"author":[{"embeddable":true,"href":"https:\/\/impactocastex.com.ar\/index.php?rest_route=\/wp\/v2\/users\/2"}],"replies":[{"embeddable":true,"href":"https:\/\/impactocastex.com.ar\/index.php?rest_route=%2Fwp%2Fv2%2Fcomments&post=2928"}],"version-history":[{"count":1,"href":"https:\/\/impactocastex.com.ar\/index.php?rest_route=\/wp\/v2\/posts\/2928\/revisions"}],"predecessor-version":[{"id":2930,"href":"https:\/\/impactocastex.com.ar\/index.php?rest_route=\/wp\/v2\/posts\/2928\/revisions\/2930"}],"wp:featuredmedia":[{"embeddable":true,"href":"https:\/\/impactocastex.com.ar\/index.php?rest_route=\/wp\/v2\/media\/2929"}],"wp:attachment":[{"href":"https:\/\/impactocastex.com.ar\/index.php?rest_route=%2Fwp%2Fv2%2Fmedia&parent=2928"}],"wp:term":[{"taxonomy":"category","embeddable":true,"href":"https:\/\/impactocastex.com.ar\/index.php?rest_route=%2Fwp%2Fv2%2Fcategories&post=2928"},{"taxonomy":"post_tag","embeddable":true,"href":"https:\/\/impactocastex.com.ar\/index.php?rest_route=%2Fwp%2Fv2%2Ftags&post=2928"}],"curies":[{"name":"wp","href":"https:\/\/api.w.org\/{rel}","templated":true}]}}