{"id":2910,"date":"2025-11-11T11:43:25","date_gmt":"2025-11-11T14:43:25","guid":{"rendered":"https:\/\/impactocastex.com.ar\/?p=2910"},"modified":"2025-11-11T11:43:26","modified_gmt":"2025-11-11T14:43:26","slug":"colegios-privados-ya-no-deberan-informar-ni-pedir-aval-estatal-para-fijar-cuotas-y-matricula","status":"publish","type":"post","link":"https:\/\/impactocastex.com.ar\/?p=2910","title":{"rendered":"Colegios privados ya no deber\u00e1n informar ni pedir aval estatal para fijar cuotas y matr\u00edcula"},"content":{"rendered":"\n<p>Rige la desregulaci\u00f3n del r\u00e9gimen de control de aranceles.<\/p>\n\n\n\n<p><strong><\/strong>El Gobierno derog\u00f3 la norma que regulaba los aranceles de los establecimientos privados desde hace m\u00e1s de 30 a\u00f1os.<\/p>\n\n\n\n<p>El Gobierno Nacional derog\u00f3 la norma que regulaba los aranceles de los colegios privados y las instituciones no tendr\u00e1n que informar los valores de las cuotas y la matr\u00edcula con anticipaci\u00f3n ni contar con el aval del Estado.<\/p>\n\n\n\n<p>La desregulaci\u00f3n del r\u00e9gimen de control sobre los aranceles de los establecimientos educativos de gesti\u00f3n privada, vigente hace m\u00e1s de 30 a\u00f1os, se dispuso mediante el Decreto 787\/2025, publicado este martes en el Bolet\u00edn Oficial.<\/p>\n\n\n\n<p>La normativa derog\u00f3 el Decreto 2417\/1993 que obligaba a las instituciones educativas privadas a notificar a las familias el importe de la matr\u00edcula y las cuotas junto a la forma, el plazo de pago y los recargos ante el atraso en el cumplimiento.<\/p>\n\n\n\n<p>Los requerimientos fijados deb\u00edan efectuarse antes de la finalizaci\u00f3n del ciclo lectivo previo, concretamente el 31 de octubre de cada a\u00f1o venc\u00eda el plazo. Hace poco el Ejecutivo lo hab\u00eda extendido hasta el 15 de noviembre.<\/p>\n\n\n\n<p>El decreto derogado establec\u00eda que las instituciones educativas ten\u00edan que conseguir el acuerdo de los padres o tutores de los estudiantes respecto a los nuevos valores de los aranceles, a ra\u00edz de que posteriormente eso deb\u00eda ser reflejado ante las autoridades nacionales. En caso de no llegar a un entendimiento, se manten\u00edan los valores vigentes.<\/p>\n\n\n\n<p>Al argumentar la decisi\u00f3n, el Gobierno explic\u00f3 en el texto oficial que la normativa eliminada \u00abpresenta limitaciones y requerimientos que dificultan la adaptaci\u00f3n de los institutos de ense\u00f1anza p\u00fablica de gesti\u00f3n privada a las realidades educativas y econ\u00f3micas del pa\u00eds\u00bb.<\/p>\n\n\n\n<p>En ese sentido, manifest\u00f3 que el r\u00e9gimen \u00abfue dictado en un contexto f\u00e1ctico y normativo distinto al actual\u00bb, al precisar que \u00aben aquel entonces la administraci\u00f3n de la educaci\u00f3n se encontraba bajo la \u00f3rbita del gobierno nacional\u00bb.<\/p>\n\n\n\n<p>Al respecto, se\u00f1al\u00f3 que \u00abesta situaci\u00f3n cambi\u00f3 a partir de la transferencia de esta competencia a las provincias, conforme al principio federal de nuestra organizaci\u00f3n constitucional, lo que justifica su revisi\u00f3n para adecuarlo al esquema actual de distribuci\u00f3n de funciones\u00bb.<\/p>\n\n\n\n<p>Asimismo, el Ejecutivo expres\u00f3 que \u00abla estructura de costos y consecuentemente de aranceles de la educaci\u00f3n ha variado desde entonces, lo que tambi\u00e9n justifica la revisi\u00f3n del mentado decreto\u00bb.<\/p>\n\n\n\n<p>Ante el descrito escenario, plante\u00f3 que \u00abla intervenci\u00f3n del Estado en la regulaci\u00f3n y financiamiento de los establecimientos de ense\u00f1anza de gesti\u00f3n privada, aunque busca garantizar la calidad educativa, ha generado efectos contraproducentes que afectan su funcionamiento y viabilidad econ\u00f3mica\u00bb.<\/p>\n\n\n\n<p>En esa l\u00ednea, asegur\u00f3 que \u00abdicha intervenci\u00f3n, al exigir a los establecimientos la presentaci\u00f3n de los montos de las cuotas y de la matr\u00edcula con anticipaci\u00f3n, limita su capacidad de adaptaci\u00f3n a las fluctuaciones del mercado, impidiendo que estos ajusten sus precios en funci\u00f3n de la realidad econ\u00f3mica y los costos operativos\u00bb.<\/p>\n\n\n\n<p>De esta manera, la administraci\u00f3n de Javier Milei consider\u00f3 que \u00abel requerimiento de los establecimientos de ense\u00f1anza de gesti\u00f3n privada de comunicar los montos de matr\u00edcula y de las cuotas con anticipaci\u00f3n considerable, junto con la obligaci\u00f3n de obtener la autorizaci\u00f3n estatal previa para modificar dichos valores, crea una situaci\u00f3n de incertidumbre econ\u00f3mica para los institutos, que suelen fijar cuotas m\u00e1s elevadas de lo necesario por temor a enfrentar costos que no puedan ser cubiertos sin aprobaci\u00f3n estatal\u00bb.<\/p>\n\n\n\n<p>En consecuencia, expuso que \u00abeste mecanismo de fijaci\u00f3n de precios perjudica a las familias, quienes deben enfrentar aranceles educativos m\u00e1s altos desde el inicio del ciclo lectivo, limitando su capacidad de elegir establecimientos de ense\u00f1anza adecuados a sus posibilidades econ\u00f3micas y, en algunos casos, oblig\u00e1ndolas a trasladar a sus hijos a otras instituciones\u00bb.<\/p>\n\n\n\n<p>Frente a dicho panorama, remarc\u00f3 que \u00abesta situaci\u00f3n constri\u00f1e el derecho de propiedad de los establecimientos educativos, quienes, al ser entidades privadas, deber\u00edan tener la libertad de fijar sus condiciones de contrataci\u00f3n y los salarios de sus empleados, sin necesidad de autorizaci\u00f3n estatal\u00bb.<\/p>\n\n\n\n<p>Al mismo tiempo, el Gobierno argument\u00f3 que \u00abel car\u00e1cter predecible y fijo de las tarifas impuestas por el Estado puede llevar a una precarizaci\u00f3n de la calidad educativa, dado que los establecimientos no pueden responder adecuadamente a las variaciones en los costos de insumos, salarios y otros gastos operativos sin antes contar con autorizaci\u00f3n de la autoridad correspondiente\u00bb.<\/p>\n\n\n\n<p>En este contexto, afirm\u00f3 que \u00abel principio de libre contrataci\u00f3n debe ser resguardado, permitiendo a las instituciones educativas el derecho a definir sus pol\u00edticas de precios y compensaciones, en el marco de una competencia leal y en funci\u00f3n de las demandas del mercado\u00bb.<\/p>\n\n\n\n<p><\/p>\n","protected":false},"excerpt":{"rendered":"<p>Rige la desregulaci\u00f3n del r\u00e9gimen de control de aranceles. El Gobierno derog\u00f3 la norma que&#8230;<\/p>\n","protected":false},"author":2,"featured_media":2911,"comment_status":"closed","ping_status":"closed","sticky":false,"template":"","format":"standard","meta":{"_jetpack_memberships_contains_paid_content":false,"footnotes":"","jetpack_publicize_message":"Colegios privados ya no deber\u00e1n informar ni pedir aval estatal para fijar cuotas y matr\u00edcula","jetpack_publicize_feature_enabled":true,"jetpack_social_post_already_shared":false,"jetpack_social_options":{"image_generator_settings":{"template":"highway","default_image_id":0,"font":"","enabled":false},"version":2}},"categories":[86],"tags":[],"class_list":["post-2910","post","type-post","status-publish","format-standard","has-post-thumbnail","hentry","category-sociedad"],"yoast_head":"<!-- This site is optimized with the Yoast SEO plugin v27.4 - https:\/\/yoast.com\/product\/yoast-seo-wordpress\/ -->\n<title>Colegios privados ya no deber\u00e1n informar ni pedir aval estatal para fijar cuotas y matr\u00edcula -<\/title>\n<meta name=\"robots\" content=\"index, follow, max-snippet:-1, max-image-preview:large, max-video-preview:-1\" \/>\n<link rel=\"canonical\" href=\"https:\/\/impactocastex.com.ar\/?p=2910\" \/>\n<meta property=\"og:locale\" content=\"es_ES\" \/>\n<meta property=\"og:type\" content=\"article\" \/>\n<meta property=\"og:title\" content=\"Colegios privados ya no deber\u00e1n informar ni pedir aval estatal para fijar cuotas y matr\u00edcula -\" \/>\n<meta property=\"og:description\" content=\"Rige la desregulaci\u00f3n del r\u00e9gimen de control de aranceles. El Gobierno derog\u00f3 la norma que...\" \/>\n<meta property=\"og:url\" content=\"https:\/\/impactocastex.com.ar\/?p=2910\" \/>\n<meta property=\"article:publisher\" content=\"https:\/\/www.facebook.com\/impactocastexdiario\" \/>\n<meta property=\"article:published_time\" content=\"2025-11-11T14:43:25+00:00\" \/>\n<meta property=\"article:modified_time\" content=\"2025-11-11T14:43:26+00:00\" \/>\n<meta property=\"og:image\" content=\"https:\/\/impactocastex.com.ar\/wp-content\/uploads\/2025\/11\/2127459.jpg\" \/>\n\t<meta property=\"og:image:width\" content=\"1200\" \/>\n\t<meta property=\"og:image:height\" content=\"631\" \/>\n\t<meta property=\"og:image:type\" content=\"image\/jpeg\" \/>\n<meta name=\"author\" content=\"impactocastex\" \/>\n<meta name=\"twitter:card\" content=\"summary_large_image\" \/>\n<meta name=\"twitter:label1\" content=\"Escrito por\" \/>\n\t<meta name=\"twitter:data1\" content=\"impactocastex\" \/>\n\t<meta name=\"twitter:label2\" content=\"Tiempo de lectura\" \/>\n\t<meta name=\"twitter:data2\" content=\"4 minutos\" \/>\n<script type=\"application\/ld+json\" class=\"yoast-schema-graph\">{\"@context\":\"https:\\\/\\\/schema.org\",\"@graph\":[{\"@type\":\"Article\",\"@id\":\"https:\\\/\\\/impactocastex.com.ar\\\/?p=2910#article\",\"isPartOf\":{\"@id\":\"https:\\\/\\\/impactocastex.com.ar\\\/?p=2910\"},\"author\":{\"name\":\"impactocastex\",\"@id\":\"https:\\\/\\\/impactocastex.com.ar\\\/#\\\/schema\\\/person\\\/c115028fb60f9bf49ce7550894b84ea7\"},\"headline\":\"Colegios privados ya no deber\u00e1n informar ni pedir aval estatal para fijar cuotas y matr\u00edcula\",\"datePublished\":\"2025-11-11T14:43:25+00:00\",\"dateModified\":\"2025-11-11T14:43:26+00:00\",\"mainEntityOfPage\":{\"@id\":\"https:\\\/\\\/impactocastex.com.ar\\\/?p=2910\"},\"wordCount\":842,\"publisher\":{\"@id\":\"https:\\\/\\\/impactocastex.com.ar\\\/#organization\"},\"image\":{\"@id\":\"https:\\\/\\\/impactocastex.com.ar\\\/?p=2910#primaryimage\"},\"thumbnailUrl\":\"https:\\\/\\\/impactocastex.com.ar\\\/wp-content\\\/uploads\\\/2025\\\/11\\\/2127459.jpg\",\"articleSection\":[\"SOCIEDAD\"],\"inLanguage\":\"es\"},{\"@type\":\"WebPage\",\"@id\":\"https:\\\/\\\/impactocastex.com.ar\\\/?p=2910\",\"url\":\"https:\\\/\\\/impactocastex.com.ar\\\/?p=2910\",\"name\":\"Colegios privados ya no deber\u00e1n informar ni pedir aval estatal para fijar cuotas y matr\u00edcula -\",\"isPartOf\":{\"@id\":\"https:\\\/\\\/impactocastex.com.ar\\\/#website\"},\"primaryImageOfPage\":{\"@id\":\"https:\\\/\\\/impactocastex.com.ar\\\/?p=2910#primaryimage\"},\"image\":{\"@id\":\"https:\\\/\\\/impactocastex.com.ar\\\/?p=2910#primaryimage\"},\"thumbnailUrl\":\"https:\\\/\\\/impactocastex.com.ar\\\/wp-content\\\/uploads\\\/2025\\\/11\\\/2127459.jpg\",\"datePublished\":\"2025-11-11T14:43:25+00:00\",\"dateModified\":\"2025-11-11T14:43:26+00:00\",\"breadcrumb\":{\"@id\":\"https:\\\/\\\/impactocastex.com.ar\\\/?p=2910#breadcrumb\"},\"inLanguage\":\"es\",\"potentialAction\":[{\"@type\":\"ReadAction\",\"target\":[\"https:\\\/\\\/impactocastex.com.ar\\\/?p=2910\"]}]},{\"@type\":\"ImageObject\",\"inLanguage\":\"es\",\"@id\":\"https:\\\/\\\/impactocastex.com.ar\\\/?p=2910#primaryimage\",\"url\":\"https:\\\/\\\/impactocastex.com.ar\\\/wp-content\\\/uploads\\\/2025\\\/11\\\/2127459.jpg\",\"contentUrl\":\"https:\\\/\\\/impactocastex.com.ar\\\/wp-content\\\/uploads\\\/2025\\\/11\\\/2127459.jpg\",\"width\":1200,\"height\":631},{\"@type\":\"BreadcrumbList\",\"@id\":\"https:\\\/\\\/impactocastex.com.ar\\\/?p=2910#breadcrumb\",\"itemListElement\":[{\"@type\":\"ListItem\",\"position\":1,\"name\":\"Portada\",\"item\":\"https:\\\/\\\/impactocastex.com.ar\\\/\"},{\"@type\":\"ListItem\",\"position\":2,\"name\":\"Colegios privados ya no deber\u00e1n informar ni pedir aval estatal para fijar cuotas y matr\u00edcula\"}]},{\"@type\":\"WebSite\",\"@id\":\"https:\\\/\\\/impactocastex.com.ar\\\/#website\",\"url\":\"https:\\\/\\\/impactocastex.com.ar\\\/\",\"name\":\"Impacto Castex\",\"description\":\"\",\"publisher\":{\"@id\":\"https:\\\/\\\/impactocastex.com.ar\\\/#organization\"},\"potentialAction\":[{\"@type\":\"SearchAction\",\"target\":{\"@type\":\"EntryPoint\",\"urlTemplate\":\"https:\\\/\\\/impactocastex.com.ar\\\/?s={search_term_string}\"},\"query-input\":{\"@type\":\"PropertyValueSpecification\",\"valueRequired\":true,\"valueName\":\"search_term_string\"}}],\"inLanguage\":\"es\"},{\"@type\":\"Organization\",\"@id\":\"https:\\\/\\\/impactocastex.com.ar\\\/#organization\",\"name\":\"Impacto Castex\",\"url\":\"https:\\\/\\\/impactocastex.com.ar\\\/\",\"logo\":{\"@type\":\"ImageObject\",\"inLanguage\":\"es\",\"@id\":\"https:\\\/\\\/impactocastex.com.ar\\\/#\\\/schema\\\/logo\\\/image\\\/\",\"url\":\"https:\\\/\\\/impactocastex.com.ar\\\/wp-content\\\/uploads\\\/2025\\\/09\\\/cropped-icoweb.png\",\"contentUrl\":\"https:\\\/\\\/impactocastex.com.ar\\\/wp-content\\\/uploads\\\/2025\\\/09\\\/cropped-icoweb.png\",\"width\":512,\"height\":512,\"caption\":\"Impacto Castex\"},\"image\":{\"@id\":\"https:\\\/\\\/impactocastex.com.ar\\\/#\\\/schema\\\/logo\\\/image\\\/\"},\"sameAs\":[\"https:\\\/\\\/www.facebook.com\\\/impactocastexdiario\",\"https:\\\/\\\/www.instagram.com\\\/impactocastex.com.ar\\\/\"]},{\"@type\":\"Person\",\"@id\":\"https:\\\/\\\/impactocastex.com.ar\\\/#\\\/schema\\\/person\\\/c115028fb60f9bf49ce7550894b84ea7\",\"name\":\"impactocastex\",\"image\":{\"@type\":\"ImageObject\",\"inLanguage\":\"es\",\"@id\":\"https:\\\/\\\/secure.gravatar.com\\\/avatar\\\/fee87e7af008f02e9becdc0b5a9fd4a2e79b3918a571edeacb62211704637833?s=96&d=mm&r=g\",\"url\":\"https:\\\/\\\/secure.gravatar.com\\\/avatar\\\/fee87e7af008f02e9becdc0b5a9fd4a2e79b3918a571edeacb62211704637833?s=96&d=mm&r=g\",\"contentUrl\":\"https:\\\/\\\/secure.gravatar.com\\\/avatar\\\/fee87e7af008f02e9becdc0b5a9fd4a2e79b3918a571edeacb62211704637833?s=96&d=mm&r=g\",\"caption\":\"impactocastex\"},\"sameAs\":[\"https:\\\/\\\/impactocastex.com.ar\\\/\"],\"url\":\"https:\\\/\\\/impactocastex.com.ar\\\/?author=2\"}]}<\/script>\n<!-- \/ Yoast SEO plugin. -->","yoast_head_json":{"title":"Colegios privados ya no deber\u00e1n informar ni pedir aval estatal para fijar cuotas y matr\u00edcula -","robots":{"index":"index","follow":"follow","max-snippet":"max-snippet:-1","max-image-preview":"max-image-preview:large","max-video-preview":"max-video-preview:-1"},"canonical":"https:\/\/impactocastex.com.ar\/?p=2910","og_locale":"es_ES","og_type":"article","og_title":"Colegios privados ya no deber\u00e1n informar ni pedir aval estatal para fijar cuotas y matr\u00edcula -","og_description":"Rige la desregulaci\u00f3n del r\u00e9gimen de control de aranceles. El Gobierno derog\u00f3 la norma que...","og_url":"https:\/\/impactocastex.com.ar\/?p=2910","article_publisher":"https:\/\/www.facebook.com\/impactocastexdiario","article_published_time":"2025-11-11T14:43:25+00:00","article_modified_time":"2025-11-11T14:43:26+00:00","og_image":[{"width":1200,"height":631,"url":"https:\/\/impactocastex.com.ar\/wp-content\/uploads\/2025\/11\/2127459.jpg","type":"image\/jpeg"}],"author":"impactocastex","twitter_card":"summary_large_image","twitter_misc":{"Escrito por":"impactocastex","Tiempo de lectura":"4 minutos"},"schema":{"@context":"https:\/\/schema.org","@graph":[{"@type":"Article","@id":"https:\/\/impactocastex.com.ar\/?p=2910#article","isPartOf":{"@id":"https:\/\/impactocastex.com.ar\/?p=2910"},"author":{"name":"impactocastex","@id":"https:\/\/impactocastex.com.ar\/#\/schema\/person\/c115028fb60f9bf49ce7550894b84ea7"},"headline":"Colegios privados ya no deber\u00e1n informar ni pedir aval estatal para fijar cuotas y matr\u00edcula","datePublished":"2025-11-11T14:43:25+00:00","dateModified":"2025-11-11T14:43:26+00:00","mainEntityOfPage":{"@id":"https:\/\/impactocastex.com.ar\/?p=2910"},"wordCount":842,"publisher":{"@id":"https:\/\/impactocastex.com.ar\/#organization"},"image":{"@id":"https:\/\/impactocastex.com.ar\/?p=2910#primaryimage"},"thumbnailUrl":"https:\/\/impactocastex.com.ar\/wp-content\/uploads\/2025\/11\/2127459.jpg","articleSection":["SOCIEDAD"],"inLanguage":"es"},{"@type":"WebPage","@id":"https:\/\/impactocastex.com.ar\/?p=2910","url":"https:\/\/impactocastex.com.ar\/?p=2910","name":"Colegios privados ya no deber\u00e1n informar ni pedir aval estatal para fijar cuotas y matr\u00edcula -","isPartOf":{"@id":"https:\/\/impactocastex.com.ar\/#website"},"primaryImageOfPage":{"@id":"https:\/\/impactocastex.com.ar\/?p=2910#primaryimage"},"image":{"@id":"https:\/\/impactocastex.com.ar\/?p=2910#primaryimage"},"thumbnailUrl":"https:\/\/impactocastex.com.ar\/wp-content\/uploads\/2025\/11\/2127459.jpg","datePublished":"2025-11-11T14:43:25+00:00","dateModified":"2025-11-11T14:43:26+00:00","breadcrumb":{"@id":"https:\/\/impactocastex.com.ar\/?p=2910#breadcrumb"},"inLanguage":"es","potentialAction":[{"@type":"ReadAction","target":["https:\/\/impactocastex.com.ar\/?p=2910"]}]},{"@type":"ImageObject","inLanguage":"es","@id":"https:\/\/impactocastex.com.ar\/?p=2910#primaryimage","url":"https:\/\/impactocastex.com.ar\/wp-content\/uploads\/2025\/11\/2127459.jpg","contentUrl":"https:\/\/impactocastex.com.ar\/wp-content\/uploads\/2025\/11\/2127459.jpg","width":1200,"height":631},{"@type":"BreadcrumbList","@id":"https:\/\/impactocastex.com.ar\/?p=2910#breadcrumb","itemListElement":[{"@type":"ListItem","position":1,"name":"Portada","item":"https:\/\/impactocastex.com.ar\/"},{"@type":"ListItem","position":2,"name":"Colegios privados ya no deber\u00e1n informar ni pedir aval estatal para fijar cuotas y matr\u00edcula"}]},{"@type":"WebSite","@id":"https:\/\/impactocastex.com.ar\/#website","url":"https:\/\/impactocastex.com.ar\/","name":"Impacto Castex","description":"","publisher":{"@id":"https:\/\/impactocastex.com.ar\/#organization"},"potentialAction":[{"@type":"SearchAction","target":{"@type":"EntryPoint","urlTemplate":"https:\/\/impactocastex.com.ar\/?s={search_term_string}"},"query-input":{"@type":"PropertyValueSpecification","valueRequired":true,"valueName":"search_term_string"}}],"inLanguage":"es"},{"@type":"Organization","@id":"https:\/\/impactocastex.com.ar\/#organization","name":"Impacto Castex","url":"https:\/\/impactocastex.com.ar\/","logo":{"@type":"ImageObject","inLanguage":"es","@id":"https:\/\/impactocastex.com.ar\/#\/schema\/logo\/image\/","url":"https:\/\/impactocastex.com.ar\/wp-content\/uploads\/2025\/09\/cropped-icoweb.png","contentUrl":"https:\/\/impactocastex.com.ar\/wp-content\/uploads\/2025\/09\/cropped-icoweb.png","width":512,"height":512,"caption":"Impacto Castex"},"image":{"@id":"https:\/\/impactocastex.com.ar\/#\/schema\/logo\/image\/"},"sameAs":["https:\/\/www.facebook.com\/impactocastexdiario","https:\/\/www.instagram.com\/impactocastex.com.ar\/"]},{"@type":"Person","@id":"https:\/\/impactocastex.com.ar\/#\/schema\/person\/c115028fb60f9bf49ce7550894b84ea7","name":"impactocastex","image":{"@type":"ImageObject","inLanguage":"es","@id":"https:\/\/secure.gravatar.com\/avatar\/fee87e7af008f02e9becdc0b5a9fd4a2e79b3918a571edeacb62211704637833?s=96&d=mm&r=g","url":"https:\/\/secure.gravatar.com\/avatar\/fee87e7af008f02e9becdc0b5a9fd4a2e79b3918a571edeacb62211704637833?s=96&d=mm&r=g","contentUrl":"https:\/\/secure.gravatar.com\/avatar\/fee87e7af008f02e9becdc0b5a9fd4a2e79b3918a571edeacb62211704637833?s=96&d=mm&r=g","caption":"impactocastex"},"sameAs":["https:\/\/impactocastex.com.ar\/"],"url":"https:\/\/impactocastex.com.ar\/?author=2"}]}},"jetpack_publicize_connections":[],"featured_image_urls":{"full":["https:\/\/impactocastex.com.ar\/wp-content\/uploads\/2025\/11\/2127459.jpg",1200,631,false],"thumbnail":["https:\/\/impactocastex.com.ar\/wp-content\/uploads\/2025\/11\/2127459-150x150.jpg",150,150,true],"medium":["https:\/\/impactocastex.com.ar\/wp-content\/uploads\/2025\/11\/2127459-300x158.jpg",300,158,true],"medium_large":["https:\/\/impactocastex.com.ar\/wp-content\/uploads\/2025\/11\/2127459-768x404.jpg",640,337,true],"large":["https:\/\/impactocastex.com.ar\/wp-content\/uploads\/2025\/11\/2127459-1024x538.jpg",640,336,true],"1536x1536":["https:\/\/impactocastex.com.ar\/wp-content\/uploads\/2025\/11\/2127459.jpg",1200,631,false],"2048x2048":["https:\/\/impactocastex.com.ar\/wp-content\/uploads\/2025\/11\/2127459.jpg",1200,631,false],"newsever-slider-full":["https:\/\/impactocastex.com.ar\/wp-content\/uploads\/2025\/11\/2127459.jpg",1200,631,false],"newsever-featured":["https:\/\/impactocastex.com.ar\/wp-content\/uploads\/2025\/11\/2127459-1024x538.jpg",1024,538,true],"newsever-medium":["https:\/\/impactocastex.com.ar\/wp-content\/uploads\/2025\/11\/2127459-720x475.jpg",720,475,true]},"author_info":{"info":["impactocastex"]},"category_info":"<a href=\"https:\/\/impactocastex.com.ar\/?cat=86\" rel=\"category\">SOCIEDAD<\/a>","tag_info":"SOCIEDAD","comment_count":0,"jetpack_featured_media_url":"https:\/\/impactocastex.com.ar\/wp-content\/uploads\/2025\/11\/2127459.jpg","jetpack_sharing_enabled":true,"jetpack_likes_enabled":true,"jetpack_shortlink":"https:\/\/wp.me\/p7sopA-KW","_links":{"self":[{"href":"https:\/\/impactocastex.com.ar\/index.php?rest_route=\/wp\/v2\/posts\/2910","targetHints":{"allow":["GET"]}}],"collection":[{"href":"https:\/\/impactocastex.com.ar\/index.php?rest_route=\/wp\/v2\/posts"}],"about":[{"href":"https:\/\/impactocastex.com.ar\/index.php?rest_route=\/wp\/v2\/types\/post"}],"author":[{"embeddable":true,"href":"https:\/\/impactocastex.com.ar\/index.php?rest_route=\/wp\/v2\/users\/2"}],"replies":[{"embeddable":true,"href":"https:\/\/impactocastex.com.ar\/index.php?rest_route=%2Fwp%2Fv2%2Fcomments&post=2910"}],"version-history":[{"count":1,"href":"https:\/\/impactocastex.com.ar\/index.php?rest_route=\/wp\/v2\/posts\/2910\/revisions"}],"predecessor-version":[{"id":2912,"href":"https:\/\/impactocastex.com.ar\/index.php?rest_route=\/wp\/v2\/posts\/2910\/revisions\/2912"}],"wp:featuredmedia":[{"embeddable":true,"href":"https:\/\/impactocastex.com.ar\/index.php?rest_route=\/wp\/v2\/media\/2911"}],"wp:attachment":[{"href":"https:\/\/impactocastex.com.ar\/index.php?rest_route=%2Fwp%2Fv2%2Fmedia&parent=2910"}],"wp:term":[{"taxonomy":"category","embeddable":true,"href":"https:\/\/impactocastex.com.ar\/index.php?rest_route=%2Fwp%2Fv2%2Fcategories&post=2910"},{"taxonomy":"post_tag","embeddable":true,"href":"https:\/\/impactocastex.com.ar\/index.php?rest_route=%2Fwp%2Fv2%2Ftags&post=2910"}],"curies":[{"name":"wp","href":"https:\/\/api.w.org\/{rel}","templated":true}]}}