{"id":2889,"date":"2025-11-10T11:30:19","date_gmt":"2025-11-10T14:30:19","guid":{"rendered":"https:\/\/impactocastex.com.ar\/?p=2889"},"modified":"2025-11-10T11:30:21","modified_gmt":"2025-11-10T14:30:21","slug":"bajo-la-tasa-y-ya-se-siente-en-los-prestamos-hipotecarios-y-los-prendarios","status":"publish","type":"post","link":"https:\/\/impactocastex.com.ar\/?p=2889","title":{"rendered":"Baj\u00f3 la tasa y ya se siente en los pr\u00e9stamos hipotecarios y los prendarios"},"content":{"rendered":"\n<p>Dos bancos bajaron la tasa de sus cr\u00e9ditos hipotecarios UVA.<\/p>\n\n\n\n<p><strong><\/strong><strong>Las tasas regresaron a niveles cercanos a 30% anual, lo que no se ve\u00eda desde julio<\/strong>. Influy\u00f3 la correcci\u00f3n del Banco Central y la calma cambiaria poselectoral.<\/p>\n\n\n\n<p>Aunque no es generalizado, dos bancos ya redujeron las tasas para cr\u00e9ditos para viviendas y las automotrices vuelven a otorgar pr\u00e9stamos a tasa 0.<\/p>\n\n\n\n<p>Las primeras se\u00f1ales de la baja de las tasas de inter\u00e9s luego del triunfo electoral del Gobierno ya se sienten en el costo del cr\u00e9dito, con un incipiente impacto en los pr\u00e9stamos hipotecarios y prendarios.<\/p>\n\n\n\n<p>Aunque todav\u00eda no hay una reducci\u00f3n generalizada, en los \u00faltimos d\u00edas, dos bancos ya recortaron las tasas en sus l\u00edneas de cr\u00e9ditos para la adquisici\u00f3n de viviendas y las automotrices vuelven a otorgar pr\u00e9stamos a tasas subsidiadas para la compra de autos 0 kil\u00f3metro.<\/p>\n\n\n\n<p>Influye la correcci\u00f3n del Banco Central y la calma cambiaria pasadas las elecciones, tras el relajamiento del apret\u00f3n monetario, en el que progresivamente se espera que la baja de las tasas pasivas (las de los plazos fijos y endeudamiento del Tesoro) se traslade a las tasas activas (las que se aplican en el acceso al financiamiento, en los pr\u00e9stamos y consumos en tarjetas).<\/p>\n\n\n\n<p>Con la flexibilizaci\u00f3n de los encajes a los bancos luego de las legislativas, el Banco Central redujo la tasa nominal anual (TNA) con la que absorbe pesos del mercado a trav\u00e9s de las ruedas simult\u00e1neas de BYMA, llev\u00e1ndola de 25% a 22%.<\/p>\n\n\n\n<p>\u00abEl recorte en la tasa de referencia apunta a comprimir los rendimientos de t\u00edtulos en pesos y profundizar la baja de tasas de corto plazo. El movimiento podr\u00eda trasladarse en breve a los rendimientos de apps financieras y plazos fijos bancarios, consolidando la tendencia descendente del costo del dinero\u00bb, analiz\u00f3 Ignacio Morales, de Wise Capital.<\/p>\n\n\n\n<p>En relaci\u00f3n a la vuelta de los rendimientos a niveles similares a los del segundo trimestre, previo al desarme de las LEFI, y en algunos casos por debajo, Nery Persichini destac\u00f3 en el informe semanal de la consultora GMA que \u00ablas tasas regresaron a niveles m\u00e1s tolerables, cercanos a 30% anual, algo que no ve\u00edamos desde julio\u00bb. \u00abAs\u00ed, se consolida el proceso de menores tasas y mayor liquidez en la plaza local, un c\u00f3ctel que el capital de trabajo de las empresas agradece\u00bb, agreg\u00f3.<\/p>\n\n\n\n<p>En ese sentido, la TNA que los bancos le cobran a las empresas por adelantos en cuenta corriente de uno a siete d\u00edas y por m\u00e1s de $ 10 millones \u2013indicador clave del financiamiento empresario\u2013 cay\u00f3 a 49,2%, seg\u00fan datos del Central. Antes de las elecciones, hab\u00eda llegado a 190%.<\/p>\n\n\n\n<p>Tambi\u00e9n la TNA de descuento de cheques avalados baj\u00f3 de 75% hasta 34%, seg\u00fan los plazos de las operaciones, lo que el mercado entiende que es un signo positivo en v\u00edas de abaratar el financiamiento del capital de trabajo de las pymes.<\/p>\n\n\n\n<p>Impacto en cr\u00e9ditos hipotecarios y prendarios<\/p>\n\n\n\n<p>En este escenario, dos bancos bajaron la tasa de sus cr\u00e9ditos hipotecarios UVA, que a\u00fan se ubican en niveles hist\u00f3ricos altos y se enfriaron tras restringirse por las condiciones que endurecieron en el segundo semestre.<\/p>\n\n\n\n<p>El viernes, ICBC redujo en dos puntos su TNA, que pas\u00f3 de 14% al 12%, mientras que la preferencial \u2013para clientes que perciben su sueldo en el banco\u2013 baj\u00f3 de 13% a 11%. Para acceder al cr\u00e9dito, se necesita un ingreso mensual m\u00ednimo de $ 1.100.000 y se pueden sumar ingresos de padres o pareja para la compra de una vivienda \u00fanica y permanente. Cubre hasta 75% del valor del inmueble, entre 15 y 20 a\u00f1os para operaciones que no superen los $ 360 millones.<\/p>\n\n\n\n<p>La decisi\u00f3n del ICBC se produjo una semana despu\u00e9s de que el anterior viernes BBVA baj\u00f3 la TNA de 10,9% a 7,5% de su l\u00ednea preferencial, destinada a la adquisici\u00f3n de una vivienda permanente de m\u00e1s de $ 50 millones o no permanente de m\u00e1s de $ 100 millones por parte de quienes cobran su sueldo en la entidad y perciben m\u00e1s de $ 5 millones mensuales. Financia hasta 80% del valor de la propiedad con un plazo de entre cinco y 30 a\u00f1os.<\/p>\n\n\n\n<p>Para el mercado inmobiliario, este puntapi\u00e9 inicial anticipa el comienzo de una tendencia, aunque esperan que sea paulatino. \u00abCuando el financiamiento empieza a ser viable y el tipo de cambio se estabiliza, el mercado se mueve\u00bb, analiz\u00f3 Nancy Vieitez, presidenta de la C\u00e1mara Inmobiliaria Argentina (CIA) y titular de Negocios Inmobiliarios.<\/p>\n\n\n\n<p>A su vez, reapareci\u00f3 la financiaci\u00f3n para comprar autos 0 kil\u00f3metro a tasa 0. En el arranque de mes, terminales como Stellantis, Renault, Chevrolet y Ford lanzaron cr\u00e9ditos con tasas subsidiadas para reactivar la demanda luego de que el uso de cr\u00e9dito cay\u00f3 a su nivel m\u00e1s bajo del a\u00f1o en septiembre, cuando represent\u00f3 el 17% de las operaciones del mercado, seg\u00fan la Asociaci\u00f3n de Concesionarios de la Argentina (Acara).<\/p>\n","protected":false},"excerpt":{"rendered":"<p>Dos bancos bajaron la tasa de sus cr\u00e9ditos hipotecarios UVA. Las tasas regresaron a niveles&#8230;<\/p>\n","protected":false},"author":2,"featured_media":2890,"comment_status":"closed","ping_status":"closed","sticky":false,"template":"","format":"standard","meta":{"_jetpack_memberships_contains_paid_content":false,"footnotes":"","jetpack_publicize_message":"Baj\u00f3 la tasa y ya se siente en los pr\u00e9stamos hipotecarios y los prendarios","jetpack_publicize_feature_enabled":true,"jetpack_social_post_already_shared":false,"jetpack_social_options":{"image_generator_settings":{"template":"highway","default_image_id":0,"font":"","enabled":false},"version":2}},"categories":[86],"tags":[],"class_list":["post-2889","post","type-post","status-publish","format-standard","has-post-thumbnail","hentry","category-sociedad"],"yoast_head":"<!-- This site is optimized with the Yoast SEO plugin v27.4 - https:\/\/yoast.com\/product\/yoast-seo-wordpress\/ -->\n<title>Baj\u00f3 la tasa y ya se siente en los pr\u00e9stamos hipotecarios y los prendarios -<\/title>\n<meta name=\"robots\" content=\"index, follow, max-snippet:-1, max-image-preview:large, max-video-preview:-1\" \/>\n<link rel=\"canonical\" href=\"https:\/\/impactocastex.com.ar\/?p=2889\" \/>\n<meta property=\"og:locale\" content=\"es_ES\" \/>\n<meta property=\"og:type\" content=\"article\" \/>\n<meta property=\"og:title\" content=\"Baj\u00f3 la tasa y ya se siente en los pr\u00e9stamos hipotecarios y los prendarios -\" \/>\n<meta property=\"og:description\" content=\"Dos bancos bajaron la tasa de sus cr\u00e9ditos hipotecarios UVA. Las tasas regresaron a niveles...\" \/>\n<meta property=\"og:url\" content=\"https:\/\/impactocastex.com.ar\/?p=2889\" \/>\n<meta property=\"article:publisher\" content=\"https:\/\/www.facebook.com\/impactocastexdiario\" \/>\n<meta property=\"article:published_time\" content=\"2025-11-10T14:30:19+00:00\" \/>\n<meta property=\"article:modified_time\" content=\"2025-11-10T14:30:21+00:00\" \/>\n<meta property=\"og:image\" content=\"https:\/\/impactocastex.com.ar\/wp-content\/uploads\/2025\/11\/2127356.jpg\" \/>\n\t<meta property=\"og:image:width\" content=\"1200\" \/>\n\t<meta property=\"og:image:height\" content=\"631\" \/>\n\t<meta property=\"og:image:type\" content=\"image\/jpeg\" \/>\n<meta name=\"author\" content=\"impactocastex\" \/>\n<meta name=\"twitter:card\" content=\"summary_large_image\" \/>\n<meta name=\"twitter:label1\" content=\"Escrito por\" \/>\n\t<meta name=\"twitter:data1\" content=\"impactocastex\" \/>\n\t<meta name=\"twitter:label2\" content=\"Tiempo de lectura\" \/>\n\t<meta name=\"twitter:data2\" content=\"4 minutos\" \/>\n<script type=\"application\/ld+json\" class=\"yoast-schema-graph\">{\"@context\":\"https:\\\/\\\/schema.org\",\"@graph\":[{\"@type\":\"Article\",\"@id\":\"https:\\\/\\\/impactocastex.com.ar\\\/?p=2889#article\",\"isPartOf\":{\"@id\":\"https:\\\/\\\/impactocastex.com.ar\\\/?p=2889\"},\"author\":{\"name\":\"impactocastex\",\"@id\":\"https:\\\/\\\/impactocastex.com.ar\\\/#\\\/schema\\\/person\\\/c115028fb60f9bf49ce7550894b84ea7\"},\"headline\":\"Baj\u00f3 la tasa y ya se siente en los pr\u00e9stamos hipotecarios y los prendarios\",\"datePublished\":\"2025-11-10T14:30:19+00:00\",\"dateModified\":\"2025-11-10T14:30:21+00:00\",\"mainEntityOfPage\":{\"@id\":\"https:\\\/\\\/impactocastex.com.ar\\\/?p=2889\"},\"wordCount\":847,\"publisher\":{\"@id\":\"https:\\\/\\\/impactocastex.com.ar\\\/#organization\"},\"image\":{\"@id\":\"https:\\\/\\\/impactocastex.com.ar\\\/?p=2889#primaryimage\"},\"thumbnailUrl\":\"https:\\\/\\\/impactocastex.com.ar\\\/wp-content\\\/uploads\\\/2025\\\/11\\\/2127356.jpg\",\"articleSection\":[\"SOCIEDAD\"],\"inLanguage\":\"es\"},{\"@type\":\"WebPage\",\"@id\":\"https:\\\/\\\/impactocastex.com.ar\\\/?p=2889\",\"url\":\"https:\\\/\\\/impactocastex.com.ar\\\/?p=2889\",\"name\":\"Baj\u00f3 la tasa y ya se siente en los pr\u00e9stamos hipotecarios y los prendarios -\",\"isPartOf\":{\"@id\":\"https:\\\/\\\/impactocastex.com.ar\\\/#website\"},\"primaryImageOfPage\":{\"@id\":\"https:\\\/\\\/impactocastex.com.ar\\\/?p=2889#primaryimage\"},\"image\":{\"@id\":\"https:\\\/\\\/impactocastex.com.ar\\\/?p=2889#primaryimage\"},\"thumbnailUrl\":\"https:\\\/\\\/impactocastex.com.ar\\\/wp-content\\\/uploads\\\/2025\\\/11\\\/2127356.jpg\",\"datePublished\":\"2025-11-10T14:30:19+00:00\",\"dateModified\":\"2025-11-10T14:30:21+00:00\",\"breadcrumb\":{\"@id\":\"https:\\\/\\\/impactocastex.com.ar\\\/?p=2889#breadcrumb\"},\"inLanguage\":\"es\",\"potentialAction\":[{\"@type\":\"ReadAction\",\"target\":[\"https:\\\/\\\/impactocastex.com.ar\\\/?p=2889\"]}]},{\"@type\":\"ImageObject\",\"inLanguage\":\"es\",\"@id\":\"https:\\\/\\\/impactocastex.com.ar\\\/?p=2889#primaryimage\",\"url\":\"https:\\\/\\\/impactocastex.com.ar\\\/wp-content\\\/uploads\\\/2025\\\/11\\\/2127356.jpg\",\"contentUrl\":\"https:\\\/\\\/impactocastex.com.ar\\\/wp-content\\\/uploads\\\/2025\\\/11\\\/2127356.jpg\",\"width\":1200,\"height\":631},{\"@type\":\"BreadcrumbList\",\"@id\":\"https:\\\/\\\/impactocastex.com.ar\\\/?p=2889#breadcrumb\",\"itemListElement\":[{\"@type\":\"ListItem\",\"position\":1,\"name\":\"Portada\",\"item\":\"https:\\\/\\\/impactocastex.com.ar\\\/\"},{\"@type\":\"ListItem\",\"position\":2,\"name\":\"Baj\u00f3 la tasa y ya se siente en los pr\u00e9stamos hipotecarios y los prendarios\"}]},{\"@type\":\"WebSite\",\"@id\":\"https:\\\/\\\/impactocastex.com.ar\\\/#website\",\"url\":\"https:\\\/\\\/impactocastex.com.ar\\\/\",\"name\":\"Impacto Castex\",\"description\":\"\",\"publisher\":{\"@id\":\"https:\\\/\\\/impactocastex.com.ar\\\/#organization\"},\"potentialAction\":[{\"@type\":\"SearchAction\",\"target\":{\"@type\":\"EntryPoint\",\"urlTemplate\":\"https:\\\/\\\/impactocastex.com.ar\\\/?s={search_term_string}\"},\"query-input\":{\"@type\":\"PropertyValueSpecification\",\"valueRequired\":true,\"valueName\":\"search_term_string\"}}],\"inLanguage\":\"es\"},{\"@type\":\"Organization\",\"@id\":\"https:\\\/\\\/impactocastex.com.ar\\\/#organization\",\"name\":\"Impacto Castex\",\"url\":\"https:\\\/\\\/impactocastex.com.ar\\\/\",\"logo\":{\"@type\":\"ImageObject\",\"inLanguage\":\"es\",\"@id\":\"https:\\\/\\\/impactocastex.com.ar\\\/#\\\/schema\\\/logo\\\/image\\\/\",\"url\":\"https:\\\/\\\/impactocastex.com.ar\\\/wp-content\\\/uploads\\\/2025\\\/09\\\/cropped-icoweb.png\",\"contentUrl\":\"https:\\\/\\\/impactocastex.com.ar\\\/wp-content\\\/uploads\\\/2025\\\/09\\\/cropped-icoweb.png\",\"width\":512,\"height\":512,\"caption\":\"Impacto Castex\"},\"image\":{\"@id\":\"https:\\\/\\\/impactocastex.com.ar\\\/#\\\/schema\\\/logo\\\/image\\\/\"},\"sameAs\":[\"https:\\\/\\\/www.facebook.com\\\/impactocastexdiario\",\"https:\\\/\\\/www.instagram.com\\\/impactocastex.com.ar\\\/\"]},{\"@type\":\"Person\",\"@id\":\"https:\\\/\\\/impactocastex.com.ar\\\/#\\\/schema\\\/person\\\/c115028fb60f9bf49ce7550894b84ea7\",\"name\":\"impactocastex\",\"image\":{\"@type\":\"ImageObject\",\"inLanguage\":\"es\",\"@id\":\"https:\\\/\\\/secure.gravatar.com\\\/avatar\\\/fee87e7af008f02e9becdc0b5a9fd4a2e79b3918a571edeacb62211704637833?s=96&d=mm&r=g\",\"url\":\"https:\\\/\\\/secure.gravatar.com\\\/avatar\\\/fee87e7af008f02e9becdc0b5a9fd4a2e79b3918a571edeacb62211704637833?s=96&d=mm&r=g\",\"contentUrl\":\"https:\\\/\\\/secure.gravatar.com\\\/avatar\\\/fee87e7af008f02e9becdc0b5a9fd4a2e79b3918a571edeacb62211704637833?s=96&d=mm&r=g\",\"caption\":\"impactocastex\"},\"sameAs\":[\"https:\\\/\\\/impactocastex.com.ar\\\/\"],\"url\":\"https:\\\/\\\/impactocastex.com.ar\\\/?author=2\"}]}<\/script>\n<!-- \/ Yoast SEO plugin. -->","yoast_head_json":{"title":"Baj\u00f3 la tasa y ya se siente en los pr\u00e9stamos hipotecarios y los prendarios -","robots":{"index":"index","follow":"follow","max-snippet":"max-snippet:-1","max-image-preview":"max-image-preview:large","max-video-preview":"max-video-preview:-1"},"canonical":"https:\/\/impactocastex.com.ar\/?p=2889","og_locale":"es_ES","og_type":"article","og_title":"Baj\u00f3 la tasa y ya se siente en los pr\u00e9stamos hipotecarios y los prendarios -","og_description":"Dos bancos bajaron la tasa de sus cr\u00e9ditos hipotecarios UVA. Las tasas regresaron a niveles...","og_url":"https:\/\/impactocastex.com.ar\/?p=2889","article_publisher":"https:\/\/www.facebook.com\/impactocastexdiario","article_published_time":"2025-11-10T14:30:19+00:00","article_modified_time":"2025-11-10T14:30:21+00:00","og_image":[{"width":1200,"height":631,"url":"https:\/\/impactocastex.com.ar\/wp-content\/uploads\/2025\/11\/2127356.jpg","type":"image\/jpeg"}],"author":"impactocastex","twitter_card":"summary_large_image","twitter_misc":{"Escrito por":"impactocastex","Tiempo de lectura":"4 minutos"},"schema":{"@context":"https:\/\/schema.org","@graph":[{"@type":"Article","@id":"https:\/\/impactocastex.com.ar\/?p=2889#article","isPartOf":{"@id":"https:\/\/impactocastex.com.ar\/?p=2889"},"author":{"name":"impactocastex","@id":"https:\/\/impactocastex.com.ar\/#\/schema\/person\/c115028fb60f9bf49ce7550894b84ea7"},"headline":"Baj\u00f3 la tasa y ya se siente en los pr\u00e9stamos hipotecarios y los prendarios","datePublished":"2025-11-10T14:30:19+00:00","dateModified":"2025-11-10T14:30:21+00:00","mainEntityOfPage":{"@id":"https:\/\/impactocastex.com.ar\/?p=2889"},"wordCount":847,"publisher":{"@id":"https:\/\/impactocastex.com.ar\/#organization"},"image":{"@id":"https:\/\/impactocastex.com.ar\/?p=2889#primaryimage"},"thumbnailUrl":"https:\/\/impactocastex.com.ar\/wp-content\/uploads\/2025\/11\/2127356.jpg","articleSection":["SOCIEDAD"],"inLanguage":"es"},{"@type":"WebPage","@id":"https:\/\/impactocastex.com.ar\/?p=2889","url":"https:\/\/impactocastex.com.ar\/?p=2889","name":"Baj\u00f3 la tasa y ya se siente en los pr\u00e9stamos hipotecarios y los prendarios -","isPartOf":{"@id":"https:\/\/impactocastex.com.ar\/#website"},"primaryImageOfPage":{"@id":"https:\/\/impactocastex.com.ar\/?p=2889#primaryimage"},"image":{"@id":"https:\/\/impactocastex.com.ar\/?p=2889#primaryimage"},"thumbnailUrl":"https:\/\/impactocastex.com.ar\/wp-content\/uploads\/2025\/11\/2127356.jpg","datePublished":"2025-11-10T14:30:19+00:00","dateModified":"2025-11-10T14:30:21+00:00","breadcrumb":{"@id":"https:\/\/impactocastex.com.ar\/?p=2889#breadcrumb"},"inLanguage":"es","potentialAction":[{"@type":"ReadAction","target":["https:\/\/impactocastex.com.ar\/?p=2889"]}]},{"@type":"ImageObject","inLanguage":"es","@id":"https:\/\/impactocastex.com.ar\/?p=2889#primaryimage","url":"https:\/\/impactocastex.com.ar\/wp-content\/uploads\/2025\/11\/2127356.jpg","contentUrl":"https:\/\/impactocastex.com.ar\/wp-content\/uploads\/2025\/11\/2127356.jpg","width":1200,"height":631},{"@type":"BreadcrumbList","@id":"https:\/\/impactocastex.com.ar\/?p=2889#breadcrumb","itemListElement":[{"@type":"ListItem","position":1,"name":"Portada","item":"https:\/\/impactocastex.com.ar\/"},{"@type":"ListItem","position":2,"name":"Baj\u00f3 la tasa y ya se siente en los pr\u00e9stamos hipotecarios y los prendarios"}]},{"@type":"WebSite","@id":"https:\/\/impactocastex.com.ar\/#website","url":"https:\/\/impactocastex.com.ar\/","name":"Impacto Castex","description":"","publisher":{"@id":"https:\/\/impactocastex.com.ar\/#organization"},"potentialAction":[{"@type":"SearchAction","target":{"@type":"EntryPoint","urlTemplate":"https:\/\/impactocastex.com.ar\/?s={search_term_string}"},"query-input":{"@type":"PropertyValueSpecification","valueRequired":true,"valueName":"search_term_string"}}],"inLanguage":"es"},{"@type":"Organization","@id":"https:\/\/impactocastex.com.ar\/#organization","name":"Impacto Castex","url":"https:\/\/impactocastex.com.ar\/","logo":{"@type":"ImageObject","inLanguage":"es","@id":"https:\/\/impactocastex.com.ar\/#\/schema\/logo\/image\/","url":"https:\/\/impactocastex.com.ar\/wp-content\/uploads\/2025\/09\/cropped-icoweb.png","contentUrl":"https:\/\/impactocastex.com.ar\/wp-content\/uploads\/2025\/09\/cropped-icoweb.png","width":512,"height":512,"caption":"Impacto Castex"},"image":{"@id":"https:\/\/impactocastex.com.ar\/#\/schema\/logo\/image\/"},"sameAs":["https:\/\/www.facebook.com\/impactocastexdiario","https:\/\/www.instagram.com\/impactocastex.com.ar\/"]},{"@type":"Person","@id":"https:\/\/impactocastex.com.ar\/#\/schema\/person\/c115028fb60f9bf49ce7550894b84ea7","name":"impactocastex","image":{"@type":"ImageObject","inLanguage":"es","@id":"https:\/\/secure.gravatar.com\/avatar\/fee87e7af008f02e9becdc0b5a9fd4a2e79b3918a571edeacb62211704637833?s=96&d=mm&r=g","url":"https:\/\/secure.gravatar.com\/avatar\/fee87e7af008f02e9becdc0b5a9fd4a2e79b3918a571edeacb62211704637833?s=96&d=mm&r=g","contentUrl":"https:\/\/secure.gravatar.com\/avatar\/fee87e7af008f02e9becdc0b5a9fd4a2e79b3918a571edeacb62211704637833?s=96&d=mm&r=g","caption":"impactocastex"},"sameAs":["https:\/\/impactocastex.com.ar\/"],"url":"https:\/\/impactocastex.com.ar\/?author=2"}]}},"jetpack_publicize_connections":[],"featured_image_urls":{"full":["https:\/\/impactocastex.com.ar\/wp-content\/uploads\/2025\/11\/2127356.jpg",1200,631,false],"thumbnail":["https:\/\/impactocastex.com.ar\/wp-content\/uploads\/2025\/11\/2127356-150x150.jpg",150,150,true],"medium":["https:\/\/impactocastex.com.ar\/wp-content\/uploads\/2025\/11\/2127356-300x158.jpg",300,158,true],"medium_large":["https:\/\/impactocastex.com.ar\/wp-content\/uploads\/2025\/11\/2127356-768x404.jpg",640,337,true],"large":["https:\/\/impactocastex.com.ar\/wp-content\/uploads\/2025\/11\/2127356-1024x538.jpg",640,336,true],"1536x1536":["https:\/\/impactocastex.com.ar\/wp-content\/uploads\/2025\/11\/2127356.jpg",1200,631,false],"2048x2048":["https:\/\/impactocastex.com.ar\/wp-content\/uploads\/2025\/11\/2127356.jpg",1200,631,false],"newsever-slider-full":["https:\/\/impactocastex.com.ar\/wp-content\/uploads\/2025\/11\/2127356.jpg",1200,631,false],"newsever-featured":["https:\/\/impactocastex.com.ar\/wp-content\/uploads\/2025\/11\/2127356-1024x538.jpg",1024,538,true],"newsever-medium":["https:\/\/impactocastex.com.ar\/wp-content\/uploads\/2025\/11\/2127356-720x475.jpg",720,475,true]},"author_info":{"info":["impactocastex"]},"category_info":"<a href=\"https:\/\/impactocastex.com.ar\/?cat=86\" rel=\"category\">SOCIEDAD<\/a>","tag_info":"SOCIEDAD","comment_count":0,"jetpack_featured_media_url":"https:\/\/impactocastex.com.ar\/wp-content\/uploads\/2025\/11\/2127356.jpg","jetpack_sharing_enabled":true,"jetpack_likes_enabled":true,"jetpack_shortlink":"https:\/\/wp.me\/p7sopA-KB","_links":{"self":[{"href":"https:\/\/impactocastex.com.ar\/index.php?rest_route=\/wp\/v2\/posts\/2889","targetHints":{"allow":["GET"]}}],"collection":[{"href":"https:\/\/impactocastex.com.ar\/index.php?rest_route=\/wp\/v2\/posts"}],"about":[{"href":"https:\/\/impactocastex.com.ar\/index.php?rest_route=\/wp\/v2\/types\/post"}],"author":[{"embeddable":true,"href":"https:\/\/impactocastex.com.ar\/index.php?rest_route=\/wp\/v2\/users\/2"}],"replies":[{"embeddable":true,"href":"https:\/\/impactocastex.com.ar\/index.php?rest_route=%2Fwp%2Fv2%2Fcomments&post=2889"}],"version-history":[{"count":1,"href":"https:\/\/impactocastex.com.ar\/index.php?rest_route=\/wp\/v2\/posts\/2889\/revisions"}],"predecessor-version":[{"id":2891,"href":"https:\/\/impactocastex.com.ar\/index.php?rest_route=\/wp\/v2\/posts\/2889\/revisions\/2891"}],"wp:featuredmedia":[{"embeddable":true,"href":"https:\/\/impactocastex.com.ar\/index.php?rest_route=\/wp\/v2\/media\/2890"}],"wp:attachment":[{"href":"https:\/\/impactocastex.com.ar\/index.php?rest_route=%2Fwp%2Fv2%2Fmedia&parent=2889"}],"wp:term":[{"taxonomy":"category","embeddable":true,"href":"https:\/\/impactocastex.com.ar\/index.php?rest_route=%2Fwp%2Fv2%2Fcategories&post=2889"},{"taxonomy":"post_tag","embeddable":true,"href":"https:\/\/impactocastex.com.ar\/index.php?rest_route=%2Fwp%2Fv2%2Ftags&post=2889"}],"curies":[{"name":"wp","href":"https:\/\/api.w.org\/{rel}","templated":true}]}}