{"id":2877,"date":"2025-11-10T10:44:51","date_gmt":"2025-11-10T13:44:51","guid":{"rendered":"https:\/\/impactocastex.com.ar\/?p=2877"},"modified":"2025-11-10T10:45:03","modified_gmt":"2025-11-10T13:45:03","slug":"avances-saludables-en-la-corte-y-un-atropello-sobre-santa-rosa","status":"publish","type":"post","link":"https:\/\/impactocastex.com.ar\/?p=2877","title":{"rendered":"Avances saludables en la Corte y un atropello sobre Santa Rosa\u00a0"},"content":{"rendered":"\n<p>La Provincia logr\u00f3 que\u00a0<strong>Naci\u00f3n admitiera ante el m\u00e1ximo organismo judicial la legitimidad del reclamo por el d\u00e9ficit previsional<\/strong>\u00a0que se adeuda; en la capital de La Pampa\u00a0<strong>el grupo Clar\u00edn hace otra muestra desembozada de su impunidad y atropello<\/strong>, una conducta que pide a gritos un freno institucional.<\/p>\n\n\n\n<p><strong>Una de cal\u2026<\/strong><\/p>\n\n\n\n<p>La Pampa encontr\u00f3 por fin un eco en los pasillos de la&nbsp;<strong>Corte Suprema de Justicia<\/strong>. Despu\u00e9s de meses de reclamos y silencios oficiales,&nbsp;<strong>el Gobierno nacional reconoci\u00f3 la legitimidad del planteo pampeano por el d\u00e9ficit previsional<\/strong>, una deuda que se arrastra desde hace a\u00f1os y que hasta ahora hab\u00eda sido ignorada o postergada bajo pretextos administrativos.<\/p>\n\n\n\n<p>En la audiencia de este martes, la representaci\u00f3n nacional se present\u00f3 con funcionarios de segundo orden, un gesto que pudo interpretarse como desinter\u00e9s. Pero en el expediente qued\u00f3 registrado lo verdaderamente relevante: la&nbsp;<strong>admisi\u00f3n expl\u00edcita de que el reclamo tiene fundamentos<\/strong>.<\/p>\n\n\n\n<p>Fue, en t\u00e9rminos pol\u00edticos, una primera grieta en el muro de indiferencia que la administraci\u00f3n libertaria levant\u00f3 frente a las provincias, y particularmente frente a La Pampa.<\/p>\n\n\n\n<p>Del otro lado, la delegaci\u00f3n pampeana se mostr\u00f3 con toda su musculatura institucional. No solo estuvieron los equipos t\u00e9cnicos necesarios para la ocasi\u00f3n, sino que&nbsp;<strong>el gobernador Sergio Ziliotto y el ministro de Hacienda Guido Bisterfeld se hicieron presentes en persona, para dotar de densidad pol\u00edtica y de sentido federal a la gesti\u00f3n<\/strong>.<\/p>\n\n\n\n<p>Con su presencia, La Pampa marc\u00f3 que este no es un expediente contable m\u00e1s, sino un asunto que toca la m\u00e9dula de su autonom\u00eda y de la equidad entre jurisdicciones.<\/p>\n\n\n\n<p>Un antecedente inmediato \u2014la frustrada promesa del llamado Plan Canje\u2014 deja en claro que los gestos no alcanzan. De nada servir\u00edan las palabras bonitas \u00abpara la galer\u00eda\u00bb si no vienen acompa\u00f1adas de una decisi\u00f3n concreta de pago, con cifras, plazos y previsibilidad.<strong>&nbsp;Lo que se espera ahora es que la administraci\u00f3n central convierta en hechos la admisi\u00f3n jur\u00eddica de su deuda.<\/strong><\/p>\n\n\n\n<p>Si eso ocurriera, se estar\u00eda ante una correcci\u00f3n saludable: el principio de una relaci\u00f3n m\u00e1s razonable entre Naci\u00f3n y provincias, despu\u00e9s de meses de maltrato pol\u00edtico y financiero. El solo hecho de que el reclamo pampeano haya sido escuchado y validado ya representa un cambio de tono. Falta que esa modificaci\u00f3n se traduzca en recursos y en respeto efectivo por el federalismo.<\/p>\n\n\n\n<p>Por ahora, el panorama es de cautela esperanzada: un paso institucional que, sin ser definitivo, corta por un momento la racha de malas noticias que llegan desde Buenos Aires.<\/p>\n\n\n\n<p><strong>\u2026y una de arena\u2026<\/strong><\/p>\n\n\n\n<p>No es novedad, pero sigue siendo intolerable:&nbsp;<strong>el Grupo Clar\u00edn volvi\u00f3 a actuar como si el territorio pampeano fuera tierra de nadie<\/strong>. En Santa Rosa, el oligopolio medi\u00e1tico lanz\u00f3 un despliegue impune de cableado e instalaci\u00f3n de postes sin contar con ninguna autorizaci\u00f3n municipal, avanzando sobre veredas, frentes y espacios p\u00fablicos como si se tratara de una propiedad privada.<\/p>\n\n\n\n<figure class=\"wp-block-image\"><img decoding=\"async\" src=\"https:\/\/www.eldiariodelapampa.com.ar\/\/img\/publicaciones\/2025\/11\/10\/alta\/827399-t.jpg\" alt=\"\" \/><\/figure>\n\n\n\n<p><strong>El atropello no es solo f\u00edsico: es institucional, un desprecio abierto por las normas y por la comunidad que las sostiene.<\/strong><\/p>\n\n\n\n<p>Todo comenz\u00f3 despu\u00e9s de una reuni\u00f3n cordial con autoridades locales, en la que se presentaron las intenciones empresariales de la firma Telef\u00f3nica. Despu\u00e9s de esa conversaci\u00f3n, la compa\u00f1\u00eda sali\u00f3 a las calles con cuadrillas y camiones, ignorando que tres proyectos sobre el tema permanec\u00edan a\u00fan en tratamiento dentro del Concejo Deliberante.<\/p>\n\n\n\n<p>Esa secuencia desnuda la l\u00f3gica con la que se manejan estos gigantes: primero hacen, despu\u00e9s explican, y solo si los descubren.<\/p>\n\n\n\n<p><strong>La Municipalidad ya labr\u00f3 al menos 23 actas por infracciones<\/strong>, pero la empresa desoy\u00f3 cada una de ellas. Act\u00faa como si la ciudad fuera una estancia propia, donde las reglas las impone el patr\u00f3n.<\/p>\n\n\n\n<p>Es el reflejo m\u00e1s n\u00edtido de<strong>&nbsp;un tiempo en que el mercado y la desregulaci\u00f3n se elevan al rango de deidad<\/strong>, y donde el poder econ\u00f3mico pretende sustituir al Estado en la toma de decisiones.<\/p>\n\n\n\n<p>Ante semejante escenario,&nbsp;<strong>resulta imprescindible que las instituciones pampeanas \u2014pol\u00edticas, judiciales y sociales\u2014 hagan valer el rigor de la ley<\/strong>. No se trata solo de un conflicto administrativo: est\u00e1 en juego la soberan\u00eda de una comunidad para ordenar su territorio y decidir sobre su propio desarrollo.<\/p>\n\n\n\n<p>La respuesta social no se hizo esperar.&nbsp;<strong>Desde la Cooperativa Popular de Electricidad, desde la Universidad Nacional de La Pampa, desde organizaciones sociales, pol\u00edticas y cooperativas, comenz\u00f3 a levantarse una voz colectiva que exige freno y sanci\u00f3n<\/strong>. Esa es la potencia que Santa Rosa tiene para ofrecer: la que proviene de su trama solidaria e hist\u00f3rica, no de los balances de una multinacional.<\/p>\n\n\n\n<p>En contraste, el Concejo Deliberante qued\u00f3 en evidencia. En lugar de marcar l\u00edmites claros, eligi\u00f3 un atajo de contradicci\u00f3n y pasividad, delegando en el Ejecutivo lo que bien podr\u00eda haber tomado como responsabilidad institucional. Decidi\u00f3 archivar los proyectos, que es lavarse las manos y mirar para otro lado cuando la ciudad necesitaba firmeza.<\/p>\n\n\n\n<p>Como advirti\u00f3 el gobernador<strong>&nbsp;Sergio Ziliotto<\/strong>, estos pulpos no llegan solo a colonizar la rentabilidad: tambi\u00e9n buscan colonizar las conciencias. Frente a eso, la respuesta no puede ser la resignaci\u00f3n ni la indiferencia. Santa Rosa tiene con qu\u00e9 ponerles l\u00edmite.<\/p>\n\n\n\n<p>eldiariodelapampa<\/p>\n","protected":false},"excerpt":{"rendered":"<p>La Provincia logr\u00f3 que\u00a0Naci\u00f3n admitiera ante el m\u00e1ximo organismo judicial la legitimidad del reclamo por&#8230;<\/p>\n","protected":false},"author":2,"featured_media":2878,"comment_status":"closed","ping_status":"closed","sticky":false,"template":"","format":"standard","meta":{"_jetpack_memberships_contains_paid_content":false,"footnotes":"","jetpack_publicize_message":"Avances saludables en la Corte y un atropello sobre Santa Rosa\u00a0","jetpack_publicize_feature_enabled":true,"jetpack_social_post_already_shared":false,"jetpack_social_options":{"image_generator_settings":{"template":"highway","default_image_id":0,"font":"","enabled":false},"version":2}},"categories":[83],"tags":[],"class_list":["post-2877","post","type-post","status-publish","format-standard","has-post-thumbnail","hentry","category-la-pampa"],"yoast_head":"<!-- This site is optimized with the Yoast SEO plugin v27.4 - https:\/\/yoast.com\/product\/yoast-seo-wordpress\/ -->\n<title>Avances saludables en la Corte y un atropello sobre Santa Rosa\u00a0 -<\/title>\n<meta name=\"robots\" content=\"index, follow, max-snippet:-1, max-image-preview:large, max-video-preview:-1\" \/>\n<link rel=\"canonical\" href=\"https:\/\/impactocastex.com.ar\/?p=2877\" \/>\n<meta property=\"og:locale\" content=\"es_ES\" \/>\n<meta property=\"og:type\" content=\"article\" \/>\n<meta property=\"og:title\" content=\"Avances saludables en la Corte y un atropello sobre Santa Rosa\u00a0 -\" \/>\n<meta property=\"og:description\" content=\"La Provincia logr\u00f3 que\u00a0Naci\u00f3n admitiera ante el m\u00e1ximo organismo judicial la legitimidad del reclamo por...\" \/>\n<meta property=\"og:url\" content=\"https:\/\/impactocastex.com.ar\/?p=2877\" \/>\n<meta property=\"article:publisher\" content=\"https:\/\/www.facebook.com\/impactocastexdiario\" \/>\n<meta property=\"article:published_time\" content=\"2025-11-10T13:44:51+00:00\" \/>\n<meta property=\"article:modified_time\" content=\"2025-11-10T13:45:03+00:00\" \/>\n<meta property=\"og:image\" content=\"https:\/\/impactocastex.com.ar\/wp-content\/uploads\/2025\/11\/2127339.jpg\" \/>\n\t<meta property=\"og:image:width\" content=\"1200\" \/>\n\t<meta property=\"og:image:height\" content=\"631\" \/>\n\t<meta property=\"og:image:type\" content=\"image\/jpeg\" \/>\n<meta name=\"author\" content=\"impactocastex\" \/>\n<meta name=\"twitter:card\" content=\"summary_large_image\" \/>\n<meta name=\"twitter:label1\" content=\"Escrito por\" \/>\n\t<meta name=\"twitter:data1\" content=\"impactocastex\" \/>\n\t<meta name=\"twitter:label2\" content=\"Tiempo de lectura\" \/>\n\t<meta name=\"twitter:data2\" content=\"5 minutos\" \/>\n<script type=\"application\/ld+json\" class=\"yoast-schema-graph\">{\"@context\":\"https:\\\/\\\/schema.org\",\"@graph\":[{\"@type\":\"Article\",\"@id\":\"https:\\\/\\\/impactocastex.com.ar\\\/?p=2877#article\",\"isPartOf\":{\"@id\":\"https:\\\/\\\/impactocastex.com.ar\\\/?p=2877\"},\"author\":{\"name\":\"impactocastex\",\"@id\":\"https:\\\/\\\/impactocastex.com.ar\\\/#\\\/schema\\\/person\\\/c115028fb60f9bf49ce7550894b84ea7\"},\"headline\":\"Avances saludables en la Corte y un atropello sobre Santa Rosa\u00a0\",\"datePublished\":\"2025-11-10T13:44:51+00:00\",\"dateModified\":\"2025-11-10T13:45:03+00:00\",\"mainEntityOfPage\":{\"@id\":\"https:\\\/\\\/impactocastex.com.ar\\\/?p=2877\"},\"wordCount\":931,\"publisher\":{\"@id\":\"https:\\\/\\\/impactocastex.com.ar\\\/#organization\"},\"image\":{\"@id\":\"https:\\\/\\\/impactocastex.com.ar\\\/?p=2877#primaryimage\"},\"thumbnailUrl\":\"https:\\\/\\\/impactocastex.com.ar\\\/wp-content\\\/uploads\\\/2025\\\/11\\\/2127339.jpg\",\"articleSection\":[\"LA PAMPA\"],\"inLanguage\":\"es\"},{\"@type\":\"WebPage\",\"@id\":\"https:\\\/\\\/impactocastex.com.ar\\\/?p=2877\",\"url\":\"https:\\\/\\\/impactocastex.com.ar\\\/?p=2877\",\"name\":\"Avances saludables en la Corte y un atropello sobre Santa Rosa\u00a0 -\",\"isPartOf\":{\"@id\":\"https:\\\/\\\/impactocastex.com.ar\\\/#website\"},\"primaryImageOfPage\":{\"@id\":\"https:\\\/\\\/impactocastex.com.ar\\\/?p=2877#primaryimage\"},\"image\":{\"@id\":\"https:\\\/\\\/impactocastex.com.ar\\\/?p=2877#primaryimage\"},\"thumbnailUrl\":\"https:\\\/\\\/impactocastex.com.ar\\\/wp-content\\\/uploads\\\/2025\\\/11\\\/2127339.jpg\",\"datePublished\":\"2025-11-10T13:44:51+00:00\",\"dateModified\":\"2025-11-10T13:45:03+00:00\",\"breadcrumb\":{\"@id\":\"https:\\\/\\\/impactocastex.com.ar\\\/?p=2877#breadcrumb\"},\"inLanguage\":\"es\",\"potentialAction\":[{\"@type\":\"ReadAction\",\"target\":[\"https:\\\/\\\/impactocastex.com.ar\\\/?p=2877\"]}]},{\"@type\":\"ImageObject\",\"inLanguage\":\"es\",\"@id\":\"https:\\\/\\\/impactocastex.com.ar\\\/?p=2877#primaryimage\",\"url\":\"https:\\\/\\\/impactocastex.com.ar\\\/wp-content\\\/uploads\\\/2025\\\/11\\\/2127339.jpg\",\"contentUrl\":\"https:\\\/\\\/impactocastex.com.ar\\\/wp-content\\\/uploads\\\/2025\\\/11\\\/2127339.jpg\",\"width\":1200,\"height\":631},{\"@type\":\"BreadcrumbList\",\"@id\":\"https:\\\/\\\/impactocastex.com.ar\\\/?p=2877#breadcrumb\",\"itemListElement\":[{\"@type\":\"ListItem\",\"position\":1,\"name\":\"Portada\",\"item\":\"https:\\\/\\\/impactocastex.com.ar\\\/\"},{\"@type\":\"ListItem\",\"position\":2,\"name\":\"Avances saludables en la Corte y un atropello sobre Santa Rosa\u00a0\"}]},{\"@type\":\"WebSite\",\"@id\":\"https:\\\/\\\/impactocastex.com.ar\\\/#website\",\"url\":\"https:\\\/\\\/impactocastex.com.ar\\\/\",\"name\":\"Impacto Castex\",\"description\":\"\",\"publisher\":{\"@id\":\"https:\\\/\\\/impactocastex.com.ar\\\/#organization\"},\"potentialAction\":[{\"@type\":\"SearchAction\",\"target\":{\"@type\":\"EntryPoint\",\"urlTemplate\":\"https:\\\/\\\/impactocastex.com.ar\\\/?s={search_term_string}\"},\"query-input\":{\"@type\":\"PropertyValueSpecification\",\"valueRequired\":true,\"valueName\":\"search_term_string\"}}],\"inLanguage\":\"es\"},{\"@type\":\"Organization\",\"@id\":\"https:\\\/\\\/impactocastex.com.ar\\\/#organization\",\"name\":\"Impacto Castex\",\"url\":\"https:\\\/\\\/impactocastex.com.ar\\\/\",\"logo\":{\"@type\":\"ImageObject\",\"inLanguage\":\"es\",\"@id\":\"https:\\\/\\\/impactocastex.com.ar\\\/#\\\/schema\\\/logo\\\/image\\\/\",\"url\":\"https:\\\/\\\/impactocastex.com.ar\\\/wp-content\\\/uploads\\\/2025\\\/09\\\/cropped-icoweb.png\",\"contentUrl\":\"https:\\\/\\\/impactocastex.com.ar\\\/wp-content\\\/uploads\\\/2025\\\/09\\\/cropped-icoweb.png\",\"width\":512,\"height\":512,\"caption\":\"Impacto Castex\"},\"image\":{\"@id\":\"https:\\\/\\\/impactocastex.com.ar\\\/#\\\/schema\\\/logo\\\/image\\\/\"},\"sameAs\":[\"https:\\\/\\\/www.facebook.com\\\/impactocastexdiario\",\"https:\\\/\\\/www.instagram.com\\\/impactocastex.com.ar\\\/\"]},{\"@type\":\"Person\",\"@id\":\"https:\\\/\\\/impactocastex.com.ar\\\/#\\\/schema\\\/person\\\/c115028fb60f9bf49ce7550894b84ea7\",\"name\":\"impactocastex\",\"image\":{\"@type\":\"ImageObject\",\"inLanguage\":\"es\",\"@id\":\"https:\\\/\\\/secure.gravatar.com\\\/avatar\\\/fee87e7af008f02e9becdc0b5a9fd4a2e79b3918a571edeacb62211704637833?s=96&d=mm&r=g\",\"url\":\"https:\\\/\\\/secure.gravatar.com\\\/avatar\\\/fee87e7af008f02e9becdc0b5a9fd4a2e79b3918a571edeacb62211704637833?s=96&d=mm&r=g\",\"contentUrl\":\"https:\\\/\\\/secure.gravatar.com\\\/avatar\\\/fee87e7af008f02e9becdc0b5a9fd4a2e79b3918a571edeacb62211704637833?s=96&d=mm&r=g\",\"caption\":\"impactocastex\"},\"sameAs\":[\"https:\\\/\\\/impactocastex.com.ar\\\/\"],\"url\":\"https:\\\/\\\/impactocastex.com.ar\\\/?author=2\"}]}<\/script>\n<!-- \/ Yoast SEO plugin. -->","yoast_head_json":{"title":"Avances saludables en la Corte y un atropello sobre Santa Rosa\u00a0 -","robots":{"index":"index","follow":"follow","max-snippet":"max-snippet:-1","max-image-preview":"max-image-preview:large","max-video-preview":"max-video-preview:-1"},"canonical":"https:\/\/impactocastex.com.ar\/?p=2877","og_locale":"es_ES","og_type":"article","og_title":"Avances saludables en la Corte y un atropello sobre Santa Rosa\u00a0 -","og_description":"La Provincia logr\u00f3 que\u00a0Naci\u00f3n admitiera ante el m\u00e1ximo organismo judicial la legitimidad del reclamo por...","og_url":"https:\/\/impactocastex.com.ar\/?p=2877","article_publisher":"https:\/\/www.facebook.com\/impactocastexdiario","article_published_time":"2025-11-10T13:44:51+00:00","article_modified_time":"2025-11-10T13:45:03+00:00","og_image":[{"width":1200,"height":631,"url":"https:\/\/impactocastex.com.ar\/wp-content\/uploads\/2025\/11\/2127339.jpg","type":"image\/jpeg"}],"author":"impactocastex","twitter_card":"summary_large_image","twitter_misc":{"Escrito por":"impactocastex","Tiempo de lectura":"5 minutos"},"schema":{"@context":"https:\/\/schema.org","@graph":[{"@type":"Article","@id":"https:\/\/impactocastex.com.ar\/?p=2877#article","isPartOf":{"@id":"https:\/\/impactocastex.com.ar\/?p=2877"},"author":{"name":"impactocastex","@id":"https:\/\/impactocastex.com.ar\/#\/schema\/person\/c115028fb60f9bf49ce7550894b84ea7"},"headline":"Avances saludables en la Corte y un atropello sobre Santa Rosa\u00a0","datePublished":"2025-11-10T13:44:51+00:00","dateModified":"2025-11-10T13:45:03+00:00","mainEntityOfPage":{"@id":"https:\/\/impactocastex.com.ar\/?p=2877"},"wordCount":931,"publisher":{"@id":"https:\/\/impactocastex.com.ar\/#organization"},"image":{"@id":"https:\/\/impactocastex.com.ar\/?p=2877#primaryimage"},"thumbnailUrl":"https:\/\/impactocastex.com.ar\/wp-content\/uploads\/2025\/11\/2127339.jpg","articleSection":["LA PAMPA"],"inLanguage":"es"},{"@type":"WebPage","@id":"https:\/\/impactocastex.com.ar\/?p=2877","url":"https:\/\/impactocastex.com.ar\/?p=2877","name":"Avances saludables en la Corte y un atropello sobre Santa Rosa\u00a0 -","isPartOf":{"@id":"https:\/\/impactocastex.com.ar\/#website"},"primaryImageOfPage":{"@id":"https:\/\/impactocastex.com.ar\/?p=2877#primaryimage"},"image":{"@id":"https:\/\/impactocastex.com.ar\/?p=2877#primaryimage"},"thumbnailUrl":"https:\/\/impactocastex.com.ar\/wp-content\/uploads\/2025\/11\/2127339.jpg","datePublished":"2025-11-10T13:44:51+00:00","dateModified":"2025-11-10T13:45:03+00:00","breadcrumb":{"@id":"https:\/\/impactocastex.com.ar\/?p=2877#breadcrumb"},"inLanguage":"es","potentialAction":[{"@type":"ReadAction","target":["https:\/\/impactocastex.com.ar\/?p=2877"]}]},{"@type":"ImageObject","inLanguage":"es","@id":"https:\/\/impactocastex.com.ar\/?p=2877#primaryimage","url":"https:\/\/impactocastex.com.ar\/wp-content\/uploads\/2025\/11\/2127339.jpg","contentUrl":"https:\/\/impactocastex.com.ar\/wp-content\/uploads\/2025\/11\/2127339.jpg","width":1200,"height":631},{"@type":"BreadcrumbList","@id":"https:\/\/impactocastex.com.ar\/?p=2877#breadcrumb","itemListElement":[{"@type":"ListItem","position":1,"name":"Portada","item":"https:\/\/impactocastex.com.ar\/"},{"@type":"ListItem","position":2,"name":"Avances saludables en la Corte y un atropello sobre Santa Rosa\u00a0"}]},{"@type":"WebSite","@id":"https:\/\/impactocastex.com.ar\/#website","url":"https:\/\/impactocastex.com.ar\/","name":"Impacto Castex","description":"","publisher":{"@id":"https:\/\/impactocastex.com.ar\/#organization"},"potentialAction":[{"@type":"SearchAction","target":{"@type":"EntryPoint","urlTemplate":"https:\/\/impactocastex.com.ar\/?s={search_term_string}"},"query-input":{"@type":"PropertyValueSpecification","valueRequired":true,"valueName":"search_term_string"}}],"inLanguage":"es"},{"@type":"Organization","@id":"https:\/\/impactocastex.com.ar\/#organization","name":"Impacto Castex","url":"https:\/\/impactocastex.com.ar\/","logo":{"@type":"ImageObject","inLanguage":"es","@id":"https:\/\/impactocastex.com.ar\/#\/schema\/logo\/image\/","url":"https:\/\/impactocastex.com.ar\/wp-content\/uploads\/2025\/09\/cropped-icoweb.png","contentUrl":"https:\/\/impactocastex.com.ar\/wp-content\/uploads\/2025\/09\/cropped-icoweb.png","width":512,"height":512,"caption":"Impacto Castex"},"image":{"@id":"https:\/\/impactocastex.com.ar\/#\/schema\/logo\/image\/"},"sameAs":["https:\/\/www.facebook.com\/impactocastexdiario","https:\/\/www.instagram.com\/impactocastex.com.ar\/"]},{"@type":"Person","@id":"https:\/\/impactocastex.com.ar\/#\/schema\/person\/c115028fb60f9bf49ce7550894b84ea7","name":"impactocastex","image":{"@type":"ImageObject","inLanguage":"es","@id":"https:\/\/secure.gravatar.com\/avatar\/fee87e7af008f02e9becdc0b5a9fd4a2e79b3918a571edeacb62211704637833?s=96&d=mm&r=g","url":"https:\/\/secure.gravatar.com\/avatar\/fee87e7af008f02e9becdc0b5a9fd4a2e79b3918a571edeacb62211704637833?s=96&d=mm&r=g","contentUrl":"https:\/\/secure.gravatar.com\/avatar\/fee87e7af008f02e9becdc0b5a9fd4a2e79b3918a571edeacb62211704637833?s=96&d=mm&r=g","caption":"impactocastex"},"sameAs":["https:\/\/impactocastex.com.ar\/"],"url":"https:\/\/impactocastex.com.ar\/?author=2"}]}},"jetpack_publicize_connections":[],"featured_image_urls":{"full":["https:\/\/impactocastex.com.ar\/wp-content\/uploads\/2025\/11\/2127339.jpg",1200,631,false],"thumbnail":["https:\/\/impactocastex.com.ar\/wp-content\/uploads\/2025\/11\/2127339-150x150.jpg",150,150,true],"medium":["https:\/\/impactocastex.com.ar\/wp-content\/uploads\/2025\/11\/2127339-300x158.jpg",300,158,true],"medium_large":["https:\/\/impactocastex.com.ar\/wp-content\/uploads\/2025\/11\/2127339-768x404.jpg",640,337,true],"large":["https:\/\/impactocastex.com.ar\/wp-content\/uploads\/2025\/11\/2127339-1024x538.jpg",640,336,true],"1536x1536":["https:\/\/impactocastex.com.ar\/wp-content\/uploads\/2025\/11\/2127339.jpg",1200,631,false],"2048x2048":["https:\/\/impactocastex.com.ar\/wp-content\/uploads\/2025\/11\/2127339.jpg",1200,631,false],"newsever-slider-full":["https:\/\/impactocastex.com.ar\/wp-content\/uploads\/2025\/11\/2127339.jpg",1200,631,false],"newsever-featured":["https:\/\/impactocastex.com.ar\/wp-content\/uploads\/2025\/11\/2127339-1024x538.jpg",1024,538,true],"newsever-medium":["https:\/\/impactocastex.com.ar\/wp-content\/uploads\/2025\/11\/2127339-720x475.jpg",720,475,true]},"author_info":{"info":["impactocastex"]},"category_info":"<a href=\"https:\/\/impactocastex.com.ar\/?cat=83\" rel=\"category\">LA PAMPA<\/a>","tag_info":"LA PAMPA","comment_count":0,"jetpack_featured_media_url":"https:\/\/impactocastex.com.ar\/wp-content\/uploads\/2025\/11\/2127339.jpg","jetpack_sharing_enabled":true,"jetpack_likes_enabled":true,"jetpack_shortlink":"https:\/\/wp.me\/p7sopA-Kp","_links":{"self":[{"href":"https:\/\/impactocastex.com.ar\/index.php?rest_route=\/wp\/v2\/posts\/2877","targetHints":{"allow":["GET"]}}],"collection":[{"href":"https:\/\/impactocastex.com.ar\/index.php?rest_route=\/wp\/v2\/posts"}],"about":[{"href":"https:\/\/impactocastex.com.ar\/index.php?rest_route=\/wp\/v2\/types\/post"}],"author":[{"embeddable":true,"href":"https:\/\/impactocastex.com.ar\/index.php?rest_route=\/wp\/v2\/users\/2"}],"replies":[{"embeddable":true,"href":"https:\/\/impactocastex.com.ar\/index.php?rest_route=%2Fwp%2Fv2%2Fcomments&post=2877"}],"version-history":[{"count":1,"href":"https:\/\/impactocastex.com.ar\/index.php?rest_route=\/wp\/v2\/posts\/2877\/revisions"}],"predecessor-version":[{"id":2879,"href":"https:\/\/impactocastex.com.ar\/index.php?rest_route=\/wp\/v2\/posts\/2877\/revisions\/2879"}],"wp:featuredmedia":[{"embeddable":true,"href":"https:\/\/impactocastex.com.ar\/index.php?rest_route=\/wp\/v2\/media\/2878"}],"wp:attachment":[{"href":"https:\/\/impactocastex.com.ar\/index.php?rest_route=%2Fwp%2Fv2%2Fmedia&parent=2877"}],"wp:term":[{"taxonomy":"category","embeddable":true,"href":"https:\/\/impactocastex.com.ar\/index.php?rest_route=%2Fwp%2Fv2%2Fcategories&post=2877"},{"taxonomy":"post_tag","embeddable":true,"href":"https:\/\/impactocastex.com.ar\/index.php?rest_route=%2Fwp%2Fv2%2Ftags&post=2877"}],"curies":[{"name":"wp","href":"https:\/\/api.w.org\/{rel}","templated":true}]}}