{"id":2861,"date":"2025-11-08T11:09:20","date_gmt":"2025-11-08T14:09:20","guid":{"rendered":"https:\/\/impactocastex.com.ar\/?p=2861"},"modified":"2025-11-08T11:09:22","modified_gmt":"2025-11-08T14:09:22","slug":"33-anos-de-servicio-la-vocacion-de-un-empleado-municipal","status":"publish","type":"post","link":"https:\/\/impactocastex.com.ar\/?p=2861","title":{"rendered":"33 a\u00f1os de servicio: la vocaci\u00f3n de un empleado municipal"},"content":{"rendered":"\n<p>En el D\u00eda del Empleado y la Empleada Municipal,\u00a0<strong>Julio Mart\u00edn Echegaray<\/strong>, con una trayectoria que inici\u00f3 en el Concejo Deliberante y se consolid\u00f3 en Habilitaciones Comerciales, reflexiona sobre el esfuerzo colectivo y la pasi\u00f3n por el servicio p\u00fablico en Santa Rosa.<\/p>\n\n\n\n<figure class=\"wp-block-embed is-type-video is-provider-youtube wp-block-embed-youtube wp-embed-aspect-16-9 wp-has-aspect-ratio\"><div class=\"wp-block-embed__wrapper\">\n<iframe loading=\"lazy\" title=\"33 a\u00f1os de servicio: la vocaci\u00f3n de un empleado municipal\" width=\"640\" height=\"360\" src=\"https:\/\/www.youtube.com\/embed\/rwAXjr9Y1cg?feature=oembed\" frameborder=\"0\" allow=\"accelerometer; autoplay; clipboard-write; encrypted-media; gyroscope; picture-in-picture; web-share\" referrerpolicy=\"strict-origin-when-cross-origin\" allowfullscreen><\/iframe>\n<\/div><\/figure>\n\n\n\n<p>La constancia, la vocaci\u00f3n y el compromiso con la ciudadan\u00eda son los pilares que definen la carrera de Julio Mart\u00edn Echegaray, un trabajador esencial de la Municipalidad de Santa Rosa que celebra hoy, 8 de noviembre, su d\u00eda con m\u00e1s de tres d\u00e9cadas de servicio activo.<\/p>\n\n\n\n<p>Echegaray inici\u00f3 su recorrido hace 33 a\u00f1os en el Concejo Deliberante, donde cumpli\u00f3 funciones durante tres per\u00edodos, antes de trasladarse a la Direcci\u00f3n de Comercio y Servicios, \u00e1rea donde hoy desarrolla sus tareas con la misma convicci\u00f3n que el primer d\u00eda.<\/p>\n\n\n\n<p>Actualmente, Echegaray integra el \u00e1rea de Habilitaciones Comerciales. Su labor es fundamental en la din\u00e1mica de la ciudad:\u00a0<strong>\u00abMi labor es revisar la documentaci\u00f3n, coordinar los tr\u00e1mites y garantizar que cada expediente avance correctamente. Es un trabajo constante, pero lo hacemos con entusiasmo, porque implica cumplir con el vecino\u00bb<\/strong>, explic\u00f3.<\/p>\n\n\n\n<p>Con m\u00e1s de tres d\u00e9cadas dedicadas al servicio p\u00fablico, Echegaray mantiene intacta la filosof\u00eda de su trabajo. Para \u00e9l, el valor del D\u00eda del Empleado Municipal reside en reconocer a todos los eslabones que hacen funcionar la capital:&nbsp;<strong>\u00abCada tr\u00e1mite bien hecho es un aporte al funcionamiento de la ciudad. Desde quien limpia las calles hasta quien firma una habilitaci\u00f3n, todos formamos parte de un mismo equipo que hace posible que Santa Rosa crezca\u00bb<\/strong>, afirm\u00f3.<\/p>\n\n\n\n<p>Memoria y sentido colectivo<\/p>\n\n\n\n<p>El empleado destac\u00f3 la pasi\u00f3n y el sentido de responsabilidad que unen al cuerpo municipal, y aprovech\u00f3 la fecha para recordar a aquellos compa\u00f1eros que marcaron su camino.&nbsp;<strong>\u00abHay muchos que cumplieron su ciclo, se jubilaron o ya no est\u00e1n, pero siguen presentes en nuestra memoria. Cada uno dej\u00f3 su huella, su esfuerzo y su ejemplo\u00bb<\/strong>, dijo.<\/p>\n\n\n\n<p>Con emoci\u00f3n, subray\u00f3 que el 8 de noviembre invita a valorar el esfuerzo colectivo.&nbsp;<strong>\u00abEste d\u00eda nos recuerda que somos parte de algo m\u00e1s grande: un servicio que se sostiene con compromiso, respeto y trabajo en equipo\u00bb<\/strong>, subray\u00f3.<\/p>\n\n\n\n<p>Al reflexionar sobre su elecci\u00f3n de vida, Echegaray fue concluyente:&nbsp;<strong>\u00abVolver\u00eda a elegir este camino. Me siento contento con el lugar que ocupo. Cada tr\u00e1mite, cada palabra con un vecino, cada tarea cumplida tiene un valor enorme. Trabajar en el municipio es, en definitiva, cuidar de la comunidad\u00bb<\/strong>.<\/p>\n\n\n\n<p>En su testimonio, el D\u00eda del Empleado y la Empleada Municipal se transform\u00f3 en la celebraci\u00f3n del compromiso cotidiano de quienes, como \u00e9l, hacen de su trabajo una forma de construir y servir a la ciudad.<\/p>\n","protected":false},"excerpt":{"rendered":"<p>En el D\u00eda del Empleado y la Empleada Municipal,\u00a0Julio Mart\u00edn Echegaray, con una trayectoria que&#8230;<\/p>\n","protected":false},"author":2,"featured_media":2862,"comment_status":"closed","ping_status":"closed","sticky":false,"template":"","format":"standard","meta":{"_jetpack_memberships_contains_paid_content":false,"footnotes":"","jetpack_publicize_message":"33 a\u00f1os de servicio: la vocaci\u00f3n de un empleado municipal","jetpack_publicize_feature_enabled":true,"jetpack_social_post_already_shared":false,"jetpack_social_options":{"image_generator_settings":{"template":"highway","default_image_id":0,"font":"","enabled":false},"version":2}},"categories":[83],"tags":[],"class_list":["post-2861","post","type-post","status-publish","format-standard","has-post-thumbnail","hentry","category-la-pampa"],"yoast_head":"<!-- This site is optimized with the Yoast SEO plugin v27.4 - https:\/\/yoast.com\/product\/yoast-seo-wordpress\/ -->\n<title>33 a\u00f1os de servicio: la vocaci\u00f3n de un empleado municipal -<\/title>\n<meta name=\"robots\" content=\"index, follow, max-snippet:-1, max-image-preview:large, max-video-preview:-1\" \/>\n<link rel=\"canonical\" href=\"https:\/\/impactocastex.com.ar\/?p=2861\" \/>\n<meta property=\"og:locale\" content=\"es_ES\" \/>\n<meta property=\"og:type\" content=\"article\" \/>\n<meta property=\"og:title\" content=\"33 a\u00f1os de servicio: la vocaci\u00f3n de un empleado municipal -\" \/>\n<meta property=\"og:description\" content=\"En el D\u00eda del Empleado y la Empleada Municipal,\u00a0Julio Mart\u00edn Echegaray, con una trayectoria que...\" \/>\n<meta property=\"og:url\" content=\"https:\/\/impactocastex.com.ar\/?p=2861\" \/>\n<meta property=\"article:publisher\" content=\"https:\/\/www.facebook.com\/impactocastexdiario\" \/>\n<meta property=\"article:published_time\" content=\"2025-11-08T14:09:20+00:00\" \/>\n<meta property=\"article:modified_time\" content=\"2025-11-08T14:09:22+00:00\" \/>\n<meta property=\"og:image\" content=\"https:\/\/impactocastex.com.ar\/wp-content\/uploads\/2025\/11\/Captura-de-pantalla-2025-11-08-110842.png\" \/>\n\t<meta property=\"og:image:width\" content=\"303\" \/>\n\t<meta property=\"og:image:height\" content=\"205\" \/>\n\t<meta property=\"og:image:type\" content=\"image\/png\" \/>\n<meta name=\"author\" content=\"impactocastex\" \/>\n<meta name=\"twitter:card\" content=\"summary_large_image\" \/>\n<meta name=\"twitter:label1\" content=\"Escrito por\" \/>\n\t<meta name=\"twitter:data1\" content=\"impactocastex\" \/>\n\t<meta name=\"twitter:label2\" content=\"Tiempo de lectura\" \/>\n\t<meta name=\"twitter:data2\" content=\"3 minutos\" \/>\n<script type=\"application\/ld+json\" class=\"yoast-schema-graph\">{\"@context\":\"https:\\\/\\\/schema.org\",\"@graph\":[{\"@type\":\"Article\",\"@id\":\"https:\\\/\\\/impactocastex.com.ar\\\/?p=2861#article\",\"isPartOf\":{\"@id\":\"https:\\\/\\\/impactocastex.com.ar\\\/?p=2861\"},\"author\":{\"name\":\"impactocastex\",\"@id\":\"https:\\\/\\\/impactocastex.com.ar\\\/#\\\/schema\\\/person\\\/c115028fb60f9bf49ce7550894b84ea7\"},\"headline\":\"33 a\u00f1os de servicio: la vocaci\u00f3n de un empleado municipal\",\"datePublished\":\"2025-11-08T14:09:20+00:00\",\"dateModified\":\"2025-11-08T14:09:22+00:00\",\"mainEntityOfPage\":{\"@id\":\"https:\\\/\\\/impactocastex.com.ar\\\/?p=2861\"},\"wordCount\":491,\"publisher\":{\"@id\":\"https:\\\/\\\/impactocastex.com.ar\\\/#organization\"},\"image\":{\"@id\":\"https:\\\/\\\/impactocastex.com.ar\\\/?p=2861#primaryimage\"},\"thumbnailUrl\":\"https:\\\/\\\/impactocastex.com.ar\\\/wp-content\\\/uploads\\\/2025\\\/11\\\/Captura-de-pantalla-2025-11-08-110842.png\",\"articleSection\":[\"LA PAMPA\"],\"inLanguage\":\"es\"},{\"@type\":\"WebPage\",\"@id\":\"https:\\\/\\\/impactocastex.com.ar\\\/?p=2861\",\"url\":\"https:\\\/\\\/impactocastex.com.ar\\\/?p=2861\",\"name\":\"33 a\u00f1os de servicio: la vocaci\u00f3n de un empleado municipal -\",\"isPartOf\":{\"@id\":\"https:\\\/\\\/impactocastex.com.ar\\\/#website\"},\"primaryImageOfPage\":{\"@id\":\"https:\\\/\\\/impactocastex.com.ar\\\/?p=2861#primaryimage\"},\"image\":{\"@id\":\"https:\\\/\\\/impactocastex.com.ar\\\/?p=2861#primaryimage\"},\"thumbnailUrl\":\"https:\\\/\\\/impactocastex.com.ar\\\/wp-content\\\/uploads\\\/2025\\\/11\\\/Captura-de-pantalla-2025-11-08-110842.png\",\"datePublished\":\"2025-11-08T14:09:20+00:00\",\"dateModified\":\"2025-11-08T14:09:22+00:00\",\"breadcrumb\":{\"@id\":\"https:\\\/\\\/impactocastex.com.ar\\\/?p=2861#breadcrumb\"},\"inLanguage\":\"es\",\"potentialAction\":[{\"@type\":\"ReadAction\",\"target\":[\"https:\\\/\\\/impactocastex.com.ar\\\/?p=2861\"]}]},{\"@type\":\"ImageObject\",\"inLanguage\":\"es\",\"@id\":\"https:\\\/\\\/impactocastex.com.ar\\\/?p=2861#primaryimage\",\"url\":\"https:\\\/\\\/impactocastex.com.ar\\\/wp-content\\\/uploads\\\/2025\\\/11\\\/Captura-de-pantalla-2025-11-08-110842.png\",\"contentUrl\":\"https:\\\/\\\/impactocastex.com.ar\\\/wp-content\\\/uploads\\\/2025\\\/11\\\/Captura-de-pantalla-2025-11-08-110842.png\",\"width\":303,\"height\":205},{\"@type\":\"BreadcrumbList\",\"@id\":\"https:\\\/\\\/impactocastex.com.ar\\\/?p=2861#breadcrumb\",\"itemListElement\":[{\"@type\":\"ListItem\",\"position\":1,\"name\":\"Portada\",\"item\":\"https:\\\/\\\/impactocastex.com.ar\\\/\"},{\"@type\":\"ListItem\",\"position\":2,\"name\":\"33 a\u00f1os de servicio: la vocaci\u00f3n de un empleado municipal\"}]},{\"@type\":\"WebSite\",\"@id\":\"https:\\\/\\\/impactocastex.com.ar\\\/#website\",\"url\":\"https:\\\/\\\/impactocastex.com.ar\\\/\",\"name\":\"Impacto Castex\",\"description\":\"\",\"publisher\":{\"@id\":\"https:\\\/\\\/impactocastex.com.ar\\\/#organization\"},\"potentialAction\":[{\"@type\":\"SearchAction\",\"target\":{\"@type\":\"EntryPoint\",\"urlTemplate\":\"https:\\\/\\\/impactocastex.com.ar\\\/?s={search_term_string}\"},\"query-input\":{\"@type\":\"PropertyValueSpecification\",\"valueRequired\":true,\"valueName\":\"search_term_string\"}}],\"inLanguage\":\"es\"},{\"@type\":\"Organization\",\"@id\":\"https:\\\/\\\/impactocastex.com.ar\\\/#organization\",\"name\":\"Impacto Castex\",\"url\":\"https:\\\/\\\/impactocastex.com.ar\\\/\",\"logo\":{\"@type\":\"ImageObject\",\"inLanguage\":\"es\",\"@id\":\"https:\\\/\\\/impactocastex.com.ar\\\/#\\\/schema\\\/logo\\\/image\\\/\",\"url\":\"https:\\\/\\\/impactocastex.com.ar\\\/wp-content\\\/uploads\\\/2025\\\/09\\\/cropped-icoweb.png\",\"contentUrl\":\"https:\\\/\\\/impactocastex.com.ar\\\/wp-content\\\/uploads\\\/2025\\\/09\\\/cropped-icoweb.png\",\"width\":512,\"height\":512,\"caption\":\"Impacto Castex\"},\"image\":{\"@id\":\"https:\\\/\\\/impactocastex.com.ar\\\/#\\\/schema\\\/logo\\\/image\\\/\"},\"sameAs\":[\"https:\\\/\\\/www.facebook.com\\\/impactocastexdiario\",\"https:\\\/\\\/www.instagram.com\\\/impactocastex.com.ar\\\/\"]},{\"@type\":\"Person\",\"@id\":\"https:\\\/\\\/impactocastex.com.ar\\\/#\\\/schema\\\/person\\\/c115028fb60f9bf49ce7550894b84ea7\",\"name\":\"impactocastex\",\"image\":{\"@type\":\"ImageObject\",\"inLanguage\":\"es\",\"@id\":\"https:\\\/\\\/secure.gravatar.com\\\/avatar\\\/fee87e7af008f02e9becdc0b5a9fd4a2e79b3918a571edeacb62211704637833?s=96&d=mm&r=g\",\"url\":\"https:\\\/\\\/secure.gravatar.com\\\/avatar\\\/fee87e7af008f02e9becdc0b5a9fd4a2e79b3918a571edeacb62211704637833?s=96&d=mm&r=g\",\"contentUrl\":\"https:\\\/\\\/secure.gravatar.com\\\/avatar\\\/fee87e7af008f02e9becdc0b5a9fd4a2e79b3918a571edeacb62211704637833?s=96&d=mm&r=g\",\"caption\":\"impactocastex\"},\"sameAs\":[\"https:\\\/\\\/impactocastex.com.ar\\\/\"],\"url\":\"https:\\\/\\\/impactocastex.com.ar\\\/?author=2\"}]}<\/script>\n<!-- \/ Yoast SEO plugin. -->","yoast_head_json":{"title":"33 a\u00f1os de servicio: la vocaci\u00f3n de un empleado municipal -","robots":{"index":"index","follow":"follow","max-snippet":"max-snippet:-1","max-image-preview":"max-image-preview:large","max-video-preview":"max-video-preview:-1"},"canonical":"https:\/\/impactocastex.com.ar\/?p=2861","og_locale":"es_ES","og_type":"article","og_title":"33 a\u00f1os de servicio: la vocaci\u00f3n de un empleado municipal -","og_description":"En el D\u00eda del Empleado y la Empleada Municipal,\u00a0Julio Mart\u00edn Echegaray, con una trayectoria que...","og_url":"https:\/\/impactocastex.com.ar\/?p=2861","article_publisher":"https:\/\/www.facebook.com\/impactocastexdiario","article_published_time":"2025-11-08T14:09:20+00:00","article_modified_time":"2025-11-08T14:09:22+00:00","og_image":[{"width":303,"height":205,"url":"https:\/\/impactocastex.com.ar\/wp-content\/uploads\/2025\/11\/Captura-de-pantalla-2025-11-08-110842.png","type":"image\/png"}],"author":"impactocastex","twitter_card":"summary_large_image","twitter_misc":{"Escrito por":"impactocastex","Tiempo de lectura":"3 minutos"},"schema":{"@context":"https:\/\/schema.org","@graph":[{"@type":"Article","@id":"https:\/\/impactocastex.com.ar\/?p=2861#article","isPartOf":{"@id":"https:\/\/impactocastex.com.ar\/?p=2861"},"author":{"name":"impactocastex","@id":"https:\/\/impactocastex.com.ar\/#\/schema\/person\/c115028fb60f9bf49ce7550894b84ea7"},"headline":"33 a\u00f1os de servicio: la vocaci\u00f3n de un empleado municipal","datePublished":"2025-11-08T14:09:20+00:00","dateModified":"2025-11-08T14:09:22+00:00","mainEntityOfPage":{"@id":"https:\/\/impactocastex.com.ar\/?p=2861"},"wordCount":491,"publisher":{"@id":"https:\/\/impactocastex.com.ar\/#organization"},"image":{"@id":"https:\/\/impactocastex.com.ar\/?p=2861#primaryimage"},"thumbnailUrl":"https:\/\/impactocastex.com.ar\/wp-content\/uploads\/2025\/11\/Captura-de-pantalla-2025-11-08-110842.png","articleSection":["LA PAMPA"],"inLanguage":"es"},{"@type":"WebPage","@id":"https:\/\/impactocastex.com.ar\/?p=2861","url":"https:\/\/impactocastex.com.ar\/?p=2861","name":"33 a\u00f1os de servicio: la vocaci\u00f3n de un empleado municipal -","isPartOf":{"@id":"https:\/\/impactocastex.com.ar\/#website"},"primaryImageOfPage":{"@id":"https:\/\/impactocastex.com.ar\/?p=2861#primaryimage"},"image":{"@id":"https:\/\/impactocastex.com.ar\/?p=2861#primaryimage"},"thumbnailUrl":"https:\/\/impactocastex.com.ar\/wp-content\/uploads\/2025\/11\/Captura-de-pantalla-2025-11-08-110842.png","datePublished":"2025-11-08T14:09:20+00:00","dateModified":"2025-11-08T14:09:22+00:00","breadcrumb":{"@id":"https:\/\/impactocastex.com.ar\/?p=2861#breadcrumb"},"inLanguage":"es","potentialAction":[{"@type":"ReadAction","target":["https:\/\/impactocastex.com.ar\/?p=2861"]}]},{"@type":"ImageObject","inLanguage":"es","@id":"https:\/\/impactocastex.com.ar\/?p=2861#primaryimage","url":"https:\/\/impactocastex.com.ar\/wp-content\/uploads\/2025\/11\/Captura-de-pantalla-2025-11-08-110842.png","contentUrl":"https:\/\/impactocastex.com.ar\/wp-content\/uploads\/2025\/11\/Captura-de-pantalla-2025-11-08-110842.png","width":303,"height":205},{"@type":"BreadcrumbList","@id":"https:\/\/impactocastex.com.ar\/?p=2861#breadcrumb","itemListElement":[{"@type":"ListItem","position":1,"name":"Portada","item":"https:\/\/impactocastex.com.ar\/"},{"@type":"ListItem","position":2,"name":"33 a\u00f1os de servicio: la vocaci\u00f3n de un empleado municipal"}]},{"@type":"WebSite","@id":"https:\/\/impactocastex.com.ar\/#website","url":"https:\/\/impactocastex.com.ar\/","name":"Impacto Castex","description":"","publisher":{"@id":"https:\/\/impactocastex.com.ar\/#organization"},"potentialAction":[{"@type":"SearchAction","target":{"@type":"EntryPoint","urlTemplate":"https:\/\/impactocastex.com.ar\/?s={search_term_string}"},"query-input":{"@type":"PropertyValueSpecification","valueRequired":true,"valueName":"search_term_string"}}],"inLanguage":"es"},{"@type":"Organization","@id":"https:\/\/impactocastex.com.ar\/#organization","name":"Impacto Castex","url":"https:\/\/impactocastex.com.ar\/","logo":{"@type":"ImageObject","inLanguage":"es","@id":"https:\/\/impactocastex.com.ar\/#\/schema\/logo\/image\/","url":"https:\/\/impactocastex.com.ar\/wp-content\/uploads\/2025\/09\/cropped-icoweb.png","contentUrl":"https:\/\/impactocastex.com.ar\/wp-content\/uploads\/2025\/09\/cropped-icoweb.png","width":512,"height":512,"caption":"Impacto Castex"},"image":{"@id":"https:\/\/impactocastex.com.ar\/#\/schema\/logo\/image\/"},"sameAs":["https:\/\/www.facebook.com\/impactocastexdiario","https:\/\/www.instagram.com\/impactocastex.com.ar\/"]},{"@type":"Person","@id":"https:\/\/impactocastex.com.ar\/#\/schema\/person\/c115028fb60f9bf49ce7550894b84ea7","name":"impactocastex","image":{"@type":"ImageObject","inLanguage":"es","@id":"https:\/\/secure.gravatar.com\/avatar\/fee87e7af008f02e9becdc0b5a9fd4a2e79b3918a571edeacb62211704637833?s=96&d=mm&r=g","url":"https:\/\/secure.gravatar.com\/avatar\/fee87e7af008f02e9becdc0b5a9fd4a2e79b3918a571edeacb62211704637833?s=96&d=mm&r=g","contentUrl":"https:\/\/secure.gravatar.com\/avatar\/fee87e7af008f02e9becdc0b5a9fd4a2e79b3918a571edeacb62211704637833?s=96&d=mm&r=g","caption":"impactocastex"},"sameAs":["https:\/\/impactocastex.com.ar\/"],"url":"https:\/\/impactocastex.com.ar\/?author=2"}]}},"jetpack_publicize_connections":[],"featured_image_urls":{"full":["https:\/\/impactocastex.com.ar\/wp-content\/uploads\/2025\/11\/Captura-de-pantalla-2025-11-08-110842.png",303,205,false],"thumbnail":["https:\/\/impactocastex.com.ar\/wp-content\/uploads\/2025\/11\/Captura-de-pantalla-2025-11-08-110842-150x150.png",150,150,true],"medium":["https:\/\/impactocastex.com.ar\/wp-content\/uploads\/2025\/11\/Captura-de-pantalla-2025-11-08-110842-300x203.png",300,203,true],"medium_large":["https:\/\/impactocastex.com.ar\/wp-content\/uploads\/2025\/11\/Captura-de-pantalla-2025-11-08-110842.png",303,205,false],"large":["https:\/\/impactocastex.com.ar\/wp-content\/uploads\/2025\/11\/Captura-de-pantalla-2025-11-08-110842.png",303,205,false],"1536x1536":["https:\/\/impactocastex.com.ar\/wp-content\/uploads\/2025\/11\/Captura-de-pantalla-2025-11-08-110842.png",303,205,false],"2048x2048":["https:\/\/impactocastex.com.ar\/wp-content\/uploads\/2025\/11\/Captura-de-pantalla-2025-11-08-110842.png",303,205,false],"newsever-slider-full":["https:\/\/impactocastex.com.ar\/wp-content\/uploads\/2025\/11\/Captura-de-pantalla-2025-11-08-110842.png",303,205,false],"newsever-featured":["https:\/\/impactocastex.com.ar\/wp-content\/uploads\/2025\/11\/Captura-de-pantalla-2025-11-08-110842.png",303,205,false],"newsever-medium":["https:\/\/impactocastex.com.ar\/wp-content\/uploads\/2025\/11\/Captura-de-pantalla-2025-11-08-110842.png",303,205,false]},"author_info":{"info":["impactocastex"]},"category_info":"<a href=\"https:\/\/impactocastex.com.ar\/?cat=83\" rel=\"category\">LA PAMPA<\/a>","tag_info":"LA PAMPA","comment_count":0,"jetpack_featured_media_url":"https:\/\/impactocastex.com.ar\/wp-content\/uploads\/2025\/11\/Captura-de-pantalla-2025-11-08-110842.png","jetpack_sharing_enabled":true,"jetpack_likes_enabled":true,"jetpack_shortlink":"https:\/\/wp.me\/p7sopA-K9","_links":{"self":[{"href":"https:\/\/impactocastex.com.ar\/index.php?rest_route=\/wp\/v2\/posts\/2861","targetHints":{"allow":["GET"]}}],"collection":[{"href":"https:\/\/impactocastex.com.ar\/index.php?rest_route=\/wp\/v2\/posts"}],"about":[{"href":"https:\/\/impactocastex.com.ar\/index.php?rest_route=\/wp\/v2\/types\/post"}],"author":[{"embeddable":true,"href":"https:\/\/impactocastex.com.ar\/index.php?rest_route=\/wp\/v2\/users\/2"}],"replies":[{"embeddable":true,"href":"https:\/\/impactocastex.com.ar\/index.php?rest_route=%2Fwp%2Fv2%2Fcomments&post=2861"}],"version-history":[{"count":1,"href":"https:\/\/impactocastex.com.ar\/index.php?rest_route=\/wp\/v2\/posts\/2861\/revisions"}],"predecessor-version":[{"id":2863,"href":"https:\/\/impactocastex.com.ar\/index.php?rest_route=\/wp\/v2\/posts\/2861\/revisions\/2863"}],"wp:featuredmedia":[{"embeddable":true,"href":"https:\/\/impactocastex.com.ar\/index.php?rest_route=\/wp\/v2\/media\/2862"}],"wp:attachment":[{"href":"https:\/\/impactocastex.com.ar\/index.php?rest_route=%2Fwp%2Fv2%2Fmedia&parent=2861"}],"wp:term":[{"taxonomy":"category","embeddable":true,"href":"https:\/\/impactocastex.com.ar\/index.php?rest_route=%2Fwp%2Fv2%2Fcategories&post=2861"},{"taxonomy":"post_tag","embeddable":true,"href":"https:\/\/impactocastex.com.ar\/index.php?rest_route=%2Fwp%2Fv2%2Ftags&post=2861"}],"curies":[{"name":"wp","href":"https:\/\/api.w.org\/{rel}","templated":true}]}}