{"id":2858,"date":"2025-11-08T11:06:22","date_gmt":"2025-11-08T14:06:22","guid":{"rendered":"https:\/\/impactocastex.com.ar\/?p=2858"},"modified":"2025-11-08T11:06:23","modified_gmt":"2025-11-08T14:06:23","slug":"discapacidad-poggio-advierte-fuerte-atraso-y-pide-restitucion-de-pensiones","status":"publish","type":"post","link":"https:\/\/impactocastex.com.ar\/?p=2858","title":{"rendered":"Discapacidad: Poggio advierte fuerte atraso y pide restituci\u00f3n de pensiones"},"content":{"rendered":"\n<p>El director de Discapacidad de La Pampa, Iv\u00e1n Poggio.<\/p>\n\n\n\n<p><strong><\/strong><strong>Valor\u00f3 el aumento otorgado a los prestadores<\/strong>, pero advirti\u00f3 que solo compensa parte de la inflaci\u00f3n y no representa una mejora real. Adem\u00e1s, cuestion\u00f3 duramente las bajas de pensiones por discapacidad dispuestas por Naci\u00f3n.<\/p>\n\n\n\n<p>El director de Discapacidad de La Pampa, Iv\u00e1n Poggio, valor\u00f3 el aumento otorgado por Naci\u00f3n a los prestadores del sistema, aunque advirti\u00f3 que la actualizaci\u00f3n est\u00e1 lejos de resolver la p\u00e9rdida acumulada durante el \u00faltimo a\u00f1o. Tambi\u00e9n cuestion\u00f3 el masivo recorte de pensiones por discapacidad llevado adelante por el Gobierno Nacional, al que calific\u00f3 como un \u00aboperativo desprolijo que termin\u00f3 perjudicando a quienes m\u00e1s necesitan\u00bb.<\/p>\n\n\n\n<p>Poggio explic\u00f3 que desde la asunci\u00f3n del presidente Javier Milei \u00abhubo un 230% de inflaci\u00f3n y los aumentos a los prestadores hab\u00edan llegado solo al 106%\u00bb. En ese contexto, asegur\u00f3 que el nuevo incremento no implica una mejora real, sino un intento de compensar parte del desfasaje.<\/p>\n\n\n\n<p>\u00abEsto achica el margen, pero no quiere decir que sea la soluci\u00f3n definitiva porque hay atraso. Esto es compensaci\u00f3n de inflaci\u00f3n, no es que haya un aumento en las prestaciones en s\u00ed\u00bb, sostuvo. De todos modos, destac\u00f3 que \u00abvemos como positivo la reuni\u00f3n de directorio y por lo menos este aumento, que va a dar un poco de ox\u00edgeno a los prestadores\u00bb.<\/p>\n\n\n\n<p>Pensiones dadas de baja<\/p>\n\n\n\n<p>Respecto de las pensiones por discapacidad suspendidas en todo el pa\u00eds, Poggio inform\u00f3 que un reciente fallo judicial emitido en Catamarca ?con alcance federal? orden\u00f3 al Gobierno Nacional restituir todas las pensiones dadas de baja de manera retroactiva.<\/p>\n\n\n\n<p>\u00abHay un fallo en Catamarca, pero que tiene alcance federal, que obliga al Estado Nacional a que todas aquellas pensiones que dio de baja, las tiene que volver a dar de alta nuevamente de forma retroactiva\u00bb, explic\u00f3.<\/p>\n\n\n\n<p>La medida cautelar se dict\u00f3 tras detectarse m\u00faltiples irregularidades en el proceso de auditor\u00eda que llev\u00f3 adelante Naci\u00f3n. En La Pampa, como en el resto del pa\u00eds, se registraron numerosas suspensiones que, seg\u00fan Poggio, no respondieron a incumplimientos de los beneficiarios, sino a fallas operativas.<\/p>\n\n\n\n<p>\u00abLa mayor\u00eda de las bajas no fue porque las personas no cumplieran los requisitos, sino porque no se enteraron al momento de ir a la auditor\u00eda. La mayor\u00eda de las bajas, en particular, era porque no te enteraste y no fuiste\u00bb, se\u00f1al\u00f3 en declaraciones radiales.<\/p>\n\n\n\n<p>El funcionario pampeano cuestion\u00f3 con dureza el modo en que Naci\u00f3n llev\u00f3 adelante la auditor\u00eda.<\/p>\n\n\n\n<p>\u00abQued\u00f3 bastante plasmado que fue un recorte, porque no se hizo bien la auditor\u00eda. Se gast\u00f3 mucho dinero en notificaciones, se mandaron un mill\u00f3n de cartas documento a cualquier domicilio, domicilios mal, sin actualizar\u00bb, afirm\u00f3.<\/p>\n\n\n\n<p>Aunque el Gobierno de La Pampa pidi\u00f3 formalmente informaci\u00f3n detallada, a\u00fan no se conoce el n\u00famero exacto de pensiones suspendidas en la provincia. Poggio precis\u00f3 que hay entre 7.500 y 8.000 pensiones por invalidez, de las cuales alrededor de 4.200 fueron auditadas en General Pico, Santa Rosa, General Acha y 25 de Mayo.<\/p>\n\n\n\n<p>Finalmente, remarc\u00f3 que est\u00e1 a favor de los controles, pero no de su aplicaci\u00f3n arbitraria. \u00abYo estoy a favor de la auditor\u00eda, pero hag\u00e1mosla con las medidas de seguridad que se necesita. Pienso m\u00e1s en la que s\u00ed le corresponde y se la sacan\u00bb, concluy\u00f3.<\/p>\n\n\n\n<p>eldiariodelapampa<\/p>\n","protected":false},"excerpt":{"rendered":"<p>El director de Discapacidad de La Pampa, Iv\u00e1n Poggio. Valor\u00f3 el aumento otorgado a los&#8230;<\/p>\n","protected":false},"author":2,"featured_media":2859,"comment_status":"closed","ping_status":"closed","sticky":false,"template":"","format":"standard","meta":{"_jetpack_memberships_contains_paid_content":false,"footnotes":"","jetpack_publicize_message":"Discapacidad: Poggio advierte fuerte atraso y pide restituci\u00f3n de pensiones","jetpack_publicize_feature_enabled":true,"jetpack_social_post_already_shared":false,"jetpack_social_options":{"image_generator_settings":{"template":"highway","default_image_id":0,"font":"","enabled":false},"version":2}},"categories":[83],"tags":[],"class_list":["post-2858","post","type-post","status-publish","format-standard","has-post-thumbnail","hentry","category-la-pampa"],"yoast_head":"<!-- This site is optimized with the Yoast SEO plugin v27.4 - https:\/\/yoast.com\/product\/yoast-seo-wordpress\/ -->\n<title>Discapacidad: Poggio advierte fuerte atraso y pide restituci\u00f3n de pensiones -<\/title>\n<meta name=\"robots\" content=\"index, follow, max-snippet:-1, max-image-preview:large, max-video-preview:-1\" \/>\n<link rel=\"canonical\" href=\"https:\/\/impactocastex.com.ar\/?p=2858\" \/>\n<meta property=\"og:locale\" content=\"es_ES\" \/>\n<meta property=\"og:type\" content=\"article\" \/>\n<meta property=\"og:title\" content=\"Discapacidad: Poggio advierte fuerte atraso y pide restituci\u00f3n de pensiones -\" \/>\n<meta property=\"og:description\" content=\"El director de Discapacidad de La Pampa, Iv\u00e1n Poggio. Valor\u00f3 el aumento otorgado a los...\" \/>\n<meta property=\"og:url\" content=\"https:\/\/impactocastex.com.ar\/?p=2858\" \/>\n<meta property=\"article:publisher\" content=\"https:\/\/www.facebook.com\/impactocastexdiario\" \/>\n<meta property=\"article:published_time\" content=\"2025-11-08T14:06:22+00:00\" \/>\n<meta property=\"article:modified_time\" content=\"2025-11-08T14:06:23+00:00\" \/>\n<meta property=\"og:image\" content=\"https:\/\/impactocastex.com.ar\/wp-content\/uploads\/2025\/11\/2127236.jpg\" \/>\n\t<meta property=\"og:image:width\" content=\"1200\" \/>\n\t<meta property=\"og:image:height\" content=\"631\" \/>\n\t<meta property=\"og:image:type\" content=\"image\/jpeg\" \/>\n<meta name=\"author\" content=\"impactocastex\" \/>\n<meta name=\"twitter:card\" content=\"summary_large_image\" \/>\n<meta name=\"twitter:label1\" content=\"Escrito por\" \/>\n\t<meta name=\"twitter:data1\" content=\"impactocastex\" \/>\n\t<meta name=\"twitter:label2\" content=\"Tiempo de lectura\" \/>\n\t<meta name=\"twitter:data2\" content=\"3 minutos\" \/>\n<script type=\"application\/ld+json\" class=\"yoast-schema-graph\">{\"@context\":\"https:\\\/\\\/schema.org\",\"@graph\":[{\"@type\":\"Article\",\"@id\":\"https:\\\/\\\/impactocastex.com.ar\\\/?p=2858#article\",\"isPartOf\":{\"@id\":\"https:\\\/\\\/impactocastex.com.ar\\\/?p=2858\"},\"author\":{\"name\":\"impactocastex\",\"@id\":\"https:\\\/\\\/impactocastex.com.ar\\\/#\\\/schema\\\/person\\\/c115028fb60f9bf49ce7550894b84ea7\"},\"headline\":\"Discapacidad: Poggio advierte fuerte atraso y pide restituci\u00f3n de pensiones\",\"datePublished\":\"2025-11-08T14:06:22+00:00\",\"dateModified\":\"2025-11-08T14:06:23+00:00\",\"mainEntityOfPage\":{\"@id\":\"https:\\\/\\\/impactocastex.com.ar\\\/?p=2858\"},\"wordCount\":580,\"publisher\":{\"@id\":\"https:\\\/\\\/impactocastex.com.ar\\\/#organization\"},\"image\":{\"@id\":\"https:\\\/\\\/impactocastex.com.ar\\\/?p=2858#primaryimage\"},\"thumbnailUrl\":\"https:\\\/\\\/impactocastex.com.ar\\\/wp-content\\\/uploads\\\/2025\\\/11\\\/2127236.jpg\",\"articleSection\":[\"LA PAMPA\"],\"inLanguage\":\"es\"},{\"@type\":\"WebPage\",\"@id\":\"https:\\\/\\\/impactocastex.com.ar\\\/?p=2858\",\"url\":\"https:\\\/\\\/impactocastex.com.ar\\\/?p=2858\",\"name\":\"Discapacidad: Poggio advierte fuerte atraso y pide restituci\u00f3n de pensiones -\",\"isPartOf\":{\"@id\":\"https:\\\/\\\/impactocastex.com.ar\\\/#website\"},\"primaryImageOfPage\":{\"@id\":\"https:\\\/\\\/impactocastex.com.ar\\\/?p=2858#primaryimage\"},\"image\":{\"@id\":\"https:\\\/\\\/impactocastex.com.ar\\\/?p=2858#primaryimage\"},\"thumbnailUrl\":\"https:\\\/\\\/impactocastex.com.ar\\\/wp-content\\\/uploads\\\/2025\\\/11\\\/2127236.jpg\",\"datePublished\":\"2025-11-08T14:06:22+00:00\",\"dateModified\":\"2025-11-08T14:06:23+00:00\",\"breadcrumb\":{\"@id\":\"https:\\\/\\\/impactocastex.com.ar\\\/?p=2858#breadcrumb\"},\"inLanguage\":\"es\",\"potentialAction\":[{\"@type\":\"ReadAction\",\"target\":[\"https:\\\/\\\/impactocastex.com.ar\\\/?p=2858\"]}]},{\"@type\":\"ImageObject\",\"inLanguage\":\"es\",\"@id\":\"https:\\\/\\\/impactocastex.com.ar\\\/?p=2858#primaryimage\",\"url\":\"https:\\\/\\\/impactocastex.com.ar\\\/wp-content\\\/uploads\\\/2025\\\/11\\\/2127236.jpg\",\"contentUrl\":\"https:\\\/\\\/impactocastex.com.ar\\\/wp-content\\\/uploads\\\/2025\\\/11\\\/2127236.jpg\",\"width\":1200,\"height\":631},{\"@type\":\"BreadcrumbList\",\"@id\":\"https:\\\/\\\/impactocastex.com.ar\\\/?p=2858#breadcrumb\",\"itemListElement\":[{\"@type\":\"ListItem\",\"position\":1,\"name\":\"Portada\",\"item\":\"https:\\\/\\\/impactocastex.com.ar\\\/\"},{\"@type\":\"ListItem\",\"position\":2,\"name\":\"Discapacidad: Poggio advierte fuerte atraso y pide restituci\u00f3n de pensiones\"}]},{\"@type\":\"WebSite\",\"@id\":\"https:\\\/\\\/impactocastex.com.ar\\\/#website\",\"url\":\"https:\\\/\\\/impactocastex.com.ar\\\/\",\"name\":\"Impacto Castex\",\"description\":\"\",\"publisher\":{\"@id\":\"https:\\\/\\\/impactocastex.com.ar\\\/#organization\"},\"potentialAction\":[{\"@type\":\"SearchAction\",\"target\":{\"@type\":\"EntryPoint\",\"urlTemplate\":\"https:\\\/\\\/impactocastex.com.ar\\\/?s={search_term_string}\"},\"query-input\":{\"@type\":\"PropertyValueSpecification\",\"valueRequired\":true,\"valueName\":\"search_term_string\"}}],\"inLanguage\":\"es\"},{\"@type\":\"Organization\",\"@id\":\"https:\\\/\\\/impactocastex.com.ar\\\/#organization\",\"name\":\"Impacto Castex\",\"url\":\"https:\\\/\\\/impactocastex.com.ar\\\/\",\"logo\":{\"@type\":\"ImageObject\",\"inLanguage\":\"es\",\"@id\":\"https:\\\/\\\/impactocastex.com.ar\\\/#\\\/schema\\\/logo\\\/image\\\/\",\"url\":\"https:\\\/\\\/impactocastex.com.ar\\\/wp-content\\\/uploads\\\/2025\\\/09\\\/cropped-icoweb.png\",\"contentUrl\":\"https:\\\/\\\/impactocastex.com.ar\\\/wp-content\\\/uploads\\\/2025\\\/09\\\/cropped-icoweb.png\",\"width\":512,\"height\":512,\"caption\":\"Impacto Castex\"},\"image\":{\"@id\":\"https:\\\/\\\/impactocastex.com.ar\\\/#\\\/schema\\\/logo\\\/image\\\/\"},\"sameAs\":[\"https:\\\/\\\/www.facebook.com\\\/impactocastexdiario\",\"https:\\\/\\\/www.instagram.com\\\/impactocastex.com.ar\\\/\"]},{\"@type\":\"Person\",\"@id\":\"https:\\\/\\\/impactocastex.com.ar\\\/#\\\/schema\\\/person\\\/c115028fb60f9bf49ce7550894b84ea7\",\"name\":\"impactocastex\",\"image\":{\"@type\":\"ImageObject\",\"inLanguage\":\"es\",\"@id\":\"https:\\\/\\\/secure.gravatar.com\\\/avatar\\\/fee87e7af008f02e9becdc0b5a9fd4a2e79b3918a571edeacb62211704637833?s=96&d=mm&r=g\",\"url\":\"https:\\\/\\\/secure.gravatar.com\\\/avatar\\\/fee87e7af008f02e9becdc0b5a9fd4a2e79b3918a571edeacb62211704637833?s=96&d=mm&r=g\",\"contentUrl\":\"https:\\\/\\\/secure.gravatar.com\\\/avatar\\\/fee87e7af008f02e9becdc0b5a9fd4a2e79b3918a571edeacb62211704637833?s=96&d=mm&r=g\",\"caption\":\"impactocastex\"},\"sameAs\":[\"https:\\\/\\\/impactocastex.com.ar\\\/\"],\"url\":\"https:\\\/\\\/impactocastex.com.ar\\\/?author=2\"}]}<\/script>\n<!-- \/ Yoast SEO plugin. -->","yoast_head_json":{"title":"Discapacidad: Poggio advierte fuerte atraso y pide restituci\u00f3n de pensiones -","robots":{"index":"index","follow":"follow","max-snippet":"max-snippet:-1","max-image-preview":"max-image-preview:large","max-video-preview":"max-video-preview:-1"},"canonical":"https:\/\/impactocastex.com.ar\/?p=2858","og_locale":"es_ES","og_type":"article","og_title":"Discapacidad: Poggio advierte fuerte atraso y pide restituci\u00f3n de pensiones -","og_description":"El director de Discapacidad de La Pampa, Iv\u00e1n Poggio. Valor\u00f3 el aumento otorgado a los...","og_url":"https:\/\/impactocastex.com.ar\/?p=2858","article_publisher":"https:\/\/www.facebook.com\/impactocastexdiario","article_published_time":"2025-11-08T14:06:22+00:00","article_modified_time":"2025-11-08T14:06:23+00:00","og_image":[{"width":1200,"height":631,"url":"https:\/\/impactocastex.com.ar\/wp-content\/uploads\/2025\/11\/2127236.jpg","type":"image\/jpeg"}],"author":"impactocastex","twitter_card":"summary_large_image","twitter_misc":{"Escrito por":"impactocastex","Tiempo de lectura":"3 minutos"},"schema":{"@context":"https:\/\/schema.org","@graph":[{"@type":"Article","@id":"https:\/\/impactocastex.com.ar\/?p=2858#article","isPartOf":{"@id":"https:\/\/impactocastex.com.ar\/?p=2858"},"author":{"name":"impactocastex","@id":"https:\/\/impactocastex.com.ar\/#\/schema\/person\/c115028fb60f9bf49ce7550894b84ea7"},"headline":"Discapacidad: Poggio advierte fuerte atraso y pide restituci\u00f3n de pensiones","datePublished":"2025-11-08T14:06:22+00:00","dateModified":"2025-11-08T14:06:23+00:00","mainEntityOfPage":{"@id":"https:\/\/impactocastex.com.ar\/?p=2858"},"wordCount":580,"publisher":{"@id":"https:\/\/impactocastex.com.ar\/#organization"},"image":{"@id":"https:\/\/impactocastex.com.ar\/?p=2858#primaryimage"},"thumbnailUrl":"https:\/\/impactocastex.com.ar\/wp-content\/uploads\/2025\/11\/2127236.jpg","articleSection":["LA PAMPA"],"inLanguage":"es"},{"@type":"WebPage","@id":"https:\/\/impactocastex.com.ar\/?p=2858","url":"https:\/\/impactocastex.com.ar\/?p=2858","name":"Discapacidad: Poggio advierte fuerte atraso y pide restituci\u00f3n de pensiones -","isPartOf":{"@id":"https:\/\/impactocastex.com.ar\/#website"},"primaryImageOfPage":{"@id":"https:\/\/impactocastex.com.ar\/?p=2858#primaryimage"},"image":{"@id":"https:\/\/impactocastex.com.ar\/?p=2858#primaryimage"},"thumbnailUrl":"https:\/\/impactocastex.com.ar\/wp-content\/uploads\/2025\/11\/2127236.jpg","datePublished":"2025-11-08T14:06:22+00:00","dateModified":"2025-11-08T14:06:23+00:00","breadcrumb":{"@id":"https:\/\/impactocastex.com.ar\/?p=2858#breadcrumb"},"inLanguage":"es","potentialAction":[{"@type":"ReadAction","target":["https:\/\/impactocastex.com.ar\/?p=2858"]}]},{"@type":"ImageObject","inLanguage":"es","@id":"https:\/\/impactocastex.com.ar\/?p=2858#primaryimage","url":"https:\/\/impactocastex.com.ar\/wp-content\/uploads\/2025\/11\/2127236.jpg","contentUrl":"https:\/\/impactocastex.com.ar\/wp-content\/uploads\/2025\/11\/2127236.jpg","width":1200,"height":631},{"@type":"BreadcrumbList","@id":"https:\/\/impactocastex.com.ar\/?p=2858#breadcrumb","itemListElement":[{"@type":"ListItem","position":1,"name":"Portada","item":"https:\/\/impactocastex.com.ar\/"},{"@type":"ListItem","position":2,"name":"Discapacidad: Poggio advierte fuerte atraso y pide restituci\u00f3n de pensiones"}]},{"@type":"WebSite","@id":"https:\/\/impactocastex.com.ar\/#website","url":"https:\/\/impactocastex.com.ar\/","name":"Impacto Castex","description":"","publisher":{"@id":"https:\/\/impactocastex.com.ar\/#organization"},"potentialAction":[{"@type":"SearchAction","target":{"@type":"EntryPoint","urlTemplate":"https:\/\/impactocastex.com.ar\/?s={search_term_string}"},"query-input":{"@type":"PropertyValueSpecification","valueRequired":true,"valueName":"search_term_string"}}],"inLanguage":"es"},{"@type":"Organization","@id":"https:\/\/impactocastex.com.ar\/#organization","name":"Impacto Castex","url":"https:\/\/impactocastex.com.ar\/","logo":{"@type":"ImageObject","inLanguage":"es","@id":"https:\/\/impactocastex.com.ar\/#\/schema\/logo\/image\/","url":"https:\/\/impactocastex.com.ar\/wp-content\/uploads\/2025\/09\/cropped-icoweb.png","contentUrl":"https:\/\/impactocastex.com.ar\/wp-content\/uploads\/2025\/09\/cropped-icoweb.png","width":512,"height":512,"caption":"Impacto Castex"},"image":{"@id":"https:\/\/impactocastex.com.ar\/#\/schema\/logo\/image\/"},"sameAs":["https:\/\/www.facebook.com\/impactocastexdiario","https:\/\/www.instagram.com\/impactocastex.com.ar\/"]},{"@type":"Person","@id":"https:\/\/impactocastex.com.ar\/#\/schema\/person\/c115028fb60f9bf49ce7550894b84ea7","name":"impactocastex","image":{"@type":"ImageObject","inLanguage":"es","@id":"https:\/\/secure.gravatar.com\/avatar\/fee87e7af008f02e9becdc0b5a9fd4a2e79b3918a571edeacb62211704637833?s=96&d=mm&r=g","url":"https:\/\/secure.gravatar.com\/avatar\/fee87e7af008f02e9becdc0b5a9fd4a2e79b3918a571edeacb62211704637833?s=96&d=mm&r=g","contentUrl":"https:\/\/secure.gravatar.com\/avatar\/fee87e7af008f02e9becdc0b5a9fd4a2e79b3918a571edeacb62211704637833?s=96&d=mm&r=g","caption":"impactocastex"},"sameAs":["https:\/\/impactocastex.com.ar\/"],"url":"https:\/\/impactocastex.com.ar\/?author=2"}]}},"jetpack_publicize_connections":[],"featured_image_urls":{"full":["https:\/\/impactocastex.com.ar\/wp-content\/uploads\/2025\/11\/2127236.jpg",1200,631,false],"thumbnail":["https:\/\/impactocastex.com.ar\/wp-content\/uploads\/2025\/11\/2127236-150x150.jpg",150,150,true],"medium":["https:\/\/impactocastex.com.ar\/wp-content\/uploads\/2025\/11\/2127236-300x158.jpg",300,158,true],"medium_large":["https:\/\/impactocastex.com.ar\/wp-content\/uploads\/2025\/11\/2127236-768x404.jpg",640,337,true],"large":["https:\/\/impactocastex.com.ar\/wp-content\/uploads\/2025\/11\/2127236-1024x538.jpg",640,336,true],"1536x1536":["https:\/\/impactocastex.com.ar\/wp-content\/uploads\/2025\/11\/2127236.jpg",1200,631,false],"2048x2048":["https:\/\/impactocastex.com.ar\/wp-content\/uploads\/2025\/11\/2127236.jpg",1200,631,false],"newsever-slider-full":["https:\/\/impactocastex.com.ar\/wp-content\/uploads\/2025\/11\/2127236.jpg",1200,631,false],"newsever-featured":["https:\/\/impactocastex.com.ar\/wp-content\/uploads\/2025\/11\/2127236-1024x538.jpg",1024,538,true],"newsever-medium":["https:\/\/impactocastex.com.ar\/wp-content\/uploads\/2025\/11\/2127236-720x475.jpg",720,475,true]},"author_info":{"info":["impactocastex"]},"category_info":"<a href=\"https:\/\/impactocastex.com.ar\/?cat=83\" rel=\"category\">LA PAMPA<\/a>","tag_info":"LA PAMPA","comment_count":0,"jetpack_featured_media_url":"https:\/\/impactocastex.com.ar\/wp-content\/uploads\/2025\/11\/2127236.jpg","jetpack_sharing_enabled":true,"jetpack_likes_enabled":true,"jetpack_shortlink":"https:\/\/wp.me\/p7sopA-K6","_links":{"self":[{"href":"https:\/\/impactocastex.com.ar\/index.php?rest_route=\/wp\/v2\/posts\/2858","targetHints":{"allow":["GET"]}}],"collection":[{"href":"https:\/\/impactocastex.com.ar\/index.php?rest_route=\/wp\/v2\/posts"}],"about":[{"href":"https:\/\/impactocastex.com.ar\/index.php?rest_route=\/wp\/v2\/types\/post"}],"author":[{"embeddable":true,"href":"https:\/\/impactocastex.com.ar\/index.php?rest_route=\/wp\/v2\/users\/2"}],"replies":[{"embeddable":true,"href":"https:\/\/impactocastex.com.ar\/index.php?rest_route=%2Fwp%2Fv2%2Fcomments&post=2858"}],"version-history":[{"count":1,"href":"https:\/\/impactocastex.com.ar\/index.php?rest_route=\/wp\/v2\/posts\/2858\/revisions"}],"predecessor-version":[{"id":2860,"href":"https:\/\/impactocastex.com.ar\/index.php?rest_route=\/wp\/v2\/posts\/2858\/revisions\/2860"}],"wp:featuredmedia":[{"embeddable":true,"href":"https:\/\/impactocastex.com.ar\/index.php?rest_route=\/wp\/v2\/media\/2859"}],"wp:attachment":[{"href":"https:\/\/impactocastex.com.ar\/index.php?rest_route=%2Fwp%2Fv2%2Fmedia&parent=2858"}],"wp:term":[{"taxonomy":"category","embeddable":true,"href":"https:\/\/impactocastex.com.ar\/index.php?rest_route=%2Fwp%2Fv2%2Fcategories&post=2858"},{"taxonomy":"post_tag","embeddable":true,"href":"https:\/\/impactocastex.com.ar\/index.php?rest_route=%2Fwp%2Fv2%2Ftags&post=2858"}],"curies":[{"name":"wp","href":"https:\/\/api.w.org\/{rel}","templated":true}]}}