{"id":2846,"date":"2025-11-08T10:47:58","date_gmt":"2025-11-08T13:47:58","guid":{"rendered":"https:\/\/impactocastex.com.ar\/?p=2846"},"modified":"2025-11-08T10:48:00","modified_gmt":"2025-11-08T13:48:00","slug":"furia-y-fuego-en-la-alcaidia-la-causa-que-provoco-el-motin-video","status":"publish","type":"post","link":"https:\/\/impactocastex.com.ar\/?p=2846","title":{"rendered":"Furia y fuego en la Alcaid\u00eda: la causa que provoc\u00f3 el mot\u00edn.VIDEO"},"content":{"rendered":"\n<p>Uno preso,\u00a0<strong>molesto por la negativa judicial a cambiar su domicilio tras ser echado de la casa de su madre por irregularidades previas<\/strong>, prendi\u00f3 fuego colchones e incit\u00f3 a la poblaci\u00f3n a amotinarse. Fue reducido junto a tres c\u00f3mplices.<\/p>\n\n\n\n<figure class=\"wp-block-embed is-type-video is-provider-youtube wp-block-embed-youtube wp-embed-aspect-16-9 wp-has-aspect-ratio\"><div class=\"wp-block-embed__wrapper\">\n<iframe loading=\"lazy\" title=\"Furia y fuego en la Alcaid\u00eda: la causa que provoc\u00f3 el mot\u00edn\" width=\"640\" height=\"360\" src=\"https:\/\/www.youtube.com\/embed\/siOWswtKoV0?feature=oembed\" frameborder=\"0\" allow=\"accelerometer; autoplay; clipboard-write; encrypted-media; gyroscope; picture-in-picture; web-share\" referrerpolicy=\"strict-origin-when-cross-origin\" allowfullscreen><\/iframe>\n<\/div><\/figure>\n\n\n\n<p>El violento incidente registrado anoche en la Alcaid\u00eda de la Unidad Regional I, que incluy\u00f3 un incendio y un amplio despliegue policial y de bomberos, tuvo su origen en una frustraci\u00f3n personal y judicial: la denegaci\u00f3n de una solicitud de beneficio a un interno.<\/p>\n\n\n\n<p>De acuerdo a lo que pudo saber&nbsp;<strong>El Diario<\/strong>&nbsp;de fuentes policiales, el foco \u00edgneo, que se activ\u00f3 pasadas las 19:00 horas en el pabell\u00f3n del ala este, fue provocado por el preso Rodolfo Orosito, quien cumple condena por una causa de hurto a disposici\u00f3n del Juzgado de Ejecuci\u00f3n Penal.<\/p>\n\n\n\n<p>Siempre de acuerdo a la versi\u00f3n a la que accedi\u00f3 este diario, la violenta reacci\u00f3n de Orosito se desat\u00f3, en la previa del fin de semana, tras conocer la negativa del Juzgado de Ejecuci\u00f3n Penal de la 1\u00ba Circunscripci\u00f3n a autorizar un cambio de domicilio para sus salidas transitorias.<\/p>\n\n\n\n<p>Orosito, quien ya gozaba de este beneficio, habr\u00eda incurrido en una serie de irregularidades que complicaron su situaci\u00f3n: primero habr\u00eda sido visto deambulando por la calle, algo que tiene estrictamente prohibido, y luego habr\u00eda protagonizado una pelea con su madre, lo que deriv\u00f3 en que esta lo echara de la vivienda que usaba como domicilio de la transitoria.<\/p>\n\n\n\n<p>Ante esta situaci\u00f3n, el interno solicit\u00f3 constituir un nuevo domicilio en la casa de su novia, en la ciudad de General Pico, pero la Justicia a\u00fan no hab\u00eda autorizado el traslado. Al enterarse este fin de semana de la denegatoria, Orosito desat\u00f3 el caos.<\/p>\n\n\n\n<p>En un acto de protesta, Orosito fue visualizado por el personal penitenciario incitando a la poblaci\u00f3n a \u00absumarse a pelear contra la polic\u00eda\u00bb, mientras prend\u00eda fuego elementos dentro de un recipiente de residuos, dos colchones y varias prendas, generando una densa cortina de humo en el pabell\u00f3n.<\/p>\n\n\n\n<p>A la acci\u00f3n de Orosito se sumaron otros internos identificados uno como Sena y otros dos como de apellidos Morales.<\/p>\n\n\n\n<p>El r\u00e1pido despliegue del protocolo de seguridad, con la intervenci\u00f3n del Grupo de Requisa e Intervenciones Alcaid\u00eda (GRIA) y bomberos, permiti\u00f3 controlar la situaci\u00f3n. Los cuatro internos involucrados fueron r\u00e1pidamente reducidos y, como medida de seguridad, reubicados en dependencias de General Acha y General Pico.<\/p>\n\n\n\n<p>La Polic\u00eda de La Pampa confirm\u00f3 que la actuaci\u00f3n de las unidades especializadas permiti\u00f3 contener el evento, resguardando la integridad f\u00edsica de todos los internos y el personal policial, sin que se registraran heridos o lesionados.<\/p>\n\n\n\n<p>eldiariodelapampa<\/p>\n","protected":false},"excerpt":{"rendered":"<p>Uno preso,\u00a0molesto por la negativa judicial a cambiar su domicilio tras ser echado de la&#8230;<\/p>\n","protected":false},"author":2,"featured_media":2847,"comment_status":"closed","ping_status":"closed","sticky":false,"template":"","format":"standard","meta":{"_jetpack_memberships_contains_paid_content":false,"footnotes":"","jetpack_publicize_message":"Furia y fuego en la Alcaid\u00eda: la causa que provoc\u00f3 el mot\u00edn.VIDEO","jetpack_publicize_feature_enabled":true,"jetpack_social_post_already_shared":false,"jetpack_social_options":{"image_generator_settings":{"template":"highway","default_image_id":0,"font":"","enabled":false},"version":2}},"categories":[83,85],"tags":[],"class_list":["post-2846","post","type-post","status-publish","format-standard","has-post-thumbnail","hentry","category-la-pampa","category-policiales"],"yoast_head":"<!-- This site is optimized with the Yoast SEO plugin v27.4 - https:\/\/yoast.com\/product\/yoast-seo-wordpress\/ -->\n<title>Furia y fuego en la Alcaid\u00eda: la causa que provoc\u00f3 el mot\u00edn.VIDEO -<\/title>\n<meta name=\"robots\" content=\"index, follow, max-snippet:-1, max-image-preview:large, max-video-preview:-1\" \/>\n<link rel=\"canonical\" href=\"https:\/\/impactocastex.com.ar\/?p=2846\" \/>\n<meta property=\"og:locale\" content=\"es_ES\" \/>\n<meta property=\"og:type\" content=\"article\" \/>\n<meta property=\"og:title\" content=\"Furia y fuego en la Alcaid\u00eda: la causa que provoc\u00f3 el mot\u00edn.VIDEO -\" \/>\n<meta property=\"og:description\" content=\"Uno preso,\u00a0molesto por la negativa judicial a cambiar su domicilio tras ser echado de la...\" \/>\n<meta property=\"og:url\" content=\"https:\/\/impactocastex.com.ar\/?p=2846\" \/>\n<meta property=\"article:publisher\" content=\"https:\/\/www.facebook.com\/impactocastexdiario\" \/>\n<meta property=\"article:published_time\" content=\"2025-11-08T13:47:58+00:00\" \/>\n<meta property=\"article:modified_time\" content=\"2025-11-08T13:48:00+00:00\" \/>\n<meta property=\"og:image\" content=\"https:\/\/impactocastex.com.ar\/wp-content\/uploads\/2025\/11\/Captura-de-pantalla-2025-11-08-104352.png\" \/>\n\t<meta property=\"og:image:width\" content=\"836\" \/>\n\t<meta property=\"og:image:height\" content=\"423\" \/>\n\t<meta property=\"og:image:type\" content=\"image\/png\" \/>\n<meta name=\"author\" content=\"impactocastex\" \/>\n<meta name=\"twitter:card\" content=\"summary_large_image\" \/>\n<meta name=\"twitter:label1\" content=\"Escrito por\" \/>\n\t<meta name=\"twitter:data1\" content=\"impactocastex\" \/>\n\t<meta name=\"twitter:label2\" content=\"Tiempo de lectura\" \/>\n\t<meta name=\"twitter:data2\" content=\"3 minutos\" \/>\n<script type=\"application\/ld+json\" class=\"yoast-schema-graph\">{\"@context\":\"https:\\\/\\\/schema.org\",\"@graph\":[{\"@type\":\"Article\",\"@id\":\"https:\\\/\\\/impactocastex.com.ar\\\/?p=2846#article\",\"isPartOf\":{\"@id\":\"https:\\\/\\\/impactocastex.com.ar\\\/?p=2846\"},\"author\":{\"name\":\"impactocastex\",\"@id\":\"https:\\\/\\\/impactocastex.com.ar\\\/#\\\/schema\\\/person\\\/c115028fb60f9bf49ce7550894b84ea7\"},\"headline\":\"Furia y fuego en la Alcaid\u00eda: la causa que provoc\u00f3 el mot\u00edn.VIDEO\",\"datePublished\":\"2025-11-08T13:47:58+00:00\",\"dateModified\":\"2025-11-08T13:48:00+00:00\",\"mainEntityOfPage\":{\"@id\":\"https:\\\/\\\/impactocastex.com.ar\\\/?p=2846\"},\"wordCount\":484,\"publisher\":{\"@id\":\"https:\\\/\\\/impactocastex.com.ar\\\/#organization\"},\"image\":{\"@id\":\"https:\\\/\\\/impactocastex.com.ar\\\/?p=2846#primaryimage\"},\"thumbnailUrl\":\"https:\\\/\\\/impactocastex.com.ar\\\/wp-content\\\/uploads\\\/2025\\\/11\\\/Captura-de-pantalla-2025-11-08-104352.png\",\"articleSection\":[\"LA PAMPA\",\"POLICIALES\"],\"inLanguage\":\"es\"},{\"@type\":\"WebPage\",\"@id\":\"https:\\\/\\\/impactocastex.com.ar\\\/?p=2846\",\"url\":\"https:\\\/\\\/impactocastex.com.ar\\\/?p=2846\",\"name\":\"Furia y fuego en la Alcaid\u00eda: la causa que provoc\u00f3 el mot\u00edn.VIDEO -\",\"isPartOf\":{\"@id\":\"https:\\\/\\\/impactocastex.com.ar\\\/#website\"},\"primaryImageOfPage\":{\"@id\":\"https:\\\/\\\/impactocastex.com.ar\\\/?p=2846#primaryimage\"},\"image\":{\"@id\":\"https:\\\/\\\/impactocastex.com.ar\\\/?p=2846#primaryimage\"},\"thumbnailUrl\":\"https:\\\/\\\/impactocastex.com.ar\\\/wp-content\\\/uploads\\\/2025\\\/11\\\/Captura-de-pantalla-2025-11-08-104352.png\",\"datePublished\":\"2025-11-08T13:47:58+00:00\",\"dateModified\":\"2025-11-08T13:48:00+00:00\",\"breadcrumb\":{\"@id\":\"https:\\\/\\\/impactocastex.com.ar\\\/?p=2846#breadcrumb\"},\"inLanguage\":\"es\",\"potentialAction\":[{\"@type\":\"ReadAction\",\"target\":[\"https:\\\/\\\/impactocastex.com.ar\\\/?p=2846\"]}]},{\"@type\":\"ImageObject\",\"inLanguage\":\"es\",\"@id\":\"https:\\\/\\\/impactocastex.com.ar\\\/?p=2846#primaryimage\",\"url\":\"https:\\\/\\\/impactocastex.com.ar\\\/wp-content\\\/uploads\\\/2025\\\/11\\\/Captura-de-pantalla-2025-11-08-104352.png\",\"contentUrl\":\"https:\\\/\\\/impactocastex.com.ar\\\/wp-content\\\/uploads\\\/2025\\\/11\\\/Captura-de-pantalla-2025-11-08-104352.png\",\"width\":836,\"height\":423},{\"@type\":\"BreadcrumbList\",\"@id\":\"https:\\\/\\\/impactocastex.com.ar\\\/?p=2846#breadcrumb\",\"itemListElement\":[{\"@type\":\"ListItem\",\"position\":1,\"name\":\"Portada\",\"item\":\"https:\\\/\\\/impactocastex.com.ar\\\/\"},{\"@type\":\"ListItem\",\"position\":2,\"name\":\"Furia y fuego en la Alcaid\u00eda: la causa que provoc\u00f3 el mot\u00edn.VIDEO\"}]},{\"@type\":\"WebSite\",\"@id\":\"https:\\\/\\\/impactocastex.com.ar\\\/#website\",\"url\":\"https:\\\/\\\/impactocastex.com.ar\\\/\",\"name\":\"Impacto Castex\",\"description\":\"\",\"publisher\":{\"@id\":\"https:\\\/\\\/impactocastex.com.ar\\\/#organization\"},\"potentialAction\":[{\"@type\":\"SearchAction\",\"target\":{\"@type\":\"EntryPoint\",\"urlTemplate\":\"https:\\\/\\\/impactocastex.com.ar\\\/?s={search_term_string}\"},\"query-input\":{\"@type\":\"PropertyValueSpecification\",\"valueRequired\":true,\"valueName\":\"search_term_string\"}}],\"inLanguage\":\"es\"},{\"@type\":\"Organization\",\"@id\":\"https:\\\/\\\/impactocastex.com.ar\\\/#organization\",\"name\":\"Impacto Castex\",\"url\":\"https:\\\/\\\/impactocastex.com.ar\\\/\",\"logo\":{\"@type\":\"ImageObject\",\"inLanguage\":\"es\",\"@id\":\"https:\\\/\\\/impactocastex.com.ar\\\/#\\\/schema\\\/logo\\\/image\\\/\",\"url\":\"https:\\\/\\\/impactocastex.com.ar\\\/wp-content\\\/uploads\\\/2025\\\/09\\\/cropped-icoweb.png\",\"contentUrl\":\"https:\\\/\\\/impactocastex.com.ar\\\/wp-content\\\/uploads\\\/2025\\\/09\\\/cropped-icoweb.png\",\"width\":512,\"height\":512,\"caption\":\"Impacto Castex\"},\"image\":{\"@id\":\"https:\\\/\\\/impactocastex.com.ar\\\/#\\\/schema\\\/logo\\\/image\\\/\"},\"sameAs\":[\"https:\\\/\\\/www.facebook.com\\\/impactocastexdiario\",\"https:\\\/\\\/www.instagram.com\\\/impactocastex.com.ar\\\/\"]},{\"@type\":\"Person\",\"@id\":\"https:\\\/\\\/impactocastex.com.ar\\\/#\\\/schema\\\/person\\\/c115028fb60f9bf49ce7550894b84ea7\",\"name\":\"impactocastex\",\"image\":{\"@type\":\"ImageObject\",\"inLanguage\":\"es\",\"@id\":\"https:\\\/\\\/secure.gravatar.com\\\/avatar\\\/fee87e7af008f02e9becdc0b5a9fd4a2e79b3918a571edeacb62211704637833?s=96&d=mm&r=g\",\"url\":\"https:\\\/\\\/secure.gravatar.com\\\/avatar\\\/fee87e7af008f02e9becdc0b5a9fd4a2e79b3918a571edeacb62211704637833?s=96&d=mm&r=g\",\"contentUrl\":\"https:\\\/\\\/secure.gravatar.com\\\/avatar\\\/fee87e7af008f02e9becdc0b5a9fd4a2e79b3918a571edeacb62211704637833?s=96&d=mm&r=g\",\"caption\":\"impactocastex\"},\"sameAs\":[\"https:\\\/\\\/impactocastex.com.ar\\\/\"],\"url\":\"https:\\\/\\\/impactocastex.com.ar\\\/?author=2\"}]}<\/script>\n<!-- \/ Yoast SEO plugin. -->","yoast_head_json":{"title":"Furia y fuego en la Alcaid\u00eda: la causa que provoc\u00f3 el mot\u00edn.VIDEO -","robots":{"index":"index","follow":"follow","max-snippet":"max-snippet:-1","max-image-preview":"max-image-preview:large","max-video-preview":"max-video-preview:-1"},"canonical":"https:\/\/impactocastex.com.ar\/?p=2846","og_locale":"es_ES","og_type":"article","og_title":"Furia y fuego en la Alcaid\u00eda: la causa que provoc\u00f3 el mot\u00edn.VIDEO -","og_description":"Uno preso,\u00a0molesto por la negativa judicial a cambiar su domicilio tras ser echado de la...","og_url":"https:\/\/impactocastex.com.ar\/?p=2846","article_publisher":"https:\/\/www.facebook.com\/impactocastexdiario","article_published_time":"2025-11-08T13:47:58+00:00","article_modified_time":"2025-11-08T13:48:00+00:00","og_image":[{"width":836,"height":423,"url":"https:\/\/impactocastex.com.ar\/wp-content\/uploads\/2025\/11\/Captura-de-pantalla-2025-11-08-104352.png","type":"image\/png"}],"author":"impactocastex","twitter_card":"summary_large_image","twitter_misc":{"Escrito por":"impactocastex","Tiempo de lectura":"3 minutos"},"schema":{"@context":"https:\/\/schema.org","@graph":[{"@type":"Article","@id":"https:\/\/impactocastex.com.ar\/?p=2846#article","isPartOf":{"@id":"https:\/\/impactocastex.com.ar\/?p=2846"},"author":{"name":"impactocastex","@id":"https:\/\/impactocastex.com.ar\/#\/schema\/person\/c115028fb60f9bf49ce7550894b84ea7"},"headline":"Furia y fuego en la Alcaid\u00eda: la causa que provoc\u00f3 el mot\u00edn.VIDEO","datePublished":"2025-11-08T13:47:58+00:00","dateModified":"2025-11-08T13:48:00+00:00","mainEntityOfPage":{"@id":"https:\/\/impactocastex.com.ar\/?p=2846"},"wordCount":484,"publisher":{"@id":"https:\/\/impactocastex.com.ar\/#organization"},"image":{"@id":"https:\/\/impactocastex.com.ar\/?p=2846#primaryimage"},"thumbnailUrl":"https:\/\/impactocastex.com.ar\/wp-content\/uploads\/2025\/11\/Captura-de-pantalla-2025-11-08-104352.png","articleSection":["LA PAMPA","POLICIALES"],"inLanguage":"es"},{"@type":"WebPage","@id":"https:\/\/impactocastex.com.ar\/?p=2846","url":"https:\/\/impactocastex.com.ar\/?p=2846","name":"Furia y fuego en la Alcaid\u00eda: la causa que provoc\u00f3 el mot\u00edn.VIDEO -","isPartOf":{"@id":"https:\/\/impactocastex.com.ar\/#website"},"primaryImageOfPage":{"@id":"https:\/\/impactocastex.com.ar\/?p=2846#primaryimage"},"image":{"@id":"https:\/\/impactocastex.com.ar\/?p=2846#primaryimage"},"thumbnailUrl":"https:\/\/impactocastex.com.ar\/wp-content\/uploads\/2025\/11\/Captura-de-pantalla-2025-11-08-104352.png","datePublished":"2025-11-08T13:47:58+00:00","dateModified":"2025-11-08T13:48:00+00:00","breadcrumb":{"@id":"https:\/\/impactocastex.com.ar\/?p=2846#breadcrumb"},"inLanguage":"es","potentialAction":[{"@type":"ReadAction","target":["https:\/\/impactocastex.com.ar\/?p=2846"]}]},{"@type":"ImageObject","inLanguage":"es","@id":"https:\/\/impactocastex.com.ar\/?p=2846#primaryimage","url":"https:\/\/impactocastex.com.ar\/wp-content\/uploads\/2025\/11\/Captura-de-pantalla-2025-11-08-104352.png","contentUrl":"https:\/\/impactocastex.com.ar\/wp-content\/uploads\/2025\/11\/Captura-de-pantalla-2025-11-08-104352.png","width":836,"height":423},{"@type":"BreadcrumbList","@id":"https:\/\/impactocastex.com.ar\/?p=2846#breadcrumb","itemListElement":[{"@type":"ListItem","position":1,"name":"Portada","item":"https:\/\/impactocastex.com.ar\/"},{"@type":"ListItem","position":2,"name":"Furia y fuego en la Alcaid\u00eda: la causa que provoc\u00f3 el mot\u00edn.VIDEO"}]},{"@type":"WebSite","@id":"https:\/\/impactocastex.com.ar\/#website","url":"https:\/\/impactocastex.com.ar\/","name":"Impacto Castex","description":"","publisher":{"@id":"https:\/\/impactocastex.com.ar\/#organization"},"potentialAction":[{"@type":"SearchAction","target":{"@type":"EntryPoint","urlTemplate":"https:\/\/impactocastex.com.ar\/?s={search_term_string}"},"query-input":{"@type":"PropertyValueSpecification","valueRequired":true,"valueName":"search_term_string"}}],"inLanguage":"es"},{"@type":"Organization","@id":"https:\/\/impactocastex.com.ar\/#organization","name":"Impacto Castex","url":"https:\/\/impactocastex.com.ar\/","logo":{"@type":"ImageObject","inLanguage":"es","@id":"https:\/\/impactocastex.com.ar\/#\/schema\/logo\/image\/","url":"https:\/\/impactocastex.com.ar\/wp-content\/uploads\/2025\/09\/cropped-icoweb.png","contentUrl":"https:\/\/impactocastex.com.ar\/wp-content\/uploads\/2025\/09\/cropped-icoweb.png","width":512,"height":512,"caption":"Impacto Castex"},"image":{"@id":"https:\/\/impactocastex.com.ar\/#\/schema\/logo\/image\/"},"sameAs":["https:\/\/www.facebook.com\/impactocastexdiario","https:\/\/www.instagram.com\/impactocastex.com.ar\/"]},{"@type":"Person","@id":"https:\/\/impactocastex.com.ar\/#\/schema\/person\/c115028fb60f9bf49ce7550894b84ea7","name":"impactocastex","image":{"@type":"ImageObject","inLanguage":"es","@id":"https:\/\/secure.gravatar.com\/avatar\/fee87e7af008f02e9becdc0b5a9fd4a2e79b3918a571edeacb62211704637833?s=96&d=mm&r=g","url":"https:\/\/secure.gravatar.com\/avatar\/fee87e7af008f02e9becdc0b5a9fd4a2e79b3918a571edeacb62211704637833?s=96&d=mm&r=g","contentUrl":"https:\/\/secure.gravatar.com\/avatar\/fee87e7af008f02e9becdc0b5a9fd4a2e79b3918a571edeacb62211704637833?s=96&d=mm&r=g","caption":"impactocastex"},"sameAs":["https:\/\/impactocastex.com.ar\/"],"url":"https:\/\/impactocastex.com.ar\/?author=2"}]}},"jetpack_publicize_connections":[],"featured_image_urls":{"full":["https:\/\/impactocastex.com.ar\/wp-content\/uploads\/2025\/11\/Captura-de-pantalla-2025-11-08-104352.png",836,423,false],"thumbnail":["https:\/\/impactocastex.com.ar\/wp-content\/uploads\/2025\/11\/Captura-de-pantalla-2025-11-08-104352-150x150.png",150,150,true],"medium":["https:\/\/impactocastex.com.ar\/wp-content\/uploads\/2025\/11\/Captura-de-pantalla-2025-11-08-104352-300x152.png",300,152,true],"medium_large":["https:\/\/impactocastex.com.ar\/wp-content\/uploads\/2025\/11\/Captura-de-pantalla-2025-11-08-104352-768x389.png",640,324,true],"large":["https:\/\/impactocastex.com.ar\/wp-content\/uploads\/2025\/11\/Captura-de-pantalla-2025-11-08-104352.png",640,324,false],"1536x1536":["https:\/\/impactocastex.com.ar\/wp-content\/uploads\/2025\/11\/Captura-de-pantalla-2025-11-08-104352.png",836,423,false],"2048x2048":["https:\/\/impactocastex.com.ar\/wp-content\/uploads\/2025\/11\/Captura-de-pantalla-2025-11-08-104352.png",836,423,false],"newsever-slider-full":["https:\/\/impactocastex.com.ar\/wp-content\/uploads\/2025\/11\/Captura-de-pantalla-2025-11-08-104352.png",836,423,false],"newsever-featured":["https:\/\/impactocastex.com.ar\/wp-content\/uploads\/2025\/11\/Captura-de-pantalla-2025-11-08-104352.png",836,423,false],"newsever-medium":["https:\/\/impactocastex.com.ar\/wp-content\/uploads\/2025\/11\/Captura-de-pantalla-2025-11-08-104352-720x423.png",720,423,true]},"author_info":{"info":["impactocastex"]},"category_info":"<a href=\"https:\/\/impactocastex.com.ar\/?cat=83\" rel=\"category\">LA PAMPA<\/a> <a href=\"https:\/\/impactocastex.com.ar\/?cat=85\" rel=\"category\">POLICIALES<\/a>","tag_info":"POLICIALES","comment_count":0,"jetpack_featured_media_url":"https:\/\/impactocastex.com.ar\/wp-content\/uploads\/2025\/11\/Captura-de-pantalla-2025-11-08-104352.png","jetpack_sharing_enabled":true,"jetpack_likes_enabled":true,"jetpack_shortlink":"https:\/\/wp.me\/p7sopA-JU","_links":{"self":[{"href":"https:\/\/impactocastex.com.ar\/index.php?rest_route=\/wp\/v2\/posts\/2846","targetHints":{"allow":["GET"]}}],"collection":[{"href":"https:\/\/impactocastex.com.ar\/index.php?rest_route=\/wp\/v2\/posts"}],"about":[{"href":"https:\/\/impactocastex.com.ar\/index.php?rest_route=\/wp\/v2\/types\/post"}],"author":[{"embeddable":true,"href":"https:\/\/impactocastex.com.ar\/index.php?rest_route=\/wp\/v2\/users\/2"}],"replies":[{"embeddable":true,"href":"https:\/\/impactocastex.com.ar\/index.php?rest_route=%2Fwp%2Fv2%2Fcomments&post=2846"}],"version-history":[{"count":1,"href":"https:\/\/impactocastex.com.ar\/index.php?rest_route=\/wp\/v2\/posts\/2846\/revisions"}],"predecessor-version":[{"id":2848,"href":"https:\/\/impactocastex.com.ar\/index.php?rest_route=\/wp\/v2\/posts\/2846\/revisions\/2848"}],"wp:featuredmedia":[{"embeddable":true,"href":"https:\/\/impactocastex.com.ar\/index.php?rest_route=\/wp\/v2\/media\/2847"}],"wp:attachment":[{"href":"https:\/\/impactocastex.com.ar\/index.php?rest_route=%2Fwp%2Fv2%2Fmedia&parent=2846"}],"wp:term":[{"taxonomy":"category","embeddable":true,"href":"https:\/\/impactocastex.com.ar\/index.php?rest_route=%2Fwp%2Fv2%2Fcategories&post=2846"},{"taxonomy":"post_tag","embeddable":true,"href":"https:\/\/impactocastex.com.ar\/index.php?rest_route=%2Fwp%2Fv2%2Ftags&post=2846"}],"curies":[{"name":"wp","href":"https:\/\/api.w.org\/{rel}","templated":true}]}}