{"id":2821,"date":"2025-11-06T10:26:28","date_gmt":"2025-11-06T13:26:28","guid":{"rendered":"https:\/\/impactocastex.com.ar\/?p=2821"},"modified":"2025-11-06T10:26:30","modified_gmt":"2025-11-06T13:26:30","slug":"anses-le-pedira-a-cristina-kirchner-que-devuelva-unos-1000-millones-por-jubilaciones-y-pensiones-que-cobro","status":"publish","type":"post","link":"https:\/\/impactocastex.com.ar\/?p=2821","title":{"rendered":"ANSES le pedir\u00e1 a Cristina Kirchner que devuelva unos $1000 millones por jubilaciones y pensiones que cobr\u00f3"},"content":{"rendered":"\n<p>La Administraci\u00f3n Nacional de la Seguridad Social (ANSES) avanzar\u00e1 con el pedido de que Cristina Kirchner reintegre cerca de $1000 millones correspondientes a jubilaciones y pensiones que hab\u00eda recibido.<\/p>\n\n\n\n<p>Seg\u00fan inform\u00f3 TN, el Ministerio de Capital Humano, a trav\u00e9s de la ANSES, solicitar\u00e1 la devoluci\u00f3n de las sumas percibidas \u201cindebidamente\u201d, cuyo monto estimado asciende a $1000 millones. La decisi\u00f3n llega despu\u00e9s de que el Juzgado Federal de la Seguridad Social N\u00b01, a cargo de Karina Alonso Candis, rechazara una medida cautelar presentada por la expresidenta.<\/p>\n\n\n\n<p>Cristina Kirchner hab\u00eda buscado mediante este recurso que se le restablezca el beneficio de \u201casignaci\u00f3n mensual vitalicia\u201d que se le hab\u00eda otorgado como viuda del expresidente N\u00e9stor Kirchner, con fecha de inicio de pago del 14 de diciembre de 2010, y respecto del cual ya existe una sentencia judicial.<\/p>\n\n\n\n<p>En diciembre pasado, el gobierno de Javier Milei hab\u00eda suspendido la \u201cjubilaci\u00f3n de privilegio\u201d de Cristina Kirchner y la pensi\u00f3n vitalicia, tras confirmarse la condena de la expresidenta en la Causa Vialidad. Seg\u00fan el Ejecutivo, Kirchner percib\u00eda unos $21.827.624 mensuales netos, y la medida se fundamenta en que se trata de un \u201cbeneficio previsto por la Ley N\u00b0 24.018 para expresidentes y ex vicepresidentes de la Naci\u00f3n, es una asignaci\u00f3n graciable, sin car\u00e1cter previsional, que se otorga como contraprestaci\u00f3n al honor, m\u00e9rito y el buen desempe\u00f1o del cargo. No tiene car\u00e1cter contributivo -esto es, no est\u00e1 sustentada en aportes equivalentes realizados por el propio beneficiario- sino que constituye una gracia otorgada en reconocimiento del m\u00e9rito y del honor\u201d.<\/p>\n\n\n\n<p>Ante la decisi\u00f3n del gobierno, la defensa de Cristina Kirchner present\u00f3 un recurso de nulidad, calificando la medida de \u201cilegal y autoritaria\u201d por la suspensi\u00f3n de los haberes mensuales que recib\u00eda por su paso como presidenta de la Naci\u00f3n. Su abogado sostuvo que \u201cno se dio cumplimiento al requisito de permitir la defensa del administrado\u201d y agreg\u00f3 que, aunque la administraci\u00f3n justific\u00f3 la suspensi\u00f3n de un acto administrativo, \u201cno explic\u00f3 los motivos por los cuales dichos argumentos le permiten tambi\u00e9n quebrantar una ley nacional\u201d.<\/p>\n\n\n\n<p>La expresidenta tambi\u00e9n argument\u00f3 que la demora en la resoluci\u00f3n afectaba sus derechos a la seguridad social. Sin embargo, este mi\u00e9rcoles la Justicia destac\u00f3 que la asignaci\u00f3n no constituye una jubilaci\u00f3n ordinaria, sino \u201cuna gracia otorgada como reconocimiento al m\u00e9rito y honor del cargo presidencial\u201d.<\/p>\n\n\n\n<p>La jueza se\u00f1al\u00f3 adem\u00e1s que no existe un riesgo grave e irreversible que justifique adelantar la decisi\u00f3n, y que conceder la medida cautelar ser\u00eda anticipar un fallo que requiere un an\u00e1lisis m\u00e1s profundo y la valoraci\u00f3n de pruebas.<\/p>\n","protected":false},"excerpt":{"rendered":"<p>La Administraci\u00f3n Nacional de la Seguridad Social (ANSES) avanzar\u00e1 con el pedido de que Cristina&#8230;<\/p>\n","protected":false},"author":2,"featured_media":2822,"comment_status":"closed","ping_status":"closed","sticky":false,"template":"","format":"standard","meta":{"_jetpack_memberships_contains_paid_content":false,"footnotes":"","jetpack_publicize_message":"ANSES le pedir\u00e1 a Cristina Kirchner que devuelva unos $1000 millones por jubilaciones y pensiones que cobr\u00f3","jetpack_publicize_feature_enabled":true,"jetpack_social_post_already_shared":false,"jetpack_social_options":{"image_generator_settings":{"template":"highway","default_image_id":0,"font":"","enabled":false},"version":2}},"categories":[122],"tags":[],"class_list":["post-2821","post","type-post","status-publish","format-standard","has-post-thumbnail","hentry","category-politica"],"yoast_head":"<!-- This site is optimized with the Yoast SEO plugin v27.4 - https:\/\/yoast.com\/product\/yoast-seo-wordpress\/ -->\n<title>ANSES le pedir\u00e1 a Cristina Kirchner que devuelva unos $1000 millones por jubilaciones y pensiones que cobr\u00f3 -<\/title>\n<meta name=\"robots\" content=\"index, follow, max-snippet:-1, max-image-preview:large, max-video-preview:-1\" \/>\n<link rel=\"canonical\" href=\"https:\/\/impactocastex.com.ar\/?p=2821\" \/>\n<meta property=\"og:locale\" content=\"es_ES\" \/>\n<meta property=\"og:type\" content=\"article\" \/>\n<meta property=\"og:title\" content=\"ANSES le pedir\u00e1 a Cristina Kirchner que devuelva unos $1000 millones por jubilaciones y pensiones que cobr\u00f3 -\" \/>\n<meta property=\"og:description\" content=\"La Administraci\u00f3n Nacional de la Seguridad Social (ANSES) avanzar\u00e1 con el pedido de que Cristina...\" \/>\n<meta property=\"og:url\" content=\"https:\/\/impactocastex.com.ar\/?p=2821\" \/>\n<meta property=\"article:publisher\" content=\"https:\/\/www.facebook.com\/impactocastexdiario\" \/>\n<meta property=\"article:published_time\" content=\"2025-11-06T13:26:28+00:00\" \/>\n<meta property=\"article:modified_time\" content=\"2025-11-06T13:26:30+00:00\" \/>\n<meta property=\"og:image\" content=\"https:\/\/impactocastex.com.ar\/wp-content\/uploads\/2025\/11\/f1280x720-248993_380668_5050.jpg\" \/>\n\t<meta property=\"og:image:width\" content=\"1280\" \/>\n\t<meta property=\"og:image:height\" content=\"720\" \/>\n\t<meta property=\"og:image:type\" content=\"image\/jpeg\" \/>\n<meta name=\"author\" content=\"impactocastex\" \/>\n<meta name=\"twitter:card\" content=\"summary_large_image\" \/>\n<meta name=\"twitter:label1\" content=\"Escrito por\" \/>\n\t<meta name=\"twitter:data1\" content=\"impactocastex\" \/>\n\t<meta name=\"twitter:label2\" content=\"Tiempo de lectura\" \/>\n\t<meta name=\"twitter:data2\" content=\"3 minutos\" \/>\n<script type=\"application\/ld+json\" class=\"yoast-schema-graph\">{\"@context\":\"https:\\\/\\\/schema.org\",\"@graph\":[{\"@type\":\"Article\",\"@id\":\"https:\\\/\\\/impactocastex.com.ar\\\/?p=2821#article\",\"isPartOf\":{\"@id\":\"https:\\\/\\\/impactocastex.com.ar\\\/?p=2821\"},\"author\":{\"name\":\"impactocastex\",\"@id\":\"https:\\\/\\\/impactocastex.com.ar\\\/#\\\/schema\\\/person\\\/c115028fb60f9bf49ce7550894b84ea7\"},\"headline\":\"ANSES le pedir\u00e1 a Cristina Kirchner que devuelva unos $1000 millones por jubilaciones y pensiones que cobr\u00f3\",\"datePublished\":\"2025-11-06T13:26:28+00:00\",\"dateModified\":\"2025-11-06T13:26:30+00:00\",\"mainEntityOfPage\":{\"@id\":\"https:\\\/\\\/impactocastex.com.ar\\\/?p=2821\"},\"wordCount\":473,\"publisher\":{\"@id\":\"https:\\\/\\\/impactocastex.com.ar\\\/#organization\"},\"image\":{\"@id\":\"https:\\\/\\\/impactocastex.com.ar\\\/?p=2821#primaryimage\"},\"thumbnailUrl\":\"https:\\\/\\\/impactocastex.com.ar\\\/wp-content\\\/uploads\\\/2025\\\/11\\\/f1280x720-248993_380668_5050.jpg\",\"articleSection\":[\"POLITICA\"],\"inLanguage\":\"es\"},{\"@type\":\"WebPage\",\"@id\":\"https:\\\/\\\/impactocastex.com.ar\\\/?p=2821\",\"url\":\"https:\\\/\\\/impactocastex.com.ar\\\/?p=2821\",\"name\":\"ANSES le pedir\u00e1 a Cristina Kirchner que devuelva unos $1000 millones por jubilaciones y pensiones que cobr\u00f3 -\",\"isPartOf\":{\"@id\":\"https:\\\/\\\/impactocastex.com.ar\\\/#website\"},\"primaryImageOfPage\":{\"@id\":\"https:\\\/\\\/impactocastex.com.ar\\\/?p=2821#primaryimage\"},\"image\":{\"@id\":\"https:\\\/\\\/impactocastex.com.ar\\\/?p=2821#primaryimage\"},\"thumbnailUrl\":\"https:\\\/\\\/impactocastex.com.ar\\\/wp-content\\\/uploads\\\/2025\\\/11\\\/f1280x720-248993_380668_5050.jpg\",\"datePublished\":\"2025-11-06T13:26:28+00:00\",\"dateModified\":\"2025-11-06T13:26:30+00:00\",\"breadcrumb\":{\"@id\":\"https:\\\/\\\/impactocastex.com.ar\\\/?p=2821#breadcrumb\"},\"inLanguage\":\"es\",\"potentialAction\":[{\"@type\":\"ReadAction\",\"target\":[\"https:\\\/\\\/impactocastex.com.ar\\\/?p=2821\"]}]},{\"@type\":\"ImageObject\",\"inLanguage\":\"es\",\"@id\":\"https:\\\/\\\/impactocastex.com.ar\\\/?p=2821#primaryimage\",\"url\":\"https:\\\/\\\/impactocastex.com.ar\\\/wp-content\\\/uploads\\\/2025\\\/11\\\/f1280x720-248993_380668_5050.jpg\",\"contentUrl\":\"https:\\\/\\\/impactocastex.com.ar\\\/wp-content\\\/uploads\\\/2025\\\/11\\\/f1280x720-248993_380668_5050.jpg\",\"width\":1280,\"height\":720},{\"@type\":\"BreadcrumbList\",\"@id\":\"https:\\\/\\\/impactocastex.com.ar\\\/?p=2821#breadcrumb\",\"itemListElement\":[{\"@type\":\"ListItem\",\"position\":1,\"name\":\"Portada\",\"item\":\"https:\\\/\\\/impactocastex.com.ar\\\/\"},{\"@type\":\"ListItem\",\"position\":2,\"name\":\"ANSES le pedir\u00e1 a Cristina Kirchner que devuelva unos $1000 millones por jubilaciones y pensiones que cobr\u00f3\"}]},{\"@type\":\"WebSite\",\"@id\":\"https:\\\/\\\/impactocastex.com.ar\\\/#website\",\"url\":\"https:\\\/\\\/impactocastex.com.ar\\\/\",\"name\":\"Impacto Castex\",\"description\":\"\",\"publisher\":{\"@id\":\"https:\\\/\\\/impactocastex.com.ar\\\/#organization\"},\"potentialAction\":[{\"@type\":\"SearchAction\",\"target\":{\"@type\":\"EntryPoint\",\"urlTemplate\":\"https:\\\/\\\/impactocastex.com.ar\\\/?s={search_term_string}\"},\"query-input\":{\"@type\":\"PropertyValueSpecification\",\"valueRequired\":true,\"valueName\":\"search_term_string\"}}],\"inLanguage\":\"es\"},{\"@type\":\"Organization\",\"@id\":\"https:\\\/\\\/impactocastex.com.ar\\\/#organization\",\"name\":\"Impacto Castex\",\"url\":\"https:\\\/\\\/impactocastex.com.ar\\\/\",\"logo\":{\"@type\":\"ImageObject\",\"inLanguage\":\"es\",\"@id\":\"https:\\\/\\\/impactocastex.com.ar\\\/#\\\/schema\\\/logo\\\/image\\\/\",\"url\":\"https:\\\/\\\/impactocastex.com.ar\\\/wp-content\\\/uploads\\\/2025\\\/09\\\/cropped-icoweb.png\",\"contentUrl\":\"https:\\\/\\\/impactocastex.com.ar\\\/wp-content\\\/uploads\\\/2025\\\/09\\\/cropped-icoweb.png\",\"width\":512,\"height\":512,\"caption\":\"Impacto Castex\"},\"image\":{\"@id\":\"https:\\\/\\\/impactocastex.com.ar\\\/#\\\/schema\\\/logo\\\/image\\\/\"},\"sameAs\":[\"https:\\\/\\\/www.facebook.com\\\/impactocastexdiario\",\"https:\\\/\\\/www.instagram.com\\\/impactocastex.com.ar\\\/\"]},{\"@type\":\"Person\",\"@id\":\"https:\\\/\\\/impactocastex.com.ar\\\/#\\\/schema\\\/person\\\/c115028fb60f9bf49ce7550894b84ea7\",\"name\":\"impactocastex\",\"image\":{\"@type\":\"ImageObject\",\"inLanguage\":\"es\",\"@id\":\"https:\\\/\\\/secure.gravatar.com\\\/avatar\\\/fee87e7af008f02e9becdc0b5a9fd4a2e79b3918a571edeacb62211704637833?s=96&d=mm&r=g\",\"url\":\"https:\\\/\\\/secure.gravatar.com\\\/avatar\\\/fee87e7af008f02e9becdc0b5a9fd4a2e79b3918a571edeacb62211704637833?s=96&d=mm&r=g\",\"contentUrl\":\"https:\\\/\\\/secure.gravatar.com\\\/avatar\\\/fee87e7af008f02e9becdc0b5a9fd4a2e79b3918a571edeacb62211704637833?s=96&d=mm&r=g\",\"caption\":\"impactocastex\"},\"sameAs\":[\"https:\\\/\\\/impactocastex.com.ar\\\/\"],\"url\":\"https:\\\/\\\/impactocastex.com.ar\\\/?author=2\"}]}<\/script>\n<!-- \/ Yoast SEO plugin. -->","yoast_head_json":{"title":"ANSES le pedir\u00e1 a Cristina Kirchner que devuelva unos $1000 millones por jubilaciones y pensiones que cobr\u00f3 -","robots":{"index":"index","follow":"follow","max-snippet":"max-snippet:-1","max-image-preview":"max-image-preview:large","max-video-preview":"max-video-preview:-1"},"canonical":"https:\/\/impactocastex.com.ar\/?p=2821","og_locale":"es_ES","og_type":"article","og_title":"ANSES le pedir\u00e1 a Cristina Kirchner que devuelva unos $1000 millones por jubilaciones y pensiones que cobr\u00f3 -","og_description":"La Administraci\u00f3n Nacional de la Seguridad Social (ANSES) avanzar\u00e1 con el pedido de que Cristina...","og_url":"https:\/\/impactocastex.com.ar\/?p=2821","article_publisher":"https:\/\/www.facebook.com\/impactocastexdiario","article_published_time":"2025-11-06T13:26:28+00:00","article_modified_time":"2025-11-06T13:26:30+00:00","og_image":[{"width":1280,"height":720,"url":"https:\/\/impactocastex.com.ar\/wp-content\/uploads\/2025\/11\/f1280x720-248993_380668_5050.jpg","type":"image\/jpeg"}],"author":"impactocastex","twitter_card":"summary_large_image","twitter_misc":{"Escrito por":"impactocastex","Tiempo de lectura":"3 minutos"},"schema":{"@context":"https:\/\/schema.org","@graph":[{"@type":"Article","@id":"https:\/\/impactocastex.com.ar\/?p=2821#article","isPartOf":{"@id":"https:\/\/impactocastex.com.ar\/?p=2821"},"author":{"name":"impactocastex","@id":"https:\/\/impactocastex.com.ar\/#\/schema\/person\/c115028fb60f9bf49ce7550894b84ea7"},"headline":"ANSES le pedir\u00e1 a Cristina Kirchner que devuelva unos $1000 millones por jubilaciones y pensiones que cobr\u00f3","datePublished":"2025-11-06T13:26:28+00:00","dateModified":"2025-11-06T13:26:30+00:00","mainEntityOfPage":{"@id":"https:\/\/impactocastex.com.ar\/?p=2821"},"wordCount":473,"publisher":{"@id":"https:\/\/impactocastex.com.ar\/#organization"},"image":{"@id":"https:\/\/impactocastex.com.ar\/?p=2821#primaryimage"},"thumbnailUrl":"https:\/\/impactocastex.com.ar\/wp-content\/uploads\/2025\/11\/f1280x720-248993_380668_5050.jpg","articleSection":["POLITICA"],"inLanguage":"es"},{"@type":"WebPage","@id":"https:\/\/impactocastex.com.ar\/?p=2821","url":"https:\/\/impactocastex.com.ar\/?p=2821","name":"ANSES le pedir\u00e1 a Cristina Kirchner que devuelva unos $1000 millones por jubilaciones y pensiones que cobr\u00f3 -","isPartOf":{"@id":"https:\/\/impactocastex.com.ar\/#website"},"primaryImageOfPage":{"@id":"https:\/\/impactocastex.com.ar\/?p=2821#primaryimage"},"image":{"@id":"https:\/\/impactocastex.com.ar\/?p=2821#primaryimage"},"thumbnailUrl":"https:\/\/impactocastex.com.ar\/wp-content\/uploads\/2025\/11\/f1280x720-248993_380668_5050.jpg","datePublished":"2025-11-06T13:26:28+00:00","dateModified":"2025-11-06T13:26:30+00:00","breadcrumb":{"@id":"https:\/\/impactocastex.com.ar\/?p=2821#breadcrumb"},"inLanguage":"es","potentialAction":[{"@type":"ReadAction","target":["https:\/\/impactocastex.com.ar\/?p=2821"]}]},{"@type":"ImageObject","inLanguage":"es","@id":"https:\/\/impactocastex.com.ar\/?p=2821#primaryimage","url":"https:\/\/impactocastex.com.ar\/wp-content\/uploads\/2025\/11\/f1280x720-248993_380668_5050.jpg","contentUrl":"https:\/\/impactocastex.com.ar\/wp-content\/uploads\/2025\/11\/f1280x720-248993_380668_5050.jpg","width":1280,"height":720},{"@type":"BreadcrumbList","@id":"https:\/\/impactocastex.com.ar\/?p=2821#breadcrumb","itemListElement":[{"@type":"ListItem","position":1,"name":"Portada","item":"https:\/\/impactocastex.com.ar\/"},{"@type":"ListItem","position":2,"name":"ANSES le pedir\u00e1 a Cristina Kirchner que devuelva unos $1000 millones por jubilaciones y pensiones que cobr\u00f3"}]},{"@type":"WebSite","@id":"https:\/\/impactocastex.com.ar\/#website","url":"https:\/\/impactocastex.com.ar\/","name":"Impacto Castex","description":"","publisher":{"@id":"https:\/\/impactocastex.com.ar\/#organization"},"potentialAction":[{"@type":"SearchAction","target":{"@type":"EntryPoint","urlTemplate":"https:\/\/impactocastex.com.ar\/?s={search_term_string}"},"query-input":{"@type":"PropertyValueSpecification","valueRequired":true,"valueName":"search_term_string"}}],"inLanguage":"es"},{"@type":"Organization","@id":"https:\/\/impactocastex.com.ar\/#organization","name":"Impacto Castex","url":"https:\/\/impactocastex.com.ar\/","logo":{"@type":"ImageObject","inLanguage":"es","@id":"https:\/\/impactocastex.com.ar\/#\/schema\/logo\/image\/","url":"https:\/\/impactocastex.com.ar\/wp-content\/uploads\/2025\/09\/cropped-icoweb.png","contentUrl":"https:\/\/impactocastex.com.ar\/wp-content\/uploads\/2025\/09\/cropped-icoweb.png","width":512,"height":512,"caption":"Impacto Castex"},"image":{"@id":"https:\/\/impactocastex.com.ar\/#\/schema\/logo\/image\/"},"sameAs":["https:\/\/www.facebook.com\/impactocastexdiario","https:\/\/www.instagram.com\/impactocastex.com.ar\/"]},{"@type":"Person","@id":"https:\/\/impactocastex.com.ar\/#\/schema\/person\/c115028fb60f9bf49ce7550894b84ea7","name":"impactocastex","image":{"@type":"ImageObject","inLanguage":"es","@id":"https:\/\/secure.gravatar.com\/avatar\/fee87e7af008f02e9becdc0b5a9fd4a2e79b3918a571edeacb62211704637833?s=96&d=mm&r=g","url":"https:\/\/secure.gravatar.com\/avatar\/fee87e7af008f02e9becdc0b5a9fd4a2e79b3918a571edeacb62211704637833?s=96&d=mm&r=g","contentUrl":"https:\/\/secure.gravatar.com\/avatar\/fee87e7af008f02e9becdc0b5a9fd4a2e79b3918a571edeacb62211704637833?s=96&d=mm&r=g","caption":"impactocastex"},"sameAs":["https:\/\/impactocastex.com.ar\/"],"url":"https:\/\/impactocastex.com.ar\/?author=2"}]}},"jetpack_publicize_connections":[],"featured_image_urls":{"full":["https:\/\/impactocastex.com.ar\/wp-content\/uploads\/2025\/11\/f1280x720-248993_380668_5050.jpg",1280,720,false],"thumbnail":["https:\/\/impactocastex.com.ar\/wp-content\/uploads\/2025\/11\/f1280x720-248993_380668_5050-150x150.jpg",150,150,true],"medium":["https:\/\/impactocastex.com.ar\/wp-content\/uploads\/2025\/11\/f1280x720-248993_380668_5050-300x169.jpg",300,169,true],"medium_large":["https:\/\/impactocastex.com.ar\/wp-content\/uploads\/2025\/11\/f1280x720-248993_380668_5050-768x432.jpg",640,360,true],"large":["https:\/\/impactocastex.com.ar\/wp-content\/uploads\/2025\/11\/f1280x720-248993_380668_5050-1024x576.jpg",640,360,true],"1536x1536":["https:\/\/impactocastex.com.ar\/wp-content\/uploads\/2025\/11\/f1280x720-248993_380668_5050.jpg",1280,720,false],"2048x2048":["https:\/\/impactocastex.com.ar\/wp-content\/uploads\/2025\/11\/f1280x720-248993_380668_5050.jpg",1280,720,false],"newsever-slider-full":["https:\/\/impactocastex.com.ar\/wp-content\/uploads\/2025\/11\/f1280x720-248993_380668_5050.jpg",1280,720,false],"newsever-featured":["https:\/\/impactocastex.com.ar\/wp-content\/uploads\/2025\/11\/f1280x720-248993_380668_5050-1024x576.jpg",1024,576,true],"newsever-medium":["https:\/\/impactocastex.com.ar\/wp-content\/uploads\/2025\/11\/f1280x720-248993_380668_5050-720x475.jpg",720,475,true]},"author_info":{"info":["impactocastex"]},"category_info":"<a href=\"https:\/\/impactocastex.com.ar\/?cat=122\" rel=\"category\">POLITICA<\/a>","tag_info":"POLITICA","comment_count":0,"jetpack_featured_media_url":"https:\/\/impactocastex.com.ar\/wp-content\/uploads\/2025\/11\/f1280x720-248993_380668_5050.jpg","jetpack_sharing_enabled":true,"jetpack_likes_enabled":true,"jetpack_shortlink":"https:\/\/wp.me\/p7sopA-Jv","_links":{"self":[{"href":"https:\/\/impactocastex.com.ar\/index.php?rest_route=\/wp\/v2\/posts\/2821","targetHints":{"allow":["GET"]}}],"collection":[{"href":"https:\/\/impactocastex.com.ar\/index.php?rest_route=\/wp\/v2\/posts"}],"about":[{"href":"https:\/\/impactocastex.com.ar\/index.php?rest_route=\/wp\/v2\/types\/post"}],"author":[{"embeddable":true,"href":"https:\/\/impactocastex.com.ar\/index.php?rest_route=\/wp\/v2\/users\/2"}],"replies":[{"embeddable":true,"href":"https:\/\/impactocastex.com.ar\/index.php?rest_route=%2Fwp%2Fv2%2Fcomments&post=2821"}],"version-history":[{"count":1,"href":"https:\/\/impactocastex.com.ar\/index.php?rest_route=\/wp\/v2\/posts\/2821\/revisions"}],"predecessor-version":[{"id":2823,"href":"https:\/\/impactocastex.com.ar\/index.php?rest_route=\/wp\/v2\/posts\/2821\/revisions\/2823"}],"wp:featuredmedia":[{"embeddable":true,"href":"https:\/\/impactocastex.com.ar\/index.php?rest_route=\/wp\/v2\/media\/2822"}],"wp:attachment":[{"href":"https:\/\/impactocastex.com.ar\/index.php?rest_route=%2Fwp%2Fv2%2Fmedia&parent=2821"}],"wp:term":[{"taxonomy":"category","embeddable":true,"href":"https:\/\/impactocastex.com.ar\/index.php?rest_route=%2Fwp%2Fv2%2Fcategories&post=2821"},{"taxonomy":"post_tag","embeddable":true,"href":"https:\/\/impactocastex.com.ar\/index.php?rest_route=%2Fwp%2Fv2%2Ftags&post=2821"}],"curies":[{"name":"wp","href":"https:\/\/api.w.org\/{rel}","templated":true}]}}