{"id":2810,"date":"2025-11-06T10:11:17","date_gmt":"2025-11-06T13:11:17","guid":{"rendered":"https:\/\/impactocastex.com.ar\/?p=2810"},"modified":"2025-11-06T10:11:21","modified_gmt":"2025-11-06T13:11:21","slug":"el-mes-de-la-tradicion-y-mucho-mas-en-la-agenda-cultural-pampeana","status":"publish","type":"post","link":"https:\/\/impactocastex.com.ar\/?p=2810","title":{"rendered":"El Mes de la Tradici\u00f3n y mucho m\u00e1s en la agenda cultural pampeana"},"content":{"rendered":"\n<p>Fiestas de la tradici\u00f3n, aniversarios y encuentros populares (8 al 10 de noviembre).&nbsp;La Provincia concentra una gran cantidad de eventos gauchescos, desfiles y pe\u00f1as en coincidencia con el D\u00eda de la Tradici\u00f3n (10 de noviembre).<\/p>\n\n\n\n<p><strong>Lonquimay<\/strong><br>3\u00b0 Fiesta Provincial de la Tradici\u00f3n y el Desfile Gaucho<br>S\u00e1bado 8 y Domingo 9<br>S\u00e1bado 8: Feria de artesanos, Campeonato de la Torta Frita, Desfile Gaucho, Gran festival musical con Campedrinos y Sele Vera y Los Pampas.<\/p>\n\n\n\n<p><strong>Alpachiri<\/strong><br>3\u00b0 Fiesta de la Tradici\u00f3n<br>S\u00e1bado 8 y Domingo 9<br>S\u00e1bado 8: Desfile tradicionalista, Pe\u00f1a Folcl\u00f3rica con Jos\u00e9 Soifer y Valle Pampa, cierre bailable.<\/p>\n\n\n\n<p><strong>Quehu\u00e9<\/strong><br>129\u00b0 aniversario de la localidad<br>S\u00e1bado 8, 21:00 hs.<br>Cena y Baile de aniversario con la actuaci\u00f3n musical de Yony Gigena y show de tango con Carlos G\u00f3mez.<\/p>\n\n\n\n<p><strong>Santa Isabel<\/strong><br>3\u00b0 edici\u00f3n Santa Isabel Baila<br>S\u00e1bado 8, 09:00 hs.<br>M\u00e1s de 40 presentaciones de diversos estilos de danza (tango, folclore, contempor\u00e1neo) con premios en efectivo.<\/p>\n\n\n\n<p>https:\/\/googleads.g.doubleclick.net\/pagead\/ads?client=ca-pub-8462277473027869&#038;output=html&#038;h=280&#038;slotname=2416895182&#038;adk=2864202805&#038;adf=1888831235&#038;pi=t.ma~as.2416895182&#038;w=780&#038;fwrn=4&#038;fwrnh=100&#038;lmt=1762434470&#038;rafmt=1&#038;format=780&#215;280&#038;url=https%3A%2F%2Fdiariotextual.com%2Finicio%2Findex.php%2F2025%2F11%2F05%2Fel-mes-de-la-tradicion-y-mucho-mas-en-la-agenda-cultural-pampeana%2F&#038;fwr=0&#038;rpe=1&#038;resp_fmts=3&#038;wgl=1&#038;aieuf=1&#038;aicrs=1&#038;uach=WyJXaW5kb3dzIiwiMTAuMC4wIiwieDg2IiwiIiwiMTQxLjAuNzM5MC4xMjMiLG51bGwsMCxudWxsLCI2NCIsW1siR29vZ2xlIENocm9tZSIsIjE0MS4wLjczOTAuMTIzIl0sWyJOb3Q_QV9CcmFuZCIsIjguMC4wLjAiXSxbIkNocm9taXVtIiwiMTQxLjAuNzM5MC4xMjMiXV0sMV0.&#038;abgtt=6&#038;dt=1762434470125&#038;bpp=2&#038;bdt=579&#038;idt=310&#038;shv=r20251104&#038;mjsv=m202511030101&#038;ptt=9&#038;saldr=aa&#038;abxe=1&#038;cookie=ID%3D288f1dadbd21a5bf%3AT%3D1757958635%3ART%3D1762434224%3AS%3DALNI_MaBzPVV67I1vy3dqT9hAw5QPIS9NA&#038;gpic=UID%3D0000128c6ef536c4%3AT%3D1757958635%3ART%3D1762434224%3AS%3DALNI_MaIbL1NHOJct0oILRlUx62S-I4cTg&#038;eo_id_str=ID%3Dbff132625c395650%3AT%3D1757958635%3ART%3D1762434224%3AS%3DAA-AfjYTIF3q77-8wKvMbwz8jh9q&#038;prev_fmts=0x0&#038;nras=1&#038;correlator=3005174848297&#038;frm=20&#038;pv=1&#038;u_tz=-180&#038;u_his=4&#038;u_h=768&#038;u_w=1366&#038;u_ah=738&#038;u_aw=1366&#038;u_cd=24&#038;u_sd=1&#038;dmc=2&#038;adx=91&#038;ady=2441&#038;biw=1351&#038;bih=617&#038;scr_x=0&#038;scr_y=0&#038;eid=31095608%2C95376582%2C95376835%2C95376119&#038;oid=2&#038;pvsid=5488839495866388&#038;tmod=1484659179&#038;uas=0&#038;nvt=1&#038;ref=https%3A%2F%2Fdiariotextual.com%2Finicio%2F&#038;fc=1920&#038;brdim=0%2C0%2C0%2C0%2C1366%2C0%2C1366%2C738%2C1366%2C617&#038;vis=1&#038;rsz=%7C%7CoEebr%7C&#038;abl=CS&#038;pfx=0&#038;fu=128&#038;bc=31&#038;bz=1&#038;td=1&#038;tdf=2&#038;psd=W251bGwsbnVsbCwibGFiZWxfb25seV8yIiwxXQ..&#038;nt=1&#038;pgls=CAEaBTYuOC4z~CAEQBBoHMS4xNjUuMA..~CAEQBRoGMy4zMi41&#038;ifi=2&#038;uci=a!2&#038;btvi=1&#038;fsb=1&#038;dtd=327<\/p>\n\n\n\n<p><strong>Realic\u00f3<\/strong><br>5\u00b0 Fiesta Provincial PicNic del Reencuentro<br>Domingo 9, 08:00 hs.<br>Concurso de asadores de corderos a la estaca, destrezas criollas, juegos tradicionales y show de La Reservada.<\/p>\n\n\n\n<p><strong>Miguel Riglos<\/strong><br>D\u00eda de la Tradici\u00f3n<br>Lunes 10, 18:00 hs.<br>Presentaci\u00f3n de una \u00abIntervenci\u00f3n art\u00edstica con botellas\u00bb, mateada, tortas fritas, m\u00fasica y danzas folcl\u00f3ricas.<\/p>\n\n\n\n<p><strong>Santa Rosa y Toay<\/strong><br>La capital provincial y sus alrededores ofrecen una variada agenda cultural en sus principales espacios. Centro Cultural MEDASUR (Santa Rosa). Av. Belgrano Sur&nbsp;180<\/p>\n\n\n\n<ul class=\"wp-block-list\">\n<li>Domingo 9 (20:30 hs.): Pulpiverso 2025. Espect\u00e1culo interdisciplinario que fusiona la m\u00fasica de Pulpi Herrero con clowns, actores, standuperos, invitados especiales y material audiovisual que incorpora la Inteligencia Artificial (IA) y el humor. Arancelado.<\/li>\n\n\n\n<li>Hasta el 7 de noviembre: Cierre de las muestras art\u00edsticas:\n<ul class=\"wp-block-list\">\n<li>\u201cEx Libris. S\u00edmbolo de Identidad\u00bb\u00a0de Julieta Warman (Grabado).<\/li>\n\n\n\n<li>\u201cUn Pueblo Invisible\u201d de Carlos Giusti\u00a0(Dibujo\/Muralismo con compromiso social).<\/li>\n<\/ul>\n<\/li>\n<\/ul>\n\n\n\n<p>D\u00edas y horarios: Lunes a viernes de 8 a 13. S\u00e1bado y Domingo, de 16 a 18. Acceso libre y gratuito.&nbsp;<strong>Museos provinciales (Santa Rosa)<\/strong><\/p>\n\n\n\n<ul class=\"wp-block-list\">\n<li>Museo Provincial de Artes (MPArtes):\u00a0Contin\u00faa el Sal\u00f3n de Escultura 2025 (hasta el 7 de diciembre).\u00a0D\u00edas y horarios:\u00a0De lunes a viernes de 8 a 13 y de 14 a 19hs.\u00a0S\u00e1bados\u00a0de 18 a 20 hs.\u00a0 9 de Julio y\u00a0Villegas.\u00a0Entrada libre y gratuita. Para visitas de colegios se requiere coordinaci\u00f3n previa a trav\u00e9s del correo electr\u00f3nico\u00a0<a href=\"mailto:museoverde@lapampa.gob.ar\" target=\"_blank\" rel=\"noreferrer noopener\">museoverde@lapampa.gob.ar<\/a>\u00a0o al tel\u00e9fono 02954 42 7332.<\/li>\n\n\n\n<li>Museo Provincial de Historia Natural (MPHN). Quintana 116.\n<ul class=\"wp-block-list\">\n<li>Jueves 6 (18:00 hs.):\u00a0Apertura de la muestra temporal \u201cLas colecciones\u201d (90\u00b0 Aniversario) y conversatorio sobre \u00abLa Gran Transformaci\u00f3n y sus consecuencias ambientales\u00bb.<\/li>\n<\/ul>\n<\/li>\n<\/ul>\n\n\n\n<p><strong>Otros destacados<\/strong><\/p>\n\n\n\n<ul class=\"wp-block-list\">\n<li>Teatro Espa\u00f1ol (Santa Rosa \u2013 Jueves 6, 21:00 hs.): Homenaje a Roberto Yacomuzzi\u00a0en el Ciclo \u201cLa canci\u00f3n pampeana y los nuestros\u201d, a cargo del Coral M\u00e9danos y Luna. Este Coral dirigido por Alberto Carpio, rinde tributo al emblem\u00e1tico m\u00fasico y compositor pampeano Roberto Yacomuzzi, autor de la reconocida \u00abHuella de ida y vuelta\u00bb.<\/li>\n\n\n\n<li>Club Argentino (Santa Rosa \u2013 S\u00e1bado 8, 18:00 hs.): \u00abLa Pampa baila en Santa Rosa con Sentimiento\u00bb.\u00a0Primer Encuentro Provincial Infanto-Juvenil de Danzas Folkl\u00f3ricas, organizado por el Grupo Sentimiento. Re\u00fane a j\u00f3venes de toda la provincia para compartir y mantener vivas las tradiciones a trav\u00e9s del baile.\u00a0<\/li>\n\n\n\n<li>Casa Museo Olga Orozco (Toay \u2013 Domingo 9, 18:30 hs.): Inauguraci\u00f3n de la muestra fotogr\u00e1fica \u00abQuietud al tiempo\u201d\u00a0de Constanza Peyran.\u00a0D\u00edas y horarios:\u00a0De lunes a viernes de 9 a 17 hs. S\u00e1bado y domingo de 17 a 20 hs. Av. Reg. 13 de Caballer\u00eda 1102.\u00a0Acceso libre y gratuito.<\/li>\n\n\n\n<li>Centro de Artes (Santa Rosa): La muestra instalaci\u00f3n \u201cOslo 1966\u201d de Leonardo Garc\u00eda Ari\u00f1o,\u00a0inspirada en un concierto de jazz de Bill Evans, contin\u00faa abierta al p\u00fablico (hasta el 26 de noviembre).\u00a0Visitas:\u00a0Con entrada libre y gratuita, la muestra permanecer\u00e1\u00a0hasta el 26 de noviembre. Leguizam\u00f3n 1125.\u00a0Puede visitarse de lunes a viernes\u00a0de 8:30 a 12:30 hs. Martes y jueves de 15 a 18 hs. Para coordinar\u00a0recorridos guiados y\/o mediaciones eventuales, comunicarse con la\u00a0Direcci\u00f3n Provincial de Art\u00edstica\u00a0al tel\u00e9fono fijo\u00a002954 70 3345 \u2013 Interno 4792\u00a0o a trav\u00e9s del correo electr\u00f3nico\u00a0<a href=\"mailto:direcciondeartistica@gmail.com\" target=\"_blank\" rel=\"noreferrer noopener\">direcciondeartistica@gmail.com<\/a><\/li>\n<\/ul>\n\n\n\n<p>diariotextual.<\/p>\n","protected":false},"excerpt":{"rendered":"<p>Fiestas de la tradici\u00f3n, aniversarios y encuentros populares (8 al 10 de noviembre).&nbsp;La Provincia concentra&#8230;<\/p>\n","protected":false},"author":2,"featured_media":2811,"comment_status":"closed","ping_status":"closed","sticky":false,"template":"","format":"standard","meta":{"_jetpack_memberships_contains_paid_content":false,"footnotes":"","jetpack_publicize_message":"El Mes de la Tradici\u00f3n y mucho m\u00e1s en la agenda cultural pampeana","jetpack_publicize_feature_enabled":true,"jetpack_social_post_already_shared":false,"jetpack_social_options":{"image_generator_settings":{"template":"highway","default_image_id":0,"font":"","enabled":false},"version":2}},"categories":[83],"tags":[],"class_list":["post-2810","post","type-post","status-publish","format-standard","has-post-thumbnail","hentry","category-la-pampa"],"yoast_head":"<!-- This site is optimized with the Yoast SEO plugin v27.4 - https:\/\/yoast.com\/product\/yoast-seo-wordpress\/ -->\n<title>El Mes de la Tradici\u00f3n y mucho m\u00e1s en la agenda cultural pampeana -<\/title>\n<meta name=\"robots\" content=\"index, follow, max-snippet:-1, max-image-preview:large, max-video-preview:-1\" \/>\n<link rel=\"canonical\" href=\"https:\/\/impactocastex.com.ar\/?p=2810\" \/>\n<meta property=\"og:locale\" content=\"es_ES\" \/>\n<meta property=\"og:type\" content=\"article\" \/>\n<meta property=\"og:title\" content=\"El Mes de la Tradici\u00f3n y mucho m\u00e1s en la agenda cultural pampeana -\" \/>\n<meta property=\"og:description\" content=\"Fiestas de la tradici\u00f3n, aniversarios y encuentros populares (8 al 10 de noviembre).&nbsp;La Provincia concentra...\" \/>\n<meta property=\"og:url\" content=\"https:\/\/impactocastex.com.ar\/?p=2810\" \/>\n<meta property=\"article:publisher\" content=\"https:\/\/www.facebook.com\/impactocastexdiario\" \/>\n<meta property=\"article:published_time\" content=\"2025-11-06T13:11:17+00:00\" \/>\n<meta property=\"article:modified_time\" content=\"2025-11-06T13:11:21+00:00\" \/>\n<meta property=\"og:image\" content=\"https:\/\/impactocastex.com.ar\/wp-content\/uploads\/2025\/11\/tradiciondesfilegaucholonquimay2024.jpg\" \/>\n\t<meta property=\"og:image:width\" content=\"1000\" \/>\n\t<meta property=\"og:image:height\" content=\"667\" \/>\n\t<meta property=\"og:image:type\" content=\"image\/jpeg\" \/>\n<meta name=\"author\" content=\"impactocastex\" \/>\n<meta name=\"twitter:card\" content=\"summary_large_image\" \/>\n<meta name=\"twitter:label1\" content=\"Escrito por\" \/>\n\t<meta name=\"twitter:data1\" content=\"impactocastex\" \/>\n\t<meta name=\"twitter:label2\" content=\"Tiempo de lectura\" \/>\n\t<meta name=\"twitter:data2\" content=\"4 minutos\" \/>\n<script type=\"application\/ld+json\" class=\"yoast-schema-graph\">{\"@context\":\"https:\\\/\\\/schema.org\",\"@graph\":[{\"@type\":\"Article\",\"@id\":\"https:\\\/\\\/impactocastex.com.ar\\\/?p=2810#article\",\"isPartOf\":{\"@id\":\"https:\\\/\\\/impactocastex.com.ar\\\/?p=2810\"},\"author\":{\"name\":\"impactocastex\",\"@id\":\"https:\\\/\\\/impactocastex.com.ar\\\/#\\\/schema\\\/person\\\/c115028fb60f9bf49ce7550894b84ea7\"},\"headline\":\"El Mes de la Tradici\u00f3n y mucho m\u00e1s en la agenda cultural pampeana\",\"datePublished\":\"2025-11-06T13:11:17+00:00\",\"dateModified\":\"2025-11-06T13:11:21+00:00\",\"mainEntityOfPage\":{\"@id\":\"https:\\\/\\\/impactocastex.com.ar\\\/?p=2810\"},\"wordCount\":996,\"publisher\":{\"@id\":\"https:\\\/\\\/impactocastex.com.ar\\\/#organization\"},\"image\":{\"@id\":\"https:\\\/\\\/impactocastex.com.ar\\\/?p=2810#primaryimage\"},\"thumbnailUrl\":\"https:\\\/\\\/impactocastex.com.ar\\\/wp-content\\\/uploads\\\/2025\\\/11\\\/tradiciondesfilegaucholonquimay2024.jpg\",\"articleSection\":[\"LA PAMPA\"],\"inLanguage\":\"es\"},{\"@type\":\"WebPage\",\"@id\":\"https:\\\/\\\/impactocastex.com.ar\\\/?p=2810\",\"url\":\"https:\\\/\\\/impactocastex.com.ar\\\/?p=2810\",\"name\":\"El Mes de la Tradici\u00f3n y mucho m\u00e1s en la agenda cultural pampeana -\",\"isPartOf\":{\"@id\":\"https:\\\/\\\/impactocastex.com.ar\\\/#website\"},\"primaryImageOfPage\":{\"@id\":\"https:\\\/\\\/impactocastex.com.ar\\\/?p=2810#primaryimage\"},\"image\":{\"@id\":\"https:\\\/\\\/impactocastex.com.ar\\\/?p=2810#primaryimage\"},\"thumbnailUrl\":\"https:\\\/\\\/impactocastex.com.ar\\\/wp-content\\\/uploads\\\/2025\\\/11\\\/tradiciondesfilegaucholonquimay2024.jpg\",\"datePublished\":\"2025-11-06T13:11:17+00:00\",\"dateModified\":\"2025-11-06T13:11:21+00:00\",\"breadcrumb\":{\"@id\":\"https:\\\/\\\/impactocastex.com.ar\\\/?p=2810#breadcrumb\"},\"inLanguage\":\"es\",\"potentialAction\":[{\"@type\":\"ReadAction\",\"target\":[\"https:\\\/\\\/impactocastex.com.ar\\\/?p=2810\"]}]},{\"@type\":\"ImageObject\",\"inLanguage\":\"es\",\"@id\":\"https:\\\/\\\/impactocastex.com.ar\\\/?p=2810#primaryimage\",\"url\":\"https:\\\/\\\/impactocastex.com.ar\\\/wp-content\\\/uploads\\\/2025\\\/11\\\/tradiciondesfilegaucholonquimay2024.jpg\",\"contentUrl\":\"https:\\\/\\\/impactocastex.com.ar\\\/wp-content\\\/uploads\\\/2025\\\/11\\\/tradiciondesfilegaucholonquimay2024.jpg\",\"width\":1000,\"height\":667},{\"@type\":\"BreadcrumbList\",\"@id\":\"https:\\\/\\\/impactocastex.com.ar\\\/?p=2810#breadcrumb\",\"itemListElement\":[{\"@type\":\"ListItem\",\"position\":1,\"name\":\"Portada\",\"item\":\"https:\\\/\\\/impactocastex.com.ar\\\/\"},{\"@type\":\"ListItem\",\"position\":2,\"name\":\"El Mes de la Tradici\u00f3n y mucho m\u00e1s en la agenda cultural pampeana\"}]},{\"@type\":\"WebSite\",\"@id\":\"https:\\\/\\\/impactocastex.com.ar\\\/#website\",\"url\":\"https:\\\/\\\/impactocastex.com.ar\\\/\",\"name\":\"Impacto Castex\",\"description\":\"\",\"publisher\":{\"@id\":\"https:\\\/\\\/impactocastex.com.ar\\\/#organization\"},\"potentialAction\":[{\"@type\":\"SearchAction\",\"target\":{\"@type\":\"EntryPoint\",\"urlTemplate\":\"https:\\\/\\\/impactocastex.com.ar\\\/?s={search_term_string}\"},\"query-input\":{\"@type\":\"PropertyValueSpecification\",\"valueRequired\":true,\"valueName\":\"search_term_string\"}}],\"inLanguage\":\"es\"},{\"@type\":\"Organization\",\"@id\":\"https:\\\/\\\/impactocastex.com.ar\\\/#organization\",\"name\":\"Impacto Castex\",\"url\":\"https:\\\/\\\/impactocastex.com.ar\\\/\",\"logo\":{\"@type\":\"ImageObject\",\"inLanguage\":\"es\",\"@id\":\"https:\\\/\\\/impactocastex.com.ar\\\/#\\\/schema\\\/logo\\\/image\\\/\",\"url\":\"https:\\\/\\\/impactocastex.com.ar\\\/wp-content\\\/uploads\\\/2025\\\/09\\\/cropped-icoweb.png\",\"contentUrl\":\"https:\\\/\\\/impactocastex.com.ar\\\/wp-content\\\/uploads\\\/2025\\\/09\\\/cropped-icoweb.png\",\"width\":512,\"height\":512,\"caption\":\"Impacto Castex\"},\"image\":{\"@id\":\"https:\\\/\\\/impactocastex.com.ar\\\/#\\\/schema\\\/logo\\\/image\\\/\"},\"sameAs\":[\"https:\\\/\\\/www.facebook.com\\\/impactocastexdiario\",\"https:\\\/\\\/www.instagram.com\\\/impactocastex.com.ar\\\/\"]},{\"@type\":\"Person\",\"@id\":\"https:\\\/\\\/impactocastex.com.ar\\\/#\\\/schema\\\/person\\\/c115028fb60f9bf49ce7550894b84ea7\",\"name\":\"impactocastex\",\"image\":{\"@type\":\"ImageObject\",\"inLanguage\":\"es\",\"@id\":\"https:\\\/\\\/secure.gravatar.com\\\/avatar\\\/fee87e7af008f02e9becdc0b5a9fd4a2e79b3918a571edeacb62211704637833?s=96&d=mm&r=g\",\"url\":\"https:\\\/\\\/secure.gravatar.com\\\/avatar\\\/fee87e7af008f02e9becdc0b5a9fd4a2e79b3918a571edeacb62211704637833?s=96&d=mm&r=g\",\"contentUrl\":\"https:\\\/\\\/secure.gravatar.com\\\/avatar\\\/fee87e7af008f02e9becdc0b5a9fd4a2e79b3918a571edeacb62211704637833?s=96&d=mm&r=g\",\"caption\":\"impactocastex\"},\"sameAs\":[\"https:\\\/\\\/impactocastex.com.ar\\\/\"],\"url\":\"https:\\\/\\\/impactocastex.com.ar\\\/?author=2\"}]}<\/script>\n<!-- \/ Yoast SEO plugin. -->","yoast_head_json":{"title":"El Mes de la Tradici\u00f3n y mucho m\u00e1s en la agenda cultural pampeana -","robots":{"index":"index","follow":"follow","max-snippet":"max-snippet:-1","max-image-preview":"max-image-preview:large","max-video-preview":"max-video-preview:-1"},"canonical":"https:\/\/impactocastex.com.ar\/?p=2810","og_locale":"es_ES","og_type":"article","og_title":"El Mes de la Tradici\u00f3n y mucho m\u00e1s en la agenda cultural pampeana -","og_description":"Fiestas de la tradici\u00f3n, aniversarios y encuentros populares (8 al 10 de noviembre).&nbsp;La Provincia concentra...","og_url":"https:\/\/impactocastex.com.ar\/?p=2810","article_publisher":"https:\/\/www.facebook.com\/impactocastexdiario","article_published_time":"2025-11-06T13:11:17+00:00","article_modified_time":"2025-11-06T13:11:21+00:00","og_image":[{"width":1000,"height":667,"url":"https:\/\/impactocastex.com.ar\/wp-content\/uploads\/2025\/11\/tradiciondesfilegaucholonquimay2024.jpg","type":"image\/jpeg"}],"author":"impactocastex","twitter_card":"summary_large_image","twitter_misc":{"Escrito por":"impactocastex","Tiempo de lectura":"4 minutos"},"schema":{"@context":"https:\/\/schema.org","@graph":[{"@type":"Article","@id":"https:\/\/impactocastex.com.ar\/?p=2810#article","isPartOf":{"@id":"https:\/\/impactocastex.com.ar\/?p=2810"},"author":{"name":"impactocastex","@id":"https:\/\/impactocastex.com.ar\/#\/schema\/person\/c115028fb60f9bf49ce7550894b84ea7"},"headline":"El Mes de la Tradici\u00f3n y mucho m\u00e1s en la agenda cultural pampeana","datePublished":"2025-11-06T13:11:17+00:00","dateModified":"2025-11-06T13:11:21+00:00","mainEntityOfPage":{"@id":"https:\/\/impactocastex.com.ar\/?p=2810"},"wordCount":996,"publisher":{"@id":"https:\/\/impactocastex.com.ar\/#organization"},"image":{"@id":"https:\/\/impactocastex.com.ar\/?p=2810#primaryimage"},"thumbnailUrl":"https:\/\/impactocastex.com.ar\/wp-content\/uploads\/2025\/11\/tradiciondesfilegaucholonquimay2024.jpg","articleSection":["LA PAMPA"],"inLanguage":"es"},{"@type":"WebPage","@id":"https:\/\/impactocastex.com.ar\/?p=2810","url":"https:\/\/impactocastex.com.ar\/?p=2810","name":"El Mes de la Tradici\u00f3n y mucho m\u00e1s en la agenda cultural pampeana -","isPartOf":{"@id":"https:\/\/impactocastex.com.ar\/#website"},"primaryImageOfPage":{"@id":"https:\/\/impactocastex.com.ar\/?p=2810#primaryimage"},"image":{"@id":"https:\/\/impactocastex.com.ar\/?p=2810#primaryimage"},"thumbnailUrl":"https:\/\/impactocastex.com.ar\/wp-content\/uploads\/2025\/11\/tradiciondesfilegaucholonquimay2024.jpg","datePublished":"2025-11-06T13:11:17+00:00","dateModified":"2025-11-06T13:11:21+00:00","breadcrumb":{"@id":"https:\/\/impactocastex.com.ar\/?p=2810#breadcrumb"},"inLanguage":"es","potentialAction":[{"@type":"ReadAction","target":["https:\/\/impactocastex.com.ar\/?p=2810"]}]},{"@type":"ImageObject","inLanguage":"es","@id":"https:\/\/impactocastex.com.ar\/?p=2810#primaryimage","url":"https:\/\/impactocastex.com.ar\/wp-content\/uploads\/2025\/11\/tradiciondesfilegaucholonquimay2024.jpg","contentUrl":"https:\/\/impactocastex.com.ar\/wp-content\/uploads\/2025\/11\/tradiciondesfilegaucholonquimay2024.jpg","width":1000,"height":667},{"@type":"BreadcrumbList","@id":"https:\/\/impactocastex.com.ar\/?p=2810#breadcrumb","itemListElement":[{"@type":"ListItem","position":1,"name":"Portada","item":"https:\/\/impactocastex.com.ar\/"},{"@type":"ListItem","position":2,"name":"El Mes de la Tradici\u00f3n y mucho m\u00e1s en la agenda cultural pampeana"}]},{"@type":"WebSite","@id":"https:\/\/impactocastex.com.ar\/#website","url":"https:\/\/impactocastex.com.ar\/","name":"Impacto Castex","description":"","publisher":{"@id":"https:\/\/impactocastex.com.ar\/#organization"},"potentialAction":[{"@type":"SearchAction","target":{"@type":"EntryPoint","urlTemplate":"https:\/\/impactocastex.com.ar\/?s={search_term_string}"},"query-input":{"@type":"PropertyValueSpecification","valueRequired":true,"valueName":"search_term_string"}}],"inLanguage":"es"},{"@type":"Organization","@id":"https:\/\/impactocastex.com.ar\/#organization","name":"Impacto Castex","url":"https:\/\/impactocastex.com.ar\/","logo":{"@type":"ImageObject","inLanguage":"es","@id":"https:\/\/impactocastex.com.ar\/#\/schema\/logo\/image\/","url":"https:\/\/impactocastex.com.ar\/wp-content\/uploads\/2025\/09\/cropped-icoweb.png","contentUrl":"https:\/\/impactocastex.com.ar\/wp-content\/uploads\/2025\/09\/cropped-icoweb.png","width":512,"height":512,"caption":"Impacto Castex"},"image":{"@id":"https:\/\/impactocastex.com.ar\/#\/schema\/logo\/image\/"},"sameAs":["https:\/\/www.facebook.com\/impactocastexdiario","https:\/\/www.instagram.com\/impactocastex.com.ar\/"]},{"@type":"Person","@id":"https:\/\/impactocastex.com.ar\/#\/schema\/person\/c115028fb60f9bf49ce7550894b84ea7","name":"impactocastex","image":{"@type":"ImageObject","inLanguage":"es","@id":"https:\/\/secure.gravatar.com\/avatar\/fee87e7af008f02e9becdc0b5a9fd4a2e79b3918a571edeacb62211704637833?s=96&d=mm&r=g","url":"https:\/\/secure.gravatar.com\/avatar\/fee87e7af008f02e9becdc0b5a9fd4a2e79b3918a571edeacb62211704637833?s=96&d=mm&r=g","contentUrl":"https:\/\/secure.gravatar.com\/avatar\/fee87e7af008f02e9becdc0b5a9fd4a2e79b3918a571edeacb62211704637833?s=96&d=mm&r=g","caption":"impactocastex"},"sameAs":["https:\/\/impactocastex.com.ar\/"],"url":"https:\/\/impactocastex.com.ar\/?author=2"}]}},"jetpack_publicize_connections":[],"featured_image_urls":{"full":["https:\/\/impactocastex.com.ar\/wp-content\/uploads\/2025\/11\/tradiciondesfilegaucholonquimay2024.jpg",1000,667,false],"thumbnail":["https:\/\/impactocastex.com.ar\/wp-content\/uploads\/2025\/11\/tradiciondesfilegaucholonquimay2024-150x150.jpg",150,150,true],"medium":["https:\/\/impactocastex.com.ar\/wp-content\/uploads\/2025\/11\/tradiciondesfilegaucholonquimay2024-300x200.jpg",300,200,true],"medium_large":["https:\/\/impactocastex.com.ar\/wp-content\/uploads\/2025\/11\/tradiciondesfilegaucholonquimay2024-768x512.jpg",640,427,true],"large":["https:\/\/impactocastex.com.ar\/wp-content\/uploads\/2025\/11\/tradiciondesfilegaucholonquimay2024.jpg",640,427,false],"1536x1536":["https:\/\/impactocastex.com.ar\/wp-content\/uploads\/2025\/11\/tradiciondesfilegaucholonquimay2024.jpg",1000,667,false],"2048x2048":["https:\/\/impactocastex.com.ar\/wp-content\/uploads\/2025\/11\/tradiciondesfilegaucholonquimay2024.jpg",1000,667,false],"newsever-slider-full":["https:\/\/impactocastex.com.ar\/wp-content\/uploads\/2025\/11\/tradiciondesfilegaucholonquimay2024.jpg",1000,667,false],"newsever-featured":["https:\/\/impactocastex.com.ar\/wp-content\/uploads\/2025\/11\/tradiciondesfilegaucholonquimay2024.jpg",1000,667,false],"newsever-medium":["https:\/\/impactocastex.com.ar\/wp-content\/uploads\/2025\/11\/tradiciondesfilegaucholonquimay2024-720x475.jpg",720,475,true]},"author_info":{"info":["impactocastex"]},"category_info":"<a href=\"https:\/\/impactocastex.com.ar\/?cat=83\" rel=\"category\">LA PAMPA<\/a>","tag_info":"LA PAMPA","comment_count":0,"jetpack_featured_media_url":"https:\/\/impactocastex.com.ar\/wp-content\/uploads\/2025\/11\/tradiciondesfilegaucholonquimay2024.jpg","jetpack_sharing_enabled":true,"jetpack_likes_enabled":true,"jetpack_shortlink":"https:\/\/wp.me\/p7sopA-Jk","_links":{"self":[{"href":"https:\/\/impactocastex.com.ar\/index.php?rest_route=\/wp\/v2\/posts\/2810","targetHints":{"allow":["GET"]}}],"collection":[{"href":"https:\/\/impactocastex.com.ar\/index.php?rest_route=\/wp\/v2\/posts"}],"about":[{"href":"https:\/\/impactocastex.com.ar\/index.php?rest_route=\/wp\/v2\/types\/post"}],"author":[{"embeddable":true,"href":"https:\/\/impactocastex.com.ar\/index.php?rest_route=\/wp\/v2\/users\/2"}],"replies":[{"embeddable":true,"href":"https:\/\/impactocastex.com.ar\/index.php?rest_route=%2Fwp%2Fv2%2Fcomments&post=2810"}],"version-history":[{"count":1,"href":"https:\/\/impactocastex.com.ar\/index.php?rest_route=\/wp\/v2\/posts\/2810\/revisions"}],"predecessor-version":[{"id":2812,"href":"https:\/\/impactocastex.com.ar\/index.php?rest_route=\/wp\/v2\/posts\/2810\/revisions\/2812"}],"wp:featuredmedia":[{"embeddable":true,"href":"https:\/\/impactocastex.com.ar\/index.php?rest_route=\/wp\/v2\/media\/2811"}],"wp:attachment":[{"href":"https:\/\/impactocastex.com.ar\/index.php?rest_route=%2Fwp%2Fv2%2Fmedia&parent=2810"}],"wp:term":[{"taxonomy":"category","embeddable":true,"href":"https:\/\/impactocastex.com.ar\/index.php?rest_route=%2Fwp%2Fv2%2Fcategories&post=2810"},{"taxonomy":"post_tag","embeddable":true,"href":"https:\/\/impactocastex.com.ar\/index.php?rest_route=%2Fwp%2Fv2%2Ftags&post=2810"}],"curies":[{"name":"wp","href":"https:\/\/api.w.org\/{rel}","templated":true}]}}