{"id":2797,"date":"2025-11-06T09:58:26","date_gmt":"2025-11-06T12:58:26","guid":{"rendered":"https:\/\/impactocastex.com.ar\/?p=2797"},"modified":"2025-11-06T09:58:27","modified_gmt":"2025-11-06T12:58:27","slug":"la-pampa-pidio-a-la-corte-seguir-el-juicio-por-la-cuenca-del-desaguadero","status":"publish","type":"post","link":"https:\/\/impactocastex.com.ar\/?p=2797","title":{"rendered":"La Pampa pidi\u00f3 a la Corte seguir el juicio por la cuenca del Desaguadero"},"content":{"rendered":"\n<p>La Fiscal\u00eda de Estado\u00a0<strong>rechaz\u00f3 el pedido de San Juan para dar por caduca la demanda<\/strong>\u00a0que busca crear el Comit\u00e9 de Cuenca del r\u00edo Desaguadero. La Pampa sostuvo ante la Corte Suprema que se trata de\u00a0<strong>un proceso ambiental interjurisdiccional<\/strong>.<\/p>\n\n\n\n<p>La Fiscal\u00eda de Estado de La Pampa respondi\u00f3 en las \u00faltimas horas a la presentaci\u00f3n realizada por la provincia de San Juan ante la Corte Suprema de Justicia de la Naci\u00f3n (CSJN), que pidi\u00f3 declarar la \u00abcaducidad\u00bb de la demanda iniciada por La Pampa hace nueve a\u00f1os para conformar el Comit\u00e9 de Cuenca del r\u00edo Desaguadero-Salado-Chadileuv\u00fa-Curac\u00f3. La fiscal pampeana, Romina Schmidt, solicit\u00f3 el rechazo del planteo y sostuvo que la pretensi\u00f3n sanjuanina es improcedente y contraria a la naturaleza ambiental del proceso.<\/p>\n\n\n\n<p>Schmidt remarc\u00f3 que no corresponde aplicar la caducidad en un litigio de car\u00e1cter ambiental, donde no se discuten intereses individuales sino la protecci\u00f3n de bienes colectivos. \u00abEs jur\u00eddicamente improcedente e incompatible con la naturaleza ambiental del proceso\u2026 donde la necesidad es la preservaci\u00f3n de los recursos naturales, cuesti\u00f3n que involucra el derecho humano a un ambiente sano\u00bb, afirm\u00f3.<\/p>\n\n\n\n<p>La fiscal se\u00f1al\u00f3 que los procesos ambientales no se ajustan a la rigidez de las normas procesales comunes, ya que exigen un tratamiento amplio y facultades especiales para el juez. Adem\u00e1s, record\u00f3 que el litigio tiene car\u00e1cter interprovincial, intervienen ocho jurisdicciones y ya contestaron la demanda cinco de ellas. \u00abAplicar un criterio formalista implicar\u00eda desconocer la realidad de este tipo de controversias complejas\u00bb, sostuvo.<\/p>\n\n\n\n<p>Tambi\u00e9n subray\u00f3 que la causa ha registrado actos procesales relevantes: \u00abNo corresponde declarar la caducidad cuando el proceso ha tenido avances significativos y no ha existido desinter\u00e9s en su prosecuci\u00f3n\u00bb.<\/p>\n\n\n\n<p>El planteo de San Juan<\/p>\n\n\n\n<p>La Fiscal\u00eda de Estado de San Juan hab\u00eda pedido archivar la causa argumentando que La Pampa mostr\u00f3 \u00abinactividad procesal\u00bb y motivaciones \u00abpol\u00edticas\u00bb o \u00abelectoralistas\u00bb. Incluso afirm\u00f3 que la provincia \u00absolo reactiva\u00bb este tipo de reclamos en momentos cercanos a procesos electorales y acus\u00f3 a La Pampa de \u00abnegligencia o malintencionada omisi\u00f3n\u00bb en la presentaci\u00f3n de pruebas.<\/p>\n\n\n\n<p>San Juan tambi\u00e9n record\u00f3 un antecedente: la causa por el dique El Tambolar, en la que \u2013seg\u00fan su interpretaci\u00f3n\u2013 la Corte oblig\u00f3 a La Pampa a desistir de futuros planteos contra esa obra.<\/p>\n\n\n\n<p>Un reclamo hist\u00f3rico por un r\u00edo clave<\/p>\n\n\n\n<p>La cuenca Desaguadero-Salado-Chadileuv\u00fa-Curac\u00f3 es la m\u00e1s extensa del pa\u00eds, con 315.000 km\u00b2 y abarca parcial o totalmente seis provincias. La Pampa promovi\u00f3 la demanda ante la Corte en 2016 para que las jurisdicciones aguas arriba (entre ellas, San Juan y Mendoza) integren un comit\u00e9 interjurisdiccional que permita gestionar el recurso de manera conjunta. La provincia reclama desde hace d\u00e9cadas que llega muy poca agua al oeste pampeano por los usos intensivos para riego en las zonas altas.<\/p>\n\n\n\n<p>Intentos de avance que no prosperaron<\/p>\n\n\n\n<p>En 2023 se produjo un hecho inusual: siete provincias \u2014incluida La Pampa\u2014 acordaron avanzar en un proyecto para conformar formalmente la autoridad de cuenca. Hubo reuniones t\u00e9cnicas, participaci\u00f3n del Ministerio de Obras P\u00fablicas de la Naci\u00f3n y se elabor\u00f3 un borrador para ser evaluado. En ese encuentro participaron Buenos Aires, R\u00edo Negro, Neuqu\u00e9n, Mendoza, La Rioja, Catamarca y La Pampa, mientras que San Luis y San Juan no asistieron.<\/p>\n\n\n\n<p>Pese a la expectativa, el acuerdo no se concret\u00f3. El proceso volvi\u00f3 a quedar sin avances.<\/p>\n\n\n\n<p>La Pampa pidi\u00f3 a la Corte que resuelva el fondo del asunto y dicte sentencia. \u00abDebe haber responsabilidad de resoluci\u00f3n mediante el dictado de una sentencia ambiental, no una salida formalista\u00bb, reclam\u00f3 Schmidt.<\/p>\n\n\n\n<p>La decisi\u00f3n ahora queda en manos de la CSJN, mientras la disputa por el manejo del agua del Desaguadero \u2014un conflicto hist\u00f3rico y estructural para la provincia\u2014 vuelve a ocupar el centro de la escena.<\/p>\n\n\n\n<p>eldiariodelapampa<\/p>\n","protected":false},"excerpt":{"rendered":"<p>La Fiscal\u00eda de Estado\u00a0rechaz\u00f3 el pedido de San Juan para dar por caduca la demanda\u00a0que&#8230;<\/p>\n","protected":false},"author":2,"featured_media":2798,"comment_status":"closed","ping_status":"closed","sticky":false,"template":"","format":"standard","meta":{"_jetpack_memberships_contains_paid_content":false,"footnotes":"","jetpack_publicize_message":"La Pampa pidi\u00f3 a la Corte seguir el juicio por la cuenca del Desaguadero","jetpack_publicize_feature_enabled":true,"jetpack_social_post_already_shared":false,"jetpack_social_options":{"image_generator_settings":{"template":"highway","default_image_id":0,"font":"","enabled":false},"version":2}},"categories":[83],"tags":[],"class_list":["post-2797","post","type-post","status-publish","format-standard","has-post-thumbnail","hentry","category-la-pampa"],"yoast_head":"<!-- This site is optimized with the Yoast SEO plugin v27.4 - https:\/\/yoast.com\/product\/yoast-seo-wordpress\/ -->\n<title>La Pampa pidi\u00f3 a la Corte seguir el juicio por la cuenca del Desaguadero -<\/title>\n<meta name=\"robots\" content=\"index, follow, max-snippet:-1, max-image-preview:large, max-video-preview:-1\" \/>\n<link rel=\"canonical\" href=\"https:\/\/impactocastex.com.ar\/?p=2797\" \/>\n<meta property=\"og:locale\" content=\"es_ES\" \/>\n<meta property=\"og:type\" content=\"article\" \/>\n<meta property=\"og:title\" content=\"La Pampa pidi\u00f3 a la Corte seguir el juicio por la cuenca del Desaguadero -\" \/>\n<meta property=\"og:description\" content=\"La Fiscal\u00eda de Estado\u00a0rechaz\u00f3 el pedido de San Juan para dar por caduca la demanda\u00a0que...\" \/>\n<meta property=\"og:url\" content=\"https:\/\/impactocastex.com.ar\/?p=2797\" \/>\n<meta property=\"article:publisher\" content=\"https:\/\/www.facebook.com\/impactocastexdiario\" \/>\n<meta property=\"article:published_time\" content=\"2025-11-06T12:58:26+00:00\" \/>\n<meta property=\"article:modified_time\" content=\"2025-11-06T12:58:27+00:00\" \/>\n<meta property=\"og:image\" content=\"https:\/\/impactocastex.com.ar\/wp-content\/uploads\/2025\/11\/2127086.jpg\" \/>\n\t<meta property=\"og:image:width\" content=\"1200\" \/>\n\t<meta property=\"og:image:height\" content=\"631\" \/>\n\t<meta property=\"og:image:type\" content=\"image\/jpeg\" \/>\n<meta name=\"author\" content=\"impactocastex\" \/>\n<meta name=\"twitter:card\" content=\"summary_large_image\" \/>\n<meta name=\"twitter:label1\" content=\"Escrito por\" \/>\n\t<meta name=\"twitter:data1\" content=\"impactocastex\" \/>\n\t<meta name=\"twitter:label2\" content=\"Tiempo de lectura\" \/>\n\t<meta name=\"twitter:data2\" content=\"4 minutos\" \/>\n<script type=\"application\/ld+json\" class=\"yoast-schema-graph\">{\"@context\":\"https:\\\/\\\/schema.org\",\"@graph\":[{\"@type\":\"Article\",\"@id\":\"https:\\\/\\\/impactocastex.com.ar\\\/?p=2797#article\",\"isPartOf\":{\"@id\":\"https:\\\/\\\/impactocastex.com.ar\\\/?p=2797\"},\"author\":{\"name\":\"impactocastex\",\"@id\":\"https:\\\/\\\/impactocastex.com.ar\\\/#\\\/schema\\\/person\\\/c115028fb60f9bf49ce7550894b84ea7\"},\"headline\":\"La Pampa pidi\u00f3 a la Corte seguir el juicio por la cuenca del Desaguadero\",\"datePublished\":\"2025-11-06T12:58:26+00:00\",\"dateModified\":\"2025-11-06T12:58:27+00:00\",\"mainEntityOfPage\":{\"@id\":\"https:\\\/\\\/impactocastex.com.ar\\\/?p=2797\"},\"wordCount\":668,\"publisher\":{\"@id\":\"https:\\\/\\\/impactocastex.com.ar\\\/#organization\"},\"image\":{\"@id\":\"https:\\\/\\\/impactocastex.com.ar\\\/?p=2797#primaryimage\"},\"thumbnailUrl\":\"https:\\\/\\\/impactocastex.com.ar\\\/wp-content\\\/uploads\\\/2025\\\/11\\\/2127086.jpg\",\"articleSection\":[\"LA PAMPA\"],\"inLanguage\":\"es\"},{\"@type\":\"WebPage\",\"@id\":\"https:\\\/\\\/impactocastex.com.ar\\\/?p=2797\",\"url\":\"https:\\\/\\\/impactocastex.com.ar\\\/?p=2797\",\"name\":\"La Pampa pidi\u00f3 a la Corte seguir el juicio por la cuenca del Desaguadero -\",\"isPartOf\":{\"@id\":\"https:\\\/\\\/impactocastex.com.ar\\\/#website\"},\"primaryImageOfPage\":{\"@id\":\"https:\\\/\\\/impactocastex.com.ar\\\/?p=2797#primaryimage\"},\"image\":{\"@id\":\"https:\\\/\\\/impactocastex.com.ar\\\/?p=2797#primaryimage\"},\"thumbnailUrl\":\"https:\\\/\\\/impactocastex.com.ar\\\/wp-content\\\/uploads\\\/2025\\\/11\\\/2127086.jpg\",\"datePublished\":\"2025-11-06T12:58:26+00:00\",\"dateModified\":\"2025-11-06T12:58:27+00:00\",\"breadcrumb\":{\"@id\":\"https:\\\/\\\/impactocastex.com.ar\\\/?p=2797#breadcrumb\"},\"inLanguage\":\"es\",\"potentialAction\":[{\"@type\":\"ReadAction\",\"target\":[\"https:\\\/\\\/impactocastex.com.ar\\\/?p=2797\"]}]},{\"@type\":\"ImageObject\",\"inLanguage\":\"es\",\"@id\":\"https:\\\/\\\/impactocastex.com.ar\\\/?p=2797#primaryimage\",\"url\":\"https:\\\/\\\/impactocastex.com.ar\\\/wp-content\\\/uploads\\\/2025\\\/11\\\/2127086.jpg\",\"contentUrl\":\"https:\\\/\\\/impactocastex.com.ar\\\/wp-content\\\/uploads\\\/2025\\\/11\\\/2127086.jpg\",\"width\":1200,\"height\":631},{\"@type\":\"BreadcrumbList\",\"@id\":\"https:\\\/\\\/impactocastex.com.ar\\\/?p=2797#breadcrumb\",\"itemListElement\":[{\"@type\":\"ListItem\",\"position\":1,\"name\":\"Portada\",\"item\":\"https:\\\/\\\/impactocastex.com.ar\\\/\"},{\"@type\":\"ListItem\",\"position\":2,\"name\":\"La Pampa pidi\u00f3 a la Corte seguir el juicio por la cuenca del Desaguadero\"}]},{\"@type\":\"WebSite\",\"@id\":\"https:\\\/\\\/impactocastex.com.ar\\\/#website\",\"url\":\"https:\\\/\\\/impactocastex.com.ar\\\/\",\"name\":\"Impacto Castex\",\"description\":\"\",\"publisher\":{\"@id\":\"https:\\\/\\\/impactocastex.com.ar\\\/#organization\"},\"potentialAction\":[{\"@type\":\"SearchAction\",\"target\":{\"@type\":\"EntryPoint\",\"urlTemplate\":\"https:\\\/\\\/impactocastex.com.ar\\\/?s={search_term_string}\"},\"query-input\":{\"@type\":\"PropertyValueSpecification\",\"valueRequired\":true,\"valueName\":\"search_term_string\"}}],\"inLanguage\":\"es\"},{\"@type\":\"Organization\",\"@id\":\"https:\\\/\\\/impactocastex.com.ar\\\/#organization\",\"name\":\"Impacto Castex\",\"url\":\"https:\\\/\\\/impactocastex.com.ar\\\/\",\"logo\":{\"@type\":\"ImageObject\",\"inLanguage\":\"es\",\"@id\":\"https:\\\/\\\/impactocastex.com.ar\\\/#\\\/schema\\\/logo\\\/image\\\/\",\"url\":\"https:\\\/\\\/impactocastex.com.ar\\\/wp-content\\\/uploads\\\/2025\\\/09\\\/cropped-icoweb.png\",\"contentUrl\":\"https:\\\/\\\/impactocastex.com.ar\\\/wp-content\\\/uploads\\\/2025\\\/09\\\/cropped-icoweb.png\",\"width\":512,\"height\":512,\"caption\":\"Impacto Castex\"},\"image\":{\"@id\":\"https:\\\/\\\/impactocastex.com.ar\\\/#\\\/schema\\\/logo\\\/image\\\/\"},\"sameAs\":[\"https:\\\/\\\/www.facebook.com\\\/impactocastexdiario\",\"https:\\\/\\\/www.instagram.com\\\/impactocastex.com.ar\\\/\"]},{\"@type\":\"Person\",\"@id\":\"https:\\\/\\\/impactocastex.com.ar\\\/#\\\/schema\\\/person\\\/c115028fb60f9bf49ce7550894b84ea7\",\"name\":\"impactocastex\",\"image\":{\"@type\":\"ImageObject\",\"inLanguage\":\"es\",\"@id\":\"https:\\\/\\\/secure.gravatar.com\\\/avatar\\\/fee87e7af008f02e9becdc0b5a9fd4a2e79b3918a571edeacb62211704637833?s=96&d=mm&r=g\",\"url\":\"https:\\\/\\\/secure.gravatar.com\\\/avatar\\\/fee87e7af008f02e9becdc0b5a9fd4a2e79b3918a571edeacb62211704637833?s=96&d=mm&r=g\",\"contentUrl\":\"https:\\\/\\\/secure.gravatar.com\\\/avatar\\\/fee87e7af008f02e9becdc0b5a9fd4a2e79b3918a571edeacb62211704637833?s=96&d=mm&r=g\",\"caption\":\"impactocastex\"},\"sameAs\":[\"https:\\\/\\\/impactocastex.com.ar\\\/\"],\"url\":\"https:\\\/\\\/impactocastex.com.ar\\\/?author=2\"}]}<\/script>\n<!-- \/ Yoast SEO plugin. -->","yoast_head_json":{"title":"La Pampa pidi\u00f3 a la Corte seguir el juicio por la cuenca del Desaguadero -","robots":{"index":"index","follow":"follow","max-snippet":"max-snippet:-1","max-image-preview":"max-image-preview:large","max-video-preview":"max-video-preview:-1"},"canonical":"https:\/\/impactocastex.com.ar\/?p=2797","og_locale":"es_ES","og_type":"article","og_title":"La Pampa pidi\u00f3 a la Corte seguir el juicio por la cuenca del Desaguadero -","og_description":"La Fiscal\u00eda de Estado\u00a0rechaz\u00f3 el pedido de San Juan para dar por caduca la demanda\u00a0que...","og_url":"https:\/\/impactocastex.com.ar\/?p=2797","article_publisher":"https:\/\/www.facebook.com\/impactocastexdiario","article_published_time":"2025-11-06T12:58:26+00:00","article_modified_time":"2025-11-06T12:58:27+00:00","og_image":[{"width":1200,"height":631,"url":"https:\/\/impactocastex.com.ar\/wp-content\/uploads\/2025\/11\/2127086.jpg","type":"image\/jpeg"}],"author":"impactocastex","twitter_card":"summary_large_image","twitter_misc":{"Escrito por":"impactocastex","Tiempo de lectura":"4 minutos"},"schema":{"@context":"https:\/\/schema.org","@graph":[{"@type":"Article","@id":"https:\/\/impactocastex.com.ar\/?p=2797#article","isPartOf":{"@id":"https:\/\/impactocastex.com.ar\/?p=2797"},"author":{"name":"impactocastex","@id":"https:\/\/impactocastex.com.ar\/#\/schema\/person\/c115028fb60f9bf49ce7550894b84ea7"},"headline":"La Pampa pidi\u00f3 a la Corte seguir el juicio por la cuenca del Desaguadero","datePublished":"2025-11-06T12:58:26+00:00","dateModified":"2025-11-06T12:58:27+00:00","mainEntityOfPage":{"@id":"https:\/\/impactocastex.com.ar\/?p=2797"},"wordCount":668,"publisher":{"@id":"https:\/\/impactocastex.com.ar\/#organization"},"image":{"@id":"https:\/\/impactocastex.com.ar\/?p=2797#primaryimage"},"thumbnailUrl":"https:\/\/impactocastex.com.ar\/wp-content\/uploads\/2025\/11\/2127086.jpg","articleSection":["LA PAMPA"],"inLanguage":"es"},{"@type":"WebPage","@id":"https:\/\/impactocastex.com.ar\/?p=2797","url":"https:\/\/impactocastex.com.ar\/?p=2797","name":"La Pampa pidi\u00f3 a la Corte seguir el juicio por la cuenca del Desaguadero -","isPartOf":{"@id":"https:\/\/impactocastex.com.ar\/#website"},"primaryImageOfPage":{"@id":"https:\/\/impactocastex.com.ar\/?p=2797#primaryimage"},"image":{"@id":"https:\/\/impactocastex.com.ar\/?p=2797#primaryimage"},"thumbnailUrl":"https:\/\/impactocastex.com.ar\/wp-content\/uploads\/2025\/11\/2127086.jpg","datePublished":"2025-11-06T12:58:26+00:00","dateModified":"2025-11-06T12:58:27+00:00","breadcrumb":{"@id":"https:\/\/impactocastex.com.ar\/?p=2797#breadcrumb"},"inLanguage":"es","potentialAction":[{"@type":"ReadAction","target":["https:\/\/impactocastex.com.ar\/?p=2797"]}]},{"@type":"ImageObject","inLanguage":"es","@id":"https:\/\/impactocastex.com.ar\/?p=2797#primaryimage","url":"https:\/\/impactocastex.com.ar\/wp-content\/uploads\/2025\/11\/2127086.jpg","contentUrl":"https:\/\/impactocastex.com.ar\/wp-content\/uploads\/2025\/11\/2127086.jpg","width":1200,"height":631},{"@type":"BreadcrumbList","@id":"https:\/\/impactocastex.com.ar\/?p=2797#breadcrumb","itemListElement":[{"@type":"ListItem","position":1,"name":"Portada","item":"https:\/\/impactocastex.com.ar\/"},{"@type":"ListItem","position":2,"name":"La Pampa pidi\u00f3 a la Corte seguir el juicio por la cuenca del Desaguadero"}]},{"@type":"WebSite","@id":"https:\/\/impactocastex.com.ar\/#website","url":"https:\/\/impactocastex.com.ar\/","name":"Impacto Castex","description":"","publisher":{"@id":"https:\/\/impactocastex.com.ar\/#organization"},"potentialAction":[{"@type":"SearchAction","target":{"@type":"EntryPoint","urlTemplate":"https:\/\/impactocastex.com.ar\/?s={search_term_string}"},"query-input":{"@type":"PropertyValueSpecification","valueRequired":true,"valueName":"search_term_string"}}],"inLanguage":"es"},{"@type":"Organization","@id":"https:\/\/impactocastex.com.ar\/#organization","name":"Impacto Castex","url":"https:\/\/impactocastex.com.ar\/","logo":{"@type":"ImageObject","inLanguage":"es","@id":"https:\/\/impactocastex.com.ar\/#\/schema\/logo\/image\/","url":"https:\/\/impactocastex.com.ar\/wp-content\/uploads\/2025\/09\/cropped-icoweb.png","contentUrl":"https:\/\/impactocastex.com.ar\/wp-content\/uploads\/2025\/09\/cropped-icoweb.png","width":512,"height":512,"caption":"Impacto Castex"},"image":{"@id":"https:\/\/impactocastex.com.ar\/#\/schema\/logo\/image\/"},"sameAs":["https:\/\/www.facebook.com\/impactocastexdiario","https:\/\/www.instagram.com\/impactocastex.com.ar\/"]},{"@type":"Person","@id":"https:\/\/impactocastex.com.ar\/#\/schema\/person\/c115028fb60f9bf49ce7550894b84ea7","name":"impactocastex","image":{"@type":"ImageObject","inLanguage":"es","@id":"https:\/\/secure.gravatar.com\/avatar\/fee87e7af008f02e9becdc0b5a9fd4a2e79b3918a571edeacb62211704637833?s=96&d=mm&r=g","url":"https:\/\/secure.gravatar.com\/avatar\/fee87e7af008f02e9becdc0b5a9fd4a2e79b3918a571edeacb62211704637833?s=96&d=mm&r=g","contentUrl":"https:\/\/secure.gravatar.com\/avatar\/fee87e7af008f02e9becdc0b5a9fd4a2e79b3918a571edeacb62211704637833?s=96&d=mm&r=g","caption":"impactocastex"},"sameAs":["https:\/\/impactocastex.com.ar\/"],"url":"https:\/\/impactocastex.com.ar\/?author=2"}]}},"jetpack_publicize_connections":[],"featured_image_urls":{"full":["https:\/\/impactocastex.com.ar\/wp-content\/uploads\/2025\/11\/2127086.jpg",1200,631,false],"thumbnail":["https:\/\/impactocastex.com.ar\/wp-content\/uploads\/2025\/11\/2127086-150x150.jpg",150,150,true],"medium":["https:\/\/impactocastex.com.ar\/wp-content\/uploads\/2025\/11\/2127086-300x158.jpg",300,158,true],"medium_large":["https:\/\/impactocastex.com.ar\/wp-content\/uploads\/2025\/11\/2127086-768x404.jpg",640,337,true],"large":["https:\/\/impactocastex.com.ar\/wp-content\/uploads\/2025\/11\/2127086-1024x538.jpg",640,336,true],"1536x1536":["https:\/\/impactocastex.com.ar\/wp-content\/uploads\/2025\/11\/2127086.jpg",1200,631,false],"2048x2048":["https:\/\/impactocastex.com.ar\/wp-content\/uploads\/2025\/11\/2127086.jpg",1200,631,false],"newsever-slider-full":["https:\/\/impactocastex.com.ar\/wp-content\/uploads\/2025\/11\/2127086.jpg",1200,631,false],"newsever-featured":["https:\/\/impactocastex.com.ar\/wp-content\/uploads\/2025\/11\/2127086-1024x538.jpg",1024,538,true],"newsever-medium":["https:\/\/impactocastex.com.ar\/wp-content\/uploads\/2025\/11\/2127086-720x475.jpg",720,475,true]},"author_info":{"info":["impactocastex"]},"category_info":"<a href=\"https:\/\/impactocastex.com.ar\/?cat=83\" rel=\"category\">LA PAMPA<\/a>","tag_info":"LA PAMPA","comment_count":0,"jetpack_featured_media_url":"https:\/\/impactocastex.com.ar\/wp-content\/uploads\/2025\/11\/2127086.jpg","jetpack_sharing_enabled":true,"jetpack_likes_enabled":true,"jetpack_shortlink":"https:\/\/wp.me\/p7sopA-J7","_links":{"self":[{"href":"https:\/\/impactocastex.com.ar\/index.php?rest_route=\/wp\/v2\/posts\/2797","targetHints":{"allow":["GET"]}}],"collection":[{"href":"https:\/\/impactocastex.com.ar\/index.php?rest_route=\/wp\/v2\/posts"}],"about":[{"href":"https:\/\/impactocastex.com.ar\/index.php?rest_route=\/wp\/v2\/types\/post"}],"author":[{"embeddable":true,"href":"https:\/\/impactocastex.com.ar\/index.php?rest_route=\/wp\/v2\/users\/2"}],"replies":[{"embeddable":true,"href":"https:\/\/impactocastex.com.ar\/index.php?rest_route=%2Fwp%2Fv2%2Fcomments&post=2797"}],"version-history":[{"count":1,"href":"https:\/\/impactocastex.com.ar\/index.php?rest_route=\/wp\/v2\/posts\/2797\/revisions"}],"predecessor-version":[{"id":2799,"href":"https:\/\/impactocastex.com.ar\/index.php?rest_route=\/wp\/v2\/posts\/2797\/revisions\/2799"}],"wp:featuredmedia":[{"embeddable":true,"href":"https:\/\/impactocastex.com.ar\/index.php?rest_route=\/wp\/v2\/media\/2798"}],"wp:attachment":[{"href":"https:\/\/impactocastex.com.ar\/index.php?rest_route=%2Fwp%2Fv2%2Fmedia&parent=2797"}],"wp:term":[{"taxonomy":"category","embeddable":true,"href":"https:\/\/impactocastex.com.ar\/index.php?rest_route=%2Fwp%2Fv2%2Fcategories&post=2797"},{"taxonomy":"post_tag","embeddable":true,"href":"https:\/\/impactocastex.com.ar\/index.php?rest_route=%2Fwp%2Fv2%2Ftags&post=2797"}],"curies":[{"name":"wp","href":"https:\/\/api.w.org\/{rel}","templated":true}]}}