{"id":2791,"date":"2025-11-06T09:52:24","date_gmt":"2025-11-06T12:52:24","guid":{"rendered":"https:\/\/impactocastex.com.ar\/?p=2791"},"modified":"2025-11-06T09:52:25","modified_gmt":"2025-11-06T12:52:25","slug":"la-corte-suprema-le-dio-domiciliaria-a-represor-condenado-por-el-asesinato-de-pampeanos","status":"publish","type":"post","link":"https:\/\/impactocastex.com.ar\/?p=2791","title":{"rendered":"La Corte Suprema le dio domiciliaria a represor condenado por el asesinato de pampeanos"},"content":{"rendered":"\n<p>Carlos Ernesto \u00abIndio\u00bb Castillo fue condenado a perpetua, pero ir\u00e1 a su casa.<\/p>\n\n\n\n<p><strong><\/strong>El grupo liderado por el imputado estuvo implicado en el secuestro y asesinato de Salvador \u00abPampa\u00bb de Laturi, Sergio Garc\u00eda y Daniel Rayson.<\/p>\n\n\n\n<p><strong>General Pico (Agencia) \u2013<\/strong>&nbsp;La Corte Suprema de Justicia revoc\u00f3 la pr\u00f3rroga de la prisi\u00f3n preventiva del represor Carlos Ernesto Castillo, condenado a perpetua, abriendo la pol\u00e9mica puerta al beneficio de la domiciliaria para otros genocidas sin condenas firmes. Entre las v\u00edctimas de Castillo hay tres pampeanos, incluido el sindicalista piquense Salvador \u00abPampa\u00bb de Laturi, padre de un reconocido militante de DD.HH. radicado en la ciudad norte\u00f1a.<\/p>\n\n\n\n<p>El fallo de la Corte, que genera fuerte controversia en los organismos de Derechos Humanos, concedi\u00f3 la prisi\u00f3n domiciliaria a uno de los cabecillas del grupo parapolicial Concentraci\u00f3n Nacional Universitaria (CNU). De esta manera, el \u00abIndio\u00bb Castillo, quien fue condenado a prisi\u00f3n perpetua, esperar\u00e1 la resoluci\u00f3n de otras causas por m\u00e1s delitos perpetrados durante la \u00faltima dictadura en su casa.<\/p>\n\n\n\n<p>La decisi\u00f3n de los m\u00e1ximos jueces de la Naci\u00f3n se interpreta como un peligroso precedente, que abre la puerta a que otros represores que a\u00fan no tienen condenas firmes puedan acceder a la misma morigeraci\u00f3n de la pena.<\/p>\n\n\n\n<p>Castillo, detenido desde diciembre de 2013 y actualmente alojado en la Unidad 34 de Campo de Mayo, es se\u00f1alado por haber comandado el grupo parapolicial que oper\u00f3 con extrema violencia secuestrando y asesinando a militantes, estudiantes y sindicalistas en La Plata entre 1975 y 1976. Adem\u00e1s, est\u00e1 tristemente asociado con el liderazgo del grupo de tareas que concret\u00f3 el operativo conocido como \u00abLa Noche de los L\u00e1pices\u00bb en septiembre de 1976.<\/p>\n\n\n\n<p>Pampeanos<\/p>\n\n\n\n<p>El grupo CNU liderado por Castillo est\u00e1 directamente vinculado con el secuestro y asesinato de al menos tres pampeanos. El 13 de enero de 1976, el piquense Salvador \u00abPampa\u00bb de Laturi, sindicalista en la empresa Propulsora Sider\u00fargica, fue secuestrado junto al obrero Carlos Scafide y sus cuerpos fueron hallados asesinados en un descampado. Salvador era el padre de Carlos de Laturi, conocido militante de Derechos Humanos en General Pico.<\/p>\n\n\n\n<p>D\u00edas despu\u00e9s, el 18 de enero de 1976, el mismo grupo secuestr\u00f3 al joven Sergio Garc\u00eda, nacido en Eduardo Castex y estudiante de Veterinaria, hijo del senador Faustino Garc\u00eda, cuyo cad\u00e1ver tambi\u00e9n fue encontrado despu\u00e9s.<\/p>\n\n\n\n<p>Finalmente, el 19 de febrero de 1976 fue secuestrado y acribillado en las afueras de La Plata Daniel Rayson, oriundo de General Pico, estudiante de Ingenier\u00eda en la UCA y tambi\u00e9n trabajador de Propulsora Sider\u00fargica de Ensenada. Su hermana, Graciela Rayson, presenci\u00f3 el operativo del grupo paramilitar y fue testigo clave en 2017 en el juicio contra Castillo y Juan Jos\u00e9 \u00abPipi\u00bb Pomares, a quienes se\u00f1al\u00f3 como responsables del crimen.<\/p>\n\n\n\n<p>Fallo y pol\u00e9mica<\/p>\n\n\n\n<p>La condena a prisi\u00f3n perpetua contra Castillo por los cr\u00edmenes del CNU fue dictada por el Tribunal Oral Federal 1 de La Plata en 2017. Sin embargo, el fallo de la Corte resulta pol\u00e9mico y contradictorio: indica que los represores no pueden permanecer detenidos sin condenas firmes por un tiempo prolongado, pero es el mismo organismo el que demora la revisi\u00f3n y confirmaci\u00f3n de estas sentencias durante a\u00f1os, impidiendo que los procesos concluyan.<\/p>\n\n\n\n<p>La lectura generalizada es que, con esta decisi\u00f3n, la CSJN otorga una ventaja procesal a los genocidas, muchos de los cuales est\u00e1n siendo juzgados actualmente, como Castillo, que se encuentra en el banquillo en el juicio por cr\u00edmenes cometidos en el centro clandestino de detenci\u00f3n y exterminio platense \u00ab1 y 60\u00bb y pronto lo estar\u00e1 en un segundo proceso por delitos del CNU.<\/p>\n\n\n\n<p>eldiariodelapampa<\/p>\n","protected":false},"excerpt":{"rendered":"<p>Carlos Ernesto \u00abIndio\u00bb Castillo fue condenado a perpetua, pero ir\u00e1 a su casa. El grupo&#8230;<\/p>\n","protected":false},"author":2,"featured_media":2792,"comment_status":"closed","ping_status":"closed","sticky":false,"template":"","format":"standard","meta":{"_jetpack_memberships_contains_paid_content":false,"footnotes":"","jetpack_publicize_message":"La Corte Suprema le dio domiciliaria a represor condenado por el asesinato de pampeanos","jetpack_publicize_feature_enabled":true,"jetpack_social_post_already_shared":false,"jetpack_social_options":{"image_generator_settings":{"template":"highway","default_image_id":0,"font":"","enabled":false},"version":2}},"categories":[83],"tags":[],"class_list":["post-2791","post","type-post","status-publish","format-standard","has-post-thumbnail","hentry","category-la-pampa"],"yoast_head":"<!-- This site is optimized with the Yoast SEO plugin v27.4 - https:\/\/yoast.com\/product\/yoast-seo-wordpress\/ -->\n<title>La Corte Suprema le dio domiciliaria a represor condenado por el asesinato de pampeanos -<\/title>\n<meta name=\"robots\" content=\"index, follow, max-snippet:-1, max-image-preview:large, max-video-preview:-1\" \/>\n<link rel=\"canonical\" href=\"https:\/\/impactocastex.com.ar\/?p=2791\" \/>\n<meta property=\"og:locale\" content=\"es_ES\" \/>\n<meta property=\"og:type\" content=\"article\" \/>\n<meta property=\"og:title\" content=\"La Corte Suprema le dio domiciliaria a represor condenado por el asesinato de pampeanos -\" \/>\n<meta property=\"og:description\" content=\"Carlos Ernesto \u00abIndio\u00bb Castillo fue condenado a perpetua, pero ir\u00e1 a su casa. El grupo...\" \/>\n<meta property=\"og:url\" content=\"https:\/\/impactocastex.com.ar\/?p=2791\" \/>\n<meta property=\"article:publisher\" content=\"https:\/\/www.facebook.com\/impactocastexdiario\" \/>\n<meta property=\"article:published_time\" content=\"2025-11-06T12:52:24+00:00\" \/>\n<meta property=\"article:modified_time\" content=\"2025-11-06T12:52:25+00:00\" \/>\n<meta property=\"og:image\" content=\"https:\/\/impactocastex.com.ar\/wp-content\/uploads\/2025\/11\/2127056.jpg\" \/>\n\t<meta property=\"og:image:width\" content=\"1200\" \/>\n\t<meta property=\"og:image:height\" content=\"631\" \/>\n\t<meta property=\"og:image:type\" content=\"image\/jpeg\" \/>\n<meta name=\"author\" content=\"impactocastex\" \/>\n<meta name=\"twitter:card\" content=\"summary_large_image\" \/>\n<meta name=\"twitter:label1\" content=\"Escrito por\" \/>\n\t<meta name=\"twitter:data1\" content=\"impactocastex\" \/>\n\t<meta name=\"twitter:label2\" content=\"Tiempo de lectura\" \/>\n\t<meta name=\"twitter:data2\" content=\"3 minutos\" \/>\n<script type=\"application\/ld+json\" class=\"yoast-schema-graph\">{\"@context\":\"https:\\\/\\\/schema.org\",\"@graph\":[{\"@type\":\"Article\",\"@id\":\"https:\\\/\\\/impactocastex.com.ar\\\/?p=2791#article\",\"isPartOf\":{\"@id\":\"https:\\\/\\\/impactocastex.com.ar\\\/?p=2791\"},\"author\":{\"name\":\"impactocastex\",\"@id\":\"https:\\\/\\\/impactocastex.com.ar\\\/#\\\/schema\\\/person\\\/c115028fb60f9bf49ce7550894b84ea7\"},\"headline\":\"La Corte Suprema le dio domiciliaria a represor condenado por el asesinato de pampeanos\",\"datePublished\":\"2025-11-06T12:52:24+00:00\",\"dateModified\":\"2025-11-06T12:52:25+00:00\",\"mainEntityOfPage\":{\"@id\":\"https:\\\/\\\/impactocastex.com.ar\\\/?p=2791\"},\"wordCount\":628,\"publisher\":{\"@id\":\"https:\\\/\\\/impactocastex.com.ar\\\/#organization\"},\"image\":{\"@id\":\"https:\\\/\\\/impactocastex.com.ar\\\/?p=2791#primaryimage\"},\"thumbnailUrl\":\"https:\\\/\\\/impactocastex.com.ar\\\/wp-content\\\/uploads\\\/2025\\\/11\\\/2127056.jpg\",\"articleSection\":[\"LA PAMPA\"],\"inLanguage\":\"es\"},{\"@type\":\"WebPage\",\"@id\":\"https:\\\/\\\/impactocastex.com.ar\\\/?p=2791\",\"url\":\"https:\\\/\\\/impactocastex.com.ar\\\/?p=2791\",\"name\":\"La Corte Suprema le dio domiciliaria a represor condenado por el asesinato de pampeanos -\",\"isPartOf\":{\"@id\":\"https:\\\/\\\/impactocastex.com.ar\\\/#website\"},\"primaryImageOfPage\":{\"@id\":\"https:\\\/\\\/impactocastex.com.ar\\\/?p=2791#primaryimage\"},\"image\":{\"@id\":\"https:\\\/\\\/impactocastex.com.ar\\\/?p=2791#primaryimage\"},\"thumbnailUrl\":\"https:\\\/\\\/impactocastex.com.ar\\\/wp-content\\\/uploads\\\/2025\\\/11\\\/2127056.jpg\",\"datePublished\":\"2025-11-06T12:52:24+00:00\",\"dateModified\":\"2025-11-06T12:52:25+00:00\",\"breadcrumb\":{\"@id\":\"https:\\\/\\\/impactocastex.com.ar\\\/?p=2791#breadcrumb\"},\"inLanguage\":\"es\",\"potentialAction\":[{\"@type\":\"ReadAction\",\"target\":[\"https:\\\/\\\/impactocastex.com.ar\\\/?p=2791\"]}]},{\"@type\":\"ImageObject\",\"inLanguage\":\"es\",\"@id\":\"https:\\\/\\\/impactocastex.com.ar\\\/?p=2791#primaryimage\",\"url\":\"https:\\\/\\\/impactocastex.com.ar\\\/wp-content\\\/uploads\\\/2025\\\/11\\\/2127056.jpg\",\"contentUrl\":\"https:\\\/\\\/impactocastex.com.ar\\\/wp-content\\\/uploads\\\/2025\\\/11\\\/2127056.jpg\",\"width\":1200,\"height\":631},{\"@type\":\"BreadcrumbList\",\"@id\":\"https:\\\/\\\/impactocastex.com.ar\\\/?p=2791#breadcrumb\",\"itemListElement\":[{\"@type\":\"ListItem\",\"position\":1,\"name\":\"Portada\",\"item\":\"https:\\\/\\\/impactocastex.com.ar\\\/\"},{\"@type\":\"ListItem\",\"position\":2,\"name\":\"La Corte Suprema le dio domiciliaria a represor condenado por el asesinato de pampeanos\"}]},{\"@type\":\"WebSite\",\"@id\":\"https:\\\/\\\/impactocastex.com.ar\\\/#website\",\"url\":\"https:\\\/\\\/impactocastex.com.ar\\\/\",\"name\":\"Impacto Castex\",\"description\":\"\",\"publisher\":{\"@id\":\"https:\\\/\\\/impactocastex.com.ar\\\/#organization\"},\"potentialAction\":[{\"@type\":\"SearchAction\",\"target\":{\"@type\":\"EntryPoint\",\"urlTemplate\":\"https:\\\/\\\/impactocastex.com.ar\\\/?s={search_term_string}\"},\"query-input\":{\"@type\":\"PropertyValueSpecification\",\"valueRequired\":true,\"valueName\":\"search_term_string\"}}],\"inLanguage\":\"es\"},{\"@type\":\"Organization\",\"@id\":\"https:\\\/\\\/impactocastex.com.ar\\\/#organization\",\"name\":\"Impacto Castex\",\"url\":\"https:\\\/\\\/impactocastex.com.ar\\\/\",\"logo\":{\"@type\":\"ImageObject\",\"inLanguage\":\"es\",\"@id\":\"https:\\\/\\\/impactocastex.com.ar\\\/#\\\/schema\\\/logo\\\/image\\\/\",\"url\":\"https:\\\/\\\/impactocastex.com.ar\\\/wp-content\\\/uploads\\\/2025\\\/09\\\/cropped-icoweb.png\",\"contentUrl\":\"https:\\\/\\\/impactocastex.com.ar\\\/wp-content\\\/uploads\\\/2025\\\/09\\\/cropped-icoweb.png\",\"width\":512,\"height\":512,\"caption\":\"Impacto Castex\"},\"image\":{\"@id\":\"https:\\\/\\\/impactocastex.com.ar\\\/#\\\/schema\\\/logo\\\/image\\\/\"},\"sameAs\":[\"https:\\\/\\\/www.facebook.com\\\/impactocastexdiario\",\"https:\\\/\\\/www.instagram.com\\\/impactocastex.com.ar\\\/\"]},{\"@type\":\"Person\",\"@id\":\"https:\\\/\\\/impactocastex.com.ar\\\/#\\\/schema\\\/person\\\/c115028fb60f9bf49ce7550894b84ea7\",\"name\":\"impactocastex\",\"image\":{\"@type\":\"ImageObject\",\"inLanguage\":\"es\",\"@id\":\"https:\\\/\\\/secure.gravatar.com\\\/avatar\\\/fee87e7af008f02e9becdc0b5a9fd4a2e79b3918a571edeacb62211704637833?s=96&d=mm&r=g\",\"url\":\"https:\\\/\\\/secure.gravatar.com\\\/avatar\\\/fee87e7af008f02e9becdc0b5a9fd4a2e79b3918a571edeacb62211704637833?s=96&d=mm&r=g\",\"contentUrl\":\"https:\\\/\\\/secure.gravatar.com\\\/avatar\\\/fee87e7af008f02e9becdc0b5a9fd4a2e79b3918a571edeacb62211704637833?s=96&d=mm&r=g\",\"caption\":\"impactocastex\"},\"sameAs\":[\"https:\\\/\\\/impactocastex.com.ar\\\/\"],\"url\":\"https:\\\/\\\/impactocastex.com.ar\\\/?author=2\"}]}<\/script>\n<!-- \/ Yoast SEO plugin. -->","yoast_head_json":{"title":"La Corte Suprema le dio domiciliaria a represor condenado por el asesinato de pampeanos -","robots":{"index":"index","follow":"follow","max-snippet":"max-snippet:-1","max-image-preview":"max-image-preview:large","max-video-preview":"max-video-preview:-1"},"canonical":"https:\/\/impactocastex.com.ar\/?p=2791","og_locale":"es_ES","og_type":"article","og_title":"La Corte Suprema le dio domiciliaria a represor condenado por el asesinato de pampeanos -","og_description":"Carlos Ernesto \u00abIndio\u00bb Castillo fue condenado a perpetua, pero ir\u00e1 a su casa. El grupo...","og_url":"https:\/\/impactocastex.com.ar\/?p=2791","article_publisher":"https:\/\/www.facebook.com\/impactocastexdiario","article_published_time":"2025-11-06T12:52:24+00:00","article_modified_time":"2025-11-06T12:52:25+00:00","og_image":[{"width":1200,"height":631,"url":"https:\/\/impactocastex.com.ar\/wp-content\/uploads\/2025\/11\/2127056.jpg","type":"image\/jpeg"}],"author":"impactocastex","twitter_card":"summary_large_image","twitter_misc":{"Escrito por":"impactocastex","Tiempo de lectura":"3 minutos"},"schema":{"@context":"https:\/\/schema.org","@graph":[{"@type":"Article","@id":"https:\/\/impactocastex.com.ar\/?p=2791#article","isPartOf":{"@id":"https:\/\/impactocastex.com.ar\/?p=2791"},"author":{"name":"impactocastex","@id":"https:\/\/impactocastex.com.ar\/#\/schema\/person\/c115028fb60f9bf49ce7550894b84ea7"},"headline":"La Corte Suprema le dio domiciliaria a represor condenado por el asesinato de pampeanos","datePublished":"2025-11-06T12:52:24+00:00","dateModified":"2025-11-06T12:52:25+00:00","mainEntityOfPage":{"@id":"https:\/\/impactocastex.com.ar\/?p=2791"},"wordCount":628,"publisher":{"@id":"https:\/\/impactocastex.com.ar\/#organization"},"image":{"@id":"https:\/\/impactocastex.com.ar\/?p=2791#primaryimage"},"thumbnailUrl":"https:\/\/impactocastex.com.ar\/wp-content\/uploads\/2025\/11\/2127056.jpg","articleSection":["LA PAMPA"],"inLanguage":"es"},{"@type":"WebPage","@id":"https:\/\/impactocastex.com.ar\/?p=2791","url":"https:\/\/impactocastex.com.ar\/?p=2791","name":"La Corte Suprema le dio domiciliaria a represor condenado por el asesinato de pampeanos -","isPartOf":{"@id":"https:\/\/impactocastex.com.ar\/#website"},"primaryImageOfPage":{"@id":"https:\/\/impactocastex.com.ar\/?p=2791#primaryimage"},"image":{"@id":"https:\/\/impactocastex.com.ar\/?p=2791#primaryimage"},"thumbnailUrl":"https:\/\/impactocastex.com.ar\/wp-content\/uploads\/2025\/11\/2127056.jpg","datePublished":"2025-11-06T12:52:24+00:00","dateModified":"2025-11-06T12:52:25+00:00","breadcrumb":{"@id":"https:\/\/impactocastex.com.ar\/?p=2791#breadcrumb"},"inLanguage":"es","potentialAction":[{"@type":"ReadAction","target":["https:\/\/impactocastex.com.ar\/?p=2791"]}]},{"@type":"ImageObject","inLanguage":"es","@id":"https:\/\/impactocastex.com.ar\/?p=2791#primaryimage","url":"https:\/\/impactocastex.com.ar\/wp-content\/uploads\/2025\/11\/2127056.jpg","contentUrl":"https:\/\/impactocastex.com.ar\/wp-content\/uploads\/2025\/11\/2127056.jpg","width":1200,"height":631},{"@type":"BreadcrumbList","@id":"https:\/\/impactocastex.com.ar\/?p=2791#breadcrumb","itemListElement":[{"@type":"ListItem","position":1,"name":"Portada","item":"https:\/\/impactocastex.com.ar\/"},{"@type":"ListItem","position":2,"name":"La Corte Suprema le dio domiciliaria a represor condenado por el asesinato de pampeanos"}]},{"@type":"WebSite","@id":"https:\/\/impactocastex.com.ar\/#website","url":"https:\/\/impactocastex.com.ar\/","name":"Impacto Castex","description":"","publisher":{"@id":"https:\/\/impactocastex.com.ar\/#organization"},"potentialAction":[{"@type":"SearchAction","target":{"@type":"EntryPoint","urlTemplate":"https:\/\/impactocastex.com.ar\/?s={search_term_string}"},"query-input":{"@type":"PropertyValueSpecification","valueRequired":true,"valueName":"search_term_string"}}],"inLanguage":"es"},{"@type":"Organization","@id":"https:\/\/impactocastex.com.ar\/#organization","name":"Impacto Castex","url":"https:\/\/impactocastex.com.ar\/","logo":{"@type":"ImageObject","inLanguage":"es","@id":"https:\/\/impactocastex.com.ar\/#\/schema\/logo\/image\/","url":"https:\/\/impactocastex.com.ar\/wp-content\/uploads\/2025\/09\/cropped-icoweb.png","contentUrl":"https:\/\/impactocastex.com.ar\/wp-content\/uploads\/2025\/09\/cropped-icoweb.png","width":512,"height":512,"caption":"Impacto Castex"},"image":{"@id":"https:\/\/impactocastex.com.ar\/#\/schema\/logo\/image\/"},"sameAs":["https:\/\/www.facebook.com\/impactocastexdiario","https:\/\/www.instagram.com\/impactocastex.com.ar\/"]},{"@type":"Person","@id":"https:\/\/impactocastex.com.ar\/#\/schema\/person\/c115028fb60f9bf49ce7550894b84ea7","name":"impactocastex","image":{"@type":"ImageObject","inLanguage":"es","@id":"https:\/\/secure.gravatar.com\/avatar\/fee87e7af008f02e9becdc0b5a9fd4a2e79b3918a571edeacb62211704637833?s=96&d=mm&r=g","url":"https:\/\/secure.gravatar.com\/avatar\/fee87e7af008f02e9becdc0b5a9fd4a2e79b3918a571edeacb62211704637833?s=96&d=mm&r=g","contentUrl":"https:\/\/secure.gravatar.com\/avatar\/fee87e7af008f02e9becdc0b5a9fd4a2e79b3918a571edeacb62211704637833?s=96&d=mm&r=g","caption":"impactocastex"},"sameAs":["https:\/\/impactocastex.com.ar\/"],"url":"https:\/\/impactocastex.com.ar\/?author=2"}]}},"jetpack_publicize_connections":[],"featured_image_urls":{"full":["https:\/\/impactocastex.com.ar\/wp-content\/uploads\/2025\/11\/2127056.jpg",1200,631,false],"thumbnail":["https:\/\/impactocastex.com.ar\/wp-content\/uploads\/2025\/11\/2127056-150x150.jpg",150,150,true],"medium":["https:\/\/impactocastex.com.ar\/wp-content\/uploads\/2025\/11\/2127056-300x158.jpg",300,158,true],"medium_large":["https:\/\/impactocastex.com.ar\/wp-content\/uploads\/2025\/11\/2127056-768x404.jpg",640,337,true],"large":["https:\/\/impactocastex.com.ar\/wp-content\/uploads\/2025\/11\/2127056-1024x538.jpg",640,336,true],"1536x1536":["https:\/\/impactocastex.com.ar\/wp-content\/uploads\/2025\/11\/2127056.jpg",1200,631,false],"2048x2048":["https:\/\/impactocastex.com.ar\/wp-content\/uploads\/2025\/11\/2127056.jpg",1200,631,false],"newsever-slider-full":["https:\/\/impactocastex.com.ar\/wp-content\/uploads\/2025\/11\/2127056.jpg",1200,631,false],"newsever-featured":["https:\/\/impactocastex.com.ar\/wp-content\/uploads\/2025\/11\/2127056-1024x538.jpg",1024,538,true],"newsever-medium":["https:\/\/impactocastex.com.ar\/wp-content\/uploads\/2025\/11\/2127056-720x475.jpg",720,475,true]},"author_info":{"info":["impactocastex"]},"category_info":"<a href=\"https:\/\/impactocastex.com.ar\/?cat=83\" rel=\"category\">LA PAMPA<\/a>","tag_info":"LA PAMPA","comment_count":0,"jetpack_featured_media_url":"https:\/\/impactocastex.com.ar\/wp-content\/uploads\/2025\/11\/2127056.jpg","jetpack_sharing_enabled":true,"jetpack_likes_enabled":true,"jetpack_shortlink":"https:\/\/wp.me\/p7sopA-J1","_links":{"self":[{"href":"https:\/\/impactocastex.com.ar\/index.php?rest_route=\/wp\/v2\/posts\/2791","targetHints":{"allow":["GET"]}}],"collection":[{"href":"https:\/\/impactocastex.com.ar\/index.php?rest_route=\/wp\/v2\/posts"}],"about":[{"href":"https:\/\/impactocastex.com.ar\/index.php?rest_route=\/wp\/v2\/types\/post"}],"author":[{"embeddable":true,"href":"https:\/\/impactocastex.com.ar\/index.php?rest_route=\/wp\/v2\/users\/2"}],"replies":[{"embeddable":true,"href":"https:\/\/impactocastex.com.ar\/index.php?rest_route=%2Fwp%2Fv2%2Fcomments&post=2791"}],"version-history":[{"count":1,"href":"https:\/\/impactocastex.com.ar\/index.php?rest_route=\/wp\/v2\/posts\/2791\/revisions"}],"predecessor-version":[{"id":2793,"href":"https:\/\/impactocastex.com.ar\/index.php?rest_route=\/wp\/v2\/posts\/2791\/revisions\/2793"}],"wp:featuredmedia":[{"embeddable":true,"href":"https:\/\/impactocastex.com.ar\/index.php?rest_route=\/wp\/v2\/media\/2792"}],"wp:attachment":[{"href":"https:\/\/impactocastex.com.ar\/index.php?rest_route=%2Fwp%2Fv2%2Fmedia&parent=2791"}],"wp:term":[{"taxonomy":"category","embeddable":true,"href":"https:\/\/impactocastex.com.ar\/index.php?rest_route=%2Fwp%2Fv2%2Fcategories&post=2791"},{"taxonomy":"post_tag","embeddable":true,"href":"https:\/\/impactocastex.com.ar\/index.php?rest_route=%2Fwp%2Fv2%2Ftags&post=2791"}],"curies":[{"name":"wp","href":"https:\/\/api.w.org\/{rel}","templated":true}]}}