{"id":2779,"date":"2025-11-05T17:00:18","date_gmt":"2025-11-05T20:00:18","guid":{"rendered":"https:\/\/impactocastex.com.ar\/?p=2779"},"modified":"2025-11-05T17:00:19","modified_gmt":"2025-11-05T20:00:19","slug":"internaron-a-un-bebe-de-seis-meses-en-rosario-con-signos-de-abuso-sexual-hay-un-detenido","status":"publish","type":"post","link":"https:\/\/impactocastex.com.ar\/?p=2779","title":{"rendered":"Internaron a un beb\u00e9 de seis meses en Rosario con signos de abuso sexual: hay un detenido"},"content":{"rendered":"\n<h2 class=\"wp-block-heading\">La madre, una joven de 16 a\u00f1os, llev\u00f3 al ni\u00f1o a la guardia a causa de un constante llanto. Los m\u00e9dicos lo revisaron y presentaron la denuncia ante el Ministerio P\u00fablico de la Acusaci\u00f3n (MPA).<\/h2>\n\n\n\n<figure class=\"wp-block-image size-full\"><img loading=\"lazy\" decoding=\"async\" width=\"790\" height=\"444\" src=\"https:\/\/impactocastex.com.ar\/wp-content\/uploads\/2025\/11\/image-17.png\" alt=\"\" class=\"wp-image-2780\" srcset=\"https:\/\/impactocastex.com.ar\/wp-content\/uploads\/2025\/11\/image-17.png 790w, https:\/\/impactocastex.com.ar\/wp-content\/uploads\/2025\/11\/image-17-300x169.png 300w, https:\/\/impactocastex.com.ar\/wp-content\/uploads\/2025\/11\/image-17-768x432.png 768w\" sizes=\"auto, (max-width: 790px) 100vw, 790px\" \/><\/figure>\n\n\n\n<p>El beb\u00e9 de seis meses evoluciona favorablemente.<\/p>\n\n\n\n<p><strong>Un beb\u00e9 de seis meses tuvo que ser internado de urgencia luego de que los m\u00e9dicos detectaran lesiones graves compatibles con un abuso sexual. L<\/strong>a madre del menor, una joven de 16 a\u00f1os, fue quien lo llev\u00f3 a la guardia en la ciudad de Rosario por el constante llanto del menor.<\/p>\n\n\n\n<p>Todo comenz\u00f3 el lunes a la madrugada cuando la madre del beb\u00e9 lo llev\u00f3 a la guardia del Hospital de Ni\u00f1os V\u00edctor J. Vilela y afirm\u00f3 que el ni\u00f1o presentaba dificultades a la hora de defecar y sufr\u00eda estre\u00f1imiento, adem\u00e1s de llorar de manera sostenida.<\/p>\n\n\n\n<p>Por ese motivo, los m\u00e9dicos comenzaron a revisarlo y constataron posibles signos de abuso sexual y el director del centro, Eduardo Casim, asegur\u00f3 que no es una lesi\u00f3n que se vea con normalidad. Por ese motivo, actuaron.<\/p>\n\n\n\n<p>Ya con los resultados,&nbsp;<strong>se realiz\u00f3 una denuncia en la unidad de Delitos contra la Integridad Sexual del Ministerio P\u00fablico de la Acusaci\u00f3n&nbsp;<\/strong>y se inici\u00f3 una investigaci\u00f3n junto con la intervenci\u00f3n de la Secretar\u00eda de la Ni\u00f1ez.<\/p>\n\n\n\n<p>El mayor sospechoso es un hombre de 47 a\u00f1os, el cual ser\u00eda un allegado a la familia. La Polic\u00eda lo detuvo luego de un llamado al 911 por un supuesto robo, pero al llegar al lugar, una mujer lo se\u00f1al\u00f3 como posible responsable identificado como Guillermo V.<\/p>\n\n\n\n<p><strong>El ni\u00f1o tuvo una evoluci\u00f3n favorable en las primeras 24 horas<\/strong>&nbsp;y se encuentra internado en una habitaci\u00f3n en sala general. Casim cont\u00f3 en La Capital que \u201cse hizo una exploraci\u00f3n bajo anestesia para ver la magnitud de las lesiones. Tenemos fe de que se va a recuperar\u201d.<\/p>\n\n\n\n<p>La Direcci\u00f3n Provincial de la Ni\u00f1ez, Adolescencia y Familia, a cargo de Rodrigo Lioy, orden\u00f3 que<strong>&nbsp;la v\u00edctima quede bajo resguardo estatal. \u201cSe defini\u00f3 adoptar y efectivizar una medida de protecci\u00f3n excepcional<\/strong>, que implica suspender la responsabilidad parental de los progenitores y disponer el resguardo inmediato del ni\u00f1o\u201d, indic\u00f3 el funcionario.<\/p>\n","protected":false},"excerpt":{"rendered":"<p>La madre, una joven de 16 a\u00f1os, llev\u00f3 al ni\u00f1o a la guardia a causa&#8230;<\/p>\n","protected":false},"author":3,"featured_media":2780,"comment_status":"closed","ping_status":"closed","sticky":false,"template":"","format":"standard","meta":{"_jetpack_memberships_contains_paid_content":false,"footnotes":"","jetpack_publicize_message":"Internaron a un beb\u00e9 de seis meses en Rosario con signos de abuso sexual: hay un detenido","jetpack_publicize_feature_enabled":true,"jetpack_social_post_already_shared":false,"jetpack_social_options":{"image_generator_settings":{"template":"highway","default_image_id":0,"font":"","enabled":false},"version":2}},"categories":[85],"tags":[],"class_list":["post-2779","post","type-post","status-publish","format-standard","has-post-thumbnail","hentry","category-policiales"],"yoast_head":"<!-- This site is optimized with the Yoast SEO plugin v27.4 - https:\/\/yoast.com\/product\/yoast-seo-wordpress\/ -->\n<title>Internaron a un beb\u00e9 de seis meses en Rosario con signos de abuso sexual: hay un detenido -<\/title>\n<meta name=\"robots\" content=\"index, follow, max-snippet:-1, max-image-preview:large, max-video-preview:-1\" \/>\n<link rel=\"canonical\" href=\"https:\/\/impactocastex.com.ar\/?p=2779\" \/>\n<meta property=\"og:locale\" content=\"es_ES\" \/>\n<meta property=\"og:type\" content=\"article\" \/>\n<meta property=\"og:title\" content=\"Internaron a un beb\u00e9 de seis meses en Rosario con signos de abuso sexual: hay un detenido -\" \/>\n<meta property=\"og:description\" content=\"La madre, una joven de 16 a\u00f1os, llev\u00f3 al ni\u00f1o a la guardia a causa...\" \/>\n<meta property=\"og:url\" content=\"https:\/\/impactocastex.com.ar\/?p=2779\" \/>\n<meta property=\"article:publisher\" content=\"https:\/\/www.facebook.com\/impactocastexdiario\" \/>\n<meta property=\"article:published_time\" content=\"2025-11-05T20:00:18+00:00\" \/>\n<meta property=\"article:modified_time\" content=\"2025-11-05T20:00:19+00:00\" \/>\n<meta property=\"og:image\" content=\"https:\/\/impactocastex.com.ar\/wp-content\/uploads\/2025\/11\/image-17.png\" \/>\n\t<meta property=\"og:image:width\" content=\"790\" \/>\n\t<meta property=\"og:image:height\" content=\"444\" \/>\n\t<meta property=\"og:image:type\" content=\"image\/png\" \/>\n<meta name=\"author\" content=\"impactocastex\" \/>\n<meta name=\"twitter:card\" content=\"summary_large_image\" \/>\n<meta name=\"twitter:label1\" content=\"Escrito por\" \/>\n\t<meta name=\"twitter:data1\" content=\"impactocastex\" \/>\n\t<meta name=\"twitter:label2\" content=\"Tiempo de lectura\" \/>\n\t<meta name=\"twitter:data2\" content=\"3 minutos\" \/>\n<script type=\"application\/ld+json\" class=\"yoast-schema-graph\">{\"@context\":\"https:\\\/\\\/schema.org\",\"@graph\":[{\"@type\":\"Article\",\"@id\":\"https:\\\/\\\/impactocastex.com.ar\\\/?p=2779#article\",\"isPartOf\":{\"@id\":\"https:\\\/\\\/impactocastex.com.ar\\\/?p=2779\"},\"author\":{\"name\":\"impactocastex\",\"@id\":\"https:\\\/\\\/impactocastex.com.ar\\\/#\\\/schema\\\/person\\\/b327b0ea8bfcd892e3a9af496709745e\"},\"headline\":\"Internaron a un beb\u00e9 de seis meses en Rosario con signos de abuso sexual: hay un detenido\",\"datePublished\":\"2025-11-05T20:00:18+00:00\",\"dateModified\":\"2025-11-05T20:00:19+00:00\",\"mainEntityOfPage\":{\"@id\":\"https:\\\/\\\/impactocastex.com.ar\\\/?p=2779\"},\"wordCount\":409,\"publisher\":{\"@id\":\"https:\\\/\\\/impactocastex.com.ar\\\/#organization\"},\"image\":{\"@id\":\"https:\\\/\\\/impactocastex.com.ar\\\/?p=2779#primaryimage\"},\"thumbnailUrl\":\"https:\\\/\\\/impactocastex.com.ar\\\/wp-content\\\/uploads\\\/2025\\\/11\\\/image-17.png\",\"articleSection\":[\"POLICIALES\"],\"inLanguage\":\"es\"},{\"@type\":\"WebPage\",\"@id\":\"https:\\\/\\\/impactocastex.com.ar\\\/?p=2779\",\"url\":\"https:\\\/\\\/impactocastex.com.ar\\\/?p=2779\",\"name\":\"Internaron a un beb\u00e9 de seis meses en Rosario con signos de abuso sexual: hay un detenido -\",\"isPartOf\":{\"@id\":\"https:\\\/\\\/impactocastex.com.ar\\\/#website\"},\"primaryImageOfPage\":{\"@id\":\"https:\\\/\\\/impactocastex.com.ar\\\/?p=2779#primaryimage\"},\"image\":{\"@id\":\"https:\\\/\\\/impactocastex.com.ar\\\/?p=2779#primaryimage\"},\"thumbnailUrl\":\"https:\\\/\\\/impactocastex.com.ar\\\/wp-content\\\/uploads\\\/2025\\\/11\\\/image-17.png\",\"datePublished\":\"2025-11-05T20:00:18+00:00\",\"dateModified\":\"2025-11-05T20:00:19+00:00\",\"breadcrumb\":{\"@id\":\"https:\\\/\\\/impactocastex.com.ar\\\/?p=2779#breadcrumb\"},\"inLanguage\":\"es\",\"potentialAction\":[{\"@type\":\"ReadAction\",\"target\":[\"https:\\\/\\\/impactocastex.com.ar\\\/?p=2779\"]}]},{\"@type\":\"ImageObject\",\"inLanguage\":\"es\",\"@id\":\"https:\\\/\\\/impactocastex.com.ar\\\/?p=2779#primaryimage\",\"url\":\"https:\\\/\\\/impactocastex.com.ar\\\/wp-content\\\/uploads\\\/2025\\\/11\\\/image-17.png\",\"contentUrl\":\"https:\\\/\\\/impactocastex.com.ar\\\/wp-content\\\/uploads\\\/2025\\\/11\\\/image-17.png\",\"width\":790,\"height\":444},{\"@type\":\"BreadcrumbList\",\"@id\":\"https:\\\/\\\/impactocastex.com.ar\\\/?p=2779#breadcrumb\",\"itemListElement\":[{\"@type\":\"ListItem\",\"position\":1,\"name\":\"Portada\",\"item\":\"https:\\\/\\\/impactocastex.com.ar\\\/\"},{\"@type\":\"ListItem\",\"position\":2,\"name\":\"Internaron a un beb\u00e9 de seis meses en Rosario con signos de abuso sexual: hay un detenido\"}]},{\"@type\":\"WebSite\",\"@id\":\"https:\\\/\\\/impactocastex.com.ar\\\/#website\",\"url\":\"https:\\\/\\\/impactocastex.com.ar\\\/\",\"name\":\"Impacto Castex\",\"description\":\"\",\"publisher\":{\"@id\":\"https:\\\/\\\/impactocastex.com.ar\\\/#organization\"},\"potentialAction\":[{\"@type\":\"SearchAction\",\"target\":{\"@type\":\"EntryPoint\",\"urlTemplate\":\"https:\\\/\\\/impactocastex.com.ar\\\/?s={search_term_string}\"},\"query-input\":{\"@type\":\"PropertyValueSpecification\",\"valueRequired\":true,\"valueName\":\"search_term_string\"}}],\"inLanguage\":\"es\"},{\"@type\":\"Organization\",\"@id\":\"https:\\\/\\\/impactocastex.com.ar\\\/#organization\",\"name\":\"Impacto Castex\",\"url\":\"https:\\\/\\\/impactocastex.com.ar\\\/\",\"logo\":{\"@type\":\"ImageObject\",\"inLanguage\":\"es\",\"@id\":\"https:\\\/\\\/impactocastex.com.ar\\\/#\\\/schema\\\/logo\\\/image\\\/\",\"url\":\"https:\\\/\\\/impactocastex.com.ar\\\/wp-content\\\/uploads\\\/2025\\\/09\\\/cropped-icoweb.png\",\"contentUrl\":\"https:\\\/\\\/impactocastex.com.ar\\\/wp-content\\\/uploads\\\/2025\\\/09\\\/cropped-icoweb.png\",\"width\":512,\"height\":512,\"caption\":\"Impacto Castex\"},\"image\":{\"@id\":\"https:\\\/\\\/impactocastex.com.ar\\\/#\\\/schema\\\/logo\\\/image\\\/\"},\"sameAs\":[\"https:\\\/\\\/www.facebook.com\\\/impactocastexdiario\",\"https:\\\/\\\/www.instagram.com\\\/impactocastex.com.ar\\\/\"]},{\"@type\":\"Person\",\"@id\":\"https:\\\/\\\/impactocastex.com.ar\\\/#\\\/schema\\\/person\\\/b327b0ea8bfcd892e3a9af496709745e\",\"name\":\"impactocastex\",\"image\":{\"@type\":\"ImageObject\",\"inLanguage\":\"es\",\"@id\":\"https:\\\/\\\/secure.gravatar.com\\\/avatar\\\/2babee7427073efe23b5f05473c4b44740c8b042657b92cec07b5d0db7429355?s=96&d=mm&r=g\",\"url\":\"https:\\\/\\\/secure.gravatar.com\\\/avatar\\\/2babee7427073efe23b5f05473c4b44740c8b042657b92cec07b5d0db7429355?s=96&d=mm&r=g\",\"contentUrl\":\"https:\\\/\\\/secure.gravatar.com\\\/avatar\\\/2babee7427073efe23b5f05473c4b44740c8b042657b92cec07b5d0db7429355?s=96&d=mm&r=g\",\"caption\":\"impactocastex\"},\"sameAs\":[\"https:\\\/\\\/impactocastex.com.ar\\\/\"],\"url\":\"https:\\\/\\\/impactocastex.com.ar\\\/?author=3\"}]}<\/script>\n<!-- \/ Yoast SEO plugin. -->","yoast_head_json":{"title":"Internaron a un beb\u00e9 de seis meses en Rosario con signos de abuso sexual: hay un detenido -","robots":{"index":"index","follow":"follow","max-snippet":"max-snippet:-1","max-image-preview":"max-image-preview:large","max-video-preview":"max-video-preview:-1"},"canonical":"https:\/\/impactocastex.com.ar\/?p=2779","og_locale":"es_ES","og_type":"article","og_title":"Internaron a un beb\u00e9 de seis meses en Rosario con signos de abuso sexual: hay un detenido -","og_description":"La madre, una joven de 16 a\u00f1os, llev\u00f3 al ni\u00f1o a la guardia a causa...","og_url":"https:\/\/impactocastex.com.ar\/?p=2779","article_publisher":"https:\/\/www.facebook.com\/impactocastexdiario","article_published_time":"2025-11-05T20:00:18+00:00","article_modified_time":"2025-11-05T20:00:19+00:00","og_image":[{"width":790,"height":444,"url":"https:\/\/impactocastex.com.ar\/wp-content\/uploads\/2025\/11\/image-17.png","type":"image\/png"}],"author":"impactocastex","twitter_card":"summary_large_image","twitter_misc":{"Escrito por":"impactocastex","Tiempo de lectura":"3 minutos"},"schema":{"@context":"https:\/\/schema.org","@graph":[{"@type":"Article","@id":"https:\/\/impactocastex.com.ar\/?p=2779#article","isPartOf":{"@id":"https:\/\/impactocastex.com.ar\/?p=2779"},"author":{"name":"impactocastex","@id":"https:\/\/impactocastex.com.ar\/#\/schema\/person\/b327b0ea8bfcd892e3a9af496709745e"},"headline":"Internaron a un beb\u00e9 de seis meses en Rosario con signos de abuso sexual: hay un detenido","datePublished":"2025-11-05T20:00:18+00:00","dateModified":"2025-11-05T20:00:19+00:00","mainEntityOfPage":{"@id":"https:\/\/impactocastex.com.ar\/?p=2779"},"wordCount":409,"publisher":{"@id":"https:\/\/impactocastex.com.ar\/#organization"},"image":{"@id":"https:\/\/impactocastex.com.ar\/?p=2779#primaryimage"},"thumbnailUrl":"https:\/\/impactocastex.com.ar\/wp-content\/uploads\/2025\/11\/image-17.png","articleSection":["POLICIALES"],"inLanguage":"es"},{"@type":"WebPage","@id":"https:\/\/impactocastex.com.ar\/?p=2779","url":"https:\/\/impactocastex.com.ar\/?p=2779","name":"Internaron a un beb\u00e9 de seis meses en Rosario con signos de abuso sexual: hay un detenido -","isPartOf":{"@id":"https:\/\/impactocastex.com.ar\/#website"},"primaryImageOfPage":{"@id":"https:\/\/impactocastex.com.ar\/?p=2779#primaryimage"},"image":{"@id":"https:\/\/impactocastex.com.ar\/?p=2779#primaryimage"},"thumbnailUrl":"https:\/\/impactocastex.com.ar\/wp-content\/uploads\/2025\/11\/image-17.png","datePublished":"2025-11-05T20:00:18+00:00","dateModified":"2025-11-05T20:00:19+00:00","breadcrumb":{"@id":"https:\/\/impactocastex.com.ar\/?p=2779#breadcrumb"},"inLanguage":"es","potentialAction":[{"@type":"ReadAction","target":["https:\/\/impactocastex.com.ar\/?p=2779"]}]},{"@type":"ImageObject","inLanguage":"es","@id":"https:\/\/impactocastex.com.ar\/?p=2779#primaryimage","url":"https:\/\/impactocastex.com.ar\/wp-content\/uploads\/2025\/11\/image-17.png","contentUrl":"https:\/\/impactocastex.com.ar\/wp-content\/uploads\/2025\/11\/image-17.png","width":790,"height":444},{"@type":"BreadcrumbList","@id":"https:\/\/impactocastex.com.ar\/?p=2779#breadcrumb","itemListElement":[{"@type":"ListItem","position":1,"name":"Portada","item":"https:\/\/impactocastex.com.ar\/"},{"@type":"ListItem","position":2,"name":"Internaron a un beb\u00e9 de seis meses en Rosario con signos de abuso sexual: hay un detenido"}]},{"@type":"WebSite","@id":"https:\/\/impactocastex.com.ar\/#website","url":"https:\/\/impactocastex.com.ar\/","name":"Impacto Castex","description":"","publisher":{"@id":"https:\/\/impactocastex.com.ar\/#organization"},"potentialAction":[{"@type":"SearchAction","target":{"@type":"EntryPoint","urlTemplate":"https:\/\/impactocastex.com.ar\/?s={search_term_string}"},"query-input":{"@type":"PropertyValueSpecification","valueRequired":true,"valueName":"search_term_string"}}],"inLanguage":"es"},{"@type":"Organization","@id":"https:\/\/impactocastex.com.ar\/#organization","name":"Impacto Castex","url":"https:\/\/impactocastex.com.ar\/","logo":{"@type":"ImageObject","inLanguage":"es","@id":"https:\/\/impactocastex.com.ar\/#\/schema\/logo\/image\/","url":"https:\/\/impactocastex.com.ar\/wp-content\/uploads\/2025\/09\/cropped-icoweb.png","contentUrl":"https:\/\/impactocastex.com.ar\/wp-content\/uploads\/2025\/09\/cropped-icoweb.png","width":512,"height":512,"caption":"Impacto Castex"},"image":{"@id":"https:\/\/impactocastex.com.ar\/#\/schema\/logo\/image\/"},"sameAs":["https:\/\/www.facebook.com\/impactocastexdiario","https:\/\/www.instagram.com\/impactocastex.com.ar\/"]},{"@type":"Person","@id":"https:\/\/impactocastex.com.ar\/#\/schema\/person\/b327b0ea8bfcd892e3a9af496709745e","name":"impactocastex","image":{"@type":"ImageObject","inLanguage":"es","@id":"https:\/\/secure.gravatar.com\/avatar\/2babee7427073efe23b5f05473c4b44740c8b042657b92cec07b5d0db7429355?s=96&d=mm&r=g","url":"https:\/\/secure.gravatar.com\/avatar\/2babee7427073efe23b5f05473c4b44740c8b042657b92cec07b5d0db7429355?s=96&d=mm&r=g","contentUrl":"https:\/\/secure.gravatar.com\/avatar\/2babee7427073efe23b5f05473c4b44740c8b042657b92cec07b5d0db7429355?s=96&d=mm&r=g","caption":"impactocastex"},"sameAs":["https:\/\/impactocastex.com.ar\/"],"url":"https:\/\/impactocastex.com.ar\/?author=3"}]}},"jetpack_publicize_connections":[],"featured_image_urls":{"full":["https:\/\/impactocastex.com.ar\/wp-content\/uploads\/2025\/11\/image-17.png",790,444,false],"thumbnail":["https:\/\/impactocastex.com.ar\/wp-content\/uploads\/2025\/11\/image-17-150x150.png",150,150,true],"medium":["https:\/\/impactocastex.com.ar\/wp-content\/uploads\/2025\/11\/image-17-300x169.png",300,169,true],"medium_large":["https:\/\/impactocastex.com.ar\/wp-content\/uploads\/2025\/11\/image-17-768x432.png",640,360,true],"large":["https:\/\/impactocastex.com.ar\/wp-content\/uploads\/2025\/11\/image-17.png",640,360,false],"1536x1536":["https:\/\/impactocastex.com.ar\/wp-content\/uploads\/2025\/11\/image-17.png",790,444,false],"2048x2048":["https:\/\/impactocastex.com.ar\/wp-content\/uploads\/2025\/11\/image-17.png",790,444,false],"newsever-slider-full":["https:\/\/impactocastex.com.ar\/wp-content\/uploads\/2025\/11\/image-17.png",790,444,false],"newsever-featured":["https:\/\/impactocastex.com.ar\/wp-content\/uploads\/2025\/11\/image-17.png",790,444,false],"newsever-medium":["https:\/\/impactocastex.com.ar\/wp-content\/uploads\/2025\/11\/image-17-720x444.png",720,444,true]},"author_info":{"info":["impactocastex"]},"category_info":"<a href=\"https:\/\/impactocastex.com.ar\/?cat=85\" rel=\"category\">POLICIALES<\/a>","tag_info":"POLICIALES","comment_count":0,"jetpack_featured_media_url":"https:\/\/impactocastex.com.ar\/wp-content\/uploads\/2025\/11\/image-17.png","jetpack_sharing_enabled":true,"jetpack_likes_enabled":true,"jetpack_shortlink":"https:\/\/wp.me\/p7sopA-IP","_links":{"self":[{"href":"https:\/\/impactocastex.com.ar\/index.php?rest_route=\/wp\/v2\/posts\/2779","targetHints":{"allow":["GET"]}}],"collection":[{"href":"https:\/\/impactocastex.com.ar\/index.php?rest_route=\/wp\/v2\/posts"}],"about":[{"href":"https:\/\/impactocastex.com.ar\/index.php?rest_route=\/wp\/v2\/types\/post"}],"author":[{"embeddable":true,"href":"https:\/\/impactocastex.com.ar\/index.php?rest_route=\/wp\/v2\/users\/3"}],"replies":[{"embeddable":true,"href":"https:\/\/impactocastex.com.ar\/index.php?rest_route=%2Fwp%2Fv2%2Fcomments&post=2779"}],"version-history":[{"count":1,"href":"https:\/\/impactocastex.com.ar\/index.php?rest_route=\/wp\/v2\/posts\/2779\/revisions"}],"predecessor-version":[{"id":2781,"href":"https:\/\/impactocastex.com.ar\/index.php?rest_route=\/wp\/v2\/posts\/2779\/revisions\/2781"}],"wp:featuredmedia":[{"embeddable":true,"href":"https:\/\/impactocastex.com.ar\/index.php?rest_route=\/wp\/v2\/media\/2780"}],"wp:attachment":[{"href":"https:\/\/impactocastex.com.ar\/index.php?rest_route=%2Fwp%2Fv2%2Fmedia&parent=2779"}],"wp:term":[{"taxonomy":"category","embeddable":true,"href":"https:\/\/impactocastex.com.ar\/index.php?rest_route=%2Fwp%2Fv2%2Fcategories&post=2779"},{"taxonomy":"post_tag","embeddable":true,"href":"https:\/\/impactocastex.com.ar\/index.php?rest_route=%2Fwp%2Fv2%2Ftags&post=2779"}],"curies":[{"name":"wp","href":"https:\/\/api.w.org\/{rel}","templated":true}]}}