{"id":2749,"date":"2025-11-05T09:26:51","date_gmt":"2025-11-05T12:26:51","guid":{"rendered":"https:\/\/impactocastex.com.ar\/?p=2749"},"modified":"2025-11-05T09:26:52","modified_gmt":"2025-11-05T12:26:52","slug":"el-gobierno-oficializo-la-tenencia-de-fusiles-semiautomaticos-en-civiles","status":"publish","type":"post","link":"https:\/\/impactocastex.com.ar\/?p=2749","title":{"rendered":"El Gobierno oficializ\u00f3 la tenencia de fusiles semiautom\u00e1ticos en civiles"},"content":{"rendered":"\n<p>La medida se formaliz\u00f3 a trav\u00e9s de la Resoluci\u00f3n 37\/2025.<\/p>\n\n\n\n<p><strong><\/strong>El RENAR public\u00f3 la Resoluci\u00f3n 37\/2025. Los usuarios deber\u00e1n tener 5 a\u00f1os de antig\u00fcedad, un sector G2 y acreditar \u00abusos deportivos\u00bb.<\/p>\n\n\n\n<p>El Gobierno Nacional oficializ\u00f3 este martes los requisitos que deber\u00e1n cumplir los leg\u00edtimos usuarios para adquirir y poseer armas semiautom\u00e1ticas alimentadas con cargadores de quita y pon, s\u00edmil fusiles, carabinas o subametralladoras de asalto de calibre superior al .22 LR.<\/p>\n\n\n\n<p>La medida se formaliz\u00f3 a trav\u00e9s de la Resoluci\u00f3n 37\/2025 del Registro Nacional de Armas (RENAR), organismo que reemplaz\u00f3 a la ANMAC.<\/p>\n\n\n\n<p>Esta resoluci\u00f3n reglamenta el Decreto 397\/25, que hab\u00eda eliminado la prohibici\u00f3n de tenencia de estos materiales para leg\u00edtimos usuarios y hab\u00eda encargado al RENAR establecer un \u00abr\u00e9gimen de autorizaci\u00f3n y control especial\u00bb.<\/p>\n\n\n\n<p>Requisitos para leg\u00edtimos usuarios<\/p>\n\n\n\n<p>Para acceder a la tenencia de estas armas, los leg\u00edtimos usuarios de armas de fuego de uso civil condicional (o las Entidades de Tiro) deber\u00e1n cumplir con una serie de recaudos.<\/p>\n\n\n\n<p>Requisitos administrativos y de antig\u00fcedad:<\/p>\n\n\n\n<p>&#8211; Tener una antig\u00fcedad m\u00ednima de cinco a\u00f1os como leg\u00edtimo usuario de armas de fuego de uso civil condicional.<\/p>\n\n\n\n<p>&#8211; No tener sanciones o actuaciones administrativas en tr\u00e1mite ante el RENAR (ex ANMAC).<\/p>\n\n\n\n<p>&#8211; Contar con un Sector de Guarda registrado tipo G2 (medidas de seguridad espec\u00edficas para el almacenamiento).<\/p>\n\n\n\n<p>&#8211; Presentar una declaraci\u00f3n jurada detallando los fundamentos de la solicitud.<\/p>\n\n\n\n<p>&#8211; Identificar el material (marca, modelo, calibre, n\u00famero de serie) y adjuntar fotograf\u00edas.<\/p>\n\n\n\n<p>Acreditaci\u00f3n de \u00abprobados usos deportivos\u00bb<\/p>\n\n\n\n<p>El punto central del nuevo r\u00e9gimen, establecido por el Decreto 397\/25, es que el usuario debe acreditar \u00abprobados usos deportivos\u00bb.<\/p>\n\n\n\n<p>La resoluci\u00f3n especifica que esto se cumple teniendo, al menos, una de las siguientes condiciones:<\/p>\n\n\n\n<p>&#8211; Una certificaci\u00f3n de una Entidad de Tiro habilitada que avale al solicitante como \u00abtirador asiduo\u00bb.<\/p>\n\n\n\n<p>&#8211; Probar la representaci\u00f3n en cert\u00e1menes nacionales y\/o internacionales de tiro deportivo.<\/p>\n\n\n\n<p>Las Entidades de Tiro tambi\u00e9n podr\u00e1n solicitar el material para ser utilizado por sus socios en disciplinas deportivas o con fines did\u00e1cticos.<\/p>\n\n\n\n<p>El costo del tr\u00e1mite ser\u00e1 equivalente a la suma de una \u00abTenencia Express\u00bb y una \u00abTarjeta de Consumo de Municiones (TCCM)\u00bb. Con esta medida, se derogan varias disposiciones anteriores del ex RENAR que regulaban la materia.<\/p>\n","protected":false},"excerpt":{"rendered":"<p>La medida se formaliz\u00f3 a trav\u00e9s de la Resoluci\u00f3n 37\/2025. El RENAR public\u00f3 la Resoluci\u00f3n&#8230;<\/p>\n","protected":false},"author":2,"featured_media":2750,"comment_status":"closed","ping_status":"closed","sticky":false,"template":"","format":"standard","meta":{"_jetpack_memberships_contains_paid_content":false,"footnotes":"","jetpack_publicize_message":"El Gobierno oficializ\u00f3 la tenencia de fusiles semiautom\u00e1ticos en civiles","jetpack_publicize_feature_enabled":true,"jetpack_social_post_already_shared":false,"jetpack_social_options":{"image_generator_settings":{"template":"highway","default_image_id":0,"font":"","enabled":false},"version":2}},"categories":[86],"tags":[],"class_list":["post-2749","post","type-post","status-publish","format-standard","has-post-thumbnail","hentry","category-sociedad"],"yoast_head":"<!-- This site is optimized with the Yoast SEO plugin v27.4 - https:\/\/yoast.com\/product\/yoast-seo-wordpress\/ -->\n<title>El Gobierno oficializ\u00f3 la tenencia de fusiles semiautom\u00e1ticos en civiles -<\/title>\n<meta name=\"robots\" content=\"index, follow, max-snippet:-1, max-image-preview:large, max-video-preview:-1\" \/>\n<link rel=\"canonical\" href=\"https:\/\/impactocastex.com.ar\/?p=2749\" \/>\n<meta property=\"og:locale\" content=\"es_ES\" \/>\n<meta property=\"og:type\" content=\"article\" \/>\n<meta property=\"og:title\" content=\"El Gobierno oficializ\u00f3 la tenencia de fusiles semiautom\u00e1ticos en civiles -\" \/>\n<meta property=\"og:description\" content=\"La medida se formaliz\u00f3 a trav\u00e9s de la Resoluci\u00f3n 37\/2025. El RENAR public\u00f3 la Resoluci\u00f3n...\" \/>\n<meta property=\"og:url\" content=\"https:\/\/impactocastex.com.ar\/?p=2749\" \/>\n<meta property=\"article:publisher\" content=\"https:\/\/www.facebook.com\/impactocastexdiario\" \/>\n<meta property=\"article:published_time\" content=\"2025-11-05T12:26:51+00:00\" \/>\n<meta property=\"article:modified_time\" content=\"2025-11-05T12:26:52+00:00\" \/>\n<meta property=\"og:image\" content=\"https:\/\/impactocastex.com.ar\/wp-content\/uploads\/2025\/11\/2126978.jpg\" \/>\n\t<meta property=\"og:image:width\" content=\"1200\" \/>\n\t<meta property=\"og:image:height\" content=\"631\" \/>\n\t<meta property=\"og:image:type\" content=\"image\/jpeg\" \/>\n<meta name=\"author\" content=\"impactocastex\" \/>\n<meta name=\"twitter:card\" content=\"summary_large_image\" \/>\n<meta name=\"twitter:label1\" content=\"Escrito por\" \/>\n\t<meta name=\"twitter:data1\" content=\"impactocastex\" \/>\n\t<meta name=\"twitter:label2\" content=\"Tiempo de lectura\" \/>\n\t<meta name=\"twitter:data2\" content=\"2 minutos\" \/>\n<script type=\"application\/ld+json\" class=\"yoast-schema-graph\">{\"@context\":\"https:\\\/\\\/schema.org\",\"@graph\":[{\"@type\":\"Article\",\"@id\":\"https:\\\/\\\/impactocastex.com.ar\\\/?p=2749#article\",\"isPartOf\":{\"@id\":\"https:\\\/\\\/impactocastex.com.ar\\\/?p=2749\"},\"author\":{\"name\":\"impactocastex\",\"@id\":\"https:\\\/\\\/impactocastex.com.ar\\\/#\\\/schema\\\/person\\\/c115028fb60f9bf49ce7550894b84ea7\"},\"headline\":\"El Gobierno oficializ\u00f3 la tenencia de fusiles semiautom\u00e1ticos en civiles\",\"datePublished\":\"2025-11-05T12:26:51+00:00\",\"dateModified\":\"2025-11-05T12:26:52+00:00\",\"mainEntityOfPage\":{\"@id\":\"https:\\\/\\\/impactocastex.com.ar\\\/?p=2749\"},\"wordCount\":412,\"publisher\":{\"@id\":\"https:\\\/\\\/impactocastex.com.ar\\\/#organization\"},\"image\":{\"@id\":\"https:\\\/\\\/impactocastex.com.ar\\\/?p=2749#primaryimage\"},\"thumbnailUrl\":\"https:\\\/\\\/impactocastex.com.ar\\\/wp-content\\\/uploads\\\/2025\\\/11\\\/2126978.jpg\",\"articleSection\":[\"SOCIEDAD\"],\"inLanguage\":\"es\"},{\"@type\":\"WebPage\",\"@id\":\"https:\\\/\\\/impactocastex.com.ar\\\/?p=2749\",\"url\":\"https:\\\/\\\/impactocastex.com.ar\\\/?p=2749\",\"name\":\"El Gobierno oficializ\u00f3 la tenencia de fusiles semiautom\u00e1ticos en civiles -\",\"isPartOf\":{\"@id\":\"https:\\\/\\\/impactocastex.com.ar\\\/#website\"},\"primaryImageOfPage\":{\"@id\":\"https:\\\/\\\/impactocastex.com.ar\\\/?p=2749#primaryimage\"},\"image\":{\"@id\":\"https:\\\/\\\/impactocastex.com.ar\\\/?p=2749#primaryimage\"},\"thumbnailUrl\":\"https:\\\/\\\/impactocastex.com.ar\\\/wp-content\\\/uploads\\\/2025\\\/11\\\/2126978.jpg\",\"datePublished\":\"2025-11-05T12:26:51+00:00\",\"dateModified\":\"2025-11-05T12:26:52+00:00\",\"breadcrumb\":{\"@id\":\"https:\\\/\\\/impactocastex.com.ar\\\/?p=2749#breadcrumb\"},\"inLanguage\":\"es\",\"potentialAction\":[{\"@type\":\"ReadAction\",\"target\":[\"https:\\\/\\\/impactocastex.com.ar\\\/?p=2749\"]}]},{\"@type\":\"ImageObject\",\"inLanguage\":\"es\",\"@id\":\"https:\\\/\\\/impactocastex.com.ar\\\/?p=2749#primaryimage\",\"url\":\"https:\\\/\\\/impactocastex.com.ar\\\/wp-content\\\/uploads\\\/2025\\\/11\\\/2126978.jpg\",\"contentUrl\":\"https:\\\/\\\/impactocastex.com.ar\\\/wp-content\\\/uploads\\\/2025\\\/11\\\/2126978.jpg\",\"width\":1200,\"height\":631},{\"@type\":\"BreadcrumbList\",\"@id\":\"https:\\\/\\\/impactocastex.com.ar\\\/?p=2749#breadcrumb\",\"itemListElement\":[{\"@type\":\"ListItem\",\"position\":1,\"name\":\"Portada\",\"item\":\"https:\\\/\\\/impactocastex.com.ar\\\/\"},{\"@type\":\"ListItem\",\"position\":2,\"name\":\"El Gobierno oficializ\u00f3 la tenencia de fusiles semiautom\u00e1ticos en civiles\"}]},{\"@type\":\"WebSite\",\"@id\":\"https:\\\/\\\/impactocastex.com.ar\\\/#website\",\"url\":\"https:\\\/\\\/impactocastex.com.ar\\\/\",\"name\":\"Impacto Castex\",\"description\":\"\",\"publisher\":{\"@id\":\"https:\\\/\\\/impactocastex.com.ar\\\/#organization\"},\"potentialAction\":[{\"@type\":\"SearchAction\",\"target\":{\"@type\":\"EntryPoint\",\"urlTemplate\":\"https:\\\/\\\/impactocastex.com.ar\\\/?s={search_term_string}\"},\"query-input\":{\"@type\":\"PropertyValueSpecification\",\"valueRequired\":true,\"valueName\":\"search_term_string\"}}],\"inLanguage\":\"es\"},{\"@type\":\"Organization\",\"@id\":\"https:\\\/\\\/impactocastex.com.ar\\\/#organization\",\"name\":\"Impacto Castex\",\"url\":\"https:\\\/\\\/impactocastex.com.ar\\\/\",\"logo\":{\"@type\":\"ImageObject\",\"inLanguage\":\"es\",\"@id\":\"https:\\\/\\\/impactocastex.com.ar\\\/#\\\/schema\\\/logo\\\/image\\\/\",\"url\":\"https:\\\/\\\/impactocastex.com.ar\\\/wp-content\\\/uploads\\\/2025\\\/09\\\/cropped-icoweb.png\",\"contentUrl\":\"https:\\\/\\\/impactocastex.com.ar\\\/wp-content\\\/uploads\\\/2025\\\/09\\\/cropped-icoweb.png\",\"width\":512,\"height\":512,\"caption\":\"Impacto Castex\"},\"image\":{\"@id\":\"https:\\\/\\\/impactocastex.com.ar\\\/#\\\/schema\\\/logo\\\/image\\\/\"},\"sameAs\":[\"https:\\\/\\\/www.facebook.com\\\/impactocastexdiario\",\"https:\\\/\\\/www.instagram.com\\\/impactocastex.com.ar\\\/\"]},{\"@type\":\"Person\",\"@id\":\"https:\\\/\\\/impactocastex.com.ar\\\/#\\\/schema\\\/person\\\/c115028fb60f9bf49ce7550894b84ea7\",\"name\":\"impactocastex\",\"image\":{\"@type\":\"ImageObject\",\"inLanguage\":\"es\",\"@id\":\"https:\\\/\\\/secure.gravatar.com\\\/avatar\\\/fee87e7af008f02e9becdc0b5a9fd4a2e79b3918a571edeacb62211704637833?s=96&d=mm&r=g\",\"url\":\"https:\\\/\\\/secure.gravatar.com\\\/avatar\\\/fee87e7af008f02e9becdc0b5a9fd4a2e79b3918a571edeacb62211704637833?s=96&d=mm&r=g\",\"contentUrl\":\"https:\\\/\\\/secure.gravatar.com\\\/avatar\\\/fee87e7af008f02e9becdc0b5a9fd4a2e79b3918a571edeacb62211704637833?s=96&d=mm&r=g\",\"caption\":\"impactocastex\"},\"sameAs\":[\"https:\\\/\\\/impactocastex.com.ar\\\/\"],\"url\":\"https:\\\/\\\/impactocastex.com.ar\\\/?author=2\"}]}<\/script>\n<!-- \/ Yoast SEO plugin. -->","yoast_head_json":{"title":"El Gobierno oficializ\u00f3 la tenencia de fusiles semiautom\u00e1ticos en civiles -","robots":{"index":"index","follow":"follow","max-snippet":"max-snippet:-1","max-image-preview":"max-image-preview:large","max-video-preview":"max-video-preview:-1"},"canonical":"https:\/\/impactocastex.com.ar\/?p=2749","og_locale":"es_ES","og_type":"article","og_title":"El Gobierno oficializ\u00f3 la tenencia de fusiles semiautom\u00e1ticos en civiles -","og_description":"La medida se formaliz\u00f3 a trav\u00e9s de la Resoluci\u00f3n 37\/2025. El RENAR public\u00f3 la Resoluci\u00f3n...","og_url":"https:\/\/impactocastex.com.ar\/?p=2749","article_publisher":"https:\/\/www.facebook.com\/impactocastexdiario","article_published_time":"2025-11-05T12:26:51+00:00","article_modified_time":"2025-11-05T12:26:52+00:00","og_image":[{"width":1200,"height":631,"url":"https:\/\/impactocastex.com.ar\/wp-content\/uploads\/2025\/11\/2126978.jpg","type":"image\/jpeg"}],"author":"impactocastex","twitter_card":"summary_large_image","twitter_misc":{"Escrito por":"impactocastex","Tiempo de lectura":"2 minutos"},"schema":{"@context":"https:\/\/schema.org","@graph":[{"@type":"Article","@id":"https:\/\/impactocastex.com.ar\/?p=2749#article","isPartOf":{"@id":"https:\/\/impactocastex.com.ar\/?p=2749"},"author":{"name":"impactocastex","@id":"https:\/\/impactocastex.com.ar\/#\/schema\/person\/c115028fb60f9bf49ce7550894b84ea7"},"headline":"El Gobierno oficializ\u00f3 la tenencia de fusiles semiautom\u00e1ticos en civiles","datePublished":"2025-11-05T12:26:51+00:00","dateModified":"2025-11-05T12:26:52+00:00","mainEntityOfPage":{"@id":"https:\/\/impactocastex.com.ar\/?p=2749"},"wordCount":412,"publisher":{"@id":"https:\/\/impactocastex.com.ar\/#organization"},"image":{"@id":"https:\/\/impactocastex.com.ar\/?p=2749#primaryimage"},"thumbnailUrl":"https:\/\/impactocastex.com.ar\/wp-content\/uploads\/2025\/11\/2126978.jpg","articleSection":["SOCIEDAD"],"inLanguage":"es"},{"@type":"WebPage","@id":"https:\/\/impactocastex.com.ar\/?p=2749","url":"https:\/\/impactocastex.com.ar\/?p=2749","name":"El Gobierno oficializ\u00f3 la tenencia de fusiles semiautom\u00e1ticos en civiles -","isPartOf":{"@id":"https:\/\/impactocastex.com.ar\/#website"},"primaryImageOfPage":{"@id":"https:\/\/impactocastex.com.ar\/?p=2749#primaryimage"},"image":{"@id":"https:\/\/impactocastex.com.ar\/?p=2749#primaryimage"},"thumbnailUrl":"https:\/\/impactocastex.com.ar\/wp-content\/uploads\/2025\/11\/2126978.jpg","datePublished":"2025-11-05T12:26:51+00:00","dateModified":"2025-11-05T12:26:52+00:00","breadcrumb":{"@id":"https:\/\/impactocastex.com.ar\/?p=2749#breadcrumb"},"inLanguage":"es","potentialAction":[{"@type":"ReadAction","target":["https:\/\/impactocastex.com.ar\/?p=2749"]}]},{"@type":"ImageObject","inLanguage":"es","@id":"https:\/\/impactocastex.com.ar\/?p=2749#primaryimage","url":"https:\/\/impactocastex.com.ar\/wp-content\/uploads\/2025\/11\/2126978.jpg","contentUrl":"https:\/\/impactocastex.com.ar\/wp-content\/uploads\/2025\/11\/2126978.jpg","width":1200,"height":631},{"@type":"BreadcrumbList","@id":"https:\/\/impactocastex.com.ar\/?p=2749#breadcrumb","itemListElement":[{"@type":"ListItem","position":1,"name":"Portada","item":"https:\/\/impactocastex.com.ar\/"},{"@type":"ListItem","position":2,"name":"El Gobierno oficializ\u00f3 la tenencia de fusiles semiautom\u00e1ticos en civiles"}]},{"@type":"WebSite","@id":"https:\/\/impactocastex.com.ar\/#website","url":"https:\/\/impactocastex.com.ar\/","name":"Impacto Castex","description":"","publisher":{"@id":"https:\/\/impactocastex.com.ar\/#organization"},"potentialAction":[{"@type":"SearchAction","target":{"@type":"EntryPoint","urlTemplate":"https:\/\/impactocastex.com.ar\/?s={search_term_string}"},"query-input":{"@type":"PropertyValueSpecification","valueRequired":true,"valueName":"search_term_string"}}],"inLanguage":"es"},{"@type":"Organization","@id":"https:\/\/impactocastex.com.ar\/#organization","name":"Impacto Castex","url":"https:\/\/impactocastex.com.ar\/","logo":{"@type":"ImageObject","inLanguage":"es","@id":"https:\/\/impactocastex.com.ar\/#\/schema\/logo\/image\/","url":"https:\/\/impactocastex.com.ar\/wp-content\/uploads\/2025\/09\/cropped-icoweb.png","contentUrl":"https:\/\/impactocastex.com.ar\/wp-content\/uploads\/2025\/09\/cropped-icoweb.png","width":512,"height":512,"caption":"Impacto Castex"},"image":{"@id":"https:\/\/impactocastex.com.ar\/#\/schema\/logo\/image\/"},"sameAs":["https:\/\/www.facebook.com\/impactocastexdiario","https:\/\/www.instagram.com\/impactocastex.com.ar\/"]},{"@type":"Person","@id":"https:\/\/impactocastex.com.ar\/#\/schema\/person\/c115028fb60f9bf49ce7550894b84ea7","name":"impactocastex","image":{"@type":"ImageObject","inLanguage":"es","@id":"https:\/\/secure.gravatar.com\/avatar\/fee87e7af008f02e9becdc0b5a9fd4a2e79b3918a571edeacb62211704637833?s=96&d=mm&r=g","url":"https:\/\/secure.gravatar.com\/avatar\/fee87e7af008f02e9becdc0b5a9fd4a2e79b3918a571edeacb62211704637833?s=96&d=mm&r=g","contentUrl":"https:\/\/secure.gravatar.com\/avatar\/fee87e7af008f02e9becdc0b5a9fd4a2e79b3918a571edeacb62211704637833?s=96&d=mm&r=g","caption":"impactocastex"},"sameAs":["https:\/\/impactocastex.com.ar\/"],"url":"https:\/\/impactocastex.com.ar\/?author=2"}]}},"jetpack_publicize_connections":[],"featured_image_urls":{"full":["https:\/\/impactocastex.com.ar\/wp-content\/uploads\/2025\/11\/2126978.jpg",1200,631,false],"thumbnail":["https:\/\/impactocastex.com.ar\/wp-content\/uploads\/2025\/11\/2126978-150x150.jpg",150,150,true],"medium":["https:\/\/impactocastex.com.ar\/wp-content\/uploads\/2025\/11\/2126978-300x158.jpg",300,158,true],"medium_large":["https:\/\/impactocastex.com.ar\/wp-content\/uploads\/2025\/11\/2126978-768x404.jpg",640,337,true],"large":["https:\/\/impactocastex.com.ar\/wp-content\/uploads\/2025\/11\/2126978-1024x538.jpg",640,336,true],"1536x1536":["https:\/\/impactocastex.com.ar\/wp-content\/uploads\/2025\/11\/2126978.jpg",1200,631,false],"2048x2048":["https:\/\/impactocastex.com.ar\/wp-content\/uploads\/2025\/11\/2126978.jpg",1200,631,false],"newsever-slider-full":["https:\/\/impactocastex.com.ar\/wp-content\/uploads\/2025\/11\/2126978.jpg",1200,631,false],"newsever-featured":["https:\/\/impactocastex.com.ar\/wp-content\/uploads\/2025\/11\/2126978-1024x538.jpg",1024,538,true],"newsever-medium":["https:\/\/impactocastex.com.ar\/wp-content\/uploads\/2025\/11\/2126978-720x475.jpg",720,475,true]},"author_info":{"info":["impactocastex"]},"category_info":"<a href=\"https:\/\/impactocastex.com.ar\/?cat=86\" rel=\"category\">SOCIEDAD<\/a>","tag_info":"SOCIEDAD","comment_count":0,"jetpack_featured_media_url":"https:\/\/impactocastex.com.ar\/wp-content\/uploads\/2025\/11\/2126978.jpg","jetpack_sharing_enabled":true,"jetpack_likes_enabled":true,"jetpack_shortlink":"https:\/\/wp.me\/p7sopA-Il","_links":{"self":[{"href":"https:\/\/impactocastex.com.ar\/index.php?rest_route=\/wp\/v2\/posts\/2749","targetHints":{"allow":["GET"]}}],"collection":[{"href":"https:\/\/impactocastex.com.ar\/index.php?rest_route=\/wp\/v2\/posts"}],"about":[{"href":"https:\/\/impactocastex.com.ar\/index.php?rest_route=\/wp\/v2\/types\/post"}],"author":[{"embeddable":true,"href":"https:\/\/impactocastex.com.ar\/index.php?rest_route=\/wp\/v2\/users\/2"}],"replies":[{"embeddable":true,"href":"https:\/\/impactocastex.com.ar\/index.php?rest_route=%2Fwp%2Fv2%2Fcomments&post=2749"}],"version-history":[{"count":1,"href":"https:\/\/impactocastex.com.ar\/index.php?rest_route=\/wp\/v2\/posts\/2749\/revisions"}],"predecessor-version":[{"id":2751,"href":"https:\/\/impactocastex.com.ar\/index.php?rest_route=\/wp\/v2\/posts\/2749\/revisions\/2751"}],"wp:featuredmedia":[{"embeddable":true,"href":"https:\/\/impactocastex.com.ar\/index.php?rest_route=\/wp\/v2\/media\/2750"}],"wp:attachment":[{"href":"https:\/\/impactocastex.com.ar\/index.php?rest_route=%2Fwp%2Fv2%2Fmedia&parent=2749"}],"wp:term":[{"taxonomy":"category","embeddable":true,"href":"https:\/\/impactocastex.com.ar\/index.php?rest_route=%2Fwp%2Fv2%2Fcategories&post=2749"},{"taxonomy":"post_tag","embeddable":true,"href":"https:\/\/impactocastex.com.ar\/index.php?rest_route=%2Fwp%2Fv2%2Ftags&post=2749"}],"curies":[{"name":"wp","href":"https:\/\/api.w.org\/{rel}","templated":true}]}}