{"id":2722,"date":"2025-11-04T18:03:14","date_gmt":"2025-11-04T21:03:14","guid":{"rendered":"https:\/\/impactocastex.com.ar\/?p=2722"},"modified":"2025-11-04T18:03:15","modified_gmt":"2025-11-04T21:03:15","slug":"general-acha-joven-de-20-anos-condenado-por-tener-fotos-y-videos-de-indole-sexual-de-una-menor-de-edad","status":"publish","type":"post","link":"https:\/\/impactocastex.com.ar\/?p=2722","title":{"rendered":"General Acha: Joven de 20 a\u00f1os condenado por tener \u00abfotos y videos de \u00edndole sexual \u00abde una menor de edad."},"content":{"rendered":"\n<figure class=\"wp-block-image size-large\"><img loading=\"lazy\" decoding=\"async\" width=\"1024\" height=\"578\" src=\"https:\/\/impactocastex.com.ar\/wp-content\/uploads\/2025\/11\/image-6-1024x578.png\" alt=\"\" class=\"wp-image-2723\" srcset=\"https:\/\/impactocastex.com.ar\/wp-content\/uploads\/2025\/11\/image-6-1024x578.png 1024w, https:\/\/impactocastex.com.ar\/wp-content\/uploads\/2025\/11\/image-6-300x169.png 300w, https:\/\/impactocastex.com.ar\/wp-content\/uploads\/2025\/11\/image-6-768x434.png 768w, https:\/\/impactocastex.com.ar\/wp-content\/uploads\/2025\/11\/image-6.png 1121w\" sizes=\"auto, (max-width: 1024px) 100vw, 1024px\" \/><\/figure>\n\n\n\n<p>Un joven de 20 fue condenado por tener en su tel\u00e9fono celular \u201cfotograf\u00edas y grabaciones f\u00edlmicas, de \u00edndole sexual\u201d de una menor de edad. El conflicto penal se resolvi\u00f3 a trav\u00e9s de un juicio abreviado y la sentencia fue dictada por el juez de control de General Acha, Diego Ariel As\u00edn.<\/p>\n\n\n\n<p>El hecho acreditado, con las pruebas reunidas por la fiscal\u00eda fue el siguiente: haber tenido el imputado, en su poder, \u201cfotograf\u00edas y grabaciones f\u00edlmicas de \u00edndole sexual, en las cuales se pudo constatar \u2013al menos en algunas\u2013 que se tratar\u00eda de una menor de 17 a\u00f1os, las cuales se encontraban almacenadas en el dispositivo de su tel\u00e9fono m\u00f3vil\u201d. Ello ocurri\u00f3 con anterioridad a que se llevara a cabo la apertura del tel\u00e9fono por personal de la Divisi\u00f3n de An\u00e1lisis de Telecomunicaciones, de la polic\u00eda provincial, en el marco de la causa.<\/p>\n\n\n\n<p>El joven, cuyas iniciales son M.C.E.K., recibi\u00f3 una pena de cuatro metros de prisi\u00f3n en suspenso como autor del delito previsto en el art\u00edculo 128, segundo p\u00e1rrafo del C\u00f3digo Penal. Ese p\u00e1rrafo habla espec\u00edficamente del que \u201ca sabiendas tuviere en su poder representaciones\u201d como las descriptas en el primer p\u00e1rrafo del art\u00edculo, que refiere al que \u201cprodujere, financiare, ofreciere, comerciare, publicare, facilitare, divulgare o distribuyere por cualquier medio, toda representaci\u00f3n de un\/a menor de (18 a\u00f1os dedicado a actividades sexuales expl\u00edcitas, o toda representaci\u00f3n de sus partes genitales con fines predominantemente sexuales\u201d.<\/p>\n\n\n\n<p>A su vez, como la pena fue de ejecuci\u00f3n condicional, al acusado se le impuso el cumplimiento de reglas de conducta durante dos a\u00f1os: fijar residencia y someterse al cuidado del Ente de Pol\u00edticas Socializadoras; abstenerse de modo absoluto de entrar en contacto con la v\u00edctima, ya sea de manera personal, telef\u00f3nica y\/o a trav\u00e9s de redes sociales o de terceras personas; no usar usar estupefacientes ni de abusar de bebidas alcoh\u00f3licas; y someterse a un tratamiento psicol\u00f3gico.<\/p>\n\n\n\n<p>El juicio abreviado, una soluci\u00f3n alternativa en el proceso penal, fue convenido por la fiscala achense,Mar\u00eda Virginia Ant\u00f3n, los defensores particulares Jos\u00e9 Luis Olguin y Guadalpe Arce y el propio imputado, quien admiti\u00f3 su culpabilidad. As\u00edn, al constatar los requisitos formales del acuerdo, lo termin\u00f3 homologando. En estos casos, el juez\/a no pude imponer sanciones m\u00e1s gravosas que las requeridas por el Ministerio P\u00fablico Fiscal.<\/p>\n\n\n\n<p>Entre las pruebas que se tuvieron en cuenta para dictar la sentencia condenatoria figuraron capturas de pantallas, informes policiales, la declaraci\u00f3n testimonial de la madre de la adolescente, un informe de la Oficina de Atenci\u00f3n a las V\u00edctimas y los Testigos, entre otros.  LA ARENA<\/p>\n\n\n\n<p><\/p>\n","protected":false},"excerpt":{"rendered":"<p>Un joven de 20 fue condenado por tener en su tel\u00e9fono celular \u201cfotograf\u00edas y grabaciones&#8230;<\/p>\n","protected":false},"author":3,"featured_media":2723,"comment_status":"closed","ping_status":"closed","sticky":false,"template":"","format":"standard","meta":{"_jetpack_memberships_contains_paid_content":false,"footnotes":"","jetpack_publicize_message":"General Acha: Joven de 20 a\u00f1os condenado por tener \"fotos y videos de \u00edndole sexual \"de una menor de edad.","jetpack_publicize_feature_enabled":true,"jetpack_social_post_already_shared":false,"jetpack_social_options":{"image_generator_settings":{"template":"highway","default_image_id":0,"font":"","enabled":false},"version":2}},"categories":[85],"tags":[],"class_list":["post-2722","post","type-post","status-publish","format-standard","has-post-thumbnail","hentry","category-policiales"],"yoast_head":"<!-- This site is optimized with the Yoast SEO plugin v27.4 - https:\/\/yoast.com\/product\/yoast-seo-wordpress\/ -->\n<title>General Acha: Joven de 20 a\u00f1os condenado por tener &quot;fotos y videos de \u00edndole sexual &quot;de una menor de edad. -<\/title>\n<meta name=\"robots\" content=\"index, follow, max-snippet:-1, max-image-preview:large, max-video-preview:-1\" \/>\n<link rel=\"canonical\" href=\"https:\/\/impactocastex.com.ar\/?p=2722\" \/>\n<meta property=\"og:locale\" content=\"es_ES\" \/>\n<meta property=\"og:type\" content=\"article\" \/>\n<meta property=\"og:title\" content=\"General Acha: Joven de 20 a\u00f1os condenado por tener &quot;fotos y videos de \u00edndole sexual &quot;de una menor de edad. -\" \/>\n<meta property=\"og:description\" content=\"Un joven de 20 fue condenado por tener en su tel\u00e9fono celular \u201cfotograf\u00edas y grabaciones...\" \/>\n<meta property=\"og:url\" content=\"https:\/\/impactocastex.com.ar\/?p=2722\" \/>\n<meta property=\"article:publisher\" content=\"https:\/\/www.facebook.com\/impactocastexdiario\" \/>\n<meta property=\"article:published_time\" content=\"2025-11-04T21:03:14+00:00\" \/>\n<meta property=\"article:modified_time\" content=\"2025-11-04T21:03:15+00:00\" \/>\n<meta property=\"og:image\" content=\"https:\/\/impactocastex.com.ar\/wp-content\/uploads\/2025\/11\/image-6.png\" \/>\n\t<meta property=\"og:image:width\" content=\"1121\" \/>\n\t<meta property=\"og:image:height\" content=\"633\" \/>\n\t<meta property=\"og:image:type\" content=\"image\/png\" \/>\n<meta name=\"author\" content=\"impactocastex\" \/>\n<meta name=\"twitter:card\" content=\"summary_large_image\" \/>\n<meta name=\"twitter:label1\" content=\"Escrito por\" \/>\n\t<meta name=\"twitter:data1\" content=\"impactocastex\" \/>\n\t<meta name=\"twitter:label2\" content=\"Tiempo de lectura\" \/>\n\t<meta name=\"twitter:data2\" content=\"3 minutos\" \/>\n<script type=\"application\/ld+json\" class=\"yoast-schema-graph\">{\"@context\":\"https:\\\/\\\/schema.org\",\"@graph\":[{\"@type\":\"Article\",\"@id\":\"https:\\\/\\\/impactocastex.com.ar\\\/?p=2722#article\",\"isPartOf\":{\"@id\":\"https:\\\/\\\/impactocastex.com.ar\\\/?p=2722\"},\"author\":{\"name\":\"impactocastex\",\"@id\":\"https:\\\/\\\/impactocastex.com.ar\\\/#\\\/schema\\\/person\\\/b327b0ea8bfcd892e3a9af496709745e\"},\"headline\":\"General Acha: Joven de 20 a\u00f1os condenado por tener \u00abfotos y videos de \u00edndole sexual \u00abde una menor de edad.\",\"datePublished\":\"2025-11-04T21:03:14+00:00\",\"dateModified\":\"2025-11-04T21:03:15+00:00\",\"mainEntityOfPage\":{\"@id\":\"https:\\\/\\\/impactocastex.com.ar\\\/?p=2722\"},\"wordCount\":490,\"publisher\":{\"@id\":\"https:\\\/\\\/impactocastex.com.ar\\\/#organization\"},\"image\":{\"@id\":\"https:\\\/\\\/impactocastex.com.ar\\\/?p=2722#primaryimage\"},\"thumbnailUrl\":\"https:\\\/\\\/impactocastex.com.ar\\\/wp-content\\\/uploads\\\/2025\\\/11\\\/image-6.png\",\"articleSection\":[\"POLICIALES\"],\"inLanguage\":\"es\"},{\"@type\":\"WebPage\",\"@id\":\"https:\\\/\\\/impactocastex.com.ar\\\/?p=2722\",\"url\":\"https:\\\/\\\/impactocastex.com.ar\\\/?p=2722\",\"name\":\"General Acha: Joven de 20 a\u00f1os condenado por tener \\\"fotos y videos de \u00edndole sexual \\\"de una menor de edad. -\",\"isPartOf\":{\"@id\":\"https:\\\/\\\/impactocastex.com.ar\\\/#website\"},\"primaryImageOfPage\":{\"@id\":\"https:\\\/\\\/impactocastex.com.ar\\\/?p=2722#primaryimage\"},\"image\":{\"@id\":\"https:\\\/\\\/impactocastex.com.ar\\\/?p=2722#primaryimage\"},\"thumbnailUrl\":\"https:\\\/\\\/impactocastex.com.ar\\\/wp-content\\\/uploads\\\/2025\\\/11\\\/image-6.png\",\"datePublished\":\"2025-11-04T21:03:14+00:00\",\"dateModified\":\"2025-11-04T21:03:15+00:00\",\"breadcrumb\":{\"@id\":\"https:\\\/\\\/impactocastex.com.ar\\\/?p=2722#breadcrumb\"},\"inLanguage\":\"es\",\"potentialAction\":[{\"@type\":\"ReadAction\",\"target\":[\"https:\\\/\\\/impactocastex.com.ar\\\/?p=2722\"]}]},{\"@type\":\"ImageObject\",\"inLanguage\":\"es\",\"@id\":\"https:\\\/\\\/impactocastex.com.ar\\\/?p=2722#primaryimage\",\"url\":\"https:\\\/\\\/impactocastex.com.ar\\\/wp-content\\\/uploads\\\/2025\\\/11\\\/image-6.png\",\"contentUrl\":\"https:\\\/\\\/impactocastex.com.ar\\\/wp-content\\\/uploads\\\/2025\\\/11\\\/image-6.png\",\"width\":1121,\"height\":633},{\"@type\":\"BreadcrumbList\",\"@id\":\"https:\\\/\\\/impactocastex.com.ar\\\/?p=2722#breadcrumb\",\"itemListElement\":[{\"@type\":\"ListItem\",\"position\":1,\"name\":\"Portada\",\"item\":\"https:\\\/\\\/impactocastex.com.ar\\\/\"},{\"@type\":\"ListItem\",\"position\":2,\"name\":\"General Acha: Joven de 20 a\u00f1os condenado por tener &#8220;fotos y videos de \u00edndole sexual &#8220;de una menor de edad.\"}]},{\"@type\":\"WebSite\",\"@id\":\"https:\\\/\\\/impactocastex.com.ar\\\/#website\",\"url\":\"https:\\\/\\\/impactocastex.com.ar\\\/\",\"name\":\"Impacto Castex\",\"description\":\"\",\"publisher\":{\"@id\":\"https:\\\/\\\/impactocastex.com.ar\\\/#organization\"},\"potentialAction\":[{\"@type\":\"SearchAction\",\"target\":{\"@type\":\"EntryPoint\",\"urlTemplate\":\"https:\\\/\\\/impactocastex.com.ar\\\/?s={search_term_string}\"},\"query-input\":{\"@type\":\"PropertyValueSpecification\",\"valueRequired\":true,\"valueName\":\"search_term_string\"}}],\"inLanguage\":\"es\"},{\"@type\":\"Organization\",\"@id\":\"https:\\\/\\\/impactocastex.com.ar\\\/#organization\",\"name\":\"Impacto Castex\",\"url\":\"https:\\\/\\\/impactocastex.com.ar\\\/\",\"logo\":{\"@type\":\"ImageObject\",\"inLanguage\":\"es\",\"@id\":\"https:\\\/\\\/impactocastex.com.ar\\\/#\\\/schema\\\/logo\\\/image\\\/\",\"url\":\"https:\\\/\\\/impactocastex.com.ar\\\/wp-content\\\/uploads\\\/2025\\\/09\\\/cropped-icoweb.png\",\"contentUrl\":\"https:\\\/\\\/impactocastex.com.ar\\\/wp-content\\\/uploads\\\/2025\\\/09\\\/cropped-icoweb.png\",\"width\":512,\"height\":512,\"caption\":\"Impacto Castex\"},\"image\":{\"@id\":\"https:\\\/\\\/impactocastex.com.ar\\\/#\\\/schema\\\/logo\\\/image\\\/\"},\"sameAs\":[\"https:\\\/\\\/www.facebook.com\\\/impactocastexdiario\",\"https:\\\/\\\/www.instagram.com\\\/impactocastex.com.ar\\\/\"]},{\"@type\":\"Person\",\"@id\":\"https:\\\/\\\/impactocastex.com.ar\\\/#\\\/schema\\\/person\\\/b327b0ea8bfcd892e3a9af496709745e\",\"name\":\"impactocastex\",\"image\":{\"@type\":\"ImageObject\",\"inLanguage\":\"es\",\"@id\":\"https:\\\/\\\/secure.gravatar.com\\\/avatar\\\/2babee7427073efe23b5f05473c4b44740c8b042657b92cec07b5d0db7429355?s=96&d=mm&r=g\",\"url\":\"https:\\\/\\\/secure.gravatar.com\\\/avatar\\\/2babee7427073efe23b5f05473c4b44740c8b042657b92cec07b5d0db7429355?s=96&d=mm&r=g\",\"contentUrl\":\"https:\\\/\\\/secure.gravatar.com\\\/avatar\\\/2babee7427073efe23b5f05473c4b44740c8b042657b92cec07b5d0db7429355?s=96&d=mm&r=g\",\"caption\":\"impactocastex\"},\"sameAs\":[\"https:\\\/\\\/impactocastex.com.ar\\\/\"],\"url\":\"https:\\\/\\\/impactocastex.com.ar\\\/?author=3\"}]}<\/script>\n<!-- \/ Yoast SEO plugin. -->","yoast_head_json":{"title":"General Acha: Joven de 20 a\u00f1os condenado por tener \"fotos y videos de \u00edndole sexual \"de una menor de edad. -","robots":{"index":"index","follow":"follow","max-snippet":"max-snippet:-1","max-image-preview":"max-image-preview:large","max-video-preview":"max-video-preview:-1"},"canonical":"https:\/\/impactocastex.com.ar\/?p=2722","og_locale":"es_ES","og_type":"article","og_title":"General Acha: Joven de 20 a\u00f1os condenado por tener \"fotos y videos de \u00edndole sexual \"de una menor de edad. -","og_description":"Un joven de 20 fue condenado por tener en su tel\u00e9fono celular \u201cfotograf\u00edas y grabaciones...","og_url":"https:\/\/impactocastex.com.ar\/?p=2722","article_publisher":"https:\/\/www.facebook.com\/impactocastexdiario","article_published_time":"2025-11-04T21:03:14+00:00","article_modified_time":"2025-11-04T21:03:15+00:00","og_image":[{"width":1121,"height":633,"url":"https:\/\/impactocastex.com.ar\/wp-content\/uploads\/2025\/11\/image-6.png","type":"image\/png"}],"author":"impactocastex","twitter_card":"summary_large_image","twitter_misc":{"Escrito por":"impactocastex","Tiempo de lectura":"3 minutos"},"schema":{"@context":"https:\/\/schema.org","@graph":[{"@type":"Article","@id":"https:\/\/impactocastex.com.ar\/?p=2722#article","isPartOf":{"@id":"https:\/\/impactocastex.com.ar\/?p=2722"},"author":{"name":"impactocastex","@id":"https:\/\/impactocastex.com.ar\/#\/schema\/person\/b327b0ea8bfcd892e3a9af496709745e"},"headline":"General Acha: Joven de 20 a\u00f1os condenado por tener \u00abfotos y videos de \u00edndole sexual \u00abde una menor de edad.","datePublished":"2025-11-04T21:03:14+00:00","dateModified":"2025-11-04T21:03:15+00:00","mainEntityOfPage":{"@id":"https:\/\/impactocastex.com.ar\/?p=2722"},"wordCount":490,"publisher":{"@id":"https:\/\/impactocastex.com.ar\/#organization"},"image":{"@id":"https:\/\/impactocastex.com.ar\/?p=2722#primaryimage"},"thumbnailUrl":"https:\/\/impactocastex.com.ar\/wp-content\/uploads\/2025\/11\/image-6.png","articleSection":["POLICIALES"],"inLanguage":"es"},{"@type":"WebPage","@id":"https:\/\/impactocastex.com.ar\/?p=2722","url":"https:\/\/impactocastex.com.ar\/?p=2722","name":"General Acha: Joven de 20 a\u00f1os condenado por tener \"fotos y videos de \u00edndole sexual \"de una menor de edad. -","isPartOf":{"@id":"https:\/\/impactocastex.com.ar\/#website"},"primaryImageOfPage":{"@id":"https:\/\/impactocastex.com.ar\/?p=2722#primaryimage"},"image":{"@id":"https:\/\/impactocastex.com.ar\/?p=2722#primaryimage"},"thumbnailUrl":"https:\/\/impactocastex.com.ar\/wp-content\/uploads\/2025\/11\/image-6.png","datePublished":"2025-11-04T21:03:14+00:00","dateModified":"2025-11-04T21:03:15+00:00","breadcrumb":{"@id":"https:\/\/impactocastex.com.ar\/?p=2722#breadcrumb"},"inLanguage":"es","potentialAction":[{"@type":"ReadAction","target":["https:\/\/impactocastex.com.ar\/?p=2722"]}]},{"@type":"ImageObject","inLanguage":"es","@id":"https:\/\/impactocastex.com.ar\/?p=2722#primaryimage","url":"https:\/\/impactocastex.com.ar\/wp-content\/uploads\/2025\/11\/image-6.png","contentUrl":"https:\/\/impactocastex.com.ar\/wp-content\/uploads\/2025\/11\/image-6.png","width":1121,"height":633},{"@type":"BreadcrumbList","@id":"https:\/\/impactocastex.com.ar\/?p=2722#breadcrumb","itemListElement":[{"@type":"ListItem","position":1,"name":"Portada","item":"https:\/\/impactocastex.com.ar\/"},{"@type":"ListItem","position":2,"name":"General Acha: Joven de 20 a\u00f1os condenado por tener &#8220;fotos y videos de \u00edndole sexual &#8220;de una menor de edad."}]},{"@type":"WebSite","@id":"https:\/\/impactocastex.com.ar\/#website","url":"https:\/\/impactocastex.com.ar\/","name":"Impacto Castex","description":"","publisher":{"@id":"https:\/\/impactocastex.com.ar\/#organization"},"potentialAction":[{"@type":"SearchAction","target":{"@type":"EntryPoint","urlTemplate":"https:\/\/impactocastex.com.ar\/?s={search_term_string}"},"query-input":{"@type":"PropertyValueSpecification","valueRequired":true,"valueName":"search_term_string"}}],"inLanguage":"es"},{"@type":"Organization","@id":"https:\/\/impactocastex.com.ar\/#organization","name":"Impacto Castex","url":"https:\/\/impactocastex.com.ar\/","logo":{"@type":"ImageObject","inLanguage":"es","@id":"https:\/\/impactocastex.com.ar\/#\/schema\/logo\/image\/","url":"https:\/\/impactocastex.com.ar\/wp-content\/uploads\/2025\/09\/cropped-icoweb.png","contentUrl":"https:\/\/impactocastex.com.ar\/wp-content\/uploads\/2025\/09\/cropped-icoweb.png","width":512,"height":512,"caption":"Impacto Castex"},"image":{"@id":"https:\/\/impactocastex.com.ar\/#\/schema\/logo\/image\/"},"sameAs":["https:\/\/www.facebook.com\/impactocastexdiario","https:\/\/www.instagram.com\/impactocastex.com.ar\/"]},{"@type":"Person","@id":"https:\/\/impactocastex.com.ar\/#\/schema\/person\/b327b0ea8bfcd892e3a9af496709745e","name":"impactocastex","image":{"@type":"ImageObject","inLanguage":"es","@id":"https:\/\/secure.gravatar.com\/avatar\/2babee7427073efe23b5f05473c4b44740c8b042657b92cec07b5d0db7429355?s=96&d=mm&r=g","url":"https:\/\/secure.gravatar.com\/avatar\/2babee7427073efe23b5f05473c4b44740c8b042657b92cec07b5d0db7429355?s=96&d=mm&r=g","contentUrl":"https:\/\/secure.gravatar.com\/avatar\/2babee7427073efe23b5f05473c4b44740c8b042657b92cec07b5d0db7429355?s=96&d=mm&r=g","caption":"impactocastex"},"sameAs":["https:\/\/impactocastex.com.ar\/"],"url":"https:\/\/impactocastex.com.ar\/?author=3"}]}},"jetpack_publicize_connections":[],"featured_image_urls":{"full":["https:\/\/impactocastex.com.ar\/wp-content\/uploads\/2025\/11\/image-6.png",1121,633,false],"thumbnail":["https:\/\/impactocastex.com.ar\/wp-content\/uploads\/2025\/11\/image-6-150x150.png",150,150,true],"medium":["https:\/\/impactocastex.com.ar\/wp-content\/uploads\/2025\/11\/image-6-300x169.png",300,169,true],"medium_large":["https:\/\/impactocastex.com.ar\/wp-content\/uploads\/2025\/11\/image-6-768x434.png",640,362,true],"large":["https:\/\/impactocastex.com.ar\/wp-content\/uploads\/2025\/11\/image-6-1024x578.png",640,361,true],"1536x1536":["https:\/\/impactocastex.com.ar\/wp-content\/uploads\/2025\/11\/image-6.png",1121,633,false],"2048x2048":["https:\/\/impactocastex.com.ar\/wp-content\/uploads\/2025\/11\/image-6.png",1121,633,false],"newsever-slider-full":["https:\/\/impactocastex.com.ar\/wp-content\/uploads\/2025\/11\/image-6.png",1121,633,false],"newsever-featured":["https:\/\/impactocastex.com.ar\/wp-content\/uploads\/2025\/11\/image-6-1024x578.png",1024,578,true],"newsever-medium":["https:\/\/impactocastex.com.ar\/wp-content\/uploads\/2025\/11\/image-6-720x475.png",720,475,true]},"author_info":{"info":["impactocastex"]},"category_info":"<a href=\"https:\/\/impactocastex.com.ar\/?cat=85\" rel=\"category\">POLICIALES<\/a>","tag_info":"POLICIALES","comment_count":0,"jetpack_featured_media_url":"https:\/\/impactocastex.com.ar\/wp-content\/uploads\/2025\/11\/image-6.png","jetpack_sharing_enabled":true,"jetpack_likes_enabled":true,"jetpack_shortlink":"https:\/\/wp.me\/p7sopA-HU","_links":{"self":[{"href":"https:\/\/impactocastex.com.ar\/index.php?rest_route=\/wp\/v2\/posts\/2722","targetHints":{"allow":["GET"]}}],"collection":[{"href":"https:\/\/impactocastex.com.ar\/index.php?rest_route=\/wp\/v2\/posts"}],"about":[{"href":"https:\/\/impactocastex.com.ar\/index.php?rest_route=\/wp\/v2\/types\/post"}],"author":[{"embeddable":true,"href":"https:\/\/impactocastex.com.ar\/index.php?rest_route=\/wp\/v2\/users\/3"}],"replies":[{"embeddable":true,"href":"https:\/\/impactocastex.com.ar\/index.php?rest_route=%2Fwp%2Fv2%2Fcomments&post=2722"}],"version-history":[{"count":1,"href":"https:\/\/impactocastex.com.ar\/index.php?rest_route=\/wp\/v2\/posts\/2722\/revisions"}],"predecessor-version":[{"id":2724,"href":"https:\/\/impactocastex.com.ar\/index.php?rest_route=\/wp\/v2\/posts\/2722\/revisions\/2724"}],"wp:featuredmedia":[{"embeddable":true,"href":"https:\/\/impactocastex.com.ar\/index.php?rest_route=\/wp\/v2\/media\/2723"}],"wp:attachment":[{"href":"https:\/\/impactocastex.com.ar\/index.php?rest_route=%2Fwp%2Fv2%2Fmedia&parent=2722"}],"wp:term":[{"taxonomy":"category","embeddable":true,"href":"https:\/\/impactocastex.com.ar\/index.php?rest_route=%2Fwp%2Fv2%2Fcategories&post=2722"},{"taxonomy":"post_tag","embeddable":true,"href":"https:\/\/impactocastex.com.ar\/index.php?rest_route=%2Fwp%2Fv2%2Ftags&post=2722"}],"curies":[{"name":"wp","href":"https:\/\/api.w.org\/{rel}","templated":true}]}}