{"id":2613,"date":"2025-11-01T11:41:29","date_gmt":"2025-11-01T14:41:29","guid":{"rendered":"https:\/\/impactocastex.com.ar\/?p=2613"},"modified":"2025-11-01T11:41:30","modified_gmt":"2025-11-01T14:41:30","slug":"nuevo-gabinete-renuncio-francos-y-adorni-asumio-su-lugar-se-reacomoda-el-triangulo-de-hierro-y-karina-milei-suma-mas-poder","status":"publish","type":"post","link":"https:\/\/impactocastex.com.ar\/?p=2613","title":{"rendered":"Nuevo Gabinete: renunci\u00f3 Francos y Adorni asumi\u00f3 su lugar, se reacomoda el \u201ctri\u00e1ngulo de hierro\u201d y Karina Milei suma m\u00e1s poder"},"content":{"rendered":"\n<p><strong>Francos oficializ\u00f3 su salida mediante una carta dirigida&#8230;<\/strong><\/p>\n\n\n\n<p>Finalmente, Manuel Adorni reemplazar\u00e1 a Guillermo Francos como jefe de Gabinete, mientras que Santiago Caputo ocupar\u00eda el lugar de Lisandro Catal\u00e1n en el Ministerio del Interior.<\/p>\n\n\n\n<p>Francos oficializ\u00f3 su salida mediante una carta dirigida al Presidente, en la que manifest\u00f3 que \u201cante los persistentes trascendidos sobre modificaciones en el Gabinete Nacional, me dirijo a Usted con el objeto de presentarle mi renuncia al cargo de Jefe de Gabinete de Ministros, para que pueda afrontar sin condicionamientos la etapa de gobierno que se inicia luego de las elecciones nacionales del pasado 26 de octubre\u201d. Y agreg\u00f3: \u201cLe agradezco profundamente la oportunidad de servir con lealtad y patriotismo a nuestro pa\u00eds y a su gobierno\u201d.<\/p>\n\n\n\n<p>\u201cHa sido para m\u00ed un honor ser parte de un proyecto transformador que tiene por objeto encaminar a nuestro pa\u00eds en una senda de libertad y progreso. Sepa que, como hasta hoy, siempre podr\u00e1 contar conmigo. Dese\u00e1ndole el mayor de los \u00e9xitos, con el afecto de siempre\u201d, concluy\u00f3.<\/p>\n\n\n\n<p>Desde la Casa Rosada, el Presidente agradeci\u00f3 a Francos por su labor durante los \u00faltimos dos a\u00f1os, un per\u00edodo marcado por reformas profundas y un di\u00e1logo pol\u00edtico que permiti\u00f3 aprobar leyes clave como la Ley Bases, la Ley Antimafias y el Juicio en Ausencia, entre otras. Milei destac\u00f3 adem\u00e1s que Francos fue una pieza clave para el avance de las transformaciones de su gobierno y sostuvo que \u201cla Naci\u00f3n estar\u00e1 siempre en deuda con \u00e9l\u201d. A partir del lunes, su puesto ser\u00e1 ocupado por Manuel Adorni.<\/p>\n\n\n\n<p>El reacomodamiento interno del Gabinete deja en evidencia el fortalecimiento del poder de Karina Milei, quien logr\u00f3 colocar a un hombre de su confianza por encima de Caputo, que quedar\u00e1 bajo la \u00f3rbita de Adorni dentro de la estructura de la Jefatura de Gabinete, aunque probablemente absorba el \u00e1rea de Obras P\u00fablicas. Las tensiones entre los principales actores del Gobierno ven\u00edan gest\u00e1ndose desde hace semanas, y aunque Francos hab\u00eda negado en reiteradas ocasiones su salida, termin\u00f3 presentando la renuncia luego de verse atrapado entre las disputas de Karina Milei y Santiago Caputo.<\/p>\n\n\n\n<p>Con esta nueva distribuci\u00f3n de roles, Karina Milei se consolida como la figura de mayor peso dentro del denominado \u201ctri\u00e1ngulo de hierro\u201d y ahora tendr\u00e1 bajo su control directo la Jefatura de Gabinete, por encima de la estructura del Ministerio del Interior, que pasar\u00e1 a manos de Caputo.<\/p>\n\n\n\n<p>Caputo quedar\u00e1 a cargo del v\u00ednculo con los gobernadores y con el Congreso, tanto en Diputados como en el Senado. En la reuni\u00f3n del jueves en la Casa Rosada, en la que participaron Milei y los mandatarios provinciales, solo dos funcionarios hablaron adem\u00e1s del Presidente: el ministro de Econom\u00eda, Luis \u201cToto\u201d Caputo, y Santiago Caputo, quien hasta ahora era solo asesor sin cargo formal.<\/p>\n\n\n\n<p>Durante el encuentro, un gobernador pidi\u00f3 mayor federalismo al Gobierno nacional, y Caputo respondi\u00f3: \u201cSi hubo un presidente que defendi\u00f3 el federalismo y las autonom\u00edas provinciales fue Javier Milei\u201d. Sin embargo, omiti\u00f3 mencionar que el Ejecutivo hab\u00eda vetado la ley que establec\u00eda el reparto de los fondos de ATN y del impuesto a los combustibles. De todos modos, qued\u00f3 claro que Caputo ser\u00e1 el principal interlocutor pol\u00edtico del oficialismo, con llegada directa al Presidente y a los Estados Unidos, donde mantiene canales de di\u00e1logo informal.<\/p>\n\n\n\n<p>Karina Milei versus Santiago Caputo<\/p>\n\n\n\n<p>La interna entre Karina Milei y Santiago Caputo viene de larga data. Cuando la hermana del Presidente intent\u00f3 frenar el avance de Caputo, ya hab\u00eda impulsado a Adorni como sucesor de Francos. Durante la semana se lleg\u00f3 incluso a especular con un inminente anuncio, y Adorni ya evaluaba nombres para completar su equipo, aunque finalmente Francos se mantuvo unos d\u00edas m\u00e1s, hasta que la decisi\u00f3n se concret\u00f3 este viernes por la noche.<\/p>\n\n\n\n<p>La energ\u00eda que Karina puso en estos d\u00edas para contener el avance de Caputo fue tal que incluso instruy\u00f3 a su hermano, el Presidente, a comunicarse con Mariano C\u00faneo Libarona para evitar su renuncia al Ministerio de Justicia, ya que en ese caso la cartera quedar\u00eda en manos de Sebasti\u00e1n Amerio, mano derecha de Caputo. \u201cC\u00faneo ya se hab\u00eda preparado para irse, pero se quedar\u00e1, por decisi\u00f3n de Milei y de Karina\u201d, afirmaron fuentes del Gobierno.<\/p>\n\n\n\n<p>La relaci\u00f3n con los gobernadores y con el Congreso se convirti\u00f3 en una prioridad, especialmente ante la exigencia de Washington de garantizar gobernabilidad y la aprobaci\u00f3n de leyes clave, como la reforma laboral y la tributaria, en el marco del rescate econ\u00f3mico impulsado por los Estados Unidos.<\/p>\n\n\n\n<p>Aunque Milei obtuvo el 41% de los votos en las elecciones, cuanto m\u00e1s se demoren esas reformas, m\u00e1s complejo ser\u00e1 aprobarlas, especialmente si se intensifican los efectos de la recesi\u00f3n, los cierres de empresas y los despidos que comienzan a sentirse en distintos sectores de la econom\u00eda.<\/p>\n","protected":false},"excerpt":{"rendered":"<p>Francos oficializ\u00f3 su salida mediante una carta dirigida&#8230; Finalmente, Manuel Adorni reemplazar\u00e1 a Guillermo Francos&#8230;<\/p>\n","protected":false},"author":2,"featured_media":2614,"comment_status":"closed","ping_status":"closed","sticky":false,"template":"","format":"standard","meta":{"_jetpack_memberships_contains_paid_content":false,"footnotes":"","jetpack_publicize_message":"Nuevo Gabinete: renunci\u00f3 Francos y Adorni asumi\u00f3 su lugar, se reacomoda el \u201ctri\u00e1ngulo de hierro\u201d y Karina Milei suma m\u00e1s poder","jetpack_publicize_feature_enabled":true,"jetpack_social_post_already_shared":false,"jetpack_social_options":{"image_generator_settings":{"template":"highway","default_image_id":0,"font":"","enabled":false},"version":2}},"categories":[122],"tags":[],"class_list":["post-2613","post","type-post","status-publish","format-standard","has-post-thumbnail","hentry","category-politica"],"yoast_head":"<!-- This site is optimized with the Yoast SEO plugin v27.4 - https:\/\/yoast.com\/product\/yoast-seo-wordpress\/ -->\n<title>Nuevo Gabinete: renunci\u00f3 Francos y Adorni asumi\u00f3 su lugar, se reacomoda el \u201ctri\u00e1ngulo de hierro\u201d y Karina Milei suma m\u00e1s poder -<\/title>\n<meta name=\"robots\" content=\"index, follow, max-snippet:-1, max-image-preview:large, max-video-preview:-1\" \/>\n<link rel=\"canonical\" href=\"https:\/\/impactocastex.com.ar\/?p=2613\" \/>\n<meta property=\"og:locale\" content=\"es_ES\" \/>\n<meta property=\"og:type\" content=\"article\" \/>\n<meta property=\"og:title\" content=\"Nuevo Gabinete: renunci\u00f3 Francos y Adorni asumi\u00f3 su lugar, se reacomoda el \u201ctri\u00e1ngulo de hierro\u201d y Karina Milei suma m\u00e1s poder -\" \/>\n<meta property=\"og:description\" content=\"Francos oficializ\u00f3 su salida mediante una carta dirigida&#8230; Finalmente, Manuel Adorni reemplazar\u00e1 a Guillermo Francos...\" \/>\n<meta property=\"og:url\" content=\"https:\/\/impactocastex.com.ar\/?p=2613\" \/>\n<meta property=\"article:publisher\" content=\"https:\/\/www.facebook.com\/impactocastexdiario\" \/>\n<meta property=\"article:published_time\" content=\"2025-11-01T14:41:29+00:00\" \/>\n<meta property=\"article:modified_time\" content=\"2025-11-01T14:41:30+00:00\" \/>\n<meta property=\"og:image\" content=\"https:\/\/impactocastex.com.ar\/wp-content\/uploads\/2025\/11\/f1280x720-248610_380285_5050.jpg\" \/>\n\t<meta property=\"og:image:width\" content=\"1280\" \/>\n\t<meta property=\"og:image:height\" content=\"720\" \/>\n\t<meta property=\"og:image:type\" content=\"image\/jpeg\" \/>\n<meta name=\"author\" content=\"impactocastex\" \/>\n<meta name=\"twitter:card\" content=\"summary_large_image\" \/>\n<meta name=\"twitter:label1\" content=\"Escrito por\" \/>\n\t<meta name=\"twitter:data1\" content=\"impactocastex\" \/>\n\t<meta name=\"twitter:label2\" content=\"Tiempo de lectura\" \/>\n\t<meta name=\"twitter:data2\" content=\"4 minutos\" \/>\n<script type=\"application\/ld+json\" class=\"yoast-schema-graph\">{\"@context\":\"https:\\\/\\\/schema.org\",\"@graph\":[{\"@type\":\"Article\",\"@id\":\"https:\\\/\\\/impactocastex.com.ar\\\/?p=2613#article\",\"isPartOf\":{\"@id\":\"https:\\\/\\\/impactocastex.com.ar\\\/?p=2613\"},\"author\":{\"name\":\"impactocastex\",\"@id\":\"https:\\\/\\\/impactocastex.com.ar\\\/#\\\/schema\\\/person\\\/c115028fb60f9bf49ce7550894b84ea7\"},\"headline\":\"Nuevo Gabinete: renunci\u00f3 Francos y Adorni asumi\u00f3 su lugar, se reacomoda el \u201ctri\u00e1ngulo de hierro\u201d y Karina Milei suma m\u00e1s poder\",\"datePublished\":\"2025-11-01T14:41:29+00:00\",\"dateModified\":\"2025-11-01T14:41:30+00:00\",\"mainEntityOfPage\":{\"@id\":\"https:\\\/\\\/impactocastex.com.ar\\\/?p=2613\"},\"wordCount\":857,\"publisher\":{\"@id\":\"https:\\\/\\\/impactocastex.com.ar\\\/#organization\"},\"image\":{\"@id\":\"https:\\\/\\\/impactocastex.com.ar\\\/?p=2613#primaryimage\"},\"thumbnailUrl\":\"https:\\\/\\\/impactocastex.com.ar\\\/wp-content\\\/uploads\\\/2025\\\/11\\\/f1280x720-248610_380285_5050.jpg\",\"articleSection\":[\"POLITICA\"],\"inLanguage\":\"es\"},{\"@type\":\"WebPage\",\"@id\":\"https:\\\/\\\/impactocastex.com.ar\\\/?p=2613\",\"url\":\"https:\\\/\\\/impactocastex.com.ar\\\/?p=2613\",\"name\":\"Nuevo Gabinete: renunci\u00f3 Francos y Adorni asumi\u00f3 su lugar, se reacomoda el \u201ctri\u00e1ngulo de hierro\u201d y Karina Milei suma m\u00e1s poder -\",\"isPartOf\":{\"@id\":\"https:\\\/\\\/impactocastex.com.ar\\\/#website\"},\"primaryImageOfPage\":{\"@id\":\"https:\\\/\\\/impactocastex.com.ar\\\/?p=2613#primaryimage\"},\"image\":{\"@id\":\"https:\\\/\\\/impactocastex.com.ar\\\/?p=2613#primaryimage\"},\"thumbnailUrl\":\"https:\\\/\\\/impactocastex.com.ar\\\/wp-content\\\/uploads\\\/2025\\\/11\\\/f1280x720-248610_380285_5050.jpg\",\"datePublished\":\"2025-11-01T14:41:29+00:00\",\"dateModified\":\"2025-11-01T14:41:30+00:00\",\"breadcrumb\":{\"@id\":\"https:\\\/\\\/impactocastex.com.ar\\\/?p=2613#breadcrumb\"},\"inLanguage\":\"es\",\"potentialAction\":[{\"@type\":\"ReadAction\",\"target\":[\"https:\\\/\\\/impactocastex.com.ar\\\/?p=2613\"]}]},{\"@type\":\"ImageObject\",\"inLanguage\":\"es\",\"@id\":\"https:\\\/\\\/impactocastex.com.ar\\\/?p=2613#primaryimage\",\"url\":\"https:\\\/\\\/impactocastex.com.ar\\\/wp-content\\\/uploads\\\/2025\\\/11\\\/f1280x720-248610_380285_5050.jpg\",\"contentUrl\":\"https:\\\/\\\/impactocastex.com.ar\\\/wp-content\\\/uploads\\\/2025\\\/11\\\/f1280x720-248610_380285_5050.jpg\",\"width\":1280,\"height\":720},{\"@type\":\"BreadcrumbList\",\"@id\":\"https:\\\/\\\/impactocastex.com.ar\\\/?p=2613#breadcrumb\",\"itemListElement\":[{\"@type\":\"ListItem\",\"position\":1,\"name\":\"Portada\",\"item\":\"https:\\\/\\\/impactocastex.com.ar\\\/\"},{\"@type\":\"ListItem\",\"position\":2,\"name\":\"Nuevo Gabinete: renunci\u00f3 Francos y Adorni asumi\u00f3 su lugar, se reacomoda el \u201ctri\u00e1ngulo de hierro\u201d y Karina Milei suma m\u00e1s poder\"}]},{\"@type\":\"WebSite\",\"@id\":\"https:\\\/\\\/impactocastex.com.ar\\\/#website\",\"url\":\"https:\\\/\\\/impactocastex.com.ar\\\/\",\"name\":\"Impacto Castex\",\"description\":\"\",\"publisher\":{\"@id\":\"https:\\\/\\\/impactocastex.com.ar\\\/#organization\"},\"potentialAction\":[{\"@type\":\"SearchAction\",\"target\":{\"@type\":\"EntryPoint\",\"urlTemplate\":\"https:\\\/\\\/impactocastex.com.ar\\\/?s={search_term_string}\"},\"query-input\":{\"@type\":\"PropertyValueSpecification\",\"valueRequired\":true,\"valueName\":\"search_term_string\"}}],\"inLanguage\":\"es\"},{\"@type\":\"Organization\",\"@id\":\"https:\\\/\\\/impactocastex.com.ar\\\/#organization\",\"name\":\"Impacto Castex\",\"url\":\"https:\\\/\\\/impactocastex.com.ar\\\/\",\"logo\":{\"@type\":\"ImageObject\",\"inLanguage\":\"es\",\"@id\":\"https:\\\/\\\/impactocastex.com.ar\\\/#\\\/schema\\\/logo\\\/image\\\/\",\"url\":\"https:\\\/\\\/impactocastex.com.ar\\\/wp-content\\\/uploads\\\/2025\\\/09\\\/cropped-icoweb.png\",\"contentUrl\":\"https:\\\/\\\/impactocastex.com.ar\\\/wp-content\\\/uploads\\\/2025\\\/09\\\/cropped-icoweb.png\",\"width\":512,\"height\":512,\"caption\":\"Impacto Castex\"},\"image\":{\"@id\":\"https:\\\/\\\/impactocastex.com.ar\\\/#\\\/schema\\\/logo\\\/image\\\/\"},\"sameAs\":[\"https:\\\/\\\/www.facebook.com\\\/impactocastexdiario\",\"https:\\\/\\\/www.instagram.com\\\/impactocastex.com.ar\\\/\"]},{\"@type\":\"Person\",\"@id\":\"https:\\\/\\\/impactocastex.com.ar\\\/#\\\/schema\\\/person\\\/c115028fb60f9bf49ce7550894b84ea7\",\"name\":\"impactocastex\",\"image\":{\"@type\":\"ImageObject\",\"inLanguage\":\"es\",\"@id\":\"https:\\\/\\\/secure.gravatar.com\\\/avatar\\\/fee87e7af008f02e9becdc0b5a9fd4a2e79b3918a571edeacb62211704637833?s=96&d=mm&r=g\",\"url\":\"https:\\\/\\\/secure.gravatar.com\\\/avatar\\\/fee87e7af008f02e9becdc0b5a9fd4a2e79b3918a571edeacb62211704637833?s=96&d=mm&r=g\",\"contentUrl\":\"https:\\\/\\\/secure.gravatar.com\\\/avatar\\\/fee87e7af008f02e9becdc0b5a9fd4a2e79b3918a571edeacb62211704637833?s=96&d=mm&r=g\",\"caption\":\"impactocastex\"},\"sameAs\":[\"https:\\\/\\\/impactocastex.com.ar\\\/\"],\"url\":\"https:\\\/\\\/impactocastex.com.ar\\\/?author=2\"}]}<\/script>\n<!-- \/ Yoast SEO plugin. -->","yoast_head_json":{"title":"Nuevo Gabinete: renunci\u00f3 Francos y Adorni asumi\u00f3 su lugar, se reacomoda el \u201ctri\u00e1ngulo de hierro\u201d y Karina Milei suma m\u00e1s poder -","robots":{"index":"index","follow":"follow","max-snippet":"max-snippet:-1","max-image-preview":"max-image-preview:large","max-video-preview":"max-video-preview:-1"},"canonical":"https:\/\/impactocastex.com.ar\/?p=2613","og_locale":"es_ES","og_type":"article","og_title":"Nuevo Gabinete: renunci\u00f3 Francos y Adorni asumi\u00f3 su lugar, se reacomoda el \u201ctri\u00e1ngulo de hierro\u201d y Karina Milei suma m\u00e1s poder -","og_description":"Francos oficializ\u00f3 su salida mediante una carta dirigida&#8230; Finalmente, Manuel Adorni reemplazar\u00e1 a Guillermo Francos...","og_url":"https:\/\/impactocastex.com.ar\/?p=2613","article_publisher":"https:\/\/www.facebook.com\/impactocastexdiario","article_published_time":"2025-11-01T14:41:29+00:00","article_modified_time":"2025-11-01T14:41:30+00:00","og_image":[{"width":1280,"height":720,"url":"https:\/\/impactocastex.com.ar\/wp-content\/uploads\/2025\/11\/f1280x720-248610_380285_5050.jpg","type":"image\/jpeg"}],"author":"impactocastex","twitter_card":"summary_large_image","twitter_misc":{"Escrito por":"impactocastex","Tiempo de lectura":"4 minutos"},"schema":{"@context":"https:\/\/schema.org","@graph":[{"@type":"Article","@id":"https:\/\/impactocastex.com.ar\/?p=2613#article","isPartOf":{"@id":"https:\/\/impactocastex.com.ar\/?p=2613"},"author":{"name":"impactocastex","@id":"https:\/\/impactocastex.com.ar\/#\/schema\/person\/c115028fb60f9bf49ce7550894b84ea7"},"headline":"Nuevo Gabinete: renunci\u00f3 Francos y Adorni asumi\u00f3 su lugar, se reacomoda el \u201ctri\u00e1ngulo de hierro\u201d y Karina Milei suma m\u00e1s poder","datePublished":"2025-11-01T14:41:29+00:00","dateModified":"2025-11-01T14:41:30+00:00","mainEntityOfPage":{"@id":"https:\/\/impactocastex.com.ar\/?p=2613"},"wordCount":857,"publisher":{"@id":"https:\/\/impactocastex.com.ar\/#organization"},"image":{"@id":"https:\/\/impactocastex.com.ar\/?p=2613#primaryimage"},"thumbnailUrl":"https:\/\/impactocastex.com.ar\/wp-content\/uploads\/2025\/11\/f1280x720-248610_380285_5050.jpg","articleSection":["POLITICA"],"inLanguage":"es"},{"@type":"WebPage","@id":"https:\/\/impactocastex.com.ar\/?p=2613","url":"https:\/\/impactocastex.com.ar\/?p=2613","name":"Nuevo Gabinete: renunci\u00f3 Francos y Adorni asumi\u00f3 su lugar, se reacomoda el \u201ctri\u00e1ngulo de hierro\u201d y Karina Milei suma m\u00e1s poder -","isPartOf":{"@id":"https:\/\/impactocastex.com.ar\/#website"},"primaryImageOfPage":{"@id":"https:\/\/impactocastex.com.ar\/?p=2613#primaryimage"},"image":{"@id":"https:\/\/impactocastex.com.ar\/?p=2613#primaryimage"},"thumbnailUrl":"https:\/\/impactocastex.com.ar\/wp-content\/uploads\/2025\/11\/f1280x720-248610_380285_5050.jpg","datePublished":"2025-11-01T14:41:29+00:00","dateModified":"2025-11-01T14:41:30+00:00","breadcrumb":{"@id":"https:\/\/impactocastex.com.ar\/?p=2613#breadcrumb"},"inLanguage":"es","potentialAction":[{"@type":"ReadAction","target":["https:\/\/impactocastex.com.ar\/?p=2613"]}]},{"@type":"ImageObject","inLanguage":"es","@id":"https:\/\/impactocastex.com.ar\/?p=2613#primaryimage","url":"https:\/\/impactocastex.com.ar\/wp-content\/uploads\/2025\/11\/f1280x720-248610_380285_5050.jpg","contentUrl":"https:\/\/impactocastex.com.ar\/wp-content\/uploads\/2025\/11\/f1280x720-248610_380285_5050.jpg","width":1280,"height":720},{"@type":"BreadcrumbList","@id":"https:\/\/impactocastex.com.ar\/?p=2613#breadcrumb","itemListElement":[{"@type":"ListItem","position":1,"name":"Portada","item":"https:\/\/impactocastex.com.ar\/"},{"@type":"ListItem","position":2,"name":"Nuevo Gabinete: renunci\u00f3 Francos y Adorni asumi\u00f3 su lugar, se reacomoda el \u201ctri\u00e1ngulo de hierro\u201d y Karina Milei suma m\u00e1s poder"}]},{"@type":"WebSite","@id":"https:\/\/impactocastex.com.ar\/#website","url":"https:\/\/impactocastex.com.ar\/","name":"Impacto Castex","description":"","publisher":{"@id":"https:\/\/impactocastex.com.ar\/#organization"},"potentialAction":[{"@type":"SearchAction","target":{"@type":"EntryPoint","urlTemplate":"https:\/\/impactocastex.com.ar\/?s={search_term_string}"},"query-input":{"@type":"PropertyValueSpecification","valueRequired":true,"valueName":"search_term_string"}}],"inLanguage":"es"},{"@type":"Organization","@id":"https:\/\/impactocastex.com.ar\/#organization","name":"Impacto Castex","url":"https:\/\/impactocastex.com.ar\/","logo":{"@type":"ImageObject","inLanguage":"es","@id":"https:\/\/impactocastex.com.ar\/#\/schema\/logo\/image\/","url":"https:\/\/impactocastex.com.ar\/wp-content\/uploads\/2025\/09\/cropped-icoweb.png","contentUrl":"https:\/\/impactocastex.com.ar\/wp-content\/uploads\/2025\/09\/cropped-icoweb.png","width":512,"height":512,"caption":"Impacto Castex"},"image":{"@id":"https:\/\/impactocastex.com.ar\/#\/schema\/logo\/image\/"},"sameAs":["https:\/\/www.facebook.com\/impactocastexdiario","https:\/\/www.instagram.com\/impactocastex.com.ar\/"]},{"@type":"Person","@id":"https:\/\/impactocastex.com.ar\/#\/schema\/person\/c115028fb60f9bf49ce7550894b84ea7","name":"impactocastex","image":{"@type":"ImageObject","inLanguage":"es","@id":"https:\/\/secure.gravatar.com\/avatar\/fee87e7af008f02e9becdc0b5a9fd4a2e79b3918a571edeacb62211704637833?s=96&d=mm&r=g","url":"https:\/\/secure.gravatar.com\/avatar\/fee87e7af008f02e9becdc0b5a9fd4a2e79b3918a571edeacb62211704637833?s=96&d=mm&r=g","contentUrl":"https:\/\/secure.gravatar.com\/avatar\/fee87e7af008f02e9becdc0b5a9fd4a2e79b3918a571edeacb62211704637833?s=96&d=mm&r=g","caption":"impactocastex"},"sameAs":["https:\/\/impactocastex.com.ar\/"],"url":"https:\/\/impactocastex.com.ar\/?author=2"}]}},"jetpack_publicize_connections":[],"featured_image_urls":{"full":["https:\/\/impactocastex.com.ar\/wp-content\/uploads\/2025\/11\/f1280x720-248610_380285_5050.jpg",1280,720,false],"thumbnail":["https:\/\/impactocastex.com.ar\/wp-content\/uploads\/2025\/11\/f1280x720-248610_380285_5050-150x150.jpg",150,150,true],"medium":["https:\/\/impactocastex.com.ar\/wp-content\/uploads\/2025\/11\/f1280x720-248610_380285_5050-300x169.jpg",300,169,true],"medium_large":["https:\/\/impactocastex.com.ar\/wp-content\/uploads\/2025\/11\/f1280x720-248610_380285_5050-768x432.jpg",640,360,true],"large":["https:\/\/impactocastex.com.ar\/wp-content\/uploads\/2025\/11\/f1280x720-248610_380285_5050-1024x576.jpg",640,360,true],"1536x1536":["https:\/\/impactocastex.com.ar\/wp-content\/uploads\/2025\/11\/f1280x720-248610_380285_5050.jpg",1280,720,false],"2048x2048":["https:\/\/impactocastex.com.ar\/wp-content\/uploads\/2025\/11\/f1280x720-248610_380285_5050.jpg",1280,720,false],"newsever-slider-full":["https:\/\/impactocastex.com.ar\/wp-content\/uploads\/2025\/11\/f1280x720-248610_380285_5050.jpg",1280,720,false],"newsever-featured":["https:\/\/impactocastex.com.ar\/wp-content\/uploads\/2025\/11\/f1280x720-248610_380285_5050-1024x576.jpg",1024,576,true],"newsever-medium":["https:\/\/impactocastex.com.ar\/wp-content\/uploads\/2025\/11\/f1280x720-248610_380285_5050-720x475.jpg",720,475,true]},"author_info":{"info":["impactocastex"]},"category_info":"<a href=\"https:\/\/impactocastex.com.ar\/?cat=122\" rel=\"category\">POLITICA<\/a>","tag_info":"POLITICA","comment_count":0,"jetpack_featured_media_url":"https:\/\/impactocastex.com.ar\/wp-content\/uploads\/2025\/11\/f1280x720-248610_380285_5050.jpg","jetpack_sharing_enabled":true,"jetpack_likes_enabled":true,"jetpack_shortlink":"https:\/\/wp.me\/p7sopA-G9","_links":{"self":[{"href":"https:\/\/impactocastex.com.ar\/index.php?rest_route=\/wp\/v2\/posts\/2613","targetHints":{"allow":["GET"]}}],"collection":[{"href":"https:\/\/impactocastex.com.ar\/index.php?rest_route=\/wp\/v2\/posts"}],"about":[{"href":"https:\/\/impactocastex.com.ar\/index.php?rest_route=\/wp\/v2\/types\/post"}],"author":[{"embeddable":true,"href":"https:\/\/impactocastex.com.ar\/index.php?rest_route=\/wp\/v2\/users\/2"}],"replies":[{"embeddable":true,"href":"https:\/\/impactocastex.com.ar\/index.php?rest_route=%2Fwp%2Fv2%2Fcomments&post=2613"}],"version-history":[{"count":1,"href":"https:\/\/impactocastex.com.ar\/index.php?rest_route=\/wp\/v2\/posts\/2613\/revisions"}],"predecessor-version":[{"id":2615,"href":"https:\/\/impactocastex.com.ar\/index.php?rest_route=\/wp\/v2\/posts\/2613\/revisions\/2615"}],"wp:featuredmedia":[{"embeddable":true,"href":"https:\/\/impactocastex.com.ar\/index.php?rest_route=\/wp\/v2\/media\/2614"}],"wp:attachment":[{"href":"https:\/\/impactocastex.com.ar\/index.php?rest_route=%2Fwp%2Fv2%2Fmedia&parent=2613"}],"wp:term":[{"taxonomy":"category","embeddable":true,"href":"https:\/\/impactocastex.com.ar\/index.php?rest_route=%2Fwp%2Fv2%2Fcategories&post=2613"},{"taxonomy":"post_tag","embeddable":true,"href":"https:\/\/impactocastex.com.ar\/index.php?rest_route=%2Fwp%2Fv2%2Ftags&post=2613"}],"curies":[{"name":"wp","href":"https:\/\/api.w.org\/{rel}","templated":true}]}}