{"id":2610,"date":"2025-11-01T11:37:36","date_gmt":"2025-11-01T14:37:36","guid":{"rendered":"https:\/\/impactocastex.com.ar\/?p=2610"},"modified":"2025-11-01T11:37:38","modified_gmt":"2025-11-01T14:37:38","slug":"la-luz-y-el-gas-aumentaran-en-noviembre-por-encima-de-la-inflacion-proyectada","status":"publish","type":"post","link":"https:\/\/impactocastex.com.ar\/?p=2610","title":{"rendered":"La luz y el gas aumentar\u00e1n en noviembre por encima de la inflaci\u00f3n proyectada"},"content":{"rendered":"\n<p>El Gobierno oficializ\u00f3 un incremento promedio del 3,8% en las facturas de gas y confirm\u00f3 un ajuste similar para la electricidad. Los aumentos superan el 2,5% de inflaci\u00f3n esperada, impulsados por el impacto del encarecimiento del d\u00f3lar en los costos.<\/p>\n\n\n\n<p>El Gobierno nacional oficializ\u00f3 un incremento promedio del 3,8% en las facturas de gas desde noviembre, al que se sumar\u00e1 un ajuste similar en las tarifas el\u00e9ctricas previsto para el lunes. Ambos aumentos superan la inflaci\u00f3n proyectada para el per\u00edodo, estimada en torno al 2,5% por consultoras privadas.<\/p>\n\n\n\n<p>Fuentes oficiales confirmaron que el principal factor de estos ajustes es el traslado a tarifas del encarecimiento del d\u00f3lar registrado en los \u00faltimos meses, motivado por la incertidumbre electoral.<\/p>\n\n\n\n<p>La Secretar\u00eda de Energ\u00eda, dirigida por Mar\u00eda Tettamanti, dispuso que a partir de noviembre las distribuidoras puedan contratar energ\u00eda directamente con las generadoras para los grandes usuarios, eliminando la intermediaci\u00f3n de Cammesa. Sin embargo, los usuarios residenciales continuar\u00e1n bajo el esquema vigente.<\/p>\n\n\n\n<p>Adem\u00e1s, el Gobierno nacional estableci\u00f3 un nuevo aumento en el recargo que financia el subsidio para usuarios de zonas fr\u00edas, elev\u00e1ndolo del 7% al 7,2%. El costo total de la medida, que impacta en el fluido, transporte y distribuci\u00f3n, se reflejar\u00e1 en la tarifa final con un impacto total del 3,8 por ciento.<\/p>\n\n\n\n<p>Estos ajustes se suman a las subas mensuales en combustibles y en el servicio de Aysa en el AMBA, que rondan el 1%, vinculadas a un incremento parcial de los impuestos incluidos en sus precios.<\/p>\n\n\n\n<p><strong>Hacia la privatizaci\u00f3n de la gesti\u00f3n el\u00e9ctrica<\/strong><\/p>\n\n\n\n<p>Al referirse a la pol\u00edtica sectorial, Tettamanti destac\u00f3 la intenci\u00f3n de avanzar hacia la gesti\u00f3n privada, se\u00f1alando que \u00abno hay mejor forma de obtener esa energ\u00eda lo m\u00e1s barato posible que con competencia, es decir, con libre mercado y gesti\u00f3n privada, no gesti\u00f3n p\u00fablica\u00bb.<\/p>\n\n\n\n<p>La funcionaria explic\u00f3 que la hoja de ruta implica \u00abvolver a privatizar la gesti\u00f3n\u00bb de un sector que, si bien mantuvo la propiedad en manos privadas, la gesti\u00f3n \u00abfue intervenida, estatizando en la pr\u00e1ctica el sector\u00bb en los \u00faltimos a\u00f1os. \u00abNosotros queremos volver a la privatizaci\u00f3n absoluta\u00bb, remarc\u00f3 Tettamanti a EconoJournal, y advirti\u00f3 que lo peor ser\u00eda \u00abcontinuar con este r\u00e9gimen regulado y estatista, que ha generado un sistema descapitalizado, sin contratos previsibles entre privados y sin desarrollo a largo plazo\u00bb.<\/p>\n\n\n\n<p>Tettamanti subray\u00f3 que la reforma busca que los grandes usuarios asuman la gesti\u00f3n de su energ\u00eda, y que el objetivo es que \u00abel sector privado sea el offtaker de la nueva producci\u00f3n de energ\u00eda\u00bb. No obstante, aclar\u00f3: \u00abNo somos dogm\u00e1ticos. Si en alg\u00fan momento es imprescindible garantizarle al proveedor el cobro de su producci\u00f3n, lo vamos a hacer\u00bb.<\/p>\n\n\n\n<p>Finalmente, la funcionaria sostuvo que la viabilidad de la reforma energ\u00e9tica depende fundamentalmente de la estabilidad macroecon\u00f3mica y de la solidez fiscal y monetaria, ya que el sector fija sus precios en d\u00f3lares. \u00abSin una econom\u00eda ordenada, ning\u00fan sector puede sostener pol\u00edticas p\u00fablicas duraderas, ya que la inestabilidad de precios impide preservar las reglas\u00bb, concluy\u00f3.<\/p>\n","protected":false},"excerpt":{"rendered":"<p>El Gobierno oficializ\u00f3 un incremento promedio del 3,8% en las facturas de gas y confirm\u00f3&#8230;<\/p>\n","protected":false},"author":2,"featured_media":2611,"comment_status":"closed","ping_status":"closed","sticky":false,"template":"","format":"standard","meta":{"_jetpack_memberships_contains_paid_content":false,"footnotes":"","jetpack_publicize_message":"La luz y el gas aumentar\u00e1n en noviembre por encima de la inflaci\u00f3n proyectada","jetpack_publicize_feature_enabled":true,"jetpack_social_post_already_shared":false,"jetpack_social_options":{"image_generator_settings":{"template":"highway","default_image_id":0,"font":"","enabled":false},"version":2}},"categories":[86],"tags":[],"class_list":["post-2610","post","type-post","status-publish","format-standard","has-post-thumbnail","hentry","category-sociedad"],"yoast_head":"<!-- This site is optimized with the Yoast SEO plugin v27.4 - https:\/\/yoast.com\/product\/yoast-seo-wordpress\/ -->\n<title>La luz y el gas aumentar\u00e1n en noviembre por encima de la inflaci\u00f3n proyectada -<\/title>\n<meta name=\"robots\" content=\"index, follow, max-snippet:-1, max-image-preview:large, max-video-preview:-1\" \/>\n<link rel=\"canonical\" href=\"https:\/\/impactocastex.com.ar\/?p=2610\" \/>\n<meta property=\"og:locale\" content=\"es_ES\" \/>\n<meta property=\"og:type\" content=\"article\" \/>\n<meta property=\"og:title\" content=\"La luz y el gas aumentar\u00e1n en noviembre por encima de la inflaci\u00f3n proyectada -\" \/>\n<meta property=\"og:description\" content=\"El Gobierno oficializ\u00f3 un incremento promedio del 3,8% en las facturas de gas y confirm\u00f3...\" \/>\n<meta property=\"og:url\" content=\"https:\/\/impactocastex.com.ar\/?p=2610\" \/>\n<meta property=\"article:publisher\" content=\"https:\/\/www.facebook.com\/impactocastexdiario\" \/>\n<meta property=\"article:published_time\" content=\"2025-11-01T14:37:36+00:00\" \/>\n<meta property=\"article:modified_time\" content=\"2025-11-01T14:37:38+00:00\" \/>\n<meta property=\"og:image\" content=\"https:\/\/impactocastex.com.ar\/wp-content\/uploads\/2025\/11\/2126610.jpg\" \/>\n\t<meta property=\"og:image:width\" content=\"1200\" \/>\n\t<meta property=\"og:image:height\" content=\"631\" \/>\n\t<meta property=\"og:image:type\" content=\"image\/jpeg\" \/>\n<meta name=\"author\" content=\"impactocastex\" \/>\n<meta name=\"twitter:card\" content=\"summary_large_image\" \/>\n<meta name=\"twitter:label1\" content=\"Escrito por\" \/>\n\t<meta name=\"twitter:data1\" content=\"impactocastex\" \/>\n\t<meta name=\"twitter:label2\" content=\"Tiempo de lectura\" \/>\n\t<meta name=\"twitter:data2\" content=\"3 minutos\" \/>\n<script type=\"application\/ld+json\" class=\"yoast-schema-graph\">{\"@context\":\"https:\\\/\\\/schema.org\",\"@graph\":[{\"@type\":\"Article\",\"@id\":\"https:\\\/\\\/impactocastex.com.ar\\\/?p=2610#article\",\"isPartOf\":{\"@id\":\"https:\\\/\\\/impactocastex.com.ar\\\/?p=2610\"},\"author\":{\"name\":\"impactocastex\",\"@id\":\"https:\\\/\\\/impactocastex.com.ar\\\/#\\\/schema\\\/person\\\/c115028fb60f9bf49ce7550894b84ea7\"},\"headline\":\"La luz y el gas aumentar\u00e1n en noviembre por encima de la inflaci\u00f3n proyectada\",\"datePublished\":\"2025-11-01T14:37:36+00:00\",\"dateModified\":\"2025-11-01T14:37:38+00:00\",\"mainEntityOfPage\":{\"@id\":\"https:\\\/\\\/impactocastex.com.ar\\\/?p=2610\"},\"wordCount\":549,\"publisher\":{\"@id\":\"https:\\\/\\\/impactocastex.com.ar\\\/#organization\"},\"image\":{\"@id\":\"https:\\\/\\\/impactocastex.com.ar\\\/?p=2610#primaryimage\"},\"thumbnailUrl\":\"https:\\\/\\\/impactocastex.com.ar\\\/wp-content\\\/uploads\\\/2025\\\/11\\\/2126610.jpg\",\"articleSection\":[\"SOCIEDAD\"],\"inLanguage\":\"es\"},{\"@type\":\"WebPage\",\"@id\":\"https:\\\/\\\/impactocastex.com.ar\\\/?p=2610\",\"url\":\"https:\\\/\\\/impactocastex.com.ar\\\/?p=2610\",\"name\":\"La luz y el gas aumentar\u00e1n en noviembre por encima de la inflaci\u00f3n proyectada -\",\"isPartOf\":{\"@id\":\"https:\\\/\\\/impactocastex.com.ar\\\/#website\"},\"primaryImageOfPage\":{\"@id\":\"https:\\\/\\\/impactocastex.com.ar\\\/?p=2610#primaryimage\"},\"image\":{\"@id\":\"https:\\\/\\\/impactocastex.com.ar\\\/?p=2610#primaryimage\"},\"thumbnailUrl\":\"https:\\\/\\\/impactocastex.com.ar\\\/wp-content\\\/uploads\\\/2025\\\/11\\\/2126610.jpg\",\"datePublished\":\"2025-11-01T14:37:36+00:00\",\"dateModified\":\"2025-11-01T14:37:38+00:00\",\"breadcrumb\":{\"@id\":\"https:\\\/\\\/impactocastex.com.ar\\\/?p=2610#breadcrumb\"},\"inLanguage\":\"es\",\"potentialAction\":[{\"@type\":\"ReadAction\",\"target\":[\"https:\\\/\\\/impactocastex.com.ar\\\/?p=2610\"]}]},{\"@type\":\"ImageObject\",\"inLanguage\":\"es\",\"@id\":\"https:\\\/\\\/impactocastex.com.ar\\\/?p=2610#primaryimage\",\"url\":\"https:\\\/\\\/impactocastex.com.ar\\\/wp-content\\\/uploads\\\/2025\\\/11\\\/2126610.jpg\",\"contentUrl\":\"https:\\\/\\\/impactocastex.com.ar\\\/wp-content\\\/uploads\\\/2025\\\/11\\\/2126610.jpg\",\"width\":1200,\"height\":631},{\"@type\":\"BreadcrumbList\",\"@id\":\"https:\\\/\\\/impactocastex.com.ar\\\/?p=2610#breadcrumb\",\"itemListElement\":[{\"@type\":\"ListItem\",\"position\":1,\"name\":\"Portada\",\"item\":\"https:\\\/\\\/impactocastex.com.ar\\\/\"},{\"@type\":\"ListItem\",\"position\":2,\"name\":\"La luz y el gas aumentar\u00e1n en noviembre por encima de la inflaci\u00f3n proyectada\"}]},{\"@type\":\"WebSite\",\"@id\":\"https:\\\/\\\/impactocastex.com.ar\\\/#website\",\"url\":\"https:\\\/\\\/impactocastex.com.ar\\\/\",\"name\":\"Impacto Castex\",\"description\":\"\",\"publisher\":{\"@id\":\"https:\\\/\\\/impactocastex.com.ar\\\/#organization\"},\"potentialAction\":[{\"@type\":\"SearchAction\",\"target\":{\"@type\":\"EntryPoint\",\"urlTemplate\":\"https:\\\/\\\/impactocastex.com.ar\\\/?s={search_term_string}\"},\"query-input\":{\"@type\":\"PropertyValueSpecification\",\"valueRequired\":true,\"valueName\":\"search_term_string\"}}],\"inLanguage\":\"es\"},{\"@type\":\"Organization\",\"@id\":\"https:\\\/\\\/impactocastex.com.ar\\\/#organization\",\"name\":\"Impacto Castex\",\"url\":\"https:\\\/\\\/impactocastex.com.ar\\\/\",\"logo\":{\"@type\":\"ImageObject\",\"inLanguage\":\"es\",\"@id\":\"https:\\\/\\\/impactocastex.com.ar\\\/#\\\/schema\\\/logo\\\/image\\\/\",\"url\":\"https:\\\/\\\/impactocastex.com.ar\\\/wp-content\\\/uploads\\\/2025\\\/09\\\/cropped-icoweb.png\",\"contentUrl\":\"https:\\\/\\\/impactocastex.com.ar\\\/wp-content\\\/uploads\\\/2025\\\/09\\\/cropped-icoweb.png\",\"width\":512,\"height\":512,\"caption\":\"Impacto Castex\"},\"image\":{\"@id\":\"https:\\\/\\\/impactocastex.com.ar\\\/#\\\/schema\\\/logo\\\/image\\\/\"},\"sameAs\":[\"https:\\\/\\\/www.facebook.com\\\/impactocastexdiario\",\"https:\\\/\\\/www.instagram.com\\\/impactocastex.com.ar\\\/\"]},{\"@type\":\"Person\",\"@id\":\"https:\\\/\\\/impactocastex.com.ar\\\/#\\\/schema\\\/person\\\/c115028fb60f9bf49ce7550894b84ea7\",\"name\":\"impactocastex\",\"image\":{\"@type\":\"ImageObject\",\"inLanguage\":\"es\",\"@id\":\"https:\\\/\\\/secure.gravatar.com\\\/avatar\\\/fee87e7af008f02e9becdc0b5a9fd4a2e79b3918a571edeacb62211704637833?s=96&d=mm&r=g\",\"url\":\"https:\\\/\\\/secure.gravatar.com\\\/avatar\\\/fee87e7af008f02e9becdc0b5a9fd4a2e79b3918a571edeacb62211704637833?s=96&d=mm&r=g\",\"contentUrl\":\"https:\\\/\\\/secure.gravatar.com\\\/avatar\\\/fee87e7af008f02e9becdc0b5a9fd4a2e79b3918a571edeacb62211704637833?s=96&d=mm&r=g\",\"caption\":\"impactocastex\"},\"sameAs\":[\"https:\\\/\\\/impactocastex.com.ar\\\/\"],\"url\":\"https:\\\/\\\/impactocastex.com.ar\\\/?author=2\"}]}<\/script>\n<!-- \/ Yoast SEO plugin. -->","yoast_head_json":{"title":"La luz y el gas aumentar\u00e1n en noviembre por encima de la inflaci\u00f3n proyectada -","robots":{"index":"index","follow":"follow","max-snippet":"max-snippet:-1","max-image-preview":"max-image-preview:large","max-video-preview":"max-video-preview:-1"},"canonical":"https:\/\/impactocastex.com.ar\/?p=2610","og_locale":"es_ES","og_type":"article","og_title":"La luz y el gas aumentar\u00e1n en noviembre por encima de la inflaci\u00f3n proyectada -","og_description":"El Gobierno oficializ\u00f3 un incremento promedio del 3,8% en las facturas de gas y confirm\u00f3...","og_url":"https:\/\/impactocastex.com.ar\/?p=2610","article_publisher":"https:\/\/www.facebook.com\/impactocastexdiario","article_published_time":"2025-11-01T14:37:36+00:00","article_modified_time":"2025-11-01T14:37:38+00:00","og_image":[{"width":1200,"height":631,"url":"https:\/\/impactocastex.com.ar\/wp-content\/uploads\/2025\/11\/2126610.jpg","type":"image\/jpeg"}],"author":"impactocastex","twitter_card":"summary_large_image","twitter_misc":{"Escrito por":"impactocastex","Tiempo de lectura":"3 minutos"},"schema":{"@context":"https:\/\/schema.org","@graph":[{"@type":"Article","@id":"https:\/\/impactocastex.com.ar\/?p=2610#article","isPartOf":{"@id":"https:\/\/impactocastex.com.ar\/?p=2610"},"author":{"name":"impactocastex","@id":"https:\/\/impactocastex.com.ar\/#\/schema\/person\/c115028fb60f9bf49ce7550894b84ea7"},"headline":"La luz y el gas aumentar\u00e1n en noviembre por encima de la inflaci\u00f3n proyectada","datePublished":"2025-11-01T14:37:36+00:00","dateModified":"2025-11-01T14:37:38+00:00","mainEntityOfPage":{"@id":"https:\/\/impactocastex.com.ar\/?p=2610"},"wordCount":549,"publisher":{"@id":"https:\/\/impactocastex.com.ar\/#organization"},"image":{"@id":"https:\/\/impactocastex.com.ar\/?p=2610#primaryimage"},"thumbnailUrl":"https:\/\/impactocastex.com.ar\/wp-content\/uploads\/2025\/11\/2126610.jpg","articleSection":["SOCIEDAD"],"inLanguage":"es"},{"@type":"WebPage","@id":"https:\/\/impactocastex.com.ar\/?p=2610","url":"https:\/\/impactocastex.com.ar\/?p=2610","name":"La luz y el gas aumentar\u00e1n en noviembre por encima de la inflaci\u00f3n proyectada -","isPartOf":{"@id":"https:\/\/impactocastex.com.ar\/#website"},"primaryImageOfPage":{"@id":"https:\/\/impactocastex.com.ar\/?p=2610#primaryimage"},"image":{"@id":"https:\/\/impactocastex.com.ar\/?p=2610#primaryimage"},"thumbnailUrl":"https:\/\/impactocastex.com.ar\/wp-content\/uploads\/2025\/11\/2126610.jpg","datePublished":"2025-11-01T14:37:36+00:00","dateModified":"2025-11-01T14:37:38+00:00","breadcrumb":{"@id":"https:\/\/impactocastex.com.ar\/?p=2610#breadcrumb"},"inLanguage":"es","potentialAction":[{"@type":"ReadAction","target":["https:\/\/impactocastex.com.ar\/?p=2610"]}]},{"@type":"ImageObject","inLanguage":"es","@id":"https:\/\/impactocastex.com.ar\/?p=2610#primaryimage","url":"https:\/\/impactocastex.com.ar\/wp-content\/uploads\/2025\/11\/2126610.jpg","contentUrl":"https:\/\/impactocastex.com.ar\/wp-content\/uploads\/2025\/11\/2126610.jpg","width":1200,"height":631},{"@type":"BreadcrumbList","@id":"https:\/\/impactocastex.com.ar\/?p=2610#breadcrumb","itemListElement":[{"@type":"ListItem","position":1,"name":"Portada","item":"https:\/\/impactocastex.com.ar\/"},{"@type":"ListItem","position":2,"name":"La luz y el gas aumentar\u00e1n en noviembre por encima de la inflaci\u00f3n proyectada"}]},{"@type":"WebSite","@id":"https:\/\/impactocastex.com.ar\/#website","url":"https:\/\/impactocastex.com.ar\/","name":"Impacto Castex","description":"","publisher":{"@id":"https:\/\/impactocastex.com.ar\/#organization"},"potentialAction":[{"@type":"SearchAction","target":{"@type":"EntryPoint","urlTemplate":"https:\/\/impactocastex.com.ar\/?s={search_term_string}"},"query-input":{"@type":"PropertyValueSpecification","valueRequired":true,"valueName":"search_term_string"}}],"inLanguage":"es"},{"@type":"Organization","@id":"https:\/\/impactocastex.com.ar\/#organization","name":"Impacto Castex","url":"https:\/\/impactocastex.com.ar\/","logo":{"@type":"ImageObject","inLanguage":"es","@id":"https:\/\/impactocastex.com.ar\/#\/schema\/logo\/image\/","url":"https:\/\/impactocastex.com.ar\/wp-content\/uploads\/2025\/09\/cropped-icoweb.png","contentUrl":"https:\/\/impactocastex.com.ar\/wp-content\/uploads\/2025\/09\/cropped-icoweb.png","width":512,"height":512,"caption":"Impacto Castex"},"image":{"@id":"https:\/\/impactocastex.com.ar\/#\/schema\/logo\/image\/"},"sameAs":["https:\/\/www.facebook.com\/impactocastexdiario","https:\/\/www.instagram.com\/impactocastex.com.ar\/"]},{"@type":"Person","@id":"https:\/\/impactocastex.com.ar\/#\/schema\/person\/c115028fb60f9bf49ce7550894b84ea7","name":"impactocastex","image":{"@type":"ImageObject","inLanguage":"es","@id":"https:\/\/secure.gravatar.com\/avatar\/fee87e7af008f02e9becdc0b5a9fd4a2e79b3918a571edeacb62211704637833?s=96&d=mm&r=g","url":"https:\/\/secure.gravatar.com\/avatar\/fee87e7af008f02e9becdc0b5a9fd4a2e79b3918a571edeacb62211704637833?s=96&d=mm&r=g","contentUrl":"https:\/\/secure.gravatar.com\/avatar\/fee87e7af008f02e9becdc0b5a9fd4a2e79b3918a571edeacb62211704637833?s=96&d=mm&r=g","caption":"impactocastex"},"sameAs":["https:\/\/impactocastex.com.ar\/"],"url":"https:\/\/impactocastex.com.ar\/?author=2"}]}},"jetpack_publicize_connections":[],"featured_image_urls":{"full":["https:\/\/impactocastex.com.ar\/wp-content\/uploads\/2025\/11\/2126610.jpg",1200,631,false],"thumbnail":["https:\/\/impactocastex.com.ar\/wp-content\/uploads\/2025\/11\/2126610-150x150.jpg",150,150,true],"medium":["https:\/\/impactocastex.com.ar\/wp-content\/uploads\/2025\/11\/2126610-300x158.jpg",300,158,true],"medium_large":["https:\/\/impactocastex.com.ar\/wp-content\/uploads\/2025\/11\/2126610-768x404.jpg",640,337,true],"large":["https:\/\/impactocastex.com.ar\/wp-content\/uploads\/2025\/11\/2126610-1024x538.jpg",640,336,true],"1536x1536":["https:\/\/impactocastex.com.ar\/wp-content\/uploads\/2025\/11\/2126610.jpg",1200,631,false],"2048x2048":["https:\/\/impactocastex.com.ar\/wp-content\/uploads\/2025\/11\/2126610.jpg",1200,631,false],"newsever-slider-full":["https:\/\/impactocastex.com.ar\/wp-content\/uploads\/2025\/11\/2126610.jpg",1200,631,false],"newsever-featured":["https:\/\/impactocastex.com.ar\/wp-content\/uploads\/2025\/11\/2126610-1024x538.jpg",1024,538,true],"newsever-medium":["https:\/\/impactocastex.com.ar\/wp-content\/uploads\/2025\/11\/2126610-720x475.jpg",720,475,true]},"author_info":{"info":["impactocastex"]},"category_info":"<a href=\"https:\/\/impactocastex.com.ar\/?cat=86\" rel=\"category\">SOCIEDAD<\/a>","tag_info":"SOCIEDAD","comment_count":0,"jetpack_featured_media_url":"https:\/\/impactocastex.com.ar\/wp-content\/uploads\/2025\/11\/2126610.jpg","jetpack_sharing_enabled":true,"jetpack_likes_enabled":true,"jetpack_shortlink":"https:\/\/wp.me\/p7sopA-G6","_links":{"self":[{"href":"https:\/\/impactocastex.com.ar\/index.php?rest_route=\/wp\/v2\/posts\/2610","targetHints":{"allow":["GET"]}}],"collection":[{"href":"https:\/\/impactocastex.com.ar\/index.php?rest_route=\/wp\/v2\/posts"}],"about":[{"href":"https:\/\/impactocastex.com.ar\/index.php?rest_route=\/wp\/v2\/types\/post"}],"author":[{"embeddable":true,"href":"https:\/\/impactocastex.com.ar\/index.php?rest_route=\/wp\/v2\/users\/2"}],"replies":[{"embeddable":true,"href":"https:\/\/impactocastex.com.ar\/index.php?rest_route=%2Fwp%2Fv2%2Fcomments&post=2610"}],"version-history":[{"count":1,"href":"https:\/\/impactocastex.com.ar\/index.php?rest_route=\/wp\/v2\/posts\/2610\/revisions"}],"predecessor-version":[{"id":2612,"href":"https:\/\/impactocastex.com.ar\/index.php?rest_route=\/wp\/v2\/posts\/2610\/revisions\/2612"}],"wp:featuredmedia":[{"embeddable":true,"href":"https:\/\/impactocastex.com.ar\/index.php?rest_route=\/wp\/v2\/media\/2611"}],"wp:attachment":[{"href":"https:\/\/impactocastex.com.ar\/index.php?rest_route=%2Fwp%2Fv2%2Fmedia&parent=2610"}],"wp:term":[{"taxonomy":"category","embeddable":true,"href":"https:\/\/impactocastex.com.ar\/index.php?rest_route=%2Fwp%2Fv2%2Fcategories&post=2610"},{"taxonomy":"post_tag","embeddable":true,"href":"https:\/\/impactocastex.com.ar\/index.php?rest_route=%2Fwp%2Fv2%2Ftags&post=2610"}],"curies":[{"name":"wp","href":"https:\/\/api.w.org\/{rel}","templated":true}]}}