{"id":2558,"date":"2025-10-31T11:14:17","date_gmt":"2025-10-31T14:14:17","guid":{"rendered":"https:\/\/impactocastex.com.ar\/?p=2558"},"modified":"2025-10-31T11:14:19","modified_gmt":"2025-10-31T14:14:19","slug":"el-gobierno-plantea-poner-un-tope-de-10-sueldos-a-las-indemnizaciones-por-despidos","status":"publish","type":"post","link":"https:\/\/impactocastex.com.ar\/?p=2558","title":{"rendered":"El Gobierno plantea poner un tope de 10 sueldos a las indemnizaciones por despidos"},"content":{"rendered":"\n<p>La CGT ya anticip\u00f3 su \u00abrechazo frontal\u00bb.<\/p>\n\n\n\n<p><strong><\/strong>El borrador de la&nbsp;<strong>reforma laboral presentado por el Gobierno Nacional<\/strong>&nbsp;busca fijar un tope de diez sueldos al resarcimiento por despido y desfinanciar a los sindicatos.<\/p>\n\n\n\n<p>El Gobierno Nacional avanza en el dise\u00f1o de una profunda reforma laboral, cuyo borrador ya fue compartido con actores del denominado Consejo de Mayo, incluyendo a dirigentes pol\u00edticos y empresarios. La propuesta, que el Ejecutivo busca consensuar para enviar al Congreso antes de fin de a\u00f1o, retoma y profundiza los lineamientos desreguladores vistos en el fallido DNU 70\/23, centr\u00e1ndose en reducir los costos del despido y modificar la din\u00e1mica de la negociaci\u00f3n colectiva.<\/p>\n\n\n\n<p>Los cambios propuestos representan un giro de 180 grados en el r\u00e9gimen laboral argentino, afectando directamente a los derechos de los trabajadores, especialmente aquellos con mayor antig\u00fcedad.<\/p>\n\n\n\n<p>El coraz\u00f3n de la controversia<\/p>\n\n\n\n<p>El punto m\u00e1s sensible de la reforma se encuentra en el r\u00e9gimen indemnizatorio por despido sin causa. El texto estipula que \u00abla indemnizaci\u00f3n en ning\u00fan caso podr\u00e1 ser [&#8230;] superior a diez meses de sueldo\u00bb por a\u00f1o trabajado.<\/p>\n\n\n\n<p>Este tope fijo de diez sueldos, independientemente de la antig\u00fcedad que exceda la d\u00e9cada, implica una sustancial reducci\u00f3n del resarcimiento para los trabajadores de larga trayectoria. Para un empleado con 20 o 30 a\u00f1os de servicio, esta limitaci\u00f3n se traduce en la p\u00e9rdida de la mitad o dos tercios de la compensaci\u00f3n que perciben hoy, desprotegiendo a la fuerza laboral m\u00e1s experimentada.<\/p>\n\n\n\n<p>Adem\u00e1s, el borrador restringe la base de c\u00e1lculo al excluir:<\/p>\n\n\n\n<p>&#8211; El Sueldo Anual Complementario (Aguinaldo).<\/p>\n\n\n\n<p>&#8211; Conceptos de pago semestral o anual como bonos, adicionales o vales tipo tickets canasta.<\/p>\n\n\n\n<p>En paralelo, en un gui\u00f1o a las Pymes, se plantea habilitar el pago de la indemnizaci\u00f3n en hasta doce cuotas mensuales, una medida que, en contexto inflacionario, implica una p\u00e9rdida de valor real para el trabajador despedido.<\/p>\n\n\n\n<p>P\u00e9rdida de poder gremial<\/p>\n\n\n\n<p>La reforma no se limita al despido. Busca modificar la correlaci\u00f3n de fuerzas en el mercado de trabajo:<\/p>\n\n\n\n<p><strong>Salarios Din\u00e1micos y Ultraactividad:<\/strong>&nbsp;Se habilita la incorporaci\u00f3n de componentes retributivos variables por productividad, negociados a nivel de empresa o individual, sin la garant\u00eda de continuidad t\u00e1cita o ultraactividad. Esto debilita la protecci\u00f3n que un convenio colectivo extendido ofrece al salario.<\/p>\n\n\n\n<p><strong>Negociaci\u00f3n por Empresa:&nbsp;<\/strong>El proyecto prioriza los acuerdos por empresa por sobre los de rama o actividad, al establecer que \u00abun convenio de \u00e1mbito menor prevalece [&#8230;] frente a otro convenio de \u00e1mbito mayor\u00bb. Este principio fragmenta la fuerza sindical.<\/p>\n\n\n\n<p>Desfinanciamiento Sindical: Se elimina la obligaci\u00f3n de descontar la cuota sindical a los no afiliados, exigiendo el \u00abconsentimiento expreso\u00bb del trabajador. Esta medida ataca directamente el financiamiento de las asociaciones gremiales.<\/p>\n\n\n\n<p>El cerco a la huelga<\/p>\n\n\n\n<p>Finalmente, el borrador incorpora exigencias de cobertura m\u00ednima durante medidas de fuerza: un 75% en servicios esenciales (salud, energ\u00eda, aduanas) y un 50% en \u00abactividades o servicios de importancia trascendental\u00bb (industria, banca, gastronom\u00eda y medios).<\/p>\n\n\n\n<p>La CGT ya anticip\u00f3 su rechazo frontal, acusando al Gobierno de intentar impulsar una negociaci\u00f3n desigual sin la debida participaci\u00f3n sindical. Por su parte, la UIA reconoci\u00f3 estar en di\u00e1logo con el Ejecutivo para lograr un \u00abmejor proyecto laboral posible\u00bb.<\/p>\n\n\n\n<p>La reforma, que busca \u00abreducir costos\u00bb y promover el empleo, se encamina a ser el eje central del debate pol\u00edtico y sindical de fin de a\u00f1o, y su aprobaci\u00f3n depender\u00e1 del delicado equilibrio que el Gobierno logre construir en el Congreso.<\/p>\n\n\n\n<p><\/p>\n","protected":false},"excerpt":{"rendered":"<p>La CGT ya anticip\u00f3 su \u00abrechazo frontal\u00bb. El borrador de la&nbsp;reforma laboral presentado por el&#8230;<\/p>\n","protected":false},"author":2,"featured_media":2559,"comment_status":"closed","ping_status":"closed","sticky":false,"template":"","format":"standard","meta":{"_jetpack_memberships_contains_paid_content":false,"footnotes":"","jetpack_publicize_message":"El Gobierno plantea poner un tope de 10 sueldos a las indemnizaciones por despidos","jetpack_publicize_feature_enabled":true,"jetpack_social_post_already_shared":false,"jetpack_social_options":{"image_generator_settings":{"template":"highway","default_image_id":0,"font":"","enabled":false},"version":2}},"categories":[86],"tags":[],"class_list":["post-2558","post","type-post","status-publish","format-standard","has-post-thumbnail","hentry","category-sociedad"],"yoast_head":"<!-- This site is optimized with the Yoast SEO plugin v27.4 - https:\/\/yoast.com\/product\/yoast-seo-wordpress\/ -->\n<title>El Gobierno plantea poner un tope de 10 sueldos a las indemnizaciones por despidos -<\/title>\n<meta name=\"robots\" content=\"index, follow, max-snippet:-1, max-image-preview:large, max-video-preview:-1\" \/>\n<link rel=\"canonical\" href=\"https:\/\/impactocastex.com.ar\/?p=2558\" \/>\n<meta property=\"og:locale\" content=\"es_ES\" \/>\n<meta property=\"og:type\" content=\"article\" \/>\n<meta property=\"og:title\" content=\"El Gobierno plantea poner un tope de 10 sueldos a las indemnizaciones por despidos -\" \/>\n<meta property=\"og:description\" content=\"La CGT ya anticip\u00f3 su \u00abrechazo frontal\u00bb. El borrador de la&nbsp;reforma laboral presentado por el...\" \/>\n<meta property=\"og:url\" content=\"https:\/\/impactocastex.com.ar\/?p=2558\" \/>\n<meta property=\"article:publisher\" content=\"https:\/\/www.facebook.com\/impactocastexdiario\" \/>\n<meta property=\"article:published_time\" content=\"2025-10-31T14:14:17+00:00\" \/>\n<meta property=\"article:modified_time\" content=\"2025-10-31T14:14:19+00:00\" \/>\n<meta property=\"og:image\" content=\"https:\/\/impactocastex.com.ar\/wp-content\/uploads\/2025\/10\/2126576.jpg\" \/>\n\t<meta property=\"og:image:width\" content=\"1200\" \/>\n\t<meta property=\"og:image:height\" content=\"631\" \/>\n\t<meta property=\"og:image:type\" content=\"image\/jpeg\" \/>\n<meta name=\"author\" content=\"impactocastex\" \/>\n<meta name=\"twitter:card\" content=\"summary_large_image\" \/>\n<meta name=\"twitter:label1\" content=\"Escrito por\" \/>\n\t<meta name=\"twitter:data1\" content=\"impactocastex\" \/>\n\t<meta name=\"twitter:label2\" content=\"Tiempo de lectura\" \/>\n\t<meta name=\"twitter:data2\" content=\"3 minutos\" \/>\n<script type=\"application\/ld+json\" class=\"yoast-schema-graph\">{\"@context\":\"https:\\\/\\\/schema.org\",\"@graph\":[{\"@type\":\"Article\",\"@id\":\"https:\\\/\\\/impactocastex.com.ar\\\/?p=2558#article\",\"isPartOf\":{\"@id\":\"https:\\\/\\\/impactocastex.com.ar\\\/?p=2558\"},\"author\":{\"name\":\"impactocastex\",\"@id\":\"https:\\\/\\\/impactocastex.com.ar\\\/#\\\/schema\\\/person\\\/c115028fb60f9bf49ce7550894b84ea7\"},\"headline\":\"El Gobierno plantea poner un tope de 10 sueldos a las indemnizaciones por despidos\",\"datePublished\":\"2025-10-31T14:14:17+00:00\",\"dateModified\":\"2025-10-31T14:14:19+00:00\",\"mainEntityOfPage\":{\"@id\":\"https:\\\/\\\/impactocastex.com.ar\\\/?p=2558\"},\"wordCount\":616,\"publisher\":{\"@id\":\"https:\\\/\\\/impactocastex.com.ar\\\/#organization\"},\"image\":{\"@id\":\"https:\\\/\\\/impactocastex.com.ar\\\/?p=2558#primaryimage\"},\"thumbnailUrl\":\"https:\\\/\\\/impactocastex.com.ar\\\/wp-content\\\/uploads\\\/2025\\\/10\\\/2126576.jpg\",\"articleSection\":[\"SOCIEDAD\"],\"inLanguage\":\"es\"},{\"@type\":\"WebPage\",\"@id\":\"https:\\\/\\\/impactocastex.com.ar\\\/?p=2558\",\"url\":\"https:\\\/\\\/impactocastex.com.ar\\\/?p=2558\",\"name\":\"El Gobierno plantea poner un tope de 10 sueldos a las indemnizaciones por despidos -\",\"isPartOf\":{\"@id\":\"https:\\\/\\\/impactocastex.com.ar\\\/#website\"},\"primaryImageOfPage\":{\"@id\":\"https:\\\/\\\/impactocastex.com.ar\\\/?p=2558#primaryimage\"},\"image\":{\"@id\":\"https:\\\/\\\/impactocastex.com.ar\\\/?p=2558#primaryimage\"},\"thumbnailUrl\":\"https:\\\/\\\/impactocastex.com.ar\\\/wp-content\\\/uploads\\\/2025\\\/10\\\/2126576.jpg\",\"datePublished\":\"2025-10-31T14:14:17+00:00\",\"dateModified\":\"2025-10-31T14:14:19+00:00\",\"breadcrumb\":{\"@id\":\"https:\\\/\\\/impactocastex.com.ar\\\/?p=2558#breadcrumb\"},\"inLanguage\":\"es\",\"potentialAction\":[{\"@type\":\"ReadAction\",\"target\":[\"https:\\\/\\\/impactocastex.com.ar\\\/?p=2558\"]}]},{\"@type\":\"ImageObject\",\"inLanguage\":\"es\",\"@id\":\"https:\\\/\\\/impactocastex.com.ar\\\/?p=2558#primaryimage\",\"url\":\"https:\\\/\\\/impactocastex.com.ar\\\/wp-content\\\/uploads\\\/2025\\\/10\\\/2126576.jpg\",\"contentUrl\":\"https:\\\/\\\/impactocastex.com.ar\\\/wp-content\\\/uploads\\\/2025\\\/10\\\/2126576.jpg\",\"width\":1200,\"height\":631},{\"@type\":\"BreadcrumbList\",\"@id\":\"https:\\\/\\\/impactocastex.com.ar\\\/?p=2558#breadcrumb\",\"itemListElement\":[{\"@type\":\"ListItem\",\"position\":1,\"name\":\"Portada\",\"item\":\"https:\\\/\\\/impactocastex.com.ar\\\/\"},{\"@type\":\"ListItem\",\"position\":2,\"name\":\"El Gobierno plantea poner un tope de 10 sueldos a las indemnizaciones por despidos\"}]},{\"@type\":\"WebSite\",\"@id\":\"https:\\\/\\\/impactocastex.com.ar\\\/#website\",\"url\":\"https:\\\/\\\/impactocastex.com.ar\\\/\",\"name\":\"Impacto Castex\",\"description\":\"\",\"publisher\":{\"@id\":\"https:\\\/\\\/impactocastex.com.ar\\\/#organization\"},\"potentialAction\":[{\"@type\":\"SearchAction\",\"target\":{\"@type\":\"EntryPoint\",\"urlTemplate\":\"https:\\\/\\\/impactocastex.com.ar\\\/?s={search_term_string}\"},\"query-input\":{\"@type\":\"PropertyValueSpecification\",\"valueRequired\":true,\"valueName\":\"search_term_string\"}}],\"inLanguage\":\"es\"},{\"@type\":\"Organization\",\"@id\":\"https:\\\/\\\/impactocastex.com.ar\\\/#organization\",\"name\":\"Impacto Castex\",\"url\":\"https:\\\/\\\/impactocastex.com.ar\\\/\",\"logo\":{\"@type\":\"ImageObject\",\"inLanguage\":\"es\",\"@id\":\"https:\\\/\\\/impactocastex.com.ar\\\/#\\\/schema\\\/logo\\\/image\\\/\",\"url\":\"https:\\\/\\\/impactocastex.com.ar\\\/wp-content\\\/uploads\\\/2025\\\/09\\\/cropped-icoweb.png\",\"contentUrl\":\"https:\\\/\\\/impactocastex.com.ar\\\/wp-content\\\/uploads\\\/2025\\\/09\\\/cropped-icoweb.png\",\"width\":512,\"height\":512,\"caption\":\"Impacto Castex\"},\"image\":{\"@id\":\"https:\\\/\\\/impactocastex.com.ar\\\/#\\\/schema\\\/logo\\\/image\\\/\"},\"sameAs\":[\"https:\\\/\\\/www.facebook.com\\\/impactocastexdiario\",\"https:\\\/\\\/www.instagram.com\\\/impactocastex.com.ar\\\/\"]},{\"@type\":\"Person\",\"@id\":\"https:\\\/\\\/impactocastex.com.ar\\\/#\\\/schema\\\/person\\\/c115028fb60f9bf49ce7550894b84ea7\",\"name\":\"impactocastex\",\"image\":{\"@type\":\"ImageObject\",\"inLanguage\":\"es\",\"@id\":\"https:\\\/\\\/secure.gravatar.com\\\/avatar\\\/fee87e7af008f02e9becdc0b5a9fd4a2e79b3918a571edeacb62211704637833?s=96&d=mm&r=g\",\"url\":\"https:\\\/\\\/secure.gravatar.com\\\/avatar\\\/fee87e7af008f02e9becdc0b5a9fd4a2e79b3918a571edeacb62211704637833?s=96&d=mm&r=g\",\"contentUrl\":\"https:\\\/\\\/secure.gravatar.com\\\/avatar\\\/fee87e7af008f02e9becdc0b5a9fd4a2e79b3918a571edeacb62211704637833?s=96&d=mm&r=g\",\"caption\":\"impactocastex\"},\"sameAs\":[\"https:\\\/\\\/impactocastex.com.ar\\\/\"],\"url\":\"https:\\\/\\\/impactocastex.com.ar\\\/?author=2\"}]}<\/script>\n<!-- \/ Yoast SEO plugin. -->","yoast_head_json":{"title":"El Gobierno plantea poner un tope de 10 sueldos a las indemnizaciones por despidos -","robots":{"index":"index","follow":"follow","max-snippet":"max-snippet:-1","max-image-preview":"max-image-preview:large","max-video-preview":"max-video-preview:-1"},"canonical":"https:\/\/impactocastex.com.ar\/?p=2558","og_locale":"es_ES","og_type":"article","og_title":"El Gobierno plantea poner un tope de 10 sueldos a las indemnizaciones por despidos -","og_description":"La CGT ya anticip\u00f3 su \u00abrechazo frontal\u00bb. El borrador de la&nbsp;reforma laboral presentado por el...","og_url":"https:\/\/impactocastex.com.ar\/?p=2558","article_publisher":"https:\/\/www.facebook.com\/impactocastexdiario","article_published_time":"2025-10-31T14:14:17+00:00","article_modified_time":"2025-10-31T14:14:19+00:00","og_image":[{"width":1200,"height":631,"url":"https:\/\/impactocastex.com.ar\/wp-content\/uploads\/2025\/10\/2126576.jpg","type":"image\/jpeg"}],"author":"impactocastex","twitter_card":"summary_large_image","twitter_misc":{"Escrito por":"impactocastex","Tiempo de lectura":"3 minutos"},"schema":{"@context":"https:\/\/schema.org","@graph":[{"@type":"Article","@id":"https:\/\/impactocastex.com.ar\/?p=2558#article","isPartOf":{"@id":"https:\/\/impactocastex.com.ar\/?p=2558"},"author":{"name":"impactocastex","@id":"https:\/\/impactocastex.com.ar\/#\/schema\/person\/c115028fb60f9bf49ce7550894b84ea7"},"headline":"El Gobierno plantea poner un tope de 10 sueldos a las indemnizaciones por despidos","datePublished":"2025-10-31T14:14:17+00:00","dateModified":"2025-10-31T14:14:19+00:00","mainEntityOfPage":{"@id":"https:\/\/impactocastex.com.ar\/?p=2558"},"wordCount":616,"publisher":{"@id":"https:\/\/impactocastex.com.ar\/#organization"},"image":{"@id":"https:\/\/impactocastex.com.ar\/?p=2558#primaryimage"},"thumbnailUrl":"https:\/\/impactocastex.com.ar\/wp-content\/uploads\/2025\/10\/2126576.jpg","articleSection":["SOCIEDAD"],"inLanguage":"es"},{"@type":"WebPage","@id":"https:\/\/impactocastex.com.ar\/?p=2558","url":"https:\/\/impactocastex.com.ar\/?p=2558","name":"El Gobierno plantea poner un tope de 10 sueldos a las indemnizaciones por despidos -","isPartOf":{"@id":"https:\/\/impactocastex.com.ar\/#website"},"primaryImageOfPage":{"@id":"https:\/\/impactocastex.com.ar\/?p=2558#primaryimage"},"image":{"@id":"https:\/\/impactocastex.com.ar\/?p=2558#primaryimage"},"thumbnailUrl":"https:\/\/impactocastex.com.ar\/wp-content\/uploads\/2025\/10\/2126576.jpg","datePublished":"2025-10-31T14:14:17+00:00","dateModified":"2025-10-31T14:14:19+00:00","breadcrumb":{"@id":"https:\/\/impactocastex.com.ar\/?p=2558#breadcrumb"},"inLanguage":"es","potentialAction":[{"@type":"ReadAction","target":["https:\/\/impactocastex.com.ar\/?p=2558"]}]},{"@type":"ImageObject","inLanguage":"es","@id":"https:\/\/impactocastex.com.ar\/?p=2558#primaryimage","url":"https:\/\/impactocastex.com.ar\/wp-content\/uploads\/2025\/10\/2126576.jpg","contentUrl":"https:\/\/impactocastex.com.ar\/wp-content\/uploads\/2025\/10\/2126576.jpg","width":1200,"height":631},{"@type":"BreadcrumbList","@id":"https:\/\/impactocastex.com.ar\/?p=2558#breadcrumb","itemListElement":[{"@type":"ListItem","position":1,"name":"Portada","item":"https:\/\/impactocastex.com.ar\/"},{"@type":"ListItem","position":2,"name":"El Gobierno plantea poner un tope de 10 sueldos a las indemnizaciones por despidos"}]},{"@type":"WebSite","@id":"https:\/\/impactocastex.com.ar\/#website","url":"https:\/\/impactocastex.com.ar\/","name":"Impacto Castex","description":"","publisher":{"@id":"https:\/\/impactocastex.com.ar\/#organization"},"potentialAction":[{"@type":"SearchAction","target":{"@type":"EntryPoint","urlTemplate":"https:\/\/impactocastex.com.ar\/?s={search_term_string}"},"query-input":{"@type":"PropertyValueSpecification","valueRequired":true,"valueName":"search_term_string"}}],"inLanguage":"es"},{"@type":"Organization","@id":"https:\/\/impactocastex.com.ar\/#organization","name":"Impacto Castex","url":"https:\/\/impactocastex.com.ar\/","logo":{"@type":"ImageObject","inLanguage":"es","@id":"https:\/\/impactocastex.com.ar\/#\/schema\/logo\/image\/","url":"https:\/\/impactocastex.com.ar\/wp-content\/uploads\/2025\/09\/cropped-icoweb.png","contentUrl":"https:\/\/impactocastex.com.ar\/wp-content\/uploads\/2025\/09\/cropped-icoweb.png","width":512,"height":512,"caption":"Impacto Castex"},"image":{"@id":"https:\/\/impactocastex.com.ar\/#\/schema\/logo\/image\/"},"sameAs":["https:\/\/www.facebook.com\/impactocastexdiario","https:\/\/www.instagram.com\/impactocastex.com.ar\/"]},{"@type":"Person","@id":"https:\/\/impactocastex.com.ar\/#\/schema\/person\/c115028fb60f9bf49ce7550894b84ea7","name":"impactocastex","image":{"@type":"ImageObject","inLanguage":"es","@id":"https:\/\/secure.gravatar.com\/avatar\/fee87e7af008f02e9becdc0b5a9fd4a2e79b3918a571edeacb62211704637833?s=96&d=mm&r=g","url":"https:\/\/secure.gravatar.com\/avatar\/fee87e7af008f02e9becdc0b5a9fd4a2e79b3918a571edeacb62211704637833?s=96&d=mm&r=g","contentUrl":"https:\/\/secure.gravatar.com\/avatar\/fee87e7af008f02e9becdc0b5a9fd4a2e79b3918a571edeacb62211704637833?s=96&d=mm&r=g","caption":"impactocastex"},"sameAs":["https:\/\/impactocastex.com.ar\/"],"url":"https:\/\/impactocastex.com.ar\/?author=2"}]}},"jetpack_publicize_connections":[],"featured_image_urls":{"full":["https:\/\/impactocastex.com.ar\/wp-content\/uploads\/2025\/10\/2126576.jpg",1200,631,false],"thumbnail":["https:\/\/impactocastex.com.ar\/wp-content\/uploads\/2025\/10\/2126576-150x150.jpg",150,150,true],"medium":["https:\/\/impactocastex.com.ar\/wp-content\/uploads\/2025\/10\/2126576-300x158.jpg",300,158,true],"medium_large":["https:\/\/impactocastex.com.ar\/wp-content\/uploads\/2025\/10\/2126576-768x404.jpg",640,337,true],"large":["https:\/\/impactocastex.com.ar\/wp-content\/uploads\/2025\/10\/2126576-1024x538.jpg",640,336,true],"1536x1536":["https:\/\/impactocastex.com.ar\/wp-content\/uploads\/2025\/10\/2126576.jpg",1200,631,false],"2048x2048":["https:\/\/impactocastex.com.ar\/wp-content\/uploads\/2025\/10\/2126576.jpg",1200,631,false],"newsever-slider-full":["https:\/\/impactocastex.com.ar\/wp-content\/uploads\/2025\/10\/2126576.jpg",1200,631,false],"newsever-featured":["https:\/\/impactocastex.com.ar\/wp-content\/uploads\/2025\/10\/2126576-1024x538.jpg",1024,538,true],"newsever-medium":["https:\/\/impactocastex.com.ar\/wp-content\/uploads\/2025\/10\/2126576-720x475.jpg",720,475,true]},"author_info":{"info":["impactocastex"]},"category_info":"<a href=\"https:\/\/impactocastex.com.ar\/?cat=86\" rel=\"category\">SOCIEDAD<\/a>","tag_info":"SOCIEDAD","comment_count":0,"jetpack_featured_media_url":"https:\/\/impactocastex.com.ar\/wp-content\/uploads\/2025\/10\/2126576.jpg","jetpack_sharing_enabled":true,"jetpack_likes_enabled":true,"jetpack_shortlink":"https:\/\/wp.me\/p7sopA-Fg","_links":{"self":[{"href":"https:\/\/impactocastex.com.ar\/index.php?rest_route=\/wp\/v2\/posts\/2558","targetHints":{"allow":["GET"]}}],"collection":[{"href":"https:\/\/impactocastex.com.ar\/index.php?rest_route=\/wp\/v2\/posts"}],"about":[{"href":"https:\/\/impactocastex.com.ar\/index.php?rest_route=\/wp\/v2\/types\/post"}],"author":[{"embeddable":true,"href":"https:\/\/impactocastex.com.ar\/index.php?rest_route=\/wp\/v2\/users\/2"}],"replies":[{"embeddable":true,"href":"https:\/\/impactocastex.com.ar\/index.php?rest_route=%2Fwp%2Fv2%2Fcomments&post=2558"}],"version-history":[{"count":1,"href":"https:\/\/impactocastex.com.ar\/index.php?rest_route=\/wp\/v2\/posts\/2558\/revisions"}],"predecessor-version":[{"id":2560,"href":"https:\/\/impactocastex.com.ar\/index.php?rest_route=\/wp\/v2\/posts\/2558\/revisions\/2560"}],"wp:featuredmedia":[{"embeddable":true,"href":"https:\/\/impactocastex.com.ar\/index.php?rest_route=\/wp\/v2\/media\/2559"}],"wp:attachment":[{"href":"https:\/\/impactocastex.com.ar\/index.php?rest_route=%2Fwp%2Fv2%2Fmedia&parent=2558"}],"wp:term":[{"taxonomy":"category","embeddable":true,"href":"https:\/\/impactocastex.com.ar\/index.php?rest_route=%2Fwp%2Fv2%2Fcategories&post=2558"},{"taxonomy":"post_tag","embeddable":true,"href":"https:\/\/impactocastex.com.ar\/index.php?rest_route=%2Fwp%2Fv2%2Ftags&post=2558"}],"curies":[{"name":"wp","href":"https:\/\/api.w.org\/{rel}","templated":true}]}}