{"id":2515,"date":"2025-10-29T11:45:25","date_gmt":"2025-10-29T14:45:25","guid":{"rendered":"https:\/\/impactocastex.com.ar\/?p=2515"},"modified":"2025-10-29T11:45:27","modified_gmt":"2025-10-29T14:45:27","slug":"violencia-extrema-en-rio-de-janeiro-mas-de-60-muertos-tras-un-enfrentamiento-entre-narcos-y-policias","status":"publish","type":"post","link":"https:\/\/impactocastex.com.ar\/?p=2515","title":{"rendered":"Violencia extrema en R\u00edo de Janeiro: m\u00e1s de 60 muertos tras un enfrentamiento entre narcos y polic\u00edas"},"content":{"rendered":"\n<p>R\u00edo de Janeiro atraviesa una jornada signada por el miedo y la violencia. En un despliegue que incluy\u00f3 helic\u00f3pteros, drones y veh\u00edculos blindados, la Polic\u00eda llev\u00f3 adelante este martes un operativo de gran magnitud en los complejos de Alem\u00e3o y Penha, dos bastiones hist\u00f3ricos del Comando Vermelho, una de las organizaciones criminales m\u00e1s poderosas de Brasil. El saldo inicial fue impactante: 64 muertos, entre ellos cuatro polic\u00edas, y 81 personas detenidas.<\/p>\n\n\n\n<p>El procedimiento comenz\u00f3 antes del amanecer. Con rutas bloqueadas y accesos estrat\u00e9gicos cerrados, 2.500 efectivos ingresaron a las favelas del norte carioca guiados por drones que identificaban movimientos sospechosos entre las callejuelas. Los blindados avanzaron abri\u00e9ndose paso entre barricadas encendidas, mientras helic\u00f3pteros sobrevolaban la zona desde la noche anterior. Durante el operativo, las fuerzas de seguridad incautaron 42 fusiles de alto calibre, utilizaron treinta veh\u00edculos blindados, dos helic\u00f3pteros, drones y diez m\u00e1quinas de demolici\u00f3n para remover obst\u00e1culos.<\/p>\n\n\n\n<p>El objetivo principal era capturar a \u201cDoca\u201d, se\u00f1alado como l\u00edder del Comando Vermelho en Penha, y desarticular la estructura de narcotr\u00e1fico, lavado de dinero y tr\u00e1fico de armas que sostiene la econom\u00eda ilegal del grupo.<\/p>\n\n\n\n<p>Un poder que naci\u00f3 en prisi\u00f3n y domina territorios enteros<\/p>\n\n\n\n<p>Creado en 1979 dentro de una c\u00e1rcel de R\u00edo, el Comando Vermelho se transform\u00f3 con el tiempo en una organizaci\u00f3n criminal con presencia nacional, sostenida por una estructura jer\u00e1rquica compuesta por jefes presos, mandos locales y soldados encargados de custodiar los puntos de venta de drogas. Su dominio se consolida en los barrios donde \u201cel Estado est\u00e1 ausente\u201d, y su control territorial influye directamente en la vida diaria de miles de familias.<\/p>\n\n\n\n<p>Seg\u00fan la fiscal\u00eda especializada en crimen organizado, los complejos de Penha y Alem\u00e3o son \u201cun punto estrat\u00e9gico para el flujo de drogas y armas\u201d, debido a su ubicaci\u00f3n cercana a rutas log\u00edsticas clave. El gobernador Cl\u00e1udio Castro elev\u00f3 el tono y defini\u00f3 la situaci\u00f3n como una \u201cguerra\u201d, asegurando que la ciudad est\u00e1 \u201csola en este enfrentamiento\u201d. Denunci\u00f3 adem\u00e1s que sus pedidos de apoyo a las Fuerzas Armadas fueron rechazados tres veces.<\/p>\n\n\n\n<p>Una ciudad paralizada por el fuego cruzado<\/p>\n\n\n\n<p>El norte de R\u00edo qued\u00f3 pr\u00e1cticamente detenido: granadas lanzadas desde drones del narcotr\u00e1fico, tiroteos constantes, calles cortadas y servicios suspendidos. M\u00e1s de 200.000 personas resultaron afectadas, se cancelaron clases en 45 escuelas y 12 l\u00edneas de colectivos tuvieron que modificar su recorrido. Los comercios cerraron y los vecinos se resguardaron en sus casas esperando que bajara la tensi\u00f3n.<\/p>\n\n\n\n<p>Como en operativos anteriores, surgieron fuertes cuestionamientos sobre el respeto a los derechos humanos. Diversas organizaciones sostienen que existe una delgada l\u00ednea entre la lucha contra el crimen y el impacto desmedido sobre la poblaci\u00f3n civil. Human Rights Watch ya hab\u00eda advertido en septiembre de 2025 que un nuevo proyecto de ley podr\u00eda \u201ccrear un incentivo financiero para que los oficiales disparen en lugar de arrestar\u201d.<\/p>\n\n\n\n<p>La ONG sostiene desde hace tiempo que muchas muertes atribuidas a enfrentamientos son ejecuciones extrajudiciales encubiertas, amparadas por la manipulaci\u00f3n de escenas. Para los especialistas, el problema es estructural: impunidad, violencia institucional y ausencia del Estado en los territorios dominados por el crimen.<\/p>\n\n\n\n<p>Un patr\u00f3n que se repite<\/p>\n\n\n\n<p>No es un episodio aislado. En mayo de 2022, un operativo en Vila Cruzeiro dej\u00f3 al menos 23 muertos. Y las cifras confirman una violencia persistente: solo en 2024, cerca de 700 personas murieron en acciones policiales en R\u00edo, un promedio de dos por d\u00eda. A esa estad\u00edstica se suman ahora las 64 vidas perdidas en una sola jornada.<\/p>\n\n\n\n<p>El desaf\u00edo del Estado brasile\u00f1o ser\u00e1 demostrar que su control no se limita a una presencia militar temporal. Reconstruir el tejido social, investigar los abusos y reducir la violencia ser\u00e1n pasos esenciales para romper con el ciclo de muerte que se repite en los barrios m\u00e1s postergados.<\/p>\n\n\n\n<p>Por ahora, el operativo sigue en marcha y su desenlace final a\u00fan es incierto.<\/p>\n","protected":false},"excerpt":{"rendered":"<p>R\u00edo de Janeiro atraviesa una jornada signada por el miedo y la violencia. En un&#8230;<\/p>\n","protected":false},"author":2,"featured_media":2516,"comment_status":"closed","ping_status":"closed","sticky":false,"template":"","format":"standard","meta":{"_jetpack_memberships_contains_paid_content":false,"footnotes":"","jetpack_publicize_message":"Violencia extrema en R\u00edo de Janeiro: m\u00e1s de 60 muertos tras un enfrentamiento entre narcos y polic\u00edas","jetpack_publicize_feature_enabled":true,"jetpack_social_post_already_shared":false,"jetpack_social_options":{"image_generator_settings":{"template":"highway","default_image_id":0,"font":"","enabled":false},"version":2}},"categories":[85],"tags":[],"class_list":["post-2515","post","type-post","status-publish","format-standard","has-post-thumbnail","hentry","category-policiales"],"yoast_head":"<!-- This site is optimized with the Yoast SEO plugin v27.4 - https:\/\/yoast.com\/product\/yoast-seo-wordpress\/ -->\n<title>Violencia extrema en R\u00edo de Janeiro: m\u00e1s de 60 muertos tras un enfrentamiento entre narcos y polic\u00edas -<\/title>\n<meta name=\"robots\" content=\"index, follow, max-snippet:-1, max-image-preview:large, max-video-preview:-1\" \/>\n<link rel=\"canonical\" href=\"https:\/\/impactocastex.com.ar\/?p=2515\" \/>\n<meta property=\"og:locale\" content=\"es_ES\" \/>\n<meta property=\"og:type\" content=\"article\" \/>\n<meta property=\"og:title\" content=\"Violencia extrema en R\u00edo de Janeiro: m\u00e1s de 60 muertos tras un enfrentamiento entre narcos y polic\u00edas -\" \/>\n<meta property=\"og:description\" content=\"R\u00edo de Janeiro atraviesa una jornada signada por el miedo y la violencia. En un...\" \/>\n<meta property=\"og:url\" content=\"https:\/\/impactocastex.com.ar\/?p=2515\" \/>\n<meta property=\"article:publisher\" content=\"https:\/\/www.facebook.com\/impactocastexdiario\" \/>\n<meta property=\"article:published_time\" content=\"2025-10-29T14:45:25+00:00\" \/>\n<meta property=\"article:modified_time\" content=\"2025-10-29T14:45:27+00:00\" \/>\n<meta property=\"og:image\" content=\"https:\/\/impactocastex.com.ar\/wp-content\/uploads\/2025\/10\/f1280x720-248318_379993_5050.jpg\" \/>\n\t<meta property=\"og:image:width\" content=\"1280\" \/>\n\t<meta property=\"og:image:height\" content=\"720\" \/>\n\t<meta property=\"og:image:type\" content=\"image\/jpeg\" \/>\n<meta name=\"author\" content=\"impactocastex\" \/>\n<meta name=\"twitter:card\" content=\"summary_large_image\" \/>\n<meta name=\"twitter:label1\" content=\"Escrito por\" \/>\n\t<meta name=\"twitter:data1\" content=\"impactocastex\" \/>\n\t<meta name=\"twitter:label2\" content=\"Tiempo de lectura\" \/>\n\t<meta name=\"twitter:data2\" content=\"4 minutos\" \/>\n<script type=\"application\/ld+json\" class=\"yoast-schema-graph\">{\"@context\":\"https:\\\/\\\/schema.org\",\"@graph\":[{\"@type\":\"Article\",\"@id\":\"https:\\\/\\\/impactocastex.com.ar\\\/?p=2515#article\",\"isPartOf\":{\"@id\":\"https:\\\/\\\/impactocastex.com.ar\\\/?p=2515\"},\"author\":{\"name\":\"impactocastex\",\"@id\":\"https:\\\/\\\/impactocastex.com.ar\\\/#\\\/schema\\\/person\\\/c115028fb60f9bf49ce7550894b84ea7\"},\"headline\":\"Violencia extrema en R\u00edo de Janeiro: m\u00e1s de 60 muertos tras un enfrentamiento entre narcos y polic\u00edas\",\"datePublished\":\"2025-10-29T14:45:25+00:00\",\"dateModified\":\"2025-10-29T14:45:27+00:00\",\"mainEntityOfPage\":{\"@id\":\"https:\\\/\\\/impactocastex.com.ar\\\/?p=2515\"},\"wordCount\":695,\"publisher\":{\"@id\":\"https:\\\/\\\/impactocastex.com.ar\\\/#organization\"},\"image\":{\"@id\":\"https:\\\/\\\/impactocastex.com.ar\\\/?p=2515#primaryimage\"},\"thumbnailUrl\":\"https:\\\/\\\/impactocastex.com.ar\\\/wp-content\\\/uploads\\\/2025\\\/10\\\/f1280x720-248318_379993_5050.jpg\",\"articleSection\":[\"POLICIALES\"],\"inLanguage\":\"es\"},{\"@type\":\"WebPage\",\"@id\":\"https:\\\/\\\/impactocastex.com.ar\\\/?p=2515\",\"url\":\"https:\\\/\\\/impactocastex.com.ar\\\/?p=2515\",\"name\":\"Violencia extrema en R\u00edo de Janeiro: m\u00e1s de 60 muertos tras un enfrentamiento entre narcos y polic\u00edas -\",\"isPartOf\":{\"@id\":\"https:\\\/\\\/impactocastex.com.ar\\\/#website\"},\"primaryImageOfPage\":{\"@id\":\"https:\\\/\\\/impactocastex.com.ar\\\/?p=2515#primaryimage\"},\"image\":{\"@id\":\"https:\\\/\\\/impactocastex.com.ar\\\/?p=2515#primaryimage\"},\"thumbnailUrl\":\"https:\\\/\\\/impactocastex.com.ar\\\/wp-content\\\/uploads\\\/2025\\\/10\\\/f1280x720-248318_379993_5050.jpg\",\"datePublished\":\"2025-10-29T14:45:25+00:00\",\"dateModified\":\"2025-10-29T14:45:27+00:00\",\"breadcrumb\":{\"@id\":\"https:\\\/\\\/impactocastex.com.ar\\\/?p=2515#breadcrumb\"},\"inLanguage\":\"es\",\"potentialAction\":[{\"@type\":\"ReadAction\",\"target\":[\"https:\\\/\\\/impactocastex.com.ar\\\/?p=2515\"]}]},{\"@type\":\"ImageObject\",\"inLanguage\":\"es\",\"@id\":\"https:\\\/\\\/impactocastex.com.ar\\\/?p=2515#primaryimage\",\"url\":\"https:\\\/\\\/impactocastex.com.ar\\\/wp-content\\\/uploads\\\/2025\\\/10\\\/f1280x720-248318_379993_5050.jpg\",\"contentUrl\":\"https:\\\/\\\/impactocastex.com.ar\\\/wp-content\\\/uploads\\\/2025\\\/10\\\/f1280x720-248318_379993_5050.jpg\",\"width\":1280,\"height\":720},{\"@type\":\"BreadcrumbList\",\"@id\":\"https:\\\/\\\/impactocastex.com.ar\\\/?p=2515#breadcrumb\",\"itemListElement\":[{\"@type\":\"ListItem\",\"position\":1,\"name\":\"Portada\",\"item\":\"https:\\\/\\\/impactocastex.com.ar\\\/\"},{\"@type\":\"ListItem\",\"position\":2,\"name\":\"Violencia extrema en R\u00edo de Janeiro: m\u00e1s de 60 muertos tras un enfrentamiento entre narcos y polic\u00edas\"}]},{\"@type\":\"WebSite\",\"@id\":\"https:\\\/\\\/impactocastex.com.ar\\\/#website\",\"url\":\"https:\\\/\\\/impactocastex.com.ar\\\/\",\"name\":\"Impacto Castex\",\"description\":\"\",\"publisher\":{\"@id\":\"https:\\\/\\\/impactocastex.com.ar\\\/#organization\"},\"potentialAction\":[{\"@type\":\"SearchAction\",\"target\":{\"@type\":\"EntryPoint\",\"urlTemplate\":\"https:\\\/\\\/impactocastex.com.ar\\\/?s={search_term_string}\"},\"query-input\":{\"@type\":\"PropertyValueSpecification\",\"valueRequired\":true,\"valueName\":\"search_term_string\"}}],\"inLanguage\":\"es\"},{\"@type\":\"Organization\",\"@id\":\"https:\\\/\\\/impactocastex.com.ar\\\/#organization\",\"name\":\"Impacto Castex\",\"url\":\"https:\\\/\\\/impactocastex.com.ar\\\/\",\"logo\":{\"@type\":\"ImageObject\",\"inLanguage\":\"es\",\"@id\":\"https:\\\/\\\/impactocastex.com.ar\\\/#\\\/schema\\\/logo\\\/image\\\/\",\"url\":\"https:\\\/\\\/impactocastex.com.ar\\\/wp-content\\\/uploads\\\/2025\\\/09\\\/cropped-icoweb.png\",\"contentUrl\":\"https:\\\/\\\/impactocastex.com.ar\\\/wp-content\\\/uploads\\\/2025\\\/09\\\/cropped-icoweb.png\",\"width\":512,\"height\":512,\"caption\":\"Impacto Castex\"},\"image\":{\"@id\":\"https:\\\/\\\/impactocastex.com.ar\\\/#\\\/schema\\\/logo\\\/image\\\/\"},\"sameAs\":[\"https:\\\/\\\/www.facebook.com\\\/impactocastexdiario\",\"https:\\\/\\\/www.instagram.com\\\/impactocastex.com.ar\\\/\"]},{\"@type\":\"Person\",\"@id\":\"https:\\\/\\\/impactocastex.com.ar\\\/#\\\/schema\\\/person\\\/c115028fb60f9bf49ce7550894b84ea7\",\"name\":\"impactocastex\",\"image\":{\"@type\":\"ImageObject\",\"inLanguage\":\"es\",\"@id\":\"https:\\\/\\\/secure.gravatar.com\\\/avatar\\\/fee87e7af008f02e9becdc0b5a9fd4a2e79b3918a571edeacb62211704637833?s=96&d=mm&r=g\",\"url\":\"https:\\\/\\\/secure.gravatar.com\\\/avatar\\\/fee87e7af008f02e9becdc0b5a9fd4a2e79b3918a571edeacb62211704637833?s=96&d=mm&r=g\",\"contentUrl\":\"https:\\\/\\\/secure.gravatar.com\\\/avatar\\\/fee87e7af008f02e9becdc0b5a9fd4a2e79b3918a571edeacb62211704637833?s=96&d=mm&r=g\",\"caption\":\"impactocastex\"},\"sameAs\":[\"https:\\\/\\\/impactocastex.com.ar\\\/\"],\"url\":\"https:\\\/\\\/impactocastex.com.ar\\\/?author=2\"}]}<\/script>\n<!-- \/ Yoast SEO plugin. -->","yoast_head_json":{"title":"Violencia extrema en R\u00edo de Janeiro: m\u00e1s de 60 muertos tras un enfrentamiento entre narcos y polic\u00edas -","robots":{"index":"index","follow":"follow","max-snippet":"max-snippet:-1","max-image-preview":"max-image-preview:large","max-video-preview":"max-video-preview:-1"},"canonical":"https:\/\/impactocastex.com.ar\/?p=2515","og_locale":"es_ES","og_type":"article","og_title":"Violencia extrema en R\u00edo de Janeiro: m\u00e1s de 60 muertos tras un enfrentamiento entre narcos y polic\u00edas -","og_description":"R\u00edo de Janeiro atraviesa una jornada signada por el miedo y la violencia. En un...","og_url":"https:\/\/impactocastex.com.ar\/?p=2515","article_publisher":"https:\/\/www.facebook.com\/impactocastexdiario","article_published_time":"2025-10-29T14:45:25+00:00","article_modified_time":"2025-10-29T14:45:27+00:00","og_image":[{"width":1280,"height":720,"url":"https:\/\/impactocastex.com.ar\/wp-content\/uploads\/2025\/10\/f1280x720-248318_379993_5050.jpg","type":"image\/jpeg"}],"author":"impactocastex","twitter_card":"summary_large_image","twitter_misc":{"Escrito por":"impactocastex","Tiempo de lectura":"4 minutos"},"schema":{"@context":"https:\/\/schema.org","@graph":[{"@type":"Article","@id":"https:\/\/impactocastex.com.ar\/?p=2515#article","isPartOf":{"@id":"https:\/\/impactocastex.com.ar\/?p=2515"},"author":{"name":"impactocastex","@id":"https:\/\/impactocastex.com.ar\/#\/schema\/person\/c115028fb60f9bf49ce7550894b84ea7"},"headline":"Violencia extrema en R\u00edo de Janeiro: m\u00e1s de 60 muertos tras un enfrentamiento entre narcos y polic\u00edas","datePublished":"2025-10-29T14:45:25+00:00","dateModified":"2025-10-29T14:45:27+00:00","mainEntityOfPage":{"@id":"https:\/\/impactocastex.com.ar\/?p=2515"},"wordCount":695,"publisher":{"@id":"https:\/\/impactocastex.com.ar\/#organization"},"image":{"@id":"https:\/\/impactocastex.com.ar\/?p=2515#primaryimage"},"thumbnailUrl":"https:\/\/impactocastex.com.ar\/wp-content\/uploads\/2025\/10\/f1280x720-248318_379993_5050.jpg","articleSection":["POLICIALES"],"inLanguage":"es"},{"@type":"WebPage","@id":"https:\/\/impactocastex.com.ar\/?p=2515","url":"https:\/\/impactocastex.com.ar\/?p=2515","name":"Violencia extrema en R\u00edo de Janeiro: m\u00e1s de 60 muertos tras un enfrentamiento entre narcos y polic\u00edas -","isPartOf":{"@id":"https:\/\/impactocastex.com.ar\/#website"},"primaryImageOfPage":{"@id":"https:\/\/impactocastex.com.ar\/?p=2515#primaryimage"},"image":{"@id":"https:\/\/impactocastex.com.ar\/?p=2515#primaryimage"},"thumbnailUrl":"https:\/\/impactocastex.com.ar\/wp-content\/uploads\/2025\/10\/f1280x720-248318_379993_5050.jpg","datePublished":"2025-10-29T14:45:25+00:00","dateModified":"2025-10-29T14:45:27+00:00","breadcrumb":{"@id":"https:\/\/impactocastex.com.ar\/?p=2515#breadcrumb"},"inLanguage":"es","potentialAction":[{"@type":"ReadAction","target":["https:\/\/impactocastex.com.ar\/?p=2515"]}]},{"@type":"ImageObject","inLanguage":"es","@id":"https:\/\/impactocastex.com.ar\/?p=2515#primaryimage","url":"https:\/\/impactocastex.com.ar\/wp-content\/uploads\/2025\/10\/f1280x720-248318_379993_5050.jpg","contentUrl":"https:\/\/impactocastex.com.ar\/wp-content\/uploads\/2025\/10\/f1280x720-248318_379993_5050.jpg","width":1280,"height":720},{"@type":"BreadcrumbList","@id":"https:\/\/impactocastex.com.ar\/?p=2515#breadcrumb","itemListElement":[{"@type":"ListItem","position":1,"name":"Portada","item":"https:\/\/impactocastex.com.ar\/"},{"@type":"ListItem","position":2,"name":"Violencia extrema en R\u00edo de Janeiro: m\u00e1s de 60 muertos tras un enfrentamiento entre narcos y polic\u00edas"}]},{"@type":"WebSite","@id":"https:\/\/impactocastex.com.ar\/#website","url":"https:\/\/impactocastex.com.ar\/","name":"Impacto Castex","description":"","publisher":{"@id":"https:\/\/impactocastex.com.ar\/#organization"},"potentialAction":[{"@type":"SearchAction","target":{"@type":"EntryPoint","urlTemplate":"https:\/\/impactocastex.com.ar\/?s={search_term_string}"},"query-input":{"@type":"PropertyValueSpecification","valueRequired":true,"valueName":"search_term_string"}}],"inLanguage":"es"},{"@type":"Organization","@id":"https:\/\/impactocastex.com.ar\/#organization","name":"Impacto Castex","url":"https:\/\/impactocastex.com.ar\/","logo":{"@type":"ImageObject","inLanguage":"es","@id":"https:\/\/impactocastex.com.ar\/#\/schema\/logo\/image\/","url":"https:\/\/impactocastex.com.ar\/wp-content\/uploads\/2025\/09\/cropped-icoweb.png","contentUrl":"https:\/\/impactocastex.com.ar\/wp-content\/uploads\/2025\/09\/cropped-icoweb.png","width":512,"height":512,"caption":"Impacto Castex"},"image":{"@id":"https:\/\/impactocastex.com.ar\/#\/schema\/logo\/image\/"},"sameAs":["https:\/\/www.facebook.com\/impactocastexdiario","https:\/\/www.instagram.com\/impactocastex.com.ar\/"]},{"@type":"Person","@id":"https:\/\/impactocastex.com.ar\/#\/schema\/person\/c115028fb60f9bf49ce7550894b84ea7","name":"impactocastex","image":{"@type":"ImageObject","inLanguage":"es","@id":"https:\/\/secure.gravatar.com\/avatar\/fee87e7af008f02e9becdc0b5a9fd4a2e79b3918a571edeacb62211704637833?s=96&d=mm&r=g","url":"https:\/\/secure.gravatar.com\/avatar\/fee87e7af008f02e9becdc0b5a9fd4a2e79b3918a571edeacb62211704637833?s=96&d=mm&r=g","contentUrl":"https:\/\/secure.gravatar.com\/avatar\/fee87e7af008f02e9becdc0b5a9fd4a2e79b3918a571edeacb62211704637833?s=96&d=mm&r=g","caption":"impactocastex"},"sameAs":["https:\/\/impactocastex.com.ar\/"],"url":"https:\/\/impactocastex.com.ar\/?author=2"}]}},"jetpack_publicize_connections":[],"featured_image_urls":{"full":["https:\/\/impactocastex.com.ar\/wp-content\/uploads\/2025\/10\/f1280x720-248318_379993_5050.jpg",1280,720,false],"thumbnail":["https:\/\/impactocastex.com.ar\/wp-content\/uploads\/2025\/10\/f1280x720-248318_379993_5050-150x150.jpg",150,150,true],"medium":["https:\/\/impactocastex.com.ar\/wp-content\/uploads\/2025\/10\/f1280x720-248318_379993_5050-300x169.jpg",300,169,true],"medium_large":["https:\/\/impactocastex.com.ar\/wp-content\/uploads\/2025\/10\/f1280x720-248318_379993_5050-768x432.jpg",640,360,true],"large":["https:\/\/impactocastex.com.ar\/wp-content\/uploads\/2025\/10\/f1280x720-248318_379993_5050-1024x576.jpg",640,360,true],"1536x1536":["https:\/\/impactocastex.com.ar\/wp-content\/uploads\/2025\/10\/f1280x720-248318_379993_5050.jpg",1280,720,false],"2048x2048":["https:\/\/impactocastex.com.ar\/wp-content\/uploads\/2025\/10\/f1280x720-248318_379993_5050.jpg",1280,720,false],"newsever-slider-full":["https:\/\/impactocastex.com.ar\/wp-content\/uploads\/2025\/10\/f1280x720-248318_379993_5050.jpg",1280,720,false],"newsever-featured":["https:\/\/impactocastex.com.ar\/wp-content\/uploads\/2025\/10\/f1280x720-248318_379993_5050-1024x576.jpg",1024,576,true],"newsever-medium":["https:\/\/impactocastex.com.ar\/wp-content\/uploads\/2025\/10\/f1280x720-248318_379993_5050-720x475.jpg",720,475,true]},"author_info":{"info":["impactocastex"]},"category_info":"<a href=\"https:\/\/impactocastex.com.ar\/?cat=85\" rel=\"category\">POLICIALES<\/a>","tag_info":"POLICIALES","comment_count":0,"jetpack_featured_media_url":"https:\/\/impactocastex.com.ar\/wp-content\/uploads\/2025\/10\/f1280x720-248318_379993_5050.jpg","jetpack_sharing_enabled":true,"jetpack_likes_enabled":true,"jetpack_shortlink":"https:\/\/wp.me\/p7sopA-Ez","_links":{"self":[{"href":"https:\/\/impactocastex.com.ar\/index.php?rest_route=\/wp\/v2\/posts\/2515","targetHints":{"allow":["GET"]}}],"collection":[{"href":"https:\/\/impactocastex.com.ar\/index.php?rest_route=\/wp\/v2\/posts"}],"about":[{"href":"https:\/\/impactocastex.com.ar\/index.php?rest_route=\/wp\/v2\/types\/post"}],"author":[{"embeddable":true,"href":"https:\/\/impactocastex.com.ar\/index.php?rest_route=\/wp\/v2\/users\/2"}],"replies":[{"embeddable":true,"href":"https:\/\/impactocastex.com.ar\/index.php?rest_route=%2Fwp%2Fv2%2Fcomments&post=2515"}],"version-history":[{"count":1,"href":"https:\/\/impactocastex.com.ar\/index.php?rest_route=\/wp\/v2\/posts\/2515\/revisions"}],"predecessor-version":[{"id":2517,"href":"https:\/\/impactocastex.com.ar\/index.php?rest_route=\/wp\/v2\/posts\/2515\/revisions\/2517"}],"wp:featuredmedia":[{"embeddable":true,"href":"https:\/\/impactocastex.com.ar\/index.php?rest_route=\/wp\/v2\/media\/2516"}],"wp:attachment":[{"href":"https:\/\/impactocastex.com.ar\/index.php?rest_route=%2Fwp%2Fv2%2Fmedia&parent=2515"}],"wp:term":[{"taxonomy":"category","embeddable":true,"href":"https:\/\/impactocastex.com.ar\/index.php?rest_route=%2Fwp%2Fv2%2Fcategories&post=2515"},{"taxonomy":"post_tag","embeddable":true,"href":"https:\/\/impactocastex.com.ar\/index.php?rest_route=%2Fwp%2Fv2%2Ftags&post=2515"}],"curies":[{"name":"wp","href":"https:\/\/api.w.org\/{rel}","templated":true}]}}