{"id":2475,"date":"2025-10-29T10:53:25","date_gmt":"2025-10-29T13:53:25","guid":{"rendered":"https:\/\/impactocastex.com.ar\/?p=2475"},"modified":"2025-10-29T10:53:27","modified_gmt":"2025-10-29T13:53:27","slug":"la-21o-edicion-de-la-fiesta-pampeana-de-la-cerveza-en-colonia-santa-teresa","status":"publish","type":"post","link":"https:\/\/impactocastex.com.ar\/?p=2475","title":{"rendered":"La 21\u00ba edici\u00f3n de la Fiesta Pampeana de la Cerveza, en Colonia Santa Teresa"},"content":{"rendered":"\n<p>La fiesta ser\u00e1 este s\u00e1bado 1 de noviembre en el Club Deportivo y Social Colonial.<\/p>\n\n\n\n<p><strong><\/strong>Declarada Fiesta Provincial en el a\u00f1o 2010, esta jornada cultural busca mantener viva la herencia de la colectividad alemana en el territorio pampeano,&nbsp;<\/p>\n\n\n\n<p>El pr\u00f3ximo s\u00e1bado 1 de noviembre, a partir de las 21:00, el Club Deportivo y Social Colonial de Colonia Santa Teresa se convertir\u00e1 en el escenario de una celebraci\u00f3n emblem\u00e1tica: la 21\u00aa edici\u00f3n de la Fiesta Pampeana de la Cerveza, organizada por la Asociaci\u00f3n Descendientes de Alemanes de La Pampa.<\/p>\n\n\n\n<p>Declarada Fiesta Provincial en el a\u00f1o 2010, esta jornada cultural busca mantener viva la herencia de la colectividad alemana en el territorio pampeano, a trav\u00e9s de una propuesta que combina actividades art\u00edsticas, recreativas y gastron\u00f3micas. M\u00e1s que un encuentro festivo, el evento apunta a fortalecer la identidad local, promover la participaci\u00f3n de la comunidad y garantizar la transmisi\u00f3n generacional de un acervo cultural que forma parte de la historia viva de La Pampa.<\/p>\n\n\n\n<p>La Fiesta Pampeana de la Cerveza se realiza en forma consecutiva desde el a\u00f1o 2006 y posee una caracter\u00edstica distintiva dentro del calendario provincial: su modalidad itinerante. Cada edici\u00f3n se celebra en una localidad diferente. A lo largo de estos a\u00f1os, ha tenido como sedes a Doblas, Macach\u00edn, General Campos, Tom\u00e1s Manuel de Anchorena, Lonquimay y Eduardo Castex, entre otras.<\/p>\n\n\n\n<p>La presentaci\u00f3n oficial de esta nueva edici\u00f3n fue encabezada por el director provincial de Art\u00edstica, Jes\u00fas Gallego; la subsecretaria de Planificaci\u00f3n Tur\u00edstica, Noelia Albornoz; el intendente de Colonia Santa Teresa, Ra\u00fal Am\u00edlcar Weymann, y los referentes de la Asociaci\u00f3n organizadora, Tania Rasch e Hilario Guinder.<\/p>\n\n\n\n<p>Durante el anuncio, Gallego se\u00f1al\u00f3 que \u00abes importante destacar el desarrollo de esta fiesta, no s\u00f3lo por el despliegue art\u00edstico, sino por todo lo que tiene que ver con el acervo cultural de la localidad. Ah\u00ed vamos a estar organizando con todos los integrantes de la Asociaci\u00f3n esta fiesta tan tradicional y ya itinerante, debido a que es la \u00fanica Fiesta Provincial que se desarrolla en diferentes localidades\u00bb.<\/p>\n\n\n\n<p>\u00abComo nos acostumbra este evento, se podr\u00e1 disfrutar de espect\u00e1culos y orquesta en vivo. Los esperamos a todos\u00bb, expres\u00f3 el funcionario.<\/p>\n\n\n\n<p>El programa de la edici\u00f3n 2025 incluir\u00e1 una amplia variedad de actividades art\u00edsticas y gastron\u00f3micas. La apertura estar\u00e1 marcada por el tradicional desfile inaugural con vestimentas t\u00edpicas alemanas, en el que participar\u00e1n vecinos y agrupaciones culturales de la zona. Luego se llevar\u00e1 a cabo el simb\u00f3lico espiche del barril, a cargo de los miembros de la Asociaci\u00f3n Descendientes de Alemanes de La Pampa, que representa el inicio formal de la celebraci\u00f3n.<\/p>\n\n\n\n<p>Entre los n\u00fameros art\u00edsticos confirmados se destacan la presentaci\u00f3n de Banda Universo, de Coronel Su\u00e1rez; el Ballet La Dulce Vida, de Azul, y el grupo local de danzas Ra\u00edces Alemanas, anfitri\u00f3n del evento. A ellos se sumar\u00e1n orquestas invitadas, grupos de baile tradicionales y una nutrida oferta gastron\u00f3mica con comidas t\u00edpicas alemanas, acompa\u00f1adas por cerveza artesanal de elaboraci\u00f3n pampeana, adem\u00e1s de sorteos especiales.<\/p>\n\n\n\n<p>eldiariodelapampa<\/p>\n","protected":false},"excerpt":{"rendered":"<p>La fiesta ser\u00e1 este s\u00e1bado 1 de noviembre en el Club Deportivo y Social Colonial&#8230;.<\/p>\n","protected":false},"author":2,"featured_media":2476,"comment_status":"closed","ping_status":"closed","sticky":false,"template":"","format":"standard","meta":{"_jetpack_memberships_contains_paid_content":false,"footnotes":"","jetpack_publicize_message":"La 21\u00ba edici\u00f3n de la Fiesta Pampeana de la Cerveza, en Colonia Santa Teresa","jetpack_publicize_feature_enabled":true,"jetpack_social_post_already_shared":false,"jetpack_social_options":{"image_generator_settings":{"template":"highway","default_image_id":0,"font":"","enabled":false},"version":2}},"categories":[86],"tags":[],"class_list":["post-2475","post","type-post","status-publish","format-standard","has-post-thumbnail","hentry","category-sociedad"],"yoast_head":"<!-- This site is optimized with the Yoast SEO plugin v27.4 - https:\/\/yoast.com\/product\/yoast-seo-wordpress\/ -->\n<title>La 21\u00ba edici\u00f3n de la Fiesta Pampeana de la Cerveza, en Colonia Santa Teresa -<\/title>\n<meta name=\"robots\" content=\"index, follow, max-snippet:-1, max-image-preview:large, max-video-preview:-1\" \/>\n<link rel=\"canonical\" href=\"https:\/\/impactocastex.com.ar\/?p=2475\" \/>\n<meta property=\"og:locale\" content=\"es_ES\" \/>\n<meta property=\"og:type\" content=\"article\" \/>\n<meta property=\"og:title\" content=\"La 21\u00ba edici\u00f3n de la Fiesta Pampeana de la Cerveza, en Colonia Santa Teresa -\" \/>\n<meta property=\"og:description\" content=\"La fiesta ser\u00e1 este s\u00e1bado 1 de noviembre en el Club Deportivo y Social Colonial....\" \/>\n<meta property=\"og:url\" content=\"https:\/\/impactocastex.com.ar\/?p=2475\" \/>\n<meta property=\"article:publisher\" content=\"https:\/\/www.facebook.com\/impactocastexdiario\" \/>\n<meta property=\"article:published_time\" content=\"2025-10-29T13:53:25+00:00\" \/>\n<meta property=\"article:modified_time\" content=\"2025-10-29T13:53:27+00:00\" \/>\n<meta property=\"og:image\" content=\"https:\/\/impactocastex.com.ar\/wp-content\/uploads\/2025\/10\/2126375.jpg\" \/>\n\t<meta property=\"og:image:width\" content=\"1200\" \/>\n\t<meta property=\"og:image:height\" content=\"631\" \/>\n\t<meta property=\"og:image:type\" content=\"image\/jpeg\" \/>\n<meta name=\"author\" content=\"impactocastex\" \/>\n<meta name=\"twitter:card\" content=\"summary_large_image\" \/>\n<meta name=\"twitter:label1\" content=\"Escrito por\" \/>\n\t<meta name=\"twitter:data1\" content=\"impactocastex\" \/>\n\t<meta name=\"twitter:label2\" content=\"Tiempo de lectura\" \/>\n\t<meta name=\"twitter:data2\" content=\"3 minutos\" \/>\n<script type=\"application\/ld+json\" class=\"yoast-schema-graph\">{\"@context\":\"https:\\\/\\\/schema.org\",\"@graph\":[{\"@type\":\"Article\",\"@id\":\"https:\\\/\\\/impactocastex.com.ar\\\/?p=2475#article\",\"isPartOf\":{\"@id\":\"https:\\\/\\\/impactocastex.com.ar\\\/?p=2475\"},\"author\":{\"name\":\"impactocastex\",\"@id\":\"https:\\\/\\\/impactocastex.com.ar\\\/#\\\/schema\\\/person\\\/c115028fb60f9bf49ce7550894b84ea7\"},\"headline\":\"La 21\u00ba edici\u00f3n de la Fiesta Pampeana de la Cerveza, en Colonia Santa Teresa\",\"datePublished\":\"2025-10-29T13:53:25+00:00\",\"dateModified\":\"2025-10-29T13:53:27+00:00\",\"mainEntityOfPage\":{\"@id\":\"https:\\\/\\\/impactocastex.com.ar\\\/?p=2475\"},\"wordCount\":552,\"publisher\":{\"@id\":\"https:\\\/\\\/impactocastex.com.ar\\\/#organization\"},\"image\":{\"@id\":\"https:\\\/\\\/impactocastex.com.ar\\\/?p=2475#primaryimage\"},\"thumbnailUrl\":\"https:\\\/\\\/impactocastex.com.ar\\\/wp-content\\\/uploads\\\/2025\\\/10\\\/2126375.jpg\",\"articleSection\":[\"SOCIEDAD\"],\"inLanguage\":\"es\"},{\"@type\":\"WebPage\",\"@id\":\"https:\\\/\\\/impactocastex.com.ar\\\/?p=2475\",\"url\":\"https:\\\/\\\/impactocastex.com.ar\\\/?p=2475\",\"name\":\"La 21\u00ba edici\u00f3n de la Fiesta Pampeana de la Cerveza, en Colonia Santa Teresa -\",\"isPartOf\":{\"@id\":\"https:\\\/\\\/impactocastex.com.ar\\\/#website\"},\"primaryImageOfPage\":{\"@id\":\"https:\\\/\\\/impactocastex.com.ar\\\/?p=2475#primaryimage\"},\"image\":{\"@id\":\"https:\\\/\\\/impactocastex.com.ar\\\/?p=2475#primaryimage\"},\"thumbnailUrl\":\"https:\\\/\\\/impactocastex.com.ar\\\/wp-content\\\/uploads\\\/2025\\\/10\\\/2126375.jpg\",\"datePublished\":\"2025-10-29T13:53:25+00:00\",\"dateModified\":\"2025-10-29T13:53:27+00:00\",\"breadcrumb\":{\"@id\":\"https:\\\/\\\/impactocastex.com.ar\\\/?p=2475#breadcrumb\"},\"inLanguage\":\"es\",\"potentialAction\":[{\"@type\":\"ReadAction\",\"target\":[\"https:\\\/\\\/impactocastex.com.ar\\\/?p=2475\"]}]},{\"@type\":\"ImageObject\",\"inLanguage\":\"es\",\"@id\":\"https:\\\/\\\/impactocastex.com.ar\\\/?p=2475#primaryimage\",\"url\":\"https:\\\/\\\/impactocastex.com.ar\\\/wp-content\\\/uploads\\\/2025\\\/10\\\/2126375.jpg\",\"contentUrl\":\"https:\\\/\\\/impactocastex.com.ar\\\/wp-content\\\/uploads\\\/2025\\\/10\\\/2126375.jpg\",\"width\":1200,\"height\":631},{\"@type\":\"BreadcrumbList\",\"@id\":\"https:\\\/\\\/impactocastex.com.ar\\\/?p=2475#breadcrumb\",\"itemListElement\":[{\"@type\":\"ListItem\",\"position\":1,\"name\":\"Portada\",\"item\":\"https:\\\/\\\/impactocastex.com.ar\\\/\"},{\"@type\":\"ListItem\",\"position\":2,\"name\":\"La 21\u00ba edici\u00f3n de la Fiesta Pampeana de la Cerveza, en Colonia Santa Teresa\"}]},{\"@type\":\"WebSite\",\"@id\":\"https:\\\/\\\/impactocastex.com.ar\\\/#website\",\"url\":\"https:\\\/\\\/impactocastex.com.ar\\\/\",\"name\":\"Impacto Castex\",\"description\":\"\",\"publisher\":{\"@id\":\"https:\\\/\\\/impactocastex.com.ar\\\/#organization\"},\"potentialAction\":[{\"@type\":\"SearchAction\",\"target\":{\"@type\":\"EntryPoint\",\"urlTemplate\":\"https:\\\/\\\/impactocastex.com.ar\\\/?s={search_term_string}\"},\"query-input\":{\"@type\":\"PropertyValueSpecification\",\"valueRequired\":true,\"valueName\":\"search_term_string\"}}],\"inLanguage\":\"es\"},{\"@type\":\"Organization\",\"@id\":\"https:\\\/\\\/impactocastex.com.ar\\\/#organization\",\"name\":\"Impacto Castex\",\"url\":\"https:\\\/\\\/impactocastex.com.ar\\\/\",\"logo\":{\"@type\":\"ImageObject\",\"inLanguage\":\"es\",\"@id\":\"https:\\\/\\\/impactocastex.com.ar\\\/#\\\/schema\\\/logo\\\/image\\\/\",\"url\":\"https:\\\/\\\/impactocastex.com.ar\\\/wp-content\\\/uploads\\\/2025\\\/09\\\/cropped-icoweb.png\",\"contentUrl\":\"https:\\\/\\\/impactocastex.com.ar\\\/wp-content\\\/uploads\\\/2025\\\/09\\\/cropped-icoweb.png\",\"width\":512,\"height\":512,\"caption\":\"Impacto Castex\"},\"image\":{\"@id\":\"https:\\\/\\\/impactocastex.com.ar\\\/#\\\/schema\\\/logo\\\/image\\\/\"},\"sameAs\":[\"https:\\\/\\\/www.facebook.com\\\/impactocastexdiario\",\"https:\\\/\\\/www.instagram.com\\\/impactocastex.com.ar\\\/\"]},{\"@type\":\"Person\",\"@id\":\"https:\\\/\\\/impactocastex.com.ar\\\/#\\\/schema\\\/person\\\/c115028fb60f9bf49ce7550894b84ea7\",\"name\":\"impactocastex\",\"image\":{\"@type\":\"ImageObject\",\"inLanguage\":\"es\",\"@id\":\"https:\\\/\\\/secure.gravatar.com\\\/avatar\\\/fee87e7af008f02e9becdc0b5a9fd4a2e79b3918a571edeacb62211704637833?s=96&d=mm&r=g\",\"url\":\"https:\\\/\\\/secure.gravatar.com\\\/avatar\\\/fee87e7af008f02e9becdc0b5a9fd4a2e79b3918a571edeacb62211704637833?s=96&d=mm&r=g\",\"contentUrl\":\"https:\\\/\\\/secure.gravatar.com\\\/avatar\\\/fee87e7af008f02e9becdc0b5a9fd4a2e79b3918a571edeacb62211704637833?s=96&d=mm&r=g\",\"caption\":\"impactocastex\"},\"sameAs\":[\"https:\\\/\\\/impactocastex.com.ar\\\/\"],\"url\":\"https:\\\/\\\/impactocastex.com.ar\\\/?author=2\"}]}<\/script>\n<!-- \/ Yoast SEO plugin. -->","yoast_head_json":{"title":"La 21\u00ba edici\u00f3n de la Fiesta Pampeana de la Cerveza, en Colonia Santa Teresa -","robots":{"index":"index","follow":"follow","max-snippet":"max-snippet:-1","max-image-preview":"max-image-preview:large","max-video-preview":"max-video-preview:-1"},"canonical":"https:\/\/impactocastex.com.ar\/?p=2475","og_locale":"es_ES","og_type":"article","og_title":"La 21\u00ba edici\u00f3n de la Fiesta Pampeana de la Cerveza, en Colonia Santa Teresa -","og_description":"La fiesta ser\u00e1 este s\u00e1bado 1 de noviembre en el Club Deportivo y Social Colonial....","og_url":"https:\/\/impactocastex.com.ar\/?p=2475","article_publisher":"https:\/\/www.facebook.com\/impactocastexdiario","article_published_time":"2025-10-29T13:53:25+00:00","article_modified_time":"2025-10-29T13:53:27+00:00","og_image":[{"width":1200,"height":631,"url":"https:\/\/impactocastex.com.ar\/wp-content\/uploads\/2025\/10\/2126375.jpg","type":"image\/jpeg"}],"author":"impactocastex","twitter_card":"summary_large_image","twitter_misc":{"Escrito por":"impactocastex","Tiempo de lectura":"3 minutos"},"schema":{"@context":"https:\/\/schema.org","@graph":[{"@type":"Article","@id":"https:\/\/impactocastex.com.ar\/?p=2475#article","isPartOf":{"@id":"https:\/\/impactocastex.com.ar\/?p=2475"},"author":{"name":"impactocastex","@id":"https:\/\/impactocastex.com.ar\/#\/schema\/person\/c115028fb60f9bf49ce7550894b84ea7"},"headline":"La 21\u00ba edici\u00f3n de la Fiesta Pampeana de la Cerveza, en Colonia Santa Teresa","datePublished":"2025-10-29T13:53:25+00:00","dateModified":"2025-10-29T13:53:27+00:00","mainEntityOfPage":{"@id":"https:\/\/impactocastex.com.ar\/?p=2475"},"wordCount":552,"publisher":{"@id":"https:\/\/impactocastex.com.ar\/#organization"},"image":{"@id":"https:\/\/impactocastex.com.ar\/?p=2475#primaryimage"},"thumbnailUrl":"https:\/\/impactocastex.com.ar\/wp-content\/uploads\/2025\/10\/2126375.jpg","articleSection":["SOCIEDAD"],"inLanguage":"es"},{"@type":"WebPage","@id":"https:\/\/impactocastex.com.ar\/?p=2475","url":"https:\/\/impactocastex.com.ar\/?p=2475","name":"La 21\u00ba edici\u00f3n de la Fiesta Pampeana de la Cerveza, en Colonia Santa Teresa -","isPartOf":{"@id":"https:\/\/impactocastex.com.ar\/#website"},"primaryImageOfPage":{"@id":"https:\/\/impactocastex.com.ar\/?p=2475#primaryimage"},"image":{"@id":"https:\/\/impactocastex.com.ar\/?p=2475#primaryimage"},"thumbnailUrl":"https:\/\/impactocastex.com.ar\/wp-content\/uploads\/2025\/10\/2126375.jpg","datePublished":"2025-10-29T13:53:25+00:00","dateModified":"2025-10-29T13:53:27+00:00","breadcrumb":{"@id":"https:\/\/impactocastex.com.ar\/?p=2475#breadcrumb"},"inLanguage":"es","potentialAction":[{"@type":"ReadAction","target":["https:\/\/impactocastex.com.ar\/?p=2475"]}]},{"@type":"ImageObject","inLanguage":"es","@id":"https:\/\/impactocastex.com.ar\/?p=2475#primaryimage","url":"https:\/\/impactocastex.com.ar\/wp-content\/uploads\/2025\/10\/2126375.jpg","contentUrl":"https:\/\/impactocastex.com.ar\/wp-content\/uploads\/2025\/10\/2126375.jpg","width":1200,"height":631},{"@type":"BreadcrumbList","@id":"https:\/\/impactocastex.com.ar\/?p=2475#breadcrumb","itemListElement":[{"@type":"ListItem","position":1,"name":"Portada","item":"https:\/\/impactocastex.com.ar\/"},{"@type":"ListItem","position":2,"name":"La 21\u00ba edici\u00f3n de la Fiesta Pampeana de la Cerveza, en Colonia Santa Teresa"}]},{"@type":"WebSite","@id":"https:\/\/impactocastex.com.ar\/#website","url":"https:\/\/impactocastex.com.ar\/","name":"Impacto Castex","description":"","publisher":{"@id":"https:\/\/impactocastex.com.ar\/#organization"},"potentialAction":[{"@type":"SearchAction","target":{"@type":"EntryPoint","urlTemplate":"https:\/\/impactocastex.com.ar\/?s={search_term_string}"},"query-input":{"@type":"PropertyValueSpecification","valueRequired":true,"valueName":"search_term_string"}}],"inLanguage":"es"},{"@type":"Organization","@id":"https:\/\/impactocastex.com.ar\/#organization","name":"Impacto Castex","url":"https:\/\/impactocastex.com.ar\/","logo":{"@type":"ImageObject","inLanguage":"es","@id":"https:\/\/impactocastex.com.ar\/#\/schema\/logo\/image\/","url":"https:\/\/impactocastex.com.ar\/wp-content\/uploads\/2025\/09\/cropped-icoweb.png","contentUrl":"https:\/\/impactocastex.com.ar\/wp-content\/uploads\/2025\/09\/cropped-icoweb.png","width":512,"height":512,"caption":"Impacto Castex"},"image":{"@id":"https:\/\/impactocastex.com.ar\/#\/schema\/logo\/image\/"},"sameAs":["https:\/\/www.facebook.com\/impactocastexdiario","https:\/\/www.instagram.com\/impactocastex.com.ar\/"]},{"@type":"Person","@id":"https:\/\/impactocastex.com.ar\/#\/schema\/person\/c115028fb60f9bf49ce7550894b84ea7","name":"impactocastex","image":{"@type":"ImageObject","inLanguage":"es","@id":"https:\/\/secure.gravatar.com\/avatar\/fee87e7af008f02e9becdc0b5a9fd4a2e79b3918a571edeacb62211704637833?s=96&d=mm&r=g","url":"https:\/\/secure.gravatar.com\/avatar\/fee87e7af008f02e9becdc0b5a9fd4a2e79b3918a571edeacb62211704637833?s=96&d=mm&r=g","contentUrl":"https:\/\/secure.gravatar.com\/avatar\/fee87e7af008f02e9becdc0b5a9fd4a2e79b3918a571edeacb62211704637833?s=96&d=mm&r=g","caption":"impactocastex"},"sameAs":["https:\/\/impactocastex.com.ar\/"],"url":"https:\/\/impactocastex.com.ar\/?author=2"}]}},"jetpack_publicize_connections":[],"featured_image_urls":{"full":["https:\/\/impactocastex.com.ar\/wp-content\/uploads\/2025\/10\/2126375.jpg",1200,631,false],"thumbnail":["https:\/\/impactocastex.com.ar\/wp-content\/uploads\/2025\/10\/2126375-150x150.jpg",150,150,true],"medium":["https:\/\/impactocastex.com.ar\/wp-content\/uploads\/2025\/10\/2126375-300x158.jpg",300,158,true],"medium_large":["https:\/\/impactocastex.com.ar\/wp-content\/uploads\/2025\/10\/2126375-768x404.jpg",640,337,true],"large":["https:\/\/impactocastex.com.ar\/wp-content\/uploads\/2025\/10\/2126375-1024x538.jpg",640,336,true],"1536x1536":["https:\/\/impactocastex.com.ar\/wp-content\/uploads\/2025\/10\/2126375.jpg",1200,631,false],"2048x2048":["https:\/\/impactocastex.com.ar\/wp-content\/uploads\/2025\/10\/2126375.jpg",1200,631,false],"newsever-slider-full":["https:\/\/impactocastex.com.ar\/wp-content\/uploads\/2025\/10\/2126375.jpg",1200,631,false],"newsever-featured":["https:\/\/impactocastex.com.ar\/wp-content\/uploads\/2025\/10\/2126375-1024x538.jpg",1024,538,true],"newsever-medium":["https:\/\/impactocastex.com.ar\/wp-content\/uploads\/2025\/10\/2126375-720x475.jpg",720,475,true]},"author_info":{"info":["impactocastex"]},"category_info":"<a href=\"https:\/\/impactocastex.com.ar\/?cat=86\" rel=\"category\">SOCIEDAD<\/a>","tag_info":"SOCIEDAD","comment_count":0,"jetpack_featured_media_url":"https:\/\/impactocastex.com.ar\/wp-content\/uploads\/2025\/10\/2126375.jpg","jetpack_sharing_enabled":true,"jetpack_likes_enabled":true,"jetpack_shortlink":"https:\/\/wp.me\/p7sopA-DV","_links":{"self":[{"href":"https:\/\/impactocastex.com.ar\/index.php?rest_route=\/wp\/v2\/posts\/2475","targetHints":{"allow":["GET"]}}],"collection":[{"href":"https:\/\/impactocastex.com.ar\/index.php?rest_route=\/wp\/v2\/posts"}],"about":[{"href":"https:\/\/impactocastex.com.ar\/index.php?rest_route=\/wp\/v2\/types\/post"}],"author":[{"embeddable":true,"href":"https:\/\/impactocastex.com.ar\/index.php?rest_route=\/wp\/v2\/users\/2"}],"replies":[{"embeddable":true,"href":"https:\/\/impactocastex.com.ar\/index.php?rest_route=%2Fwp%2Fv2%2Fcomments&post=2475"}],"version-history":[{"count":1,"href":"https:\/\/impactocastex.com.ar\/index.php?rest_route=\/wp\/v2\/posts\/2475\/revisions"}],"predecessor-version":[{"id":2477,"href":"https:\/\/impactocastex.com.ar\/index.php?rest_route=\/wp\/v2\/posts\/2475\/revisions\/2477"}],"wp:featuredmedia":[{"embeddable":true,"href":"https:\/\/impactocastex.com.ar\/index.php?rest_route=\/wp\/v2\/media\/2476"}],"wp:attachment":[{"href":"https:\/\/impactocastex.com.ar\/index.php?rest_route=%2Fwp%2Fv2%2Fmedia&parent=2475"}],"wp:term":[{"taxonomy":"category","embeddable":true,"href":"https:\/\/impactocastex.com.ar\/index.php?rest_route=%2Fwp%2Fv2%2Fcategories&post=2475"},{"taxonomy":"post_tag","embeddable":true,"href":"https:\/\/impactocastex.com.ar\/index.php?rest_route=%2Fwp%2Fv2%2Ftags&post=2475"}],"curies":[{"name":"wp","href":"https:\/\/api.w.org\/{rel}","templated":true}]}}