{"id":2377,"date":"2025-10-24T11:12:45","date_gmt":"2025-10-24T14:12:45","guid":{"rendered":"https:\/\/impactocastex.com.ar\/?p=2377"},"modified":"2025-10-24T11:12:46","modified_gmt":"2025-10-24T14:12:46","slug":"tragedia-en-campana-un-violento-choque-e-incendio-entre-cuatro-vehiculos-dejo-al-menos-tres-victimas-fatales-video","status":"publish","type":"post","link":"https:\/\/impactocastex.com.ar\/?p=2377","title":{"rendered":"Tragedia en Campana: un violento choque e incendio entre cuatro veh\u00edculos dej\u00f3 al menos tres v\u00edctimas fatales-VIDEO"},"content":{"rendered":"\n<p>Al menos tres personas perdieron la vida y varias m\u00e1s resultaron heridas tras un grave siniestro vial ocurrido en la tarde de ayer sobre la ruta nacional 9, a la altura de la ciudad bonaerense de Campana. En el hecho se vieron involucrados dos camiones de carga, un autom\u00f3vil y una camioneta utilitaria, y el impacto fue de tal magnitud que los veh\u00edculos terminaron envueltos en llamas.<\/p>\n\n\n\n<figure class=\"wp-block-embed is-type-video is-provider-youtube wp-block-embed-youtube wp-embed-aspect-16-9 wp-has-aspect-ratio\"><div class=\"wp-block-embed__wrapper\">\n<iframe loading=\"lazy\" title=\"23 de octubre de 2025\" width=\"640\" height=\"360\" src=\"https:\/\/www.youtube.com\/embed\/lX6Ay8yqGvQ?feature=oembed\" frameborder=\"0\" allow=\"accelerometer; autoplay; clipboard-write; encrypted-media; gyroscope; picture-in-picture; web-share\" referrerpolicy=\"strict-origin-when-cross-origin\" allowfullscreen><\/iframe>\n<\/div><\/figure>\n\n\n\n<p>Seg\u00fan informaron fuentes oficiales, los heridos fueron trasladados de urgencia a un hospital de la zona, donde permanecen internados con pron\u00f3stico reservado.<\/p>\n\n\n\n<figure class=\"wp-block-image size-large\"><img loading=\"lazy\" decoding=\"async\" width=\"1024\" height=\"576\" src=\"https:\/\/impactocastex.com.ar\/wp-content\/uploads\/2025\/10\/f1280x720-247951_379626_5050-1024x576.jpg\" alt=\"\" class=\"wp-image-2378\" srcset=\"https:\/\/impactocastex.com.ar\/wp-content\/uploads\/2025\/10\/f1280x720-247951_379626_5050-1024x576.jpg 1024w, https:\/\/impactocastex.com.ar\/wp-content\/uploads\/2025\/10\/f1280x720-247951_379626_5050-300x169.jpg 300w, https:\/\/impactocastex.com.ar\/wp-content\/uploads\/2025\/10\/f1280x720-247951_379626_5050-768x432.jpg 768w, https:\/\/impactocastex.com.ar\/wp-content\/uploads\/2025\/10\/f1280x720-247951_379626_5050.jpg 1280w\" sizes=\"auto, (max-width: 1024px) 100vw, 1024px\" \/><\/figure>\n\n\n\n<p>En cuanto a las causas del hecho, se investiga si un cami\u00f3n con acoplado se cruz\u00f3 de carril tras sufrir la rotura de una de sus cubiertas delanteras. Al invadir la mano contraria, el veh\u00edculo colision\u00f3 de frente con otros rodados que circulaban por el carril opuesto: otro cami\u00f3n, un autom\u00f3vil y una camioneta.<\/p>\n\n\n\n<p>El impacto fue tan violento que el primer cami\u00f3n comenz\u00f3 a incendiarse, y el fuego se propag\u00f3 r\u00e1pidamente alcanzando a los dem\u00e1s veh\u00edculos. El conductor de la camioneta muri\u00f3 calcinado en el lugar, mientras que los dos ocupantes del cami\u00f3n cargado con verduras fueron rescatados con vida, pero fallecieron horas m\u00e1s tarde en el hospital, seg\u00fan indicaron desde Defensa Civil bonaerense.<\/p>\n\n\n\n<p>Las personas que viajaban en el autom\u00f3vil fueron derivadas al centro asistencial y permanecen internadas bajo observaci\u00f3n m\u00e9dica. Otro veh\u00edculo menor qued\u00f3 completamente aplastado entre los camiones.<\/p>\n\n\n\n<p><\/p>\n\n\n\n<p>Gracias a la r\u00e1pida maniobra de varios automovilistas, otros rodados que circulaban por la autopista lograron frenar a tiempo y evitar la colisi\u00f3n.<\/p>\n\n\n\n<p>En el lugar trabajaron varias dotaciones de Bomberos Voluntarios, personal policial, equipos de emergencia y grupos de rescate del peaje. El siniestro provoc\u00f3 la interrupci\u00f3n total del tr\u00e1nsito durante varias horas.<\/p>\n\n\n\n<p>El accidente ocurri\u00f3 en las cercan\u00edas del Parque Industrial de Campana, una zona con gran circulaci\u00f3n de camiones. La investigaci\u00f3n qued\u00f3 a cargo de la fiscal\u00eda local, que ya inici\u00f3 las primeras pericias para determinar las causas exactas del tr\u00e1gico hecho.<\/p>\n\n\n\n<p>Tras el siniestro, se despleg\u00f3 un amplio operativo que incluy\u00f3 a Bomberos Voluntarios, personal de Autopistas del Sol y efectivos policiales. La tarea de los rescatistas se vio demorada por una importante congesti\u00f3n vehicular que se extendi\u00f3 por unos cinco kil\u00f3metros.<\/p>\n\n\n\n<p>Por la magnitud del operativo, la circulaci\u00f3n fue completamente interrumpida, y los veh\u00edculos debieron ser desviados por la Colectora Sur para retomar la autopista a la altura del puente Otamendi. Las causas precisas del choque a\u00fan se investigan y las autoridades realizar\u00e1n las pericias correspondientes en las pr\u00f3ximas horas.<\/p>\n\n\n\n<p><\/p>\n","protected":false},"excerpt":{"rendered":"<p>Al menos tres personas perdieron la vida y varias m\u00e1s resultaron heridas tras un grave&#8230;<\/p>\n","protected":false},"author":2,"featured_media":2378,"comment_status":"closed","ping_status":"closed","sticky":false,"template":"","format":"standard","meta":{"_jetpack_memberships_contains_paid_content":false,"footnotes":"","jetpack_publicize_message":"Tragedia en Campana: un violento choque e incendio entre cuatro veh\u00edculos dej\u00f3 al menos tres v\u00edctimas fatales-VIDEO","jetpack_publicize_feature_enabled":true,"jetpack_social_post_already_shared":false,"jetpack_social_options":{"image_generator_settings":{"template":"highway","default_image_id":0,"font":"","enabled":false},"version":2}},"categories":[85],"tags":[],"class_list":["post-2377","post","type-post","status-publish","format-standard","has-post-thumbnail","hentry","category-policiales"],"yoast_head":"<!-- This site is optimized with the Yoast SEO plugin v27.4 - https:\/\/yoast.com\/product\/yoast-seo-wordpress\/ -->\n<title>Tragedia en Campana: un violento choque e incendio entre cuatro veh\u00edculos dej\u00f3 al menos tres v\u00edctimas fatales-VIDEO -<\/title>\n<meta name=\"robots\" content=\"index, follow, max-snippet:-1, max-image-preview:large, max-video-preview:-1\" \/>\n<link rel=\"canonical\" href=\"https:\/\/impactocastex.com.ar\/?p=2377\" \/>\n<meta property=\"og:locale\" content=\"es_ES\" \/>\n<meta property=\"og:type\" content=\"article\" \/>\n<meta property=\"og:title\" content=\"Tragedia en Campana: un violento choque e incendio entre cuatro veh\u00edculos dej\u00f3 al menos tres v\u00edctimas fatales-VIDEO -\" \/>\n<meta property=\"og:description\" content=\"Al menos tres personas perdieron la vida y varias m\u00e1s resultaron heridas tras un grave...\" \/>\n<meta property=\"og:url\" content=\"https:\/\/impactocastex.com.ar\/?p=2377\" \/>\n<meta property=\"article:publisher\" content=\"https:\/\/www.facebook.com\/impactocastexdiario\" \/>\n<meta property=\"article:published_time\" content=\"2025-10-24T14:12:45+00:00\" \/>\n<meta property=\"article:modified_time\" content=\"2025-10-24T14:12:46+00:00\" \/>\n<meta property=\"og:image\" content=\"https:\/\/impactocastex.com.ar\/wp-content\/uploads\/2025\/10\/f1280x720-247951_379626_5050.jpg\" \/>\n\t<meta property=\"og:image:width\" content=\"1280\" \/>\n\t<meta property=\"og:image:height\" content=\"720\" \/>\n\t<meta property=\"og:image:type\" content=\"image\/jpeg\" \/>\n<meta name=\"author\" content=\"impactocastex\" \/>\n<meta name=\"twitter:card\" content=\"summary_large_image\" \/>\n<meta name=\"twitter:label1\" content=\"Escrito por\" \/>\n\t<meta name=\"twitter:data1\" content=\"impactocastex\" \/>\n\t<meta name=\"twitter:label2\" content=\"Tiempo de lectura\" \/>\n\t<meta name=\"twitter:data2\" content=\"3 minutos\" \/>\n<script type=\"application\/ld+json\" class=\"yoast-schema-graph\">{\"@context\":\"https:\\\/\\\/schema.org\",\"@graph\":[{\"@type\":\"Article\",\"@id\":\"https:\\\/\\\/impactocastex.com.ar\\\/?p=2377#article\",\"isPartOf\":{\"@id\":\"https:\\\/\\\/impactocastex.com.ar\\\/?p=2377\"},\"author\":{\"name\":\"impactocastex\",\"@id\":\"https:\\\/\\\/impactocastex.com.ar\\\/#\\\/schema\\\/person\\\/c115028fb60f9bf49ce7550894b84ea7\"},\"headline\":\"Tragedia en Campana: un violento choque e incendio entre cuatro veh\u00edculos dej\u00f3 al menos tres v\u00edctimas fatales-VIDEO\",\"datePublished\":\"2025-10-24T14:12:45+00:00\",\"dateModified\":\"2025-10-24T14:12:46+00:00\",\"mainEntityOfPage\":{\"@id\":\"https:\\\/\\\/impactocastex.com.ar\\\/?p=2377\"},\"wordCount\":476,\"publisher\":{\"@id\":\"https:\\\/\\\/impactocastex.com.ar\\\/#organization\"},\"image\":{\"@id\":\"https:\\\/\\\/impactocastex.com.ar\\\/?p=2377#primaryimage\"},\"thumbnailUrl\":\"https:\\\/\\\/impactocastex.com.ar\\\/wp-content\\\/uploads\\\/2025\\\/10\\\/f1280x720-247951_379626_5050.jpg\",\"articleSection\":[\"POLICIALES\"],\"inLanguage\":\"es\"},{\"@type\":\"WebPage\",\"@id\":\"https:\\\/\\\/impactocastex.com.ar\\\/?p=2377\",\"url\":\"https:\\\/\\\/impactocastex.com.ar\\\/?p=2377\",\"name\":\"Tragedia en Campana: un violento choque e incendio entre cuatro veh\u00edculos dej\u00f3 al menos tres v\u00edctimas fatales-VIDEO -\",\"isPartOf\":{\"@id\":\"https:\\\/\\\/impactocastex.com.ar\\\/#website\"},\"primaryImageOfPage\":{\"@id\":\"https:\\\/\\\/impactocastex.com.ar\\\/?p=2377#primaryimage\"},\"image\":{\"@id\":\"https:\\\/\\\/impactocastex.com.ar\\\/?p=2377#primaryimage\"},\"thumbnailUrl\":\"https:\\\/\\\/impactocastex.com.ar\\\/wp-content\\\/uploads\\\/2025\\\/10\\\/f1280x720-247951_379626_5050.jpg\",\"datePublished\":\"2025-10-24T14:12:45+00:00\",\"dateModified\":\"2025-10-24T14:12:46+00:00\",\"breadcrumb\":{\"@id\":\"https:\\\/\\\/impactocastex.com.ar\\\/?p=2377#breadcrumb\"},\"inLanguage\":\"es\",\"potentialAction\":[{\"@type\":\"ReadAction\",\"target\":[\"https:\\\/\\\/impactocastex.com.ar\\\/?p=2377\"]}]},{\"@type\":\"ImageObject\",\"inLanguage\":\"es\",\"@id\":\"https:\\\/\\\/impactocastex.com.ar\\\/?p=2377#primaryimage\",\"url\":\"https:\\\/\\\/impactocastex.com.ar\\\/wp-content\\\/uploads\\\/2025\\\/10\\\/f1280x720-247951_379626_5050.jpg\",\"contentUrl\":\"https:\\\/\\\/impactocastex.com.ar\\\/wp-content\\\/uploads\\\/2025\\\/10\\\/f1280x720-247951_379626_5050.jpg\",\"width\":1280,\"height\":720},{\"@type\":\"BreadcrumbList\",\"@id\":\"https:\\\/\\\/impactocastex.com.ar\\\/?p=2377#breadcrumb\",\"itemListElement\":[{\"@type\":\"ListItem\",\"position\":1,\"name\":\"Portada\",\"item\":\"https:\\\/\\\/impactocastex.com.ar\\\/\"},{\"@type\":\"ListItem\",\"position\":2,\"name\":\"Tragedia en Campana: un violento choque e incendio entre cuatro veh\u00edculos dej\u00f3 al menos tres v\u00edctimas fatales-VIDEO\"}]},{\"@type\":\"WebSite\",\"@id\":\"https:\\\/\\\/impactocastex.com.ar\\\/#website\",\"url\":\"https:\\\/\\\/impactocastex.com.ar\\\/\",\"name\":\"Impacto Castex\",\"description\":\"\",\"publisher\":{\"@id\":\"https:\\\/\\\/impactocastex.com.ar\\\/#organization\"},\"potentialAction\":[{\"@type\":\"SearchAction\",\"target\":{\"@type\":\"EntryPoint\",\"urlTemplate\":\"https:\\\/\\\/impactocastex.com.ar\\\/?s={search_term_string}\"},\"query-input\":{\"@type\":\"PropertyValueSpecification\",\"valueRequired\":true,\"valueName\":\"search_term_string\"}}],\"inLanguage\":\"es\"},{\"@type\":\"Organization\",\"@id\":\"https:\\\/\\\/impactocastex.com.ar\\\/#organization\",\"name\":\"Impacto Castex\",\"url\":\"https:\\\/\\\/impactocastex.com.ar\\\/\",\"logo\":{\"@type\":\"ImageObject\",\"inLanguage\":\"es\",\"@id\":\"https:\\\/\\\/impactocastex.com.ar\\\/#\\\/schema\\\/logo\\\/image\\\/\",\"url\":\"https:\\\/\\\/impactocastex.com.ar\\\/wp-content\\\/uploads\\\/2025\\\/09\\\/cropped-icoweb.png\",\"contentUrl\":\"https:\\\/\\\/impactocastex.com.ar\\\/wp-content\\\/uploads\\\/2025\\\/09\\\/cropped-icoweb.png\",\"width\":512,\"height\":512,\"caption\":\"Impacto Castex\"},\"image\":{\"@id\":\"https:\\\/\\\/impactocastex.com.ar\\\/#\\\/schema\\\/logo\\\/image\\\/\"},\"sameAs\":[\"https:\\\/\\\/www.facebook.com\\\/impactocastexdiario\",\"https:\\\/\\\/www.instagram.com\\\/impactocastex.com.ar\\\/\"]},{\"@type\":\"Person\",\"@id\":\"https:\\\/\\\/impactocastex.com.ar\\\/#\\\/schema\\\/person\\\/c115028fb60f9bf49ce7550894b84ea7\",\"name\":\"impactocastex\",\"image\":{\"@type\":\"ImageObject\",\"inLanguage\":\"es\",\"@id\":\"https:\\\/\\\/secure.gravatar.com\\\/avatar\\\/fee87e7af008f02e9becdc0b5a9fd4a2e79b3918a571edeacb62211704637833?s=96&d=mm&r=g\",\"url\":\"https:\\\/\\\/secure.gravatar.com\\\/avatar\\\/fee87e7af008f02e9becdc0b5a9fd4a2e79b3918a571edeacb62211704637833?s=96&d=mm&r=g\",\"contentUrl\":\"https:\\\/\\\/secure.gravatar.com\\\/avatar\\\/fee87e7af008f02e9becdc0b5a9fd4a2e79b3918a571edeacb62211704637833?s=96&d=mm&r=g\",\"caption\":\"impactocastex\"},\"sameAs\":[\"https:\\\/\\\/impactocastex.com.ar\\\/\"],\"url\":\"https:\\\/\\\/impactocastex.com.ar\\\/?author=2\"}]}<\/script>\n<!-- \/ Yoast SEO plugin. -->","yoast_head_json":{"title":"Tragedia en Campana: un violento choque e incendio entre cuatro veh\u00edculos dej\u00f3 al menos tres v\u00edctimas fatales-VIDEO -","robots":{"index":"index","follow":"follow","max-snippet":"max-snippet:-1","max-image-preview":"max-image-preview:large","max-video-preview":"max-video-preview:-1"},"canonical":"https:\/\/impactocastex.com.ar\/?p=2377","og_locale":"es_ES","og_type":"article","og_title":"Tragedia en Campana: un violento choque e incendio entre cuatro veh\u00edculos dej\u00f3 al menos tres v\u00edctimas fatales-VIDEO -","og_description":"Al menos tres personas perdieron la vida y varias m\u00e1s resultaron heridas tras un grave...","og_url":"https:\/\/impactocastex.com.ar\/?p=2377","article_publisher":"https:\/\/www.facebook.com\/impactocastexdiario","article_published_time":"2025-10-24T14:12:45+00:00","article_modified_time":"2025-10-24T14:12:46+00:00","og_image":[{"width":1280,"height":720,"url":"https:\/\/impactocastex.com.ar\/wp-content\/uploads\/2025\/10\/f1280x720-247951_379626_5050.jpg","type":"image\/jpeg"}],"author":"impactocastex","twitter_card":"summary_large_image","twitter_misc":{"Escrito por":"impactocastex","Tiempo de lectura":"3 minutos"},"schema":{"@context":"https:\/\/schema.org","@graph":[{"@type":"Article","@id":"https:\/\/impactocastex.com.ar\/?p=2377#article","isPartOf":{"@id":"https:\/\/impactocastex.com.ar\/?p=2377"},"author":{"name":"impactocastex","@id":"https:\/\/impactocastex.com.ar\/#\/schema\/person\/c115028fb60f9bf49ce7550894b84ea7"},"headline":"Tragedia en Campana: un violento choque e incendio entre cuatro veh\u00edculos dej\u00f3 al menos tres v\u00edctimas fatales-VIDEO","datePublished":"2025-10-24T14:12:45+00:00","dateModified":"2025-10-24T14:12:46+00:00","mainEntityOfPage":{"@id":"https:\/\/impactocastex.com.ar\/?p=2377"},"wordCount":476,"publisher":{"@id":"https:\/\/impactocastex.com.ar\/#organization"},"image":{"@id":"https:\/\/impactocastex.com.ar\/?p=2377#primaryimage"},"thumbnailUrl":"https:\/\/impactocastex.com.ar\/wp-content\/uploads\/2025\/10\/f1280x720-247951_379626_5050.jpg","articleSection":["POLICIALES"],"inLanguage":"es"},{"@type":"WebPage","@id":"https:\/\/impactocastex.com.ar\/?p=2377","url":"https:\/\/impactocastex.com.ar\/?p=2377","name":"Tragedia en Campana: un violento choque e incendio entre cuatro veh\u00edculos dej\u00f3 al menos tres v\u00edctimas fatales-VIDEO -","isPartOf":{"@id":"https:\/\/impactocastex.com.ar\/#website"},"primaryImageOfPage":{"@id":"https:\/\/impactocastex.com.ar\/?p=2377#primaryimage"},"image":{"@id":"https:\/\/impactocastex.com.ar\/?p=2377#primaryimage"},"thumbnailUrl":"https:\/\/impactocastex.com.ar\/wp-content\/uploads\/2025\/10\/f1280x720-247951_379626_5050.jpg","datePublished":"2025-10-24T14:12:45+00:00","dateModified":"2025-10-24T14:12:46+00:00","breadcrumb":{"@id":"https:\/\/impactocastex.com.ar\/?p=2377#breadcrumb"},"inLanguage":"es","potentialAction":[{"@type":"ReadAction","target":["https:\/\/impactocastex.com.ar\/?p=2377"]}]},{"@type":"ImageObject","inLanguage":"es","@id":"https:\/\/impactocastex.com.ar\/?p=2377#primaryimage","url":"https:\/\/impactocastex.com.ar\/wp-content\/uploads\/2025\/10\/f1280x720-247951_379626_5050.jpg","contentUrl":"https:\/\/impactocastex.com.ar\/wp-content\/uploads\/2025\/10\/f1280x720-247951_379626_5050.jpg","width":1280,"height":720},{"@type":"BreadcrumbList","@id":"https:\/\/impactocastex.com.ar\/?p=2377#breadcrumb","itemListElement":[{"@type":"ListItem","position":1,"name":"Portada","item":"https:\/\/impactocastex.com.ar\/"},{"@type":"ListItem","position":2,"name":"Tragedia en Campana: un violento choque e incendio entre cuatro veh\u00edculos dej\u00f3 al menos tres v\u00edctimas fatales-VIDEO"}]},{"@type":"WebSite","@id":"https:\/\/impactocastex.com.ar\/#website","url":"https:\/\/impactocastex.com.ar\/","name":"Impacto Castex","description":"","publisher":{"@id":"https:\/\/impactocastex.com.ar\/#organization"},"potentialAction":[{"@type":"SearchAction","target":{"@type":"EntryPoint","urlTemplate":"https:\/\/impactocastex.com.ar\/?s={search_term_string}"},"query-input":{"@type":"PropertyValueSpecification","valueRequired":true,"valueName":"search_term_string"}}],"inLanguage":"es"},{"@type":"Organization","@id":"https:\/\/impactocastex.com.ar\/#organization","name":"Impacto Castex","url":"https:\/\/impactocastex.com.ar\/","logo":{"@type":"ImageObject","inLanguage":"es","@id":"https:\/\/impactocastex.com.ar\/#\/schema\/logo\/image\/","url":"https:\/\/impactocastex.com.ar\/wp-content\/uploads\/2025\/09\/cropped-icoweb.png","contentUrl":"https:\/\/impactocastex.com.ar\/wp-content\/uploads\/2025\/09\/cropped-icoweb.png","width":512,"height":512,"caption":"Impacto Castex"},"image":{"@id":"https:\/\/impactocastex.com.ar\/#\/schema\/logo\/image\/"},"sameAs":["https:\/\/www.facebook.com\/impactocastexdiario","https:\/\/www.instagram.com\/impactocastex.com.ar\/"]},{"@type":"Person","@id":"https:\/\/impactocastex.com.ar\/#\/schema\/person\/c115028fb60f9bf49ce7550894b84ea7","name":"impactocastex","image":{"@type":"ImageObject","inLanguage":"es","@id":"https:\/\/secure.gravatar.com\/avatar\/fee87e7af008f02e9becdc0b5a9fd4a2e79b3918a571edeacb62211704637833?s=96&d=mm&r=g","url":"https:\/\/secure.gravatar.com\/avatar\/fee87e7af008f02e9becdc0b5a9fd4a2e79b3918a571edeacb62211704637833?s=96&d=mm&r=g","contentUrl":"https:\/\/secure.gravatar.com\/avatar\/fee87e7af008f02e9becdc0b5a9fd4a2e79b3918a571edeacb62211704637833?s=96&d=mm&r=g","caption":"impactocastex"},"sameAs":["https:\/\/impactocastex.com.ar\/"],"url":"https:\/\/impactocastex.com.ar\/?author=2"}]}},"jetpack_publicize_connections":[],"featured_image_urls":{"full":["https:\/\/impactocastex.com.ar\/wp-content\/uploads\/2025\/10\/f1280x720-247951_379626_5050.jpg",1280,720,false],"thumbnail":["https:\/\/impactocastex.com.ar\/wp-content\/uploads\/2025\/10\/f1280x720-247951_379626_5050-150x150.jpg",150,150,true],"medium":["https:\/\/impactocastex.com.ar\/wp-content\/uploads\/2025\/10\/f1280x720-247951_379626_5050-300x169.jpg",300,169,true],"medium_large":["https:\/\/impactocastex.com.ar\/wp-content\/uploads\/2025\/10\/f1280x720-247951_379626_5050-768x432.jpg",640,360,true],"large":["https:\/\/impactocastex.com.ar\/wp-content\/uploads\/2025\/10\/f1280x720-247951_379626_5050-1024x576.jpg",640,360,true],"1536x1536":["https:\/\/impactocastex.com.ar\/wp-content\/uploads\/2025\/10\/f1280x720-247951_379626_5050.jpg",1280,720,false],"2048x2048":["https:\/\/impactocastex.com.ar\/wp-content\/uploads\/2025\/10\/f1280x720-247951_379626_5050.jpg",1280,720,false],"newsever-slider-full":["https:\/\/impactocastex.com.ar\/wp-content\/uploads\/2025\/10\/f1280x720-247951_379626_5050.jpg",1280,720,false],"newsever-featured":["https:\/\/impactocastex.com.ar\/wp-content\/uploads\/2025\/10\/f1280x720-247951_379626_5050-1024x576.jpg",1024,576,true],"newsever-medium":["https:\/\/impactocastex.com.ar\/wp-content\/uploads\/2025\/10\/f1280x720-247951_379626_5050-720x475.jpg",720,475,true]},"author_info":{"info":["impactocastex"]},"category_info":"<a href=\"https:\/\/impactocastex.com.ar\/?cat=85\" rel=\"category\">POLICIALES<\/a>","tag_info":"POLICIALES","comment_count":0,"jetpack_featured_media_url":"https:\/\/impactocastex.com.ar\/wp-content\/uploads\/2025\/10\/f1280x720-247951_379626_5050.jpg","jetpack_sharing_enabled":true,"jetpack_likes_enabled":true,"jetpack_shortlink":"https:\/\/wp.me\/p7sopA-Cl","_links":{"self":[{"href":"https:\/\/impactocastex.com.ar\/index.php?rest_route=\/wp\/v2\/posts\/2377","targetHints":{"allow":["GET"]}}],"collection":[{"href":"https:\/\/impactocastex.com.ar\/index.php?rest_route=\/wp\/v2\/posts"}],"about":[{"href":"https:\/\/impactocastex.com.ar\/index.php?rest_route=\/wp\/v2\/types\/post"}],"author":[{"embeddable":true,"href":"https:\/\/impactocastex.com.ar\/index.php?rest_route=\/wp\/v2\/users\/2"}],"replies":[{"embeddable":true,"href":"https:\/\/impactocastex.com.ar\/index.php?rest_route=%2Fwp%2Fv2%2Fcomments&post=2377"}],"version-history":[{"count":1,"href":"https:\/\/impactocastex.com.ar\/index.php?rest_route=\/wp\/v2\/posts\/2377\/revisions"}],"predecessor-version":[{"id":2379,"href":"https:\/\/impactocastex.com.ar\/index.php?rest_route=\/wp\/v2\/posts\/2377\/revisions\/2379"}],"wp:featuredmedia":[{"embeddable":true,"href":"https:\/\/impactocastex.com.ar\/index.php?rest_route=\/wp\/v2\/media\/2378"}],"wp:attachment":[{"href":"https:\/\/impactocastex.com.ar\/index.php?rest_route=%2Fwp%2Fv2%2Fmedia&parent=2377"}],"wp:term":[{"taxonomy":"category","embeddable":true,"href":"https:\/\/impactocastex.com.ar\/index.php?rest_route=%2Fwp%2Fv2%2Fcategories&post=2377"},{"taxonomy":"post_tag","embeddable":true,"href":"https:\/\/impactocastex.com.ar\/index.php?rest_route=%2Fwp%2Fv2%2Ftags&post=2377"}],"curies":[{"name":"wp","href":"https:\/\/api.w.org\/{rel}","templated":true}]}}