{"id":2374,"date":"2025-10-24T11:07:00","date_gmt":"2025-10-24T14:07:00","guid":{"rendered":"https:\/\/impactocastex.com.ar\/?p=2374"},"modified":"2025-10-24T11:07:02","modified_gmt":"2025-10-24T14:07:02","slug":"veda-electoral-milei-enfrenta-su-primer-examen-plebiscitario-como-presidente","status":"publish","type":"post","link":"https:\/\/impactocastex.com.ar\/?p=2374","title":{"rendered":"Veda electoral: Milei enfrenta su primer examen plebiscitario como presidente"},"content":{"rendered":"\n<p>La Argentina celebrar\u00e1 este domingo las&nbsp;<strong>elecciones legislativas de medio t\u00e9rmino<\/strong>, en las que se pondr\u00e1 a prueba el&nbsp;<strong>grado de apoyo ciudadano al gobierno de Javier Milei<\/strong>, a casi un a\u00f1o de su llegada a la Casa Rosada.<\/p>\n\n\n\n<p>M\u00e1s de&nbsp;<strong>35 millones de electores<\/strong>&nbsp;est\u00e1n habilitados para votar en una jornada que renovar\u00e1&nbsp;<strong>127 bancas en la C\u00e1mara de Diputados<\/strong>&nbsp;y&nbsp;<strong>24 esca\u00f1os en el Senado de la Naci\u00f3n<\/strong>, correspondientes a ocho provincias.<\/p>\n\n\n\n<p>El \u201cswap\u201d, un apoyo clave de Donald Trump a Javier Milei, ayud\u00f3 en las dos \u00faltimas semanas a sostener la cotizaci\u00f3n del d\u00f3lar. El ministro de Econom\u00eda, Luis Caputo afirm\u00f3 que no habr\u00e1 cambios y que el precio de $1500 est\u00e1 bien.<\/p>\n\n\n\n<p>El oficialismo, representado por&nbsp;<strong>La Libertad Avanza<\/strong>, busca consolidar su base parlamentaria y ganar volumen pol\u00edtico para avanzar con su programa de reformas estructurales \u2014entre ellas la&nbsp;<strong>Ley Bases<\/strong>, la&nbsp;<strong>reforma laboral<\/strong>&nbsp;y la&nbsp;<strong>apertura econ\u00f3mica<\/strong>\u2014 que a\u00fan enfrentan resistencia en el Congreso.<\/p>\n\n\n\n<p>En el centro del escenario pol\u00edtico, las elecciones son vistas como un&nbsp;<strong>plebiscito sobre la gesti\u00f3n de Milei<\/strong>, marcada por un fuerte ajuste fiscal, la eliminaci\u00f3n de subsidios, la reducci\u00f3n del gasto p\u00fablico y un ambicioso plan de desregulaci\u00f3n econ\u00f3mica.<\/p>\n\n\n\n<p>Del otro lado, los distintos sectores de la oposici\u00f3n \u2014desde el peronismo reconfigurado bajo nuevos liderazgos, hasta la coalici\u00f3n&nbsp;<strong>Provincias Unidas<\/strong>&nbsp;y los espacios de centroizquierda\u2014 aspiran a&nbsp;<strong>recuperar terreno<\/strong>&nbsp;y convertirse en contrapeso institucional del Ejecutivo.<\/p>\n\n\n\n<p>Las provincias m\u00e1s pobladas, como&nbsp;<strong>Buenos Aires, C\u00f3rdoba, Santa Fe, Mendoza y la Ciudad de Buenos Aires<\/strong>, concentrar\u00e1n la atenci\u00f3n de los analistas, ya que all\u00ed se definir\u00e1 buena parte del equilibrio de fuerzas en el Congreso.<\/p>\n\n\n\n<p>El comicio se desarrollar\u00e1 entre las&nbsp;<strong>8 y las 18 horas<\/strong>, bajo la supervisi\u00f3n de la C\u00e1mara Nacional Electoral, que anticip\u00f3 un operativo especial para garantizar la transparencia y el r\u00e1pido recuento de votos.<\/p>\n\n\n\n<p>El&nbsp;<strong>Gobierno nacional<\/strong>&nbsp;espera que la jornada transcurra con normalidad y apuesta a un&nbsp;<strong>bajo ausentismo<\/strong>, en medio de un clima de expectativa econ\u00f3mica y pol\u00edtica.<\/p>\n\n\n\n<p>Para Milei, que asumi\u00f3 con un fuerte discurso de cambio y enfrentamiento con la \u201ccasta pol\u00edtica\u201d, el resultado del domingo ser\u00e1 decisivo para&nbsp;<strong>sostener su programa de gobierno<\/strong>&nbsp;y&nbsp;<strong>reforzar su legitimidad<\/strong>&nbsp;frente a los pr\u00f3ximos dos a\u00f1os de mandato.<\/p>\n\n\n\n<p>Las elecciones legislativas de 2025 definir\u00e1n si los argentinos ratifican el rumbo libertario impulsado por Javier Milei o si el Congreso se convierte en un contrapeso m\u00e1s fuerte. Ser\u00e1, en definitiva,&nbsp;<strong>un test pol\u00edtico clave que marcar\u00e1 la segunda etapa del gobierno<\/strong>&nbsp;y el mapa de poder hasta 2027.<\/p>\n","protected":false},"excerpt":{"rendered":"<p>La Argentina celebrar\u00e1 este domingo las&nbsp;elecciones legislativas de medio t\u00e9rmino, en las que se pondr\u00e1&#8230;<\/p>\n","protected":false},"author":2,"featured_media":2375,"comment_status":"closed","ping_status":"closed","sticky":false,"template":"","format":"standard","meta":{"_jetpack_memberships_contains_paid_content":false,"footnotes":"","jetpack_publicize_message":"Veda electoral: Milei enfrenta su primer examen plebiscitario como presidente","jetpack_publicize_feature_enabled":true,"jetpack_social_post_already_shared":false,"jetpack_social_options":{"image_generator_settings":{"template":"highway","default_image_id":0,"font":"","enabled":false},"version":2}},"categories":[122],"tags":[],"class_list":["post-2374","post","type-post","status-publish","format-standard","has-post-thumbnail","hentry","category-politica"],"yoast_head":"<!-- This site is optimized with the Yoast SEO plugin v27.4 - https:\/\/yoast.com\/product\/yoast-seo-wordpress\/ -->\n<title>Veda electoral: Milei enfrenta su primer examen plebiscitario como presidente -<\/title>\n<meta name=\"robots\" content=\"index, follow, max-snippet:-1, max-image-preview:large, max-video-preview:-1\" \/>\n<link rel=\"canonical\" href=\"https:\/\/impactocastex.com.ar\/?p=2374\" \/>\n<meta property=\"og:locale\" content=\"es_ES\" \/>\n<meta property=\"og:type\" content=\"article\" \/>\n<meta property=\"og:title\" content=\"Veda electoral: Milei enfrenta su primer examen plebiscitario como presidente -\" \/>\n<meta property=\"og:description\" content=\"La Argentina celebrar\u00e1 este domingo las&nbsp;elecciones legislativas de medio t\u00e9rmino, en las que se pondr\u00e1...\" \/>\n<meta property=\"og:url\" content=\"https:\/\/impactocastex.com.ar\/?p=2374\" \/>\n<meta property=\"article:publisher\" content=\"https:\/\/www.facebook.com\/impactocastexdiario\" \/>\n<meta property=\"article:published_time\" content=\"2025-10-24T14:07:00+00:00\" \/>\n<meta property=\"article:modified_time\" content=\"2025-10-24T14:07:02+00:00\" \/>\n<meta property=\"og:image\" content=\"https:\/\/impactocastex.com.ar\/wp-content\/uploads\/2025\/10\/mileijaviercantando2025-7-1.jpg\" \/>\n\t<meta property=\"og:image:width\" content=\"1300\" \/>\n\t<meta property=\"og:image:height\" content=\"868\" \/>\n\t<meta property=\"og:image:type\" content=\"image\/jpeg\" \/>\n<meta name=\"author\" content=\"impactocastex\" \/>\n<meta name=\"twitter:card\" content=\"summary_large_image\" \/>\n<meta name=\"twitter:label1\" content=\"Escrito por\" \/>\n\t<meta name=\"twitter:data1\" content=\"impactocastex\" \/>\n\t<meta name=\"twitter:label2\" content=\"Tiempo de lectura\" \/>\n\t<meta name=\"twitter:data2\" content=\"3 minutos\" \/>\n<script type=\"application\/ld+json\" class=\"yoast-schema-graph\">{\"@context\":\"https:\\\/\\\/schema.org\",\"@graph\":[{\"@type\":\"Article\",\"@id\":\"https:\\\/\\\/impactocastex.com.ar\\\/?p=2374#article\",\"isPartOf\":{\"@id\":\"https:\\\/\\\/impactocastex.com.ar\\\/?p=2374\"},\"author\":{\"name\":\"impactocastex\",\"@id\":\"https:\\\/\\\/impactocastex.com.ar\\\/#\\\/schema\\\/person\\\/c115028fb60f9bf49ce7550894b84ea7\"},\"headline\":\"Veda electoral: Milei enfrenta su primer examen plebiscitario como presidente\",\"datePublished\":\"2025-10-24T14:07:00+00:00\",\"dateModified\":\"2025-10-24T14:07:02+00:00\",\"mainEntityOfPage\":{\"@id\":\"https:\\\/\\\/impactocastex.com.ar\\\/?p=2374\"},\"wordCount\":489,\"publisher\":{\"@id\":\"https:\\\/\\\/impactocastex.com.ar\\\/#organization\"},\"image\":{\"@id\":\"https:\\\/\\\/impactocastex.com.ar\\\/?p=2374#primaryimage\"},\"thumbnailUrl\":\"https:\\\/\\\/impactocastex.com.ar\\\/wp-content\\\/uploads\\\/2025\\\/10\\\/mileijaviercantando2025-7-1.jpg\",\"articleSection\":[\"POLITICA\"],\"inLanguage\":\"es\"},{\"@type\":\"WebPage\",\"@id\":\"https:\\\/\\\/impactocastex.com.ar\\\/?p=2374\",\"url\":\"https:\\\/\\\/impactocastex.com.ar\\\/?p=2374\",\"name\":\"Veda electoral: Milei enfrenta su primer examen plebiscitario como presidente -\",\"isPartOf\":{\"@id\":\"https:\\\/\\\/impactocastex.com.ar\\\/#website\"},\"primaryImageOfPage\":{\"@id\":\"https:\\\/\\\/impactocastex.com.ar\\\/?p=2374#primaryimage\"},\"image\":{\"@id\":\"https:\\\/\\\/impactocastex.com.ar\\\/?p=2374#primaryimage\"},\"thumbnailUrl\":\"https:\\\/\\\/impactocastex.com.ar\\\/wp-content\\\/uploads\\\/2025\\\/10\\\/mileijaviercantando2025-7-1.jpg\",\"datePublished\":\"2025-10-24T14:07:00+00:00\",\"dateModified\":\"2025-10-24T14:07:02+00:00\",\"breadcrumb\":{\"@id\":\"https:\\\/\\\/impactocastex.com.ar\\\/?p=2374#breadcrumb\"},\"inLanguage\":\"es\",\"potentialAction\":[{\"@type\":\"ReadAction\",\"target\":[\"https:\\\/\\\/impactocastex.com.ar\\\/?p=2374\"]}]},{\"@type\":\"ImageObject\",\"inLanguage\":\"es\",\"@id\":\"https:\\\/\\\/impactocastex.com.ar\\\/?p=2374#primaryimage\",\"url\":\"https:\\\/\\\/impactocastex.com.ar\\\/wp-content\\\/uploads\\\/2025\\\/10\\\/mileijaviercantando2025-7-1.jpg\",\"contentUrl\":\"https:\\\/\\\/impactocastex.com.ar\\\/wp-content\\\/uploads\\\/2025\\\/10\\\/mileijaviercantando2025-7-1.jpg\",\"width\":1300,\"height\":868},{\"@type\":\"BreadcrumbList\",\"@id\":\"https:\\\/\\\/impactocastex.com.ar\\\/?p=2374#breadcrumb\",\"itemListElement\":[{\"@type\":\"ListItem\",\"position\":1,\"name\":\"Portada\",\"item\":\"https:\\\/\\\/impactocastex.com.ar\\\/\"},{\"@type\":\"ListItem\",\"position\":2,\"name\":\"Veda electoral: Milei enfrenta su primer examen plebiscitario como presidente\"}]},{\"@type\":\"WebSite\",\"@id\":\"https:\\\/\\\/impactocastex.com.ar\\\/#website\",\"url\":\"https:\\\/\\\/impactocastex.com.ar\\\/\",\"name\":\"Impacto Castex\",\"description\":\"\",\"publisher\":{\"@id\":\"https:\\\/\\\/impactocastex.com.ar\\\/#organization\"},\"potentialAction\":[{\"@type\":\"SearchAction\",\"target\":{\"@type\":\"EntryPoint\",\"urlTemplate\":\"https:\\\/\\\/impactocastex.com.ar\\\/?s={search_term_string}\"},\"query-input\":{\"@type\":\"PropertyValueSpecification\",\"valueRequired\":true,\"valueName\":\"search_term_string\"}}],\"inLanguage\":\"es\"},{\"@type\":\"Organization\",\"@id\":\"https:\\\/\\\/impactocastex.com.ar\\\/#organization\",\"name\":\"Impacto Castex\",\"url\":\"https:\\\/\\\/impactocastex.com.ar\\\/\",\"logo\":{\"@type\":\"ImageObject\",\"inLanguage\":\"es\",\"@id\":\"https:\\\/\\\/impactocastex.com.ar\\\/#\\\/schema\\\/logo\\\/image\\\/\",\"url\":\"https:\\\/\\\/impactocastex.com.ar\\\/wp-content\\\/uploads\\\/2025\\\/09\\\/cropped-icoweb.png\",\"contentUrl\":\"https:\\\/\\\/impactocastex.com.ar\\\/wp-content\\\/uploads\\\/2025\\\/09\\\/cropped-icoweb.png\",\"width\":512,\"height\":512,\"caption\":\"Impacto Castex\"},\"image\":{\"@id\":\"https:\\\/\\\/impactocastex.com.ar\\\/#\\\/schema\\\/logo\\\/image\\\/\"},\"sameAs\":[\"https:\\\/\\\/www.facebook.com\\\/impactocastexdiario\",\"https:\\\/\\\/www.instagram.com\\\/impactocastex.com.ar\\\/\"]},{\"@type\":\"Person\",\"@id\":\"https:\\\/\\\/impactocastex.com.ar\\\/#\\\/schema\\\/person\\\/c115028fb60f9bf49ce7550894b84ea7\",\"name\":\"impactocastex\",\"image\":{\"@type\":\"ImageObject\",\"inLanguage\":\"es\",\"@id\":\"https:\\\/\\\/secure.gravatar.com\\\/avatar\\\/fee87e7af008f02e9becdc0b5a9fd4a2e79b3918a571edeacb62211704637833?s=96&d=mm&r=g\",\"url\":\"https:\\\/\\\/secure.gravatar.com\\\/avatar\\\/fee87e7af008f02e9becdc0b5a9fd4a2e79b3918a571edeacb62211704637833?s=96&d=mm&r=g\",\"contentUrl\":\"https:\\\/\\\/secure.gravatar.com\\\/avatar\\\/fee87e7af008f02e9becdc0b5a9fd4a2e79b3918a571edeacb62211704637833?s=96&d=mm&r=g\",\"caption\":\"impactocastex\"},\"sameAs\":[\"https:\\\/\\\/impactocastex.com.ar\\\/\"],\"url\":\"https:\\\/\\\/impactocastex.com.ar\\\/?author=2\"}]}<\/script>\n<!-- \/ Yoast SEO plugin. -->","yoast_head_json":{"title":"Veda electoral: Milei enfrenta su primer examen plebiscitario como presidente -","robots":{"index":"index","follow":"follow","max-snippet":"max-snippet:-1","max-image-preview":"max-image-preview:large","max-video-preview":"max-video-preview:-1"},"canonical":"https:\/\/impactocastex.com.ar\/?p=2374","og_locale":"es_ES","og_type":"article","og_title":"Veda electoral: Milei enfrenta su primer examen plebiscitario como presidente -","og_description":"La Argentina celebrar\u00e1 este domingo las&nbsp;elecciones legislativas de medio t\u00e9rmino, en las que se pondr\u00e1...","og_url":"https:\/\/impactocastex.com.ar\/?p=2374","article_publisher":"https:\/\/www.facebook.com\/impactocastexdiario","article_published_time":"2025-10-24T14:07:00+00:00","article_modified_time":"2025-10-24T14:07:02+00:00","og_image":[{"width":1300,"height":868,"url":"https:\/\/impactocastex.com.ar\/wp-content\/uploads\/2025\/10\/mileijaviercantando2025-7-1.jpg","type":"image\/jpeg"}],"author":"impactocastex","twitter_card":"summary_large_image","twitter_misc":{"Escrito por":"impactocastex","Tiempo de lectura":"3 minutos"},"schema":{"@context":"https:\/\/schema.org","@graph":[{"@type":"Article","@id":"https:\/\/impactocastex.com.ar\/?p=2374#article","isPartOf":{"@id":"https:\/\/impactocastex.com.ar\/?p=2374"},"author":{"name":"impactocastex","@id":"https:\/\/impactocastex.com.ar\/#\/schema\/person\/c115028fb60f9bf49ce7550894b84ea7"},"headline":"Veda electoral: Milei enfrenta su primer examen plebiscitario como presidente","datePublished":"2025-10-24T14:07:00+00:00","dateModified":"2025-10-24T14:07:02+00:00","mainEntityOfPage":{"@id":"https:\/\/impactocastex.com.ar\/?p=2374"},"wordCount":489,"publisher":{"@id":"https:\/\/impactocastex.com.ar\/#organization"},"image":{"@id":"https:\/\/impactocastex.com.ar\/?p=2374#primaryimage"},"thumbnailUrl":"https:\/\/impactocastex.com.ar\/wp-content\/uploads\/2025\/10\/mileijaviercantando2025-7-1.jpg","articleSection":["POLITICA"],"inLanguage":"es"},{"@type":"WebPage","@id":"https:\/\/impactocastex.com.ar\/?p=2374","url":"https:\/\/impactocastex.com.ar\/?p=2374","name":"Veda electoral: Milei enfrenta su primer examen plebiscitario como presidente -","isPartOf":{"@id":"https:\/\/impactocastex.com.ar\/#website"},"primaryImageOfPage":{"@id":"https:\/\/impactocastex.com.ar\/?p=2374#primaryimage"},"image":{"@id":"https:\/\/impactocastex.com.ar\/?p=2374#primaryimage"},"thumbnailUrl":"https:\/\/impactocastex.com.ar\/wp-content\/uploads\/2025\/10\/mileijaviercantando2025-7-1.jpg","datePublished":"2025-10-24T14:07:00+00:00","dateModified":"2025-10-24T14:07:02+00:00","breadcrumb":{"@id":"https:\/\/impactocastex.com.ar\/?p=2374#breadcrumb"},"inLanguage":"es","potentialAction":[{"@type":"ReadAction","target":["https:\/\/impactocastex.com.ar\/?p=2374"]}]},{"@type":"ImageObject","inLanguage":"es","@id":"https:\/\/impactocastex.com.ar\/?p=2374#primaryimage","url":"https:\/\/impactocastex.com.ar\/wp-content\/uploads\/2025\/10\/mileijaviercantando2025-7-1.jpg","contentUrl":"https:\/\/impactocastex.com.ar\/wp-content\/uploads\/2025\/10\/mileijaviercantando2025-7-1.jpg","width":1300,"height":868},{"@type":"BreadcrumbList","@id":"https:\/\/impactocastex.com.ar\/?p=2374#breadcrumb","itemListElement":[{"@type":"ListItem","position":1,"name":"Portada","item":"https:\/\/impactocastex.com.ar\/"},{"@type":"ListItem","position":2,"name":"Veda electoral: Milei enfrenta su primer examen plebiscitario como presidente"}]},{"@type":"WebSite","@id":"https:\/\/impactocastex.com.ar\/#website","url":"https:\/\/impactocastex.com.ar\/","name":"Impacto Castex","description":"","publisher":{"@id":"https:\/\/impactocastex.com.ar\/#organization"},"potentialAction":[{"@type":"SearchAction","target":{"@type":"EntryPoint","urlTemplate":"https:\/\/impactocastex.com.ar\/?s={search_term_string}"},"query-input":{"@type":"PropertyValueSpecification","valueRequired":true,"valueName":"search_term_string"}}],"inLanguage":"es"},{"@type":"Organization","@id":"https:\/\/impactocastex.com.ar\/#organization","name":"Impacto Castex","url":"https:\/\/impactocastex.com.ar\/","logo":{"@type":"ImageObject","inLanguage":"es","@id":"https:\/\/impactocastex.com.ar\/#\/schema\/logo\/image\/","url":"https:\/\/impactocastex.com.ar\/wp-content\/uploads\/2025\/09\/cropped-icoweb.png","contentUrl":"https:\/\/impactocastex.com.ar\/wp-content\/uploads\/2025\/09\/cropped-icoweb.png","width":512,"height":512,"caption":"Impacto Castex"},"image":{"@id":"https:\/\/impactocastex.com.ar\/#\/schema\/logo\/image\/"},"sameAs":["https:\/\/www.facebook.com\/impactocastexdiario","https:\/\/www.instagram.com\/impactocastex.com.ar\/"]},{"@type":"Person","@id":"https:\/\/impactocastex.com.ar\/#\/schema\/person\/c115028fb60f9bf49ce7550894b84ea7","name":"impactocastex","image":{"@type":"ImageObject","inLanguage":"es","@id":"https:\/\/secure.gravatar.com\/avatar\/fee87e7af008f02e9becdc0b5a9fd4a2e79b3918a571edeacb62211704637833?s=96&d=mm&r=g","url":"https:\/\/secure.gravatar.com\/avatar\/fee87e7af008f02e9becdc0b5a9fd4a2e79b3918a571edeacb62211704637833?s=96&d=mm&r=g","contentUrl":"https:\/\/secure.gravatar.com\/avatar\/fee87e7af008f02e9becdc0b5a9fd4a2e79b3918a571edeacb62211704637833?s=96&d=mm&r=g","caption":"impactocastex"},"sameAs":["https:\/\/impactocastex.com.ar\/"],"url":"https:\/\/impactocastex.com.ar\/?author=2"}]}},"jetpack_publicize_connections":[],"featured_image_urls":{"full":["https:\/\/impactocastex.com.ar\/wp-content\/uploads\/2025\/10\/mileijaviercantando2025-7-1.jpg",1300,868,false],"thumbnail":["https:\/\/impactocastex.com.ar\/wp-content\/uploads\/2025\/10\/mileijaviercantando2025-7-1-150x150.jpg",150,150,true],"medium":["https:\/\/impactocastex.com.ar\/wp-content\/uploads\/2025\/10\/mileijaviercantando2025-7-1-300x200.jpg",300,200,true],"medium_large":["https:\/\/impactocastex.com.ar\/wp-content\/uploads\/2025\/10\/mileijaviercantando2025-7-1-768x513.jpg",640,428,true],"large":["https:\/\/impactocastex.com.ar\/wp-content\/uploads\/2025\/10\/mileijaviercantando2025-7-1-1024x684.jpg",640,428,true],"1536x1536":["https:\/\/impactocastex.com.ar\/wp-content\/uploads\/2025\/10\/mileijaviercantando2025-7-1.jpg",1300,868,false],"2048x2048":["https:\/\/impactocastex.com.ar\/wp-content\/uploads\/2025\/10\/mileijaviercantando2025-7-1.jpg",1300,868,false],"newsever-slider-full":["https:\/\/impactocastex.com.ar\/wp-content\/uploads\/2025\/10\/mileijaviercantando2025-7-1-1280x845.jpg",1280,845,true],"newsever-featured":["https:\/\/impactocastex.com.ar\/wp-content\/uploads\/2025\/10\/mileijaviercantando2025-7-1-1024x684.jpg",1024,684,true],"newsever-medium":["https:\/\/impactocastex.com.ar\/wp-content\/uploads\/2025\/10\/mileijaviercantando2025-7-1-720x475.jpg",720,475,true]},"author_info":{"info":["impactocastex"]},"category_info":"<a href=\"https:\/\/impactocastex.com.ar\/?cat=122\" rel=\"category\">POLITICA<\/a>","tag_info":"POLITICA","comment_count":0,"jetpack_featured_media_url":"https:\/\/impactocastex.com.ar\/wp-content\/uploads\/2025\/10\/mileijaviercantando2025-7-1.jpg","jetpack_sharing_enabled":true,"jetpack_likes_enabled":true,"jetpack_shortlink":"https:\/\/wp.me\/p7sopA-Ci","_links":{"self":[{"href":"https:\/\/impactocastex.com.ar\/index.php?rest_route=\/wp\/v2\/posts\/2374","targetHints":{"allow":["GET"]}}],"collection":[{"href":"https:\/\/impactocastex.com.ar\/index.php?rest_route=\/wp\/v2\/posts"}],"about":[{"href":"https:\/\/impactocastex.com.ar\/index.php?rest_route=\/wp\/v2\/types\/post"}],"author":[{"embeddable":true,"href":"https:\/\/impactocastex.com.ar\/index.php?rest_route=\/wp\/v2\/users\/2"}],"replies":[{"embeddable":true,"href":"https:\/\/impactocastex.com.ar\/index.php?rest_route=%2Fwp%2Fv2%2Fcomments&post=2374"}],"version-history":[{"count":1,"href":"https:\/\/impactocastex.com.ar\/index.php?rest_route=\/wp\/v2\/posts\/2374\/revisions"}],"predecessor-version":[{"id":2376,"href":"https:\/\/impactocastex.com.ar\/index.php?rest_route=\/wp\/v2\/posts\/2374\/revisions\/2376"}],"wp:featuredmedia":[{"embeddable":true,"href":"https:\/\/impactocastex.com.ar\/index.php?rest_route=\/wp\/v2\/media\/2375"}],"wp:attachment":[{"href":"https:\/\/impactocastex.com.ar\/index.php?rest_route=%2Fwp%2Fv2%2Fmedia&parent=2374"}],"wp:term":[{"taxonomy":"category","embeddable":true,"href":"https:\/\/impactocastex.com.ar\/index.php?rest_route=%2Fwp%2Fv2%2Fcategories&post=2374"},{"taxonomy":"post_tag","embeddable":true,"href":"https:\/\/impactocastex.com.ar\/index.php?rest_route=%2Fwp%2Fv2%2Ftags&post=2374"}],"curies":[{"name":"wp","href":"https:\/\/api.w.org\/{rel}","templated":true}]}}