{"id":2357,"date":"2025-10-24T10:46:38","date_gmt":"2025-10-24T13:46:38","guid":{"rendered":"https:\/\/impactocastex.com.ar\/?p=2357"},"modified":"2025-10-24T10:46:40","modified_gmt":"2025-10-24T13:46:40","slug":"mas-de-300-mil-pampeanas-y-pampeanos-estan-llamados-a-votar-este-domingo","status":"publish","type":"post","link":"https:\/\/impactocastex.com.ar\/?p=2357","title":{"rendered":"M\u00e1s de 300 mil pampeanas y pampeanos est\u00e1n llamados a votar este domingo"},"content":{"rendered":"\n<p>La Pampa elegir\u00e1 este 26 de octubre autoridades locales y provinciales.\u00a0<strong>El padr\u00f3n definitivo alcanza los 304.693 electores, entre ellos 8.769 j\u00f3venes de 16 y 17 a\u00f1os<\/strong>. Cinco listas competir\u00e1n en todo el territorio.<\/p>\n\n\n\n<p>Este domingo 26 de octubre, m\u00e1s de 300 mil pampeanas y pampeanos est\u00e1n convocados a las urnas para elegir tres bancas de diputados nacionales para ir al Congreso.&nbsp;<strong>El padr\u00f3n definitivo de La Pampa asciende a 304.693 personas: 153.883 son mujeres, 150.802 hombres y 8 no binarios.<\/strong><\/p>\n\n\n\n<p>Entre los habilitados para votar, hay siete personas ausentes por \u00abdesaparici\u00f3n forzada\u00bb y 405 que superan los 104 a\u00f1os.&nbsp;<strong>Adem\u00e1s, 8.769 j\u00f3venes de entre 16 y 17 a\u00f1os est\u00e1n incluidos, de los cuales 4.350 son mujeres y 4.419 hombres. Los datos fueron confirmados por la Secretar\u00eda Electoral de la Corte Suprema de Justicia.<\/strong><\/p>\n\n\n\n<p>Las principales ciudades con mayor cantidad de electores son Santa Rosa, con 95.378; General Pico, con 54.101; Toay, con 16.031; y General Acha, con 12.346. Le siguen localidades como Eduardo Castex (8.906), 25 de Mayo (8.517) e Intendente Alvear (7.711).<\/p>\n\n\n\n<p><strong>En total, se presentar\u00e1n cinco listas que competir\u00e1n en todo el territorio provincial<\/strong>. La boleta del Frente Defendemos La Pampa la encabeza Abelardo Ferr\u00e1n y Varinia Mar\u00edn; la de la Libertad Avanza, Adri\u00e1n Ravier y Adriana Garc\u00eda; de Cambia La Pampa, Federico Guidugli y Eugenia Forte; por el Frente de Izquierda, Claudia Lupardo y&nbsp;Lucas Mateos Montigel; y por el Nuevo M\u00e1s, Ayel\u00e9n Pilcick y Cristian Bustamente.<\/p>\n\n\n\n<p><strong>La jornada electoral se desarrollar\u00e1 con normalidad en las m\u00e1s de 70 localidades del interior y la capital provincial, y se espera una alta participaci\u00f3n. Este comicio tiene como novedad la implementaci\u00f3n del sistema de boleta \u00fanica.<\/strong><\/p>\n\n\n\n<p>Las autoridades electorales recomiendan a los votantes verificar su lugar de votaci\u00f3n y concurrir con suficiente anticipaci\u00f3n, respetando los protocolos vigentes.<\/p>\n\n\n\n<figure class=\"wp-block-image\"><img decoding=\"async\" src=\"https:\/\/www.eldiariodelapampa.com.ar\/\/img\/publicaciones\/2025\/10\/24\/alta\/818065-t.jpg\" alt=\"\" \/><\/figure>\n\n\n\n<p>El detalle, por cada localidad, es el siguiente:&nbsp;<\/p>\n\n\n\n<p>| Localidad | Electores |<\/p>\n\n\n\n<p>| &#8212;&#8212;&#8212;&#8212;&#8212;&#8212;&#8211; | &#8212;&#8212;&#8212; |<\/p>\n\n\n\n<p>| Santa Rosa | 95.378 |<\/p>\n\n\n\n<p>| General Pico | 54.101 |<\/p>\n\n\n\n<p>| Toay | 16.031 |<\/p>\n\n\n\n<p>| General Acha | 12.346 |<\/p>\n\n\n\n<p>| Eduardo Castex | 8.906 |<\/p>\n\n\n\n<p>| 25 de Mayo | 8.517 |<\/p>\n\n\n\n<p>| Intendente Alvear | 7.711 |<\/p>\n\n\n\n<p>| Realic\u00f3 | 7.447 |<\/p>\n\n\n\n<p>| Victorica | 5.702 |<\/p>\n\n\n\n<p>| Macach\u00edn | 5.047 |<\/p>\n\n\n\n<p>| Guatrach\u00e9 | 4.761 |<\/p>\n\n\n\n<p>| Ingeniero Luiggi | 4.425 |<\/p>\n\n\n\n<p>| Catril\u00f3 | 4.330 |<\/p>\n\n\n\n<p>| Quem\u00fa Quem\u00fa | 3.654 |<\/p>\n\n\n\n<p>| Rancul | 3.546 |<\/p>\n\n\n\n<p>| Trenel | 3.456 |<\/p>\n\n\n\n<p>| Santa Isabel | 2.748 |<\/p>\n\n\n\n<p>| Colonia Bar\u00f3n | 2.715 |<\/p>\n\n\n\n<p>| Winifreda | 2.585 |<\/p>\n\n\n\n<p>| General San Mart\u00edn | 2.580 |<\/p>\n\n\n\n<p>| Jacinto Arauz | 2.538 |<\/p>\n\n\n\n<p>| La Adela | 2.387 |<\/p>\n\n\n\n<p>| Miguel Riglos | 2.363 |<\/p>\n\n\n\n<p>| Parera | 2.127 |<\/p>\n\n\n\n<p>| Caleuf\u00fa | 2.116 |<\/p>\n\n\n\n<p>| Anguil | 1.978 |<\/p>\n\n\n\n<p>| Alpachiri | 1.906 |<\/p>\n\n\n\n<p>| Lonquimay | 1.733 |<\/p>\n\n\n\n<p>| Bernasconi | 1.683 |<\/p>\n\n\n\n<p>| Doblas | 1.566 |<\/p>\n\n\n\n<p>| Alta Italia | 1.386 |<\/p>\n\n\n\n<p>| Tel\u00e9n | 1.335 |<\/p>\n\n\n\n<p>| Embajador Martini | 1.273 |<\/p>\n\n\n\n<p>| La Maruja | 1.232 |<\/p>\n\n\n\n<p>| General Campos | 1.144 |<\/p>\n\n\n\n<p>| Arata | 1.079 |<\/p>\n\n\n\n<p>| Uriburu | 1.051 |<\/p>\n\n\n\n<p>| La Humada | 876 |<\/p>\n\n\n\n<p>| Ataliva Roca | 868 |<\/p>\n\n\n\n<p>| Dorila | 668 |<\/p>\n\n\n\n<p>| Speluzzi | 678 |<\/p>\n\n\n\n<p>| V\u00e9rtiz | 657 |<\/p>\n\n\n\n<p>| Puel\u00e9n | 644 |<\/p>\n\n\n\n<p>| Quehu\u00e9 | 482 |<\/p>\n\n\n\n<p>| Monte Nievas | 558 |<\/p>\n\n\n\n<p>| Algarrobo del \u00c1guila | 549 |<\/p>\n\n\n\n<p>| Ceballos | 342 |<\/p>\n\n\n\n<p>| Carro Quemado | 366 |<\/p>\n\n\n\n<p>| Agustoni | 351 |<\/p>\n\n\n\n<p>| Mauricio Mayer | 349 |<\/p>\n\n\n\n<p>| Maisonnave | 340 |<\/p>\n\n\n\n<p>| Gobernador Duval | 329 |<\/p>\n\n\n\n<p>| Colonia Santa Mar\u00eda | 325 |<\/p>\n\n\n\n<p>| Pichi Huinca | 253 |<\/p>\n\n\n\n<p>| Cuchillo Co | 258 |<\/p>\n\n\n\n<p>| Falucho | 230 |<\/p>\n\n\n\n<p>| La Reforma | 233 |<\/p>\n\n\n\n<p>| Sarah | 170 |<\/p>\n\n\n\n<p>| Relmo | 153 |<\/p>\n\n\n\n<p>| Loventuel | 150 |<\/p>\n\n\n\n<p>| Limay Mahuida | 140 |<\/p>\n\n\n\n<p>| Unanue | 115 |<\/p>\n\n\n\n<p>| Per\u00fa | 53 |<\/p>\n\n\n\n<p>| Trebolares | 67 |<\/p>\n\n\n\n<p>| Colonia San Jos\u00e9 | 44 |<\/p>\n\n\n\n<p>| Emilio Mitre | 34 |<\/p>\n\n\n\n<p>| Naic\u00f3 | 9 |<\/p>\n\n\n\n<p>| Chamaic\u00f3 | 3 |<\/p>\n\n\n\n<p>| Of. Enrique Segura | 2 |<\/p>\n\n\n\n<p>| San Jos\u00e9 | 1 |<\/p>\n\n\n\n<p>eldiariodelapampa<\/p>\n","protected":false},"excerpt":{"rendered":"<p>La Pampa elegir\u00e1 este 26 de octubre autoridades locales y provinciales.\u00a0El padr\u00f3n definitivo alcanza los&#8230;<\/p>\n","protected":false},"author":2,"featured_media":2358,"comment_status":"closed","ping_status":"closed","sticky":false,"template":"","format":"standard","meta":{"_jetpack_memberships_contains_paid_content":false,"footnotes":"","jetpack_publicize_message":"M\u00e1s de 300 mil pampeanas y pampeanos est\u00e1n llamados a votar este domingo","jetpack_publicize_feature_enabled":true,"jetpack_social_post_already_shared":false,"jetpack_social_options":{"image_generator_settings":{"template":"highway","default_image_id":0,"font":"","enabled":false},"version":2}},"categories":[122],"tags":[],"class_list":["post-2357","post","type-post","status-publish","format-standard","has-post-thumbnail","hentry","category-politica"],"yoast_head":"<!-- This site is optimized with the Yoast SEO plugin v27.4 - https:\/\/yoast.com\/product\/yoast-seo-wordpress\/ -->\n<title>M\u00e1s de 300 mil pampeanas y pampeanos est\u00e1n llamados a votar este domingo -<\/title>\n<meta name=\"robots\" content=\"index, follow, max-snippet:-1, max-image-preview:large, max-video-preview:-1\" \/>\n<link rel=\"canonical\" href=\"https:\/\/impactocastex.com.ar\/?p=2357\" \/>\n<meta property=\"og:locale\" content=\"es_ES\" \/>\n<meta property=\"og:type\" content=\"article\" \/>\n<meta property=\"og:title\" content=\"M\u00e1s de 300 mil pampeanas y pampeanos est\u00e1n llamados a votar este domingo -\" \/>\n<meta property=\"og:description\" content=\"La Pampa elegir\u00e1 este 26 de octubre autoridades locales y provinciales.\u00a0El padr\u00f3n definitivo alcanza los...\" \/>\n<meta property=\"og:url\" content=\"https:\/\/impactocastex.com.ar\/?p=2357\" \/>\n<meta property=\"article:publisher\" content=\"https:\/\/www.facebook.com\/impactocastexdiario\" \/>\n<meta property=\"article:published_time\" content=\"2025-10-24T13:46:38+00:00\" \/>\n<meta property=\"article:modified_time\" content=\"2025-10-24T13:46:40+00:00\" \/>\n<meta property=\"og:image\" content=\"https:\/\/impactocastex.com.ar\/wp-content\/uploads\/2025\/10\/2125697.jpg\" \/>\n\t<meta property=\"og:image:width\" content=\"1200\" \/>\n\t<meta property=\"og:image:height\" content=\"631\" \/>\n\t<meta property=\"og:image:type\" content=\"image\/jpeg\" \/>\n<meta name=\"author\" content=\"impactocastex\" \/>\n<meta name=\"twitter:card\" content=\"summary_large_image\" \/>\n<meta name=\"twitter:label1\" content=\"Escrito por\" \/>\n\t<meta name=\"twitter:data1\" content=\"impactocastex\" \/>\n\t<meta name=\"twitter:label2\" content=\"Tiempo de lectura\" \/>\n\t<meta name=\"twitter:data2\" content=\"4 minutos\" \/>\n<script type=\"application\/ld+json\" class=\"yoast-schema-graph\">{\"@context\":\"https:\\\/\\\/schema.org\",\"@graph\":[{\"@type\":\"Article\",\"@id\":\"https:\\\/\\\/impactocastex.com.ar\\\/?p=2357#article\",\"isPartOf\":{\"@id\":\"https:\\\/\\\/impactocastex.com.ar\\\/?p=2357\"},\"author\":{\"name\":\"impactocastex\",\"@id\":\"https:\\\/\\\/impactocastex.com.ar\\\/#\\\/schema\\\/person\\\/c115028fb60f9bf49ce7550894b84ea7\"},\"headline\":\"M\u00e1s de 300 mil pampeanas y pampeanos est\u00e1n llamados a votar este domingo\",\"datePublished\":\"2025-10-24T13:46:38+00:00\",\"dateModified\":\"2025-10-24T13:46:40+00:00\",\"mainEntityOfPage\":{\"@id\":\"https:\\\/\\\/impactocastex.com.ar\\\/?p=2357\"},\"wordCount\":446,\"publisher\":{\"@id\":\"https:\\\/\\\/impactocastex.com.ar\\\/#organization\"},\"image\":{\"@id\":\"https:\\\/\\\/impactocastex.com.ar\\\/?p=2357#primaryimage\"},\"thumbnailUrl\":\"https:\\\/\\\/impactocastex.com.ar\\\/wp-content\\\/uploads\\\/2025\\\/10\\\/2125697.jpg\",\"articleSection\":[\"POLITICA\"],\"inLanguage\":\"es\"},{\"@type\":\"WebPage\",\"@id\":\"https:\\\/\\\/impactocastex.com.ar\\\/?p=2357\",\"url\":\"https:\\\/\\\/impactocastex.com.ar\\\/?p=2357\",\"name\":\"M\u00e1s de 300 mil pampeanas y pampeanos est\u00e1n llamados a votar este domingo -\",\"isPartOf\":{\"@id\":\"https:\\\/\\\/impactocastex.com.ar\\\/#website\"},\"primaryImageOfPage\":{\"@id\":\"https:\\\/\\\/impactocastex.com.ar\\\/?p=2357#primaryimage\"},\"image\":{\"@id\":\"https:\\\/\\\/impactocastex.com.ar\\\/?p=2357#primaryimage\"},\"thumbnailUrl\":\"https:\\\/\\\/impactocastex.com.ar\\\/wp-content\\\/uploads\\\/2025\\\/10\\\/2125697.jpg\",\"datePublished\":\"2025-10-24T13:46:38+00:00\",\"dateModified\":\"2025-10-24T13:46:40+00:00\",\"breadcrumb\":{\"@id\":\"https:\\\/\\\/impactocastex.com.ar\\\/?p=2357#breadcrumb\"},\"inLanguage\":\"es\",\"potentialAction\":[{\"@type\":\"ReadAction\",\"target\":[\"https:\\\/\\\/impactocastex.com.ar\\\/?p=2357\"]}]},{\"@type\":\"ImageObject\",\"inLanguage\":\"es\",\"@id\":\"https:\\\/\\\/impactocastex.com.ar\\\/?p=2357#primaryimage\",\"url\":\"https:\\\/\\\/impactocastex.com.ar\\\/wp-content\\\/uploads\\\/2025\\\/10\\\/2125697.jpg\",\"contentUrl\":\"https:\\\/\\\/impactocastex.com.ar\\\/wp-content\\\/uploads\\\/2025\\\/10\\\/2125697.jpg\",\"width\":1200,\"height\":631},{\"@type\":\"BreadcrumbList\",\"@id\":\"https:\\\/\\\/impactocastex.com.ar\\\/?p=2357#breadcrumb\",\"itemListElement\":[{\"@type\":\"ListItem\",\"position\":1,\"name\":\"Portada\",\"item\":\"https:\\\/\\\/impactocastex.com.ar\\\/\"},{\"@type\":\"ListItem\",\"position\":2,\"name\":\"M\u00e1s de 300 mil pampeanas y pampeanos est\u00e1n llamados a votar este domingo\"}]},{\"@type\":\"WebSite\",\"@id\":\"https:\\\/\\\/impactocastex.com.ar\\\/#website\",\"url\":\"https:\\\/\\\/impactocastex.com.ar\\\/\",\"name\":\"Impacto Castex\",\"description\":\"\",\"publisher\":{\"@id\":\"https:\\\/\\\/impactocastex.com.ar\\\/#organization\"},\"potentialAction\":[{\"@type\":\"SearchAction\",\"target\":{\"@type\":\"EntryPoint\",\"urlTemplate\":\"https:\\\/\\\/impactocastex.com.ar\\\/?s={search_term_string}\"},\"query-input\":{\"@type\":\"PropertyValueSpecification\",\"valueRequired\":true,\"valueName\":\"search_term_string\"}}],\"inLanguage\":\"es\"},{\"@type\":\"Organization\",\"@id\":\"https:\\\/\\\/impactocastex.com.ar\\\/#organization\",\"name\":\"Impacto Castex\",\"url\":\"https:\\\/\\\/impactocastex.com.ar\\\/\",\"logo\":{\"@type\":\"ImageObject\",\"inLanguage\":\"es\",\"@id\":\"https:\\\/\\\/impactocastex.com.ar\\\/#\\\/schema\\\/logo\\\/image\\\/\",\"url\":\"https:\\\/\\\/impactocastex.com.ar\\\/wp-content\\\/uploads\\\/2025\\\/09\\\/cropped-icoweb.png\",\"contentUrl\":\"https:\\\/\\\/impactocastex.com.ar\\\/wp-content\\\/uploads\\\/2025\\\/09\\\/cropped-icoweb.png\",\"width\":512,\"height\":512,\"caption\":\"Impacto Castex\"},\"image\":{\"@id\":\"https:\\\/\\\/impactocastex.com.ar\\\/#\\\/schema\\\/logo\\\/image\\\/\"},\"sameAs\":[\"https:\\\/\\\/www.facebook.com\\\/impactocastexdiario\",\"https:\\\/\\\/www.instagram.com\\\/impactocastex.com.ar\\\/\"]},{\"@type\":\"Person\",\"@id\":\"https:\\\/\\\/impactocastex.com.ar\\\/#\\\/schema\\\/person\\\/c115028fb60f9bf49ce7550894b84ea7\",\"name\":\"impactocastex\",\"image\":{\"@type\":\"ImageObject\",\"inLanguage\":\"es\",\"@id\":\"https:\\\/\\\/secure.gravatar.com\\\/avatar\\\/fee87e7af008f02e9becdc0b5a9fd4a2e79b3918a571edeacb62211704637833?s=96&d=mm&r=g\",\"url\":\"https:\\\/\\\/secure.gravatar.com\\\/avatar\\\/fee87e7af008f02e9becdc0b5a9fd4a2e79b3918a571edeacb62211704637833?s=96&d=mm&r=g\",\"contentUrl\":\"https:\\\/\\\/secure.gravatar.com\\\/avatar\\\/fee87e7af008f02e9becdc0b5a9fd4a2e79b3918a571edeacb62211704637833?s=96&d=mm&r=g\",\"caption\":\"impactocastex\"},\"sameAs\":[\"https:\\\/\\\/impactocastex.com.ar\\\/\"],\"url\":\"https:\\\/\\\/impactocastex.com.ar\\\/?author=2\"}]}<\/script>\n<!-- \/ Yoast SEO plugin. -->","yoast_head_json":{"title":"M\u00e1s de 300 mil pampeanas y pampeanos est\u00e1n llamados a votar este domingo -","robots":{"index":"index","follow":"follow","max-snippet":"max-snippet:-1","max-image-preview":"max-image-preview:large","max-video-preview":"max-video-preview:-1"},"canonical":"https:\/\/impactocastex.com.ar\/?p=2357","og_locale":"es_ES","og_type":"article","og_title":"M\u00e1s de 300 mil pampeanas y pampeanos est\u00e1n llamados a votar este domingo -","og_description":"La Pampa elegir\u00e1 este 26 de octubre autoridades locales y provinciales.\u00a0El padr\u00f3n definitivo alcanza los...","og_url":"https:\/\/impactocastex.com.ar\/?p=2357","article_publisher":"https:\/\/www.facebook.com\/impactocastexdiario","article_published_time":"2025-10-24T13:46:38+00:00","article_modified_time":"2025-10-24T13:46:40+00:00","og_image":[{"width":1200,"height":631,"url":"https:\/\/impactocastex.com.ar\/wp-content\/uploads\/2025\/10\/2125697.jpg","type":"image\/jpeg"}],"author":"impactocastex","twitter_card":"summary_large_image","twitter_misc":{"Escrito por":"impactocastex","Tiempo de lectura":"4 minutos"},"schema":{"@context":"https:\/\/schema.org","@graph":[{"@type":"Article","@id":"https:\/\/impactocastex.com.ar\/?p=2357#article","isPartOf":{"@id":"https:\/\/impactocastex.com.ar\/?p=2357"},"author":{"name":"impactocastex","@id":"https:\/\/impactocastex.com.ar\/#\/schema\/person\/c115028fb60f9bf49ce7550894b84ea7"},"headline":"M\u00e1s de 300 mil pampeanas y pampeanos est\u00e1n llamados a votar este domingo","datePublished":"2025-10-24T13:46:38+00:00","dateModified":"2025-10-24T13:46:40+00:00","mainEntityOfPage":{"@id":"https:\/\/impactocastex.com.ar\/?p=2357"},"wordCount":446,"publisher":{"@id":"https:\/\/impactocastex.com.ar\/#organization"},"image":{"@id":"https:\/\/impactocastex.com.ar\/?p=2357#primaryimage"},"thumbnailUrl":"https:\/\/impactocastex.com.ar\/wp-content\/uploads\/2025\/10\/2125697.jpg","articleSection":["POLITICA"],"inLanguage":"es"},{"@type":"WebPage","@id":"https:\/\/impactocastex.com.ar\/?p=2357","url":"https:\/\/impactocastex.com.ar\/?p=2357","name":"M\u00e1s de 300 mil pampeanas y pampeanos est\u00e1n llamados a votar este domingo -","isPartOf":{"@id":"https:\/\/impactocastex.com.ar\/#website"},"primaryImageOfPage":{"@id":"https:\/\/impactocastex.com.ar\/?p=2357#primaryimage"},"image":{"@id":"https:\/\/impactocastex.com.ar\/?p=2357#primaryimage"},"thumbnailUrl":"https:\/\/impactocastex.com.ar\/wp-content\/uploads\/2025\/10\/2125697.jpg","datePublished":"2025-10-24T13:46:38+00:00","dateModified":"2025-10-24T13:46:40+00:00","breadcrumb":{"@id":"https:\/\/impactocastex.com.ar\/?p=2357#breadcrumb"},"inLanguage":"es","potentialAction":[{"@type":"ReadAction","target":["https:\/\/impactocastex.com.ar\/?p=2357"]}]},{"@type":"ImageObject","inLanguage":"es","@id":"https:\/\/impactocastex.com.ar\/?p=2357#primaryimage","url":"https:\/\/impactocastex.com.ar\/wp-content\/uploads\/2025\/10\/2125697.jpg","contentUrl":"https:\/\/impactocastex.com.ar\/wp-content\/uploads\/2025\/10\/2125697.jpg","width":1200,"height":631},{"@type":"BreadcrumbList","@id":"https:\/\/impactocastex.com.ar\/?p=2357#breadcrumb","itemListElement":[{"@type":"ListItem","position":1,"name":"Portada","item":"https:\/\/impactocastex.com.ar\/"},{"@type":"ListItem","position":2,"name":"M\u00e1s de 300 mil pampeanas y pampeanos est\u00e1n llamados a votar este domingo"}]},{"@type":"WebSite","@id":"https:\/\/impactocastex.com.ar\/#website","url":"https:\/\/impactocastex.com.ar\/","name":"Impacto Castex","description":"","publisher":{"@id":"https:\/\/impactocastex.com.ar\/#organization"},"potentialAction":[{"@type":"SearchAction","target":{"@type":"EntryPoint","urlTemplate":"https:\/\/impactocastex.com.ar\/?s={search_term_string}"},"query-input":{"@type":"PropertyValueSpecification","valueRequired":true,"valueName":"search_term_string"}}],"inLanguage":"es"},{"@type":"Organization","@id":"https:\/\/impactocastex.com.ar\/#organization","name":"Impacto Castex","url":"https:\/\/impactocastex.com.ar\/","logo":{"@type":"ImageObject","inLanguage":"es","@id":"https:\/\/impactocastex.com.ar\/#\/schema\/logo\/image\/","url":"https:\/\/impactocastex.com.ar\/wp-content\/uploads\/2025\/09\/cropped-icoweb.png","contentUrl":"https:\/\/impactocastex.com.ar\/wp-content\/uploads\/2025\/09\/cropped-icoweb.png","width":512,"height":512,"caption":"Impacto Castex"},"image":{"@id":"https:\/\/impactocastex.com.ar\/#\/schema\/logo\/image\/"},"sameAs":["https:\/\/www.facebook.com\/impactocastexdiario","https:\/\/www.instagram.com\/impactocastex.com.ar\/"]},{"@type":"Person","@id":"https:\/\/impactocastex.com.ar\/#\/schema\/person\/c115028fb60f9bf49ce7550894b84ea7","name":"impactocastex","image":{"@type":"ImageObject","inLanguage":"es","@id":"https:\/\/secure.gravatar.com\/avatar\/fee87e7af008f02e9becdc0b5a9fd4a2e79b3918a571edeacb62211704637833?s=96&d=mm&r=g","url":"https:\/\/secure.gravatar.com\/avatar\/fee87e7af008f02e9becdc0b5a9fd4a2e79b3918a571edeacb62211704637833?s=96&d=mm&r=g","contentUrl":"https:\/\/secure.gravatar.com\/avatar\/fee87e7af008f02e9becdc0b5a9fd4a2e79b3918a571edeacb62211704637833?s=96&d=mm&r=g","caption":"impactocastex"},"sameAs":["https:\/\/impactocastex.com.ar\/"],"url":"https:\/\/impactocastex.com.ar\/?author=2"}]}},"jetpack_publicize_connections":[],"featured_image_urls":{"full":["https:\/\/impactocastex.com.ar\/wp-content\/uploads\/2025\/10\/2125697.jpg",1200,631,false],"thumbnail":["https:\/\/impactocastex.com.ar\/wp-content\/uploads\/2025\/10\/2125697-150x150.jpg",150,150,true],"medium":["https:\/\/impactocastex.com.ar\/wp-content\/uploads\/2025\/10\/2125697-300x158.jpg",300,158,true],"medium_large":["https:\/\/impactocastex.com.ar\/wp-content\/uploads\/2025\/10\/2125697-768x404.jpg",640,337,true],"large":["https:\/\/impactocastex.com.ar\/wp-content\/uploads\/2025\/10\/2125697-1024x538.jpg",640,336,true],"1536x1536":["https:\/\/impactocastex.com.ar\/wp-content\/uploads\/2025\/10\/2125697.jpg",1200,631,false],"2048x2048":["https:\/\/impactocastex.com.ar\/wp-content\/uploads\/2025\/10\/2125697.jpg",1200,631,false],"newsever-slider-full":["https:\/\/impactocastex.com.ar\/wp-content\/uploads\/2025\/10\/2125697.jpg",1200,631,false],"newsever-featured":["https:\/\/impactocastex.com.ar\/wp-content\/uploads\/2025\/10\/2125697-1024x538.jpg",1024,538,true],"newsever-medium":["https:\/\/impactocastex.com.ar\/wp-content\/uploads\/2025\/10\/2125697-720x475.jpg",720,475,true]},"author_info":{"info":["impactocastex"]},"category_info":"<a href=\"https:\/\/impactocastex.com.ar\/?cat=122\" rel=\"category\">POLITICA<\/a>","tag_info":"POLITICA","comment_count":0,"jetpack_featured_media_url":"https:\/\/impactocastex.com.ar\/wp-content\/uploads\/2025\/10\/2125697.jpg","jetpack_sharing_enabled":true,"jetpack_likes_enabled":true,"jetpack_shortlink":"https:\/\/wp.me\/p7sopA-C1","_links":{"self":[{"href":"https:\/\/impactocastex.com.ar\/index.php?rest_route=\/wp\/v2\/posts\/2357","targetHints":{"allow":["GET"]}}],"collection":[{"href":"https:\/\/impactocastex.com.ar\/index.php?rest_route=\/wp\/v2\/posts"}],"about":[{"href":"https:\/\/impactocastex.com.ar\/index.php?rest_route=\/wp\/v2\/types\/post"}],"author":[{"embeddable":true,"href":"https:\/\/impactocastex.com.ar\/index.php?rest_route=\/wp\/v2\/users\/2"}],"replies":[{"embeddable":true,"href":"https:\/\/impactocastex.com.ar\/index.php?rest_route=%2Fwp%2Fv2%2Fcomments&post=2357"}],"version-history":[{"count":1,"href":"https:\/\/impactocastex.com.ar\/index.php?rest_route=\/wp\/v2\/posts\/2357\/revisions"}],"predecessor-version":[{"id":2359,"href":"https:\/\/impactocastex.com.ar\/index.php?rest_route=\/wp\/v2\/posts\/2357\/revisions\/2359"}],"wp:featuredmedia":[{"embeddable":true,"href":"https:\/\/impactocastex.com.ar\/index.php?rest_route=\/wp\/v2\/media\/2358"}],"wp:attachment":[{"href":"https:\/\/impactocastex.com.ar\/index.php?rest_route=%2Fwp%2Fv2%2Fmedia&parent=2357"}],"wp:term":[{"taxonomy":"category","embeddable":true,"href":"https:\/\/impactocastex.com.ar\/index.php?rest_route=%2Fwp%2Fv2%2Fcategories&post=2357"},{"taxonomy":"post_tag","embeddable":true,"href":"https:\/\/impactocastex.com.ar\/index.php?rest_route=%2Fwp%2Fv2%2Ftags&post=2357"}],"curies":[{"name":"wp","href":"https:\/\/api.w.org\/{rel}","templated":true}]}}