{"id":2303,"date":"2025-10-23T10:01:51","date_gmt":"2025-10-23T13:01:51","guid":{"rendered":"https:\/\/impactocastex.com.ar\/?p=2303"},"modified":"2025-10-23T10:01:53","modified_gmt":"2025-10-23T13:01:53","slug":"el-stj-confirmo-la-condena-a-perpetua-de-antonella-perez","status":"publish","type":"post","link":"https:\/\/impactocastex.com.ar\/?p=2303","title":{"rendered":"El STJ confirm\u00f3 la condena a perpetua de Antonella P\u00e9rez"},"content":{"rendered":"\n<p>Antonella P\u00e9rez fue condenada a prisi\u00f3n perpetua por el asesinato de su pareja.<\/p>\n\n\n\n<p><strong><\/strong>La&nbsp;<strong>Sala Penal B del Superior Tribunal de Justicia&nbsp;<\/strong>rechaz\u00f3 del recurso extraordinario federal presentado por la defensa de&nbsp;<strong>Antonella Ail\u00e9n P\u00e9rez, de 33 a\u00f1os<\/strong>. Con esta decisi\u00f3n,&nbsp;<strong>qued\u00f3 firme la condena a prisi\u00f3n perpetua impuesta por el homicidio de su pareja<\/strong>.<\/p>\n\n\n\n<p>La defensa intent\u00f3 llevar el caso hasta la Corte Suprema de Justicia de la Naci\u00f3n (CSJN), argumentando que la condena inicial se dict\u00f3 sin considerar la violencia de g\u00e9nero que la imputada, Antonella P\u00e9rez, sufr\u00eda. Sin embargo, el STJ determin\u00f3 que este recurso no cumpl\u00eda con los requisitos formales necesarios, dejando de lado los argumentos de fondo sobre la violencia de g\u00e9nero.<\/p>\n\n\n\n<p>Homicidio con arma blanca<\/p>\n\n\n\n<p>El crimen ocurri\u00f3 el 3 de septiembre de 2023, dentro del domicilio que P\u00e9rez compart\u00eda con la v\u00edctima, Facundo P\u00e9rez, en la ciudad de General Pico.<\/p>\n\n\n\n<p>Seg\u00fan lo que la Audiencia de Juicio consider\u00f3 probado, aproximadamente entre las 5:40 y las 6:20 horas de esa ma\u00f1ana, A. P. le asest\u00f3 un puntazo en el pecho a su pareja utilizando un cuchillo serrucho con cabo de pl\u00e1stico. La herida fue fatal, provocando una ruptura card\u00edaca y hemopericardio que le caus\u00f3 la muerte.<\/p>\n\n\n\n<p>Perspectiva de g\u00e9nero<\/p>\n\n\n\n<p>En el juicio de audiencia hubo una sentencia dividida. El tribunal estuvo integrado por los jueces Carlos Pellegrino, Marcelo Pagano y Mar\u00eda Jos\u00e9 Gianinetto. La acusada fue defendida por Norberto Paesani, mientras que la fiscal\u00eda estuvo a cargo de Juan Pellegrino. En tanto, Michel Divoy represent\u00f3 a la madre de la v\u00edctima, Silvia P\u00e9rez, en calidad de querellante.&nbsp;<\/p>\n\n\n\n<p>El juez Pellegrino vot\u00f3 por condenar a perpetua a Antonella P\u00e9rez por homicidio agravado en contexto de convivencia al considerar que hab\u00eda \u00abviolencia cruzada\u00bb, voto al que adhiri\u00f3 Pagano. En tanto, la jueza Gianinetto tambi\u00e9n vot\u00f3 por condenar a la acusada, pero por \u00ableg\u00edtima defensa\u00bb al ser v\u00edctima de violencia de g\u00e9nero. Este era el argumento de la defensa de la acusada.&nbsp;&nbsp;<\/p>\n\n\n\n<p>El Tribunal de Impugnaci\u00f3n Penal confirm\u00f3 la condena del tribunal de audiencia. Es decir homicidio calificado por el v\u00ednculo y una condena a prisi\u00f3n perpetua.&nbsp;<\/p>\n\n\n\n<p>Los abogados de Antonella P\u00e9rez interpusieron el recurso alegando que los tribunales inferiores no cumplieron con la obligaci\u00f3n de analizar el caso bajo la perspectiva de g\u00e9nero, tal como lo exigen tratados internacionales como la Convenci\u00f3n de Belem Do Par\u00e1.<\/p>\n\n\n\n<p>La defensa insisti\u00f3 en que era fundamental un examen contextualizado del suceso, que incluyera la teor\u00eda del \u00abs\u00edndrome de la mujer agredida\u00bb para comprender el comportamiento de quienes sufren violencia severa y prolongada. Los abogados buscaban que se reconociera la causal de justificaci\u00f3n de \u00ableg\u00edtima defensa en contexto de violencia de g\u00e9nero\u00bb. Argumentaron que la decisi\u00f3n de los jueces hab\u00eda significado una minimizaci\u00f3n de la violencia de g\u00e9nero que, seg\u00fan ellos, fue el antecedente que defini\u00f3 el fatal desenlace.<\/p>\n\n\n\n<p>Tambi\u00e9n se sostuvo que era una situaci\u00f3n contraria al principio de igualdad constitucional, ya que el abordaje del flagelo de la violencia es m\u00e1s riguroso cuando la mujer es v\u00edctima que cuando es la presunta \u00abvictimaria\u00bb.<\/p>\n\n\n\n<p>\u00bfPor qu\u00e9 se rechaz\u00f3 el recurso?<\/p>\n\n\n\n<p>El Superior Tribunal de Justicia no analiz\u00f3 si Antonella P\u00e9rez hab\u00eda sufrido o no violencia de g\u00e9nero, sino que se centr\u00f3 en la forma en que se present\u00f3 el reclamo legal.<\/p>\n\n\n\n<p>En t\u00e9rminos sencillos, el STJ explic\u00f3 que el Recurso Extraordinario Federal es un remedio excepcional y no una \u00abtercera instancia\u00bb para revisar todos los pleitos. Para que fuera admisible, deb\u00eda cumplir con dos requisitos principales:&nbsp; por un lado ser contra una \u00absentencia definitiva\u00bb y por otro, delimitar una \u00abcuesti\u00f3n federal\u00bb<\/p>\n\n\n\n<p>En el primero, ser contra una \u00absentencia definitiva\u00bb, el STJ dijo que el recurso fue presentado contra una resoluci\u00f3n anterior del STJ que hab\u00eda declarado inadmisible el recurso de casaci\u00f3n (una instancia previa). La Corte Suprema de Justicia de la Naci\u00f3n, como regla, no revisa las resoluciones que solo declaran la inadmisibilidad de recursos locales, ya que no son consideradas sentencias definitivas.<\/p>\n\n\n\n<p>En el segundo, delimitar una \u00abcuesti\u00f3n federal\u00bb, la sala penal sostuvo que la defensa no individualiz\u00f3 de manera precisa este tipo de cuesti\u00f3n, sino que replic\u00f3 en su totalidad los planteos de la casaci\u00f3n ya rechazados, como las causales de justificaci\u00f3n y la valoraci\u00f3n de las pruebas. El Tribunal se\u00f1al\u00f3 que no basta con mencionar derechos constitucionales o convencionales para que el recurso prospere.<\/p>\n\n\n\n<p>En conclusi\u00f3n, el Tribunal determin\u00f3 que los cuestionamientos estaban directamente vinculados a una discrepancia sobre la valoraci\u00f3n de las pruebas y que lo que se intentaba era lograr una nueva revisi\u00f3n de m\u00e9rito (los hechos y pruebas del juicio), algo que no es competencia de esta v\u00eda extraordinaria.<\/p>\n\n\n\n<p>Por estas razones formales, el STJ de La Pampa rechaz\u00f3 el recurso extraordinario federal interpuesto por la defensa.<\/p>\n\n\n\n<p>eldiariodelapampa<\/p>\n","protected":false},"excerpt":{"rendered":"<p>Antonella P\u00e9rez fue condenada a prisi\u00f3n perpetua por el asesinato de su pareja. La&nbsp;Sala Penal&#8230;<\/p>\n","protected":false},"author":2,"featured_media":2304,"comment_status":"closed","ping_status":"closed","sticky":false,"template":"","format":"standard","meta":{"_jetpack_memberships_contains_paid_content":false,"footnotes":"","jetpack_publicize_message":"El STJ confirm\u00f3 la condena a perpetua de Antonella P\u00e9rez","jetpack_publicize_feature_enabled":true,"jetpack_social_post_already_shared":false,"jetpack_social_options":{"image_generator_settings":{"template":"highway","default_image_id":0,"font":"","enabled":false},"version":2}},"categories":[85],"tags":[],"class_list":["post-2303","post","type-post","status-publish","format-standard","has-post-thumbnail","hentry","category-policiales"],"yoast_head":"<!-- This site is optimized with the Yoast SEO plugin v27.4 - https:\/\/yoast.com\/product\/yoast-seo-wordpress\/ -->\n<title>El STJ confirm\u00f3 la condena a perpetua de Antonella P\u00e9rez -<\/title>\n<meta name=\"robots\" content=\"index, follow, max-snippet:-1, max-image-preview:large, max-video-preview:-1\" \/>\n<link rel=\"canonical\" href=\"https:\/\/impactocastex.com.ar\/?p=2303\" \/>\n<meta property=\"og:locale\" content=\"es_ES\" \/>\n<meta property=\"og:type\" content=\"article\" \/>\n<meta property=\"og:title\" content=\"El STJ confirm\u00f3 la condena a perpetua de Antonella P\u00e9rez -\" \/>\n<meta property=\"og:description\" content=\"Antonella P\u00e9rez fue condenada a prisi\u00f3n perpetua por el asesinato de su pareja. La&nbsp;Sala Penal...\" \/>\n<meta property=\"og:url\" content=\"https:\/\/impactocastex.com.ar\/?p=2303\" \/>\n<meta property=\"article:publisher\" content=\"https:\/\/www.facebook.com\/impactocastexdiario\" \/>\n<meta property=\"article:published_time\" content=\"2025-10-23T13:01:51+00:00\" \/>\n<meta property=\"article:modified_time\" content=\"2025-10-23T13:01:53+00:00\" \/>\n<meta property=\"og:image\" content=\"https:\/\/impactocastex.com.ar\/wp-content\/uploads\/2025\/10\/2125756.jpg\" \/>\n\t<meta property=\"og:image:width\" content=\"1200\" \/>\n\t<meta property=\"og:image:height\" content=\"631\" \/>\n\t<meta property=\"og:image:type\" content=\"image\/jpeg\" \/>\n<meta name=\"author\" content=\"impactocastex\" \/>\n<meta name=\"twitter:card\" content=\"summary_large_image\" \/>\n<meta name=\"twitter:label1\" content=\"Escrito por\" \/>\n\t<meta name=\"twitter:data1\" content=\"impactocastex\" \/>\n\t<meta name=\"twitter:label2\" content=\"Tiempo de lectura\" \/>\n\t<meta name=\"twitter:data2\" content=\"4 minutos\" \/>\n<script type=\"application\/ld+json\" class=\"yoast-schema-graph\">{\"@context\":\"https:\\\/\\\/schema.org\",\"@graph\":[{\"@type\":\"Article\",\"@id\":\"https:\\\/\\\/impactocastex.com.ar\\\/?p=2303#article\",\"isPartOf\":{\"@id\":\"https:\\\/\\\/impactocastex.com.ar\\\/?p=2303\"},\"author\":{\"name\":\"impactocastex\",\"@id\":\"https:\\\/\\\/impactocastex.com.ar\\\/#\\\/schema\\\/person\\\/c115028fb60f9bf49ce7550894b84ea7\"},\"headline\":\"El STJ confirm\u00f3 la condena a perpetua de Antonella P\u00e9rez\",\"datePublished\":\"2025-10-23T13:01:51+00:00\",\"dateModified\":\"2025-10-23T13:01:53+00:00\",\"mainEntityOfPage\":{\"@id\":\"https:\\\/\\\/impactocastex.com.ar\\\/?p=2303\"},\"wordCount\":874,\"publisher\":{\"@id\":\"https:\\\/\\\/impactocastex.com.ar\\\/#organization\"},\"image\":{\"@id\":\"https:\\\/\\\/impactocastex.com.ar\\\/?p=2303#primaryimage\"},\"thumbnailUrl\":\"https:\\\/\\\/impactocastex.com.ar\\\/wp-content\\\/uploads\\\/2025\\\/10\\\/2125756.jpg\",\"articleSection\":[\"POLICIALES\"],\"inLanguage\":\"es\"},{\"@type\":\"WebPage\",\"@id\":\"https:\\\/\\\/impactocastex.com.ar\\\/?p=2303\",\"url\":\"https:\\\/\\\/impactocastex.com.ar\\\/?p=2303\",\"name\":\"El STJ confirm\u00f3 la condena a perpetua de Antonella P\u00e9rez -\",\"isPartOf\":{\"@id\":\"https:\\\/\\\/impactocastex.com.ar\\\/#website\"},\"primaryImageOfPage\":{\"@id\":\"https:\\\/\\\/impactocastex.com.ar\\\/?p=2303#primaryimage\"},\"image\":{\"@id\":\"https:\\\/\\\/impactocastex.com.ar\\\/?p=2303#primaryimage\"},\"thumbnailUrl\":\"https:\\\/\\\/impactocastex.com.ar\\\/wp-content\\\/uploads\\\/2025\\\/10\\\/2125756.jpg\",\"datePublished\":\"2025-10-23T13:01:51+00:00\",\"dateModified\":\"2025-10-23T13:01:53+00:00\",\"breadcrumb\":{\"@id\":\"https:\\\/\\\/impactocastex.com.ar\\\/?p=2303#breadcrumb\"},\"inLanguage\":\"es\",\"potentialAction\":[{\"@type\":\"ReadAction\",\"target\":[\"https:\\\/\\\/impactocastex.com.ar\\\/?p=2303\"]}]},{\"@type\":\"ImageObject\",\"inLanguage\":\"es\",\"@id\":\"https:\\\/\\\/impactocastex.com.ar\\\/?p=2303#primaryimage\",\"url\":\"https:\\\/\\\/impactocastex.com.ar\\\/wp-content\\\/uploads\\\/2025\\\/10\\\/2125756.jpg\",\"contentUrl\":\"https:\\\/\\\/impactocastex.com.ar\\\/wp-content\\\/uploads\\\/2025\\\/10\\\/2125756.jpg\",\"width\":1200,\"height\":631},{\"@type\":\"BreadcrumbList\",\"@id\":\"https:\\\/\\\/impactocastex.com.ar\\\/?p=2303#breadcrumb\",\"itemListElement\":[{\"@type\":\"ListItem\",\"position\":1,\"name\":\"Portada\",\"item\":\"https:\\\/\\\/impactocastex.com.ar\\\/\"},{\"@type\":\"ListItem\",\"position\":2,\"name\":\"El STJ confirm\u00f3 la condena a perpetua de Antonella P\u00e9rez\"}]},{\"@type\":\"WebSite\",\"@id\":\"https:\\\/\\\/impactocastex.com.ar\\\/#website\",\"url\":\"https:\\\/\\\/impactocastex.com.ar\\\/\",\"name\":\"Impacto Castex\",\"description\":\"\",\"publisher\":{\"@id\":\"https:\\\/\\\/impactocastex.com.ar\\\/#organization\"},\"potentialAction\":[{\"@type\":\"SearchAction\",\"target\":{\"@type\":\"EntryPoint\",\"urlTemplate\":\"https:\\\/\\\/impactocastex.com.ar\\\/?s={search_term_string}\"},\"query-input\":{\"@type\":\"PropertyValueSpecification\",\"valueRequired\":true,\"valueName\":\"search_term_string\"}}],\"inLanguage\":\"es\"},{\"@type\":\"Organization\",\"@id\":\"https:\\\/\\\/impactocastex.com.ar\\\/#organization\",\"name\":\"Impacto Castex\",\"url\":\"https:\\\/\\\/impactocastex.com.ar\\\/\",\"logo\":{\"@type\":\"ImageObject\",\"inLanguage\":\"es\",\"@id\":\"https:\\\/\\\/impactocastex.com.ar\\\/#\\\/schema\\\/logo\\\/image\\\/\",\"url\":\"https:\\\/\\\/impactocastex.com.ar\\\/wp-content\\\/uploads\\\/2025\\\/09\\\/cropped-icoweb.png\",\"contentUrl\":\"https:\\\/\\\/impactocastex.com.ar\\\/wp-content\\\/uploads\\\/2025\\\/09\\\/cropped-icoweb.png\",\"width\":512,\"height\":512,\"caption\":\"Impacto Castex\"},\"image\":{\"@id\":\"https:\\\/\\\/impactocastex.com.ar\\\/#\\\/schema\\\/logo\\\/image\\\/\"},\"sameAs\":[\"https:\\\/\\\/www.facebook.com\\\/impactocastexdiario\",\"https:\\\/\\\/www.instagram.com\\\/impactocastex.com.ar\\\/\"]},{\"@type\":\"Person\",\"@id\":\"https:\\\/\\\/impactocastex.com.ar\\\/#\\\/schema\\\/person\\\/c115028fb60f9bf49ce7550894b84ea7\",\"name\":\"impactocastex\",\"image\":{\"@type\":\"ImageObject\",\"inLanguage\":\"es\",\"@id\":\"https:\\\/\\\/secure.gravatar.com\\\/avatar\\\/fee87e7af008f02e9becdc0b5a9fd4a2e79b3918a571edeacb62211704637833?s=96&d=mm&r=g\",\"url\":\"https:\\\/\\\/secure.gravatar.com\\\/avatar\\\/fee87e7af008f02e9becdc0b5a9fd4a2e79b3918a571edeacb62211704637833?s=96&d=mm&r=g\",\"contentUrl\":\"https:\\\/\\\/secure.gravatar.com\\\/avatar\\\/fee87e7af008f02e9becdc0b5a9fd4a2e79b3918a571edeacb62211704637833?s=96&d=mm&r=g\",\"caption\":\"impactocastex\"},\"sameAs\":[\"https:\\\/\\\/impactocastex.com.ar\\\/\"],\"url\":\"https:\\\/\\\/impactocastex.com.ar\\\/?author=2\"}]}<\/script>\n<!-- \/ Yoast SEO plugin. -->","yoast_head_json":{"title":"El STJ confirm\u00f3 la condena a perpetua de Antonella P\u00e9rez -","robots":{"index":"index","follow":"follow","max-snippet":"max-snippet:-1","max-image-preview":"max-image-preview:large","max-video-preview":"max-video-preview:-1"},"canonical":"https:\/\/impactocastex.com.ar\/?p=2303","og_locale":"es_ES","og_type":"article","og_title":"El STJ confirm\u00f3 la condena a perpetua de Antonella P\u00e9rez -","og_description":"Antonella P\u00e9rez fue condenada a prisi\u00f3n perpetua por el asesinato de su pareja. La&nbsp;Sala Penal...","og_url":"https:\/\/impactocastex.com.ar\/?p=2303","article_publisher":"https:\/\/www.facebook.com\/impactocastexdiario","article_published_time":"2025-10-23T13:01:51+00:00","article_modified_time":"2025-10-23T13:01:53+00:00","og_image":[{"width":1200,"height":631,"url":"https:\/\/impactocastex.com.ar\/wp-content\/uploads\/2025\/10\/2125756.jpg","type":"image\/jpeg"}],"author":"impactocastex","twitter_card":"summary_large_image","twitter_misc":{"Escrito por":"impactocastex","Tiempo de lectura":"4 minutos"},"schema":{"@context":"https:\/\/schema.org","@graph":[{"@type":"Article","@id":"https:\/\/impactocastex.com.ar\/?p=2303#article","isPartOf":{"@id":"https:\/\/impactocastex.com.ar\/?p=2303"},"author":{"name":"impactocastex","@id":"https:\/\/impactocastex.com.ar\/#\/schema\/person\/c115028fb60f9bf49ce7550894b84ea7"},"headline":"El STJ confirm\u00f3 la condena a perpetua de Antonella P\u00e9rez","datePublished":"2025-10-23T13:01:51+00:00","dateModified":"2025-10-23T13:01:53+00:00","mainEntityOfPage":{"@id":"https:\/\/impactocastex.com.ar\/?p=2303"},"wordCount":874,"publisher":{"@id":"https:\/\/impactocastex.com.ar\/#organization"},"image":{"@id":"https:\/\/impactocastex.com.ar\/?p=2303#primaryimage"},"thumbnailUrl":"https:\/\/impactocastex.com.ar\/wp-content\/uploads\/2025\/10\/2125756.jpg","articleSection":["POLICIALES"],"inLanguage":"es"},{"@type":"WebPage","@id":"https:\/\/impactocastex.com.ar\/?p=2303","url":"https:\/\/impactocastex.com.ar\/?p=2303","name":"El STJ confirm\u00f3 la condena a perpetua de Antonella P\u00e9rez -","isPartOf":{"@id":"https:\/\/impactocastex.com.ar\/#website"},"primaryImageOfPage":{"@id":"https:\/\/impactocastex.com.ar\/?p=2303#primaryimage"},"image":{"@id":"https:\/\/impactocastex.com.ar\/?p=2303#primaryimage"},"thumbnailUrl":"https:\/\/impactocastex.com.ar\/wp-content\/uploads\/2025\/10\/2125756.jpg","datePublished":"2025-10-23T13:01:51+00:00","dateModified":"2025-10-23T13:01:53+00:00","breadcrumb":{"@id":"https:\/\/impactocastex.com.ar\/?p=2303#breadcrumb"},"inLanguage":"es","potentialAction":[{"@type":"ReadAction","target":["https:\/\/impactocastex.com.ar\/?p=2303"]}]},{"@type":"ImageObject","inLanguage":"es","@id":"https:\/\/impactocastex.com.ar\/?p=2303#primaryimage","url":"https:\/\/impactocastex.com.ar\/wp-content\/uploads\/2025\/10\/2125756.jpg","contentUrl":"https:\/\/impactocastex.com.ar\/wp-content\/uploads\/2025\/10\/2125756.jpg","width":1200,"height":631},{"@type":"BreadcrumbList","@id":"https:\/\/impactocastex.com.ar\/?p=2303#breadcrumb","itemListElement":[{"@type":"ListItem","position":1,"name":"Portada","item":"https:\/\/impactocastex.com.ar\/"},{"@type":"ListItem","position":2,"name":"El STJ confirm\u00f3 la condena a perpetua de Antonella P\u00e9rez"}]},{"@type":"WebSite","@id":"https:\/\/impactocastex.com.ar\/#website","url":"https:\/\/impactocastex.com.ar\/","name":"Impacto Castex","description":"","publisher":{"@id":"https:\/\/impactocastex.com.ar\/#organization"},"potentialAction":[{"@type":"SearchAction","target":{"@type":"EntryPoint","urlTemplate":"https:\/\/impactocastex.com.ar\/?s={search_term_string}"},"query-input":{"@type":"PropertyValueSpecification","valueRequired":true,"valueName":"search_term_string"}}],"inLanguage":"es"},{"@type":"Organization","@id":"https:\/\/impactocastex.com.ar\/#organization","name":"Impacto Castex","url":"https:\/\/impactocastex.com.ar\/","logo":{"@type":"ImageObject","inLanguage":"es","@id":"https:\/\/impactocastex.com.ar\/#\/schema\/logo\/image\/","url":"https:\/\/impactocastex.com.ar\/wp-content\/uploads\/2025\/09\/cropped-icoweb.png","contentUrl":"https:\/\/impactocastex.com.ar\/wp-content\/uploads\/2025\/09\/cropped-icoweb.png","width":512,"height":512,"caption":"Impacto Castex"},"image":{"@id":"https:\/\/impactocastex.com.ar\/#\/schema\/logo\/image\/"},"sameAs":["https:\/\/www.facebook.com\/impactocastexdiario","https:\/\/www.instagram.com\/impactocastex.com.ar\/"]},{"@type":"Person","@id":"https:\/\/impactocastex.com.ar\/#\/schema\/person\/c115028fb60f9bf49ce7550894b84ea7","name":"impactocastex","image":{"@type":"ImageObject","inLanguage":"es","@id":"https:\/\/secure.gravatar.com\/avatar\/fee87e7af008f02e9becdc0b5a9fd4a2e79b3918a571edeacb62211704637833?s=96&d=mm&r=g","url":"https:\/\/secure.gravatar.com\/avatar\/fee87e7af008f02e9becdc0b5a9fd4a2e79b3918a571edeacb62211704637833?s=96&d=mm&r=g","contentUrl":"https:\/\/secure.gravatar.com\/avatar\/fee87e7af008f02e9becdc0b5a9fd4a2e79b3918a571edeacb62211704637833?s=96&d=mm&r=g","caption":"impactocastex"},"sameAs":["https:\/\/impactocastex.com.ar\/"],"url":"https:\/\/impactocastex.com.ar\/?author=2"}]}},"jetpack_publicize_connections":[],"featured_image_urls":{"full":["https:\/\/impactocastex.com.ar\/wp-content\/uploads\/2025\/10\/2125756.jpg",1200,631,false],"thumbnail":["https:\/\/impactocastex.com.ar\/wp-content\/uploads\/2025\/10\/2125756-150x150.jpg",150,150,true],"medium":["https:\/\/impactocastex.com.ar\/wp-content\/uploads\/2025\/10\/2125756-300x158.jpg",300,158,true],"medium_large":["https:\/\/impactocastex.com.ar\/wp-content\/uploads\/2025\/10\/2125756-768x404.jpg",640,337,true],"large":["https:\/\/impactocastex.com.ar\/wp-content\/uploads\/2025\/10\/2125756-1024x538.jpg",640,336,true],"1536x1536":["https:\/\/impactocastex.com.ar\/wp-content\/uploads\/2025\/10\/2125756.jpg",1200,631,false],"2048x2048":["https:\/\/impactocastex.com.ar\/wp-content\/uploads\/2025\/10\/2125756.jpg",1200,631,false],"newsever-slider-full":["https:\/\/impactocastex.com.ar\/wp-content\/uploads\/2025\/10\/2125756.jpg",1200,631,false],"newsever-featured":["https:\/\/impactocastex.com.ar\/wp-content\/uploads\/2025\/10\/2125756-1024x538.jpg",1024,538,true],"newsever-medium":["https:\/\/impactocastex.com.ar\/wp-content\/uploads\/2025\/10\/2125756-720x475.jpg",720,475,true]},"author_info":{"info":["impactocastex"]},"category_info":"<a href=\"https:\/\/impactocastex.com.ar\/?cat=85\" rel=\"category\">POLICIALES<\/a>","tag_info":"POLICIALES","comment_count":0,"jetpack_featured_media_url":"https:\/\/impactocastex.com.ar\/wp-content\/uploads\/2025\/10\/2125756.jpg","jetpack_sharing_enabled":true,"jetpack_likes_enabled":true,"jetpack_shortlink":"https:\/\/wp.me\/p7sopA-B9","_links":{"self":[{"href":"https:\/\/impactocastex.com.ar\/index.php?rest_route=\/wp\/v2\/posts\/2303","targetHints":{"allow":["GET"]}}],"collection":[{"href":"https:\/\/impactocastex.com.ar\/index.php?rest_route=\/wp\/v2\/posts"}],"about":[{"href":"https:\/\/impactocastex.com.ar\/index.php?rest_route=\/wp\/v2\/types\/post"}],"author":[{"embeddable":true,"href":"https:\/\/impactocastex.com.ar\/index.php?rest_route=\/wp\/v2\/users\/2"}],"replies":[{"embeddable":true,"href":"https:\/\/impactocastex.com.ar\/index.php?rest_route=%2Fwp%2Fv2%2Fcomments&post=2303"}],"version-history":[{"count":1,"href":"https:\/\/impactocastex.com.ar\/index.php?rest_route=\/wp\/v2\/posts\/2303\/revisions"}],"predecessor-version":[{"id":2305,"href":"https:\/\/impactocastex.com.ar\/index.php?rest_route=\/wp\/v2\/posts\/2303\/revisions\/2305"}],"wp:featuredmedia":[{"embeddable":true,"href":"https:\/\/impactocastex.com.ar\/index.php?rest_route=\/wp\/v2\/media\/2304"}],"wp:attachment":[{"href":"https:\/\/impactocastex.com.ar\/index.php?rest_route=%2Fwp%2Fv2%2Fmedia&parent=2303"}],"wp:term":[{"taxonomy":"category","embeddable":true,"href":"https:\/\/impactocastex.com.ar\/index.php?rest_route=%2Fwp%2Fv2%2Fcategories&post=2303"},{"taxonomy":"post_tag","embeddable":true,"href":"https:\/\/impactocastex.com.ar\/index.php?rest_route=%2Fwp%2Fv2%2Ftags&post=2303"}],"curies":[{"name":"wp","href":"https:\/\/api.w.org\/{rel}","templated":true}]}}