{"id":2178,"date":"2025-10-20T10:45:18","date_gmt":"2025-10-20T13:45:18","guid":{"rendered":"https:\/\/impactocastex.com.ar\/?p=2178"},"modified":"2025-10-20T10:45:19","modified_gmt":"2025-10-20T13:45:19","slug":"el-asado-se-mantiene-firme-por-que-la-carne-aumenta-menos-que-la-inflacion","status":"publish","type":"post","link":"https:\/\/impactocastex.com.ar\/?p=2178","title":{"rendered":"El asado se mantiene firme: por qu\u00e9 la carne aumenta menos que la inflaci\u00f3n"},"content":{"rendered":"\n<p><strong>\u201cTrabajo hace 40 a\u00f1os en esto y puedo hablar de lo que conozco\u00bb<\/strong><\/p>\n\n\n\n<p>El presidente del Consorcio de Exportadores de Carnes Argentinas, Mario Ravettino, analiz\u00f3 la evoluci\u00f3n reciente de los precios del sector y explic\u00f3 que, a diferencia de otros alimentos, la carne ha mostrado una notable estabilidad en los \u00faltimos meses, registrando incrementos iguales o incluso menores al \u00edndice general de inflaci\u00f3n.<\/p>\n\n\n\n<p>Seg\u00fan sostuvo, este fen\u00f3meno no responde a una mejora estructural en la econom\u00eda, sino a la p\u00e9rdida del poder de compra de los consumidores, que debieron ajustar su demanda.<\/p>\n\n\n\n<p>\u201cSi tomamos el IPC en junio fue 1,6 y la carne 1,6; en julio 1,9 y la carne 1; en agosto 1,9 y la carne 0,3; y el \u00faltimo mes pr\u00e1cticamente iguales: 2,1 y 2. Est\u00e1 muy estable\u201d, detall\u00f3 Ravettino en di\u00e1logo con Radio Rivadavia. \u201cYo creo que la estabilidad se debe a que la situaci\u00f3n econ\u00f3mica de la gente hace que no tengamos los niveles de consumo de antes\u201d, agreg\u00f3.<\/p>\n\n\n\n<p>El dirigente del sector aclar\u00f3 que solo en fechas especiales, como el D\u00eda de la Madre, se registra un repunte ocasional en las ventas, impulsado por el tradicional asado o las reuniones familiares, aunque enfatiz\u00f3 que no se trata de una recuperaci\u00f3n sostenida.<\/p>\n\n\n\n<p>Frente a la fuerte suba de otros productos \u2014como el tomate, que trep\u00f3 un 30% en el \u00faltimo mes\u2014 Ravettino evit\u00f3 comparar sectores, pero destac\u00f3 que la carne cuenta con una oferta estable durante todo el a\u00f1o, a diferencia de las frutas y verduras, m\u00e1s sujetas a los factores clim\u00e1ticos.<\/p>\n\n\n\n<p>\u201cTrabajo hace 40 a\u00f1os en esto y puedo hablar de lo que conozco. Las frutas y hortalizas tienen subas ocasionales, pero la carne tiene una din\u00e1mica diferente. Lo que pasa hoy responde m\u00e1s al contexto general de la econom\u00eda\u201d, explic\u00f3.<\/p>\n\n\n\n<p>El titular del Consorcio record\u00f3 adem\u00e1s que el consumo per c\u00e1pita de carne vacuna se ubica actualmente entre los 48 y 50 kilos anuales, una cifra hist\u00f3ricamente baja si se compara con los 70 kilos promedio que se consum\u00edan hace veinte a\u00f1os.<\/p>\n\n\n\n<p>\u201cEsa cifra no va a volver. Hoy tenemos una dieta de prote\u00edna animal muy diversificada: 50 kilos de carne vacuna, 40 de aviar y 20 de cerdo. Somos el segundo pa\u00eds del mundo que m\u00e1s carne vacuna consume, pero tambi\u00e9n crecieron las otras prote\u00ednas\u201d, se\u00f1al\u00f3.<\/p>\n\n\n\n<p>Competencia interna y desaf\u00edos productivos<\/p>\n\n\n\n<p>Ravettino tambi\u00e9n se refiri\u00f3 a la complicada situaci\u00f3n que atraviesa el sector lechero y a la competencia creciente entre la ganader\u00eda y la agricultura. Explic\u00f3 que la diferencia en los tiempos de producci\u00f3n impacta directamente sobre la rentabilidad.<\/p>\n\n\n\n<p>\u201cProducir un pollo lleva 60 d\u00edas, un cerdo 120, y un novillo tarda dos a\u00f1os. Eso explica mucho de las dificultades de la cadena ganadera. El productor compara y muchas veces decide sembrar soja porque obtiene m\u00e1s rentabilidad con menos riesgo\u201d, sostuvo.<\/p>\n\n\n\n<p>Finalmente, lament\u00f3 que en un pa\u00eds con m\u00e1s de mil kil\u00f3metros de costa mar\u00edtima, el consumo de pescado siga siendo tan bajo, y subray\u00f3 la necesidad de avanzar hacia una pol\u00edtica agroalimentaria integral, que fomente el equilibrio entre la producci\u00f3n, el consumo interno y las exportaciones.<\/p>\n\n\n\n<p>Fuente: Noticias Argentinas<\/p>\n","protected":false},"excerpt":{"rendered":"<p>\u201cTrabajo hace 40 a\u00f1os en esto y puedo hablar de lo que conozco\u00bb El presidente&#8230;<\/p>\n","protected":false},"author":2,"featured_media":2179,"comment_status":"closed","ping_status":"closed","sticky":false,"template":"","format":"standard","meta":{"_jetpack_memberships_contains_paid_content":false,"footnotes":"","jetpack_publicize_message":"El asado se mantiene firme: por qu\u00e9 la carne aumenta menos que la inflaci\u00f3n","jetpack_publicize_feature_enabled":true,"jetpack_social_post_already_shared":false,"jetpack_social_options":{"image_generator_settings":{"template":"highway","default_image_id":0,"font":"","enabled":false},"version":2}},"categories":[86],"tags":[],"class_list":["post-2178","post","type-post","status-publish","format-standard","has-post-thumbnail","hentry","category-sociedad"],"yoast_head":"<!-- This site is optimized with the Yoast SEO plugin v27.4 - https:\/\/yoast.com\/product\/yoast-seo-wordpress\/ -->\n<title>El asado se mantiene firme: por qu\u00e9 la carne aumenta menos que la inflaci\u00f3n -<\/title>\n<meta name=\"robots\" content=\"index, follow, max-snippet:-1, max-image-preview:large, max-video-preview:-1\" \/>\n<link rel=\"canonical\" href=\"https:\/\/impactocastex.com.ar\/?p=2178\" \/>\n<meta property=\"og:locale\" content=\"es_ES\" \/>\n<meta property=\"og:type\" content=\"article\" \/>\n<meta property=\"og:title\" content=\"El asado se mantiene firme: por qu\u00e9 la carne aumenta menos que la inflaci\u00f3n -\" \/>\n<meta property=\"og:description\" content=\"\u201cTrabajo hace 40 a\u00f1os en esto y puedo hablar de lo que conozco\u00bb El presidente...\" \/>\n<meta property=\"og:url\" content=\"https:\/\/impactocastex.com.ar\/?p=2178\" \/>\n<meta property=\"article:publisher\" content=\"https:\/\/www.facebook.com\/impactocastexdiario\" \/>\n<meta property=\"article:published_time\" content=\"2025-10-20T13:45:18+00:00\" \/>\n<meta property=\"article:modified_time\" content=\"2025-10-20T13:45:19+00:00\" \/>\n<meta property=\"og:image\" content=\"https:\/\/impactocastex.com.ar\/wp-content\/uploads\/2025\/10\/f1280x720-247522_379197_5050.jpg\" \/>\n\t<meta property=\"og:image:width\" content=\"1280\" \/>\n\t<meta property=\"og:image:height\" content=\"720\" \/>\n\t<meta property=\"og:image:type\" content=\"image\/jpeg\" \/>\n<meta name=\"author\" content=\"impactocastex\" \/>\n<meta name=\"twitter:card\" content=\"summary_large_image\" \/>\n<meta name=\"twitter:label1\" content=\"Escrito por\" \/>\n\t<meta name=\"twitter:data1\" content=\"impactocastex\" \/>\n\t<meta name=\"twitter:label2\" content=\"Tiempo de lectura\" \/>\n\t<meta name=\"twitter:data2\" content=\"3 minutos\" \/>\n<script type=\"application\/ld+json\" class=\"yoast-schema-graph\">{\"@context\":\"https:\\\/\\\/schema.org\",\"@graph\":[{\"@type\":\"Article\",\"@id\":\"https:\\\/\\\/impactocastex.com.ar\\\/?p=2178#article\",\"isPartOf\":{\"@id\":\"https:\\\/\\\/impactocastex.com.ar\\\/?p=2178\"},\"author\":{\"name\":\"impactocastex\",\"@id\":\"https:\\\/\\\/impactocastex.com.ar\\\/#\\\/schema\\\/person\\\/c115028fb60f9bf49ce7550894b84ea7\"},\"headline\":\"El asado se mantiene firme: por qu\u00e9 la carne aumenta menos que la inflaci\u00f3n\",\"datePublished\":\"2025-10-20T13:45:18+00:00\",\"dateModified\":\"2025-10-20T13:45:19+00:00\",\"mainEntityOfPage\":{\"@id\":\"https:\\\/\\\/impactocastex.com.ar\\\/?p=2178\"},\"wordCount\":558,\"publisher\":{\"@id\":\"https:\\\/\\\/impactocastex.com.ar\\\/#organization\"},\"image\":{\"@id\":\"https:\\\/\\\/impactocastex.com.ar\\\/?p=2178#primaryimage\"},\"thumbnailUrl\":\"https:\\\/\\\/impactocastex.com.ar\\\/wp-content\\\/uploads\\\/2025\\\/10\\\/f1280x720-247522_379197_5050.jpg\",\"articleSection\":[\"SOCIEDAD\"],\"inLanguage\":\"es\"},{\"@type\":\"WebPage\",\"@id\":\"https:\\\/\\\/impactocastex.com.ar\\\/?p=2178\",\"url\":\"https:\\\/\\\/impactocastex.com.ar\\\/?p=2178\",\"name\":\"El asado se mantiene firme: por qu\u00e9 la carne aumenta menos que la inflaci\u00f3n -\",\"isPartOf\":{\"@id\":\"https:\\\/\\\/impactocastex.com.ar\\\/#website\"},\"primaryImageOfPage\":{\"@id\":\"https:\\\/\\\/impactocastex.com.ar\\\/?p=2178#primaryimage\"},\"image\":{\"@id\":\"https:\\\/\\\/impactocastex.com.ar\\\/?p=2178#primaryimage\"},\"thumbnailUrl\":\"https:\\\/\\\/impactocastex.com.ar\\\/wp-content\\\/uploads\\\/2025\\\/10\\\/f1280x720-247522_379197_5050.jpg\",\"datePublished\":\"2025-10-20T13:45:18+00:00\",\"dateModified\":\"2025-10-20T13:45:19+00:00\",\"breadcrumb\":{\"@id\":\"https:\\\/\\\/impactocastex.com.ar\\\/?p=2178#breadcrumb\"},\"inLanguage\":\"es\",\"potentialAction\":[{\"@type\":\"ReadAction\",\"target\":[\"https:\\\/\\\/impactocastex.com.ar\\\/?p=2178\"]}]},{\"@type\":\"ImageObject\",\"inLanguage\":\"es\",\"@id\":\"https:\\\/\\\/impactocastex.com.ar\\\/?p=2178#primaryimage\",\"url\":\"https:\\\/\\\/impactocastex.com.ar\\\/wp-content\\\/uploads\\\/2025\\\/10\\\/f1280x720-247522_379197_5050.jpg\",\"contentUrl\":\"https:\\\/\\\/impactocastex.com.ar\\\/wp-content\\\/uploads\\\/2025\\\/10\\\/f1280x720-247522_379197_5050.jpg\",\"width\":1280,\"height\":720},{\"@type\":\"BreadcrumbList\",\"@id\":\"https:\\\/\\\/impactocastex.com.ar\\\/?p=2178#breadcrumb\",\"itemListElement\":[{\"@type\":\"ListItem\",\"position\":1,\"name\":\"Portada\",\"item\":\"https:\\\/\\\/impactocastex.com.ar\\\/\"},{\"@type\":\"ListItem\",\"position\":2,\"name\":\"El asado se mantiene firme: por qu\u00e9 la carne aumenta menos que la inflaci\u00f3n\"}]},{\"@type\":\"WebSite\",\"@id\":\"https:\\\/\\\/impactocastex.com.ar\\\/#website\",\"url\":\"https:\\\/\\\/impactocastex.com.ar\\\/\",\"name\":\"Impacto Castex\",\"description\":\"\",\"publisher\":{\"@id\":\"https:\\\/\\\/impactocastex.com.ar\\\/#organization\"},\"potentialAction\":[{\"@type\":\"SearchAction\",\"target\":{\"@type\":\"EntryPoint\",\"urlTemplate\":\"https:\\\/\\\/impactocastex.com.ar\\\/?s={search_term_string}\"},\"query-input\":{\"@type\":\"PropertyValueSpecification\",\"valueRequired\":true,\"valueName\":\"search_term_string\"}}],\"inLanguage\":\"es\"},{\"@type\":\"Organization\",\"@id\":\"https:\\\/\\\/impactocastex.com.ar\\\/#organization\",\"name\":\"Impacto Castex\",\"url\":\"https:\\\/\\\/impactocastex.com.ar\\\/\",\"logo\":{\"@type\":\"ImageObject\",\"inLanguage\":\"es\",\"@id\":\"https:\\\/\\\/impactocastex.com.ar\\\/#\\\/schema\\\/logo\\\/image\\\/\",\"url\":\"https:\\\/\\\/impactocastex.com.ar\\\/wp-content\\\/uploads\\\/2025\\\/09\\\/cropped-icoweb.png\",\"contentUrl\":\"https:\\\/\\\/impactocastex.com.ar\\\/wp-content\\\/uploads\\\/2025\\\/09\\\/cropped-icoweb.png\",\"width\":512,\"height\":512,\"caption\":\"Impacto Castex\"},\"image\":{\"@id\":\"https:\\\/\\\/impactocastex.com.ar\\\/#\\\/schema\\\/logo\\\/image\\\/\"},\"sameAs\":[\"https:\\\/\\\/www.facebook.com\\\/impactocastexdiario\",\"https:\\\/\\\/www.instagram.com\\\/impactocastex.com.ar\\\/\"]},{\"@type\":\"Person\",\"@id\":\"https:\\\/\\\/impactocastex.com.ar\\\/#\\\/schema\\\/person\\\/c115028fb60f9bf49ce7550894b84ea7\",\"name\":\"impactocastex\",\"image\":{\"@type\":\"ImageObject\",\"inLanguage\":\"es\",\"@id\":\"https:\\\/\\\/secure.gravatar.com\\\/avatar\\\/fee87e7af008f02e9becdc0b5a9fd4a2e79b3918a571edeacb62211704637833?s=96&d=mm&r=g\",\"url\":\"https:\\\/\\\/secure.gravatar.com\\\/avatar\\\/fee87e7af008f02e9becdc0b5a9fd4a2e79b3918a571edeacb62211704637833?s=96&d=mm&r=g\",\"contentUrl\":\"https:\\\/\\\/secure.gravatar.com\\\/avatar\\\/fee87e7af008f02e9becdc0b5a9fd4a2e79b3918a571edeacb62211704637833?s=96&d=mm&r=g\",\"caption\":\"impactocastex\"},\"sameAs\":[\"https:\\\/\\\/impactocastex.com.ar\\\/\"],\"url\":\"https:\\\/\\\/impactocastex.com.ar\\\/?author=2\"}]}<\/script>\n<!-- \/ Yoast SEO plugin. -->","yoast_head_json":{"title":"El asado se mantiene firme: por qu\u00e9 la carne aumenta menos que la inflaci\u00f3n -","robots":{"index":"index","follow":"follow","max-snippet":"max-snippet:-1","max-image-preview":"max-image-preview:large","max-video-preview":"max-video-preview:-1"},"canonical":"https:\/\/impactocastex.com.ar\/?p=2178","og_locale":"es_ES","og_type":"article","og_title":"El asado se mantiene firme: por qu\u00e9 la carne aumenta menos que la inflaci\u00f3n -","og_description":"\u201cTrabajo hace 40 a\u00f1os en esto y puedo hablar de lo que conozco\u00bb El presidente...","og_url":"https:\/\/impactocastex.com.ar\/?p=2178","article_publisher":"https:\/\/www.facebook.com\/impactocastexdiario","article_published_time":"2025-10-20T13:45:18+00:00","article_modified_time":"2025-10-20T13:45:19+00:00","og_image":[{"width":1280,"height":720,"url":"https:\/\/impactocastex.com.ar\/wp-content\/uploads\/2025\/10\/f1280x720-247522_379197_5050.jpg","type":"image\/jpeg"}],"author":"impactocastex","twitter_card":"summary_large_image","twitter_misc":{"Escrito por":"impactocastex","Tiempo de lectura":"3 minutos"},"schema":{"@context":"https:\/\/schema.org","@graph":[{"@type":"Article","@id":"https:\/\/impactocastex.com.ar\/?p=2178#article","isPartOf":{"@id":"https:\/\/impactocastex.com.ar\/?p=2178"},"author":{"name":"impactocastex","@id":"https:\/\/impactocastex.com.ar\/#\/schema\/person\/c115028fb60f9bf49ce7550894b84ea7"},"headline":"El asado se mantiene firme: por qu\u00e9 la carne aumenta menos que la inflaci\u00f3n","datePublished":"2025-10-20T13:45:18+00:00","dateModified":"2025-10-20T13:45:19+00:00","mainEntityOfPage":{"@id":"https:\/\/impactocastex.com.ar\/?p=2178"},"wordCount":558,"publisher":{"@id":"https:\/\/impactocastex.com.ar\/#organization"},"image":{"@id":"https:\/\/impactocastex.com.ar\/?p=2178#primaryimage"},"thumbnailUrl":"https:\/\/impactocastex.com.ar\/wp-content\/uploads\/2025\/10\/f1280x720-247522_379197_5050.jpg","articleSection":["SOCIEDAD"],"inLanguage":"es"},{"@type":"WebPage","@id":"https:\/\/impactocastex.com.ar\/?p=2178","url":"https:\/\/impactocastex.com.ar\/?p=2178","name":"El asado se mantiene firme: por qu\u00e9 la carne aumenta menos que la inflaci\u00f3n -","isPartOf":{"@id":"https:\/\/impactocastex.com.ar\/#website"},"primaryImageOfPage":{"@id":"https:\/\/impactocastex.com.ar\/?p=2178#primaryimage"},"image":{"@id":"https:\/\/impactocastex.com.ar\/?p=2178#primaryimage"},"thumbnailUrl":"https:\/\/impactocastex.com.ar\/wp-content\/uploads\/2025\/10\/f1280x720-247522_379197_5050.jpg","datePublished":"2025-10-20T13:45:18+00:00","dateModified":"2025-10-20T13:45:19+00:00","breadcrumb":{"@id":"https:\/\/impactocastex.com.ar\/?p=2178#breadcrumb"},"inLanguage":"es","potentialAction":[{"@type":"ReadAction","target":["https:\/\/impactocastex.com.ar\/?p=2178"]}]},{"@type":"ImageObject","inLanguage":"es","@id":"https:\/\/impactocastex.com.ar\/?p=2178#primaryimage","url":"https:\/\/impactocastex.com.ar\/wp-content\/uploads\/2025\/10\/f1280x720-247522_379197_5050.jpg","contentUrl":"https:\/\/impactocastex.com.ar\/wp-content\/uploads\/2025\/10\/f1280x720-247522_379197_5050.jpg","width":1280,"height":720},{"@type":"BreadcrumbList","@id":"https:\/\/impactocastex.com.ar\/?p=2178#breadcrumb","itemListElement":[{"@type":"ListItem","position":1,"name":"Portada","item":"https:\/\/impactocastex.com.ar\/"},{"@type":"ListItem","position":2,"name":"El asado se mantiene firme: por qu\u00e9 la carne aumenta menos que la inflaci\u00f3n"}]},{"@type":"WebSite","@id":"https:\/\/impactocastex.com.ar\/#website","url":"https:\/\/impactocastex.com.ar\/","name":"Impacto Castex","description":"","publisher":{"@id":"https:\/\/impactocastex.com.ar\/#organization"},"potentialAction":[{"@type":"SearchAction","target":{"@type":"EntryPoint","urlTemplate":"https:\/\/impactocastex.com.ar\/?s={search_term_string}"},"query-input":{"@type":"PropertyValueSpecification","valueRequired":true,"valueName":"search_term_string"}}],"inLanguage":"es"},{"@type":"Organization","@id":"https:\/\/impactocastex.com.ar\/#organization","name":"Impacto Castex","url":"https:\/\/impactocastex.com.ar\/","logo":{"@type":"ImageObject","inLanguage":"es","@id":"https:\/\/impactocastex.com.ar\/#\/schema\/logo\/image\/","url":"https:\/\/impactocastex.com.ar\/wp-content\/uploads\/2025\/09\/cropped-icoweb.png","contentUrl":"https:\/\/impactocastex.com.ar\/wp-content\/uploads\/2025\/09\/cropped-icoweb.png","width":512,"height":512,"caption":"Impacto Castex"},"image":{"@id":"https:\/\/impactocastex.com.ar\/#\/schema\/logo\/image\/"},"sameAs":["https:\/\/www.facebook.com\/impactocastexdiario","https:\/\/www.instagram.com\/impactocastex.com.ar\/"]},{"@type":"Person","@id":"https:\/\/impactocastex.com.ar\/#\/schema\/person\/c115028fb60f9bf49ce7550894b84ea7","name":"impactocastex","image":{"@type":"ImageObject","inLanguage":"es","@id":"https:\/\/secure.gravatar.com\/avatar\/fee87e7af008f02e9becdc0b5a9fd4a2e79b3918a571edeacb62211704637833?s=96&d=mm&r=g","url":"https:\/\/secure.gravatar.com\/avatar\/fee87e7af008f02e9becdc0b5a9fd4a2e79b3918a571edeacb62211704637833?s=96&d=mm&r=g","contentUrl":"https:\/\/secure.gravatar.com\/avatar\/fee87e7af008f02e9becdc0b5a9fd4a2e79b3918a571edeacb62211704637833?s=96&d=mm&r=g","caption":"impactocastex"},"sameAs":["https:\/\/impactocastex.com.ar\/"],"url":"https:\/\/impactocastex.com.ar\/?author=2"}]}},"jetpack_publicize_connections":[],"featured_image_urls":{"full":["https:\/\/impactocastex.com.ar\/wp-content\/uploads\/2025\/10\/f1280x720-247522_379197_5050.jpg",1280,720,false],"thumbnail":["https:\/\/impactocastex.com.ar\/wp-content\/uploads\/2025\/10\/f1280x720-247522_379197_5050-150x150.jpg",150,150,true],"medium":["https:\/\/impactocastex.com.ar\/wp-content\/uploads\/2025\/10\/f1280x720-247522_379197_5050-300x169.jpg",300,169,true],"medium_large":["https:\/\/impactocastex.com.ar\/wp-content\/uploads\/2025\/10\/f1280x720-247522_379197_5050-768x432.jpg",640,360,true],"large":["https:\/\/impactocastex.com.ar\/wp-content\/uploads\/2025\/10\/f1280x720-247522_379197_5050-1024x576.jpg",640,360,true],"1536x1536":["https:\/\/impactocastex.com.ar\/wp-content\/uploads\/2025\/10\/f1280x720-247522_379197_5050.jpg",1280,720,false],"2048x2048":["https:\/\/impactocastex.com.ar\/wp-content\/uploads\/2025\/10\/f1280x720-247522_379197_5050.jpg",1280,720,false],"newsever-slider-full":["https:\/\/impactocastex.com.ar\/wp-content\/uploads\/2025\/10\/f1280x720-247522_379197_5050.jpg",1280,720,false],"newsever-featured":["https:\/\/impactocastex.com.ar\/wp-content\/uploads\/2025\/10\/f1280x720-247522_379197_5050-1024x576.jpg",1024,576,true],"newsever-medium":["https:\/\/impactocastex.com.ar\/wp-content\/uploads\/2025\/10\/f1280x720-247522_379197_5050-720x475.jpg",720,475,true]},"author_info":{"info":["impactocastex"]},"category_info":"<a href=\"https:\/\/impactocastex.com.ar\/?cat=86\" rel=\"category\">SOCIEDAD<\/a>","tag_info":"SOCIEDAD","comment_count":0,"jetpack_featured_media_url":"https:\/\/impactocastex.com.ar\/wp-content\/uploads\/2025\/10\/f1280x720-247522_379197_5050.jpg","jetpack_sharing_enabled":true,"jetpack_likes_enabled":true,"jetpack_shortlink":"https:\/\/wp.me\/p7sopA-z8","_links":{"self":[{"href":"https:\/\/impactocastex.com.ar\/index.php?rest_route=\/wp\/v2\/posts\/2178","targetHints":{"allow":["GET"]}}],"collection":[{"href":"https:\/\/impactocastex.com.ar\/index.php?rest_route=\/wp\/v2\/posts"}],"about":[{"href":"https:\/\/impactocastex.com.ar\/index.php?rest_route=\/wp\/v2\/types\/post"}],"author":[{"embeddable":true,"href":"https:\/\/impactocastex.com.ar\/index.php?rest_route=\/wp\/v2\/users\/2"}],"replies":[{"embeddable":true,"href":"https:\/\/impactocastex.com.ar\/index.php?rest_route=%2Fwp%2Fv2%2Fcomments&post=2178"}],"version-history":[{"count":1,"href":"https:\/\/impactocastex.com.ar\/index.php?rest_route=\/wp\/v2\/posts\/2178\/revisions"}],"predecessor-version":[{"id":2180,"href":"https:\/\/impactocastex.com.ar\/index.php?rest_route=\/wp\/v2\/posts\/2178\/revisions\/2180"}],"wp:featuredmedia":[{"embeddable":true,"href":"https:\/\/impactocastex.com.ar\/index.php?rest_route=\/wp\/v2\/media\/2179"}],"wp:attachment":[{"href":"https:\/\/impactocastex.com.ar\/index.php?rest_route=%2Fwp%2Fv2%2Fmedia&parent=2178"}],"wp:term":[{"taxonomy":"category","embeddable":true,"href":"https:\/\/impactocastex.com.ar\/index.php?rest_route=%2Fwp%2Fv2%2Fcategories&post=2178"},{"taxonomy":"post_tag","embeddable":true,"href":"https:\/\/impactocastex.com.ar\/index.php?rest_route=%2Fwp%2Fv2%2Ftags&post=2178"}],"curies":[{"name":"wp","href":"https:\/\/api.w.org\/{rel}","templated":true}]}}