{"id":2169,"date":"2025-10-20T10:38:29","date_gmt":"2025-10-20T13:38:29","guid":{"rendered":"https:\/\/impactocastex.com.ar\/?p=2169"},"modified":"2025-10-20T10:38:31","modified_gmt":"2025-10-20T13:38:31","slug":"una-joven-fue-brutalmente-golpeada-a-la-salida-de-una-fiesta-el-estremecedor-relato-de-su-mama","status":"publish","type":"post","link":"https:\/\/impactocastex.com.ar\/?p=2169","title":{"rendered":"Una joven fue brutalmente golpeada a la salida de una fiesta: el estremecedor relato de su mam\u00e1"},"content":{"rendered":"\n<p>Una joven de 19 a\u00f1os fue v\u00edctima de una brutal golpiza a la salida de una fiesta en Rinc\u00f3n de los Sauces, Neuqu\u00e9n. Dos chicas la atacaron con extrema violencia, mientras el hermano de una de ellas filmaba la escena y alentaba los golpes.<\/p>\n\n\n\n<p>De acuerdo con el relato de la madre de la v\u00edctima, su hija no hab\u00eda tenido ning\u00fan conflicto previo con las agresoras. \u201cS\u00f3lo intercedi\u00f3 para que no le pegaran a otra adolescente y ah\u00ed fue cuando la atacaron a ella\u201d, explic\u00f3. Camila lleg\u00f3 a convulsionar a ra\u00edz de los golpes y tuvo que ser trasladada de urgencia a un hospital de la zona. El hecho ocurri\u00f3 durante la madrugada del domingo pasado, aunque se conoci\u00f3 p\u00fablicamente en las \u00faltimas horas, cuando el video de la agresi\u00f3n se viraliz\u00f3 y la mam\u00e1, Suyai Ramos, decidi\u00f3 contar lo sucedido.<\/p>\n\n\n\n<p>\u201cNo toman conciencia de lo que pueden ocasionar. Le dieron una patada en la cabeza que podr\u00eda haberla matado. Doy gracias a Dios que fue a 2 cent\u00edmetros por debajo de la sien\u00bb, expres\u00f3 la mujer, en declaraciones al portal LM Neuqu\u00e9n.<\/p>\n\n\n\n<p>Camila hab\u00eda vivido toda su vida en Rinc\u00f3n de los Sauces, pero en febrero se mud\u00f3 junto a su familia a Plaza Huincul. Ese fin de semana hab\u00eda regresado a su ciudad natal para visitar a sus amigos y se aloj\u00f3 en la casa de una t\u00eda. Durante la noche de la agresi\u00f3n, sali\u00f3 a una fiesta y luego fueron a un \u201cafter\u201d en una chacra, donde se desencaden\u00f3 la violencia.<\/p>\n\n\n\n<p>En las im\u00e1genes difundidas se ve a Camila tendida en el suelo mientras dos j\u00f3venes la golpean sin piedad. Una le propina trompadas en el rostro y la otra le da una patada en la cabeza. \u201cAh\u00ed qued\u00f3 inconsciente. Despu\u00e9s empez\u00f3 a convulsionar y la llevaron al hospital\u00bb, cont\u00f3 su madre.<\/p>\n\n\n\n<p>\u201cMi hija se hab\u00eda ido el viernes y el lunes se volv\u00eda. Pero el domingo tuve que ir a buscarla al hospital. Cuando la vi, ya le hab\u00edan dado el alta. Me la encontr\u00e9 muy golpeada, llena de hematomas. Le patearon la cabeza, la rasgu\u00f1aron, le duele todo el cuerpo\u201d, relat\u00f3 Suyai, visiblemente afectada.<\/p>\n\n\n\n<p>La mujer subray\u00f3 que su hija no tuvo ninguna actitud violenta hacia las agresoras: \u201cNo fue una ri\u00f1a. Ella no estaba peleando. No ten\u00eda problemas con las chicas que le pegaron. En realidad, le quer\u00edan pegar a otra flaquita, y mi hija se meti\u00f3 para decirles que no lo hicieran. Ah\u00ed se le fueron encima de ella como leonas\u201c.<\/p>\n\n\n\n<p>En el video, el hermano de una de las agresoras se escucha incentivando la violencia. Seg\u00fan cont\u00f3 la madre, antes de comenzar a grabar, el joven intercept\u00f3 a Camila para evitar que escapara.<\/p>\n\n\n\n<p>\u201c\u00c9l fue el que areng\u00f3 para que le sigan pegando. Cuando ya estaba en el piso, casi inconsciente, la otra chica le dio una patada en la cabeza. Doy gracias a Dios que fue dos cent\u00edmetros m\u00e1s abajo de la sien, porque si no, capaz que me matan a mi hija\u201c, repiti\u00f3 entre l\u00e1grimas.<\/p>\n\n\n\n<p>Tras el violento episodio, Suyai regres\u00f3 con su hija a Plaza Huincul: \u201cSe vino conmigo, no quer\u00eda que nadie la viera as\u00ed. Ten\u00eda el pelo lleno de sangre. Le duele mucho la cabeza, y aunque la hinchaz\u00f3n baj\u00f3, todav\u00eda no se recupera del todo\u201d, lament\u00f3 con profundo dolor.<\/p>\n","protected":false},"excerpt":{"rendered":"<p>Una joven de 19 a\u00f1os fue v\u00edctima de una brutal golpiza a la salida de&#8230;<\/p>\n","protected":false},"author":2,"featured_media":2170,"comment_status":"closed","ping_status":"closed","sticky":false,"template":"","format":"standard","meta":{"_jetpack_memberships_contains_paid_content":false,"footnotes":"","jetpack_publicize_message":"Una joven fue brutalmente golpeada a la salida de una fiesta: el estremecedor relato de su mam\u00e1","jetpack_publicize_feature_enabled":true,"jetpack_social_post_already_shared":false,"jetpack_social_options":{"image_generator_settings":{"template":"highway","default_image_id":0,"font":"","enabled":false},"version":2}},"categories":[85],"tags":[],"class_list":["post-2169","post","type-post","status-publish","format-standard","has-post-thumbnail","hentry","category-policiales"],"yoast_head":"<!-- This site is optimized with the Yoast SEO plugin v27.4 - https:\/\/yoast.com\/product\/yoast-seo-wordpress\/ -->\n<title>Una joven fue brutalmente golpeada a la salida de una fiesta: el estremecedor relato de su mam\u00e1 -<\/title>\n<meta name=\"robots\" content=\"index, follow, max-snippet:-1, max-image-preview:large, max-video-preview:-1\" \/>\n<link rel=\"canonical\" href=\"https:\/\/impactocastex.com.ar\/?p=2169\" \/>\n<meta property=\"og:locale\" content=\"es_ES\" \/>\n<meta property=\"og:type\" content=\"article\" \/>\n<meta property=\"og:title\" content=\"Una joven fue brutalmente golpeada a la salida de una fiesta: el estremecedor relato de su mam\u00e1 -\" \/>\n<meta property=\"og:description\" content=\"Una joven de 19 a\u00f1os fue v\u00edctima de una brutal golpiza a la salida de...\" \/>\n<meta property=\"og:url\" content=\"https:\/\/impactocastex.com.ar\/?p=2169\" \/>\n<meta property=\"article:publisher\" content=\"https:\/\/www.facebook.com\/impactocastexdiario\" \/>\n<meta property=\"article:published_time\" content=\"2025-10-20T13:38:29+00:00\" \/>\n<meta property=\"article:modified_time\" content=\"2025-10-20T13:38:31+00:00\" \/>\n<meta property=\"og:image\" content=\"https:\/\/impactocastex.com.ar\/wp-content\/uploads\/2025\/10\/f1280x720-247549_379224_5050.jpg\" \/>\n\t<meta property=\"og:image:width\" content=\"1280\" \/>\n\t<meta property=\"og:image:height\" content=\"720\" \/>\n\t<meta property=\"og:image:type\" content=\"image\/jpeg\" \/>\n<meta name=\"author\" content=\"impactocastex\" \/>\n<meta name=\"twitter:card\" content=\"summary_large_image\" \/>\n<meta name=\"twitter:label1\" content=\"Escrito por\" \/>\n\t<meta name=\"twitter:data1\" content=\"impactocastex\" \/>\n\t<meta name=\"twitter:label2\" content=\"Tiempo de lectura\" \/>\n\t<meta name=\"twitter:data2\" content=\"3 minutos\" \/>\n<script type=\"application\/ld+json\" class=\"yoast-schema-graph\">{\"@context\":\"https:\\\/\\\/schema.org\",\"@graph\":[{\"@type\":\"Article\",\"@id\":\"https:\\\/\\\/impactocastex.com.ar\\\/?p=2169#article\",\"isPartOf\":{\"@id\":\"https:\\\/\\\/impactocastex.com.ar\\\/?p=2169\"},\"author\":{\"name\":\"impactocastex\",\"@id\":\"https:\\\/\\\/impactocastex.com.ar\\\/#\\\/schema\\\/person\\\/c115028fb60f9bf49ce7550894b84ea7\"},\"headline\":\"Una joven fue brutalmente golpeada a la salida de una fiesta: el estremecedor relato de su mam\u00e1\",\"datePublished\":\"2025-10-20T13:38:29+00:00\",\"dateModified\":\"2025-10-20T13:38:31+00:00\",\"mainEntityOfPage\":{\"@id\":\"https:\\\/\\\/impactocastex.com.ar\\\/?p=2169\"},\"wordCount\":605,\"publisher\":{\"@id\":\"https:\\\/\\\/impactocastex.com.ar\\\/#organization\"},\"image\":{\"@id\":\"https:\\\/\\\/impactocastex.com.ar\\\/?p=2169#primaryimage\"},\"thumbnailUrl\":\"https:\\\/\\\/impactocastex.com.ar\\\/wp-content\\\/uploads\\\/2025\\\/10\\\/f1280x720-247549_379224_5050.jpg\",\"articleSection\":[\"POLICIALES\"],\"inLanguage\":\"es\"},{\"@type\":\"WebPage\",\"@id\":\"https:\\\/\\\/impactocastex.com.ar\\\/?p=2169\",\"url\":\"https:\\\/\\\/impactocastex.com.ar\\\/?p=2169\",\"name\":\"Una joven fue brutalmente golpeada a la salida de una fiesta: el estremecedor relato de su mam\u00e1 -\",\"isPartOf\":{\"@id\":\"https:\\\/\\\/impactocastex.com.ar\\\/#website\"},\"primaryImageOfPage\":{\"@id\":\"https:\\\/\\\/impactocastex.com.ar\\\/?p=2169#primaryimage\"},\"image\":{\"@id\":\"https:\\\/\\\/impactocastex.com.ar\\\/?p=2169#primaryimage\"},\"thumbnailUrl\":\"https:\\\/\\\/impactocastex.com.ar\\\/wp-content\\\/uploads\\\/2025\\\/10\\\/f1280x720-247549_379224_5050.jpg\",\"datePublished\":\"2025-10-20T13:38:29+00:00\",\"dateModified\":\"2025-10-20T13:38:31+00:00\",\"breadcrumb\":{\"@id\":\"https:\\\/\\\/impactocastex.com.ar\\\/?p=2169#breadcrumb\"},\"inLanguage\":\"es\",\"potentialAction\":[{\"@type\":\"ReadAction\",\"target\":[\"https:\\\/\\\/impactocastex.com.ar\\\/?p=2169\"]}]},{\"@type\":\"ImageObject\",\"inLanguage\":\"es\",\"@id\":\"https:\\\/\\\/impactocastex.com.ar\\\/?p=2169#primaryimage\",\"url\":\"https:\\\/\\\/impactocastex.com.ar\\\/wp-content\\\/uploads\\\/2025\\\/10\\\/f1280x720-247549_379224_5050.jpg\",\"contentUrl\":\"https:\\\/\\\/impactocastex.com.ar\\\/wp-content\\\/uploads\\\/2025\\\/10\\\/f1280x720-247549_379224_5050.jpg\",\"width\":1280,\"height\":720},{\"@type\":\"BreadcrumbList\",\"@id\":\"https:\\\/\\\/impactocastex.com.ar\\\/?p=2169#breadcrumb\",\"itemListElement\":[{\"@type\":\"ListItem\",\"position\":1,\"name\":\"Portada\",\"item\":\"https:\\\/\\\/impactocastex.com.ar\\\/\"},{\"@type\":\"ListItem\",\"position\":2,\"name\":\"Una joven fue brutalmente golpeada a la salida de una fiesta: el estremecedor relato de su mam\u00e1\"}]},{\"@type\":\"WebSite\",\"@id\":\"https:\\\/\\\/impactocastex.com.ar\\\/#website\",\"url\":\"https:\\\/\\\/impactocastex.com.ar\\\/\",\"name\":\"Impacto Castex\",\"description\":\"\",\"publisher\":{\"@id\":\"https:\\\/\\\/impactocastex.com.ar\\\/#organization\"},\"potentialAction\":[{\"@type\":\"SearchAction\",\"target\":{\"@type\":\"EntryPoint\",\"urlTemplate\":\"https:\\\/\\\/impactocastex.com.ar\\\/?s={search_term_string}\"},\"query-input\":{\"@type\":\"PropertyValueSpecification\",\"valueRequired\":true,\"valueName\":\"search_term_string\"}}],\"inLanguage\":\"es\"},{\"@type\":\"Organization\",\"@id\":\"https:\\\/\\\/impactocastex.com.ar\\\/#organization\",\"name\":\"Impacto Castex\",\"url\":\"https:\\\/\\\/impactocastex.com.ar\\\/\",\"logo\":{\"@type\":\"ImageObject\",\"inLanguage\":\"es\",\"@id\":\"https:\\\/\\\/impactocastex.com.ar\\\/#\\\/schema\\\/logo\\\/image\\\/\",\"url\":\"https:\\\/\\\/impactocastex.com.ar\\\/wp-content\\\/uploads\\\/2025\\\/09\\\/cropped-icoweb.png\",\"contentUrl\":\"https:\\\/\\\/impactocastex.com.ar\\\/wp-content\\\/uploads\\\/2025\\\/09\\\/cropped-icoweb.png\",\"width\":512,\"height\":512,\"caption\":\"Impacto Castex\"},\"image\":{\"@id\":\"https:\\\/\\\/impactocastex.com.ar\\\/#\\\/schema\\\/logo\\\/image\\\/\"},\"sameAs\":[\"https:\\\/\\\/www.facebook.com\\\/impactocastexdiario\",\"https:\\\/\\\/www.instagram.com\\\/impactocastex.com.ar\\\/\"]},{\"@type\":\"Person\",\"@id\":\"https:\\\/\\\/impactocastex.com.ar\\\/#\\\/schema\\\/person\\\/c115028fb60f9bf49ce7550894b84ea7\",\"name\":\"impactocastex\",\"image\":{\"@type\":\"ImageObject\",\"inLanguage\":\"es\",\"@id\":\"https:\\\/\\\/secure.gravatar.com\\\/avatar\\\/fee87e7af008f02e9becdc0b5a9fd4a2e79b3918a571edeacb62211704637833?s=96&d=mm&r=g\",\"url\":\"https:\\\/\\\/secure.gravatar.com\\\/avatar\\\/fee87e7af008f02e9becdc0b5a9fd4a2e79b3918a571edeacb62211704637833?s=96&d=mm&r=g\",\"contentUrl\":\"https:\\\/\\\/secure.gravatar.com\\\/avatar\\\/fee87e7af008f02e9becdc0b5a9fd4a2e79b3918a571edeacb62211704637833?s=96&d=mm&r=g\",\"caption\":\"impactocastex\"},\"sameAs\":[\"https:\\\/\\\/impactocastex.com.ar\\\/\"],\"url\":\"https:\\\/\\\/impactocastex.com.ar\\\/?author=2\"}]}<\/script>\n<!-- \/ Yoast SEO plugin. -->","yoast_head_json":{"title":"Una joven fue brutalmente golpeada a la salida de una fiesta: el estremecedor relato de su mam\u00e1 -","robots":{"index":"index","follow":"follow","max-snippet":"max-snippet:-1","max-image-preview":"max-image-preview:large","max-video-preview":"max-video-preview:-1"},"canonical":"https:\/\/impactocastex.com.ar\/?p=2169","og_locale":"es_ES","og_type":"article","og_title":"Una joven fue brutalmente golpeada a la salida de una fiesta: el estremecedor relato de su mam\u00e1 -","og_description":"Una joven de 19 a\u00f1os fue v\u00edctima de una brutal golpiza a la salida de...","og_url":"https:\/\/impactocastex.com.ar\/?p=2169","article_publisher":"https:\/\/www.facebook.com\/impactocastexdiario","article_published_time":"2025-10-20T13:38:29+00:00","article_modified_time":"2025-10-20T13:38:31+00:00","og_image":[{"width":1280,"height":720,"url":"https:\/\/impactocastex.com.ar\/wp-content\/uploads\/2025\/10\/f1280x720-247549_379224_5050.jpg","type":"image\/jpeg"}],"author":"impactocastex","twitter_card":"summary_large_image","twitter_misc":{"Escrito por":"impactocastex","Tiempo de lectura":"3 minutos"},"schema":{"@context":"https:\/\/schema.org","@graph":[{"@type":"Article","@id":"https:\/\/impactocastex.com.ar\/?p=2169#article","isPartOf":{"@id":"https:\/\/impactocastex.com.ar\/?p=2169"},"author":{"name":"impactocastex","@id":"https:\/\/impactocastex.com.ar\/#\/schema\/person\/c115028fb60f9bf49ce7550894b84ea7"},"headline":"Una joven fue brutalmente golpeada a la salida de una fiesta: el estremecedor relato de su mam\u00e1","datePublished":"2025-10-20T13:38:29+00:00","dateModified":"2025-10-20T13:38:31+00:00","mainEntityOfPage":{"@id":"https:\/\/impactocastex.com.ar\/?p=2169"},"wordCount":605,"publisher":{"@id":"https:\/\/impactocastex.com.ar\/#organization"},"image":{"@id":"https:\/\/impactocastex.com.ar\/?p=2169#primaryimage"},"thumbnailUrl":"https:\/\/impactocastex.com.ar\/wp-content\/uploads\/2025\/10\/f1280x720-247549_379224_5050.jpg","articleSection":["POLICIALES"],"inLanguage":"es"},{"@type":"WebPage","@id":"https:\/\/impactocastex.com.ar\/?p=2169","url":"https:\/\/impactocastex.com.ar\/?p=2169","name":"Una joven fue brutalmente golpeada a la salida de una fiesta: el estremecedor relato de su mam\u00e1 -","isPartOf":{"@id":"https:\/\/impactocastex.com.ar\/#website"},"primaryImageOfPage":{"@id":"https:\/\/impactocastex.com.ar\/?p=2169#primaryimage"},"image":{"@id":"https:\/\/impactocastex.com.ar\/?p=2169#primaryimage"},"thumbnailUrl":"https:\/\/impactocastex.com.ar\/wp-content\/uploads\/2025\/10\/f1280x720-247549_379224_5050.jpg","datePublished":"2025-10-20T13:38:29+00:00","dateModified":"2025-10-20T13:38:31+00:00","breadcrumb":{"@id":"https:\/\/impactocastex.com.ar\/?p=2169#breadcrumb"},"inLanguage":"es","potentialAction":[{"@type":"ReadAction","target":["https:\/\/impactocastex.com.ar\/?p=2169"]}]},{"@type":"ImageObject","inLanguage":"es","@id":"https:\/\/impactocastex.com.ar\/?p=2169#primaryimage","url":"https:\/\/impactocastex.com.ar\/wp-content\/uploads\/2025\/10\/f1280x720-247549_379224_5050.jpg","contentUrl":"https:\/\/impactocastex.com.ar\/wp-content\/uploads\/2025\/10\/f1280x720-247549_379224_5050.jpg","width":1280,"height":720},{"@type":"BreadcrumbList","@id":"https:\/\/impactocastex.com.ar\/?p=2169#breadcrumb","itemListElement":[{"@type":"ListItem","position":1,"name":"Portada","item":"https:\/\/impactocastex.com.ar\/"},{"@type":"ListItem","position":2,"name":"Una joven fue brutalmente golpeada a la salida de una fiesta: el estremecedor relato de su mam\u00e1"}]},{"@type":"WebSite","@id":"https:\/\/impactocastex.com.ar\/#website","url":"https:\/\/impactocastex.com.ar\/","name":"Impacto Castex","description":"","publisher":{"@id":"https:\/\/impactocastex.com.ar\/#organization"},"potentialAction":[{"@type":"SearchAction","target":{"@type":"EntryPoint","urlTemplate":"https:\/\/impactocastex.com.ar\/?s={search_term_string}"},"query-input":{"@type":"PropertyValueSpecification","valueRequired":true,"valueName":"search_term_string"}}],"inLanguage":"es"},{"@type":"Organization","@id":"https:\/\/impactocastex.com.ar\/#organization","name":"Impacto Castex","url":"https:\/\/impactocastex.com.ar\/","logo":{"@type":"ImageObject","inLanguage":"es","@id":"https:\/\/impactocastex.com.ar\/#\/schema\/logo\/image\/","url":"https:\/\/impactocastex.com.ar\/wp-content\/uploads\/2025\/09\/cropped-icoweb.png","contentUrl":"https:\/\/impactocastex.com.ar\/wp-content\/uploads\/2025\/09\/cropped-icoweb.png","width":512,"height":512,"caption":"Impacto Castex"},"image":{"@id":"https:\/\/impactocastex.com.ar\/#\/schema\/logo\/image\/"},"sameAs":["https:\/\/www.facebook.com\/impactocastexdiario","https:\/\/www.instagram.com\/impactocastex.com.ar\/"]},{"@type":"Person","@id":"https:\/\/impactocastex.com.ar\/#\/schema\/person\/c115028fb60f9bf49ce7550894b84ea7","name":"impactocastex","image":{"@type":"ImageObject","inLanguage":"es","@id":"https:\/\/secure.gravatar.com\/avatar\/fee87e7af008f02e9becdc0b5a9fd4a2e79b3918a571edeacb62211704637833?s=96&d=mm&r=g","url":"https:\/\/secure.gravatar.com\/avatar\/fee87e7af008f02e9becdc0b5a9fd4a2e79b3918a571edeacb62211704637833?s=96&d=mm&r=g","contentUrl":"https:\/\/secure.gravatar.com\/avatar\/fee87e7af008f02e9becdc0b5a9fd4a2e79b3918a571edeacb62211704637833?s=96&d=mm&r=g","caption":"impactocastex"},"sameAs":["https:\/\/impactocastex.com.ar\/"],"url":"https:\/\/impactocastex.com.ar\/?author=2"}]}},"jetpack_publicize_connections":[],"featured_image_urls":{"full":["https:\/\/impactocastex.com.ar\/wp-content\/uploads\/2025\/10\/f1280x720-247549_379224_5050.jpg",1280,720,false],"thumbnail":["https:\/\/impactocastex.com.ar\/wp-content\/uploads\/2025\/10\/f1280x720-247549_379224_5050-150x150.jpg",150,150,true],"medium":["https:\/\/impactocastex.com.ar\/wp-content\/uploads\/2025\/10\/f1280x720-247549_379224_5050-300x169.jpg",300,169,true],"medium_large":["https:\/\/impactocastex.com.ar\/wp-content\/uploads\/2025\/10\/f1280x720-247549_379224_5050-768x432.jpg",640,360,true],"large":["https:\/\/impactocastex.com.ar\/wp-content\/uploads\/2025\/10\/f1280x720-247549_379224_5050-1024x576.jpg",640,360,true],"1536x1536":["https:\/\/impactocastex.com.ar\/wp-content\/uploads\/2025\/10\/f1280x720-247549_379224_5050.jpg",1280,720,false],"2048x2048":["https:\/\/impactocastex.com.ar\/wp-content\/uploads\/2025\/10\/f1280x720-247549_379224_5050.jpg",1280,720,false],"newsever-slider-full":["https:\/\/impactocastex.com.ar\/wp-content\/uploads\/2025\/10\/f1280x720-247549_379224_5050.jpg",1280,720,false],"newsever-featured":["https:\/\/impactocastex.com.ar\/wp-content\/uploads\/2025\/10\/f1280x720-247549_379224_5050-1024x576.jpg",1024,576,true],"newsever-medium":["https:\/\/impactocastex.com.ar\/wp-content\/uploads\/2025\/10\/f1280x720-247549_379224_5050-720x475.jpg",720,475,true]},"author_info":{"info":["impactocastex"]},"category_info":"<a href=\"https:\/\/impactocastex.com.ar\/?cat=85\" rel=\"category\">POLICIALES<\/a>","tag_info":"POLICIALES","comment_count":0,"jetpack_featured_media_url":"https:\/\/impactocastex.com.ar\/wp-content\/uploads\/2025\/10\/f1280x720-247549_379224_5050.jpg","jetpack_sharing_enabled":true,"jetpack_likes_enabled":true,"jetpack_shortlink":"https:\/\/wp.me\/p7sopA-yZ","_links":{"self":[{"href":"https:\/\/impactocastex.com.ar\/index.php?rest_route=\/wp\/v2\/posts\/2169","targetHints":{"allow":["GET"]}}],"collection":[{"href":"https:\/\/impactocastex.com.ar\/index.php?rest_route=\/wp\/v2\/posts"}],"about":[{"href":"https:\/\/impactocastex.com.ar\/index.php?rest_route=\/wp\/v2\/types\/post"}],"author":[{"embeddable":true,"href":"https:\/\/impactocastex.com.ar\/index.php?rest_route=\/wp\/v2\/users\/2"}],"replies":[{"embeddable":true,"href":"https:\/\/impactocastex.com.ar\/index.php?rest_route=%2Fwp%2Fv2%2Fcomments&post=2169"}],"version-history":[{"count":1,"href":"https:\/\/impactocastex.com.ar\/index.php?rest_route=\/wp\/v2\/posts\/2169\/revisions"}],"predecessor-version":[{"id":2171,"href":"https:\/\/impactocastex.com.ar\/index.php?rest_route=\/wp\/v2\/posts\/2169\/revisions\/2171"}],"wp:featuredmedia":[{"embeddable":true,"href":"https:\/\/impactocastex.com.ar\/index.php?rest_route=\/wp\/v2\/media\/2170"}],"wp:attachment":[{"href":"https:\/\/impactocastex.com.ar\/index.php?rest_route=%2Fwp%2Fv2%2Fmedia&parent=2169"}],"wp:term":[{"taxonomy":"category","embeddable":true,"href":"https:\/\/impactocastex.com.ar\/index.php?rest_route=%2Fwp%2Fv2%2Fcategories&post=2169"},{"taxonomy":"post_tag","embeddable":true,"href":"https:\/\/impactocastex.com.ar\/index.php?rest_route=%2Fwp%2Fv2%2Ftags&post=2169"}],"curies":[{"name":"wp","href":"https:\/\/api.w.org\/{rel}","templated":true}]}}