{"id":2163,"date":"2025-10-20T10:29:22","date_gmt":"2025-10-20T13:29:22","guid":{"rendered":"https:\/\/impactocastex.com.ar\/?p=2163"},"modified":"2025-10-20T10:29:23","modified_gmt":"2025-10-20T13:29:23","slug":"en-la-provincia-es-alta-la-demanda-de-atencion-en-consultorios-privados-de-psicologos","status":"publish","type":"post","link":"https:\/\/impactocastex.com.ar\/?p=2163","title":{"rendered":"En la provincia es alta la demanda de atenci\u00f3n en consultorios privados de psic\u00f3logos"},"content":{"rendered":"\n<p><strong>Andr\u00e9s Oyarce, presidente del Colegio de Psic\u00f3logas y Psic\u00f3logos de La Pampa, reconoci\u00f3 que el contexto de crisis social y econ\u00f3mica deriv\u00f3 en un nivel de demanda de atenci\u00f3n de los profesionales de la salud mental. \u201cNuestros colegas reciben muchas solicitudes de turnos, tanto sea con obras social o prepagas o de manera particular\u201d, dijo a Diario Textual y admiti\u00f3 que, pese a la situaci\u00f3n econ\u00f3mica, la gente hace el esfuerzo tambi\u00e9n para, en el caso de no tener obra social o prepaga, pagar la consulta de manera particular.<\/strong><\/p>\n\n\n\n<p>Ante este contexto, el titular del colegio profesional record\u00f3 que existe un sistema solidario de atenci\u00f3n psicol\u00f3gica que estipula que cada profesional puede aplicar una bonificaci\u00f3n del 50% por sobre los honorarios que cobra, si encuentra alguna persona que no puede llegar a abonar el total de la consulta. \u201cEso est\u00e1 previsto y lo resuelve el profesional que recibe y eval\u00faa a cada paciente\u201d, sostuvo.<\/p>\n\n\n\n<p>Oyarce habl\u00f3 de las dificultades con una o dos obras sociales que no cumplen con los pagos en tiempo. \u201cEntendemos que, en el caso de las obras sociales, ante los despidos que est\u00e1n ocurriendo en el sector privado las debilita porque esos despedidos dejan de aportar. Entonces hay menos empleados y empleadas en blanco que hagan aportes a esas obras sociales sindicales\u201d, aclar\u00f3.<\/p>\n\n\n\n<p>Tambi\u00e9n se refiri\u00f3 a lo que ocurre con la atenci\u00f3n a personas con discapacidad. \u201cExiste un congelamiento por parte del Gobierno nacional de los honorarios que se pagan y eso gener\u00f3 un reclamo, tanto de las asociaciones profesionales como de los familiares de las personas y que estuvo relacionado a la ley de emergencia en discapacidad, sancionada en el Congreso, con veto presidencial y rechazo a ese veto pero que sigue sin actualizar las partidas de los honorarios de profesionales que atienden a las personas con discapacidad\u201d, dijo.<\/p>\n\n\n\n<p>Finalmente, Oyarce destac\u00f3 que, a nivel local, el Gobierno de La Pampa se hizo cargo de la cobertura de algunos programas nacionales que se fueron desfinanciando desde el Gobierno nacional, como el programa de residencias interdisciplinarias en salud mental y la construcci\u00f3n y apertura de la Casa Joven, en Santa Rosa. \u201cSe hace cada vez m\u00e1s dif\u00edcil y adecuar la respuesta a la demanda de atenci\u00f3n, ante los recortes presupuestarios de los programas nacionales\u201d, expres\u00f3 el presidente del Colegio de Psic\u00f3logas y Psic\u00f3logos de La Pampa.<\/p>\n\n\n\n<p>En esta l\u00ednea, esta semana, la Asociaci\u00f3n Civil por la Igualdad y la Justicia (ACIJ) inform\u00f3 que en el proyecto de presupuesto nacional para 2026, el gobierno de Javier Milei apunta a desfinanciar la actividad de \u201cApoyo y Promoci\u00f3n de la Salud Mental\u201d del Programa 42 de Prevenci\u00f3n y Tratamiento de Patolog\u00edas Espec\u00edficas. \u201cEs la \u00fanica l\u00ednea del Ministerio de Salud de la Naci\u00f3n destinada a implementar la Ley 26.657 de Salud Mental como corresponde y a impulsar abordajes desde una perspectiva comunitaria\u201d, explic\u00f3 la ACIJ.<\/p>\n\n\n\n<p>\u201cLa actividad en materia de salud mental -a\u00f1adi\u00f3- contar\u00eda con apenas 48 millones de pesos, lo que implica una reducci\u00f3n del 91,53% respecto de los recursos vigentes para el a\u00f1o en curso, de los cuales, hasta la fecha, solo se ejecut\u00f3 un 30,75%\u201d.<\/p>\n\n\n\n<p>Desde ACIJ se detall\u00f3 que la actividad \u201cApoyo y Promoci\u00f3n de la Salud Mental\u201d incluye acciones fundamentales como la capacitaci\u00f3n y cooperaci\u00f3n t\u00e9cnica con equipos de salud y autoridades locales. Adem\u00e1s, contempla el fortalecimiento de la red de dispositivos intermedios, como son las casas de medio camino, viviendas asistidas, centros de d\u00eda, entre otros modelos que funcionan.<\/p>\n","protected":false},"excerpt":{"rendered":"<p>Andr\u00e9s Oyarce, presidente del Colegio de Psic\u00f3logas y Psic\u00f3logos de La Pampa, reconoci\u00f3 que el&#8230;<\/p>\n","protected":false},"author":2,"featured_media":2164,"comment_status":"closed","ping_status":"closed","sticky":false,"template":"","format":"standard","meta":{"_jetpack_memberships_contains_paid_content":false,"footnotes":"","jetpack_publicize_message":"En la provincia es alta la demanda de atenci\u00f3n en consultorios privados de psic\u00f3logos","jetpack_publicize_feature_enabled":true,"jetpack_social_post_already_shared":false,"jetpack_social_options":{"image_generator_settings":{"template":"highway","default_image_id":0,"font":"","enabled":false},"version":2}},"categories":[86],"tags":[],"class_list":["post-2163","post","type-post","status-publish","format-standard","has-post-thumbnail","hentry","category-sociedad"],"yoast_head":"<!-- This site is optimized with the Yoast SEO plugin v27.4 - https:\/\/yoast.com\/product\/yoast-seo-wordpress\/ -->\n<title>En la provincia es alta la demanda de atenci\u00f3n en consultorios privados de psic\u00f3logos -<\/title>\n<meta name=\"robots\" content=\"index, follow, max-snippet:-1, max-image-preview:large, max-video-preview:-1\" \/>\n<link rel=\"canonical\" href=\"https:\/\/impactocastex.com.ar\/?p=2163\" \/>\n<meta property=\"og:locale\" content=\"es_ES\" \/>\n<meta property=\"og:type\" content=\"article\" \/>\n<meta property=\"og:title\" content=\"En la provincia es alta la demanda de atenci\u00f3n en consultorios privados de psic\u00f3logos -\" \/>\n<meta property=\"og:description\" content=\"Andr\u00e9s Oyarce, presidente del Colegio de Psic\u00f3logas y Psic\u00f3logos de La Pampa, reconoci\u00f3 que el...\" \/>\n<meta property=\"og:url\" content=\"https:\/\/impactocastex.com.ar\/?p=2163\" \/>\n<meta property=\"article:publisher\" content=\"https:\/\/www.facebook.com\/impactocastexdiario\" \/>\n<meta property=\"article:published_time\" content=\"2025-10-20T13:29:22+00:00\" \/>\n<meta property=\"article:modified_time\" content=\"2025-10-20T13:29:23+00:00\" \/>\n<meta property=\"og:image\" content=\"https:\/\/impactocastex.com.ar\/wp-content\/uploads\/2025\/10\/saludmental2024-111111.jpg\" \/>\n\t<meta property=\"og:image:width\" content=\"703\" \/>\n\t<meta property=\"og:image:height\" content=\"389\" \/>\n\t<meta property=\"og:image:type\" content=\"image\/jpeg\" \/>\n<meta name=\"author\" content=\"impactocastex\" \/>\n<meta name=\"twitter:card\" content=\"summary_large_image\" \/>\n<meta name=\"twitter:label1\" content=\"Escrito por\" \/>\n\t<meta name=\"twitter:data1\" content=\"impactocastex\" \/>\n\t<meta name=\"twitter:label2\" content=\"Tiempo de lectura\" \/>\n\t<meta name=\"twitter:data2\" content=\"3 minutos\" \/>\n<script type=\"application\/ld+json\" class=\"yoast-schema-graph\">{\"@context\":\"https:\\\/\\\/schema.org\",\"@graph\":[{\"@type\":\"Article\",\"@id\":\"https:\\\/\\\/impactocastex.com.ar\\\/?p=2163#article\",\"isPartOf\":{\"@id\":\"https:\\\/\\\/impactocastex.com.ar\\\/?p=2163\"},\"author\":{\"name\":\"impactocastex\",\"@id\":\"https:\\\/\\\/impactocastex.com.ar\\\/#\\\/schema\\\/person\\\/c115028fb60f9bf49ce7550894b84ea7\"},\"headline\":\"En la provincia es alta la demanda de atenci\u00f3n en consultorios privados de psic\u00f3logos\",\"datePublished\":\"2025-10-20T13:29:22+00:00\",\"dateModified\":\"2025-10-20T13:29:23+00:00\",\"mainEntityOfPage\":{\"@id\":\"https:\\\/\\\/impactocastex.com.ar\\\/?p=2163\"},\"wordCount\":626,\"publisher\":{\"@id\":\"https:\\\/\\\/impactocastex.com.ar\\\/#organization\"},\"image\":{\"@id\":\"https:\\\/\\\/impactocastex.com.ar\\\/?p=2163#primaryimage\"},\"thumbnailUrl\":\"https:\\\/\\\/impactocastex.com.ar\\\/wp-content\\\/uploads\\\/2025\\\/10\\\/saludmental2024-111111.jpg\",\"articleSection\":[\"SOCIEDAD\"],\"inLanguage\":\"es\"},{\"@type\":\"WebPage\",\"@id\":\"https:\\\/\\\/impactocastex.com.ar\\\/?p=2163\",\"url\":\"https:\\\/\\\/impactocastex.com.ar\\\/?p=2163\",\"name\":\"En la provincia es alta la demanda de atenci\u00f3n en consultorios privados de psic\u00f3logos -\",\"isPartOf\":{\"@id\":\"https:\\\/\\\/impactocastex.com.ar\\\/#website\"},\"primaryImageOfPage\":{\"@id\":\"https:\\\/\\\/impactocastex.com.ar\\\/?p=2163#primaryimage\"},\"image\":{\"@id\":\"https:\\\/\\\/impactocastex.com.ar\\\/?p=2163#primaryimage\"},\"thumbnailUrl\":\"https:\\\/\\\/impactocastex.com.ar\\\/wp-content\\\/uploads\\\/2025\\\/10\\\/saludmental2024-111111.jpg\",\"datePublished\":\"2025-10-20T13:29:22+00:00\",\"dateModified\":\"2025-10-20T13:29:23+00:00\",\"breadcrumb\":{\"@id\":\"https:\\\/\\\/impactocastex.com.ar\\\/?p=2163#breadcrumb\"},\"inLanguage\":\"es\",\"potentialAction\":[{\"@type\":\"ReadAction\",\"target\":[\"https:\\\/\\\/impactocastex.com.ar\\\/?p=2163\"]}]},{\"@type\":\"ImageObject\",\"inLanguage\":\"es\",\"@id\":\"https:\\\/\\\/impactocastex.com.ar\\\/?p=2163#primaryimage\",\"url\":\"https:\\\/\\\/impactocastex.com.ar\\\/wp-content\\\/uploads\\\/2025\\\/10\\\/saludmental2024-111111.jpg\",\"contentUrl\":\"https:\\\/\\\/impactocastex.com.ar\\\/wp-content\\\/uploads\\\/2025\\\/10\\\/saludmental2024-111111.jpg\",\"width\":703,\"height\":389},{\"@type\":\"BreadcrumbList\",\"@id\":\"https:\\\/\\\/impactocastex.com.ar\\\/?p=2163#breadcrumb\",\"itemListElement\":[{\"@type\":\"ListItem\",\"position\":1,\"name\":\"Portada\",\"item\":\"https:\\\/\\\/impactocastex.com.ar\\\/\"},{\"@type\":\"ListItem\",\"position\":2,\"name\":\"En la provincia es alta la demanda de atenci\u00f3n en consultorios privados de psic\u00f3logos\"}]},{\"@type\":\"WebSite\",\"@id\":\"https:\\\/\\\/impactocastex.com.ar\\\/#website\",\"url\":\"https:\\\/\\\/impactocastex.com.ar\\\/\",\"name\":\"Impacto Castex\",\"description\":\"\",\"publisher\":{\"@id\":\"https:\\\/\\\/impactocastex.com.ar\\\/#organization\"},\"potentialAction\":[{\"@type\":\"SearchAction\",\"target\":{\"@type\":\"EntryPoint\",\"urlTemplate\":\"https:\\\/\\\/impactocastex.com.ar\\\/?s={search_term_string}\"},\"query-input\":{\"@type\":\"PropertyValueSpecification\",\"valueRequired\":true,\"valueName\":\"search_term_string\"}}],\"inLanguage\":\"es\"},{\"@type\":\"Organization\",\"@id\":\"https:\\\/\\\/impactocastex.com.ar\\\/#organization\",\"name\":\"Impacto Castex\",\"url\":\"https:\\\/\\\/impactocastex.com.ar\\\/\",\"logo\":{\"@type\":\"ImageObject\",\"inLanguage\":\"es\",\"@id\":\"https:\\\/\\\/impactocastex.com.ar\\\/#\\\/schema\\\/logo\\\/image\\\/\",\"url\":\"https:\\\/\\\/impactocastex.com.ar\\\/wp-content\\\/uploads\\\/2025\\\/09\\\/cropped-icoweb.png\",\"contentUrl\":\"https:\\\/\\\/impactocastex.com.ar\\\/wp-content\\\/uploads\\\/2025\\\/09\\\/cropped-icoweb.png\",\"width\":512,\"height\":512,\"caption\":\"Impacto Castex\"},\"image\":{\"@id\":\"https:\\\/\\\/impactocastex.com.ar\\\/#\\\/schema\\\/logo\\\/image\\\/\"},\"sameAs\":[\"https:\\\/\\\/www.facebook.com\\\/impactocastexdiario\",\"https:\\\/\\\/www.instagram.com\\\/impactocastex.com.ar\\\/\"]},{\"@type\":\"Person\",\"@id\":\"https:\\\/\\\/impactocastex.com.ar\\\/#\\\/schema\\\/person\\\/c115028fb60f9bf49ce7550894b84ea7\",\"name\":\"impactocastex\",\"image\":{\"@type\":\"ImageObject\",\"inLanguage\":\"es\",\"@id\":\"https:\\\/\\\/secure.gravatar.com\\\/avatar\\\/fee87e7af008f02e9becdc0b5a9fd4a2e79b3918a571edeacb62211704637833?s=96&d=mm&r=g\",\"url\":\"https:\\\/\\\/secure.gravatar.com\\\/avatar\\\/fee87e7af008f02e9becdc0b5a9fd4a2e79b3918a571edeacb62211704637833?s=96&d=mm&r=g\",\"contentUrl\":\"https:\\\/\\\/secure.gravatar.com\\\/avatar\\\/fee87e7af008f02e9becdc0b5a9fd4a2e79b3918a571edeacb62211704637833?s=96&d=mm&r=g\",\"caption\":\"impactocastex\"},\"sameAs\":[\"https:\\\/\\\/impactocastex.com.ar\\\/\"],\"url\":\"https:\\\/\\\/impactocastex.com.ar\\\/?author=2\"}]}<\/script>\n<!-- \/ Yoast SEO plugin. -->","yoast_head_json":{"title":"En la provincia es alta la demanda de atenci\u00f3n en consultorios privados de psic\u00f3logos -","robots":{"index":"index","follow":"follow","max-snippet":"max-snippet:-1","max-image-preview":"max-image-preview:large","max-video-preview":"max-video-preview:-1"},"canonical":"https:\/\/impactocastex.com.ar\/?p=2163","og_locale":"es_ES","og_type":"article","og_title":"En la provincia es alta la demanda de atenci\u00f3n en consultorios privados de psic\u00f3logos -","og_description":"Andr\u00e9s Oyarce, presidente del Colegio de Psic\u00f3logas y Psic\u00f3logos de La Pampa, reconoci\u00f3 que el...","og_url":"https:\/\/impactocastex.com.ar\/?p=2163","article_publisher":"https:\/\/www.facebook.com\/impactocastexdiario","article_published_time":"2025-10-20T13:29:22+00:00","article_modified_time":"2025-10-20T13:29:23+00:00","og_image":[{"width":703,"height":389,"url":"https:\/\/impactocastex.com.ar\/wp-content\/uploads\/2025\/10\/saludmental2024-111111.jpg","type":"image\/jpeg"}],"author":"impactocastex","twitter_card":"summary_large_image","twitter_misc":{"Escrito por":"impactocastex","Tiempo de lectura":"3 minutos"},"schema":{"@context":"https:\/\/schema.org","@graph":[{"@type":"Article","@id":"https:\/\/impactocastex.com.ar\/?p=2163#article","isPartOf":{"@id":"https:\/\/impactocastex.com.ar\/?p=2163"},"author":{"name":"impactocastex","@id":"https:\/\/impactocastex.com.ar\/#\/schema\/person\/c115028fb60f9bf49ce7550894b84ea7"},"headline":"En la provincia es alta la demanda de atenci\u00f3n en consultorios privados de psic\u00f3logos","datePublished":"2025-10-20T13:29:22+00:00","dateModified":"2025-10-20T13:29:23+00:00","mainEntityOfPage":{"@id":"https:\/\/impactocastex.com.ar\/?p=2163"},"wordCount":626,"publisher":{"@id":"https:\/\/impactocastex.com.ar\/#organization"},"image":{"@id":"https:\/\/impactocastex.com.ar\/?p=2163#primaryimage"},"thumbnailUrl":"https:\/\/impactocastex.com.ar\/wp-content\/uploads\/2025\/10\/saludmental2024-111111.jpg","articleSection":["SOCIEDAD"],"inLanguage":"es"},{"@type":"WebPage","@id":"https:\/\/impactocastex.com.ar\/?p=2163","url":"https:\/\/impactocastex.com.ar\/?p=2163","name":"En la provincia es alta la demanda de atenci\u00f3n en consultorios privados de psic\u00f3logos -","isPartOf":{"@id":"https:\/\/impactocastex.com.ar\/#website"},"primaryImageOfPage":{"@id":"https:\/\/impactocastex.com.ar\/?p=2163#primaryimage"},"image":{"@id":"https:\/\/impactocastex.com.ar\/?p=2163#primaryimage"},"thumbnailUrl":"https:\/\/impactocastex.com.ar\/wp-content\/uploads\/2025\/10\/saludmental2024-111111.jpg","datePublished":"2025-10-20T13:29:22+00:00","dateModified":"2025-10-20T13:29:23+00:00","breadcrumb":{"@id":"https:\/\/impactocastex.com.ar\/?p=2163#breadcrumb"},"inLanguage":"es","potentialAction":[{"@type":"ReadAction","target":["https:\/\/impactocastex.com.ar\/?p=2163"]}]},{"@type":"ImageObject","inLanguage":"es","@id":"https:\/\/impactocastex.com.ar\/?p=2163#primaryimage","url":"https:\/\/impactocastex.com.ar\/wp-content\/uploads\/2025\/10\/saludmental2024-111111.jpg","contentUrl":"https:\/\/impactocastex.com.ar\/wp-content\/uploads\/2025\/10\/saludmental2024-111111.jpg","width":703,"height":389},{"@type":"BreadcrumbList","@id":"https:\/\/impactocastex.com.ar\/?p=2163#breadcrumb","itemListElement":[{"@type":"ListItem","position":1,"name":"Portada","item":"https:\/\/impactocastex.com.ar\/"},{"@type":"ListItem","position":2,"name":"En la provincia es alta la demanda de atenci\u00f3n en consultorios privados de psic\u00f3logos"}]},{"@type":"WebSite","@id":"https:\/\/impactocastex.com.ar\/#website","url":"https:\/\/impactocastex.com.ar\/","name":"Impacto Castex","description":"","publisher":{"@id":"https:\/\/impactocastex.com.ar\/#organization"},"potentialAction":[{"@type":"SearchAction","target":{"@type":"EntryPoint","urlTemplate":"https:\/\/impactocastex.com.ar\/?s={search_term_string}"},"query-input":{"@type":"PropertyValueSpecification","valueRequired":true,"valueName":"search_term_string"}}],"inLanguage":"es"},{"@type":"Organization","@id":"https:\/\/impactocastex.com.ar\/#organization","name":"Impacto Castex","url":"https:\/\/impactocastex.com.ar\/","logo":{"@type":"ImageObject","inLanguage":"es","@id":"https:\/\/impactocastex.com.ar\/#\/schema\/logo\/image\/","url":"https:\/\/impactocastex.com.ar\/wp-content\/uploads\/2025\/09\/cropped-icoweb.png","contentUrl":"https:\/\/impactocastex.com.ar\/wp-content\/uploads\/2025\/09\/cropped-icoweb.png","width":512,"height":512,"caption":"Impacto Castex"},"image":{"@id":"https:\/\/impactocastex.com.ar\/#\/schema\/logo\/image\/"},"sameAs":["https:\/\/www.facebook.com\/impactocastexdiario","https:\/\/www.instagram.com\/impactocastex.com.ar\/"]},{"@type":"Person","@id":"https:\/\/impactocastex.com.ar\/#\/schema\/person\/c115028fb60f9bf49ce7550894b84ea7","name":"impactocastex","image":{"@type":"ImageObject","inLanguage":"es","@id":"https:\/\/secure.gravatar.com\/avatar\/fee87e7af008f02e9becdc0b5a9fd4a2e79b3918a571edeacb62211704637833?s=96&d=mm&r=g","url":"https:\/\/secure.gravatar.com\/avatar\/fee87e7af008f02e9becdc0b5a9fd4a2e79b3918a571edeacb62211704637833?s=96&d=mm&r=g","contentUrl":"https:\/\/secure.gravatar.com\/avatar\/fee87e7af008f02e9becdc0b5a9fd4a2e79b3918a571edeacb62211704637833?s=96&d=mm&r=g","caption":"impactocastex"},"sameAs":["https:\/\/impactocastex.com.ar\/"],"url":"https:\/\/impactocastex.com.ar\/?author=2"}]}},"jetpack_publicize_connections":[],"featured_image_urls":{"full":["https:\/\/impactocastex.com.ar\/wp-content\/uploads\/2025\/10\/saludmental2024-111111.jpg",703,389,false],"thumbnail":["https:\/\/impactocastex.com.ar\/wp-content\/uploads\/2025\/10\/saludmental2024-111111-150x150.jpg",150,150,true],"medium":["https:\/\/impactocastex.com.ar\/wp-content\/uploads\/2025\/10\/saludmental2024-111111-300x166.jpg",300,166,true],"medium_large":["https:\/\/impactocastex.com.ar\/wp-content\/uploads\/2025\/10\/saludmental2024-111111.jpg",640,354,false],"large":["https:\/\/impactocastex.com.ar\/wp-content\/uploads\/2025\/10\/saludmental2024-111111.jpg",640,354,false],"1536x1536":["https:\/\/impactocastex.com.ar\/wp-content\/uploads\/2025\/10\/saludmental2024-111111.jpg",703,389,false],"2048x2048":["https:\/\/impactocastex.com.ar\/wp-content\/uploads\/2025\/10\/saludmental2024-111111.jpg",703,389,false],"newsever-slider-full":["https:\/\/impactocastex.com.ar\/wp-content\/uploads\/2025\/10\/saludmental2024-111111.jpg",703,389,false],"newsever-featured":["https:\/\/impactocastex.com.ar\/wp-content\/uploads\/2025\/10\/saludmental2024-111111.jpg",703,389,false],"newsever-medium":["https:\/\/impactocastex.com.ar\/wp-content\/uploads\/2025\/10\/saludmental2024-111111.jpg",703,389,false]},"author_info":{"info":["impactocastex"]},"category_info":"<a href=\"https:\/\/impactocastex.com.ar\/?cat=86\" rel=\"category\">SOCIEDAD<\/a>","tag_info":"SOCIEDAD","comment_count":0,"jetpack_featured_media_url":"https:\/\/impactocastex.com.ar\/wp-content\/uploads\/2025\/10\/saludmental2024-111111.jpg","jetpack_sharing_enabled":true,"jetpack_likes_enabled":true,"jetpack_shortlink":"https:\/\/wp.me\/p7sopA-yT","_links":{"self":[{"href":"https:\/\/impactocastex.com.ar\/index.php?rest_route=\/wp\/v2\/posts\/2163","targetHints":{"allow":["GET"]}}],"collection":[{"href":"https:\/\/impactocastex.com.ar\/index.php?rest_route=\/wp\/v2\/posts"}],"about":[{"href":"https:\/\/impactocastex.com.ar\/index.php?rest_route=\/wp\/v2\/types\/post"}],"author":[{"embeddable":true,"href":"https:\/\/impactocastex.com.ar\/index.php?rest_route=\/wp\/v2\/users\/2"}],"replies":[{"embeddable":true,"href":"https:\/\/impactocastex.com.ar\/index.php?rest_route=%2Fwp%2Fv2%2Fcomments&post=2163"}],"version-history":[{"count":1,"href":"https:\/\/impactocastex.com.ar\/index.php?rest_route=\/wp\/v2\/posts\/2163\/revisions"}],"predecessor-version":[{"id":2165,"href":"https:\/\/impactocastex.com.ar\/index.php?rest_route=\/wp\/v2\/posts\/2163\/revisions\/2165"}],"wp:featuredmedia":[{"embeddable":true,"href":"https:\/\/impactocastex.com.ar\/index.php?rest_route=\/wp\/v2\/media\/2164"}],"wp:attachment":[{"href":"https:\/\/impactocastex.com.ar\/index.php?rest_route=%2Fwp%2Fv2%2Fmedia&parent=2163"}],"wp:term":[{"taxonomy":"category","embeddable":true,"href":"https:\/\/impactocastex.com.ar\/index.php?rest_route=%2Fwp%2Fv2%2Fcategories&post=2163"},{"taxonomy":"post_tag","embeddable":true,"href":"https:\/\/impactocastex.com.ar\/index.php?rest_route=%2Fwp%2Fv2%2Ftags&post=2163"}],"curies":[{"name":"wp","href":"https:\/\/api.w.org\/{rel}","templated":true}]}}