{"id":2157,"date":"2025-10-20T10:24:46","date_gmt":"2025-10-20T13:24:46","guid":{"rendered":"https:\/\/impactocastex.com.ar\/?p=2157"},"modified":"2025-10-20T10:24:47","modified_gmt":"2025-10-20T13:24:47","slug":"las-ventas-del-dia-de-de-la-madre-en-santa-rosa-cayeron-un-10","status":"publish","type":"post","link":"https:\/\/impactocastex.com.ar\/?p=2157","title":{"rendered":"Las ventas del D\u00eda de de la Madre en Santa Rosa cayeron un 10%"},"content":{"rendered":"\n<p>Las ventas del&nbsp;<strong>D\u00eda de la Madre<\/strong>&nbsp;en Santa Rosa&nbsp;<strong>cayeron un 10%<\/strong>&nbsp;respecto al a\u00f1o anterior, seg\u00fan dijo a Diario Textual el vicepresidente de la C\u00e1mara de Comercio,&nbsp;<strong>Mario Mart\u00ednez.<\/strong><\/p>\n\n\n\n<figure class=\"wp-block-embed is-type-wp-embed is-provider-diario-textual wp-block-embed-diario-textual\"><div class=\"wp-block-embed__wrapper\">\n<blockquote class=\"wp-embedded-content\" data-secret=\"VDBx05ol9y\"><a href=\"https:\/\/diariotextual.com\/inicio\/index.php\/2025\/10\/19\/dia-de-la-madre-en-crisis-los-argentinos-compraron-menos-y-a-menor-precio\/\">D\u00eda de la Madre en crisis: los argentinos compraron menos y a menor precio<\/a><\/blockquote><iframe loading=\"lazy\" class=\"wp-embedded-content\" sandbox=\"allow-scripts\" security=\"restricted\" style=\"position: absolute; visibility: hidden;\" title=\"\u00abD\u00eda de la Madre en crisis: los argentinos compraron menos y a menor precio\u00bb \u2014 Diario Textual\" src=\"https:\/\/diariotextual.com\/inicio\/index.php\/2025\/10\/19\/dia-de-la-madre-en-crisis-los-argentinos-compraron-menos-y-a-menor-precio\/embed\/#?secret=iWyqwy3CSV#?secret=VDBx05ol9y\" data-secret=\"VDBx05ol9y\" width=\"600\" height=\"338\" frameborder=\"0\" marginwidth=\"0\" marginheight=\"0\" scrolling=\"no\"><\/iframe>\n<\/div><\/figure>\n\n\n\n<p><strong>\u201cLa gente compr\u00f3 cosas m\u00e1s peque\u00f1as. El \u2018no hay plata\u2019 se not\u00f3 y se vio que cada vez m\u00e1s se ajusta el bolsillo\u201d<\/strong>, dijo el dirigente.<\/p>\n\n\n\n<p>Seg\u00fan explic\u00f3, se est\u00e1 produciendo \u201cmucha distorsi\u00f3n\u201d entre rubros.&nbsp;<strong>\u201cAlgunos caen mucho y otros menos. Electrodom\u00e9sticos y gastronom\u00eda, por ejemplo, caen. Ropa y calzado las ca\u00eddas fueron menores al 10%, pero se vendieron prendas m\u00e1s econ\u00f3micas\u201d<\/strong>, indic\u00f3.<\/p>\n\n\n\n<p>Mart\u00ednez dijo que la&nbsp;<strong>promoci\u00f3n del Banco de La Pampa<\/strong>&nbsp;de cuatro cuotas sin inter\u00e9s con reintegro fue&nbsp;<strong>\u201cindispensable\u201d<\/strong>&nbsp;para vender algo.<\/p>\n\n\n\n<p>Lo que ocurri\u00f3 en Santa Rosa con el retroceso de las ventas para esta fecha est\u00e1 en sinton\u00eda con lo que sucedi\u00f3 a nivel nacional, donde seg\u00fan la Confederaci\u00f3n Argentina de la Mediana Empresa (CAME) las ventas en los comercios minoristas pymes tuvieron una ca\u00edda del 3,5% frente al mismo per\u00edodo del a\u00f1o anterior.<\/p>\n\n\n\n<p>diariotextual<\/p>\n","protected":false},"excerpt":{"rendered":"<p>Las ventas del&nbsp;D\u00eda de la Madre&nbsp;en Santa Rosa&nbsp;cayeron un 10%&nbsp;respecto al a\u00f1o anterior, seg\u00fan dijo&#8230;<\/p>\n","protected":false},"author":2,"featured_media":2158,"comment_status":"closed","ping_status":"closed","sticky":false,"template":"","format":"standard","meta":{"_jetpack_memberships_contains_paid_content":false,"footnotes":"","jetpack_publicize_message":"Las ventas del D\u00eda de de la Madre en Santa Rosa cayeron un 10%","jetpack_publicize_feature_enabled":true,"jetpack_social_post_already_shared":false,"jetpack_social_options":{"image_generator_settings":{"template":"highway","default_image_id":0,"font":"","enabled":false},"version":2}},"categories":[83],"tags":[],"class_list":["post-2157","post","type-post","status-publish","format-standard","has-post-thumbnail","hentry","category-la-pampa"],"yoast_head":"<!-- This site is optimized with the Yoast SEO plugin v27.4 - https:\/\/yoast.com\/product\/yoast-seo-wordpress\/ -->\n<title>Las ventas del D\u00eda de de la Madre en Santa Rosa cayeron un 10% -<\/title>\n<meta name=\"robots\" content=\"index, follow, max-snippet:-1, max-image-preview:large, max-video-preview:-1\" \/>\n<link rel=\"canonical\" href=\"https:\/\/impactocastex.com.ar\/?p=2157\" \/>\n<meta property=\"og:locale\" content=\"es_ES\" \/>\n<meta property=\"og:type\" content=\"article\" \/>\n<meta property=\"og:title\" content=\"Las ventas del D\u00eda de de la Madre en Santa Rosa cayeron un 10% -\" \/>\n<meta property=\"og:description\" content=\"Las ventas del&nbsp;D\u00eda de la Madre&nbsp;en Santa Rosa&nbsp;cayeron un 10%&nbsp;respecto al a\u00f1o anterior, seg\u00fan dijo...\" \/>\n<meta property=\"og:url\" content=\"https:\/\/impactocastex.com.ar\/?p=2157\" \/>\n<meta property=\"article:publisher\" content=\"https:\/\/www.facebook.com\/impactocastexdiario\" \/>\n<meta property=\"article:published_time\" content=\"2025-10-20T13:24:46+00:00\" \/>\n<meta property=\"article:modified_time\" content=\"2025-10-20T13:24:47+00:00\" \/>\n<meta property=\"og:image\" content=\"https:\/\/impactocastex.com.ar\/wp-content\/uploads\/2025\/10\/ventastiendaspymes2025-1.webp\" \/>\n\t<meta property=\"og:image:width\" content=\"1024\" \/>\n\t<meta property=\"og:image:height\" content=\"683\" \/>\n\t<meta property=\"og:image:type\" content=\"image\/webp\" \/>\n<meta name=\"author\" content=\"impactocastex\" \/>\n<meta name=\"twitter:card\" content=\"summary_large_image\" \/>\n<meta name=\"twitter:label1\" content=\"Escrito por\" \/>\n\t<meta name=\"twitter:data1\" content=\"impactocastex\" \/>\n\t<meta name=\"twitter:label2\" content=\"Tiempo de lectura\" \/>\n\t<meta name=\"twitter:data2\" content=\"1 minuto\" \/>\n<script type=\"application\/ld+json\" class=\"yoast-schema-graph\">{\"@context\":\"https:\\\/\\\/schema.org\",\"@graph\":[{\"@type\":\"Article\",\"@id\":\"https:\\\/\\\/impactocastex.com.ar\\\/?p=2157#article\",\"isPartOf\":{\"@id\":\"https:\\\/\\\/impactocastex.com.ar\\\/?p=2157\"},\"author\":{\"name\":\"impactocastex\",\"@id\":\"https:\\\/\\\/impactocastex.com.ar\\\/#\\\/schema\\\/person\\\/c115028fb60f9bf49ce7550894b84ea7\"},\"headline\":\"Las ventas del D\u00eda de de la Madre en Santa Rosa cayeron un 10%\",\"datePublished\":\"2025-10-20T13:24:46+00:00\",\"dateModified\":\"2025-10-20T13:24:47+00:00\",\"mainEntityOfPage\":{\"@id\":\"https:\\\/\\\/impactocastex.com.ar\\\/?p=2157\"},\"wordCount\":223,\"publisher\":{\"@id\":\"https:\\\/\\\/impactocastex.com.ar\\\/#organization\"},\"image\":{\"@id\":\"https:\\\/\\\/impactocastex.com.ar\\\/?p=2157#primaryimage\"},\"thumbnailUrl\":\"https:\\\/\\\/impactocastex.com.ar\\\/wp-content\\\/uploads\\\/2025\\\/10\\\/ventastiendaspymes2025-1.webp\",\"articleSection\":[\"LA PAMPA\"],\"inLanguage\":\"es\"},{\"@type\":\"WebPage\",\"@id\":\"https:\\\/\\\/impactocastex.com.ar\\\/?p=2157\",\"url\":\"https:\\\/\\\/impactocastex.com.ar\\\/?p=2157\",\"name\":\"Las ventas del D\u00eda de de la Madre en Santa Rosa cayeron un 10% -\",\"isPartOf\":{\"@id\":\"https:\\\/\\\/impactocastex.com.ar\\\/#website\"},\"primaryImageOfPage\":{\"@id\":\"https:\\\/\\\/impactocastex.com.ar\\\/?p=2157#primaryimage\"},\"image\":{\"@id\":\"https:\\\/\\\/impactocastex.com.ar\\\/?p=2157#primaryimage\"},\"thumbnailUrl\":\"https:\\\/\\\/impactocastex.com.ar\\\/wp-content\\\/uploads\\\/2025\\\/10\\\/ventastiendaspymes2025-1.webp\",\"datePublished\":\"2025-10-20T13:24:46+00:00\",\"dateModified\":\"2025-10-20T13:24:47+00:00\",\"breadcrumb\":{\"@id\":\"https:\\\/\\\/impactocastex.com.ar\\\/?p=2157#breadcrumb\"},\"inLanguage\":\"es\",\"potentialAction\":[{\"@type\":\"ReadAction\",\"target\":[\"https:\\\/\\\/impactocastex.com.ar\\\/?p=2157\"]}]},{\"@type\":\"ImageObject\",\"inLanguage\":\"es\",\"@id\":\"https:\\\/\\\/impactocastex.com.ar\\\/?p=2157#primaryimage\",\"url\":\"https:\\\/\\\/impactocastex.com.ar\\\/wp-content\\\/uploads\\\/2025\\\/10\\\/ventastiendaspymes2025-1.webp\",\"contentUrl\":\"https:\\\/\\\/impactocastex.com.ar\\\/wp-content\\\/uploads\\\/2025\\\/10\\\/ventastiendaspymes2025-1.webp\",\"width\":1024,\"height\":683},{\"@type\":\"BreadcrumbList\",\"@id\":\"https:\\\/\\\/impactocastex.com.ar\\\/?p=2157#breadcrumb\",\"itemListElement\":[{\"@type\":\"ListItem\",\"position\":1,\"name\":\"Portada\",\"item\":\"https:\\\/\\\/impactocastex.com.ar\\\/\"},{\"@type\":\"ListItem\",\"position\":2,\"name\":\"Las ventas del D\u00eda de de la Madre en Santa Rosa cayeron un 10%\"}]},{\"@type\":\"WebSite\",\"@id\":\"https:\\\/\\\/impactocastex.com.ar\\\/#website\",\"url\":\"https:\\\/\\\/impactocastex.com.ar\\\/\",\"name\":\"Impacto Castex\",\"description\":\"\",\"publisher\":{\"@id\":\"https:\\\/\\\/impactocastex.com.ar\\\/#organization\"},\"potentialAction\":[{\"@type\":\"SearchAction\",\"target\":{\"@type\":\"EntryPoint\",\"urlTemplate\":\"https:\\\/\\\/impactocastex.com.ar\\\/?s={search_term_string}\"},\"query-input\":{\"@type\":\"PropertyValueSpecification\",\"valueRequired\":true,\"valueName\":\"search_term_string\"}}],\"inLanguage\":\"es\"},{\"@type\":\"Organization\",\"@id\":\"https:\\\/\\\/impactocastex.com.ar\\\/#organization\",\"name\":\"Impacto Castex\",\"url\":\"https:\\\/\\\/impactocastex.com.ar\\\/\",\"logo\":{\"@type\":\"ImageObject\",\"inLanguage\":\"es\",\"@id\":\"https:\\\/\\\/impactocastex.com.ar\\\/#\\\/schema\\\/logo\\\/image\\\/\",\"url\":\"https:\\\/\\\/impactocastex.com.ar\\\/wp-content\\\/uploads\\\/2025\\\/09\\\/cropped-icoweb.png\",\"contentUrl\":\"https:\\\/\\\/impactocastex.com.ar\\\/wp-content\\\/uploads\\\/2025\\\/09\\\/cropped-icoweb.png\",\"width\":512,\"height\":512,\"caption\":\"Impacto Castex\"},\"image\":{\"@id\":\"https:\\\/\\\/impactocastex.com.ar\\\/#\\\/schema\\\/logo\\\/image\\\/\"},\"sameAs\":[\"https:\\\/\\\/www.facebook.com\\\/impactocastexdiario\",\"https:\\\/\\\/www.instagram.com\\\/impactocastex.com.ar\\\/\"]},{\"@type\":\"Person\",\"@id\":\"https:\\\/\\\/impactocastex.com.ar\\\/#\\\/schema\\\/person\\\/c115028fb60f9bf49ce7550894b84ea7\",\"name\":\"impactocastex\",\"image\":{\"@type\":\"ImageObject\",\"inLanguage\":\"es\",\"@id\":\"https:\\\/\\\/secure.gravatar.com\\\/avatar\\\/fee87e7af008f02e9becdc0b5a9fd4a2e79b3918a571edeacb62211704637833?s=96&d=mm&r=g\",\"url\":\"https:\\\/\\\/secure.gravatar.com\\\/avatar\\\/fee87e7af008f02e9becdc0b5a9fd4a2e79b3918a571edeacb62211704637833?s=96&d=mm&r=g\",\"contentUrl\":\"https:\\\/\\\/secure.gravatar.com\\\/avatar\\\/fee87e7af008f02e9becdc0b5a9fd4a2e79b3918a571edeacb62211704637833?s=96&d=mm&r=g\",\"caption\":\"impactocastex\"},\"sameAs\":[\"https:\\\/\\\/impactocastex.com.ar\\\/\"],\"url\":\"https:\\\/\\\/impactocastex.com.ar\\\/?author=2\"}]}<\/script>\n<!-- \/ Yoast SEO plugin. -->","yoast_head_json":{"title":"Las ventas del D\u00eda de de la Madre en Santa Rosa cayeron un 10% -","robots":{"index":"index","follow":"follow","max-snippet":"max-snippet:-1","max-image-preview":"max-image-preview:large","max-video-preview":"max-video-preview:-1"},"canonical":"https:\/\/impactocastex.com.ar\/?p=2157","og_locale":"es_ES","og_type":"article","og_title":"Las ventas del D\u00eda de de la Madre en Santa Rosa cayeron un 10% -","og_description":"Las ventas del&nbsp;D\u00eda de la Madre&nbsp;en Santa Rosa&nbsp;cayeron un 10%&nbsp;respecto al a\u00f1o anterior, seg\u00fan dijo...","og_url":"https:\/\/impactocastex.com.ar\/?p=2157","article_publisher":"https:\/\/www.facebook.com\/impactocastexdiario","article_published_time":"2025-10-20T13:24:46+00:00","article_modified_time":"2025-10-20T13:24:47+00:00","og_image":[{"width":1024,"height":683,"url":"https:\/\/impactocastex.com.ar\/wp-content\/uploads\/2025\/10\/ventastiendaspymes2025-1.webp","type":"image\/webp"}],"author":"impactocastex","twitter_card":"summary_large_image","twitter_misc":{"Escrito por":"impactocastex","Tiempo de lectura":"1 minuto"},"schema":{"@context":"https:\/\/schema.org","@graph":[{"@type":"Article","@id":"https:\/\/impactocastex.com.ar\/?p=2157#article","isPartOf":{"@id":"https:\/\/impactocastex.com.ar\/?p=2157"},"author":{"name":"impactocastex","@id":"https:\/\/impactocastex.com.ar\/#\/schema\/person\/c115028fb60f9bf49ce7550894b84ea7"},"headline":"Las ventas del D\u00eda de de la Madre en Santa Rosa cayeron un 10%","datePublished":"2025-10-20T13:24:46+00:00","dateModified":"2025-10-20T13:24:47+00:00","mainEntityOfPage":{"@id":"https:\/\/impactocastex.com.ar\/?p=2157"},"wordCount":223,"publisher":{"@id":"https:\/\/impactocastex.com.ar\/#organization"},"image":{"@id":"https:\/\/impactocastex.com.ar\/?p=2157#primaryimage"},"thumbnailUrl":"https:\/\/impactocastex.com.ar\/wp-content\/uploads\/2025\/10\/ventastiendaspymes2025-1.webp","articleSection":["LA PAMPA"],"inLanguage":"es"},{"@type":"WebPage","@id":"https:\/\/impactocastex.com.ar\/?p=2157","url":"https:\/\/impactocastex.com.ar\/?p=2157","name":"Las ventas del D\u00eda de de la Madre en Santa Rosa cayeron un 10% -","isPartOf":{"@id":"https:\/\/impactocastex.com.ar\/#website"},"primaryImageOfPage":{"@id":"https:\/\/impactocastex.com.ar\/?p=2157#primaryimage"},"image":{"@id":"https:\/\/impactocastex.com.ar\/?p=2157#primaryimage"},"thumbnailUrl":"https:\/\/impactocastex.com.ar\/wp-content\/uploads\/2025\/10\/ventastiendaspymes2025-1.webp","datePublished":"2025-10-20T13:24:46+00:00","dateModified":"2025-10-20T13:24:47+00:00","breadcrumb":{"@id":"https:\/\/impactocastex.com.ar\/?p=2157#breadcrumb"},"inLanguage":"es","potentialAction":[{"@type":"ReadAction","target":["https:\/\/impactocastex.com.ar\/?p=2157"]}]},{"@type":"ImageObject","inLanguage":"es","@id":"https:\/\/impactocastex.com.ar\/?p=2157#primaryimage","url":"https:\/\/impactocastex.com.ar\/wp-content\/uploads\/2025\/10\/ventastiendaspymes2025-1.webp","contentUrl":"https:\/\/impactocastex.com.ar\/wp-content\/uploads\/2025\/10\/ventastiendaspymes2025-1.webp","width":1024,"height":683},{"@type":"BreadcrumbList","@id":"https:\/\/impactocastex.com.ar\/?p=2157#breadcrumb","itemListElement":[{"@type":"ListItem","position":1,"name":"Portada","item":"https:\/\/impactocastex.com.ar\/"},{"@type":"ListItem","position":2,"name":"Las ventas del D\u00eda de de la Madre en Santa Rosa cayeron un 10%"}]},{"@type":"WebSite","@id":"https:\/\/impactocastex.com.ar\/#website","url":"https:\/\/impactocastex.com.ar\/","name":"Impacto Castex","description":"","publisher":{"@id":"https:\/\/impactocastex.com.ar\/#organization"},"potentialAction":[{"@type":"SearchAction","target":{"@type":"EntryPoint","urlTemplate":"https:\/\/impactocastex.com.ar\/?s={search_term_string}"},"query-input":{"@type":"PropertyValueSpecification","valueRequired":true,"valueName":"search_term_string"}}],"inLanguage":"es"},{"@type":"Organization","@id":"https:\/\/impactocastex.com.ar\/#organization","name":"Impacto Castex","url":"https:\/\/impactocastex.com.ar\/","logo":{"@type":"ImageObject","inLanguage":"es","@id":"https:\/\/impactocastex.com.ar\/#\/schema\/logo\/image\/","url":"https:\/\/impactocastex.com.ar\/wp-content\/uploads\/2025\/09\/cropped-icoweb.png","contentUrl":"https:\/\/impactocastex.com.ar\/wp-content\/uploads\/2025\/09\/cropped-icoweb.png","width":512,"height":512,"caption":"Impacto Castex"},"image":{"@id":"https:\/\/impactocastex.com.ar\/#\/schema\/logo\/image\/"},"sameAs":["https:\/\/www.facebook.com\/impactocastexdiario","https:\/\/www.instagram.com\/impactocastex.com.ar\/"]},{"@type":"Person","@id":"https:\/\/impactocastex.com.ar\/#\/schema\/person\/c115028fb60f9bf49ce7550894b84ea7","name":"impactocastex","image":{"@type":"ImageObject","inLanguage":"es","@id":"https:\/\/secure.gravatar.com\/avatar\/fee87e7af008f02e9becdc0b5a9fd4a2e79b3918a571edeacb62211704637833?s=96&d=mm&r=g","url":"https:\/\/secure.gravatar.com\/avatar\/fee87e7af008f02e9becdc0b5a9fd4a2e79b3918a571edeacb62211704637833?s=96&d=mm&r=g","contentUrl":"https:\/\/secure.gravatar.com\/avatar\/fee87e7af008f02e9becdc0b5a9fd4a2e79b3918a571edeacb62211704637833?s=96&d=mm&r=g","caption":"impactocastex"},"sameAs":["https:\/\/impactocastex.com.ar\/"],"url":"https:\/\/impactocastex.com.ar\/?author=2"}]}},"jetpack_publicize_connections":[],"featured_image_urls":{"full":["https:\/\/impactocastex.com.ar\/wp-content\/uploads\/2025\/10\/ventastiendaspymes2025-1.webp",1024,683,false],"thumbnail":["https:\/\/impactocastex.com.ar\/wp-content\/uploads\/2025\/10\/ventastiendaspymes2025-1-150x150.webp",150,150,true],"medium":["https:\/\/impactocastex.com.ar\/wp-content\/uploads\/2025\/10\/ventastiendaspymes2025-1-300x200.webp",300,200,true],"medium_large":["https:\/\/impactocastex.com.ar\/wp-content\/uploads\/2025\/10\/ventastiendaspymes2025-1-768x512.webp",640,427,true],"large":["https:\/\/impactocastex.com.ar\/wp-content\/uploads\/2025\/10\/ventastiendaspymes2025-1.webp",640,427,false],"1536x1536":["https:\/\/impactocastex.com.ar\/wp-content\/uploads\/2025\/10\/ventastiendaspymes2025-1.webp",1024,683,false],"2048x2048":["https:\/\/impactocastex.com.ar\/wp-content\/uploads\/2025\/10\/ventastiendaspymes2025-1.webp",1024,683,false],"newsever-slider-full":["https:\/\/impactocastex.com.ar\/wp-content\/uploads\/2025\/10\/ventastiendaspymes2025-1.webp",1024,683,false],"newsever-featured":["https:\/\/impactocastex.com.ar\/wp-content\/uploads\/2025\/10\/ventastiendaspymes2025-1.webp",1024,683,false],"newsever-medium":["https:\/\/impactocastex.com.ar\/wp-content\/uploads\/2025\/10\/ventastiendaspymes2025-1-720x475.webp",720,475,true]},"author_info":{"info":["impactocastex"]},"category_info":"<a href=\"https:\/\/impactocastex.com.ar\/?cat=83\" rel=\"category\">LA PAMPA<\/a>","tag_info":"LA PAMPA","comment_count":0,"jetpack_featured_media_url":"https:\/\/impactocastex.com.ar\/wp-content\/uploads\/2025\/10\/ventastiendaspymes2025-1.webp","jetpack_sharing_enabled":true,"jetpack_likes_enabled":true,"jetpack_shortlink":"https:\/\/wp.me\/p7sopA-yN","_links":{"self":[{"href":"https:\/\/impactocastex.com.ar\/index.php?rest_route=\/wp\/v2\/posts\/2157","targetHints":{"allow":["GET"]}}],"collection":[{"href":"https:\/\/impactocastex.com.ar\/index.php?rest_route=\/wp\/v2\/posts"}],"about":[{"href":"https:\/\/impactocastex.com.ar\/index.php?rest_route=\/wp\/v2\/types\/post"}],"author":[{"embeddable":true,"href":"https:\/\/impactocastex.com.ar\/index.php?rest_route=\/wp\/v2\/users\/2"}],"replies":[{"embeddable":true,"href":"https:\/\/impactocastex.com.ar\/index.php?rest_route=%2Fwp%2Fv2%2Fcomments&post=2157"}],"version-history":[{"count":1,"href":"https:\/\/impactocastex.com.ar\/index.php?rest_route=\/wp\/v2\/posts\/2157\/revisions"}],"predecessor-version":[{"id":2159,"href":"https:\/\/impactocastex.com.ar\/index.php?rest_route=\/wp\/v2\/posts\/2157\/revisions\/2159"}],"wp:featuredmedia":[{"embeddable":true,"href":"https:\/\/impactocastex.com.ar\/index.php?rest_route=\/wp\/v2\/media\/2158"}],"wp:attachment":[{"href":"https:\/\/impactocastex.com.ar\/index.php?rest_route=%2Fwp%2Fv2%2Fmedia&parent=2157"}],"wp:term":[{"taxonomy":"category","embeddable":true,"href":"https:\/\/impactocastex.com.ar\/index.php?rest_route=%2Fwp%2Fv2%2Fcategories&post=2157"},{"taxonomy":"post_tag","embeddable":true,"href":"https:\/\/impactocastex.com.ar\/index.php?rest_route=%2Fwp%2Fv2%2Ftags&post=2157"}],"curies":[{"name":"wp","href":"https:\/\/api.w.org\/{rel}","templated":true}]}}