{"id":2153,"date":"2025-10-20T10:19:26","date_gmt":"2025-10-20T13:19:26","guid":{"rendered":"https:\/\/impactocastex.com.ar\/?p=2153"},"modified":"2025-10-20T10:19:27","modified_gmt":"2025-10-20T13:19:27","slug":"todos-somos-peronistas-recta-final-para-la-campana-en-la-pampa","status":"publish","type":"post","link":"https:\/\/impactocastex.com.ar\/?p=2153","title":{"rendered":"\u201cTodos somos peronistas\u201d: recta final para la campa\u00f1a en La Pampa"},"content":{"rendered":"\n<h2 class=\"wp-block-heading\"><\/h2>\n\n\n\n<p>Por Norberto G. Asquini<br>Estamos en la\u00a0<strong>recta final\u00a0<\/strong>de la campa\u00f1a hacia las elecciones legislativas que, por sus caracter\u00edsticas \u2013el plebiscito nacional hacia el gobierno libertario de Javier Milei\u2013, tienen una relevancia muy distinta a otras votaciones intermedias en Argentina. A menos de una semana de votar,\u00a0<strong>en La Pampa el escenario muestra a un peronismo confiado en un resultado favorable con el empuje del antimileismo creciente en la sociedad; a La Libertad Avanza buscando a toda costa descontarle al oficialismo; y a un frente radical que intenta desde atr\u00e1s lograr el milagro de romper la polarizaci\u00f3n.<\/strong><\/p>\n\n\n\n<figure class=\"wp-block-image size-large\"><img loading=\"lazy\" decoding=\"async\" width=\"1024\" height=\"686\" src=\"https:\/\/impactocastex.com.ar\/wp-content\/uploads\/2025\/10\/image-76-1024x686.png\" alt=\"\" class=\"wp-image-2154\" srcset=\"https:\/\/impactocastex.com.ar\/wp-content\/uploads\/2025\/10\/image-76-1024x686.png 1024w, https:\/\/impactocastex.com.ar\/wp-content\/uploads\/2025\/10\/image-76-300x201.png 300w, https:\/\/impactocastex.com.ar\/wp-content\/uploads\/2025\/10\/image-76-768x515.png 768w, https:\/\/impactocastex.com.ar\/wp-content\/uploads\/2025\/10\/image-76.png 1440w\" sizes=\"auto, (max-width: 1024px) 100vw, 1024px\" \/><\/figure>\n\n\n\n<p><br><strong>Las encuestas de cada mesa chica muestran tendencias similares.&nbsp;<\/strong>Por eso&nbsp;<strong>el candidato libertario en La Pampa, Adri\u00e1n Ravier, trata de encontrar la f\u00f3rmula para retener el voto que lo hizo presidente a Milei<\/strong>. Su discurso est\u00e1 encaminado a reforzar el n\u00facleo duro, desde p<strong>icanteadas ret\u00f3ricas como tratar de \u201csovi\u00e9tico\u201d al gobierno del PJ<\/strong>&nbsp;(la \u201cmagia\u201d del discurso disruptivo se qued\u00f3 sin p\u00f3lvora y<strong>&nbsp;hasta el mismo Milei en sus apariciones se parece al t\u00edo borracho de la boda<\/strong>) y una&nbsp;<strong>exaltaci\u00f3n del \u201cmilagro\u201d econ\u00f3mico que hace agua<\/strong>:&nbsp;<strong>hablar de recuperaci\u00f3n cuando la recesi\u00f3n es un hecho o de inversiones cuando el d\u00f3lar se quiere disparar.<\/strong>&nbsp;Este lunes estar\u00e1 el ministro<strong>&nbsp;Federico Sturzenege<\/strong>r para cerrar la campa\u00f1a de LLA, otra&nbsp;<strong>se\u00f1al al voto duro que no mueve el amper\u00edmetro<\/strong>. Igualmente,&nbsp;<strong>los libertarios tienen ese voto espont\u00e1neo o silvestre, antiperonista y hater, que no se mide pero existe.<\/strong><\/p>\n\n\n\n<p>Entre esos<strong>&nbsp;manotazos&nbsp;<\/strong>para buscar votos para la lista violeta esta semana tir\u00f3 una frase que hel\u00f3 la sangre de los mileistas de paladar negro:&nbsp;<strong>dijo que \u201chay rumores que dicen que Di N\u00e1poli y Verna nos apoyar\u00edan\u201d. El intendente de Santa Rosa, tal vez obligado, lo cruz\u00f3 feo.<\/strong><\/p>\n\n\n\n<p><br><strong>Esa desesperaci\u00f3n deja otro mensaje: que el peronismo sigue siendo central y est\u00e1 fuerte en La Pampa a pesar de todo.&nbsp;<\/strong>Como la frase de<strong>&nbsp;Juan Domingo Per\u00f3n&nbsp;<\/strong>que circula como chiste pero que lo dijo en serio, parece que&nbsp;<strong>\u201cperonistas somos todos\u201d.<\/strong>&nbsp;<strong>Para Ravier se necesita el voto peronista aunque se odie todo lo que huela a estatismo y populismo.&nbsp;<\/strong>Hasta dijo que el candidato radical<strong>&nbsp;Federico Guidugli&nbsp;<\/strong>y parte de la UCR son peronistas porque no quisieron aliarse a \u00e9l. Los libertarios de primera hora hasta los tratan de kirchneristas. Para mensurar sus palabras, hasta el secretario de Agricultura de la Naci\u00f3n,<strong>&nbsp;Sergio Iraeta<\/strong>, que vino a hacer campa\u00f1a por \u00e9<strong>l, termin\u00f3 admitiendo la potencia del peronismo que \u201ctiene que ver con la gesti\u00f3n p\u00fablica para beneficio de los ciudadanos\u201d.<\/strong><\/p>\n\n\n\n<p><br><strong>El peronismo, por su parte, parece confiado (\u00bftal vez demasiado?) en los n\u00fameros de las encuestas<\/strong>&nbsp;y en una sociedad cada vez m\u00e1s harta del circo libertario que enflaquece sus bolsillos. En los \u00faltimos d\u00edas pareci\u00f3 frenar un poco el \u00edmpetu y hasta en General Pico, si bien la intendente Fernanda Alonso se muestra en campa\u00f1a, la estructura parece trabajar a media m\u00e1quina. Santa Rosa es otra cosa y el acto del 17 de octubre lo dej\u00f3 en claro. E<strong>l gobernador Sergio Ziliotto es la cara de esta campa\u00f1a y la defensa de su gesti\u00f3n el punto fuerte.&nbsp;<\/strong>Aunque haya matices, se han sumado todos los sectores a militar (salvo algunos pocos que prefieren la plancha).<strong>&nbsp;Las palabras del candidato Abelardo Ferr\u00e1n, de que \u201cZiliotto es mi l\u00edder\u201d, marcan qui\u00e9n ser\u00e1 el que capitalice (o no) el resultado.<\/strong><\/p>\n\n\n\n<p><br><strong>Del lado del frente radical tenemos, como dijimos, la necesidad del milagro. Guidugli quiere meterse entre las dos opciones que pelean la elecci\u00f3n para salvar a la UCR. Hay algo que emparenta a peronistas y radicales: ambos tienen como principal adversario en esta elecci\u00f3n a Milei.&nbsp;<\/strong>En los \u00faltimos d\u00edas los intendentes radicales, que fueron los que impulsaron la lista ante el caos que se asomaba, pusieron la cara para militar el voto propio. Se vio a varios jefes comunales, uno de ellos el achense Abel Sabarots o el victoriquense Hugo Kenny, aparecer junto a los candidatos.<\/p>\n\n\n\n<p><br>En menos de una semana se vota. La pregunta no es solamente qui\u00e9n gana, sino qui\u00e9n queda de pie para el d\u00eda despu\u00e9s.<\/p>\n\n\n\n<p>diariotextual.<\/p>\n","protected":false},"excerpt":{"rendered":"<p>Por Norberto G. AsquiniEstamos en la\u00a0recta final\u00a0de la campa\u00f1a hacia las elecciones legislativas que, por&#8230;<\/p>\n","protected":false},"author":2,"featured_media":2155,"comment_status":"closed","ping_status":"closed","sticky":false,"template":"","format":"standard","meta":{"_jetpack_memberships_contains_paid_content":false,"footnotes":"","jetpack_publicize_message":"\u201cTodos somos peronistas\u201d: recta final para la campa\u00f1a en La Pampa","jetpack_publicize_feature_enabled":true,"jetpack_social_post_already_shared":false,"jetpack_social_options":{"image_generator_settings":{"template":"highway","default_image_id":0,"font":"","enabled":false},"version":2}},"categories":[83,85],"tags":[],"class_list":["post-2153","post","type-post","status-publish","format-standard","has-post-thumbnail","hentry","category-la-pampa","category-policiales"],"yoast_head":"<!-- This site is optimized with the Yoast SEO plugin v27.4 - https:\/\/yoast.com\/product\/yoast-seo-wordpress\/ -->\n<title>\u201cTodos somos peronistas\u201d: recta final para la campa\u00f1a en La Pampa -<\/title>\n<meta name=\"robots\" content=\"index, follow, max-snippet:-1, max-image-preview:large, max-video-preview:-1\" \/>\n<link rel=\"canonical\" href=\"https:\/\/impactocastex.com.ar\/?p=2153\" \/>\n<meta property=\"og:locale\" content=\"es_ES\" \/>\n<meta property=\"og:type\" content=\"article\" \/>\n<meta property=\"og:title\" content=\"\u201cTodos somos peronistas\u201d: recta final para la campa\u00f1a en La Pampa -\" \/>\n<meta property=\"og:description\" content=\"Por Norberto G. AsquiniEstamos en la\u00a0recta final\u00a0de la campa\u00f1a hacia las elecciones legislativas que, por...\" \/>\n<meta property=\"og:url\" content=\"https:\/\/impactocastex.com.ar\/?p=2153\" \/>\n<meta property=\"article:publisher\" content=\"https:\/\/www.facebook.com\/impactocastexdiario\" \/>\n<meta property=\"article:published_time\" content=\"2025-10-20T13:19:26+00:00\" \/>\n<meta property=\"article:modified_time\" content=\"2025-10-20T13:19:27+00:00\" \/>\n<meta property=\"og:image\" content=\"https:\/\/impactocastex.com.ar\/wp-content\/uploads\/2025\/10\/bupcandidatoslegislativaslapampa2025-10.jpg\" \/>\n\t<meta property=\"og:image:width\" content=\"1440\" \/>\n\t<meta property=\"og:image:height\" content=\"965\" \/>\n\t<meta property=\"og:image:type\" content=\"image\/jpeg\" \/>\n<meta name=\"author\" content=\"impactocastex\" \/>\n<meta name=\"twitter:card\" content=\"summary_large_image\" \/>\n<meta name=\"twitter:label1\" content=\"Escrito por\" \/>\n\t<meta name=\"twitter:data1\" content=\"impactocastex\" \/>\n\t<meta name=\"twitter:label2\" content=\"Tiempo de lectura\" \/>\n\t<meta name=\"twitter:data2\" content=\"4 minutos\" \/>\n<script type=\"application\/ld+json\" class=\"yoast-schema-graph\">{\"@context\":\"https:\\\/\\\/schema.org\",\"@graph\":[{\"@type\":\"Article\",\"@id\":\"https:\\\/\\\/impactocastex.com.ar\\\/?p=2153#article\",\"isPartOf\":{\"@id\":\"https:\\\/\\\/impactocastex.com.ar\\\/?p=2153\"},\"author\":{\"name\":\"impactocastex\",\"@id\":\"https:\\\/\\\/impactocastex.com.ar\\\/#\\\/schema\\\/person\\\/c115028fb60f9bf49ce7550894b84ea7\"},\"headline\":\"\u201cTodos somos peronistas\u201d: recta final para la campa\u00f1a en La Pampa\",\"datePublished\":\"2025-10-20T13:19:26+00:00\",\"dateModified\":\"2025-10-20T13:19:27+00:00\",\"mainEntityOfPage\":{\"@id\":\"https:\\\/\\\/impactocastex.com.ar\\\/?p=2153\"},\"wordCount\":766,\"publisher\":{\"@id\":\"https:\\\/\\\/impactocastex.com.ar\\\/#organization\"},\"image\":{\"@id\":\"https:\\\/\\\/impactocastex.com.ar\\\/?p=2153#primaryimage\"},\"thumbnailUrl\":\"https:\\\/\\\/impactocastex.com.ar\\\/wp-content\\\/uploads\\\/2025\\\/10\\\/bupcandidatoslegislativaslapampa2025-10.jpg\",\"articleSection\":[\"LA PAMPA\",\"POLICIALES\"],\"inLanguage\":\"es\"},{\"@type\":\"WebPage\",\"@id\":\"https:\\\/\\\/impactocastex.com.ar\\\/?p=2153\",\"url\":\"https:\\\/\\\/impactocastex.com.ar\\\/?p=2153\",\"name\":\"\u201cTodos somos peronistas\u201d: recta final para la campa\u00f1a en La Pampa -\",\"isPartOf\":{\"@id\":\"https:\\\/\\\/impactocastex.com.ar\\\/#website\"},\"primaryImageOfPage\":{\"@id\":\"https:\\\/\\\/impactocastex.com.ar\\\/?p=2153#primaryimage\"},\"image\":{\"@id\":\"https:\\\/\\\/impactocastex.com.ar\\\/?p=2153#primaryimage\"},\"thumbnailUrl\":\"https:\\\/\\\/impactocastex.com.ar\\\/wp-content\\\/uploads\\\/2025\\\/10\\\/bupcandidatoslegislativaslapampa2025-10.jpg\",\"datePublished\":\"2025-10-20T13:19:26+00:00\",\"dateModified\":\"2025-10-20T13:19:27+00:00\",\"breadcrumb\":{\"@id\":\"https:\\\/\\\/impactocastex.com.ar\\\/?p=2153#breadcrumb\"},\"inLanguage\":\"es\",\"potentialAction\":[{\"@type\":\"ReadAction\",\"target\":[\"https:\\\/\\\/impactocastex.com.ar\\\/?p=2153\"]}]},{\"@type\":\"ImageObject\",\"inLanguage\":\"es\",\"@id\":\"https:\\\/\\\/impactocastex.com.ar\\\/?p=2153#primaryimage\",\"url\":\"https:\\\/\\\/impactocastex.com.ar\\\/wp-content\\\/uploads\\\/2025\\\/10\\\/bupcandidatoslegislativaslapampa2025-10.jpg\",\"contentUrl\":\"https:\\\/\\\/impactocastex.com.ar\\\/wp-content\\\/uploads\\\/2025\\\/10\\\/bupcandidatoslegislativaslapampa2025-10.jpg\",\"width\":1440,\"height\":965},{\"@type\":\"BreadcrumbList\",\"@id\":\"https:\\\/\\\/impactocastex.com.ar\\\/?p=2153#breadcrumb\",\"itemListElement\":[{\"@type\":\"ListItem\",\"position\":1,\"name\":\"Portada\",\"item\":\"https:\\\/\\\/impactocastex.com.ar\\\/\"},{\"@type\":\"ListItem\",\"position\":2,\"name\":\"\u201cTodos somos peronistas\u201d: recta final para la campa\u00f1a en La Pampa\"}]},{\"@type\":\"WebSite\",\"@id\":\"https:\\\/\\\/impactocastex.com.ar\\\/#website\",\"url\":\"https:\\\/\\\/impactocastex.com.ar\\\/\",\"name\":\"Impacto Castex\",\"description\":\"\",\"publisher\":{\"@id\":\"https:\\\/\\\/impactocastex.com.ar\\\/#organization\"},\"potentialAction\":[{\"@type\":\"SearchAction\",\"target\":{\"@type\":\"EntryPoint\",\"urlTemplate\":\"https:\\\/\\\/impactocastex.com.ar\\\/?s={search_term_string}\"},\"query-input\":{\"@type\":\"PropertyValueSpecification\",\"valueRequired\":true,\"valueName\":\"search_term_string\"}}],\"inLanguage\":\"es\"},{\"@type\":\"Organization\",\"@id\":\"https:\\\/\\\/impactocastex.com.ar\\\/#organization\",\"name\":\"Impacto Castex\",\"url\":\"https:\\\/\\\/impactocastex.com.ar\\\/\",\"logo\":{\"@type\":\"ImageObject\",\"inLanguage\":\"es\",\"@id\":\"https:\\\/\\\/impactocastex.com.ar\\\/#\\\/schema\\\/logo\\\/image\\\/\",\"url\":\"https:\\\/\\\/impactocastex.com.ar\\\/wp-content\\\/uploads\\\/2025\\\/09\\\/cropped-icoweb.png\",\"contentUrl\":\"https:\\\/\\\/impactocastex.com.ar\\\/wp-content\\\/uploads\\\/2025\\\/09\\\/cropped-icoweb.png\",\"width\":512,\"height\":512,\"caption\":\"Impacto Castex\"},\"image\":{\"@id\":\"https:\\\/\\\/impactocastex.com.ar\\\/#\\\/schema\\\/logo\\\/image\\\/\"},\"sameAs\":[\"https:\\\/\\\/www.facebook.com\\\/impactocastexdiario\",\"https:\\\/\\\/www.instagram.com\\\/impactocastex.com.ar\\\/\"]},{\"@type\":\"Person\",\"@id\":\"https:\\\/\\\/impactocastex.com.ar\\\/#\\\/schema\\\/person\\\/c115028fb60f9bf49ce7550894b84ea7\",\"name\":\"impactocastex\",\"image\":{\"@type\":\"ImageObject\",\"inLanguage\":\"es\",\"@id\":\"https:\\\/\\\/secure.gravatar.com\\\/avatar\\\/fee87e7af008f02e9becdc0b5a9fd4a2e79b3918a571edeacb62211704637833?s=96&d=mm&r=g\",\"url\":\"https:\\\/\\\/secure.gravatar.com\\\/avatar\\\/fee87e7af008f02e9becdc0b5a9fd4a2e79b3918a571edeacb62211704637833?s=96&d=mm&r=g\",\"contentUrl\":\"https:\\\/\\\/secure.gravatar.com\\\/avatar\\\/fee87e7af008f02e9becdc0b5a9fd4a2e79b3918a571edeacb62211704637833?s=96&d=mm&r=g\",\"caption\":\"impactocastex\"},\"sameAs\":[\"https:\\\/\\\/impactocastex.com.ar\\\/\"],\"url\":\"https:\\\/\\\/impactocastex.com.ar\\\/?author=2\"}]}<\/script>\n<!-- \/ Yoast SEO plugin. -->","yoast_head_json":{"title":"\u201cTodos somos peronistas\u201d: recta final para la campa\u00f1a en La Pampa -","robots":{"index":"index","follow":"follow","max-snippet":"max-snippet:-1","max-image-preview":"max-image-preview:large","max-video-preview":"max-video-preview:-1"},"canonical":"https:\/\/impactocastex.com.ar\/?p=2153","og_locale":"es_ES","og_type":"article","og_title":"\u201cTodos somos peronistas\u201d: recta final para la campa\u00f1a en La Pampa -","og_description":"Por Norberto G. AsquiniEstamos en la\u00a0recta final\u00a0de la campa\u00f1a hacia las elecciones legislativas que, por...","og_url":"https:\/\/impactocastex.com.ar\/?p=2153","article_publisher":"https:\/\/www.facebook.com\/impactocastexdiario","article_published_time":"2025-10-20T13:19:26+00:00","article_modified_time":"2025-10-20T13:19:27+00:00","og_image":[{"width":1440,"height":965,"url":"https:\/\/impactocastex.com.ar\/wp-content\/uploads\/2025\/10\/bupcandidatoslegislativaslapampa2025-10.jpg","type":"image\/jpeg"}],"author":"impactocastex","twitter_card":"summary_large_image","twitter_misc":{"Escrito por":"impactocastex","Tiempo de lectura":"4 minutos"},"schema":{"@context":"https:\/\/schema.org","@graph":[{"@type":"Article","@id":"https:\/\/impactocastex.com.ar\/?p=2153#article","isPartOf":{"@id":"https:\/\/impactocastex.com.ar\/?p=2153"},"author":{"name":"impactocastex","@id":"https:\/\/impactocastex.com.ar\/#\/schema\/person\/c115028fb60f9bf49ce7550894b84ea7"},"headline":"\u201cTodos somos peronistas\u201d: recta final para la campa\u00f1a en La Pampa","datePublished":"2025-10-20T13:19:26+00:00","dateModified":"2025-10-20T13:19:27+00:00","mainEntityOfPage":{"@id":"https:\/\/impactocastex.com.ar\/?p=2153"},"wordCount":766,"publisher":{"@id":"https:\/\/impactocastex.com.ar\/#organization"},"image":{"@id":"https:\/\/impactocastex.com.ar\/?p=2153#primaryimage"},"thumbnailUrl":"https:\/\/impactocastex.com.ar\/wp-content\/uploads\/2025\/10\/bupcandidatoslegislativaslapampa2025-10.jpg","articleSection":["LA PAMPA","POLICIALES"],"inLanguage":"es"},{"@type":"WebPage","@id":"https:\/\/impactocastex.com.ar\/?p=2153","url":"https:\/\/impactocastex.com.ar\/?p=2153","name":"\u201cTodos somos peronistas\u201d: recta final para la campa\u00f1a en La Pampa -","isPartOf":{"@id":"https:\/\/impactocastex.com.ar\/#website"},"primaryImageOfPage":{"@id":"https:\/\/impactocastex.com.ar\/?p=2153#primaryimage"},"image":{"@id":"https:\/\/impactocastex.com.ar\/?p=2153#primaryimage"},"thumbnailUrl":"https:\/\/impactocastex.com.ar\/wp-content\/uploads\/2025\/10\/bupcandidatoslegislativaslapampa2025-10.jpg","datePublished":"2025-10-20T13:19:26+00:00","dateModified":"2025-10-20T13:19:27+00:00","breadcrumb":{"@id":"https:\/\/impactocastex.com.ar\/?p=2153#breadcrumb"},"inLanguage":"es","potentialAction":[{"@type":"ReadAction","target":["https:\/\/impactocastex.com.ar\/?p=2153"]}]},{"@type":"ImageObject","inLanguage":"es","@id":"https:\/\/impactocastex.com.ar\/?p=2153#primaryimage","url":"https:\/\/impactocastex.com.ar\/wp-content\/uploads\/2025\/10\/bupcandidatoslegislativaslapampa2025-10.jpg","contentUrl":"https:\/\/impactocastex.com.ar\/wp-content\/uploads\/2025\/10\/bupcandidatoslegislativaslapampa2025-10.jpg","width":1440,"height":965},{"@type":"BreadcrumbList","@id":"https:\/\/impactocastex.com.ar\/?p=2153#breadcrumb","itemListElement":[{"@type":"ListItem","position":1,"name":"Portada","item":"https:\/\/impactocastex.com.ar\/"},{"@type":"ListItem","position":2,"name":"\u201cTodos somos peronistas\u201d: recta final para la campa\u00f1a en La Pampa"}]},{"@type":"WebSite","@id":"https:\/\/impactocastex.com.ar\/#website","url":"https:\/\/impactocastex.com.ar\/","name":"Impacto Castex","description":"","publisher":{"@id":"https:\/\/impactocastex.com.ar\/#organization"},"potentialAction":[{"@type":"SearchAction","target":{"@type":"EntryPoint","urlTemplate":"https:\/\/impactocastex.com.ar\/?s={search_term_string}"},"query-input":{"@type":"PropertyValueSpecification","valueRequired":true,"valueName":"search_term_string"}}],"inLanguage":"es"},{"@type":"Organization","@id":"https:\/\/impactocastex.com.ar\/#organization","name":"Impacto Castex","url":"https:\/\/impactocastex.com.ar\/","logo":{"@type":"ImageObject","inLanguage":"es","@id":"https:\/\/impactocastex.com.ar\/#\/schema\/logo\/image\/","url":"https:\/\/impactocastex.com.ar\/wp-content\/uploads\/2025\/09\/cropped-icoweb.png","contentUrl":"https:\/\/impactocastex.com.ar\/wp-content\/uploads\/2025\/09\/cropped-icoweb.png","width":512,"height":512,"caption":"Impacto Castex"},"image":{"@id":"https:\/\/impactocastex.com.ar\/#\/schema\/logo\/image\/"},"sameAs":["https:\/\/www.facebook.com\/impactocastexdiario","https:\/\/www.instagram.com\/impactocastex.com.ar\/"]},{"@type":"Person","@id":"https:\/\/impactocastex.com.ar\/#\/schema\/person\/c115028fb60f9bf49ce7550894b84ea7","name":"impactocastex","image":{"@type":"ImageObject","inLanguage":"es","@id":"https:\/\/secure.gravatar.com\/avatar\/fee87e7af008f02e9becdc0b5a9fd4a2e79b3918a571edeacb62211704637833?s=96&d=mm&r=g","url":"https:\/\/secure.gravatar.com\/avatar\/fee87e7af008f02e9becdc0b5a9fd4a2e79b3918a571edeacb62211704637833?s=96&d=mm&r=g","contentUrl":"https:\/\/secure.gravatar.com\/avatar\/fee87e7af008f02e9becdc0b5a9fd4a2e79b3918a571edeacb62211704637833?s=96&d=mm&r=g","caption":"impactocastex"},"sameAs":["https:\/\/impactocastex.com.ar\/"],"url":"https:\/\/impactocastex.com.ar\/?author=2"}]}},"jetpack_publicize_connections":[],"featured_image_urls":{"full":["https:\/\/impactocastex.com.ar\/wp-content\/uploads\/2025\/10\/bupcandidatoslegislativaslapampa2025-10.jpg",1440,965,false],"thumbnail":["https:\/\/impactocastex.com.ar\/wp-content\/uploads\/2025\/10\/bupcandidatoslegislativaslapampa2025-10-150x150.jpg",150,150,true],"medium":["https:\/\/impactocastex.com.ar\/wp-content\/uploads\/2025\/10\/bupcandidatoslegislativaslapampa2025-10-300x201.jpg",300,201,true],"medium_large":["https:\/\/impactocastex.com.ar\/wp-content\/uploads\/2025\/10\/bupcandidatoslegislativaslapampa2025-10-768x515.jpg",640,429,true],"large":["https:\/\/impactocastex.com.ar\/wp-content\/uploads\/2025\/10\/bupcandidatoslegislativaslapampa2025-10-1024x686.jpg",640,429,true],"1536x1536":["https:\/\/impactocastex.com.ar\/wp-content\/uploads\/2025\/10\/bupcandidatoslegislativaslapampa2025-10.jpg",1440,965,false],"2048x2048":["https:\/\/impactocastex.com.ar\/wp-content\/uploads\/2025\/10\/bupcandidatoslegislativaslapampa2025-10.jpg",1440,965,false],"newsever-slider-full":["https:\/\/impactocastex.com.ar\/wp-content\/uploads\/2025\/10\/bupcandidatoslegislativaslapampa2025-10-1280x845.jpg",1280,845,true],"newsever-featured":["https:\/\/impactocastex.com.ar\/wp-content\/uploads\/2025\/10\/bupcandidatoslegislativaslapampa2025-10-1024x686.jpg",1024,686,true],"newsever-medium":["https:\/\/impactocastex.com.ar\/wp-content\/uploads\/2025\/10\/bupcandidatoslegislativaslapampa2025-10-720x475.jpg",720,475,true]},"author_info":{"info":["impactocastex"]},"category_info":"<a href=\"https:\/\/impactocastex.com.ar\/?cat=83\" rel=\"category\">LA PAMPA<\/a> <a href=\"https:\/\/impactocastex.com.ar\/?cat=85\" rel=\"category\">POLICIALES<\/a>","tag_info":"POLICIALES","comment_count":0,"jetpack_featured_media_url":"https:\/\/impactocastex.com.ar\/wp-content\/uploads\/2025\/10\/bupcandidatoslegislativaslapampa2025-10.jpg","jetpack_sharing_enabled":true,"jetpack_likes_enabled":true,"jetpack_shortlink":"https:\/\/wp.me\/p7sopA-yJ","_links":{"self":[{"href":"https:\/\/impactocastex.com.ar\/index.php?rest_route=\/wp\/v2\/posts\/2153","targetHints":{"allow":["GET"]}}],"collection":[{"href":"https:\/\/impactocastex.com.ar\/index.php?rest_route=\/wp\/v2\/posts"}],"about":[{"href":"https:\/\/impactocastex.com.ar\/index.php?rest_route=\/wp\/v2\/types\/post"}],"author":[{"embeddable":true,"href":"https:\/\/impactocastex.com.ar\/index.php?rest_route=\/wp\/v2\/users\/2"}],"replies":[{"embeddable":true,"href":"https:\/\/impactocastex.com.ar\/index.php?rest_route=%2Fwp%2Fv2%2Fcomments&post=2153"}],"version-history":[{"count":1,"href":"https:\/\/impactocastex.com.ar\/index.php?rest_route=\/wp\/v2\/posts\/2153\/revisions"}],"predecessor-version":[{"id":2156,"href":"https:\/\/impactocastex.com.ar\/index.php?rest_route=\/wp\/v2\/posts\/2153\/revisions\/2156"}],"wp:featuredmedia":[{"embeddable":true,"href":"https:\/\/impactocastex.com.ar\/index.php?rest_route=\/wp\/v2\/media\/2155"}],"wp:attachment":[{"href":"https:\/\/impactocastex.com.ar\/index.php?rest_route=%2Fwp%2Fv2%2Fmedia&parent=2153"}],"wp:term":[{"taxonomy":"category","embeddable":true,"href":"https:\/\/impactocastex.com.ar\/index.php?rest_route=%2Fwp%2Fv2%2Fcategories&post=2153"},{"taxonomy":"post_tag","embeddable":true,"href":"https:\/\/impactocastex.com.ar\/index.php?rest_route=%2Fwp%2Fv2%2Ftags&post=2153"}],"curies":[{"name":"wp","href":"https:\/\/api.w.org\/{rel}","templated":true}]}}